{"id":7412,"count":1,"description":"","link":"https:\/\/serbiantimes.info\/en\/tag\/mladjan-djordjevic\/","name":"Mla\u0111an \u0110or\u0111evi\u0107","slug":"mladjan-djordjevic","taxonomy":"post_tag","meta":[],"_links":{"self":[{"href":"https:\/\/serbiantimes.info\/en\/wp-json\/wp\/v2\/tags\/7412","targetHints":{"allow":["GET"]}}],"collection":[{"href":"https:\/\/serbiantimes.info\/en\/wp-json\/wp\/v2\/tags"}],"about":[{"href":"https:\/\/serbiantimes.info\/en\/wp-json\/wp\/v2\/taxonomies\/post_tag"}],"wp:post_type":[{"href":"https:\/\/serbiantimes.info\/en\/wp-json\/wp\/v2\/posts?tags=7412"},{"href":"https:\/\/serbiantimes.info\/en\/wp-json\/wp\/v2\/newspack_nl_cpt?tags=7412"}],"curies":[{"name":"wp","href":"https:\/\/api.w.org\/{rel}","templated":true}]}}