{"id":6193,"count":2,"description":"","link":"https:\/\/serbiantimes.info\/en\/tag\/princeza-danica-karadordevic\/","name":"princeza Danica Kara\u0111or\u0111evi\u0107","slug":"princeza-danica-karadordevic","taxonomy":"post_tag","meta":[],"_links":{"self":[{"href":"https:\/\/serbiantimes.info\/en\/wp-json\/wp\/v2\/tags\/6193","targetHints":{"allow":["GET"]}}],"collection":[{"href":"https:\/\/serbiantimes.info\/en\/wp-json\/wp\/v2\/tags"}],"about":[{"href":"https:\/\/serbiantimes.info\/en\/wp-json\/wp\/v2\/taxonomies\/post_tag"}],"wp:post_type":[{"href":"https:\/\/serbiantimes.info\/en\/wp-json\/wp\/v2\/posts?tags=6193"},{"href":"https:\/\/serbiantimes.info\/en\/wp-json\/wp\/v2\/newspack_nl_cpt?tags=6193"}],"curies":[{"name":"wp","href":"https:\/\/api.w.org\/{rel}","templated":true}]}}