{"id":5694,"count":1,"description":"","link":"https:\/\/serbiantimes.info\/en\/tag\/carna-musikic\/","name":"\u0107arna mu\u0161iki\u0107","slug":"carna-musikic","taxonomy":"post_tag","meta":[],"_links":{"self":[{"href":"https:\/\/serbiantimes.info\/en\/wp-json\/wp\/v2\/tags\/5694","targetHints":{"allow":["GET"]}}],"collection":[{"href":"https:\/\/serbiantimes.info\/en\/wp-json\/wp\/v2\/tags"}],"about":[{"href":"https:\/\/serbiantimes.info\/en\/wp-json\/wp\/v2\/taxonomies\/post_tag"}],"wp:post_type":[{"href":"https:\/\/serbiantimes.info\/en\/wp-json\/wp\/v2\/posts?tags=5694"},{"href":"https:\/\/serbiantimes.info\/en\/wp-json\/wp\/v2\/newspack_nl_cpt?tags=5694"}],"curies":[{"name":"wp","href":"https:\/\/api.w.org\/{rel}","templated":true}]}}