{"id":1475,"count":1,"description":"","link":"https:\/\/serbiantimes.info\/en\/tag\/osudjen-bosnjam-za-zlocine-nad-srbima\/","name":"osu\u0111en Bo\u0161njam za zlo\u010dine nad Srbima","slug":"osudjen-bosnjam-za-zlocine-nad-srbima","taxonomy":"post_tag","meta":[],"_links":{"self":[{"href":"https:\/\/serbiantimes.info\/en\/wp-json\/wp\/v2\/tags\/1475","targetHints":{"allow":["GET"]}}],"collection":[{"href":"https:\/\/serbiantimes.info\/en\/wp-json\/wp\/v2\/tags"}],"about":[{"href":"https:\/\/serbiantimes.info\/en\/wp-json\/wp\/v2\/taxonomies\/post_tag"}],"wp:post_type":[{"href":"https:\/\/serbiantimes.info\/en\/wp-json\/wp\/v2\/posts?tags=1475"},{"href":"https:\/\/serbiantimes.info\/en\/wp-json\/wp\/v2\/newspack_nl_cpt?tags=1475"}],"curies":[{"name":"wp","href":"https:\/\/api.w.org\/{rel}","templated":true}]}}