{"id":11367,"count":1,"description":"","link":"https:\/\/serbiantimes.info\/en\/tag\/milica-djurdjic\/","name":"Milica \u0110ur\u0111i\u0107","slug":"milica-djurdjic","taxonomy":"post_tag","meta":[],"_links":{"self":[{"href":"https:\/\/serbiantimes.info\/en\/wp-json\/wp\/v2\/tags\/11367","targetHints":{"allow":["GET"]}}],"collection":[{"href":"https:\/\/serbiantimes.info\/en\/wp-json\/wp\/v2\/tags"}],"about":[{"href":"https:\/\/serbiantimes.info\/en\/wp-json\/wp\/v2\/taxonomies\/post_tag"}],"wp:post_type":[{"href":"https:\/\/serbiantimes.info\/en\/wp-json\/wp\/v2\/posts?tags=11367"},{"href":"https:\/\/serbiantimes.info\/en\/wp-json\/wp\/v2\/newspack_nl_cpt?tags=11367"}],"curies":[{"name":"wp","href":"https:\/\/api.w.org\/{rel}","templated":true}]}}