{"id":217788,"date":"2026-09-06T09:42:13","date_gmt":"2026-09-06T07:42:13","guid":{"rendered":"https:\/\/serbiantimes.info\/en\/?p=217788"},"modified":"2026-09-06T09:42:14","modified_gmt":"2026-09-06T07:42:14","slug":"serbia-releases-suspected-terrorist-albanian-accused-of-war-crimes-in-kosovo-in-1999-arrested-and-then-released","status":"publish","type":"post","link":"https:\/\/serbiantimes.info\/en\/serbia-releases-suspected-terrorist-albanian-accused-of-war-crimes-in-kosovo-in-1999-arrested-and-then-released\/","title":{"rendered":"SERBIA RELEASES SUSPECTED TERRORIST! Albanian accused of war crimes in Kosovo in 1999 arrested and then released!"},"content":{"rendered":"\n<p class=\"wp-block-paragraph\"><strong><em>Duka\u0111in Ma\u0111uni (Dugagjin Maxhuni), who was arrested on August 12 at the Batrovci border crossing on suspicion of committing a war crime against the civilian population in Bec near \u0110akovica, has been released, his lawyer Arijanit Koci announced this morning. Ma\u0111uni had previously been placed in detention for up to 30 days.<\/em><\/strong><\/p>\n\n\n\n<p class=\"wp-block-paragraph\">\u201cDuka\u0111in Ma\u0111uni has been released,\u201d Koci announced on Facebook.<\/p>\n\n\n\n<p class=\"wp-block-paragraph\">According to him, Ma\u0111uni is now returning to his family.<\/p>\n\n\n\n<p class=\"wp-block-paragraph\">\u201cFrom that day on, I said that Duka\u0111in was not guilty and that the allegations against him did not stand. Today, he is free,\u201d Koci stated.<\/p>\n\n\n\n<p class=\"wp-block-paragraph\">In his morning post, the lawyer did not specify on the basis of which decision Ma\u0111uni was released, nor whether the proceedings against him had been terminated.<\/p>\n\n\n\n<p class=\"wp-block-paragraph\">Koci also said that other citizens from Kosovo whom he claims have been \u201cunjustly detained\u201d are currently in Serbia, adding that he will continue to work professionally toward securing their release.<\/p>\n\n\n\n<h2 class=\"wp-block-heading\">From being held for verification to detention on suspicion of war crimes<\/h2>\n\n\n\n<p class=\"wp-block-paragraph\">The case was first brought to public attention by Koci himself on August 13.<\/p>\n\n\n\n<p class=\"wp-block-paragraph\">At the time, he said that Ma\u0111uni, born on May 10, 1979, and originally from the village of Bec near \u0110akovica, had been detained the previous evening while crossing the border between Serbia and Croatia.<\/p>\n\n\n\n<p class=\"wp-block-paragraph\">According to his claims at the time, Ma\u0111uni was initially detained for verification, and several hours later his family was informed that he had been transferred to Belgrade and that \u201cthe proceedings against him were continuing.\u201d<\/p>\n\n\n\n<p class=\"wp-block-paragraph\">At that point, neither the reason nor the legal basis for his detention was known.<\/p>\n\n\n\n<p class=\"wp-block-paragraph\">The Serbian Ministry of Internal Affairs issued a statement the following day, August 14, confirming the arrest of D.M. (1979) at Batrovci on reasonable suspicion that he had committed a war crime against the civilian population.<\/p>\n\n\n\n<p class=\"wp-block-paragraph\">The information released by the Ministry at the time \u2014 initials, year of birth, place of arrest and the fact that the investigation concerned the village of Bec near \u0110akovica \u2014 matched the information Koci had previously provided about Duka\u0111in Ma\u0111uni.<\/p>\n\n\n\n<p class=\"wp-block-paragraph\">Serbian Interior Minister Ivica Da\u010di\u0107 said that the suspicion concerned events from June 1999 in Bec and \u201cmembers of two families.\u201d<\/p>\n\n\n\n<p class=\"wp-block-paragraph\">The Ministry of Internal Affairs did not provide further details about the incident of which D.M. is suspected, nor the identities of the alleged victims.<\/p>\n\n\n\n<p class=\"wp-block-paragraph\">Ma\u0111uni was initially placed in police custody for up to 48 hours, after which he was brought before the War Crimes Prosecutor\u2019s Office with a criminal complaint.<\/p>\n\n\n\n<p class=\"wp-block-paragraph\">A pre-trial judge of the Higher Court in Belgrade \u2014 War Crimes Chamber ordered his detention for up to 30 days.<\/p>\n\n\n\n<figure class=\"wp-block-embed is-type-wp-embed is-provider-serbiantimes-info wp-block-embed-serbiantimes-info\"><div class=\"wp-block-embed__wrapper\">\n<blockquote class=\"wp-embedded-content\" data-secret=\"uhWkaJFknk\"><a href=\"https:\/\/serbiantimes.info\/ostavljeni-na-milost-i-nemilost-albancima-zatvara-se-poslednji-srpski-kaficu-u-centru-severne-mitrovice-stigao-nalog-za-iseljenje\/\">OSTAVLJENI NA MILOST I NEMILOST ALBANCIMA! Zatvara se poslednji srpski kafi\u0107 u centru Severne Mitrovice, stigao nalog za iseljenje!<\/a><\/blockquote><iframe loading=\"lazy\" class=\"wp-embedded-content\" sandbox=\"allow-scripts\" security=\"restricted\" style=\"position: absolute; visibility: hidden;\" title=\"\u201eOSTAVLJENI NA MILOST I NEMILOST ALBANCIMA! Zatvara se poslednji srpski kafi\u0107 u centru Severne Mitrovice, stigao nalog za iseljenje!\u201c \u2014 Serbiantimes.info\" src=\"https:\/\/serbiantimes.info\/ostavljeni-na-milost-i-nemilost-albancima-zatvara-se-poslednji-srpski-kaficu-u-centru-severne-mitrovice-stigao-nalog-za-iseljenje\/embed\/#?secret=OZ8KlQMJbZ#?secret=uhWkaJFknk\" data-secret=\"uhWkaJFknk\" width=\"500\" height=\"282\" frameborder=\"0\" marginwidth=\"0\" marginheight=\"0\" scrolling=\"no\"><\/iframe>\n<\/div><\/figure>\n\n\n\n<h2 class=\"wp-block-heading\">Pristina sent a verbal note to the Quint<\/h2>\n\n\n\n<p class=\"wp-block-paragraph\">The arrest was also met with a reaction from the Ministry of Foreign Affairs and Diaspora in Pristina on August 15.<\/p>\n\n\n\n<p class=\"wp-block-paragraph\">The ministry said it had, through its Liaison Office in Belgrade, informed the Delegation of the European Union to Serbia and sent a verbal note to the diplomatic missions of the Quint countries accredited in Serbia.<\/p>\n\n\n\n<p class=\"wp-block-paragraph\">They stated that the goal was to engage international partners to protect Ma\u0111uni\u2019s rights and security.<\/p>\n\n\n\n<p class=\"wp-block-paragraph\">A formal request to visit Ma\u0111uni was also announced, along with continued monitoring of the case through the Liaison Office.<\/p>\n\n\n\n<figure class=\"wp-block-embed is-type-wp-embed is-provider-serbiantimes-info wp-block-embed-serbiantimes-info\"><div class=\"wp-block-embed__wrapper\">\n<blockquote class=\"wp-embedded-content\" data-secret=\"9HmJR8mwVF\"><a href=\"https:\/\/serbiantimes.info\/otkrivamo-gde-ce-se-i-kad-odrzati-komemoracija-mladicu-i-u-kojoj-crkvi-ce-biti-izlozeno-njegovo-telo\/\">OTKRIVAMO: Gde \u0107e se i kad odr\u017eati komemoracija Mladi\u0107u, i u kojoj crkvi \u0107e biti izlo\u017eeno njegovo telo<\/a><\/blockquote><iframe loading=\"lazy\" class=\"wp-embedded-content\" sandbox=\"allow-scripts\" security=\"restricted\" style=\"position: absolute; visibility: hidden;\" title=\"\u201eOTKRIVAMO: Gde \u0107e se i kad odr\u017eati komemoracija Mladi\u0107u, i u kojoj crkvi \u0107e biti izlo\u017eeno njegovo telo\u201c \u2014 Serbiantimes.info\" src=\"https:\/\/serbiantimes.info\/otkrivamo-gde-ce-se-i-kad-odrzati-komemoracija-mladicu-i-u-kojoj-crkvi-ce-biti-izlozeno-njegovo-telo\/embed\/#?secret=CiiFEWkydS#?secret=9HmJR8mwVF\" data-secret=\"9HmJR8mwVF\" width=\"500\" height=\"282\" frameborder=\"0\" marginwidth=\"0\" marginheight=\"0\" scrolling=\"no\"><\/iframe>\n<\/div><\/figure>\n\n\n\n<h2 class=\"wp-block-heading\">A series of arrests of citizens from Kosovo in Serbia<\/h2>\n\n\n\n<p class=\"wp-block-paragraph\">Ma\u0111uni\u2019s arrest was one of a series of cases in which people from Kosovo have been arrested or detained in Serbia in recent months.<\/p>\n\n\n\n<p class=\"wp-block-paragraph\">At the beginning of August, the Serbian Ministry of Internal Affairs announced that M.M. (1981) had been arrested at Horgo\u0161 on suspicion that he had committed a war crime against the civilian population against T.S. and S.S. in the village of Klobukar on July 26, 1999.<\/p>\n\n\n\n<p class=\"wp-block-paragraph\">Koci had previously also reported on Avdi Mem\u010daj, an Albanian from Kosovo who, according to his claims, has been in detention in Serbia since May 20.<\/p>\n\n\n\n<p class=\"wp-block-paragraph\">In recent years, several people from Kosovo have been arrested in Serbia on suspicion of or charges related to war crimes, including Mithat Lo\u017eani, Arbnor Spahiu, Ljuljzim Haljilji, Behar Preni\u0107i, Hazir Haziri, Avni \u0106enaj, as well as brothers D\u017eemailj and Ba\u0161kim Emini, while some were later released from detention.<\/p>\n\n\n\n<p class=\"wp-block-paragraph\">The European Union also reacted to the arrest of Mithat Lo\u017eani in February. In a response to KoSSev at the time, it was stated that under the 2015 Justice Agreement, Serbia had committed not to initiate criminal investigations and proceedings for alleged war crimes committed in Kosovo unless requested to do so by the Kosovo authorities.<\/p>\n\n\n\n<p class=\"wp-block-paragraph\">KoSSev subsequently asked the EU for additional clarification of the legal basis for such an interpretation, since such a provision is not explicitly contained in the publicly available versions of the Justice Agreement. No response was received. However, Dejan Mirovi\u0107, a professor of international law at the Faculty of Law of the University of Pristina temporarily based in Kosovska Mitrovica, claimed that the European Union was referring in this case to the so-called Mustafa\u2013Vu\u010di\u0107 justice agreement.<\/p>\n\n\n\n<h4 class=\"wp-block-heading\"><mark style=\"background-color:#FFFFFF;color:#d21414\" class=\"has-inline-color\">MORE TOPICS:<\/mark><\/h4>\n\n\n\n<p class=\"wp-block-paragraph\"><strong><a href=\"https:\/\/serbiantimes.info\/en\/we-wont-let-them-treat-us-like-tourists-drivers-from-bih-serbia-montenegro-and-macedonia-to-protest-tomorrow-threaten-border-blockades-if-brussels-does-not-back-down\/\" target=\"_blank\" rel=\"noopener\">\u201cWE WON\u2019T LET THEM TREAT US LIKE TOURISTS\u201d: Drivers from BiH, Serbia, Montenegro and Macedonia to protest tomorrow, threaten border blockades if Brussels does not back down!<\/a><\/strong><\/p>\n\n\n\n<p class=\"wp-block-paragraph\"><strong><a href=\"https:\/\/serbiantimes.info\/en\/with-the-money-of-citizens-who-have-no-water-cacak-spent-two-million-on-a-breskvica-concert-but-only-around-60-people-attended\/\" target=\"_blank\" rel=\"noopener\">WITH THE MONEY OF CITIZENS WHO HAVE NO WATER: \u010ca\u010dak spent two million on a Breskvica concert, but only around 60 people attended!<\/a><\/strong><\/p>\n\n\n\n<p class=\"wp-block-paragraph\"><strong><a href=\"https:\/\/serbiantimes.info\/en\/new-blow-to-education-government-preparing-a-law-that-will-punish-everyone-teachers-could-lose-their-licenses-while-students-could-be-transferred-out-of-school\/\" target=\"_blank\" rel=\"noopener\">NEW BLOW TO EDUCATION: Government preparing a law that will punish everyone \u2013 teachers could lose their licenses, while students could be transferred out of school!<\/a><\/strong><\/p>\n\n\n\n<p class=\"wp-block-paragraph\"><strong><a href=\"https:\/\/serbiantimes.info\/en\/the-medal-serbia-had-been-waiting-seven-years-for-marko-finishes-second-at-the-world-rowing-championships-silver-shining-like-gold\/\" target=\"_blank\" rel=\"noopener\">THE MEDAL SERBIA HAD BEEN WAITING SEVEN YEARS FOR: Marko finishes second at the World Rowing Championships, silver shining like gold!<\/a><\/strong><\/p>\n\n\n\n<p class=\"wp-block-paragraph\"><strong><a href=\"https:\/\/serbiantimes.info\/en\/human-and-sporting-greatness-dokovic-sends-powerful-words-to-one-of-his-greatest-rivals-on-his-induction-into-the-hall-of-fame-video\/\" target=\"_blank\" rel=\"noopener\">HUMAN AND SPORTING GREATNESS: \u0110okovi\u0107 sends powerful words to one of his greatest rivals on his induction into the Hall of Fame! (VIDEO)<\/a><\/strong><\/p>\n\n\n\n<p class=\"wp-block-paragraph\"><strong><a href=\"https:\/\/serbiantimes.info\/en\/gathered-in-honor-of-ratko-mladic-thousands-of-citizens-across-cities-in-republika-srpska-also-took-to-the-streets-last-night-to-pay-tribute-to-the-late-general-photo\/\" target=\"_blank\" rel=\"noopener\">GATHERED IN HONOR OF RATKO MLADI\u0106: Thousands of citizens across cities in Republika Srpska also took to the streets last night to pay tribute to the late general! (PHOTO)<\/a><\/strong><\/p>\n\n\n\n<p class=\"wp-block-paragraph\"><strong><strong>Source<\/strong>:<\/strong> <a href=\"https:\/\/kossev.info\/koci-dukadjin-madjuni-u-srbiji-pusten-na-slobodu-vraca-se-porodici\/\" target=\"_blank\" rel=\"noopener\">KoSSev<\/a> <strong>Foto<\/strong>: Kim<\/p>\n","protected":false},"excerpt":{"rendered":"<p>Duka\u0111in Ma\u0111uni (Dugagjin Maxhuni), who was arrested on August 12 at the Batrovci border crossing on suspicion of committing a war crime against the civilian population in Bec near \u0110akovica, has been released, his lawyer Arijanit Koci announced this morning. Ma\u0111uni had previously been placed in detention for up to 30 days. \u201cDuka\u0111in Ma\u0111uni has [&hellip;]<\/p>\n","protected":false},"author":2169,"featured_media":217789,"comment_status":"closed","ping_status":"closed","sticky":false,"template":"","format":"standard","meta":{"newspack_featured_image_position":"","newspack_post_subtitle":"","newspack_article_summary_title":"Overview:","newspack_article_summary":"","newspack_hide_updated_date":false,"newspack_show_updated_date":false,"footnotes":""},"categories":[7],"tags":[14193,14194,1617,107,108,109,478,14195,1544,113],"class_list":["post-217788","post","type-post","status-publish","format-standard","has-post-thumbnail","hentry","category-serbia","tag-batrovci","tag-dukadjin-madjuni","tag-hapsenje","tag-kim","tag-kosovo","tag-kosovo-i-metohija","tag-policija","tag-rat-na-kosovu-1999","tag-ratni-zlocin","tag-srbija","entry"],"aioseo_notices":[],"aioseo_head":"\n\t\t<!-- All in One SEO 5.0.1.1 - aioseo.com -->\n\t<meta name=\"description\" content=\"Duka\u0111in Ma\u0111uni (Dugagjin Maxhuni), who was arrested on August 12 at the Batrovci border crossing on suspicion of committing a war crime against the civilian population in Bec near \u0110akovica, has been released, his lawyer Arijanit Koci announced this morning. Ma\u0111uni had previously been placed in detention for up to 30 days. \u201cDuka\u0111in Ma\u0111uni has\" \/>\n\t<meta name=\"robots\" content=\"max-image-preview:large\" \/>\n\t<meta name=\"author\" content=\"Serbian Times\"\/>\n\t<link rel=\"canonical\" href=\"https:\/\/serbiantimes.info\/en\/serbia-releases-suspected-terrorist-albanian-accused-of-war-crimes-in-kosovo-in-1999-arrested-and-then-released\/\" \/>\n\t<meta name=\"generator\" content=\"All in One SEO (AIOSEO) 5.0.1.1\" \/>\n\t\t<meta property=\"og:locale\" content=\"en_US\" \/>\n\t\t<meta property=\"og:site_name\" content=\"Serbiantimes.info EN |\" \/>\n\t\t<meta property=\"og:type\" content=\"article\" \/>\n\t\t<meta property=\"og:title\" content=\"SERBIA RELEASES SUSPECTED TERRORIST! Albanian accused of war crimes in Kosovo in 1999 arrested and then released! | Serbiantimes.info EN\" \/>\n\t\t<meta property=\"og:description\" content=\"Duka\u0111in Ma\u0111uni (Dugagjin Maxhuni), who was arrested on August 12 at the Batrovci border crossing on suspicion of committing a war crime against the civilian population in Bec near \u0110akovica, has been released, his lawyer Arijanit Koci announced this morning. Ma\u0111uni had previously been placed in detention for up to 30 days. \u201cDuka\u0111in Ma\u0111uni has\" \/>\n\t\t<meta property=\"og:url\" content=\"https:\/\/serbiantimes.info\/en\/serbia-releases-suspected-terrorist-albanian-accused-of-war-crimes-in-kosovo-in-1999-arrested-and-then-released\/\" \/>\n\t\t<meta property=\"og:image\" content=\"https:\/\/serbiantimes.info\/en\/wp-content\/uploads\/sites\/2\/2026\/09\/Dukadjin-Madjuni.jpg\" \/>\n\t\t<meta property=\"og:image:secure_url\" content=\"https:\/\/serbiantimes.info\/en\/wp-content\/uploads\/sites\/2\/2026\/09\/Dukadjin-Madjuni.jpg\" \/>\n\t\t<meta property=\"og:image:width\" content=\"1203\" \/>\n\t\t<meta property=\"og:image:height\" content=\"750\" \/>\n\t\t<meta property=\"article:published_time\" content=\"2026-09-06T07:42:13+00:00\" \/>\n\t\t<meta property=\"article:modified_time\" content=\"2026-09-06T07:42:14+00:00\" \/>\n\t\t<meta name=\"twitter:card\" content=\"summary_large_image\" \/>\n\t\t<meta name=\"twitter:title\" content=\"SERBIA RELEASES SUSPECTED TERRORIST! Albanian accused of war crimes in Kosovo in 1999 arrested and then released! | Serbiantimes.info EN\" \/>\n\t\t<meta name=\"twitter:description\" content=\"Duka\u0111in Ma\u0111uni (Dugagjin Maxhuni), who was arrested on August 12 at the Batrovci border crossing on suspicion of committing a war crime against the civilian population in Bec near \u0110akovica, has been released, his lawyer Arijanit Koci announced this morning. Ma\u0111uni had previously been placed in detention for up to 30 days. \u201cDuka\u0111in Ma\u0111uni has\" \/>\n\t\t<meta name=\"twitter:image\" content=\"https:\/\/serbiantimes.info\/en\/wp-content\/uploads\/sites\/2\/2026\/09\/Dukadjin-Madjuni.jpg\" \/>\n\t\t<script type=\"application\/ld+json\" class=\"aioseo-schema\">\n\t\t\t{\"@context\":\"https:\\\/\\\/schema.org\",\"@graph\":[{\"@type\":\"BlogPosting\",\"@id\":\"https:\\\/\\\/serbiantimes.info\\\/en\\\/serbia-releases-suspected-terrorist-albanian-accused-of-war-crimes-in-kosovo-in-1999-arrested-and-then-released\\\/#blogposting\",\"name\":\"SERBIA RELEASES SUSPECTED TERRORIST! Albanian accused of war crimes in Kosovo in 1999 arrested and then released! | Serbiantimes.info EN\",\"headline\":\"SERBIA RELEASES SUSPECTED TERRORIST! Albanian accused of war crimes in Kosovo in 1999 arrested and then released!\",\"author\":{\"@id\":\"https:\\\/\\\/serbiantimes.info\\\/en\\\/author\\\/serbiantimes-portal\\\/#author\"},\"publisher\":{\"@id\":\"https:\\\/\\\/serbiantimes.info\\\/en\\\/#organization\"},\"image\":{\"@type\":\"ImageObject\",\"url\":\"https:\\\/\\\/serbiantimes.info\\\/en\\\/wp-content\\\/uploads\\\/sites\\\/2\\\/2026\\\/09\\\/Dukadjin-Madjuni.jpg\",\"width\":1203,\"height\":750},\"datePublished\":\"2026-09-06T09:42:13+02:00\",\"dateModified\":\"2026-09-06T09:42:14+02:00\",\"inLanguage\":\"en-US\",\"mainEntityOfPage\":{\"@id\":\"https:\\\/\\\/serbiantimes.info\\\/en\\\/serbia-releases-suspected-terrorist-albanian-accused-of-war-crimes-in-kosovo-in-1999-arrested-and-then-released\\\/#webpage\"},\"isPartOf\":{\"@id\":\"https:\\\/\\\/serbiantimes.info\\\/en\\\/serbia-releases-suspected-terrorist-albanian-accused-of-war-crimes-in-kosovo-in-1999-arrested-and-then-released\\\/#webpage\"},\"articleSection\":\"SERBIA, Batrovci, duka\\u0111in ma\\u0111uni, Hap\\u0161enje, KiM, Kosovo, Kosovo i Metohija, policija, rat na kosovu 1999., ratni zlo\\u010din, Srbija\"},{\"@type\":\"BreadcrumbList\",\"@id\":\"https:\\\/\\\/serbiantimes.info\\\/en\\\/serbia-releases-suspected-terrorist-albanian-accused-of-war-crimes-in-kosovo-in-1999-arrested-and-then-released\\\/#breadcrumblist\",\"itemListElement\":[{\"@type\":\"ListItem\",\"@id\":\"https:\\\/\\\/serbiantimes.info\\\/en#listItem\",\"position\":1,\"name\":\"Home\",\"item\":\"https:\\\/\\\/serbiantimes.info\\\/en\",\"nextItem\":{\"@type\":\"ListItem\",\"@id\":\"https:\\\/\\\/serbiantimes.info\\\/en\\\/category\\\/serbia\\\/#listItem\",\"name\":\"SERBIA\"}},{\"@type\":\"ListItem\",\"@id\":\"https:\\\/\\\/serbiantimes.info\\\/en\\\/category\\\/serbia\\\/#listItem\",\"position\":2,\"name\":\"SERBIA\",\"item\":\"https:\\\/\\\/serbiantimes.info\\\/en\\\/category\\\/serbia\\\/\",\"nextItem\":{\"@type\":\"ListItem\",\"@id\":\"https:\\\/\\\/serbiantimes.info\\\/en\\\/serbia-releases-suspected-terrorist-albanian-accused-of-war-crimes-in-kosovo-in-1999-arrested-and-then-released\\\/#listItem\",\"name\":\"SERBIA RELEASES SUSPECTED TERRORIST! Albanian accused of war crimes in Kosovo in 1999 arrested and then released!\"},\"previousItem\":{\"@type\":\"ListItem\",\"@id\":\"https:\\\/\\\/serbiantimes.info\\\/en#listItem\",\"name\":\"Home\"}},{\"@type\":\"ListItem\",\"@id\":\"https:\\\/\\\/serbiantimes.info\\\/en\\\/serbia-releases-suspected-terrorist-albanian-accused-of-war-crimes-in-kosovo-in-1999-arrested-and-then-released\\\/#listItem\",\"position\":3,\"name\":\"SERBIA RELEASES SUSPECTED TERRORIST! Albanian accused of war crimes in Kosovo in 1999 arrested and then released!\",\"previousItem\":{\"@type\":\"ListItem\",\"@id\":\"https:\\\/\\\/serbiantimes.info\\\/en\\\/category\\\/serbia\\\/#listItem\",\"name\":\"SERBIA\"}}]},{\"@type\":\"Organization\",\"@id\":\"https:\\\/\\\/serbiantimes.info\\\/en\\\/#organization\",\"name\":\"Serbiantimes.info EN\",\"url\":\"https:\\\/\\\/serbiantimes.info\\\/en\\\/\",\"logo\":{\"@type\":\"ImageObject\",\"url\":\"https:\\\/\\\/serbiantimes.info\\\/en\\\/wp-content\\\/uploads\\\/sites\\\/2\\\/2024\\\/10\\\/cropped-cropped-Serbian-Times-Header-Logo-1.png\",\"@id\":\"https:\\\/\\\/serbiantimes.info\\\/en\\\/serbia-releases-suspected-terrorist-albanian-accused-of-war-crimes-in-kosovo-in-1999-arrested-and-then-released\\\/#organizationLogo\",\"width\":480,\"height\":100},\"image\":{\"@id\":\"https:\\\/\\\/serbiantimes.info\\\/en\\\/serbia-releases-suspected-terrorist-albanian-accused-of-war-crimes-in-kosovo-in-1999-arrested-and-then-released\\\/#organizationLogo\"}},{\"@type\":\"Person\",\"@id\":\"https:\\\/\\\/serbiantimes.info\\\/en\\\/author\\\/serbiantimes-portal\\\/#author\",\"url\":\"https:\\\/\\\/serbiantimes.info\\\/en\\\/author\\\/serbiantimes-portal\\\/\",\"name\":\"Serbian Times\",\"image\":{\"@type\":\"ImageObject\",\"@id\":\"https:\\\/\\\/serbiantimes.info\\\/en\\\/serbia-releases-suspected-terrorist-albanian-accused-of-war-crimes-in-kosovo-in-1999-arrested-and-then-released\\\/#authorImage\",\"url\":\"https:\\\/\\\/secure.gravatar.com\\\/avatar\\\/ea76e009769270b4193e2bc7e032c096b4ae135483ec03b396fd0f520bc3dcfd?s=96&d=mm&r=g\",\"width\":96,\"height\":96,\"caption\":\"Serbian Times\"}},{\"@type\":\"WebPage\",\"@id\":\"https:\\\/\\\/serbiantimes.info\\\/en\\\/serbia-releases-suspected-terrorist-albanian-accused-of-war-crimes-in-kosovo-in-1999-arrested-and-then-released\\\/#webpage\",\"url\":\"https:\\\/\\\/serbiantimes.info\\\/en\\\/serbia-releases-suspected-terrorist-albanian-accused-of-war-crimes-in-kosovo-in-1999-arrested-and-then-released\\\/\",\"name\":\"SERBIA RELEASES SUSPECTED TERRORIST! Albanian accused of war crimes in Kosovo in 1999 arrested and then released! | Serbiantimes.info EN\",\"description\":\"Duka\\u0111in Ma\\u0111uni (Dugagjin Maxhuni), who was arrested on August 12 at the Batrovci border crossing on suspicion of committing a war crime against the civilian population in Bec near \\u0110akovica, has been released, his lawyer Arijanit Koci announced this morning. Ma\\u0111uni had previously been placed in detention for up to 30 days. \\u201cDuka\\u0111in Ma\\u0111uni has\",\"inLanguage\":\"en-US\",\"isPartOf\":{\"@id\":\"https:\\\/\\\/serbiantimes.info\\\/en\\\/#website\"},\"breadcrumb\":{\"@id\":\"https:\\\/\\\/serbiantimes.info\\\/en\\\/serbia-releases-suspected-terrorist-albanian-accused-of-war-crimes-in-kosovo-in-1999-arrested-and-then-released\\\/#breadcrumblist\"},\"author\":{\"@id\":\"https:\\\/\\\/serbiantimes.info\\\/en\\\/author\\\/serbiantimes-portal\\\/#author\"},\"creator\":{\"@id\":\"https:\\\/\\\/serbiantimes.info\\\/en\\\/author\\\/serbiantimes-portal\\\/#author\"},\"image\":{\"@type\":\"ImageObject\",\"url\":\"https:\\\/\\\/serbiantimes.info\\\/en\\\/wp-content\\\/uploads\\\/sites\\\/2\\\/2026\\\/09\\\/Dukadjin-Madjuni.jpg\",\"@id\":\"https:\\\/\\\/serbiantimes.info\\\/en\\\/serbia-releases-suspected-terrorist-albanian-accused-of-war-crimes-in-kosovo-in-1999-arrested-and-then-released\\\/#mainImage\",\"width\":1203,\"height\":750},\"primaryImageOfPage\":{\"@id\":\"https:\\\/\\\/serbiantimes.info\\\/en\\\/serbia-releases-suspected-terrorist-albanian-accused-of-war-crimes-in-kosovo-in-1999-arrested-and-then-released\\\/#mainImage\"},\"datePublished\":\"2026-09-06T09:42:13+02:00\",\"dateModified\":\"2026-09-06T09:42:14+02:00\"},{\"@type\":\"WebSite\",\"@id\":\"https:\\\/\\\/serbiantimes.info\\\/en\\\/#website\",\"url\":\"https:\\\/\\\/serbiantimes.info\\\/en\\\/\",\"name\":\"Serbiantimes.info EN\",\"inLanguage\":\"en-US\",\"publisher\":{\"@id\":\"https:\\\/\\\/serbiantimes.info\\\/en\\\/#organization\"}}]}\n\t\t<\/script>\n\t\t<!-- All in One SEO -->\n\n","aioseo_head_json":{"title":"SERBIA RELEASES SUSPECTED TERRORIST! Albanian accused of war crimes in Kosovo in 1999 arrested and then released! | Serbiantimes.info EN","description":"Duka\u0111in Ma\u0111uni (Dugagjin Maxhuni), who was arrested on August 12 at the Batrovci border crossing on suspicion of committing a war crime against the civilian population in Bec near \u0110akovica, has been released, his lawyer Arijanit Koci announced this morning. Ma\u0111uni had previously been placed in detention for up to 30 days. \u201cDuka\u0111in Ma\u0111uni has","canonical_url":"https:\/\/serbiantimes.info\/en\/serbia-releases-suspected-terrorist-albanian-accused-of-war-crimes-in-kosovo-in-1999-arrested-and-then-released\/","robots":"max-image-preview:large","keywords":"","webmasterTools":{"miscellaneous":""},"schema":{"@context":"https:\/\/schema.org","@graph":[{"@type":"BlogPosting","@id":"https:\/\/serbiantimes.info\/en\/serbia-releases-suspected-terrorist-albanian-accused-of-war-crimes-in-kosovo-in-1999-arrested-and-then-released\/#blogposting","name":"SERBIA RELEASES SUSPECTED TERRORIST! Albanian accused of war crimes in Kosovo in 1999 arrested and then released! | Serbiantimes.info EN","headline":"SERBIA RELEASES SUSPECTED TERRORIST! Albanian accused of war crimes in Kosovo in 1999 arrested and then released!","author":{"@id":"https:\/\/serbiantimes.info\/en\/author\/serbiantimes-portal\/#author"},"publisher":{"@id":"https:\/\/serbiantimes.info\/en\/#organization"},"image":{"@type":"ImageObject","url":"https:\/\/serbiantimes.info\/en\/wp-content\/uploads\/sites\/2\/2026\/09\/Dukadjin-Madjuni.jpg","width":1203,"height":750},"datePublished":"2026-09-06T09:42:13+02:00","dateModified":"2026-09-06T09:42:14+02:00","inLanguage":"en-US","mainEntityOfPage":{"@id":"https:\/\/serbiantimes.info\/en\/serbia-releases-suspected-terrorist-albanian-accused-of-war-crimes-in-kosovo-in-1999-arrested-and-then-released\/#webpage"},"isPartOf":{"@id":"https:\/\/serbiantimes.info\/en\/serbia-releases-suspected-terrorist-albanian-accused-of-war-crimes-in-kosovo-in-1999-arrested-and-then-released\/#webpage"},"articleSection":"SERBIA, Batrovci, duka\u0111in ma\u0111uni, Hap\u0161enje, KiM, Kosovo, Kosovo i Metohija, policija, rat na kosovu 1999., ratni zlo\u010din, Srbija"},{"@type":"BreadcrumbList","@id":"https:\/\/serbiantimes.info\/en\/serbia-releases-suspected-terrorist-albanian-accused-of-war-crimes-in-kosovo-in-1999-arrested-and-then-released\/#breadcrumblist","itemListElement":[{"@type":"ListItem","@id":"https:\/\/serbiantimes.info\/en#listItem","position":1,"name":"Home","item":"https:\/\/serbiantimes.info\/en","nextItem":{"@type":"ListItem","@id":"https:\/\/serbiantimes.info\/en\/category\/serbia\/#listItem","name":"SERBIA"}},{"@type":"ListItem","@id":"https:\/\/serbiantimes.info\/en\/category\/serbia\/#listItem","position":2,"name":"SERBIA","item":"https:\/\/serbiantimes.info\/en\/category\/serbia\/","nextItem":{"@type":"ListItem","@id":"https:\/\/serbiantimes.info\/en\/serbia-releases-suspected-terrorist-albanian-accused-of-war-crimes-in-kosovo-in-1999-arrested-and-then-released\/#listItem","name":"SERBIA RELEASES SUSPECTED TERRORIST! Albanian accused of war crimes in Kosovo in 1999 arrested and then released!"},"previousItem":{"@type":"ListItem","@id":"https:\/\/serbiantimes.info\/en#listItem","name":"Home"}},{"@type":"ListItem","@id":"https:\/\/serbiantimes.info\/en\/serbia-releases-suspected-terrorist-albanian-accused-of-war-crimes-in-kosovo-in-1999-arrested-and-then-released\/#listItem","position":3,"name":"SERBIA RELEASES SUSPECTED TERRORIST! Albanian accused of war crimes in Kosovo in 1999 arrested and then released!","previousItem":{"@type":"ListItem","@id":"https:\/\/serbiantimes.info\/en\/category\/serbia\/#listItem","name":"SERBIA"}}]},{"@type":"Organization","@id":"https:\/\/serbiantimes.info\/en\/#organization","name":"Serbiantimes.info EN","url":"https:\/\/serbiantimes.info\/en\/","logo":{"@type":"ImageObject","url":"https:\/\/serbiantimes.info\/en\/wp-content\/uploads\/sites\/2\/2024\/10\/cropped-cropped-Serbian-Times-Header-Logo-1.png","@id":"https:\/\/serbiantimes.info\/en\/serbia-releases-suspected-terrorist-albanian-accused-of-war-crimes-in-kosovo-in-1999-arrested-and-then-released\/#organizationLogo","width":480,"height":100},"image":{"@id":"https:\/\/serbiantimes.info\/en\/serbia-releases-suspected-terrorist-albanian-accused-of-war-crimes-in-kosovo-in-1999-arrested-and-then-released\/#organizationLogo"}},{"@type":"Person","@id":"https:\/\/serbiantimes.info\/en\/author\/serbiantimes-portal\/#author","url":"https:\/\/serbiantimes.info\/en\/author\/serbiantimes-portal\/","name":"Serbian Times","image":{"@type":"ImageObject","@id":"https:\/\/serbiantimes.info\/en\/serbia-releases-suspected-terrorist-albanian-accused-of-war-crimes-in-kosovo-in-1999-arrested-and-then-released\/#authorImage","url":"https:\/\/secure.gravatar.com\/avatar\/ea76e009769270b4193e2bc7e032c096b4ae135483ec03b396fd0f520bc3dcfd?s=96&d=mm&r=g","width":96,"height":96,"caption":"Serbian Times"}},{"@type":"WebPage","@id":"https:\/\/serbiantimes.info\/en\/serbia-releases-suspected-terrorist-albanian-accused-of-war-crimes-in-kosovo-in-1999-arrested-and-then-released\/#webpage","url":"https:\/\/serbiantimes.info\/en\/serbia-releases-suspected-terrorist-albanian-accused-of-war-crimes-in-kosovo-in-1999-arrested-and-then-released\/","name":"SERBIA RELEASES SUSPECTED TERRORIST! Albanian accused of war crimes in Kosovo in 1999 arrested and then released! | Serbiantimes.info EN","description":"Duka\u0111in Ma\u0111uni (Dugagjin Maxhuni), who was arrested on August 12 at the Batrovci border crossing on suspicion of committing a war crime against the civilian population in Bec near \u0110akovica, has been released, his lawyer Arijanit Koci announced this morning. Ma\u0111uni had previously been placed in detention for up to 30 days. \u201cDuka\u0111in Ma\u0111uni has","inLanguage":"en-US","isPartOf":{"@id":"https:\/\/serbiantimes.info\/en\/#website"},"breadcrumb":{"@id":"https:\/\/serbiantimes.info\/en\/serbia-releases-suspected-terrorist-albanian-accused-of-war-crimes-in-kosovo-in-1999-arrested-and-then-released\/#breadcrumblist"},"author":{"@id":"https:\/\/serbiantimes.info\/en\/author\/serbiantimes-portal\/#author"},"creator":{"@id":"https:\/\/serbiantimes.info\/en\/author\/serbiantimes-portal\/#author"},"image":{"@type":"ImageObject","url":"https:\/\/serbiantimes.info\/en\/wp-content\/uploads\/sites\/2\/2026\/09\/Dukadjin-Madjuni.jpg","@id":"https:\/\/serbiantimes.info\/en\/serbia-releases-suspected-terrorist-albanian-accused-of-war-crimes-in-kosovo-in-1999-arrested-and-then-released\/#mainImage","width":1203,"height":750},"primaryImageOfPage":{"@id":"https:\/\/serbiantimes.info\/en\/serbia-releases-suspected-terrorist-albanian-accused-of-war-crimes-in-kosovo-in-1999-arrested-and-then-released\/#mainImage"},"datePublished":"2026-09-06T09:42:13+02:00","dateModified":"2026-09-06T09:42:14+02:00"},{"@type":"WebSite","@id":"https:\/\/serbiantimes.info\/en\/#website","url":"https:\/\/serbiantimes.info\/en\/","name":"Serbiantimes.info EN","inLanguage":"en-US","publisher":{"@id":"https:\/\/serbiantimes.info\/en\/#organization"}}]},"og:locale":"en_US","og:site_name":"Serbiantimes.info EN |","og:type":"article","og:title":"SERBIA RELEASES SUSPECTED TERRORIST! Albanian accused of war crimes in Kosovo in 1999 arrested and then released! | Serbiantimes.info EN","og:description":"Duka\u0111in Ma\u0111uni (Dugagjin Maxhuni), who was arrested on August 12 at the Batrovci border crossing on suspicion of committing a war crime against the civilian population in Bec near \u0110akovica, has been released, his lawyer Arijanit Koci announced this morning. Ma\u0111uni had previously been placed in detention for up to 30 days. \u201cDuka\u0111in Ma\u0111uni has","og:url":"https:\/\/serbiantimes.info\/en\/serbia-releases-suspected-terrorist-albanian-accused-of-war-crimes-in-kosovo-in-1999-arrested-and-then-released\/","og:image":"https:\/\/serbiantimes.info\/en\/wp-content\/uploads\/sites\/2\/2026\/09\/Dukadjin-Madjuni.jpg","og:image:secure_url":"https:\/\/serbiantimes.info\/en\/wp-content\/uploads\/sites\/2\/2026\/09\/Dukadjin-Madjuni.jpg","og:image:width":1203,"og:image:height":750,"article:published_time":"2026-09-06T07:42:13+00:00","article:modified_time":"2026-09-06T07:42:14+00:00","twitter:card":"summary_large_image","twitter:title":"SERBIA RELEASES SUSPECTED TERRORIST! Albanian accused of war crimes in Kosovo in 1999 arrested and then released! | Serbiantimes.info EN","twitter:description":"Duka\u0111in Ma\u0111uni (Dugagjin Maxhuni), who was arrested on August 12 at the Batrovci border crossing on suspicion of committing a war crime against the civilian population in Bec near \u0110akovica, has been released, his lawyer Arijanit Koci announced this morning. Ma\u0111uni had previously been placed in detention for up to 30 days. \u201cDuka\u0111in Ma\u0111uni has","twitter:image":"https:\/\/serbiantimes.info\/en\/wp-content\/uploads\/sites\/2\/2026\/09\/Dukadjin-Madjuni.jpg"},"aioseo_meta_data":{"post_id":"217788","title":null,"description":null,"keywords":null,"keyphrases":{"focus":{"keyphrase":"","score":0,"analysis":{"keyphraseInTitle":{"score":0,"maxScore":9,"error":1}}},"additional":[]},"primary_term":null,"canonical_url":null,"og_title":null,"og_description":null,"og_object_type":"default","og_image_type":"default","og_image_url":null,"og_image_width":null,"og_image_height":null,"og_image_custom_url":null,"og_image_custom_fields":null,"og_video":"","og_custom_url":null,"og_article_section":null,"og_article_tags":null,"twitter_use_og":false,"twitter_card":"default","twitter_image_type":"default","twitter_image_url":null,"twitter_image_custom_url":null,"twitter_image_custom_fields":null,"twitter_title":null,"twitter_description":null,"schema":{"blockGraphs":[],"customGraphs":[],"default":{"data":{"Article":[],"Course":[],"Dataset":[],"FAQPage":[],"Movie":[],"Person":[],"Product":[],"ProductReview":[],"Car":[],"Recipe":[],"Service":[],"SoftwareApplication":[],"WebPage":[]},"graphName":"BlogPosting","isEnabled":true},"graphs":[]},"schema_type":"default","schema_type_options":null,"pillar_content":false,"robots_default":true,"robots_noindex":false,"robots_noarchive":false,"robots_nosnippet":false,"robots_nofollow":false,"robots_noimageindex":false,"robots_noodp":false,"robots_notranslate":false,"robots_max_snippet":"-1","robots_max_videopreview":"-1","robots_max_imagepreview":"large","priority":null,"frequency":"default","local_seo":null,"breadcrumb_settings":null,"limit_modified_date":false,"ai":{"faqs":[],"keyPoints":[],"schemas":[],"titles":[],"descriptions":[],"socialPosts":{"email":{"subject":"","preview":"","content":""},"linkedin":[],"twitter":[],"facebook":[],"instagram":[]}},"created":"2026-09-06 07:34:26","updated":"2026-09-06 07:42:59","focus_keyword":null,"additional_keywords":null,"truseo_locale":null,"seo_analyzer_scan_date":null},"aioseo_breadcrumb":"<div class=\"aioseo-breadcrumbs\"><span class=\"aioseo-breadcrumb\">\n\t\t\t<a href=\"https:\/\/serbiantimes.info\/en\" title=\"Home\">Home<\/a>\n\t\t<\/span><span class=\"aioseo-breadcrumb-separator\">&raquo;<\/span><span class=\"aioseo-breadcrumb\">\n\t\t\t<a href=\"https:\/\/serbiantimes.info\/en\/category\/serbia\/\" title=\"SERBIA\">SERBIA<\/a>\n\t\t<\/span><span class=\"aioseo-breadcrumb-separator\">&raquo;<\/span><span class=\"aioseo-breadcrumb\">\n\t\t\tSERBIA RELEASES SUSPECTED TERRORIST! Albanian accused of war crimes in Kosovo in 1999 arrested and then released!\n\t\t<\/span><\/div>","aioseo_breadcrumb_json":[{"label":"Home","link":"https:\/\/serbiantimes.info\/en"},{"label":"SERBIA","link":"https:\/\/serbiantimes.info\/en\/category\/serbia\/"},{"label":"SERBIA RELEASES SUSPECTED TERRORIST! Albanian accused of war crimes in Kosovo in 1999 arrested and then released!","link":"https:\/\/serbiantimes.info\/en\/serbia-releases-suspected-terrorist-albanian-accused-of-war-crimes-in-kosovo-in-1999-arrested-and-then-released\/"}],"distributor_meta":false,"distributor_terms":false,"distributor_media":false,"distributor_original_site_name":"Serbiantimes.info EN","distributor_original_site_url":"https:\/\/serbiantimes.info\/en","push-errors":false,"_links":{"self":[{"href":"https:\/\/serbiantimes.info\/en\/wp-json\/wp\/v2\/posts\/217788","targetHints":{"allow":["GET"]}}],"collection":[{"href":"https:\/\/serbiantimes.info\/en\/wp-json\/wp\/v2\/posts"}],"about":[{"href":"https:\/\/serbiantimes.info\/en\/wp-json\/wp\/v2\/types\/post"}],"author":[{"embeddable":true,"href":"https:\/\/serbiantimes.info\/en\/wp-json\/wp\/v2\/users\/2169"}],"replies":[{"embeddable":true,"href":"https:\/\/serbiantimes.info\/en\/wp-json\/wp\/v2\/comments?post=217788"}],"version-history":[{"count":2,"href":"https:\/\/serbiantimes.info\/en\/wp-json\/wp\/v2\/posts\/217788\/revisions"}],"predecessor-version":[{"id":217851,"href":"https:\/\/serbiantimes.info\/en\/wp-json\/wp\/v2\/posts\/217788\/revisions\/217851"}],"wp:featuredmedia":[{"embeddable":true,"href":"https:\/\/serbiantimes.info\/en\/wp-json\/wp\/v2\/media\/217789"}],"wp:attachment":[{"href":"https:\/\/serbiantimes.info\/en\/wp-json\/wp\/v2\/media?parent=217788"}],"wp:term":[{"taxonomy":"category","embeddable":true,"href":"https:\/\/serbiantimes.info\/en\/wp-json\/wp\/v2\/categories?post=217788"},{"taxonomy":"post_tag","embeddable":true,"href":"https:\/\/serbiantimes.info\/en\/wp-json\/wp\/v2\/tags?post=217788"}],"curies":[{"name":"wp","href":"https:\/\/api.w.org\/{rel}","templated":true}]}}