{"id":217570,"date":"2026-09-03T13:35:31","date_gmt":"2026-09-03T11:35:31","guid":{"rendered":"https:\/\/serbiantimes.info\/en\/?p=217570"},"modified":"2026-09-03T13:35:32","modified_gmt":"2026-09-03T11:35:32","slug":"sanu-calls-for-education-law-to-be-withdrawn-students-parents-and-teachers-rights-are-being-reduced","status":"publish","type":"post","link":"https:\/\/serbiantimes.info\/en\/sanu-calls-for-education-law-to-be-withdrawn-students-parents-and-teachers-rights-are-being-reduced\/","title":{"rendered":"SANU CALLS FOR EDUCATION LAW TO BE WITHDRAWN: \u201cStudents\u2019, parents\u2019 and teachers\u2019 rights are being reduced!\u201d"},"content":{"rendered":"\n<p class=\"wp-block-paragraph\"><strong><em>The Education Board of the Serbian Academy of Sciences and Arts (SANU) announced today that the proposed amendments to the Law on the Foundations of the Education System (ZOSOV) do not correspond to the actual needs of Serbia\u2019s education system.<\/em><\/strong><\/p>\n\n\n\n<p class=\"wp-block-paragraph\">\u201cInstead of measures aimed at improving the quality and modernizing education, the Draft narrows the rights and participation of students, parents and teachers and strengthens mechanisms of administrative control,\u201d the Board stated.<\/p>\n\n\n\n<h4 class=\"wp-block-heading\"><mark style=\"background-color:#FFFFFF;color:#d21414\" class=\"has-inline-color\">READ MORE: <\/mark><\/h4>\n\n\n\n<figure class=\"wp-block-embed is-type-wp-embed is-provider-serbiantimes-info wp-block-embed-serbiantimes-info\"><div class=\"wp-block-embed__wrapper\">\n<blockquote class=\"wp-embedded-content\" data-secret=\"ArIAMfJgvF\"><a href=\"https:\/\/serbiantimes.info\/u-becu-uhapsen-vlasnik-balkan-grill-a-mirsad-a-u-zatvoru-zato-sto-je-slepom-gostu-skinuo-5000-evra-sa-kartice\/\">U BE\u010cU UHAP\u0160EN VLASNIK BALKAN GRILL-A: Mirsad A. u zatvoru zato \u0161to je slepom gostu skinuo 5,000 evra sa kartice!<\/a><\/blockquote><iframe loading=\"lazy\" class=\"wp-embedded-content\" sandbox=\"allow-scripts\" security=\"restricted\" style=\"position: absolute; visibility: hidden;\" title=\"\u201eU BE\u010cU UHAP\u0160EN VLASNIK BALKAN GRILL-A: Mirsad A. u zatvoru zato \u0161to je slepom gostu skinuo 5,000 evra sa kartice!\u201c \u2014 Serbiantimes.info\" src=\"https:\/\/serbiantimes.info\/u-becu-uhapsen-vlasnik-balkan-grill-a-mirsad-a-u-zatvoru-zato-sto-je-slepom-gostu-skinuo-5000-evra-sa-kartice\/embed\/#?secret=P35oFi8BYi#?secret=ArIAMfJgvF\" data-secret=\"ArIAMfJgvF\" width=\"500\" height=\"282\" frameborder=\"0\" marginwidth=\"0\" marginheight=\"0\" scrolling=\"no\"><\/iframe>\n<\/div><\/figure>\n\n\n\n<p class=\"wp-block-paragraph\">According to them, the controversial provisions include restrictions on student organization and the work of student parliaments, a reduction in the role of parents\u2019 councils, and the possibility of revoking teachers\u2019 licenses.<\/p>\n\n\n\n<p class=\"wp-block-paragraph\">\u201cAt the same time, the Draft does not offer answers to the key problems facing education: insufficient quality and learning outcomes, the weakening of the teaching profession, the need to modernize education in the conditions of digitalization and artificial intelligence, the development of extracurricular activities, and the systematic evaluation of educational outcomes,\u201d they pointed out.<\/p>\n\n\n\n<p class=\"wp-block-paragraph\">The Board claims that partial corrections to the Draft are not enough and proposes that it be withdrawn from the legislative procedure and that a new legal text be prepared, based on expert analysis and a broad discussion about what kind of education Serbia needs in the coming decades.<\/p>\n\n\n\n<h4 class=\"wp-block-heading\"><mark style=\"background-color:#FFFFFF;color:#d21414\" class=\"has-inline-color\">MORE TOPICS:<\/mark><\/h4>\n\n\n\n<p class=\"wp-block-paragraph\"><strong><a href=\"https:\/\/serbiantimes.info\/en\/we-wont-let-them-treat-us-like-tourists-drivers-from-bih-serbia-montenegro-and-macedonia-to-protest-tomorrow-threaten-border-blockades-if-brussels-does-not-back-down\/\" target=\"_blank\" rel=\"noopener\">\u201cWE WON\u2019T LET THEM TREAT US LIKE TOURISTS\u201d: Drivers from BiH, Serbia, Montenegro and Macedonia to protest tomorrow, threaten border blockades if Brussels does not back down!<\/a><\/strong><\/p>\n\n\n\n<p class=\"wp-block-paragraph\"><strong><a href=\"https:\/\/serbiantimes.info\/en\/with-the-money-of-citizens-who-have-no-water-cacak-spent-two-million-on-a-breskvica-concert-but-only-around-60-people-attended\/\" target=\"_blank\" rel=\"noopener\">WITH THE MONEY OF CITIZENS WHO HAVE NO WATER: \u010ca\u010dak spent two million on a Breskvica concert, but only around 60 people attended!<\/a><\/strong><\/p>\n\n\n\n<p class=\"wp-block-paragraph\"><strong><a href=\"https:\/\/serbiantimes.info\/en\/new-blow-to-education-government-preparing-a-law-that-will-punish-everyone-teachers-could-lose-their-licenses-while-students-could-be-transferred-out-of-school\/\" target=\"_blank\" rel=\"noopener\">NEW BLOW TO EDUCATION: Government preparing a law that will punish everyone \u2013 teachers could lose their licenses, while students could be transferred out of school!<\/a><\/strong><\/p>\n\n\n\n<p class=\"wp-block-paragraph\"><strong><a href=\"https:\/\/serbiantimes.info\/en\/the-medal-serbia-had-been-waiting-seven-years-for-marko-finishes-second-at-the-world-rowing-championships-silver-shining-like-gold\/\" target=\"_blank\" rel=\"noopener\">THE MEDAL SERBIA HAD BEEN WAITING SEVEN YEARS FOR: Marko finishes second at the World Rowing Championships, silver shining like gold!<\/a><\/strong><\/p>\n\n\n\n<p class=\"wp-block-paragraph\"><strong><a href=\"https:\/\/serbiantimes.info\/en\/human-and-sporting-greatness-dokovic-sends-powerful-words-to-one-of-his-greatest-rivals-on-his-induction-into-the-hall-of-fame-video\/\" target=\"_blank\" rel=\"noopener\">HUMAN AND SPORTING GREATNESS: \u0110okovi\u0107 sends powerful words to one of his greatest rivals on his induction into the Hall of Fame! (VIDEO)<\/a><\/strong><\/p>\n\n\n\n<p class=\"wp-block-paragraph\"><strong><a href=\"https:\/\/serbiantimes.info\/en\/gathered-in-honor-of-ratko-mladic-thousands-of-citizens-across-cities-in-republika-srpska-also-took-to-the-streets-last-night-to-pay-tribute-to-the-late-general-photo\/\" target=\"_blank\" rel=\"noopener\">GATHERED IN HONOR OF RATKO MLADI\u0106: Thousands of citizens across cities in Republika Srpska also took to the streets last night to pay tribute to the late general! (PHOTO)<\/a><\/strong><\/p>\n\n\n\n<p class=\"wp-block-paragraph\"><strong><strong>Source<\/strong>:<\/strong> <a href=\"https:\/\/izlaz.com\/sanu-trazi-povlacenje-izmena-zakona-o-obrazovanju-suzavaju-se-prava-ucenika-roditelja-i-nastavnika\/\" target=\"_blank\" rel=\"noopener\">Izlaz <\/a>; <strong>Foto<\/strong>: SANU<\/p>\n","protected":false},"excerpt":{"rendered":"<p>The Education Board of the Serbian Academy of Sciences and Arts (SANU) announced today that the proposed amendments to the Law on the Foundations of the Education System (ZOSOV) do not correspond to the actual needs of Serbia\u2019s education system. \u201cInstead of measures aimed at improving the quality and modernizing education, the Draft narrows the [&hellip;]<\/p>\n","protected":false},"author":29081,"featured_media":217571,"comment_status":"closed","ping_status":"closed","sticky":false,"template":"","format":"standard","meta":{"newspack_featured_image_position":"","newspack_post_subtitle":"","newspack_article_summary_title":"Overview:","newspack_article_summary":"","newspack_hide_updated_date":false,"newspack_show_updated_date":false,"footnotes":""},"categories":[7],"tags":[14166,2074,1379,423,258,4011,1866],"class_list":["post-217570","post","type-post","status-publish","format-standard","has-post-thumbnail","hentry","category-serbia","tag-izmena","tag-ministar","tag-nastavnici","tag-obrazovanje","tag-roditelji","tag-sanu","tag-zakon","entry"],"aioseo_notices":[],"aioseo_head":"\n\t\t<!-- All in One SEO 5.0.1.1 - aioseo.com -->\n\t<meta name=\"description\" content=\"The Education Board of the Serbian Academy of Sciences and Arts (SANU) announced today that the proposed amendments to the Law on the Foundations of the Education System (ZOSOV) do not correspond to the actual needs of Serbia\u2019s education system. \u201cInstead of measures aimed at improving the quality and modernizing education, the Draft narrows the\" \/>\n\t<meta name=\"robots\" content=\"max-image-preview:large\" \/>\n\t<meta name=\"author\" content=\"trbojevicdjole\"\/>\n\t<link rel=\"canonical\" href=\"https:\/\/serbiantimes.info\/en\/sanu-calls-for-education-law-to-be-withdrawn-students-parents-and-teachers-rights-are-being-reduced\/\" \/>\n\t<meta name=\"generator\" content=\"All in One SEO (AIOSEO) 5.0.1.1\" \/>\n\t\t<meta property=\"og:locale\" content=\"en_US\" \/>\n\t\t<meta property=\"og:site_name\" content=\"Serbiantimes.info EN |\" \/>\n\t\t<meta property=\"og:type\" content=\"article\" \/>\n\t\t<meta property=\"og:title\" content=\"SANU CALLS FOR EDUCATION LAW TO BE WITHDRAWN: \u201cStudents\u2019, parents\u2019 and teachers\u2019 rights are being reduced!\u201d | Serbiantimes.info EN\" \/>\n\t\t<meta property=\"og:description\" content=\"The Education Board of the Serbian Academy of Sciences and Arts (SANU) announced today that the proposed amendments to the Law on the Foundations of the Education System (ZOSOV) do not correspond to the actual needs of Serbia\u2019s education system. \u201cInstead of measures aimed at improving the quality and modernizing education, the Draft narrows the\" \/>\n\t\t<meta property=\"og:url\" content=\"https:\/\/serbiantimes.info\/en\/sanu-calls-for-education-law-to-be-withdrawn-students-parents-and-teachers-rights-are-being-reduced\/\" \/>\n\t\t<meta property=\"og:image\" content=\"https:\/\/serbiantimes.info\/en\/wp-content\/uploads\/sites\/2\/2026\/09\/Copy-of-ST-Montaze-4-2.jpg\" \/>\n\t\t<meta property=\"og:image:secure_url\" content=\"https:\/\/serbiantimes.info\/en\/wp-content\/uploads\/sites\/2\/2026\/09\/Copy-of-ST-Montaze-4-2.jpg\" \/>\n\t\t<meta property=\"og:image:width\" content=\"1200\" \/>\n\t\t<meta property=\"og:image:height\" content=\"750\" \/>\n\t\t<meta property=\"article:published_time\" content=\"2026-09-03T11:35:31+00:00\" \/>\n\t\t<meta property=\"article:modified_time\" content=\"2026-09-03T11:35:32+00:00\" \/>\n\t\t<meta name=\"twitter:card\" content=\"summary_large_image\" \/>\n\t\t<meta name=\"twitter:title\" content=\"SANU CALLS FOR EDUCATION LAW TO BE WITHDRAWN: \u201cStudents\u2019, parents\u2019 and teachers\u2019 rights are being reduced!\u201d | Serbiantimes.info EN\" \/>\n\t\t<meta name=\"twitter:description\" content=\"The Education Board of the Serbian Academy of Sciences and Arts (SANU) announced today that the proposed amendments to the Law on the Foundations of the Education System (ZOSOV) do not correspond to the actual needs of Serbia\u2019s education system. \u201cInstead of measures aimed at improving the quality and modernizing education, the Draft narrows the\" \/>\n\t\t<meta name=\"twitter:image\" content=\"https:\/\/serbiantimes.info\/en\/wp-content\/uploads\/sites\/2\/2026\/09\/Copy-of-ST-Montaze-4-2.jpg\" \/>\n\t\t<script type=\"application\/ld+json\" class=\"aioseo-schema\">\n\t\t\t{\"@context\":\"https:\\\/\\\/schema.org\",\"@graph\":[{\"@type\":\"BlogPosting\",\"@id\":\"https:\\\/\\\/serbiantimes.info\\\/en\\\/sanu-calls-for-education-law-to-be-withdrawn-students-parents-and-teachers-rights-are-being-reduced\\\/#blogposting\",\"name\":\"SANU CALLS FOR EDUCATION LAW TO BE WITHDRAWN: \\u201cStudents\\u2019, parents\\u2019 and teachers\\u2019 rights are being reduced!\\u201d | Serbiantimes.info EN\",\"headline\":\"SANU CALLS FOR EDUCATION LAW TO BE WITHDRAWN: \\u201cStudents\\u2019, parents\\u2019 and teachers\\u2019 rights are being reduced!\\u201d\",\"author\":{\"@id\":\"https:\\\/\\\/serbiantimes.info\\\/en\\\/author\\\/trbojevicdjole\\\/#author\"},\"publisher\":{\"@id\":\"https:\\\/\\\/serbiantimes.info\\\/en\\\/#organization\"},\"image\":{\"@type\":\"ImageObject\",\"url\":\"https:\\\/\\\/serbiantimes.info\\\/en\\\/wp-content\\\/uploads\\\/sites\\\/2\\\/2026\\\/09\\\/Copy-of-ST-Montaze-4-2.jpg\",\"width\":1200,\"height\":750},\"datePublished\":\"2026-09-03T13:35:31+02:00\",\"dateModified\":\"2026-09-03T13:35:32+02:00\",\"inLanguage\":\"en-US\",\"mainEntityOfPage\":{\"@id\":\"https:\\\/\\\/serbiantimes.info\\\/en\\\/sanu-calls-for-education-law-to-be-withdrawn-students-parents-and-teachers-rights-are-being-reduced\\\/#webpage\"},\"isPartOf\":{\"@id\":\"https:\\\/\\\/serbiantimes.info\\\/en\\\/sanu-calls-for-education-law-to-be-withdrawn-students-parents-and-teachers-rights-are-being-reduced\\\/#webpage\"},\"articleSection\":\"SERBIA, Izmena, Ministar, nastavnici, obrazovanje, roditelji, SANU, zakon\"},{\"@type\":\"BreadcrumbList\",\"@id\":\"https:\\\/\\\/serbiantimes.info\\\/en\\\/sanu-calls-for-education-law-to-be-withdrawn-students-parents-and-teachers-rights-are-being-reduced\\\/#breadcrumblist\",\"itemListElement\":[{\"@type\":\"ListItem\",\"@id\":\"https:\\\/\\\/serbiantimes.info\\\/en#listItem\",\"position\":1,\"name\":\"Home\",\"item\":\"https:\\\/\\\/serbiantimes.info\\\/en\",\"nextItem\":{\"@type\":\"ListItem\",\"@id\":\"https:\\\/\\\/serbiantimes.info\\\/en\\\/category\\\/serbia\\\/#listItem\",\"name\":\"SERBIA\"}},{\"@type\":\"ListItem\",\"@id\":\"https:\\\/\\\/serbiantimes.info\\\/en\\\/category\\\/serbia\\\/#listItem\",\"position\":2,\"name\":\"SERBIA\",\"item\":\"https:\\\/\\\/serbiantimes.info\\\/en\\\/category\\\/serbia\\\/\",\"nextItem\":{\"@type\":\"ListItem\",\"@id\":\"https:\\\/\\\/serbiantimes.info\\\/en\\\/sanu-calls-for-education-law-to-be-withdrawn-students-parents-and-teachers-rights-are-being-reduced\\\/#listItem\",\"name\":\"SANU CALLS FOR EDUCATION LAW TO BE WITHDRAWN: \\u201cStudents\\u2019, parents\\u2019 and teachers\\u2019 rights are being reduced!\\u201d\"},\"previousItem\":{\"@type\":\"ListItem\",\"@id\":\"https:\\\/\\\/serbiantimes.info\\\/en#listItem\",\"name\":\"Home\"}},{\"@type\":\"ListItem\",\"@id\":\"https:\\\/\\\/serbiantimes.info\\\/en\\\/sanu-calls-for-education-law-to-be-withdrawn-students-parents-and-teachers-rights-are-being-reduced\\\/#listItem\",\"position\":3,\"name\":\"SANU CALLS FOR EDUCATION LAW TO BE WITHDRAWN: \\u201cStudents\\u2019, parents\\u2019 and teachers\\u2019 rights are being reduced!\\u201d\",\"previousItem\":{\"@type\":\"ListItem\",\"@id\":\"https:\\\/\\\/serbiantimes.info\\\/en\\\/category\\\/serbia\\\/#listItem\",\"name\":\"SERBIA\"}}]},{\"@type\":\"Organization\",\"@id\":\"https:\\\/\\\/serbiantimes.info\\\/en\\\/#organization\",\"name\":\"Serbiantimes.info EN\",\"url\":\"https:\\\/\\\/serbiantimes.info\\\/en\\\/\",\"logo\":{\"@type\":\"ImageObject\",\"url\":\"https:\\\/\\\/serbiantimes.info\\\/en\\\/wp-content\\\/uploads\\\/sites\\\/2\\\/2024\\\/10\\\/cropped-cropped-Serbian-Times-Header-Logo-1.png\",\"@id\":\"https:\\\/\\\/serbiantimes.info\\\/en\\\/sanu-calls-for-education-law-to-be-withdrawn-students-parents-and-teachers-rights-are-being-reduced\\\/#organizationLogo\",\"width\":480,\"height\":100},\"image\":{\"@id\":\"https:\\\/\\\/serbiantimes.info\\\/en\\\/sanu-calls-for-education-law-to-be-withdrawn-students-parents-and-teachers-rights-are-being-reduced\\\/#organizationLogo\"}},{\"@type\":\"Person\",\"@id\":\"https:\\\/\\\/serbiantimes.info\\\/en\\\/author\\\/trbojevicdjole\\\/#author\",\"url\":\"https:\\\/\\\/serbiantimes.info\\\/en\\\/author\\\/trbojevicdjole\\\/\",\"name\":\"trbojevicdjole\",\"image\":{\"@type\":\"ImageObject\",\"@id\":\"https:\\\/\\\/serbiantimes.info\\\/en\\\/sanu-calls-for-education-law-to-be-withdrawn-students-parents-and-teachers-rights-are-being-reduced\\\/#authorImage\",\"url\":\"https:\\\/\\\/secure.gravatar.com\\\/avatar\\\/712fa6c8451ad4e66a46f81508d15f9c29fb2ac68e5cb8cfde3c4ea4c8e7e416?s=96&d=mm&r=g\",\"width\":96,\"height\":96,\"caption\":\"trbojevicdjole\"}},{\"@type\":\"WebPage\",\"@id\":\"https:\\\/\\\/serbiantimes.info\\\/en\\\/sanu-calls-for-education-law-to-be-withdrawn-students-parents-and-teachers-rights-are-being-reduced\\\/#webpage\",\"url\":\"https:\\\/\\\/serbiantimes.info\\\/en\\\/sanu-calls-for-education-law-to-be-withdrawn-students-parents-and-teachers-rights-are-being-reduced\\\/\",\"name\":\"SANU CALLS FOR EDUCATION LAW TO BE WITHDRAWN: \\u201cStudents\\u2019, parents\\u2019 and teachers\\u2019 rights are being reduced!\\u201d | Serbiantimes.info EN\",\"description\":\"The Education Board of the Serbian Academy of Sciences and Arts (SANU) announced today that the proposed amendments to the Law on the Foundations of the Education System (ZOSOV) do not correspond to the actual needs of Serbia\\u2019s education system. \\u201cInstead of measures aimed at improving the quality and modernizing education, the Draft narrows the\",\"inLanguage\":\"en-US\",\"isPartOf\":{\"@id\":\"https:\\\/\\\/serbiantimes.info\\\/en\\\/#website\"},\"breadcrumb\":{\"@id\":\"https:\\\/\\\/serbiantimes.info\\\/en\\\/sanu-calls-for-education-law-to-be-withdrawn-students-parents-and-teachers-rights-are-being-reduced\\\/#breadcrumblist\"},\"author\":{\"@id\":\"https:\\\/\\\/serbiantimes.info\\\/en\\\/author\\\/trbojevicdjole\\\/#author\"},\"creator\":{\"@id\":\"https:\\\/\\\/serbiantimes.info\\\/en\\\/author\\\/trbojevicdjole\\\/#author\"},\"image\":{\"@type\":\"ImageObject\",\"url\":\"https:\\\/\\\/serbiantimes.info\\\/en\\\/wp-content\\\/uploads\\\/sites\\\/2\\\/2026\\\/09\\\/Copy-of-ST-Montaze-4-2.jpg\",\"@id\":\"https:\\\/\\\/serbiantimes.info\\\/en\\\/sanu-calls-for-education-law-to-be-withdrawn-students-parents-and-teachers-rights-are-being-reduced\\\/#mainImage\",\"width\":1200,\"height\":750},\"primaryImageOfPage\":{\"@id\":\"https:\\\/\\\/serbiantimes.info\\\/en\\\/sanu-calls-for-education-law-to-be-withdrawn-students-parents-and-teachers-rights-are-being-reduced\\\/#mainImage\"},\"datePublished\":\"2026-09-03T13:35:31+02:00\",\"dateModified\":\"2026-09-03T13:35:32+02:00\"},{\"@type\":\"WebSite\",\"@id\":\"https:\\\/\\\/serbiantimes.info\\\/en\\\/#website\",\"url\":\"https:\\\/\\\/serbiantimes.info\\\/en\\\/\",\"name\":\"Serbiantimes.info EN\",\"inLanguage\":\"en-US\",\"publisher\":{\"@id\":\"https:\\\/\\\/serbiantimes.info\\\/en\\\/#organization\"}}]}\n\t\t<\/script>\n\t\t<!-- All in One SEO -->\n\n","aioseo_head_json":{"title":"SANU CALLS FOR EDUCATION LAW TO BE WITHDRAWN: \u201cStudents\u2019, parents\u2019 and teachers\u2019 rights are being reduced!\u201d | Serbiantimes.info EN","description":"The Education Board of the Serbian Academy of Sciences and Arts (SANU) announced today that the proposed amendments to the Law on the Foundations of the Education System (ZOSOV) do not correspond to the actual needs of Serbia\u2019s education system. \u201cInstead of measures aimed at improving the quality and modernizing education, the Draft narrows the","canonical_url":"https:\/\/serbiantimes.info\/en\/sanu-calls-for-education-law-to-be-withdrawn-students-parents-and-teachers-rights-are-being-reduced\/","robots":"max-image-preview:large","keywords":"","webmasterTools":{"miscellaneous":""},"schema":{"@context":"https:\/\/schema.org","@graph":[{"@type":"BlogPosting","@id":"https:\/\/serbiantimes.info\/en\/sanu-calls-for-education-law-to-be-withdrawn-students-parents-and-teachers-rights-are-being-reduced\/#blogposting","name":"SANU CALLS FOR EDUCATION LAW TO BE WITHDRAWN: \u201cStudents\u2019, parents\u2019 and teachers\u2019 rights are being reduced!\u201d | Serbiantimes.info EN","headline":"SANU CALLS FOR EDUCATION LAW TO BE WITHDRAWN: \u201cStudents\u2019, parents\u2019 and teachers\u2019 rights are being reduced!\u201d","author":{"@id":"https:\/\/serbiantimes.info\/en\/author\/trbojevicdjole\/#author"},"publisher":{"@id":"https:\/\/serbiantimes.info\/en\/#organization"},"image":{"@type":"ImageObject","url":"https:\/\/serbiantimes.info\/en\/wp-content\/uploads\/sites\/2\/2026\/09\/Copy-of-ST-Montaze-4-2.jpg","width":1200,"height":750},"datePublished":"2026-09-03T13:35:31+02:00","dateModified":"2026-09-03T13:35:32+02:00","inLanguage":"en-US","mainEntityOfPage":{"@id":"https:\/\/serbiantimes.info\/en\/sanu-calls-for-education-law-to-be-withdrawn-students-parents-and-teachers-rights-are-being-reduced\/#webpage"},"isPartOf":{"@id":"https:\/\/serbiantimes.info\/en\/sanu-calls-for-education-law-to-be-withdrawn-students-parents-and-teachers-rights-are-being-reduced\/#webpage"},"articleSection":"SERBIA, Izmena, Ministar, nastavnici, obrazovanje, roditelji, SANU, zakon"},{"@type":"BreadcrumbList","@id":"https:\/\/serbiantimes.info\/en\/sanu-calls-for-education-law-to-be-withdrawn-students-parents-and-teachers-rights-are-being-reduced\/#breadcrumblist","itemListElement":[{"@type":"ListItem","@id":"https:\/\/serbiantimes.info\/en#listItem","position":1,"name":"Home","item":"https:\/\/serbiantimes.info\/en","nextItem":{"@type":"ListItem","@id":"https:\/\/serbiantimes.info\/en\/category\/serbia\/#listItem","name":"SERBIA"}},{"@type":"ListItem","@id":"https:\/\/serbiantimes.info\/en\/category\/serbia\/#listItem","position":2,"name":"SERBIA","item":"https:\/\/serbiantimes.info\/en\/category\/serbia\/","nextItem":{"@type":"ListItem","@id":"https:\/\/serbiantimes.info\/en\/sanu-calls-for-education-law-to-be-withdrawn-students-parents-and-teachers-rights-are-being-reduced\/#listItem","name":"SANU CALLS FOR EDUCATION LAW TO BE WITHDRAWN: \u201cStudents\u2019, parents\u2019 and teachers\u2019 rights are being reduced!\u201d"},"previousItem":{"@type":"ListItem","@id":"https:\/\/serbiantimes.info\/en#listItem","name":"Home"}},{"@type":"ListItem","@id":"https:\/\/serbiantimes.info\/en\/sanu-calls-for-education-law-to-be-withdrawn-students-parents-and-teachers-rights-are-being-reduced\/#listItem","position":3,"name":"SANU CALLS FOR EDUCATION LAW TO BE WITHDRAWN: \u201cStudents\u2019, parents\u2019 and teachers\u2019 rights are being reduced!\u201d","previousItem":{"@type":"ListItem","@id":"https:\/\/serbiantimes.info\/en\/category\/serbia\/#listItem","name":"SERBIA"}}]},{"@type":"Organization","@id":"https:\/\/serbiantimes.info\/en\/#organization","name":"Serbiantimes.info EN","url":"https:\/\/serbiantimes.info\/en\/","logo":{"@type":"ImageObject","url":"https:\/\/serbiantimes.info\/en\/wp-content\/uploads\/sites\/2\/2024\/10\/cropped-cropped-Serbian-Times-Header-Logo-1.png","@id":"https:\/\/serbiantimes.info\/en\/sanu-calls-for-education-law-to-be-withdrawn-students-parents-and-teachers-rights-are-being-reduced\/#organizationLogo","width":480,"height":100},"image":{"@id":"https:\/\/serbiantimes.info\/en\/sanu-calls-for-education-law-to-be-withdrawn-students-parents-and-teachers-rights-are-being-reduced\/#organizationLogo"}},{"@type":"Person","@id":"https:\/\/serbiantimes.info\/en\/author\/trbojevicdjole\/#author","url":"https:\/\/serbiantimes.info\/en\/author\/trbojevicdjole\/","name":"trbojevicdjole","image":{"@type":"ImageObject","@id":"https:\/\/serbiantimes.info\/en\/sanu-calls-for-education-law-to-be-withdrawn-students-parents-and-teachers-rights-are-being-reduced\/#authorImage","url":"https:\/\/secure.gravatar.com\/avatar\/712fa6c8451ad4e66a46f81508d15f9c29fb2ac68e5cb8cfde3c4ea4c8e7e416?s=96&d=mm&r=g","width":96,"height":96,"caption":"trbojevicdjole"}},{"@type":"WebPage","@id":"https:\/\/serbiantimes.info\/en\/sanu-calls-for-education-law-to-be-withdrawn-students-parents-and-teachers-rights-are-being-reduced\/#webpage","url":"https:\/\/serbiantimes.info\/en\/sanu-calls-for-education-law-to-be-withdrawn-students-parents-and-teachers-rights-are-being-reduced\/","name":"SANU CALLS FOR EDUCATION LAW TO BE WITHDRAWN: \u201cStudents\u2019, parents\u2019 and teachers\u2019 rights are being reduced!\u201d | Serbiantimes.info EN","description":"The Education Board of the Serbian Academy of Sciences and Arts (SANU) announced today that the proposed amendments to the Law on the Foundations of the Education System (ZOSOV) do not correspond to the actual needs of Serbia\u2019s education system. \u201cInstead of measures aimed at improving the quality and modernizing education, the Draft narrows the","inLanguage":"en-US","isPartOf":{"@id":"https:\/\/serbiantimes.info\/en\/#website"},"breadcrumb":{"@id":"https:\/\/serbiantimes.info\/en\/sanu-calls-for-education-law-to-be-withdrawn-students-parents-and-teachers-rights-are-being-reduced\/#breadcrumblist"},"author":{"@id":"https:\/\/serbiantimes.info\/en\/author\/trbojevicdjole\/#author"},"creator":{"@id":"https:\/\/serbiantimes.info\/en\/author\/trbojevicdjole\/#author"},"image":{"@type":"ImageObject","url":"https:\/\/serbiantimes.info\/en\/wp-content\/uploads\/sites\/2\/2026\/09\/Copy-of-ST-Montaze-4-2.jpg","@id":"https:\/\/serbiantimes.info\/en\/sanu-calls-for-education-law-to-be-withdrawn-students-parents-and-teachers-rights-are-being-reduced\/#mainImage","width":1200,"height":750},"primaryImageOfPage":{"@id":"https:\/\/serbiantimes.info\/en\/sanu-calls-for-education-law-to-be-withdrawn-students-parents-and-teachers-rights-are-being-reduced\/#mainImage"},"datePublished":"2026-09-03T13:35:31+02:00","dateModified":"2026-09-03T13:35:32+02:00"},{"@type":"WebSite","@id":"https:\/\/serbiantimes.info\/en\/#website","url":"https:\/\/serbiantimes.info\/en\/","name":"Serbiantimes.info EN","inLanguage":"en-US","publisher":{"@id":"https:\/\/serbiantimes.info\/en\/#organization"}}]},"og:locale":"en_US","og:site_name":"Serbiantimes.info EN |","og:type":"article","og:title":"SANU CALLS FOR EDUCATION LAW TO BE WITHDRAWN: \u201cStudents\u2019, parents\u2019 and teachers\u2019 rights are being reduced!\u201d | Serbiantimes.info EN","og:description":"The Education Board of the Serbian Academy of Sciences and Arts (SANU) announced today that the proposed amendments to the Law on the Foundations of the Education System (ZOSOV) do not correspond to the actual needs of Serbia\u2019s education system. \u201cInstead of measures aimed at improving the quality and modernizing education, the Draft narrows the","og:url":"https:\/\/serbiantimes.info\/en\/sanu-calls-for-education-law-to-be-withdrawn-students-parents-and-teachers-rights-are-being-reduced\/","og:image":"https:\/\/serbiantimes.info\/en\/wp-content\/uploads\/sites\/2\/2026\/09\/Copy-of-ST-Montaze-4-2.jpg","og:image:secure_url":"https:\/\/serbiantimes.info\/en\/wp-content\/uploads\/sites\/2\/2026\/09\/Copy-of-ST-Montaze-4-2.jpg","og:image:width":1200,"og:image:height":750,"article:published_time":"2026-09-03T11:35:31+00:00","article:modified_time":"2026-09-03T11:35:32+00:00","twitter:card":"summary_large_image","twitter:title":"SANU CALLS FOR EDUCATION LAW TO BE WITHDRAWN: \u201cStudents\u2019, parents\u2019 and teachers\u2019 rights are being reduced!\u201d | Serbiantimes.info EN","twitter:description":"The Education Board of the Serbian Academy of Sciences and Arts (SANU) announced today that the proposed amendments to the Law on the Foundations of the Education System (ZOSOV) do not correspond to the actual needs of Serbia\u2019s education system. \u201cInstead of measures aimed at improving the quality and modernizing education, the Draft narrows the","twitter:image":"https:\/\/serbiantimes.info\/en\/wp-content\/uploads\/sites\/2\/2026\/09\/Copy-of-ST-Montaze-4-2.jpg"},"aioseo_meta_data":{"post_id":"217570","title":null,"description":null,"keywords":null,"keyphrases":{"focus":{"keyphrase":"","score":0,"analysis":{"keyphraseInTitle":{"score":0,"maxScore":9,"error":1}}},"additional":[]},"primary_term":null,"canonical_url":null,"og_title":null,"og_description":null,"og_object_type":"default","og_image_type":"default","og_image_url":null,"og_image_width":null,"og_image_height":null,"og_image_custom_url":null,"og_image_custom_fields":null,"og_video":"","og_custom_url":null,"og_article_section":null,"og_article_tags":null,"twitter_use_og":false,"twitter_card":"default","twitter_image_type":"default","twitter_image_url":null,"twitter_image_custom_url":null,"twitter_image_custom_fields":null,"twitter_title":null,"twitter_description":null,"schema":{"blockGraphs":[],"customGraphs":[],"default":{"data":{"Article":[],"Course":[],"Dataset":[],"FAQPage":[],"Movie":[],"Person":[],"Product":[],"ProductReview":[],"Car":[],"Recipe":[],"Service":[],"SoftwareApplication":[],"WebPage":[]},"graphName":"BlogPosting","isEnabled":true},"graphs":[]},"schema_type":"default","schema_type_options":null,"pillar_content":false,"robots_default":true,"robots_noindex":false,"robots_noarchive":false,"robots_nosnippet":false,"robots_nofollow":false,"robots_noimageindex":false,"robots_noodp":false,"robots_notranslate":false,"robots_max_snippet":"-1","robots_max_videopreview":"-1","robots_max_imagepreview":"large","priority":null,"frequency":"default","local_seo":null,"breadcrumb_settings":null,"limit_modified_date":false,"ai":{"faqs":[],"keyPoints":[],"schemas":[],"titles":[],"descriptions":[],"socialPosts":{"email":{"subject":"","preview":"","content":""},"linkedin":[],"twitter":[],"facebook":[],"instagram":[]}},"created":"2026-09-03 11:25:03","updated":"2026-09-04 23:38:19","focus_keyword":null,"additional_keywords":null,"truseo_locale":null,"seo_analyzer_scan_date":null},"aioseo_breadcrumb":"<div class=\"aioseo-breadcrumbs\"><span class=\"aioseo-breadcrumb\">\n\t\t\t<a href=\"https:\/\/serbiantimes.info\/en\" title=\"Home\">Home<\/a>\n\t\t<\/span><span class=\"aioseo-breadcrumb-separator\">&raquo;<\/span><span class=\"aioseo-breadcrumb\">\n\t\t\t<a href=\"https:\/\/serbiantimes.info\/en\/category\/serbia\/\" title=\"SERBIA\">SERBIA<\/a>\n\t\t<\/span><span class=\"aioseo-breadcrumb-separator\">&raquo;<\/span><span class=\"aioseo-breadcrumb\">\n\t\t\tSANU CALLS FOR EDUCATION LAW TO BE WITHDRAWN: \u201cStudents\u2019, parents\u2019 and teachers\u2019 rights are being reduced!\u201d\n\t\t<\/span><\/div>","aioseo_breadcrumb_json":[{"label":"Home","link":"https:\/\/serbiantimes.info\/en"},{"label":"SERBIA","link":"https:\/\/serbiantimes.info\/en\/category\/serbia\/"},{"label":"SANU CALLS FOR EDUCATION LAW TO BE WITHDRAWN: \u201cStudents\u2019, parents\u2019 and teachers\u2019 rights are being reduced!\u201d","link":"https:\/\/serbiantimes.info\/en\/sanu-calls-for-education-law-to-be-withdrawn-students-parents-and-teachers-rights-are-being-reduced\/"}],"distributor_meta":false,"distributor_terms":false,"distributor_media":false,"distributor_original_site_name":"Serbiantimes.info EN","distributor_original_site_url":"https:\/\/serbiantimes.info\/en","push-errors":false,"_links":{"self":[{"href":"https:\/\/serbiantimes.info\/en\/wp-json\/wp\/v2\/posts\/217570","targetHints":{"allow":["GET"]}}],"collection":[{"href":"https:\/\/serbiantimes.info\/en\/wp-json\/wp\/v2\/posts"}],"about":[{"href":"https:\/\/serbiantimes.info\/en\/wp-json\/wp\/v2\/types\/post"}],"author":[{"embeddable":true,"href":"https:\/\/serbiantimes.info\/en\/wp-json\/wp\/v2\/users\/29081"}],"replies":[{"embeddable":true,"href":"https:\/\/serbiantimes.info\/en\/wp-json\/wp\/v2\/comments?post=217570"}],"version-history":[{"count":2,"href":"https:\/\/serbiantimes.info\/en\/wp-json\/wp\/v2\/posts\/217570\/revisions"}],"predecessor-version":[{"id":217610,"href":"https:\/\/serbiantimes.info\/en\/wp-json\/wp\/v2\/posts\/217570\/revisions\/217610"}],"wp:featuredmedia":[{"embeddable":true,"href":"https:\/\/serbiantimes.info\/en\/wp-json\/wp\/v2\/media\/217571"}],"wp:attachment":[{"href":"https:\/\/serbiantimes.info\/en\/wp-json\/wp\/v2\/media?parent=217570"}],"wp:term":[{"taxonomy":"category","embeddable":true,"href":"https:\/\/serbiantimes.info\/en\/wp-json\/wp\/v2\/categories?post=217570"},{"taxonomy":"post_tag","embeddable":true,"href":"https:\/\/serbiantimes.info\/en\/wp-json\/wp\/v2\/tags?post=217570"}],"curies":[{"name":"wp","href":"https:\/\/api.w.org\/{rel}","templated":true}]}}