{"id":217470,"date":"2026-09-02T14:57:09","date_gmt":"2026-09-02T12:57:09","guid":{"rendered":"https:\/\/serbiantimes.info\/en\/?p=217470"},"modified":"2026-09-02T14:57:11","modified_gmt":"2026-09-02T12:57:11","slug":"proudly-unfurled-the-serbian-tricolor-viktor-is-the-first-student-from-serbia-to-set-foot-at-the-north-pole","status":"publish","type":"post","link":"https:\/\/serbiantimes.info\/en\/proudly-unfurled-the-serbian-tricolor-viktor-is-the-first-student-from-serbia-to-set-foot-at-the-north-pole\/","title":{"rendered":"PROUDLY UNFURLED THE SERBIAN TRICOLOR: Viktor is the first student from Serbia to set foot at the North Pole!"},"content":{"rendered":"\n<p class=\"wp-block-paragraph\"><strong><em>\u201cIt was a pleasure to plant the Serbian flag at the very top of the world. I proudly unfurled it in the Arctic, at 90 degrees north latitude. It is an absolutely incredible feeling to realize that I am the first student from Serbia to have reached the<\/em><\/strong> <strong><em><a href=\"https:\/\/serbiantimes.info\/tag\/severni-pol\/#google_vignette\">North Pole<\/a>. When I held the Serbian flag at the Pole, I felt enormous pride and responsibility. I still cannot believe that I have become part of this unique Rosatom expedition.\u201d<\/em><\/strong><\/p>\n\n\n\n<p class=\"wp-block-paragraph\">This is how Viktor Franoli\u0107, an IT student at the <a href=\"https:\/\/serbiantimes.info\/tag\/gimnazija\/#google_vignette\">Sixth Belgrade Gymnasium<\/a>, who will begin his second year at the educational institution in a few days, speaks to \u201cNovosti.\u201d Still under the impression of his unforgettable journey to the North Pole as part of the seventh international scientific and educational expedition \u201cIcebreaker of Knowledge,\u201d which brought together talented schoolchildren from all over the world on the deck of the nuclear-powered icebreaker \u201c50 Years of Victory\u201d: from 22 countries and Russia. Among them was our Viktor, apparently officially the first citizen of Serbia at the North Pole.<\/p>\n\n\n\n<p class=\"wp-block-paragraph\">From Murmansk, where they arrived with one parent each, the young researchers embarked on a unique journey under the auspices of the state corporation \u201cRosatom.\u201d When the captain of the nuclear-powered icebreaker issued the official order to begin the voyage, the bow was directed toward the Arctic, and the route was Murmansk \u2013 North Pole \u2013 Franz Josef Land archipelago \u2013 Murmansk.<\/p>\n\n\n\n<p class=\"wp-block-paragraph\">\u201cThe entire journey lasted 15 days, while the voyage on the icebreaker lasted a total of 10 days,\u201d Viktor tells us.<\/p>\n\n\n\n<p class=\"wp-block-paragraph\">\u201cFrom Murmansk, we went directly toward the North Pole, and on the return journey we spent one day near one of the 191 islands in the Franz Josef Land archipelago.\u201d<\/p>\n\n\n\n<p class=\"wp-block-paragraph\">This trip to the Arctic will certainly be a journey he remembers for the rest of his life, but we asked him what left the biggest impression on him of everything they saw and visited.<\/p>\n\n\n\n<p class=\"wp-block-paragraph\">\u201cAt the North Pole, I remember the polar bear and the strong wind the most. Near Franz Josef Land, we saw many birds and an abandoned polar station. But the entire expedition was truly an unforgettable experience, and it is very difficult to choose one favorite moment. Throughout the expedition, temperatures ranged from one to 10 degrees, while at the North Pole itself it was minus five, accompanied by very strong winds.\u201d<\/p>\n\n\n\n<p class=\"wp-block-paragraph\">It is not easy to reach the North Pole, but those who have the privilege of reaching it across the Arctic Ocean carry unforgettable images with them forever.<\/p>\n\n\n\n<p class=\"wp-block-paragraph\">\u201cAt 90 degrees north latitude, we were surrounded by beautiful landscapes of the Arctic Ocean and very strong winds, but for me it was a wonderful achievement. And I will remember the Arctic Ocean for the breathtaking views into the distance across pieces of ice known as \u2018pancakes,\u2019 larger ice floes broken up by the icebreaker, and the calm, glass-like water flowing into the cracks,\u201d Viktor tells us, sharing fragments of his experience from this extraordinary journey.<\/p>\n\n\n\n<p class=\"wp-block-paragraph\">He returned to Serbia from the trip richer for having made new friends from Russia, Armenia, Bangladesh, Belarus, Bolivia, Brazil, Hungary, Vietnam, Egypt, India, Indonesia, Kazakhstan, China, Kyrgyzstan, Mongolia, Myanmar, Namibia, Rwanda, Tanzania, Turkey, Uzbekistan and the Republic of South Africa.<\/p>\n\n\n\n<p class=\"wp-block-paragraph\">\u201cWe were lucky enough to see as many as two polar bears, one while heading out at five in the morning, and the other just a few hundred meters from the top of the world, the Arctic. Near the Franz Josef Land archipelago, we watched a large flock of Arctic birds, while our parents enjoyed watching beluga whales near the shore of Teriberka during their excursion,\u201d Viktor says.<\/p>\n\n\n\n<p class=\"wp-block-paragraph\">\u201cThe 22 of us from abroad became friends very quickly and spent the entire expedition together. We are still in daily contact,\u201d Viktor says.<\/p>\n\n\n\n<p class=\"wp-block-paragraph\">From the very first moment after leaving the port in Murmansk, intensive work began aboard the ship. The program included theoretical lectures, workshops, interactive discussions, scientific experiments, as well as specialized consultations on career guidance. Eminent experts from various scientific fields worked with the young researchers.<\/p>\n\n\n\n<p class=\"wp-block-paragraph\">\u201cThe lectures were diverse, about polar bears, the marine world of the Arctic, the operation of a nuclear reactor, national dances&#8230; Most of all, we talked about the development of nuclear technology,\u201d Viktor reveals.<\/p>\n\n\n\n<figure class=\"wp-block-image size-large\"><img loading=\"lazy\" decoding=\"async\" width=\"1024\" height=\"640\" src=\"http:\/\/serbiantimes.info\/wp-content\/uploads\/sites\/2\/2026\/09\/DIPTIH-TRIPTIH-Serbian-Times-4-1024x640.jpg\" alt=\"\" class=\"wp-image-217471\" srcset=\"https:\/\/serbiantimes.info\/en\/wp-content\/uploads\/sites\/2\/2026\/09\/DIPTIH-TRIPTIH-Serbian-Times-4-1024x640.jpg 1024w, https:\/\/serbiantimes.info\/en\/wp-content\/uploads\/sites\/2\/2026\/09\/DIPTIH-TRIPTIH-Serbian-Times-4-300x188.jpg 300w, https:\/\/serbiantimes.info\/en\/wp-content\/uploads\/sites\/2\/2026\/09\/DIPTIH-TRIPTIH-Serbian-Times-4-768x480.jpg 768w, https:\/\/serbiantimes.info\/en\/wp-content\/uploads\/sites\/2\/2026\/09\/DIPTIH-TRIPTIH-Serbian-Times-4.jpg 1200w\" sizes=\"auto, (max-width: 1024px) 100vw, 1024px\" \/><\/figure>\n\n\n\n<h4 class=\"wp-block-heading\"><mark style=\"background-color:#FFFFFF;color:#d21414\" class=\"has-inline-color\">MORE TOPICS:<\/mark><\/h4>\n\n\n\n<p class=\"wp-block-paragraph\"><strong><a href=\"https:\/\/serbiantimes.info\/en\/we-wont-let-them-treat-us-like-tourists-drivers-from-bih-serbia-montenegro-and-macedonia-to-protest-tomorrow-threaten-border-blockades-if-brussels-does-not-back-down\/\" target=\"_blank\" rel=\"noopener\">\u201cWE WON\u2019T LET THEM TREAT US LIKE TOURISTS\u201d: Drivers from BiH, Serbia, Montenegro and Macedonia to protest tomorrow, threaten border blockades if Brussels does not back down!<\/a><\/strong><\/p>\n\n\n\n<p class=\"wp-block-paragraph\"><strong><a href=\"https:\/\/serbiantimes.info\/en\/with-the-money-of-citizens-who-have-no-water-cacak-spent-two-million-on-a-breskvica-concert-but-only-around-60-people-attended\/\" target=\"_blank\" rel=\"noopener\">WITH THE MONEY OF CITIZENS WHO HAVE NO WATER: \u010ca\u010dak spent two million on a Breskvica concert, but only around 60 people attended!<\/a><\/strong><\/p>\n\n\n\n<p class=\"wp-block-paragraph\"><strong><a href=\"https:\/\/serbiantimes.info\/en\/new-blow-to-education-government-preparing-a-law-that-will-punish-everyone-teachers-could-lose-their-licenses-while-students-could-be-transferred-out-of-school\/\" target=\"_blank\" rel=\"noopener\">NEW BLOW TO EDUCATION: Government preparing a law that will punish everyone \u2013 teachers could lose their licenses, while students could be transferred out of school!<\/a><\/strong><\/p>\n\n\n\n<p class=\"wp-block-paragraph\"><strong><a href=\"https:\/\/serbiantimes.info\/en\/the-medal-serbia-had-been-waiting-seven-years-for-marko-finishes-second-at-the-world-rowing-championships-silver-shining-like-gold\/\" target=\"_blank\" rel=\"noopener\">THE MEDAL SERBIA HAD BEEN WAITING SEVEN YEARS FOR: Marko finishes second at the World Rowing Championships, silver shining like gold!<\/a><\/strong><\/p>\n\n\n\n<p class=\"wp-block-paragraph\"><strong><a href=\"https:\/\/serbiantimes.info\/en\/human-and-sporting-greatness-dokovic-sends-powerful-words-to-one-of-his-greatest-rivals-on-his-induction-into-the-hall-of-fame-video\/\" target=\"_blank\" rel=\"noopener\">HUMAN AND SPORTING GREATNESS: \u0110okovi\u0107 sends powerful words to one of his greatest rivals on his induction into the Hall of Fame! (VIDEO)<\/a><\/strong><\/p>\n\n\n\n<p class=\"wp-block-paragraph\"><strong><a href=\"https:\/\/serbiantimes.info\/en\/gathered-in-honor-of-ratko-mladic-thousands-of-citizens-across-cities-in-republika-srpska-also-took-to-the-streets-last-night-to-pay-tribute-to-the-late-general-photo\/\" target=\"_blank\" rel=\"noopener\">GATHERED IN HONOR OF RATKO MLADI\u0106: Thousands of citizens across cities in Republika Srpska also took to the streets last night to pay tribute to the late general! (PHOTO)<\/a><\/strong><\/p>\n\n\n\n<p class=\"wp-block-paragraph\"><strong><strong>Source<\/strong>:<\/strong><strong>&nbsp;<\/strong><a href=\"https:\/\/www.novosti.rs\/reportaze\/vesti\/1642145\/ponosno-sam-razvio-srpsku-zastavu-severnom-polu-viktor-znanjem-osvojio-put-arktik-ruskim-ledolomcem-sada-jos-sumira-utiske-foto\" target=\"_blank\" rel=\"noopener\">Novosti<\/a>, <strong>Foto: <\/strong>Rosatom<\/p>\n\n\n\n<p class=\"wp-block-paragraph\"><\/p>\n","protected":false},"excerpt":{"rendered":"<p>\u201cIt was a pleasure to plant the Serbian flag at the very top of the world. I proudly unfurled it in the Arctic, at 90 degrees north latitude. It is an absolutely incredible feeling to realize that I am the first student from Serbia to have reached the North Pole. When I held the Serbian [&hellip;]<\/p>\n","protected":false},"author":2169,"featured_media":217472,"comment_status":"closed","ping_status":"closed","sticky":false,"template":"","format":"standard","meta":{"newspack_featured_image_position":"","newspack_post_subtitle":"","newspack_article_summary_title":"Overview:","newspack_article_summary":"","newspack_hide_updated_date":false,"newspack_show_updated_date":false,"footnotes":""},"categories":[7],"tags":[11825,10979,738,13462,113,5450,3024,14152],"class_list":["post-217470","post","type-post","status-publish","format-standard","has-post-thumbnail","hentry","category-serbia","tag-arktik","tag-ekspedicija","tag-rusija","tag-severni-pol","tag-srbija","tag-srednja-skola","tag-ucenik","tag-viktor-franolic","entry"],"aioseo_notices":[],"aioseo_head":"\n\t\t<!-- All in One SEO 5.0.1.1 - aioseo.com -->\n\t<meta name=\"description\" content=\"\u201cIt was a pleasure to plant the Serbian flag at the very top of the world. I proudly unfurled it in the Arctic, at 90 degrees north latitude. It is an absolutely incredible feeling to realize that I am the first student from Serbia to have reached the North Pole. When I held the Serbian\" \/>\n\t<meta name=\"robots\" content=\"max-image-preview:large\" \/>\n\t<meta name=\"author\" content=\"Serbian Times\"\/>\n\t<link rel=\"canonical\" href=\"https:\/\/serbiantimes.info\/en\/proudly-unfurled-the-serbian-tricolor-viktor-is-the-first-student-from-serbia-to-set-foot-at-the-north-pole\/\" \/>\n\t<meta name=\"generator\" content=\"All in One SEO (AIOSEO) 5.0.1.1\" \/>\n\t\t<meta property=\"og:locale\" content=\"en_US\" \/>\n\t\t<meta property=\"og:site_name\" content=\"Serbiantimes.info EN |\" \/>\n\t\t<meta property=\"og:type\" content=\"article\" \/>\n\t\t<meta property=\"og:title\" content=\"PROUDLY UNFURLED THE SERBIAN TRICOLOR: Viktor is the first student from Serbia to set foot at the North Pole! | Serbiantimes.info EN\" \/>\n\t\t<meta property=\"og:description\" content=\"\u201cIt was a pleasure to plant the Serbian flag at the very top of the world. I proudly unfurled it in the Arctic, at 90 degrees north latitude. It is an absolutely incredible feeling to realize that I am the first student from Serbia to have reached the North Pole. When I held the Serbian\" \/>\n\t\t<meta property=\"og:url\" content=\"https:\/\/serbiantimes.info\/en\/proudly-unfurled-the-serbian-tricolor-viktor-is-the-first-student-from-serbia-to-set-foot-at-the-north-pole\/\" \/>\n\t\t<meta property=\"og:image\" content=\"https:\/\/serbiantimes.info\/en\/wp-content\/uploads\/sites\/2\/2026\/09\/DIPTIH-TRIPTIH-Serbian-Times-3.jpg\" \/>\n\t\t<meta property=\"og:image:secure_url\" content=\"https:\/\/serbiantimes.info\/en\/wp-content\/uploads\/sites\/2\/2026\/09\/DIPTIH-TRIPTIH-Serbian-Times-3.jpg\" \/>\n\t\t<meta property=\"og:image:width\" content=\"1200\" \/>\n\t\t<meta property=\"og:image:height\" content=\"750\" \/>\n\t\t<meta property=\"article:published_time\" content=\"2026-09-02T12:57:09+00:00\" \/>\n\t\t<meta property=\"article:modified_time\" content=\"2026-09-02T12:57:11+00:00\" \/>\n\t\t<meta name=\"twitter:card\" content=\"summary_large_image\" \/>\n\t\t<meta name=\"twitter:title\" content=\"PROUDLY UNFURLED THE SERBIAN TRICOLOR: Viktor is the first student from Serbia to set foot at the North Pole! | Serbiantimes.info EN\" \/>\n\t\t<meta name=\"twitter:description\" content=\"\u201cIt was a pleasure to plant the Serbian flag at the very top of the world. I proudly unfurled it in the Arctic, at 90 degrees north latitude. It is an absolutely incredible feeling to realize that I am the first student from Serbia to have reached the North Pole. When I held the Serbian\" \/>\n\t\t<meta name=\"twitter:image\" content=\"https:\/\/serbiantimes.info\/en\/wp-content\/uploads\/sites\/2\/2026\/09\/DIPTIH-TRIPTIH-Serbian-Times-3.jpg\" \/>\n\t\t<script type=\"application\/ld+json\" class=\"aioseo-schema\">\n\t\t\t{\"@context\":\"https:\\\/\\\/schema.org\",\"@graph\":[{\"@type\":\"BlogPosting\",\"@id\":\"https:\\\/\\\/serbiantimes.info\\\/en\\\/proudly-unfurled-the-serbian-tricolor-viktor-is-the-first-student-from-serbia-to-set-foot-at-the-north-pole\\\/#blogposting\",\"name\":\"PROUDLY UNFURLED THE SERBIAN TRICOLOR: Viktor is the first student from Serbia to set foot at the North Pole! | Serbiantimes.info EN\",\"headline\":\"PROUDLY UNFURLED THE SERBIAN TRICOLOR: Viktor is the first student from Serbia to set foot at the North Pole!\",\"author\":{\"@id\":\"https:\\\/\\\/serbiantimes.info\\\/en\\\/author\\\/serbiantimes-portal\\\/#author\"},\"publisher\":{\"@id\":\"https:\\\/\\\/serbiantimes.info\\\/en\\\/#organization\"},\"image\":{\"@type\":\"ImageObject\",\"url\":\"https:\\\/\\\/serbiantimes.info\\\/en\\\/wp-content\\\/uploads\\\/sites\\\/2\\\/2026\\\/09\\\/DIPTIH-TRIPTIH-Serbian-Times-3.jpg\",\"width\":1200,\"height\":750},\"datePublished\":\"2026-09-02T14:57:09+02:00\",\"dateModified\":\"2026-09-02T14:57:11+02:00\",\"inLanguage\":\"en-US\",\"mainEntityOfPage\":{\"@id\":\"https:\\\/\\\/serbiantimes.info\\\/en\\\/proudly-unfurled-the-serbian-tricolor-viktor-is-the-first-student-from-serbia-to-set-foot-at-the-north-pole\\\/#webpage\"},\"isPartOf\":{\"@id\":\"https:\\\/\\\/serbiantimes.info\\\/en\\\/proudly-unfurled-the-serbian-tricolor-viktor-is-the-first-student-from-serbia-to-set-foot-at-the-north-pole\\\/#webpage\"},\"articleSection\":\"SERBIA, Arktik, ekspedicija, Rusija, severni pol, Srbija, srednja \\u0161kola, u\\u010denik, viktor franoli\\u0107\"},{\"@type\":\"BreadcrumbList\",\"@id\":\"https:\\\/\\\/serbiantimes.info\\\/en\\\/proudly-unfurled-the-serbian-tricolor-viktor-is-the-first-student-from-serbia-to-set-foot-at-the-north-pole\\\/#breadcrumblist\",\"itemListElement\":[{\"@type\":\"ListItem\",\"@id\":\"https:\\\/\\\/serbiantimes.info\\\/en#listItem\",\"position\":1,\"name\":\"Home\",\"item\":\"https:\\\/\\\/serbiantimes.info\\\/en\",\"nextItem\":{\"@type\":\"ListItem\",\"@id\":\"https:\\\/\\\/serbiantimes.info\\\/en\\\/category\\\/serbia\\\/#listItem\",\"name\":\"SERBIA\"}},{\"@type\":\"ListItem\",\"@id\":\"https:\\\/\\\/serbiantimes.info\\\/en\\\/category\\\/serbia\\\/#listItem\",\"position\":2,\"name\":\"SERBIA\",\"item\":\"https:\\\/\\\/serbiantimes.info\\\/en\\\/category\\\/serbia\\\/\",\"nextItem\":{\"@type\":\"ListItem\",\"@id\":\"https:\\\/\\\/serbiantimes.info\\\/en\\\/proudly-unfurled-the-serbian-tricolor-viktor-is-the-first-student-from-serbia-to-set-foot-at-the-north-pole\\\/#listItem\",\"name\":\"PROUDLY UNFURLED THE SERBIAN TRICOLOR: Viktor is the first student from Serbia to set foot at the North Pole!\"},\"previousItem\":{\"@type\":\"ListItem\",\"@id\":\"https:\\\/\\\/serbiantimes.info\\\/en#listItem\",\"name\":\"Home\"}},{\"@type\":\"ListItem\",\"@id\":\"https:\\\/\\\/serbiantimes.info\\\/en\\\/proudly-unfurled-the-serbian-tricolor-viktor-is-the-first-student-from-serbia-to-set-foot-at-the-north-pole\\\/#listItem\",\"position\":3,\"name\":\"PROUDLY UNFURLED THE SERBIAN TRICOLOR: Viktor is the first student from Serbia to set foot at the North Pole!\",\"previousItem\":{\"@type\":\"ListItem\",\"@id\":\"https:\\\/\\\/serbiantimes.info\\\/en\\\/category\\\/serbia\\\/#listItem\",\"name\":\"SERBIA\"}}]},{\"@type\":\"Organization\",\"@id\":\"https:\\\/\\\/serbiantimes.info\\\/en\\\/#organization\",\"name\":\"Serbiantimes.info EN\",\"url\":\"https:\\\/\\\/serbiantimes.info\\\/en\\\/\",\"logo\":{\"@type\":\"ImageObject\",\"url\":\"https:\\\/\\\/serbiantimes.info\\\/en\\\/wp-content\\\/uploads\\\/sites\\\/2\\\/2024\\\/10\\\/cropped-cropped-Serbian-Times-Header-Logo-1.png\",\"@id\":\"https:\\\/\\\/serbiantimes.info\\\/en\\\/proudly-unfurled-the-serbian-tricolor-viktor-is-the-first-student-from-serbia-to-set-foot-at-the-north-pole\\\/#organizationLogo\",\"width\":480,\"height\":100},\"image\":{\"@id\":\"https:\\\/\\\/serbiantimes.info\\\/en\\\/proudly-unfurled-the-serbian-tricolor-viktor-is-the-first-student-from-serbia-to-set-foot-at-the-north-pole\\\/#organizationLogo\"}},{\"@type\":\"Person\",\"@id\":\"https:\\\/\\\/serbiantimes.info\\\/en\\\/author\\\/serbiantimes-portal\\\/#author\",\"url\":\"https:\\\/\\\/serbiantimes.info\\\/en\\\/author\\\/serbiantimes-portal\\\/\",\"name\":\"Serbian Times\",\"image\":{\"@type\":\"ImageObject\",\"@id\":\"https:\\\/\\\/serbiantimes.info\\\/en\\\/proudly-unfurled-the-serbian-tricolor-viktor-is-the-first-student-from-serbia-to-set-foot-at-the-north-pole\\\/#authorImage\",\"url\":\"https:\\\/\\\/secure.gravatar.com\\\/avatar\\\/ea76e009769270b4193e2bc7e032c096b4ae135483ec03b396fd0f520bc3dcfd?s=96&d=mm&r=g\",\"width\":96,\"height\":96,\"caption\":\"Serbian Times\"}},{\"@type\":\"WebPage\",\"@id\":\"https:\\\/\\\/serbiantimes.info\\\/en\\\/proudly-unfurled-the-serbian-tricolor-viktor-is-the-first-student-from-serbia-to-set-foot-at-the-north-pole\\\/#webpage\",\"url\":\"https:\\\/\\\/serbiantimes.info\\\/en\\\/proudly-unfurled-the-serbian-tricolor-viktor-is-the-first-student-from-serbia-to-set-foot-at-the-north-pole\\\/\",\"name\":\"PROUDLY UNFURLED THE SERBIAN TRICOLOR: Viktor is the first student from Serbia to set foot at the North Pole! | Serbiantimes.info EN\",\"description\":\"\\u201cIt was a pleasure to plant the Serbian flag at the very top of the world. I proudly unfurled it in the Arctic, at 90 degrees north latitude. It is an absolutely incredible feeling to realize that I am the first student from Serbia to have reached the North Pole. When I held the Serbian\",\"inLanguage\":\"en-US\",\"isPartOf\":{\"@id\":\"https:\\\/\\\/serbiantimes.info\\\/en\\\/#website\"},\"breadcrumb\":{\"@id\":\"https:\\\/\\\/serbiantimes.info\\\/en\\\/proudly-unfurled-the-serbian-tricolor-viktor-is-the-first-student-from-serbia-to-set-foot-at-the-north-pole\\\/#breadcrumblist\"},\"author\":{\"@id\":\"https:\\\/\\\/serbiantimes.info\\\/en\\\/author\\\/serbiantimes-portal\\\/#author\"},\"creator\":{\"@id\":\"https:\\\/\\\/serbiantimes.info\\\/en\\\/author\\\/serbiantimes-portal\\\/#author\"},\"image\":{\"@type\":\"ImageObject\",\"url\":\"https:\\\/\\\/serbiantimes.info\\\/en\\\/wp-content\\\/uploads\\\/sites\\\/2\\\/2026\\\/09\\\/DIPTIH-TRIPTIH-Serbian-Times-3.jpg\",\"@id\":\"https:\\\/\\\/serbiantimes.info\\\/en\\\/proudly-unfurled-the-serbian-tricolor-viktor-is-the-first-student-from-serbia-to-set-foot-at-the-north-pole\\\/#mainImage\",\"width\":1200,\"height\":750},\"primaryImageOfPage\":{\"@id\":\"https:\\\/\\\/serbiantimes.info\\\/en\\\/proudly-unfurled-the-serbian-tricolor-viktor-is-the-first-student-from-serbia-to-set-foot-at-the-north-pole\\\/#mainImage\"},\"datePublished\":\"2026-09-02T14:57:09+02:00\",\"dateModified\":\"2026-09-02T14:57:11+02:00\"},{\"@type\":\"WebSite\",\"@id\":\"https:\\\/\\\/serbiantimes.info\\\/en\\\/#website\",\"url\":\"https:\\\/\\\/serbiantimes.info\\\/en\\\/\",\"name\":\"Serbiantimes.info EN\",\"inLanguage\":\"en-US\",\"publisher\":{\"@id\":\"https:\\\/\\\/serbiantimes.info\\\/en\\\/#organization\"}}]}\n\t\t<\/script>\n\t\t<!-- All in One SEO -->\n\n","aioseo_head_json":{"title":"PROUDLY UNFURLED THE SERBIAN TRICOLOR: Viktor is the first student from Serbia to set foot at the North Pole! | Serbiantimes.info EN","description":"\u201cIt was a pleasure to plant the Serbian flag at the very top of the world. I proudly unfurled it in the Arctic, at 90 degrees north latitude. It is an absolutely incredible feeling to realize that I am the first student from Serbia to have reached the North Pole. When I held the Serbian","canonical_url":"https:\/\/serbiantimes.info\/en\/proudly-unfurled-the-serbian-tricolor-viktor-is-the-first-student-from-serbia-to-set-foot-at-the-north-pole\/","robots":"max-image-preview:large","keywords":"","webmasterTools":{"miscellaneous":""},"schema":{"@context":"https:\/\/schema.org","@graph":[{"@type":"BlogPosting","@id":"https:\/\/serbiantimes.info\/en\/proudly-unfurled-the-serbian-tricolor-viktor-is-the-first-student-from-serbia-to-set-foot-at-the-north-pole\/#blogposting","name":"PROUDLY UNFURLED THE SERBIAN TRICOLOR: Viktor is the first student from Serbia to set foot at the North Pole! | Serbiantimes.info EN","headline":"PROUDLY UNFURLED THE SERBIAN TRICOLOR: Viktor is the first student from Serbia to set foot at the North Pole!","author":{"@id":"https:\/\/serbiantimes.info\/en\/author\/serbiantimes-portal\/#author"},"publisher":{"@id":"https:\/\/serbiantimes.info\/en\/#organization"},"image":{"@type":"ImageObject","url":"https:\/\/serbiantimes.info\/en\/wp-content\/uploads\/sites\/2\/2026\/09\/DIPTIH-TRIPTIH-Serbian-Times-3.jpg","width":1200,"height":750},"datePublished":"2026-09-02T14:57:09+02:00","dateModified":"2026-09-02T14:57:11+02:00","inLanguage":"en-US","mainEntityOfPage":{"@id":"https:\/\/serbiantimes.info\/en\/proudly-unfurled-the-serbian-tricolor-viktor-is-the-first-student-from-serbia-to-set-foot-at-the-north-pole\/#webpage"},"isPartOf":{"@id":"https:\/\/serbiantimes.info\/en\/proudly-unfurled-the-serbian-tricolor-viktor-is-the-first-student-from-serbia-to-set-foot-at-the-north-pole\/#webpage"},"articleSection":"SERBIA, Arktik, ekspedicija, Rusija, severni pol, Srbija, srednja \u0161kola, u\u010denik, viktor franoli\u0107"},{"@type":"BreadcrumbList","@id":"https:\/\/serbiantimes.info\/en\/proudly-unfurled-the-serbian-tricolor-viktor-is-the-first-student-from-serbia-to-set-foot-at-the-north-pole\/#breadcrumblist","itemListElement":[{"@type":"ListItem","@id":"https:\/\/serbiantimes.info\/en#listItem","position":1,"name":"Home","item":"https:\/\/serbiantimes.info\/en","nextItem":{"@type":"ListItem","@id":"https:\/\/serbiantimes.info\/en\/category\/serbia\/#listItem","name":"SERBIA"}},{"@type":"ListItem","@id":"https:\/\/serbiantimes.info\/en\/category\/serbia\/#listItem","position":2,"name":"SERBIA","item":"https:\/\/serbiantimes.info\/en\/category\/serbia\/","nextItem":{"@type":"ListItem","@id":"https:\/\/serbiantimes.info\/en\/proudly-unfurled-the-serbian-tricolor-viktor-is-the-first-student-from-serbia-to-set-foot-at-the-north-pole\/#listItem","name":"PROUDLY UNFURLED THE SERBIAN TRICOLOR: Viktor is the first student from Serbia to set foot at the North Pole!"},"previousItem":{"@type":"ListItem","@id":"https:\/\/serbiantimes.info\/en#listItem","name":"Home"}},{"@type":"ListItem","@id":"https:\/\/serbiantimes.info\/en\/proudly-unfurled-the-serbian-tricolor-viktor-is-the-first-student-from-serbia-to-set-foot-at-the-north-pole\/#listItem","position":3,"name":"PROUDLY UNFURLED THE SERBIAN TRICOLOR: Viktor is the first student from Serbia to set foot at the North Pole!","previousItem":{"@type":"ListItem","@id":"https:\/\/serbiantimes.info\/en\/category\/serbia\/#listItem","name":"SERBIA"}}]},{"@type":"Organization","@id":"https:\/\/serbiantimes.info\/en\/#organization","name":"Serbiantimes.info EN","url":"https:\/\/serbiantimes.info\/en\/","logo":{"@type":"ImageObject","url":"https:\/\/serbiantimes.info\/en\/wp-content\/uploads\/sites\/2\/2024\/10\/cropped-cropped-Serbian-Times-Header-Logo-1.png","@id":"https:\/\/serbiantimes.info\/en\/proudly-unfurled-the-serbian-tricolor-viktor-is-the-first-student-from-serbia-to-set-foot-at-the-north-pole\/#organizationLogo","width":480,"height":100},"image":{"@id":"https:\/\/serbiantimes.info\/en\/proudly-unfurled-the-serbian-tricolor-viktor-is-the-first-student-from-serbia-to-set-foot-at-the-north-pole\/#organizationLogo"}},{"@type":"Person","@id":"https:\/\/serbiantimes.info\/en\/author\/serbiantimes-portal\/#author","url":"https:\/\/serbiantimes.info\/en\/author\/serbiantimes-portal\/","name":"Serbian Times","image":{"@type":"ImageObject","@id":"https:\/\/serbiantimes.info\/en\/proudly-unfurled-the-serbian-tricolor-viktor-is-the-first-student-from-serbia-to-set-foot-at-the-north-pole\/#authorImage","url":"https:\/\/secure.gravatar.com\/avatar\/ea76e009769270b4193e2bc7e032c096b4ae135483ec03b396fd0f520bc3dcfd?s=96&d=mm&r=g","width":96,"height":96,"caption":"Serbian Times"}},{"@type":"WebPage","@id":"https:\/\/serbiantimes.info\/en\/proudly-unfurled-the-serbian-tricolor-viktor-is-the-first-student-from-serbia-to-set-foot-at-the-north-pole\/#webpage","url":"https:\/\/serbiantimes.info\/en\/proudly-unfurled-the-serbian-tricolor-viktor-is-the-first-student-from-serbia-to-set-foot-at-the-north-pole\/","name":"PROUDLY UNFURLED THE SERBIAN TRICOLOR: Viktor is the first student from Serbia to set foot at the North Pole! | Serbiantimes.info EN","description":"\u201cIt was a pleasure to plant the Serbian flag at the very top of the world. I proudly unfurled it in the Arctic, at 90 degrees north latitude. It is an absolutely incredible feeling to realize that I am the first student from Serbia to have reached the North Pole. When I held the Serbian","inLanguage":"en-US","isPartOf":{"@id":"https:\/\/serbiantimes.info\/en\/#website"},"breadcrumb":{"@id":"https:\/\/serbiantimes.info\/en\/proudly-unfurled-the-serbian-tricolor-viktor-is-the-first-student-from-serbia-to-set-foot-at-the-north-pole\/#breadcrumblist"},"author":{"@id":"https:\/\/serbiantimes.info\/en\/author\/serbiantimes-portal\/#author"},"creator":{"@id":"https:\/\/serbiantimes.info\/en\/author\/serbiantimes-portal\/#author"},"image":{"@type":"ImageObject","url":"https:\/\/serbiantimes.info\/en\/wp-content\/uploads\/sites\/2\/2026\/09\/DIPTIH-TRIPTIH-Serbian-Times-3.jpg","@id":"https:\/\/serbiantimes.info\/en\/proudly-unfurled-the-serbian-tricolor-viktor-is-the-first-student-from-serbia-to-set-foot-at-the-north-pole\/#mainImage","width":1200,"height":750},"primaryImageOfPage":{"@id":"https:\/\/serbiantimes.info\/en\/proudly-unfurled-the-serbian-tricolor-viktor-is-the-first-student-from-serbia-to-set-foot-at-the-north-pole\/#mainImage"},"datePublished":"2026-09-02T14:57:09+02:00","dateModified":"2026-09-02T14:57:11+02:00"},{"@type":"WebSite","@id":"https:\/\/serbiantimes.info\/en\/#website","url":"https:\/\/serbiantimes.info\/en\/","name":"Serbiantimes.info EN","inLanguage":"en-US","publisher":{"@id":"https:\/\/serbiantimes.info\/en\/#organization"}}]},"og:locale":"en_US","og:site_name":"Serbiantimes.info EN |","og:type":"article","og:title":"PROUDLY UNFURLED THE SERBIAN TRICOLOR: Viktor is the first student from Serbia to set foot at the North Pole! | Serbiantimes.info EN","og:description":"\u201cIt was a pleasure to plant the Serbian flag at the very top of the world. I proudly unfurled it in the Arctic, at 90 degrees north latitude. It is an absolutely incredible feeling to realize that I am the first student from Serbia to have reached the North Pole. When I held the Serbian","og:url":"https:\/\/serbiantimes.info\/en\/proudly-unfurled-the-serbian-tricolor-viktor-is-the-first-student-from-serbia-to-set-foot-at-the-north-pole\/","og:image":"https:\/\/serbiantimes.info\/en\/wp-content\/uploads\/sites\/2\/2026\/09\/DIPTIH-TRIPTIH-Serbian-Times-3.jpg","og:image:secure_url":"https:\/\/serbiantimes.info\/en\/wp-content\/uploads\/sites\/2\/2026\/09\/DIPTIH-TRIPTIH-Serbian-Times-3.jpg","og:image:width":1200,"og:image:height":750,"article:published_time":"2026-09-02T12:57:09+00:00","article:modified_time":"2026-09-02T12:57:11+00:00","twitter:card":"summary_large_image","twitter:title":"PROUDLY UNFURLED THE SERBIAN TRICOLOR: Viktor is the first student from Serbia to set foot at the North Pole! | Serbiantimes.info EN","twitter:description":"\u201cIt was a pleasure to plant the Serbian flag at the very top of the world. I proudly unfurled it in the Arctic, at 90 degrees north latitude. It is an absolutely incredible feeling to realize that I am the first student from Serbia to have reached the North Pole. When I held the Serbian","twitter:image":"https:\/\/serbiantimes.info\/en\/wp-content\/uploads\/sites\/2\/2026\/09\/DIPTIH-TRIPTIH-Serbian-Times-3.jpg"},"aioseo_meta_data":{"post_id":"217470","title":null,"description":null,"keywords":null,"keyphrases":{"focus":{"keyphrase":"","score":0,"analysis":{"keyphraseInTitle":{"score":0,"maxScore":9,"error":1}}},"additional":[]},"primary_term":null,"canonical_url":null,"og_title":null,"og_description":null,"og_object_type":"default","og_image_type":"default","og_image_url":null,"og_image_width":null,"og_image_height":null,"og_image_custom_url":null,"og_image_custom_fields":null,"og_video":"","og_custom_url":null,"og_article_section":null,"og_article_tags":null,"twitter_use_og":false,"twitter_card":"default","twitter_image_type":"default","twitter_image_url":null,"twitter_image_custom_url":null,"twitter_image_custom_fields":null,"twitter_title":null,"twitter_description":null,"schema":{"blockGraphs":[],"customGraphs":[],"default":{"data":{"Article":[],"Course":[],"Dataset":[],"FAQPage":[],"Movie":[],"Person":[],"Product":[],"ProductReview":[],"Car":[],"Recipe":[],"Service":[],"SoftwareApplication":[],"WebPage":[]},"graphName":"BlogPosting","isEnabled":true},"graphs":[]},"schema_type":"default","schema_type_options":null,"pillar_content":false,"robots_default":true,"robots_noindex":false,"robots_noarchive":false,"robots_nosnippet":false,"robots_nofollow":false,"robots_noimageindex":false,"robots_noodp":false,"robots_notranslate":false,"robots_max_snippet":"-1","robots_max_videopreview":"-1","robots_max_imagepreview":"large","priority":null,"frequency":"default","local_seo":null,"breadcrumb_settings":null,"limit_modified_date":false,"ai":{"faqs":[],"keyPoints":[],"schemas":[],"titles":[],"descriptions":[],"socialPosts":{"email":{"subject":"","preview":"","content":""},"linkedin":[],"twitter":[],"facebook":[],"instagram":[]}},"created":"2026-09-02 11:58:13","updated":"2026-09-02 13:00:21","focus_keyword":null,"additional_keywords":null,"truseo_locale":null,"seo_analyzer_scan_date":null},"aioseo_breadcrumb":"<div class=\"aioseo-breadcrumbs\"><span class=\"aioseo-breadcrumb\">\n\t\t\t<a href=\"https:\/\/serbiantimes.info\/en\" title=\"Home\">Home<\/a>\n\t\t<\/span><span class=\"aioseo-breadcrumb-separator\">&raquo;<\/span><span class=\"aioseo-breadcrumb\">\n\t\t\t<a href=\"https:\/\/serbiantimes.info\/en\/category\/serbia\/\" title=\"SERBIA\">SERBIA<\/a>\n\t\t<\/span><span class=\"aioseo-breadcrumb-separator\">&raquo;<\/span><span class=\"aioseo-breadcrumb\">\n\t\t\tPROUDLY UNFURLED THE SERBIAN TRICOLOR: Viktor is the first student from Serbia to set foot at the North Pole!\n\t\t<\/span><\/div>","aioseo_breadcrumb_json":[{"label":"Home","link":"https:\/\/serbiantimes.info\/en"},{"label":"SERBIA","link":"https:\/\/serbiantimes.info\/en\/category\/serbia\/"},{"label":"PROUDLY UNFURLED THE SERBIAN TRICOLOR: Viktor is the first student from Serbia to set foot at the North Pole!","link":"https:\/\/serbiantimes.info\/en\/proudly-unfurled-the-serbian-tricolor-viktor-is-the-first-student-from-serbia-to-set-foot-at-the-north-pole\/"}],"distributor_meta":false,"distributor_terms":false,"distributor_media":false,"distributor_original_site_name":"Serbiantimes.info EN","distributor_original_site_url":"https:\/\/serbiantimes.info\/en","push-errors":false,"_links":{"self":[{"href":"https:\/\/serbiantimes.info\/en\/wp-json\/wp\/v2\/posts\/217470","targetHints":{"allow":["GET"]}}],"collection":[{"href":"https:\/\/serbiantimes.info\/en\/wp-json\/wp\/v2\/posts"}],"about":[{"href":"https:\/\/serbiantimes.info\/en\/wp-json\/wp\/v2\/types\/post"}],"author":[{"embeddable":true,"href":"https:\/\/serbiantimes.info\/en\/wp-json\/wp\/v2\/users\/2169"}],"replies":[{"embeddable":true,"href":"https:\/\/serbiantimes.info\/en\/wp-json\/wp\/v2\/comments?post=217470"}],"version-history":[{"count":3,"href":"https:\/\/serbiantimes.info\/en\/wp-json\/wp\/v2\/posts\/217470\/revisions"}],"predecessor-version":[{"id":217546,"href":"https:\/\/serbiantimes.info\/en\/wp-json\/wp\/v2\/posts\/217470\/revisions\/217546"}],"wp:featuredmedia":[{"embeddable":true,"href":"https:\/\/serbiantimes.info\/en\/wp-json\/wp\/v2\/media\/217472"}],"wp:attachment":[{"href":"https:\/\/serbiantimes.info\/en\/wp-json\/wp\/v2\/media?parent=217470"}],"wp:term":[{"taxonomy":"category","embeddable":true,"href":"https:\/\/serbiantimes.info\/en\/wp-json\/wp\/v2\/categories?post=217470"},{"taxonomy":"post_tag","embeddable":true,"href":"https:\/\/serbiantimes.info\/en\/wp-json\/wp\/v2\/tags?post=217470"}],"curies":[{"name":"wp","href":"https:\/\/api.w.org\/{rel}","templated":true}]}}