{"id":217456,"date":"2026-09-02T14:52:10","date_gmt":"2026-09-02T12:52:10","guid":{"rendered":"https:\/\/serbiantimes.info\/en\/?p=217456"},"modified":"2026-09-02T14:52:12","modified_gmt":"2026-09-02T12:52:12","slug":"vucic-writes-to-pensioners-again-in-the-letter-he-reminds-them-of-state-aid-and-the-upcoming-elections-crta-claims-he-is-abusing-personal-data","status":"publish","type":"post","link":"https:\/\/serbiantimes.info\/en\/vucic-writes-to-pensioners-again-in-the-letter-he-reminds-them-of-state-aid-and-the-upcoming-elections-crta-claims-he-is-abusing-personal-data\/","title":{"rendered":"VU\u010cI\u0106 WRITES TO PENSIONERS AGAIN: In the letter, he reminds them of state aid and the upcoming elections, CRTA claims he is abusing personal data!"},"content":{"rendered":"\n<p class=\"wp-block-paragraph\"><strong><em>Aleksandar Vu\u010di\u0107 is once again sending letters to pensioners and once again abusing personal data. In the letter he signs, Vu\u010di\u0107 flatters the oldest members of society, the largest voting bloc, reminding them that they will receive state aid, but also that the elections are approaching and that they should choose whom to vote for. The Center for Research, Transparency and Accountability (CRTA) explains that this is a total abuse of public resources for the purpose of political promotion.<\/em><\/strong><\/p>\n\n\n\n<p class=\"wp-block-paragraph\"><a href=\"https:\/\/serbiantimes.info\/tag\/penzioneri\/\">Pensioners<\/a> make up a third of the electorate in Serbia, they will soon receive one-time state aid, as well as a letter personally signed by <a href=\"https:\/\/serbiantimes.info\/tag\/predsednik\/\">Aleksandar Vu\u010di\u0107<\/a>.<\/p>\n\n\n\n<p class=\"wp-block-paragraph\">This time, the president tells them in the letter that he &#8220;was worried about the high price of medicines&#8221; and that he is now &#8220;happy that the costs of purchasing these most important medicines are significantly lower.&#8221;<\/p>\n\n\n\n<p class=\"wp-block-paragraph\">&#8220;We have done a lot, given tourist vouchers to the most vulnerable. But I know that we still have not provided a sufficient number of centers for the elderly and our veterans, that we still have not resolved all the issues related to early retirement, as well as many other matters,&#8221; the president writes in his letter to pensioners, adding:<\/p>\n\n\n\n<p class=\"wp-block-paragraph\">&#8220;Nevertheless, the fight for your better life was and will remain my priority,&#8221; Vu\u010di\u0107 says.<\/p>\n\n\n\n<p class=\"wp-block-paragraph\">He then reminds pensioners that their pensions are paid regularly.<\/p>\n\n\n\n<p class=\"wp-block-paragraph\">&#8220;We have not only managed to preserve pensions and pay them regularly, but we have also enabled them to grow faster than prices and inflation. We achieved all of this, thanks to you, while preserving the country&#8217;s financial stability. I did not do this and we did not do this to flatter you. We all did this together, deeply aware of the fact that you built our Serbia, that you protected, safeguarded and defended it under the most difficult conditions, and that with your hardworking hands you deserved and earned much more than what we were able to do.&#8221;<\/p>\n\n\n\n<p class=\"wp-block-paragraph\"><\/p>\n\n\n\n<blockquote class=\"twitter-tweet\"><p lang=\"und\" dir=\"ltr\">Pre 15 minuta po\u0161tar je doneo kovertu RFPIO, adresiranu na penzionera! <br>A u koverti PISMO ZLO\u010cINCA KRVAVIH RUKU, diktatora Srbije \ud83e\udd2c<br>Predizborni marketing! <a href=\"https:\/\/t.co\/gUvvM6bbTv\">pic.twitter.com\/gUvvM6bbTv<\/a><\/p>&mdash; Nenad (@NenadNesaNS) <a href=\"https:\/\/x.com\/NenadNesaNS\/status\/2094721237624762847?ref_src=twsrc%5Etfw\">September 1, 2026<\/a><\/blockquote> <script async src=\"https:\/\/platform.x.com\/widgets.js\" charset=\"utf-8\"><\/script>\n\n\n\n<p class=\"wp-block-paragraph\">The president then told pensioners:<\/p>\n\n\n\n<p class=\"wp-block-paragraph\">&#8220;There are malicious people who are trying to portray our concern for you as vote-buying. They have such a low opinion of you, and of our people, that they expect you to forget that the fight for your well-being has been my priority for more than twelve years,&#8221; the president states, among other things, in the letter.<\/p>\n\n\n\n<p class=\"wp-block-paragraph\">He also adds that &#8220;those who equate concern for pensioners with vote-buying obviously believe that you are greedy.&#8221;<\/p>\n\n\n\n<blockquote class=\"twitter-tweet\"><p lang=\"und\" dir=\"ltr\">\u203c\ufe0fImamo primer \u201etotalne\u201c zloupotrebe javnih resursa u cilju politi\u010dke promocije. Zloupotrebljeni su Republi\u010dki fond za penzijsko i invalidsko osiguranje i jedno celo veliko javno preduze\u0107e \u2013 Po\u0161ta Srbije. \u203c\ufe0f<br><br>\u26a0\ufe0fPredsednik Srbije pi\u0161e svim penzionerima i korisnicima socijalnih\u2026 <a href=\"https:\/\/t.co\/P6xdXjt8Yr\">pic.twitter.com\/P6xdXjt8Yr<\/a><\/p>&mdash; CRTA (@CRTArs) <a href=\"https:\/\/x.com\/CRTArs\/status\/2095080631277350931?ref_src=twsrc%5Etfw\">September 2, 2026<\/a><\/blockquote> <script async src=\"https:\/\/platform.x.com\/widgets.js\" charset=\"utf-8\"><\/script>\n\n\n\n<p class=\"wp-block-paragraph\">Then there is also a suggestion regarding voting in the upcoming <a href=\"https:\/\/serbiantimes.info\/tag\/izbori\/\">elections<\/a>.<\/p>\n\n\n\n<p class=\"wp-block-paragraph\">&#8220;I want to tell you that every person, every pensioner, each and every one of you has and will have the same rights as every other citizen to decide whom to give your vote to. In our surroundings, there are those who oppose our efforts to provide you with support because they see you as a burden. In the end, the only burden is those who plundered this country to fill their own pockets.&#8221;<\/p>\n\n\n\n<p class=\"wp-block-paragraph\">Vu\u010di\u0107 concludes by telling pensioners that they are a source of pride and inspiration.<\/p>\n\n\n\n<p class=\"wp-block-paragraph\">&#8220;Builders and guardians of our present, a treasury of wisdom, witnesses to and participants in the joys and sorrows of our nation, its struggles and victories.&#8221;<\/p>\n\n\n\n<p class=\"wp-block-paragraph\">CRTA emphasizes that the content of the letter from the President of Serbia to pensioners and recipients of social benefits in Serbia is an unequivocal example of political (pre-election) campaigning.<\/p>\n\n\n\n<p class=\"wp-block-paragraph\">According to information obtained by CRTA, postal workers are required to collect from letter recipients, along with their first and last names, their phone numbers and signatures of consent to receive further notifications.<\/p>\n\n\n\n<p class=\"wp-block-paragraph\">&#8220;Perhaps new political messages? As we learn from employees of the Post of Serbia, the Health Insurance Fund of Serbia (RFZO) is the client ordering the service. Does this also mean that it is covering the costs of this mass campaign? Or are the costs being covered by the Post of Serbia itself? The party&#8217;s fight for the souls of pensioners and socially vulnerable citizens is being paid for with state or public money \u2013 indirectly, with the money of those very citizens,&#8221; CRTA published.<\/p>\n\n\n\n<p class=\"wp-block-paragraph\">Jelena Milo\u0161evi\u0107 of the Party of Freedom and Justice also announced that, for the first time, Vu\u010di\u0107&#8217;s letter to pensioners will be sent as a parcel or tracked letter for which records will be kept.<\/p>\n\n\n\n<p class=\"wp-block-paragraph\">&#8220;To see who will refuse. Post Office employees say that postal workers are not pollsters and that this has never been done before. A notice has also arrived stating that delivering the letters is a priority and that anyone who does not finish by Friday will have to work overtime on Saturday as well,&#8221; Milo\u0161evi\u0107 wrote.<\/p>\n\n\n\n<h4 class=\"wp-block-heading\"><mark style=\"background-color:#FFFFFF;color:#d21414\" class=\"has-inline-color\">MORE TOPICS:<\/mark><\/h4>\n\n\n\n<p class=\"wp-block-paragraph\"><strong><a href=\"https:\/\/serbiantimes.info\/en\/we-wont-let-them-treat-us-like-tourists-drivers-from-bih-serbia-montenegro-and-macedonia-to-protest-tomorrow-threaten-border-blockades-if-brussels-does-not-back-down\/\" target=\"_blank\" rel=\"noopener\">\u201cWE WON\u2019T LET THEM TREAT US LIKE TOURISTS\u201d: Drivers from BiH, Serbia, Montenegro and Macedonia to protest tomorrow, threaten border blockades if Brussels does not back down!<\/a><\/strong><\/p>\n\n\n\n<p class=\"wp-block-paragraph\"><strong><a href=\"https:\/\/serbiantimes.info\/en\/with-the-money-of-citizens-who-have-no-water-cacak-spent-two-million-on-a-breskvica-concert-but-only-around-60-people-attended\/\" target=\"_blank\" rel=\"noopener\">WITH THE MONEY OF CITIZENS WHO HAVE NO WATER: \u010ca\u010dak spent two million on a Breskvica concert, but only around 60 people attended!<\/a><\/strong><\/p>\n\n\n\n<p class=\"wp-block-paragraph\"><strong><a href=\"https:\/\/serbiantimes.info\/en\/new-blow-to-education-government-preparing-a-law-that-will-punish-everyone-teachers-could-lose-their-licenses-while-students-could-be-transferred-out-of-school\/\" target=\"_blank\" rel=\"noopener\">NEW BLOW TO EDUCATION: Government preparing a law that will punish everyone \u2013 teachers could lose their licenses, while students could be transferred out of school!<\/a><\/strong><\/p>\n\n\n\n<p class=\"wp-block-paragraph\"><strong><a href=\"https:\/\/serbiantimes.info\/en\/the-medal-serbia-had-been-waiting-seven-years-for-marko-finishes-second-at-the-world-rowing-championships-silver-shining-like-gold\/\" target=\"_blank\" rel=\"noopener\">THE MEDAL SERBIA HAD BEEN WAITING SEVEN YEARS FOR: Marko finishes second at the World Rowing Championships, silver shining like gold!<\/a><\/strong><\/p>\n\n\n\n<p class=\"wp-block-paragraph\"><strong><a href=\"https:\/\/serbiantimes.info\/en\/human-and-sporting-greatness-dokovic-sends-powerful-words-to-one-of-his-greatest-rivals-on-his-induction-into-the-hall-of-fame-video\/\" target=\"_blank\" rel=\"noopener\">HUMAN AND SPORTING GREATNESS: \u0110okovi\u0107 sends powerful words to one of his greatest rivals on his induction into the Hall of Fame! (VIDEO)<\/a><\/strong><\/p>\n\n\n\n<p class=\"wp-block-paragraph\"><strong><a href=\"https:\/\/serbiantimes.info\/en\/gathered-in-honor-of-ratko-mladic-thousands-of-citizens-across-cities-in-republika-srpska-also-took-to-the-streets-last-night-to-pay-tribute-to-the-late-general-photo\/\" target=\"_blank\" rel=\"noopener\">GATHERED IN HONOR OF RATKO MLADI\u0106: Thousands of citizens across cities in Republika Srpska also took to the streets last night to pay tribute to the late general! (PHOTO)<\/a><\/strong><\/p>\n\n\n\n<p class=\"wp-block-paragraph\"><strong><strong>Source<\/strong>:<\/strong> <a href=\"https:\/\/nova.rs\/vesti\/politika\/vucic-opet-salje-pismo-penzionerima-i-zloupotrebljava-licne-podatke-podseca-ih-da-ce-dobiti-pomoc-i-da-se-izbori-blize-foto\/\" target=\"_blank\" rel=\"noopener\">Nova <\/a>; <strong>Foto<\/strong>: FoNet\/Instagram predsednika Srbije<\/p>\n","protected":false},"excerpt":{"rendered":"<p>Aleksandar Vu\u010di\u0107 is once again sending letters to pensioners and once again abusing personal data. In the letter he signs, Vu\u010di\u0107 flatters the oldest members of society, the largest voting bloc, reminding them that they will receive state aid, but also that the elections are approaching and that they should choose whom to vote for. [&hellip;]<\/p>\n","protected":false},"author":2169,"featured_media":217457,"comment_status":"closed","ping_status":"closed","sticky":false,"template":"","format":"standard","meta":{"newspack_featured_image_position":"","newspack_post_subtitle":"","newspack_article_summary_title":"Overview:","newspack_article_summary":"","newspack_hide_updated_date":false,"newspack_show_updated_date":false,"footnotes":""},"categories":[7],"tags":[856,6974,492,8605,10198,113,5114],"class_list":["post-217456","post","type-post","status-publish","format-standard","has-post-thumbnail","hentry","category-serbia","tag-aleksandar-vucic","tag-crta","tag-izbori","tag-kampanja","tag-penzioneri","tag-srbija","tag-zloupotreba","entry"],"aioseo_notices":[],"aioseo_head":"\n\t\t<!-- All in One SEO 5.0.1.1 - aioseo.com -->\n\t<meta name=\"description\" content=\"Aleksandar Vu\u010di\u0107 is once again sending letters to pensioners and once again abusing personal data. In the letter he signs, Vu\u010di\u0107 flatters the oldest members of society, the largest voting bloc, reminding them that they will receive state aid, but also that the elections are approaching and that they should choose whom to vote for.\" \/>\n\t<meta name=\"robots\" content=\"max-image-preview:large\" \/>\n\t<meta name=\"author\" content=\"Serbian Times\"\/>\n\t<link rel=\"canonical\" href=\"https:\/\/serbiantimes.info\/en\/vucic-writes-to-pensioners-again-in-the-letter-he-reminds-them-of-state-aid-and-the-upcoming-elections-crta-claims-he-is-abusing-personal-data\/\" \/>\n\t<meta name=\"generator\" content=\"All in One SEO (AIOSEO) 5.0.1.1\" \/>\n\t\t<meta property=\"og:locale\" content=\"en_US\" \/>\n\t\t<meta property=\"og:site_name\" content=\"Serbiantimes.info EN |\" \/>\n\t\t<meta property=\"og:type\" content=\"article\" \/>\n\t\t<meta property=\"og:title\" content=\"VU\u010cI\u0106 WRITES TO PENSIONERS AGAIN: In the letter, he reminds them of state aid and the upcoming elections, CRTA claims he is abusing personal data! | Serbiantimes.info EN\" \/>\n\t\t<meta property=\"og:description\" content=\"Aleksandar Vu\u010di\u0107 is once again sending letters to pensioners and once again abusing personal data. In the letter he signs, Vu\u010di\u0107 flatters the oldest members of society, the largest voting bloc, reminding them that they will receive state aid, but also that the elections are approaching and that they should choose whom to vote for.\" \/>\n\t\t<meta property=\"og:url\" content=\"https:\/\/serbiantimes.info\/en\/vucic-writes-to-pensioners-again-in-the-letter-he-reminds-them-of-state-aid-and-the-upcoming-elections-crta-claims-he-is-abusing-personal-data\/\" \/>\n\t\t<meta property=\"og:image\" content=\"https:\/\/serbiantimes.info\/en\/wp-content\/uploads\/sites\/2\/2026\/09\/Copy-of-ST-Montaze-2-2.jpg\" \/>\n\t\t<meta property=\"og:image:secure_url\" content=\"https:\/\/serbiantimes.info\/en\/wp-content\/uploads\/sites\/2\/2026\/09\/Copy-of-ST-Montaze-2-2.jpg\" \/>\n\t\t<meta property=\"og:image:width\" content=\"1200\" \/>\n\t\t<meta property=\"og:image:height\" content=\"750\" \/>\n\t\t<meta property=\"article:published_time\" content=\"2026-09-02T12:52:10+00:00\" \/>\n\t\t<meta property=\"article:modified_time\" content=\"2026-09-02T12:52:12+00:00\" \/>\n\t\t<meta name=\"twitter:card\" content=\"summary_large_image\" \/>\n\t\t<meta name=\"twitter:title\" content=\"VU\u010cI\u0106 WRITES TO PENSIONERS AGAIN: In the letter, he reminds them of state aid and the upcoming elections, CRTA claims he is abusing personal data! | Serbiantimes.info EN\" \/>\n\t\t<meta name=\"twitter:description\" content=\"Aleksandar Vu\u010di\u0107 is once again sending letters to pensioners and once again abusing personal data. In the letter he signs, Vu\u010di\u0107 flatters the oldest members of society, the largest voting bloc, reminding them that they will receive state aid, but also that the elections are approaching and that they should choose whom to vote for.\" \/>\n\t\t<meta name=\"twitter:image\" content=\"https:\/\/serbiantimes.info\/en\/wp-content\/uploads\/sites\/2\/2026\/09\/Copy-of-ST-Montaze-2-2.jpg\" \/>\n\t\t<script type=\"application\/ld+json\" class=\"aioseo-schema\">\n\t\t\t{\"@context\":\"https:\\\/\\\/schema.org\",\"@graph\":[{\"@type\":\"BlogPosting\",\"@id\":\"https:\\\/\\\/serbiantimes.info\\\/en\\\/vucic-writes-to-pensioners-again-in-the-letter-he-reminds-them-of-state-aid-and-the-upcoming-elections-crta-claims-he-is-abusing-personal-data\\\/#blogposting\",\"name\":\"VU\\u010cI\\u0106 WRITES TO PENSIONERS AGAIN: In the letter, he reminds them of state aid and the upcoming elections, CRTA claims he is abusing personal data! | Serbiantimes.info EN\",\"headline\":\"VU\\u010cI\\u0106 WRITES TO PENSIONERS AGAIN: In the letter, he reminds them of state aid and the upcoming elections, CRTA claims he is abusing personal data!\",\"author\":{\"@id\":\"https:\\\/\\\/serbiantimes.info\\\/en\\\/author\\\/serbiantimes-portal\\\/#author\"},\"publisher\":{\"@id\":\"https:\\\/\\\/serbiantimes.info\\\/en\\\/#organization\"},\"image\":{\"@type\":\"ImageObject\",\"url\":\"https:\\\/\\\/serbiantimes.info\\\/en\\\/wp-content\\\/uploads\\\/sites\\\/2\\\/2026\\\/09\\\/Copy-of-ST-Montaze-2-2.jpg\",\"width\":1200,\"height\":750},\"datePublished\":\"2026-09-02T14:52:10+02:00\",\"dateModified\":\"2026-09-02T14:52:12+02:00\",\"inLanguage\":\"en-US\",\"mainEntityOfPage\":{\"@id\":\"https:\\\/\\\/serbiantimes.info\\\/en\\\/vucic-writes-to-pensioners-again-in-the-letter-he-reminds-them-of-state-aid-and-the-upcoming-elections-crta-claims-he-is-abusing-personal-data\\\/#webpage\"},\"isPartOf\":{\"@id\":\"https:\\\/\\\/serbiantimes.info\\\/en\\\/vucic-writes-to-pensioners-again-in-the-letter-he-reminds-them-of-state-aid-and-the-upcoming-elections-crta-claims-he-is-abusing-personal-data\\\/#webpage\"},\"articleSection\":\"SERBIA, Aleksandar Vu\\u010di\\u0107, crta, izbori, kampanja, penzioneri, Srbija, zloupotreba\"},{\"@type\":\"BreadcrumbList\",\"@id\":\"https:\\\/\\\/serbiantimes.info\\\/en\\\/vucic-writes-to-pensioners-again-in-the-letter-he-reminds-them-of-state-aid-and-the-upcoming-elections-crta-claims-he-is-abusing-personal-data\\\/#breadcrumblist\",\"itemListElement\":[{\"@type\":\"ListItem\",\"@id\":\"https:\\\/\\\/serbiantimes.info\\\/en#listItem\",\"position\":1,\"name\":\"Home\",\"item\":\"https:\\\/\\\/serbiantimes.info\\\/en\",\"nextItem\":{\"@type\":\"ListItem\",\"@id\":\"https:\\\/\\\/serbiantimes.info\\\/en\\\/category\\\/serbia\\\/#listItem\",\"name\":\"SERBIA\"}},{\"@type\":\"ListItem\",\"@id\":\"https:\\\/\\\/serbiantimes.info\\\/en\\\/category\\\/serbia\\\/#listItem\",\"position\":2,\"name\":\"SERBIA\",\"item\":\"https:\\\/\\\/serbiantimes.info\\\/en\\\/category\\\/serbia\\\/\",\"nextItem\":{\"@type\":\"ListItem\",\"@id\":\"https:\\\/\\\/serbiantimes.info\\\/en\\\/vucic-writes-to-pensioners-again-in-the-letter-he-reminds-them-of-state-aid-and-the-upcoming-elections-crta-claims-he-is-abusing-personal-data\\\/#listItem\",\"name\":\"VU\\u010cI\\u0106 WRITES TO PENSIONERS AGAIN: In the letter, he reminds them of state aid and the upcoming elections, CRTA claims he is abusing personal data!\"},\"previousItem\":{\"@type\":\"ListItem\",\"@id\":\"https:\\\/\\\/serbiantimes.info\\\/en#listItem\",\"name\":\"Home\"}},{\"@type\":\"ListItem\",\"@id\":\"https:\\\/\\\/serbiantimes.info\\\/en\\\/vucic-writes-to-pensioners-again-in-the-letter-he-reminds-them-of-state-aid-and-the-upcoming-elections-crta-claims-he-is-abusing-personal-data\\\/#listItem\",\"position\":3,\"name\":\"VU\\u010cI\\u0106 WRITES TO PENSIONERS AGAIN: In the letter, he reminds them of state aid and the upcoming elections, CRTA claims he is abusing personal data!\",\"previousItem\":{\"@type\":\"ListItem\",\"@id\":\"https:\\\/\\\/serbiantimes.info\\\/en\\\/category\\\/serbia\\\/#listItem\",\"name\":\"SERBIA\"}}]},{\"@type\":\"Organization\",\"@id\":\"https:\\\/\\\/serbiantimes.info\\\/en\\\/#organization\",\"name\":\"Serbiantimes.info EN\",\"url\":\"https:\\\/\\\/serbiantimes.info\\\/en\\\/\",\"logo\":{\"@type\":\"ImageObject\",\"url\":\"https:\\\/\\\/serbiantimes.info\\\/en\\\/wp-content\\\/uploads\\\/sites\\\/2\\\/2024\\\/10\\\/cropped-cropped-Serbian-Times-Header-Logo-1.png\",\"@id\":\"https:\\\/\\\/serbiantimes.info\\\/en\\\/vucic-writes-to-pensioners-again-in-the-letter-he-reminds-them-of-state-aid-and-the-upcoming-elections-crta-claims-he-is-abusing-personal-data\\\/#organizationLogo\",\"width\":480,\"height\":100},\"image\":{\"@id\":\"https:\\\/\\\/serbiantimes.info\\\/en\\\/vucic-writes-to-pensioners-again-in-the-letter-he-reminds-them-of-state-aid-and-the-upcoming-elections-crta-claims-he-is-abusing-personal-data\\\/#organizationLogo\"}},{\"@type\":\"Person\",\"@id\":\"https:\\\/\\\/serbiantimes.info\\\/en\\\/author\\\/serbiantimes-portal\\\/#author\",\"url\":\"https:\\\/\\\/serbiantimes.info\\\/en\\\/author\\\/serbiantimes-portal\\\/\",\"name\":\"Serbian Times\",\"image\":{\"@type\":\"ImageObject\",\"@id\":\"https:\\\/\\\/serbiantimes.info\\\/en\\\/vucic-writes-to-pensioners-again-in-the-letter-he-reminds-them-of-state-aid-and-the-upcoming-elections-crta-claims-he-is-abusing-personal-data\\\/#authorImage\",\"url\":\"https:\\\/\\\/secure.gravatar.com\\\/avatar\\\/ea76e009769270b4193e2bc7e032c096b4ae135483ec03b396fd0f520bc3dcfd?s=96&d=mm&r=g\",\"width\":96,\"height\":96,\"caption\":\"Serbian Times\"}},{\"@type\":\"WebPage\",\"@id\":\"https:\\\/\\\/serbiantimes.info\\\/en\\\/vucic-writes-to-pensioners-again-in-the-letter-he-reminds-them-of-state-aid-and-the-upcoming-elections-crta-claims-he-is-abusing-personal-data\\\/#webpage\",\"url\":\"https:\\\/\\\/serbiantimes.info\\\/en\\\/vucic-writes-to-pensioners-again-in-the-letter-he-reminds-them-of-state-aid-and-the-upcoming-elections-crta-claims-he-is-abusing-personal-data\\\/\",\"name\":\"VU\\u010cI\\u0106 WRITES TO PENSIONERS AGAIN: In the letter, he reminds them of state aid and the upcoming elections, CRTA claims he is abusing personal data! | Serbiantimes.info EN\",\"description\":\"Aleksandar Vu\\u010di\\u0107 is once again sending letters to pensioners and once again abusing personal data. In the letter he signs, Vu\\u010di\\u0107 flatters the oldest members of society, the largest voting bloc, reminding them that they will receive state aid, but also that the elections are approaching and that they should choose whom to vote for.\",\"inLanguage\":\"en-US\",\"isPartOf\":{\"@id\":\"https:\\\/\\\/serbiantimes.info\\\/en\\\/#website\"},\"breadcrumb\":{\"@id\":\"https:\\\/\\\/serbiantimes.info\\\/en\\\/vucic-writes-to-pensioners-again-in-the-letter-he-reminds-them-of-state-aid-and-the-upcoming-elections-crta-claims-he-is-abusing-personal-data\\\/#breadcrumblist\"},\"author\":{\"@id\":\"https:\\\/\\\/serbiantimes.info\\\/en\\\/author\\\/serbiantimes-portal\\\/#author\"},\"creator\":{\"@id\":\"https:\\\/\\\/serbiantimes.info\\\/en\\\/author\\\/serbiantimes-portal\\\/#author\"},\"image\":{\"@type\":\"ImageObject\",\"url\":\"https:\\\/\\\/serbiantimes.info\\\/en\\\/wp-content\\\/uploads\\\/sites\\\/2\\\/2026\\\/09\\\/Copy-of-ST-Montaze-2-2.jpg\",\"@id\":\"https:\\\/\\\/serbiantimes.info\\\/en\\\/vucic-writes-to-pensioners-again-in-the-letter-he-reminds-them-of-state-aid-and-the-upcoming-elections-crta-claims-he-is-abusing-personal-data\\\/#mainImage\",\"width\":1200,\"height\":750},\"primaryImageOfPage\":{\"@id\":\"https:\\\/\\\/serbiantimes.info\\\/en\\\/vucic-writes-to-pensioners-again-in-the-letter-he-reminds-them-of-state-aid-and-the-upcoming-elections-crta-claims-he-is-abusing-personal-data\\\/#mainImage\"},\"datePublished\":\"2026-09-02T14:52:10+02:00\",\"dateModified\":\"2026-09-02T14:52:12+02:00\"},{\"@type\":\"WebSite\",\"@id\":\"https:\\\/\\\/serbiantimes.info\\\/en\\\/#website\",\"url\":\"https:\\\/\\\/serbiantimes.info\\\/en\\\/\",\"name\":\"Serbiantimes.info EN\",\"inLanguage\":\"en-US\",\"publisher\":{\"@id\":\"https:\\\/\\\/serbiantimes.info\\\/en\\\/#organization\"}}]}\n\t\t<\/script>\n\t\t<!-- All in One SEO -->\n\n","aioseo_head_json":{"title":"VU\u010cI\u0106 WRITES TO PENSIONERS AGAIN: In the letter, he reminds them of state aid and the upcoming elections, CRTA claims he is abusing personal data! | Serbiantimes.info EN","description":"Aleksandar Vu\u010di\u0107 is once again sending letters to pensioners and once again abusing personal data. In the letter he signs, Vu\u010di\u0107 flatters the oldest members of society, the largest voting bloc, reminding them that they will receive state aid, but also that the elections are approaching and that they should choose whom to vote for.","canonical_url":"https:\/\/serbiantimes.info\/en\/vucic-writes-to-pensioners-again-in-the-letter-he-reminds-them-of-state-aid-and-the-upcoming-elections-crta-claims-he-is-abusing-personal-data\/","robots":"max-image-preview:large","keywords":"","webmasterTools":{"miscellaneous":""},"schema":{"@context":"https:\/\/schema.org","@graph":[{"@type":"BlogPosting","@id":"https:\/\/serbiantimes.info\/en\/vucic-writes-to-pensioners-again-in-the-letter-he-reminds-them-of-state-aid-and-the-upcoming-elections-crta-claims-he-is-abusing-personal-data\/#blogposting","name":"VU\u010cI\u0106 WRITES TO PENSIONERS AGAIN: In the letter, he reminds them of state aid and the upcoming elections, CRTA claims he is abusing personal data! | Serbiantimes.info EN","headline":"VU\u010cI\u0106 WRITES TO PENSIONERS AGAIN: In the letter, he reminds them of state aid and the upcoming elections, CRTA claims he is abusing personal data!","author":{"@id":"https:\/\/serbiantimes.info\/en\/author\/serbiantimes-portal\/#author"},"publisher":{"@id":"https:\/\/serbiantimes.info\/en\/#organization"},"image":{"@type":"ImageObject","url":"https:\/\/serbiantimes.info\/en\/wp-content\/uploads\/sites\/2\/2026\/09\/Copy-of-ST-Montaze-2-2.jpg","width":1200,"height":750},"datePublished":"2026-09-02T14:52:10+02:00","dateModified":"2026-09-02T14:52:12+02:00","inLanguage":"en-US","mainEntityOfPage":{"@id":"https:\/\/serbiantimes.info\/en\/vucic-writes-to-pensioners-again-in-the-letter-he-reminds-them-of-state-aid-and-the-upcoming-elections-crta-claims-he-is-abusing-personal-data\/#webpage"},"isPartOf":{"@id":"https:\/\/serbiantimes.info\/en\/vucic-writes-to-pensioners-again-in-the-letter-he-reminds-them-of-state-aid-and-the-upcoming-elections-crta-claims-he-is-abusing-personal-data\/#webpage"},"articleSection":"SERBIA, Aleksandar Vu\u010di\u0107, crta, izbori, kampanja, penzioneri, Srbija, zloupotreba"},{"@type":"BreadcrumbList","@id":"https:\/\/serbiantimes.info\/en\/vucic-writes-to-pensioners-again-in-the-letter-he-reminds-them-of-state-aid-and-the-upcoming-elections-crta-claims-he-is-abusing-personal-data\/#breadcrumblist","itemListElement":[{"@type":"ListItem","@id":"https:\/\/serbiantimes.info\/en#listItem","position":1,"name":"Home","item":"https:\/\/serbiantimes.info\/en","nextItem":{"@type":"ListItem","@id":"https:\/\/serbiantimes.info\/en\/category\/serbia\/#listItem","name":"SERBIA"}},{"@type":"ListItem","@id":"https:\/\/serbiantimes.info\/en\/category\/serbia\/#listItem","position":2,"name":"SERBIA","item":"https:\/\/serbiantimes.info\/en\/category\/serbia\/","nextItem":{"@type":"ListItem","@id":"https:\/\/serbiantimes.info\/en\/vucic-writes-to-pensioners-again-in-the-letter-he-reminds-them-of-state-aid-and-the-upcoming-elections-crta-claims-he-is-abusing-personal-data\/#listItem","name":"VU\u010cI\u0106 WRITES TO PENSIONERS AGAIN: In the letter, he reminds them of state aid and the upcoming elections, CRTA claims he is abusing personal data!"},"previousItem":{"@type":"ListItem","@id":"https:\/\/serbiantimes.info\/en#listItem","name":"Home"}},{"@type":"ListItem","@id":"https:\/\/serbiantimes.info\/en\/vucic-writes-to-pensioners-again-in-the-letter-he-reminds-them-of-state-aid-and-the-upcoming-elections-crta-claims-he-is-abusing-personal-data\/#listItem","position":3,"name":"VU\u010cI\u0106 WRITES TO PENSIONERS AGAIN: In the letter, he reminds them of state aid and the upcoming elections, CRTA claims he is abusing personal data!","previousItem":{"@type":"ListItem","@id":"https:\/\/serbiantimes.info\/en\/category\/serbia\/#listItem","name":"SERBIA"}}]},{"@type":"Organization","@id":"https:\/\/serbiantimes.info\/en\/#organization","name":"Serbiantimes.info EN","url":"https:\/\/serbiantimes.info\/en\/","logo":{"@type":"ImageObject","url":"https:\/\/serbiantimes.info\/en\/wp-content\/uploads\/sites\/2\/2024\/10\/cropped-cropped-Serbian-Times-Header-Logo-1.png","@id":"https:\/\/serbiantimes.info\/en\/vucic-writes-to-pensioners-again-in-the-letter-he-reminds-them-of-state-aid-and-the-upcoming-elections-crta-claims-he-is-abusing-personal-data\/#organizationLogo","width":480,"height":100},"image":{"@id":"https:\/\/serbiantimes.info\/en\/vucic-writes-to-pensioners-again-in-the-letter-he-reminds-them-of-state-aid-and-the-upcoming-elections-crta-claims-he-is-abusing-personal-data\/#organizationLogo"}},{"@type":"Person","@id":"https:\/\/serbiantimes.info\/en\/author\/serbiantimes-portal\/#author","url":"https:\/\/serbiantimes.info\/en\/author\/serbiantimes-portal\/","name":"Serbian Times","image":{"@type":"ImageObject","@id":"https:\/\/serbiantimes.info\/en\/vucic-writes-to-pensioners-again-in-the-letter-he-reminds-them-of-state-aid-and-the-upcoming-elections-crta-claims-he-is-abusing-personal-data\/#authorImage","url":"https:\/\/secure.gravatar.com\/avatar\/ea76e009769270b4193e2bc7e032c096b4ae135483ec03b396fd0f520bc3dcfd?s=96&d=mm&r=g","width":96,"height":96,"caption":"Serbian Times"}},{"@type":"WebPage","@id":"https:\/\/serbiantimes.info\/en\/vucic-writes-to-pensioners-again-in-the-letter-he-reminds-them-of-state-aid-and-the-upcoming-elections-crta-claims-he-is-abusing-personal-data\/#webpage","url":"https:\/\/serbiantimes.info\/en\/vucic-writes-to-pensioners-again-in-the-letter-he-reminds-them-of-state-aid-and-the-upcoming-elections-crta-claims-he-is-abusing-personal-data\/","name":"VU\u010cI\u0106 WRITES TO PENSIONERS AGAIN: In the letter, he reminds them of state aid and the upcoming elections, CRTA claims he is abusing personal data! | Serbiantimes.info EN","description":"Aleksandar Vu\u010di\u0107 is once again sending letters to pensioners and once again abusing personal data. In the letter he signs, Vu\u010di\u0107 flatters the oldest members of society, the largest voting bloc, reminding them that they will receive state aid, but also that the elections are approaching and that they should choose whom to vote for.","inLanguage":"en-US","isPartOf":{"@id":"https:\/\/serbiantimes.info\/en\/#website"},"breadcrumb":{"@id":"https:\/\/serbiantimes.info\/en\/vucic-writes-to-pensioners-again-in-the-letter-he-reminds-them-of-state-aid-and-the-upcoming-elections-crta-claims-he-is-abusing-personal-data\/#breadcrumblist"},"author":{"@id":"https:\/\/serbiantimes.info\/en\/author\/serbiantimes-portal\/#author"},"creator":{"@id":"https:\/\/serbiantimes.info\/en\/author\/serbiantimes-portal\/#author"},"image":{"@type":"ImageObject","url":"https:\/\/serbiantimes.info\/en\/wp-content\/uploads\/sites\/2\/2026\/09\/Copy-of-ST-Montaze-2-2.jpg","@id":"https:\/\/serbiantimes.info\/en\/vucic-writes-to-pensioners-again-in-the-letter-he-reminds-them-of-state-aid-and-the-upcoming-elections-crta-claims-he-is-abusing-personal-data\/#mainImage","width":1200,"height":750},"primaryImageOfPage":{"@id":"https:\/\/serbiantimes.info\/en\/vucic-writes-to-pensioners-again-in-the-letter-he-reminds-them-of-state-aid-and-the-upcoming-elections-crta-claims-he-is-abusing-personal-data\/#mainImage"},"datePublished":"2026-09-02T14:52:10+02:00","dateModified":"2026-09-02T14:52:12+02:00"},{"@type":"WebSite","@id":"https:\/\/serbiantimes.info\/en\/#website","url":"https:\/\/serbiantimes.info\/en\/","name":"Serbiantimes.info EN","inLanguage":"en-US","publisher":{"@id":"https:\/\/serbiantimes.info\/en\/#organization"}}]},"og:locale":"en_US","og:site_name":"Serbiantimes.info EN |","og:type":"article","og:title":"VU\u010cI\u0106 WRITES TO PENSIONERS AGAIN: In the letter, he reminds them of state aid and the upcoming elections, CRTA claims he is abusing personal data! | Serbiantimes.info EN","og:description":"Aleksandar Vu\u010di\u0107 is once again sending letters to pensioners and once again abusing personal data. In the letter he signs, Vu\u010di\u0107 flatters the oldest members of society, the largest voting bloc, reminding them that they will receive state aid, but also that the elections are approaching and that they should choose whom to vote for.","og:url":"https:\/\/serbiantimes.info\/en\/vucic-writes-to-pensioners-again-in-the-letter-he-reminds-them-of-state-aid-and-the-upcoming-elections-crta-claims-he-is-abusing-personal-data\/","og:image":"https:\/\/serbiantimes.info\/en\/wp-content\/uploads\/sites\/2\/2026\/09\/Copy-of-ST-Montaze-2-2.jpg","og:image:secure_url":"https:\/\/serbiantimes.info\/en\/wp-content\/uploads\/sites\/2\/2026\/09\/Copy-of-ST-Montaze-2-2.jpg","og:image:width":1200,"og:image:height":750,"article:published_time":"2026-09-02T12:52:10+00:00","article:modified_time":"2026-09-02T12:52:12+00:00","twitter:card":"summary_large_image","twitter:title":"VU\u010cI\u0106 WRITES TO PENSIONERS AGAIN: In the letter, he reminds them of state aid and the upcoming elections, CRTA claims he is abusing personal data! | Serbiantimes.info EN","twitter:description":"Aleksandar Vu\u010di\u0107 is once again sending letters to pensioners and once again abusing personal data. In the letter he signs, Vu\u010di\u0107 flatters the oldest members of society, the largest voting bloc, reminding them that they will receive state aid, but also that the elections are approaching and that they should choose whom to vote for.","twitter:image":"https:\/\/serbiantimes.info\/en\/wp-content\/uploads\/sites\/2\/2026\/09\/Copy-of-ST-Montaze-2-2.jpg"},"aioseo_meta_data":{"post_id":"217456","title":null,"description":null,"keywords":null,"keyphrases":{"focus":{"keyphrase":"","score":0,"analysis":{"keyphraseInTitle":{"score":0,"maxScore":9,"error":1}}},"additional":[]},"primary_term":null,"canonical_url":null,"og_title":null,"og_description":null,"og_object_type":"default","og_image_type":"default","og_image_url":null,"og_image_width":null,"og_image_height":null,"og_image_custom_url":null,"og_image_custom_fields":null,"og_video":"","og_custom_url":null,"og_article_section":null,"og_article_tags":null,"twitter_use_og":false,"twitter_card":"default","twitter_image_type":"default","twitter_image_url":null,"twitter_image_custom_url":null,"twitter_image_custom_fields":null,"twitter_title":null,"twitter_description":null,"schema":{"blockGraphs":[],"customGraphs":[],"default":{"data":{"Article":[],"Course":[],"Dataset":[],"FAQPage":[],"Movie":[],"Person":[],"Product":[],"ProductReview":[],"Car":[],"Recipe":[],"Service":[],"SoftwareApplication":[],"WebPage":[]},"graphName":"BlogPosting","isEnabled":true},"graphs":[]},"schema_type":"default","schema_type_options":null,"pillar_content":false,"robots_default":true,"robots_noindex":false,"robots_noarchive":false,"robots_nosnippet":false,"robots_nofollow":false,"robots_noimageindex":false,"robots_noodp":false,"robots_notranslate":false,"robots_max_snippet":"-1","robots_max_videopreview":"-1","robots_max_imagepreview":"large","priority":null,"frequency":"default","local_seo":null,"breadcrumb_settings":null,"limit_modified_date":false,"ai":{"faqs":[],"keyPoints":[],"schemas":[],"titles":[],"descriptions":[],"socialPosts":{"email":{"subject":"","preview":"","content":""},"linkedin":[],"twitter":[],"facebook":[],"instagram":[]}},"created":"2026-09-02 11:58:24","updated":"2026-09-02 13:00:21","focus_keyword":null,"additional_keywords":null,"truseo_locale":null,"seo_analyzer_scan_date":null},"aioseo_breadcrumb":"<div class=\"aioseo-breadcrumbs\"><span class=\"aioseo-breadcrumb\">\n\t\t\t<a href=\"https:\/\/serbiantimes.info\/en\" title=\"Home\">Home<\/a>\n\t\t<\/span><span class=\"aioseo-breadcrumb-separator\">&raquo;<\/span><span class=\"aioseo-breadcrumb\">\n\t\t\t<a href=\"https:\/\/serbiantimes.info\/en\/category\/serbia\/\" title=\"SERBIA\">SERBIA<\/a>\n\t\t<\/span><span class=\"aioseo-breadcrumb-separator\">&raquo;<\/span><span class=\"aioseo-breadcrumb\">\n\t\t\tVU\u010cI\u0106 WRITES TO PENSIONERS AGAIN: In the letter, he reminds them of state aid and the upcoming elections, CRTA claims he is abusing personal data!\n\t\t<\/span><\/div>","aioseo_breadcrumb_json":[{"label":"Home","link":"https:\/\/serbiantimes.info\/en"},{"label":"SERBIA","link":"https:\/\/serbiantimes.info\/en\/category\/serbia\/"},{"label":"VU\u010cI\u0106 WRITES TO PENSIONERS AGAIN: In the letter, he reminds them of state aid and the upcoming elections, CRTA claims he is abusing personal data!","link":"https:\/\/serbiantimes.info\/en\/vucic-writes-to-pensioners-again-in-the-letter-he-reminds-them-of-state-aid-and-the-upcoming-elections-crta-claims-he-is-abusing-personal-data\/"}],"distributor_meta":false,"distributor_terms":false,"distributor_media":false,"distributor_original_site_name":"Serbiantimes.info EN","distributor_original_site_url":"https:\/\/serbiantimes.info\/en","push-errors":false,"_links":{"self":[{"href":"https:\/\/serbiantimes.info\/en\/wp-json\/wp\/v2\/posts\/217456","targetHints":{"allow":["GET"]}}],"collection":[{"href":"https:\/\/serbiantimes.info\/en\/wp-json\/wp\/v2\/posts"}],"about":[{"href":"https:\/\/serbiantimes.info\/en\/wp-json\/wp\/v2\/types\/post"}],"author":[{"embeddable":true,"href":"https:\/\/serbiantimes.info\/en\/wp-json\/wp\/v2\/users\/2169"}],"replies":[{"embeddable":true,"href":"https:\/\/serbiantimes.info\/en\/wp-json\/wp\/v2\/comments?post=217456"}],"version-history":[{"count":2,"href":"https:\/\/serbiantimes.info\/en\/wp-json\/wp\/v2\/posts\/217456\/revisions"}],"predecessor-version":[{"id":217535,"href":"https:\/\/serbiantimes.info\/en\/wp-json\/wp\/v2\/posts\/217456\/revisions\/217535"}],"wp:featuredmedia":[{"embeddable":true,"href":"https:\/\/serbiantimes.info\/en\/wp-json\/wp\/v2\/media\/217457"}],"wp:attachment":[{"href":"https:\/\/serbiantimes.info\/en\/wp-json\/wp\/v2\/media?parent=217456"}],"wp:term":[{"taxonomy":"category","embeddable":true,"href":"https:\/\/serbiantimes.info\/en\/wp-json\/wp\/v2\/categories?post=217456"},{"taxonomy":"post_tag","embeddable":true,"href":"https:\/\/serbiantimes.info\/en\/wp-json\/wp\/v2\/tags?post=217456"}],"curies":[{"name":"wp","href":"https:\/\/api.w.org\/{rel}","templated":true}]}}