{"id":217446,"date":"2026-09-02T14:12:01","date_gmt":"2026-09-02T12:12:01","guid":{"rendered":"https:\/\/serbiantimes.info\/en\/?p=217446"},"modified":"2026-09-02T14:12:05","modified_gmt":"2026-09-02T12:12:05","slug":"vucic-coming-to-novi-sad-citizens-and-students-preparing-a-counter-rally-people-from-across-serbia-invited-to-show-that-he-is-not-welcome","status":"publish","type":"post","link":"https:\/\/serbiantimes.info\/en\/vucic-coming-to-novi-sad-citizens-and-students-preparing-a-counter-rally-people-from-across-serbia-invited-to-show-that-he-is-not-welcome\/","title":{"rendered":"VU\u010cI\u0106 COMING TO NOVI SAD, CITIZENS AND STUDENTS PREPARING A COUNTER-RALLY: People from across Serbia invited to show that he is not welcome!"},"content":{"rendered":"\n<p class=\"wp-block-paragraph\"><strong><em>Following Serbian President Aleksandar Vu\u010di\u0107\u2019s announcement that he will come to Novi Sad on Friday, September 4, for a rally organized by the Serbian Progressive Party, citizens and<\/em><\/strong> [<strong><em>students<\/em><\/strong>] <strong><em>are preparing a \u201c<\/em><\/strong>[<strong><em>welcome<\/em><\/strong>]<strong><em>\u201d for him. As confirmed to Nova.rs by representatives of citizens\u2019 assemblies and the student movement, counter-rallies will be organized, to which citizens from across Serbia have been invited \u201cto show the president that he is not welcome.\u201d<\/em><\/strong><\/p>\n\n\n\n<p class=\"wp-block-paragraph\">Over the past two years, President Vu\u010di\u0107 has repeatedly announced his arrival in Novi Sad, walks through the city\u2019s central streets and numerous rallies. The grandiose announcements ended with an index sandwich, which was eaten in secret.<\/p>\n\n\n\n<p class=\"wp-block-paragraph\">Although the people of Novi Sad believed that the president had given up on visiting the city, which has spent two years awaiting accountability for the deaths of 16 people following the collapse of the canopy at the railway station, a new announcement has arrived.<\/p>\n\n\n\n<p class=\"wp-block-paragraph\">This time, residents of Novi Sad believe that the president of the country will actually come. On that occasion, the citizens\u2019 assemblies of Novi Sad organized two counter-rallies, which, as we have learned, will also be joined by students.<\/p>\n\n\n\n<p class=\"wp-block-paragraph\">\u201cWe have not yet made a decision on all the ways in which we will support the assemblies, but we will certainly be with them at the counter-rally on Friday. There will be two separate gatherings in the city that will meet at Freedom Square, where the SNS rally has also been scheduled. The assemblies are organizing gatherings at different locations; some will be at the Railway Station and then walk along the boulevard toward the square, while others will set off from several directions, but the final destination is the same,\u201d a student at the Faculty of Sciences in Novi Sad, who asked to remain anonymous, told Nova.rs.<\/p>\n\n\n\n<p class=\"wp-block-paragraph\">All of <a href=\"https:\/\/serbiantimes.info\/tag\/srbija\/\">Serbia<\/a> has been invited to the counter-rally.<\/p>\n\n\n\n<p class=\"wp-block-paragraph\">\u201cWe invited citizens and fellow students from across the country to come to Novi Sad on Friday and show their boycott. We believe there will be far more people on \u2018our side,\u2019 even if he brings all those buses of his. That \u2018welcome\u2019 for the president must be peaceful and non-violent, so that we are not later accused of violence or anything similar. The goal of our gathering is to show our boycott of Vu\u010di\u0107 and the regime, to make it clear to the president that we do not want him here and that he should not come,\u201d the students said.<\/p>\n\n\n\n<p class=\"wp-block-paragraph\"><strong>&#8220;He will come so he doesn\u2019t look like a coward&#8221;<\/strong><\/p>\n\n\n\n<p class=\"wp-block-paragraph\">The students say that Vu\u010di\u0107 suffered a total fiasco in U\u017eice and, as they claim, had to demonstrate his superiority through force, police and his own security guards, whom they describe as thugs.<\/p>\n\n\n\n<p class=\"wp-block-paragraph\">\u201cIf he really dares to come to Novi Sad on Friday, and we believe he will, he will need at least 10,000 police officers because there will be far more people here who do not want him in their city. Vu\u010di\u0107 has announced his arrival in Novi Sad several times, even though he knows he is unwelcome here. The fact that over the past two years he has been here only once, and that secretly, just to eat an index sandwich, which was tragicomic, also speaks in favor of that. Now he will appear in the square in Novi Sad for the simple reason that he would look like a major coward to his own people if he failed to show up this time as well.\u201d<\/p>\n\n\n\n<p class=\"wp-block-paragraph\">The Network of Citizens\u2019 Assemblies of Novi Sad confirmed to Nova.rs that two gatherings will be organized on Friday and that they have invited all citizens of Serbia to visit their city on this day, offer their support and show their stance.<\/p>\n\n\n\n<p class=\"wp-block-paragraph\">\u201cThe citizens\u2019 assemblies of Novi Sad have invited all of Serbia to come to our city on Friday. Students will not participate in an organized manner, but they will certainly join the boycott of the SNS rally. Although Vu\u010di\u0107 is the president of all citizens, including us, we want to show him that he must leave that position because he is unwanted, and we want to make it clear to him that he is not welcome in Novi Sad. Most likely, Vu\u010di\u0107 will come this time as he announced, because the city has been prepared and banners have been put up on City Hall. It would be inconvenient for him not to come, because he would fall in the eyes of his supporters,\u201d representatives of the Novi Sad Network of Citizens\u2019 Assemblies told our portal, stressing that the gatherings are non-violent and that citizens simply want to show their position.<\/p>\n\n\n\n<p class=\"wp-block-paragraph\"><strong>Calls for citizens across Serbia<\/strong><\/p>\n\n\n\n<p class=\"wp-block-paragraph\">Following Vu\u010di\u0107\u2019s announcement, numerous posts calling on citizens to come to Novi Sad on Friday appeared on social media. The citizens\u2019 assemblies also published a post calling on people, saying that \u201call roads lead to Novi Sad on September 4.\u201d<\/p>\n\n\n\n<p class=\"wp-block-paragraph\">\u201cDear Serbia, please, pay attention to this, fundamentally, as Zoran Radmilovi\u0107 would say, and share it so everyone can see, on September 4 all roads lead to Novi Sad. Thank you very much!\u201d<\/p>\n\n\n\n<p class=\"wp-block-paragraph\">Following numerous calls from residents of Novi Sad, citizens from across the country are organizing their own transportation to Novi Sad on social media, while people in the city are reaching out to them offering parking or accommodation wherever possible.<\/p>\n\n\n\n<p class=\"wp-block-paragraph\">We remind you that an SNS rally was held in U\u017eice last Saturday, which ended with a speech by Aleksandar Vu\u010di\u0107, after which incidents occurred between SNS security guards and citizens.<\/p>\n\n\n\n<p class=\"wp-block-paragraph\">The atmosphere in U\u017eice was tense throughout Saturday, and according to numerous media reports, citizens expressed their disapproval as SNS supporters passed by them on their way to the buses after the rally. Police cordons also repeatedly pushed back citizens who were protesting against the SNS rally and Vu\u010di\u0107\u2019s arrival in the city. After the rally, a fight also broke out when SNS security guards attempted to close the outdoor caf\u00e9 terraces on the main square in U\u017eice, which citizens opposed.<\/p>\n\n\n\n<blockquote class=\"instagram-media\" data-instgrm-captioned data-instgrm-permalink=\"https:\/\/www.instagram.com\/p\/Dcq3Z3uGST9\/?utm_source=ig_embed&amp;utm_campaign=loading\" data-instgrm-version=\"14\" style=\" background:#FFF; border:0; border-radius:3px; box-shadow:0 0 1px 0 rgba(0,0,0,0.5),0 1px 10px 0 rgba(0,0,0,0.15); margin: 1px; max-width:540px; min-width:326px; padding:0; width:99.375%; width:-webkit-calc(100% - 2px); width:calc(100% - 2px);\"><div style=\"padding:16px;\"> <a href=\"https:\/\/www.instagram.com\/p\/Dcq3Z3uGST9\/?utm_source=ig_embed&amp;utm_campaign=loading\" style=\" background:#FFFFFF; line-height:0; padding:0 0; text-align:center; text-decoration:none; width:100%;\" target=\"_blank\"> <div style=\" display: flex; flex-direction: row; align-items: center;\"> <div style=\"background-color: #F4F4F4; border-radius: 50%; flex-grow: 0; height: 40px; margin-right: 14px; width: 40px;\"><\/div> <div style=\"display: flex; flex-direction: column; flex-grow: 1; justify-content: center;\"> <div style=\" background-color: #F4F4F4; border-radius: 4px; flex-grow: 0; height: 14px; margin-bottom: 6px; width: 100px;\"><\/div> <div style=\" background-color: #F4F4F4; border-radius: 4px; flex-grow: 0; height: 14px; width: 60px;\"><\/div><\/div><\/div><div style=\"padding: 19% 0;\"><\/div> <div style=\"display:block; height:50px; margin:0 auto 12px; width:50px;\"><svg width=\"50px\" height=\"50px\" viewBox=\"0 0 60 60\" version=\"1.1\" xmlns=\"https:\/\/www.w3.org\/2000\/svg\" xmlns:xlink=\"https:\/\/www.w3.org\/1999\/xlink\"><g stroke=\"none\" stroke-width=\"1\" fill=\"none\" fill-rule=\"evenodd\"><g transform=\"translate(-511.000000, -20.000000)\" fill=\"#000000\"><g><path d=\"M556.869,30.41 C554.814,30.41 553.148,32.076 553.148,34.131 C553.148,36.186 554.814,37.852 556.869,37.852 C558.924,37.852 560.59,36.186 560.59,34.131 C560.59,32.076 558.924,30.41 556.869,30.41 M541,60.657 C535.114,60.657 530.342,55.887 530.342,50 C530.342,44.114 535.114,39.342 541,39.342 C546.887,39.342 551.658,44.114 551.658,50 C551.658,55.887 546.887,60.657 541,60.657 M541,33.886 C532.1,33.886 524.886,41.1 524.886,50 C524.886,58.899 532.1,66.113 541,66.113 C549.9,66.113 557.115,58.899 557.115,50 C557.115,41.1 549.9,33.886 541,33.886 M565.378,62.101 C565.244,65.022 564.756,66.606 564.346,67.663 C563.803,69.06 563.154,70.057 562.106,71.106 C561.058,72.155 560.06,72.803 558.662,73.347 C557.607,73.757 556.021,74.244 553.102,74.378 C549.944,74.521 548.997,74.552 541,74.552 C533.003,74.552 532.056,74.521 528.898,74.378 C525.979,74.244 524.393,73.757 523.338,73.347 C521.94,72.803 520.942,72.155 519.894,71.106 C518.846,70.057 518.197,69.06 517.654,67.663 C517.244,66.606 516.755,65.022 516.623,62.101 C516.479,58.943 516.448,57.996 516.448,50 C516.448,42.003 516.479,41.056 516.623,37.899 C516.755,34.978 517.244,33.391 517.654,32.338 C518.197,30.938 518.846,29.942 519.894,28.894 C520.942,27.846 521.94,27.196 523.338,26.654 C524.393,26.244 525.979,25.756 528.898,25.623 C532.057,25.479 533.004,25.448 541,25.448 C548.997,25.448 549.943,25.479 553.102,25.623 C556.021,25.756 557.607,26.244 558.662,26.654 C560.06,27.196 561.058,27.846 562.106,28.894 C563.154,29.942 563.803,30.938 564.346,32.338 C564.756,33.391 565.244,34.978 565.378,37.899 C565.522,41.056 565.552,42.003 565.552,50 C565.552,57.996 565.522,58.943 565.378,62.101 M570.82,37.631 C570.674,34.438 570.167,32.258 569.425,30.349 C568.659,28.377 567.633,26.702 565.965,25.035 C564.297,23.368 562.623,22.342 560.652,21.575 C558.743,20.834 556.562,20.326 553.369,20.18 C550.169,20.033 549.148,20 541,20 C532.853,20 531.831,20.033 528.631,20.18 C525.438,20.326 523.257,20.834 521.349,21.575 C519.376,22.342 517.703,23.368 516.035,25.035 C514.368,26.702 513.342,28.377 512.574,30.349 C511.834,32.258 511.326,34.438 511.181,37.631 C511.035,40.831 511,41.851 511,50 C511,58.147 511.035,59.17 511.181,62.369 C511.326,65.562 511.834,67.743 512.574,69.651 C513.342,71.625 514.368,73.296 516.035,74.965 C517.703,76.634 519.376,77.658 521.349,78.425 C523.257,79.167 525.438,79.673 528.631,79.82 C531.831,79.965 532.853,80.001 541,80.001 C549.148,80.001 550.169,79.965 553.369,79.82 C556.562,79.673 558.743,79.167 560.652,78.425 C562.623,77.658 564.297,76.634 565.965,74.965 C567.633,73.296 568.659,71.625 569.425,69.651 C570.167,67.743 570.674,65.562 570.82,62.369 C570.966,59.17 571,58.147 571,50 C571,41.851 570.966,40.831 570.82,37.631\"><\/path><\/g><\/g><\/g><\/svg><\/div><div style=\"padding-top: 8px;\"> <div style=\" color:#3897f0; font-family:Arial,sans-serif; font-size:14px; font-style:normal; font-weight:550; line-height:18px;\">View this post on Instagram<\/div><\/div><div style=\"padding: 12.5% 0;\"><\/div> <div style=\"display: flex; flex-direction: row; margin-bottom: 14px; align-items: center;\"><div> <div style=\"background-color: #F4F4F4; border-radius: 50%; height: 12.5px; width: 12.5px; transform: translateX(0px) translateY(7px);\"><\/div> <div style=\"background-color: #F4F4F4; height: 12.5px; transform: rotate(-45deg) translateX(3px) translateY(1px); width: 12.5px; flex-grow: 0; margin-right: 14px; margin-left: 2px;\"><\/div> <div style=\"background-color: #F4F4F4; border-radius: 50%; height: 12.5px; width: 12.5px; transform: translateX(9px) translateY(-18px);\"><\/div><\/div><div style=\"margin-left: 8px;\"> <div style=\" background-color: #F4F4F4; border-radius: 50%; flex-grow: 0; height: 20px; width: 20px;\"><\/div> <div style=\" width: 0; height: 0; border-top: 2px solid transparent; border-left: 6px solid #f4f4f4; border-bottom: 2px solid transparent; transform: translateX(16px) translateY(-4px) rotate(30deg)\"><\/div><\/div><div style=\"margin-left: auto;\"> <div style=\" width: 0px; border-top: 8px solid #F4F4F4; border-right: 8px solid transparent; transform: translateY(16px);\"><\/div> <div style=\" background-color: #F4F4F4; flex-grow: 0; height: 12px; width: 16px; transform: translateY(-4px);\"><\/div> <div style=\" width: 0; height: 0; border-top: 8px solid #F4F4F4; border-left: 8px solid transparent; transform: translateY(-4px) translateX(8px);\"><\/div><\/div><\/div> <div style=\"display: flex; flex-direction: column; flex-grow: 1; justify-content: center; margin-bottom: 24px;\"> <div style=\" background-color: #F4F4F4; border-radius: 4px; flex-grow: 0; height: 14px; margin-bottom: 6px; width: 224px;\"><\/div> <div style=\" background-color: #F4F4F4; border-radius: 4px; flex-grow: 0; height: 14px; width: 144px;\"><\/div><\/div><\/a><p style=\" color:#c9c8cd; font-family:Arial,sans-serif; font-size:14px; line-height:17px; margin-bottom:0; margin-top:8px; overflow:hidden; padding:8px 0 7px; text-align:center; text-overflow:ellipsis; white-space:nowrap;\"><a href=\"https:\/\/www.instagram.com\/p\/Dcq3Z3uGST9\/?utm_source=ig_embed&amp;utm_campaign=loading\" style=\" color:#c9c8cd; font-family:Arial,sans-serif; font-size:14px; font-style:normal; font-weight:normal; line-height:17px; text-decoration:none;\" target=\"_blank\">A post shared by Zborovi Novog Sada (@zborovinovisad)<\/a><\/p><\/div><\/blockquote>\n<script async src=\"\/\/www.instagram.com\/embed.js\"><\/script>\n\n\n\n<p class=\"wp-block-paragraph\"><\/p>\n\n\n\n<h4 class=\"wp-block-heading\"><mark style=\"background-color:#FFFFFF;color:#d21414\" class=\"has-inline-color\">MORE TOPICS:<\/mark><\/h4>\n\n\n\n<p class=\"wp-block-paragraph\"><strong><a href=\"https:\/\/serbiantimes.info\/en\/we-wont-let-them-treat-us-like-tourists-drivers-from-bih-serbia-montenegro-and-macedonia-to-protest-tomorrow-threaten-border-blockades-if-brussels-does-not-back-down\/\" target=\"_blank\" rel=\"noopener\">\u201cWE WON\u2019T LET THEM TREAT US LIKE TOURISTS\u201d: Drivers from BiH, Serbia, Montenegro and Macedonia to protest tomorrow, threaten border blockades if Brussels does not back down!<\/a><\/strong><\/p>\n\n\n\n<p class=\"wp-block-paragraph\"><strong><a href=\"https:\/\/serbiantimes.info\/en\/with-the-money-of-citizens-who-have-no-water-cacak-spent-two-million-on-a-breskvica-concert-but-only-around-60-people-attended\/\" target=\"_blank\" rel=\"noopener\">WITH THE MONEY OF CITIZENS WHO HAVE NO WATER: \u010ca\u010dak spent two million on a Breskvica concert, but only around 60 people attended!<\/a><\/strong><\/p>\n\n\n\n<p class=\"wp-block-paragraph\"><strong><a href=\"https:\/\/serbiantimes.info\/en\/new-blow-to-education-government-preparing-a-law-that-will-punish-everyone-teachers-could-lose-their-licenses-while-students-could-be-transferred-out-of-school\/\" target=\"_blank\" rel=\"noopener\">NEW BLOW TO EDUCATION: Government preparing a law that will punish everyone \u2013 teachers could lose their licenses, while students could be transferred out of school!<\/a><\/strong><\/p>\n\n\n\n<p class=\"wp-block-paragraph\"><strong><a href=\"https:\/\/serbiantimes.info\/en\/the-medal-serbia-had-been-waiting-seven-years-for-marko-finishes-second-at-the-world-rowing-championships-silver-shining-like-gold\/\" target=\"_blank\" rel=\"noopener\">THE MEDAL SERBIA HAD BEEN WAITING SEVEN YEARS FOR: Marko finishes second at the World Rowing Championships, silver shining like gold!<\/a><\/strong><\/p>\n\n\n\n<p class=\"wp-block-paragraph\"><strong><a href=\"https:\/\/serbiantimes.info\/en\/human-and-sporting-greatness-dokovic-sends-powerful-words-to-one-of-his-greatest-rivals-on-his-induction-into-the-hall-of-fame-video\/\" target=\"_blank\" rel=\"noopener\">HUMAN AND SPORTING GREATNESS: \u0110okovi\u0107 sends powerful words to one of his greatest rivals on his induction into the Hall of Fame! (VIDEO)<\/a><\/strong><\/p>\n\n\n\n<p class=\"wp-block-paragraph\"><strong><a href=\"https:\/\/serbiantimes.info\/en\/gathered-in-honor-of-ratko-mladic-thousands-of-citizens-across-cities-in-republika-srpska-also-took-to-the-streets-last-night-to-pay-tribute-to-the-late-general-photo\/\" target=\"_blank\" rel=\"noopener\">GATHERED IN HONOR OF RATKO MLADI\u0106: Thousands of citizens across cities in Republika Srpska also took to the streets last night to pay tribute to the late general! (PHOTO)<\/a><\/strong><\/p>\n\n\n\n<p class=\"wp-block-paragraph\"><strong><strong>Source<\/strong>:<\/strong> <a href=\"https:\/\/nova.rs\/vesti\/drustvo\/gradjani-i-studenti-pripremaju-docek-vucicu-u-novom-sadu\/\" target=\"_blank\" rel=\"noopener\">Nova <\/a>; <strong>Foto<\/strong>: BetaPhoto<\/p>\n","protected":false},"excerpt":{"rendered":"<p>Following Serbian President Aleksandar Vu\u010di\u0107\u2019s announcement that he will come to Novi Sad on Friday, September 4, for a rally organized by the Serbian Progressive Party, citizens and [students] are preparing a \u201c[welcome]\u201d for him. As confirmed to Nova.rs by representatives of citizens\u2019 assemblies and the student movement, counter-rallies will be organized, to which citizens [&hellip;]<\/p>\n","protected":false},"author":2169,"featured_media":217447,"comment_status":"closed","ping_status":"closed","sticky":false,"template":"","format":"standard","meta":{"newspack_featured_image_position":"","newspack_post_subtitle":"","newspack_article_summary_title":"Overview:","newspack_article_summary":"","newspack_hide_updated_date":false,"newspack_show_updated_date":false,"footnotes":""},"categories":[7],"tags":[856,806,642,2609,113,2490],"class_list":["post-217446","post","type-post","status-publish","format-standard","has-post-thumbnail","hentry","category-serbia","tag-aleksandar-vucic","tag-novi-sad","tag-protest","tag-sns","tag-srbija","tag-studenti","entry"],"aioseo_notices":[],"aioseo_head":"\n\t\t<!-- All in One SEO 5.0.1.1 - aioseo.com -->\n\t<meta name=\"description\" content=\"Following Serbian President Aleksandar Vu\u010di\u0107\u2019s announcement that he will come to Novi Sad on Friday, September 4, for a rally organized by the Serbian Progressive Party, citizens and [students] are preparing a \u201c[welcome]\u201d for him. As confirmed to Nova.rs by representatives of citizens\u2019 assemblies and the student movement, counter-rallies will be organized, to which citizens\" \/>\n\t<meta name=\"robots\" content=\"max-image-preview:large\" \/>\n\t<meta name=\"author\" content=\"Serbian Times\"\/>\n\t<link rel=\"canonical\" href=\"https:\/\/serbiantimes.info\/en\/vucic-coming-to-novi-sad-citizens-and-students-preparing-a-counter-rally-people-from-across-serbia-invited-to-show-that-he-is-not-welcome\/\" \/>\n\t<meta name=\"generator\" content=\"All in One SEO (AIOSEO) 5.0.1.1\" \/>\n\t\t<meta property=\"og:locale\" content=\"en_US\" \/>\n\t\t<meta property=\"og:site_name\" content=\"Serbiantimes.info EN |\" \/>\n\t\t<meta property=\"og:type\" content=\"article\" \/>\n\t\t<meta property=\"og:title\" content=\"VU\u010cI\u0106 COMING TO NOVI SAD, CITIZENS AND STUDENTS PREPARING A COUNTER-RALLY: People from across Serbia invited to show that he is not welcome! | Serbiantimes.info EN\" \/>\n\t\t<meta property=\"og:description\" content=\"Following Serbian President Aleksandar Vu\u010di\u0107\u2019s announcement that he will come to Novi Sad on Friday, September 4, for a rally organized by the Serbian Progressive Party, citizens and [students] are preparing a \u201c[welcome]\u201d for him. As confirmed to Nova.rs by representatives of citizens\u2019 assemblies and the student movement, counter-rallies will be organized, to which citizens\" \/>\n\t\t<meta property=\"og:url\" content=\"https:\/\/serbiantimes.info\/en\/vucic-coming-to-novi-sad-citizens-and-students-preparing-a-counter-rally-people-from-across-serbia-invited-to-show-that-he-is-not-welcome\/\" \/>\n\t\t<meta property=\"og:image\" content=\"https:\/\/serbiantimes.info\/en\/wp-content\/uploads\/sites\/2\/2026\/09\/EMA-ST-Montaze-72.png\" \/>\n\t\t<meta property=\"og:image:secure_url\" content=\"https:\/\/serbiantimes.info\/en\/wp-content\/uploads\/sites\/2\/2026\/09\/EMA-ST-Montaze-72.png\" \/>\n\t\t<meta property=\"og:image:width\" content=\"1200\" \/>\n\t\t<meta property=\"og:image:height\" content=\"750\" \/>\n\t\t<meta property=\"article:published_time\" content=\"2026-09-02T12:12:01+00:00\" \/>\n\t\t<meta property=\"article:modified_time\" content=\"2026-09-02T12:12:05+00:00\" \/>\n\t\t<meta name=\"twitter:card\" content=\"summary_large_image\" \/>\n\t\t<meta name=\"twitter:title\" content=\"VU\u010cI\u0106 COMING TO NOVI SAD, CITIZENS AND STUDENTS PREPARING A COUNTER-RALLY: People from across Serbia invited to show that he is not welcome! | Serbiantimes.info EN\" \/>\n\t\t<meta name=\"twitter:description\" content=\"Following Serbian President Aleksandar Vu\u010di\u0107\u2019s announcement that he will come to Novi Sad on Friday, September 4, for a rally organized by the Serbian Progressive Party, citizens and [students] are preparing a \u201c[welcome]\u201d for him. As confirmed to Nova.rs by representatives of citizens\u2019 assemblies and the student movement, counter-rallies will be organized, to which citizens\" \/>\n\t\t<meta name=\"twitter:image\" content=\"https:\/\/serbiantimes.info\/en\/wp-content\/uploads\/sites\/2\/2026\/09\/EMA-ST-Montaze-72.png\" \/>\n\t\t<script type=\"application\/ld+json\" class=\"aioseo-schema\">\n\t\t\t{\"@context\":\"https:\\\/\\\/schema.org\",\"@graph\":[{\"@type\":\"BlogPosting\",\"@id\":\"https:\\\/\\\/serbiantimes.info\\\/en\\\/vucic-coming-to-novi-sad-citizens-and-students-preparing-a-counter-rally-people-from-across-serbia-invited-to-show-that-he-is-not-welcome\\\/#blogposting\",\"name\":\"VU\\u010cI\\u0106 COMING TO NOVI SAD, CITIZENS AND STUDENTS PREPARING A COUNTER-RALLY: People from across Serbia invited to show that he is not welcome! | Serbiantimes.info EN\",\"headline\":\"VU\\u010cI\\u0106 COMING TO NOVI SAD, CITIZENS AND STUDENTS PREPARING A COUNTER-RALLY: People from across Serbia invited to show that he is not welcome!\",\"author\":{\"@id\":\"https:\\\/\\\/serbiantimes.info\\\/en\\\/author\\\/serbiantimes-portal\\\/#author\"},\"publisher\":{\"@id\":\"https:\\\/\\\/serbiantimes.info\\\/en\\\/#organization\"},\"image\":{\"@type\":\"ImageObject\",\"url\":\"https:\\\/\\\/serbiantimes.info\\\/en\\\/wp-content\\\/uploads\\\/sites\\\/2\\\/2026\\\/09\\\/EMA-ST-Montaze-72.png\",\"width\":1200,\"height\":750},\"datePublished\":\"2026-09-02T14:12:01+02:00\",\"dateModified\":\"2026-09-02T14:12:05+02:00\",\"inLanguage\":\"en-US\",\"mainEntityOfPage\":{\"@id\":\"https:\\\/\\\/serbiantimes.info\\\/en\\\/vucic-coming-to-novi-sad-citizens-and-students-preparing-a-counter-rally-people-from-across-serbia-invited-to-show-that-he-is-not-welcome\\\/#webpage\"},\"isPartOf\":{\"@id\":\"https:\\\/\\\/serbiantimes.info\\\/en\\\/vucic-coming-to-novi-sad-citizens-and-students-preparing-a-counter-rally-people-from-across-serbia-invited-to-show-that-he-is-not-welcome\\\/#webpage\"},\"articleSection\":\"SERBIA, Aleksandar Vu\\u010di\\u0107, Novi Sad, protest, SNS, Srbija, studenti\"},{\"@type\":\"BreadcrumbList\",\"@id\":\"https:\\\/\\\/serbiantimes.info\\\/en\\\/vucic-coming-to-novi-sad-citizens-and-students-preparing-a-counter-rally-people-from-across-serbia-invited-to-show-that-he-is-not-welcome\\\/#breadcrumblist\",\"itemListElement\":[{\"@type\":\"ListItem\",\"@id\":\"https:\\\/\\\/serbiantimes.info\\\/en#listItem\",\"position\":1,\"name\":\"Home\",\"item\":\"https:\\\/\\\/serbiantimes.info\\\/en\",\"nextItem\":{\"@type\":\"ListItem\",\"@id\":\"https:\\\/\\\/serbiantimes.info\\\/en\\\/category\\\/serbia\\\/#listItem\",\"name\":\"SERBIA\"}},{\"@type\":\"ListItem\",\"@id\":\"https:\\\/\\\/serbiantimes.info\\\/en\\\/category\\\/serbia\\\/#listItem\",\"position\":2,\"name\":\"SERBIA\",\"item\":\"https:\\\/\\\/serbiantimes.info\\\/en\\\/category\\\/serbia\\\/\",\"nextItem\":{\"@type\":\"ListItem\",\"@id\":\"https:\\\/\\\/serbiantimes.info\\\/en\\\/vucic-coming-to-novi-sad-citizens-and-students-preparing-a-counter-rally-people-from-across-serbia-invited-to-show-that-he-is-not-welcome\\\/#listItem\",\"name\":\"VU\\u010cI\\u0106 COMING TO NOVI SAD, CITIZENS AND STUDENTS PREPARING A COUNTER-RALLY: People from across Serbia invited to show that he is not welcome!\"},\"previousItem\":{\"@type\":\"ListItem\",\"@id\":\"https:\\\/\\\/serbiantimes.info\\\/en#listItem\",\"name\":\"Home\"}},{\"@type\":\"ListItem\",\"@id\":\"https:\\\/\\\/serbiantimes.info\\\/en\\\/vucic-coming-to-novi-sad-citizens-and-students-preparing-a-counter-rally-people-from-across-serbia-invited-to-show-that-he-is-not-welcome\\\/#listItem\",\"position\":3,\"name\":\"VU\\u010cI\\u0106 COMING TO NOVI SAD, CITIZENS AND STUDENTS PREPARING A COUNTER-RALLY: People from across Serbia invited to show that he is not welcome!\",\"previousItem\":{\"@type\":\"ListItem\",\"@id\":\"https:\\\/\\\/serbiantimes.info\\\/en\\\/category\\\/serbia\\\/#listItem\",\"name\":\"SERBIA\"}}]},{\"@type\":\"Organization\",\"@id\":\"https:\\\/\\\/serbiantimes.info\\\/en\\\/#organization\",\"name\":\"Serbiantimes.info EN\",\"url\":\"https:\\\/\\\/serbiantimes.info\\\/en\\\/\",\"logo\":{\"@type\":\"ImageObject\",\"url\":\"https:\\\/\\\/serbiantimes.info\\\/en\\\/wp-content\\\/uploads\\\/sites\\\/2\\\/2024\\\/10\\\/cropped-cropped-Serbian-Times-Header-Logo-1.png\",\"@id\":\"https:\\\/\\\/serbiantimes.info\\\/en\\\/vucic-coming-to-novi-sad-citizens-and-students-preparing-a-counter-rally-people-from-across-serbia-invited-to-show-that-he-is-not-welcome\\\/#organizationLogo\",\"width\":480,\"height\":100},\"image\":{\"@id\":\"https:\\\/\\\/serbiantimes.info\\\/en\\\/vucic-coming-to-novi-sad-citizens-and-students-preparing-a-counter-rally-people-from-across-serbia-invited-to-show-that-he-is-not-welcome\\\/#organizationLogo\"}},{\"@type\":\"Person\",\"@id\":\"https:\\\/\\\/serbiantimes.info\\\/en\\\/author\\\/serbiantimes-portal\\\/#author\",\"url\":\"https:\\\/\\\/serbiantimes.info\\\/en\\\/author\\\/serbiantimes-portal\\\/\",\"name\":\"Serbian Times\",\"image\":{\"@type\":\"ImageObject\",\"@id\":\"https:\\\/\\\/serbiantimes.info\\\/en\\\/vucic-coming-to-novi-sad-citizens-and-students-preparing-a-counter-rally-people-from-across-serbia-invited-to-show-that-he-is-not-welcome\\\/#authorImage\",\"url\":\"https:\\\/\\\/secure.gravatar.com\\\/avatar\\\/ea76e009769270b4193e2bc7e032c096b4ae135483ec03b396fd0f520bc3dcfd?s=96&d=mm&r=g\",\"width\":96,\"height\":96,\"caption\":\"Serbian Times\"}},{\"@type\":\"WebPage\",\"@id\":\"https:\\\/\\\/serbiantimes.info\\\/en\\\/vucic-coming-to-novi-sad-citizens-and-students-preparing-a-counter-rally-people-from-across-serbia-invited-to-show-that-he-is-not-welcome\\\/#webpage\",\"url\":\"https:\\\/\\\/serbiantimes.info\\\/en\\\/vucic-coming-to-novi-sad-citizens-and-students-preparing-a-counter-rally-people-from-across-serbia-invited-to-show-that-he-is-not-welcome\\\/\",\"name\":\"VU\\u010cI\\u0106 COMING TO NOVI SAD, CITIZENS AND STUDENTS PREPARING A COUNTER-RALLY: People from across Serbia invited to show that he is not welcome! | Serbiantimes.info EN\",\"description\":\"Following Serbian President Aleksandar Vu\\u010di\\u0107\\u2019s announcement that he will come to Novi Sad on Friday, September 4, for a rally organized by the Serbian Progressive Party, citizens and [students] are preparing a \\u201c[welcome]\\u201d for him. As confirmed to Nova.rs by representatives of citizens\\u2019 assemblies and the student movement, counter-rallies will be organized, to which citizens\",\"inLanguage\":\"en-US\",\"isPartOf\":{\"@id\":\"https:\\\/\\\/serbiantimes.info\\\/en\\\/#website\"},\"breadcrumb\":{\"@id\":\"https:\\\/\\\/serbiantimes.info\\\/en\\\/vucic-coming-to-novi-sad-citizens-and-students-preparing-a-counter-rally-people-from-across-serbia-invited-to-show-that-he-is-not-welcome\\\/#breadcrumblist\"},\"author\":{\"@id\":\"https:\\\/\\\/serbiantimes.info\\\/en\\\/author\\\/serbiantimes-portal\\\/#author\"},\"creator\":{\"@id\":\"https:\\\/\\\/serbiantimes.info\\\/en\\\/author\\\/serbiantimes-portal\\\/#author\"},\"image\":{\"@type\":\"ImageObject\",\"url\":\"https:\\\/\\\/serbiantimes.info\\\/en\\\/wp-content\\\/uploads\\\/sites\\\/2\\\/2026\\\/09\\\/EMA-ST-Montaze-72.png\",\"@id\":\"https:\\\/\\\/serbiantimes.info\\\/en\\\/vucic-coming-to-novi-sad-citizens-and-students-preparing-a-counter-rally-people-from-across-serbia-invited-to-show-that-he-is-not-welcome\\\/#mainImage\",\"width\":1200,\"height\":750},\"primaryImageOfPage\":{\"@id\":\"https:\\\/\\\/serbiantimes.info\\\/en\\\/vucic-coming-to-novi-sad-citizens-and-students-preparing-a-counter-rally-people-from-across-serbia-invited-to-show-that-he-is-not-welcome\\\/#mainImage\"},\"datePublished\":\"2026-09-02T14:12:01+02:00\",\"dateModified\":\"2026-09-02T14:12:05+02:00\"},{\"@type\":\"WebSite\",\"@id\":\"https:\\\/\\\/serbiantimes.info\\\/en\\\/#website\",\"url\":\"https:\\\/\\\/serbiantimes.info\\\/en\\\/\",\"name\":\"Serbiantimes.info EN\",\"inLanguage\":\"en-US\",\"publisher\":{\"@id\":\"https:\\\/\\\/serbiantimes.info\\\/en\\\/#organization\"}}]}\n\t\t<\/script>\n\t\t<!-- All in One SEO -->\n\n","aioseo_head_json":{"title":"VU\u010cI\u0106 COMING TO NOVI SAD, CITIZENS AND STUDENTS PREPARING A COUNTER-RALLY: People from across Serbia invited to show that he is not welcome! | Serbiantimes.info EN","description":"Following Serbian President Aleksandar Vu\u010di\u0107\u2019s announcement that he will come to Novi Sad on Friday, September 4, for a rally organized by the Serbian Progressive Party, citizens and [students] are preparing a \u201c[welcome]\u201d for him. As confirmed to Nova.rs by representatives of citizens\u2019 assemblies and the student movement, counter-rallies will be organized, to which citizens","canonical_url":"https:\/\/serbiantimes.info\/en\/vucic-coming-to-novi-sad-citizens-and-students-preparing-a-counter-rally-people-from-across-serbia-invited-to-show-that-he-is-not-welcome\/","robots":"max-image-preview:large","keywords":"","webmasterTools":{"miscellaneous":""},"schema":{"@context":"https:\/\/schema.org","@graph":[{"@type":"BlogPosting","@id":"https:\/\/serbiantimes.info\/en\/vucic-coming-to-novi-sad-citizens-and-students-preparing-a-counter-rally-people-from-across-serbia-invited-to-show-that-he-is-not-welcome\/#blogposting","name":"VU\u010cI\u0106 COMING TO NOVI SAD, CITIZENS AND STUDENTS PREPARING A COUNTER-RALLY: People from across Serbia invited to show that he is not welcome! | Serbiantimes.info EN","headline":"VU\u010cI\u0106 COMING TO NOVI SAD, CITIZENS AND STUDENTS PREPARING A COUNTER-RALLY: People from across Serbia invited to show that he is not welcome!","author":{"@id":"https:\/\/serbiantimes.info\/en\/author\/serbiantimes-portal\/#author"},"publisher":{"@id":"https:\/\/serbiantimes.info\/en\/#organization"},"image":{"@type":"ImageObject","url":"https:\/\/serbiantimes.info\/en\/wp-content\/uploads\/sites\/2\/2026\/09\/EMA-ST-Montaze-72.png","width":1200,"height":750},"datePublished":"2026-09-02T14:12:01+02:00","dateModified":"2026-09-02T14:12:05+02:00","inLanguage":"en-US","mainEntityOfPage":{"@id":"https:\/\/serbiantimes.info\/en\/vucic-coming-to-novi-sad-citizens-and-students-preparing-a-counter-rally-people-from-across-serbia-invited-to-show-that-he-is-not-welcome\/#webpage"},"isPartOf":{"@id":"https:\/\/serbiantimes.info\/en\/vucic-coming-to-novi-sad-citizens-and-students-preparing-a-counter-rally-people-from-across-serbia-invited-to-show-that-he-is-not-welcome\/#webpage"},"articleSection":"SERBIA, Aleksandar Vu\u010di\u0107, Novi Sad, protest, SNS, Srbija, studenti"},{"@type":"BreadcrumbList","@id":"https:\/\/serbiantimes.info\/en\/vucic-coming-to-novi-sad-citizens-and-students-preparing-a-counter-rally-people-from-across-serbia-invited-to-show-that-he-is-not-welcome\/#breadcrumblist","itemListElement":[{"@type":"ListItem","@id":"https:\/\/serbiantimes.info\/en#listItem","position":1,"name":"Home","item":"https:\/\/serbiantimes.info\/en","nextItem":{"@type":"ListItem","@id":"https:\/\/serbiantimes.info\/en\/category\/serbia\/#listItem","name":"SERBIA"}},{"@type":"ListItem","@id":"https:\/\/serbiantimes.info\/en\/category\/serbia\/#listItem","position":2,"name":"SERBIA","item":"https:\/\/serbiantimes.info\/en\/category\/serbia\/","nextItem":{"@type":"ListItem","@id":"https:\/\/serbiantimes.info\/en\/vucic-coming-to-novi-sad-citizens-and-students-preparing-a-counter-rally-people-from-across-serbia-invited-to-show-that-he-is-not-welcome\/#listItem","name":"VU\u010cI\u0106 COMING TO NOVI SAD, CITIZENS AND STUDENTS PREPARING A COUNTER-RALLY: People from across Serbia invited to show that he is not welcome!"},"previousItem":{"@type":"ListItem","@id":"https:\/\/serbiantimes.info\/en#listItem","name":"Home"}},{"@type":"ListItem","@id":"https:\/\/serbiantimes.info\/en\/vucic-coming-to-novi-sad-citizens-and-students-preparing-a-counter-rally-people-from-across-serbia-invited-to-show-that-he-is-not-welcome\/#listItem","position":3,"name":"VU\u010cI\u0106 COMING TO NOVI SAD, CITIZENS AND STUDENTS PREPARING A COUNTER-RALLY: People from across Serbia invited to show that he is not welcome!","previousItem":{"@type":"ListItem","@id":"https:\/\/serbiantimes.info\/en\/category\/serbia\/#listItem","name":"SERBIA"}}]},{"@type":"Organization","@id":"https:\/\/serbiantimes.info\/en\/#organization","name":"Serbiantimes.info EN","url":"https:\/\/serbiantimes.info\/en\/","logo":{"@type":"ImageObject","url":"https:\/\/serbiantimes.info\/en\/wp-content\/uploads\/sites\/2\/2024\/10\/cropped-cropped-Serbian-Times-Header-Logo-1.png","@id":"https:\/\/serbiantimes.info\/en\/vucic-coming-to-novi-sad-citizens-and-students-preparing-a-counter-rally-people-from-across-serbia-invited-to-show-that-he-is-not-welcome\/#organizationLogo","width":480,"height":100},"image":{"@id":"https:\/\/serbiantimes.info\/en\/vucic-coming-to-novi-sad-citizens-and-students-preparing-a-counter-rally-people-from-across-serbia-invited-to-show-that-he-is-not-welcome\/#organizationLogo"}},{"@type":"Person","@id":"https:\/\/serbiantimes.info\/en\/author\/serbiantimes-portal\/#author","url":"https:\/\/serbiantimes.info\/en\/author\/serbiantimes-portal\/","name":"Serbian Times","image":{"@type":"ImageObject","@id":"https:\/\/serbiantimes.info\/en\/vucic-coming-to-novi-sad-citizens-and-students-preparing-a-counter-rally-people-from-across-serbia-invited-to-show-that-he-is-not-welcome\/#authorImage","url":"https:\/\/secure.gravatar.com\/avatar\/ea76e009769270b4193e2bc7e032c096b4ae135483ec03b396fd0f520bc3dcfd?s=96&d=mm&r=g","width":96,"height":96,"caption":"Serbian Times"}},{"@type":"WebPage","@id":"https:\/\/serbiantimes.info\/en\/vucic-coming-to-novi-sad-citizens-and-students-preparing-a-counter-rally-people-from-across-serbia-invited-to-show-that-he-is-not-welcome\/#webpage","url":"https:\/\/serbiantimes.info\/en\/vucic-coming-to-novi-sad-citizens-and-students-preparing-a-counter-rally-people-from-across-serbia-invited-to-show-that-he-is-not-welcome\/","name":"VU\u010cI\u0106 COMING TO NOVI SAD, CITIZENS AND STUDENTS PREPARING A COUNTER-RALLY: People from across Serbia invited to show that he is not welcome! | Serbiantimes.info EN","description":"Following Serbian President Aleksandar Vu\u010di\u0107\u2019s announcement that he will come to Novi Sad on Friday, September 4, for a rally organized by the Serbian Progressive Party, citizens and [students] are preparing a \u201c[welcome]\u201d for him. As confirmed to Nova.rs by representatives of citizens\u2019 assemblies and the student movement, counter-rallies will be organized, to which citizens","inLanguage":"en-US","isPartOf":{"@id":"https:\/\/serbiantimes.info\/en\/#website"},"breadcrumb":{"@id":"https:\/\/serbiantimes.info\/en\/vucic-coming-to-novi-sad-citizens-and-students-preparing-a-counter-rally-people-from-across-serbia-invited-to-show-that-he-is-not-welcome\/#breadcrumblist"},"author":{"@id":"https:\/\/serbiantimes.info\/en\/author\/serbiantimes-portal\/#author"},"creator":{"@id":"https:\/\/serbiantimes.info\/en\/author\/serbiantimes-portal\/#author"},"image":{"@type":"ImageObject","url":"https:\/\/serbiantimes.info\/en\/wp-content\/uploads\/sites\/2\/2026\/09\/EMA-ST-Montaze-72.png","@id":"https:\/\/serbiantimes.info\/en\/vucic-coming-to-novi-sad-citizens-and-students-preparing-a-counter-rally-people-from-across-serbia-invited-to-show-that-he-is-not-welcome\/#mainImage","width":1200,"height":750},"primaryImageOfPage":{"@id":"https:\/\/serbiantimes.info\/en\/vucic-coming-to-novi-sad-citizens-and-students-preparing-a-counter-rally-people-from-across-serbia-invited-to-show-that-he-is-not-welcome\/#mainImage"},"datePublished":"2026-09-02T14:12:01+02:00","dateModified":"2026-09-02T14:12:05+02:00"},{"@type":"WebSite","@id":"https:\/\/serbiantimes.info\/en\/#website","url":"https:\/\/serbiantimes.info\/en\/","name":"Serbiantimes.info EN","inLanguage":"en-US","publisher":{"@id":"https:\/\/serbiantimes.info\/en\/#organization"}}]},"og:locale":"en_US","og:site_name":"Serbiantimes.info EN |","og:type":"article","og:title":"VU\u010cI\u0106 COMING TO NOVI SAD, CITIZENS AND STUDENTS PREPARING A COUNTER-RALLY: People from across Serbia invited to show that he is not welcome! | Serbiantimes.info EN","og:description":"Following Serbian President Aleksandar Vu\u010di\u0107\u2019s announcement that he will come to Novi Sad on Friday, September 4, for a rally organized by the Serbian Progressive Party, citizens and [students] are preparing a \u201c[welcome]\u201d for him. As confirmed to Nova.rs by representatives of citizens\u2019 assemblies and the student movement, counter-rallies will be organized, to which citizens","og:url":"https:\/\/serbiantimes.info\/en\/vucic-coming-to-novi-sad-citizens-and-students-preparing-a-counter-rally-people-from-across-serbia-invited-to-show-that-he-is-not-welcome\/","og:image":"https:\/\/serbiantimes.info\/en\/wp-content\/uploads\/sites\/2\/2026\/09\/EMA-ST-Montaze-72.png","og:image:secure_url":"https:\/\/serbiantimes.info\/en\/wp-content\/uploads\/sites\/2\/2026\/09\/EMA-ST-Montaze-72.png","og:image:width":1200,"og:image:height":750,"article:published_time":"2026-09-02T12:12:01+00:00","article:modified_time":"2026-09-02T12:12:05+00:00","twitter:card":"summary_large_image","twitter:title":"VU\u010cI\u0106 COMING TO NOVI SAD, CITIZENS AND STUDENTS PREPARING A COUNTER-RALLY: People from across Serbia invited to show that he is not welcome! | Serbiantimes.info EN","twitter:description":"Following Serbian President Aleksandar Vu\u010di\u0107\u2019s announcement that he will come to Novi Sad on Friday, September 4, for a rally organized by the Serbian Progressive Party, citizens and [students] are preparing a \u201c[welcome]\u201d for him. As confirmed to Nova.rs by representatives of citizens\u2019 assemblies and the student movement, counter-rallies will be organized, to which citizens","twitter:image":"https:\/\/serbiantimes.info\/en\/wp-content\/uploads\/sites\/2\/2026\/09\/EMA-ST-Montaze-72.png"},"aioseo_meta_data":{"post_id":"217446","title":null,"description":null,"keywords":null,"keyphrases":{"focus":{"keyphrase":"","score":0,"analysis":{"keyphraseInTitle":{"score":0,"maxScore":9,"error":1}}},"additional":[]},"primary_term":null,"canonical_url":null,"og_title":null,"og_description":null,"og_object_type":"default","og_image_type":"default","og_image_url":null,"og_image_width":null,"og_image_height":null,"og_image_custom_url":null,"og_image_custom_fields":null,"og_video":"","og_custom_url":null,"og_article_section":null,"og_article_tags":null,"twitter_use_og":false,"twitter_card":"default","twitter_image_type":"default","twitter_image_url":null,"twitter_image_custom_url":null,"twitter_image_custom_fields":null,"twitter_title":null,"twitter_description":null,"schema":{"blockGraphs":[],"customGraphs":[],"default":{"data":{"Article":[],"Course":[],"Dataset":[],"FAQPage":[],"Movie":[],"Person":[],"Product":[],"ProductReview":[],"Car":[],"Recipe":[],"Service":[],"SoftwareApplication":[],"WebPage":[]},"graphName":"BlogPosting","isEnabled":true},"graphs":[]},"schema_type":"default","schema_type_options":null,"pillar_content":false,"robots_default":true,"robots_noindex":false,"robots_noarchive":false,"robots_nosnippet":false,"robots_nofollow":false,"robots_noimageindex":false,"robots_noodp":false,"robots_notranslate":false,"robots_max_snippet":"-1","robots_max_videopreview":"-1","robots_max_imagepreview":"large","priority":null,"frequency":"default","local_seo":null,"breadcrumb_settings":null,"limit_modified_date":false,"ai":{"faqs":[],"keyPoints":[],"schemas":[],"titles":[],"descriptions":[],"socialPosts":{"email":{"subject":"","preview":"","content":""},"linkedin":[],"twitter":[],"facebook":[],"instagram":[]}},"created":"2026-09-02 11:58:26","updated":"2026-09-02 12:58:55","focus_keyword":null,"additional_keywords":null,"truseo_locale":null,"seo_analyzer_scan_date":null},"aioseo_breadcrumb":"<div class=\"aioseo-breadcrumbs\"><span class=\"aioseo-breadcrumb\">\n\t\t\t<a href=\"https:\/\/serbiantimes.info\/en\" title=\"Home\">Home<\/a>\n\t\t<\/span><span class=\"aioseo-breadcrumb-separator\">&raquo;<\/span><span class=\"aioseo-breadcrumb\">\n\t\t\t<a href=\"https:\/\/serbiantimes.info\/en\/category\/serbia\/\" title=\"SERBIA\">SERBIA<\/a>\n\t\t<\/span><span class=\"aioseo-breadcrumb-separator\">&raquo;<\/span><span class=\"aioseo-breadcrumb\">\n\t\t\tVU\u010cI\u0106 COMING TO NOVI SAD, CITIZENS AND STUDENTS PREPARING A COUNTER-RALLY: People from across Serbia invited to show that he is not welcome!\n\t\t<\/span><\/div>","aioseo_breadcrumb_json":[{"label":"Home","link":"https:\/\/serbiantimes.info\/en"},{"label":"SERBIA","link":"https:\/\/serbiantimes.info\/en\/category\/serbia\/"},{"label":"VU\u010cI\u0106 COMING TO NOVI SAD, CITIZENS AND STUDENTS PREPARING A COUNTER-RALLY: People from across Serbia invited to show that he is not welcome!","link":"https:\/\/serbiantimes.info\/en\/vucic-coming-to-novi-sad-citizens-and-students-preparing-a-counter-rally-people-from-across-serbia-invited-to-show-that-he-is-not-welcome\/"}],"distributor_meta":false,"distributor_terms":false,"distributor_media":false,"distributor_original_site_name":"Serbiantimes.info EN","distributor_original_site_url":"https:\/\/serbiantimes.info\/en","push-errors":false,"_links":{"self":[{"href":"https:\/\/serbiantimes.info\/en\/wp-json\/wp\/v2\/posts\/217446","targetHints":{"allow":["GET"]}}],"collection":[{"href":"https:\/\/serbiantimes.info\/en\/wp-json\/wp\/v2\/posts"}],"about":[{"href":"https:\/\/serbiantimes.info\/en\/wp-json\/wp\/v2\/types\/post"}],"author":[{"embeddable":true,"href":"https:\/\/serbiantimes.info\/en\/wp-json\/wp\/v2\/users\/2169"}],"replies":[{"embeddable":true,"href":"https:\/\/serbiantimes.info\/en\/wp-json\/wp\/v2\/comments?post=217446"}],"version-history":[{"count":2,"href":"https:\/\/serbiantimes.info\/en\/wp-json\/wp\/v2\/posts\/217446\/revisions"}],"predecessor-version":[{"id":217517,"href":"https:\/\/serbiantimes.info\/en\/wp-json\/wp\/v2\/posts\/217446\/revisions\/217517"}],"wp:featuredmedia":[{"embeddable":true,"href":"https:\/\/serbiantimes.info\/en\/wp-json\/wp\/v2\/media\/217447"}],"wp:attachment":[{"href":"https:\/\/serbiantimes.info\/en\/wp-json\/wp\/v2\/media?parent=217446"}],"wp:term":[{"taxonomy":"category","embeddable":true,"href":"https:\/\/serbiantimes.info\/en\/wp-json\/wp\/v2\/categories?post=217446"},{"taxonomy":"post_tag","embeddable":true,"href":"https:\/\/serbiantimes.info\/en\/wp-json\/wp\/v2\/tags?post=217446"}],"curies":[{"name":"wp","href":"https:\/\/api.w.org\/{rel}","templated":true}]}}