{"id":217205,"date":"2026-08-28T17:01:20","date_gmt":"2026-08-28T15:01:20","guid":{"rendered":"https:\/\/serbiantimes.info\/en\/?p=217205"},"modified":"2026-08-28T17:04:07","modified_gmt":"2026-08-28T15:04:07","slug":"hteli-su-da-umre-u-hagu-vucic-se-oglasio-povodom-smrti-generala-ratka-mladica","status":"publish","type":"post","link":"https:\/\/serbiantimes.info\/en\/hteli-su-da-umre-u-hagu-vucic-se-oglasio-povodom-smrti-generala-ratka-mladica\/","title":{"rendered":"\u201cTHEY WANTED HIM TO DIE IN THE HAGUE\u201d: Vu\u010di\u0107 speaks out following the death of General Ratko Mladi\u0107!"},"content":{"rendered":"\n<p class=\"wp-block-paragraph\"><strong><em>Serbian President Aleksandar Vu\u010di\u0107 said today in Ose\u010dina that The Hague wanted Ratko Mladi\u0107 to die behind bars.<\/em><\/strong><\/p>\n\n\n\n<p class=\"wp-block-paragraph\">He said that he had been in contact with Ratko Mladi\u0107\u2019s son for a long time and that the state had tried to help as much as possible, but also to bring his life to an end in Serbia.<\/p>\n\n\n\n<p class=\"wp-block-paragraph\">\u2013 It was clear, I announced that he had 7 days to 5 weeks left, as you can see, we knew precisely, and even more precisely those who did not allow it. Several questions arise here. That investigation they are conducting, we were waiting for the Mechanism\u2019s conference this morning at 10 o\u2019clock, but in the end there was none. We still know nothing \u2013 he said.<\/p>\n\n\n\n<p class=\"wp-block-paragraph\">Vu\u010di\u0107 added that teams had been sent to The Hague to help with logistics, transportation and everything else.<\/p>\n\n\n\n<p class=\"wp-block-paragraph\">\u2013 Let\u2019s see what the family\u2019s plans are. For now, I cannot say anything, since we have received nothing from The Hague. And everything I read in the media is untrue. I also spoke with Dodik, we cannot say anything until we receive the family\u2019s wishes. We have heard the possibility that the General will be buried in Belgrade next to his daughter, but whether that will still be the case, we do not know \u2013 Vu\u010di\u0107 said.<\/p>\n\n\n\n<p class=\"wp-block-paragraph\">He then said that \u201cwe now see that The Hague wanted him to die behind bars.\u201d<\/p>\n\n\n\n<p class=\"wp-block-paragraph\">\u2013 They did not want him to die in Serbia, where he wanted to. This is unprecedented, anti-civilizational behavior. These days I have witnessed the most severe pressures, both from the region and from the country and the world. Who among us will more strongly curse the deceased general. I will not take part in that \u2013 the Serbian president said.<\/p>\n\n\n\n<p class=\"wp-block-paragraph\">He then said that he could guarantee that if the family wanted him to be buried in Serbia, help would be provided to ensure that it was done in a dignified manner.<\/p>\n\n\n\n<p class=\"wp-block-paragraph\">\u2013 Secondly, and very importantly, this campaign they are waging is not a campaign because of the late General Mladi\u0107, this campaign is about the future and further pressure on Serbia. So, as I said, on September 16, the verdict in the Hashim Tha\u00e7i case will be delivered. And, lo and behold, the 15th is our national holiday \u2013 Vu\u010di\u0107 said.<\/p>\n\n\n\n<p class=\"wp-block-paragraph\">Let us recall, the President of Serbia began his visit to the Ma\u010dva District today with a visit to Ose\u010dina, where he will open the Plum Fair. Minister Adriana Mesarovi\u0107 is also attending the opening of the Plum Fair in Ose\u010dina.<\/p>\n\n\n\n<h4 class=\"wp-block-heading\"><mark style=\"background-color:#FFFFFF;color:#d21414\" class=\"has-inline-color\">MORE TOPICS:<\/mark><\/h4>\n\n\n\n<p class=\"wp-block-paragraph\"><strong><a href=\"https:\/\/serbiantimes.info\/en\/two-children-injured-in-zvezdara-car-hit-an-electric-scooter-minors-taken-to-hospital\/\" target=\"_blank\" rel=\"noopener\" title=\"\">TWO CHILDREN INJURED IN ZVEZDARA: Car hit an electric scooter, minors taken to hospital!<\/a><\/strong><\/p>\n\n\n\n<p class=\"wp-block-paragraph\"><strong><a href=\"https:\/\/serbiantimes.info\/en\/church-vandalized-in-kosovo-and-metohija-thieves-stole-voluntary-donations-from-the-holy-site-in-kosovska-kamenica\/\" target=\"_blank\" rel=\"noopener\" title=\"\">CHURCH VANDALIZED IN KOSOVO AND METOHIJA: Thieves stole voluntary donations from the holy site in Kosovska Kamenica!<\/a><\/strong><\/p>\n\n\n\n<p class=\"wp-block-paragraph\"><strong><a href=\"https:\/\/serbiantimes.info\/en\/because-of-praising-ratko-mladic-srebrenica-memorial-center-calls-on-uefa-to-disqualify-red-star\/\" target=\"_blank\" rel=\"noopener\" title=\"\">BECAUSE OF PRAISING RATKO MLADI\u0106: Srebrenica Memorial Center calls on UEFA to disqualify Red Star!<\/a><\/strong><\/p>\n\n\n\n<p class=\"wp-block-paragraph\"><strong><a href=\"https:\/\/serbiantimes.info\/en\/covering-all-neighborhoods-and-streets-students-continue-the-sharing-the-victory-campaign-across-belgrade\/\" target=\"_blank\" rel=\"noopener\" title=\"\">COVERING ALL NEIGHBORHOODS AND STREETS: Students continue the \u201cSharing the Victory\u201d campaign across Belgrade!<\/a><\/strong><\/p>\n\n\n\n<p class=\"wp-block-paragraph\"><strong><a href=\"https:\/\/serbiantimes.info\/en\/serbian-justice-minister-mladic-will-be-buried-with-the-highest-state-honors\/\" target=\"_blank\" rel=\"noopener\" title=\"\">SERBIAN JUSTICE MINISTER: Mladi\u0107 will be buried with the highest state honors!<\/a><\/strong><\/p>\n\n\n\n<p class=\"wp-block-paragraph\"><strong><strong>Source<\/strong><\/strong>: Telegraf, <strong>Photo: <\/strong>T.K.\/ATAImages<\/p>\n","protected":false},"excerpt":{"rendered":"<p>Serbian President Aleksandar Vu\u010di\u0107 said today in Ose\u010dina that The Hague wanted Ratko Mladi\u0107 to die behind bars. He said that he had been in contact with Ratko Mladi\u0107\u2019s son for a long time and that the state had tried to help as much as possible, but also to bring his life to an end [&hellip;]<\/p>\n","protected":false},"author":2169,"featured_media":216717,"comment_status":"closed","ping_status":"closed","sticky":false,"template":"","format":"standard","meta":{"newspack_featured_image_position":"","newspack_post_subtitle":"","newspack_article_summary_title":"Overview:","newspack_article_summary":"","newspack_hide_updated_date":false,"newspack_show_updated_date":false,"footnotes":""},"categories":[7],"tags":[856,105,3674,259,2298],"class_list":["post-217205","post","type-post","status-publish","format-standard","has-post-thumbnail","hentry","category-serbia","tag-aleksandar-vucic","tag-hag","tag-ratko-mladic","tag-sud","tag-zdravlje","entry"],"aioseo_notices":[],"aioseo_head":"\n\t\t<!-- All in One SEO 5.0.1.1 - aioseo.com -->\n\t<meta name=\"description\" content=\"Serbian President Aleksandar Vu\u010di\u0107 said today in Ose\u010dina that The Hague wanted Ratko Mladi\u0107 to die behind bars. He said that he had been in contact with Ratko Mladi\u0107\u2019s son for a long time and that the state had tried to help as much as possible, but also to bring his life to an end\" \/>\n\t<meta name=\"robots\" content=\"max-image-preview:large\" \/>\n\t<meta name=\"author\" content=\"Serbian Times\"\/>\n\t<link rel=\"canonical\" href=\"https:\/\/serbiantimes.info\/en\/hteli-su-da-umre-u-hagu-vucic-se-oglasio-povodom-smrti-generala-ratka-mladica\/\" \/>\n\t<meta name=\"generator\" content=\"All in One SEO (AIOSEO) 5.0.1.1\" \/>\n\t\t<meta property=\"og:locale\" content=\"en_US\" \/>\n\t\t<meta property=\"og:site_name\" content=\"Serbiantimes.info EN |\" \/>\n\t\t<meta property=\"og:type\" content=\"article\" \/>\n\t\t<meta property=\"og:title\" content=\"\u201cTHEY WANTED HIM TO DIE IN THE HAGUE\u201d: Vu\u010di\u0107 speaks out following the death of General Ratko Mladi\u0107! | Serbiantimes.info EN\" \/>\n\t\t<meta property=\"og:description\" content=\"Serbian President Aleksandar Vu\u010di\u0107 said today in Ose\u010dina that The Hague wanted Ratko Mladi\u0107 to die behind bars. He said that he had been in contact with Ratko Mladi\u0107\u2019s son for a long time and that the state had tried to help as much as possible, but also to bring his life to an end\" \/>\n\t\t<meta property=\"og:url\" content=\"https:\/\/serbiantimes.info\/en\/hteli-su-da-umre-u-hagu-vucic-se-oglasio-povodom-smrti-generala-ratka-mladica\/\" \/>\n\t\t<meta property=\"og:image\" content=\"https:\/\/serbiantimes.info\/en\/wp-content\/uploads\/sites\/2\/2026\/08\/DIPTIH-TRIPTIH-Serbian-Times-3-17.jpg\" \/>\n\t\t<meta property=\"og:image:secure_url\" content=\"https:\/\/serbiantimes.info\/en\/wp-content\/uploads\/sites\/2\/2026\/08\/DIPTIH-TRIPTIH-Serbian-Times-3-17.jpg\" \/>\n\t\t<meta property=\"og:image:width\" content=\"1200\" \/>\n\t\t<meta property=\"og:image:height\" content=\"750\" \/>\n\t\t<meta property=\"article:published_time\" content=\"2026-08-28T15:01:20+00:00\" \/>\n\t\t<meta property=\"article:modified_time\" content=\"2026-08-28T15:04:07+00:00\" \/>\n\t\t<meta name=\"twitter:card\" content=\"summary_large_image\" \/>\n\t\t<meta name=\"twitter:title\" content=\"\u201cTHEY WANTED HIM TO DIE IN THE HAGUE\u201d: Vu\u010di\u0107 speaks out following the death of General Ratko Mladi\u0107! | Serbiantimes.info EN\" \/>\n\t\t<meta name=\"twitter:description\" content=\"Serbian President Aleksandar Vu\u010di\u0107 said today in Ose\u010dina that The Hague wanted Ratko Mladi\u0107 to die behind bars. He said that he had been in contact with Ratko Mladi\u0107\u2019s son for a long time and that the state had tried to help as much as possible, but also to bring his life to an end\" \/>\n\t\t<meta name=\"twitter:image\" content=\"https:\/\/serbiantimes.info\/en\/wp-content\/uploads\/sites\/2\/2026\/08\/DIPTIH-TRIPTIH-Serbian-Times-3-17.jpg\" \/>\n\t\t<script type=\"application\/ld+json\" class=\"aioseo-schema\">\n\t\t\t{\"@context\":\"https:\\\/\\\/schema.org\",\"@graph\":[{\"@type\":\"BlogPosting\",\"@id\":\"https:\\\/\\\/serbiantimes.info\\\/en\\\/hteli-su-da-umre-u-hagu-vucic-se-oglasio-povodom-smrti-generala-ratka-mladica\\\/#blogposting\",\"name\":\"\\u201cTHEY WANTED HIM TO DIE IN THE HAGUE\\u201d: Vu\\u010di\\u0107 speaks out following the death of General Ratko Mladi\\u0107! | Serbiantimes.info EN\",\"headline\":\"\\u201cTHEY WANTED HIM TO DIE IN THE HAGUE\\u201d: Vu\\u010di\\u0107 speaks out following the death of General Ratko Mladi\\u0107!\",\"author\":{\"@id\":\"https:\\\/\\\/serbiantimes.info\\\/en\\\/author\\\/serbiantimes-portal\\\/#author\"},\"publisher\":{\"@id\":\"https:\\\/\\\/serbiantimes.info\\\/en\\\/#organization\"},\"image\":{\"@type\":\"ImageObject\",\"url\":\"https:\\\/\\\/serbiantimes.info\\\/en\\\/wp-content\\\/uploads\\\/sites\\\/2\\\/2026\\\/08\\\/DIPTIH-TRIPTIH-Serbian-Times-3-17.jpg\",\"width\":1200,\"height\":750},\"datePublished\":\"2026-08-28T17:01:20+02:00\",\"dateModified\":\"2026-08-28T17:04:07+02:00\",\"inLanguage\":\"en-US\",\"mainEntityOfPage\":{\"@id\":\"https:\\\/\\\/serbiantimes.info\\\/en\\\/hteli-su-da-umre-u-hagu-vucic-se-oglasio-povodom-smrti-generala-ratka-mladica\\\/#webpage\"},\"isPartOf\":{\"@id\":\"https:\\\/\\\/serbiantimes.info\\\/en\\\/hteli-su-da-umre-u-hagu-vucic-se-oglasio-povodom-smrti-generala-ratka-mladica\\\/#webpage\"},\"articleSection\":\"SERBIA, Aleksandar Vu\\u010di\\u0107, Hag, ratko mladi\\u0107, sud, zdravlje\"},{\"@type\":\"BreadcrumbList\",\"@id\":\"https:\\\/\\\/serbiantimes.info\\\/en\\\/hteli-su-da-umre-u-hagu-vucic-se-oglasio-povodom-smrti-generala-ratka-mladica\\\/#breadcrumblist\",\"itemListElement\":[{\"@type\":\"ListItem\",\"@id\":\"https:\\\/\\\/serbiantimes.info\\\/en#listItem\",\"position\":1,\"name\":\"Home\",\"item\":\"https:\\\/\\\/serbiantimes.info\\\/en\",\"nextItem\":{\"@type\":\"ListItem\",\"@id\":\"https:\\\/\\\/serbiantimes.info\\\/en\\\/category\\\/serbia\\\/#listItem\",\"name\":\"SERBIA\"}},{\"@type\":\"ListItem\",\"@id\":\"https:\\\/\\\/serbiantimes.info\\\/en\\\/category\\\/serbia\\\/#listItem\",\"position\":2,\"name\":\"SERBIA\",\"item\":\"https:\\\/\\\/serbiantimes.info\\\/en\\\/category\\\/serbia\\\/\",\"nextItem\":{\"@type\":\"ListItem\",\"@id\":\"https:\\\/\\\/serbiantimes.info\\\/en\\\/hteli-su-da-umre-u-hagu-vucic-se-oglasio-povodom-smrti-generala-ratka-mladica\\\/#listItem\",\"name\":\"\\u201cTHEY WANTED HIM TO DIE IN THE HAGUE\\u201d: Vu\\u010di\\u0107 speaks out following the death of General Ratko Mladi\\u0107!\"},\"previousItem\":{\"@type\":\"ListItem\",\"@id\":\"https:\\\/\\\/serbiantimes.info\\\/en#listItem\",\"name\":\"Home\"}},{\"@type\":\"ListItem\",\"@id\":\"https:\\\/\\\/serbiantimes.info\\\/en\\\/hteli-su-da-umre-u-hagu-vucic-se-oglasio-povodom-smrti-generala-ratka-mladica\\\/#listItem\",\"position\":3,\"name\":\"\\u201cTHEY WANTED HIM TO DIE IN THE HAGUE\\u201d: Vu\\u010di\\u0107 speaks out following the death of General Ratko Mladi\\u0107!\",\"previousItem\":{\"@type\":\"ListItem\",\"@id\":\"https:\\\/\\\/serbiantimes.info\\\/en\\\/category\\\/serbia\\\/#listItem\",\"name\":\"SERBIA\"}}]},{\"@type\":\"Organization\",\"@id\":\"https:\\\/\\\/serbiantimes.info\\\/en\\\/#organization\",\"name\":\"Serbiantimes.info EN\",\"url\":\"https:\\\/\\\/serbiantimes.info\\\/en\\\/\",\"logo\":{\"@type\":\"ImageObject\",\"url\":\"https:\\\/\\\/serbiantimes.info\\\/en\\\/wp-content\\\/uploads\\\/sites\\\/2\\\/2024\\\/10\\\/cropped-cropped-Serbian-Times-Header-Logo-1.png\",\"@id\":\"https:\\\/\\\/serbiantimes.info\\\/en\\\/hteli-su-da-umre-u-hagu-vucic-se-oglasio-povodom-smrti-generala-ratka-mladica\\\/#organizationLogo\",\"width\":480,\"height\":100},\"image\":{\"@id\":\"https:\\\/\\\/serbiantimes.info\\\/en\\\/hteli-su-da-umre-u-hagu-vucic-se-oglasio-povodom-smrti-generala-ratka-mladica\\\/#organizationLogo\"}},{\"@type\":\"Person\",\"@id\":\"https:\\\/\\\/serbiantimes.info\\\/en\\\/author\\\/serbiantimes-portal\\\/#author\",\"url\":\"https:\\\/\\\/serbiantimes.info\\\/en\\\/author\\\/serbiantimes-portal\\\/\",\"name\":\"Serbian Times\",\"image\":{\"@type\":\"ImageObject\",\"@id\":\"https:\\\/\\\/serbiantimes.info\\\/en\\\/hteli-su-da-umre-u-hagu-vucic-se-oglasio-povodom-smrti-generala-ratka-mladica\\\/#authorImage\",\"url\":\"https:\\\/\\\/secure.gravatar.com\\\/avatar\\\/ea76e009769270b4193e2bc7e032c096b4ae135483ec03b396fd0f520bc3dcfd?s=96&d=mm&r=g\",\"width\":96,\"height\":96,\"caption\":\"Serbian Times\"}},{\"@type\":\"WebPage\",\"@id\":\"https:\\\/\\\/serbiantimes.info\\\/en\\\/hteli-su-da-umre-u-hagu-vucic-se-oglasio-povodom-smrti-generala-ratka-mladica\\\/#webpage\",\"url\":\"https:\\\/\\\/serbiantimes.info\\\/en\\\/hteli-su-da-umre-u-hagu-vucic-se-oglasio-povodom-smrti-generala-ratka-mladica\\\/\",\"name\":\"\\u201cTHEY WANTED HIM TO DIE IN THE HAGUE\\u201d: Vu\\u010di\\u0107 speaks out following the death of General Ratko Mladi\\u0107! | Serbiantimes.info EN\",\"description\":\"Serbian President Aleksandar Vu\\u010di\\u0107 said today in Ose\\u010dina that The Hague wanted Ratko Mladi\\u0107 to die behind bars. He said that he had been in contact with Ratko Mladi\\u0107\\u2019s son for a long time and that the state had tried to help as much as possible, but also to bring his life to an end\",\"inLanguage\":\"en-US\",\"isPartOf\":{\"@id\":\"https:\\\/\\\/serbiantimes.info\\\/en\\\/#website\"},\"breadcrumb\":{\"@id\":\"https:\\\/\\\/serbiantimes.info\\\/en\\\/hteli-su-da-umre-u-hagu-vucic-se-oglasio-povodom-smrti-generala-ratka-mladica\\\/#breadcrumblist\"},\"author\":{\"@id\":\"https:\\\/\\\/serbiantimes.info\\\/en\\\/author\\\/serbiantimes-portal\\\/#author\"},\"creator\":{\"@id\":\"https:\\\/\\\/serbiantimes.info\\\/en\\\/author\\\/serbiantimes-portal\\\/#author\"},\"image\":{\"@type\":\"ImageObject\",\"url\":\"https:\\\/\\\/serbiantimes.info\\\/en\\\/wp-content\\\/uploads\\\/sites\\\/2\\\/2026\\\/08\\\/DIPTIH-TRIPTIH-Serbian-Times-3-17.jpg\",\"@id\":\"https:\\\/\\\/serbiantimes.info\\\/en\\\/hteli-su-da-umre-u-hagu-vucic-se-oglasio-povodom-smrti-generala-ratka-mladica\\\/#mainImage\",\"width\":1200,\"height\":750},\"primaryImageOfPage\":{\"@id\":\"https:\\\/\\\/serbiantimes.info\\\/en\\\/hteli-su-da-umre-u-hagu-vucic-se-oglasio-povodom-smrti-generala-ratka-mladica\\\/#mainImage\"},\"datePublished\":\"2026-08-28T17:01:20+02:00\",\"dateModified\":\"2026-08-28T17:04:07+02:00\"},{\"@type\":\"WebSite\",\"@id\":\"https:\\\/\\\/serbiantimes.info\\\/en\\\/#website\",\"url\":\"https:\\\/\\\/serbiantimes.info\\\/en\\\/\",\"name\":\"Serbiantimes.info EN\",\"inLanguage\":\"en-US\",\"publisher\":{\"@id\":\"https:\\\/\\\/serbiantimes.info\\\/en\\\/#organization\"}}]}\n\t\t<\/script>\n\t\t<!-- All in One SEO -->\n\n","aioseo_head_json":{"title":"\u201cTHEY WANTED HIM TO DIE IN THE HAGUE\u201d: Vu\u010di\u0107 speaks out following the death of General Ratko Mladi\u0107! | Serbiantimes.info EN","description":"Serbian President Aleksandar Vu\u010di\u0107 said today in Ose\u010dina that The Hague wanted Ratko Mladi\u0107 to die behind bars. He said that he had been in contact with Ratko Mladi\u0107\u2019s son for a long time and that the state had tried to help as much as possible, but also to bring his life to an end","canonical_url":"https:\/\/serbiantimes.info\/en\/hteli-su-da-umre-u-hagu-vucic-se-oglasio-povodom-smrti-generala-ratka-mladica\/","robots":"max-image-preview:large","keywords":"","webmasterTools":{"miscellaneous":""},"schema":{"@context":"https:\/\/schema.org","@graph":[{"@type":"BlogPosting","@id":"https:\/\/serbiantimes.info\/en\/hteli-su-da-umre-u-hagu-vucic-se-oglasio-povodom-smrti-generala-ratka-mladica\/#blogposting","name":"\u201cTHEY WANTED HIM TO DIE IN THE HAGUE\u201d: Vu\u010di\u0107 speaks out following the death of General Ratko Mladi\u0107! | Serbiantimes.info EN","headline":"\u201cTHEY WANTED HIM TO DIE IN THE HAGUE\u201d: Vu\u010di\u0107 speaks out following the death of General Ratko Mladi\u0107!","author":{"@id":"https:\/\/serbiantimes.info\/en\/author\/serbiantimes-portal\/#author"},"publisher":{"@id":"https:\/\/serbiantimes.info\/en\/#organization"},"image":{"@type":"ImageObject","url":"https:\/\/serbiantimes.info\/en\/wp-content\/uploads\/sites\/2\/2026\/08\/DIPTIH-TRIPTIH-Serbian-Times-3-17.jpg","width":1200,"height":750},"datePublished":"2026-08-28T17:01:20+02:00","dateModified":"2026-08-28T17:04:07+02:00","inLanguage":"en-US","mainEntityOfPage":{"@id":"https:\/\/serbiantimes.info\/en\/hteli-su-da-umre-u-hagu-vucic-se-oglasio-povodom-smrti-generala-ratka-mladica\/#webpage"},"isPartOf":{"@id":"https:\/\/serbiantimes.info\/en\/hteli-su-da-umre-u-hagu-vucic-se-oglasio-povodom-smrti-generala-ratka-mladica\/#webpage"},"articleSection":"SERBIA, Aleksandar Vu\u010di\u0107, Hag, ratko mladi\u0107, sud, zdravlje"},{"@type":"BreadcrumbList","@id":"https:\/\/serbiantimes.info\/en\/hteli-su-da-umre-u-hagu-vucic-se-oglasio-povodom-smrti-generala-ratka-mladica\/#breadcrumblist","itemListElement":[{"@type":"ListItem","@id":"https:\/\/serbiantimes.info\/en#listItem","position":1,"name":"Home","item":"https:\/\/serbiantimes.info\/en","nextItem":{"@type":"ListItem","@id":"https:\/\/serbiantimes.info\/en\/category\/serbia\/#listItem","name":"SERBIA"}},{"@type":"ListItem","@id":"https:\/\/serbiantimes.info\/en\/category\/serbia\/#listItem","position":2,"name":"SERBIA","item":"https:\/\/serbiantimes.info\/en\/category\/serbia\/","nextItem":{"@type":"ListItem","@id":"https:\/\/serbiantimes.info\/en\/hteli-su-da-umre-u-hagu-vucic-se-oglasio-povodom-smrti-generala-ratka-mladica\/#listItem","name":"\u201cTHEY WANTED HIM TO DIE IN THE HAGUE\u201d: Vu\u010di\u0107 speaks out following the death of General Ratko Mladi\u0107!"},"previousItem":{"@type":"ListItem","@id":"https:\/\/serbiantimes.info\/en#listItem","name":"Home"}},{"@type":"ListItem","@id":"https:\/\/serbiantimes.info\/en\/hteli-su-da-umre-u-hagu-vucic-se-oglasio-povodom-smrti-generala-ratka-mladica\/#listItem","position":3,"name":"\u201cTHEY WANTED HIM TO DIE IN THE HAGUE\u201d: Vu\u010di\u0107 speaks out following the death of General Ratko Mladi\u0107!","previousItem":{"@type":"ListItem","@id":"https:\/\/serbiantimes.info\/en\/category\/serbia\/#listItem","name":"SERBIA"}}]},{"@type":"Organization","@id":"https:\/\/serbiantimes.info\/en\/#organization","name":"Serbiantimes.info EN","url":"https:\/\/serbiantimes.info\/en\/","logo":{"@type":"ImageObject","url":"https:\/\/serbiantimes.info\/en\/wp-content\/uploads\/sites\/2\/2024\/10\/cropped-cropped-Serbian-Times-Header-Logo-1.png","@id":"https:\/\/serbiantimes.info\/en\/hteli-su-da-umre-u-hagu-vucic-se-oglasio-povodom-smrti-generala-ratka-mladica\/#organizationLogo","width":480,"height":100},"image":{"@id":"https:\/\/serbiantimes.info\/en\/hteli-su-da-umre-u-hagu-vucic-se-oglasio-povodom-smrti-generala-ratka-mladica\/#organizationLogo"}},{"@type":"Person","@id":"https:\/\/serbiantimes.info\/en\/author\/serbiantimes-portal\/#author","url":"https:\/\/serbiantimes.info\/en\/author\/serbiantimes-portal\/","name":"Serbian Times","image":{"@type":"ImageObject","@id":"https:\/\/serbiantimes.info\/en\/hteli-su-da-umre-u-hagu-vucic-se-oglasio-povodom-smrti-generala-ratka-mladica\/#authorImage","url":"https:\/\/secure.gravatar.com\/avatar\/ea76e009769270b4193e2bc7e032c096b4ae135483ec03b396fd0f520bc3dcfd?s=96&d=mm&r=g","width":96,"height":96,"caption":"Serbian Times"}},{"@type":"WebPage","@id":"https:\/\/serbiantimes.info\/en\/hteli-su-da-umre-u-hagu-vucic-se-oglasio-povodom-smrti-generala-ratka-mladica\/#webpage","url":"https:\/\/serbiantimes.info\/en\/hteli-su-da-umre-u-hagu-vucic-se-oglasio-povodom-smrti-generala-ratka-mladica\/","name":"\u201cTHEY WANTED HIM TO DIE IN THE HAGUE\u201d: Vu\u010di\u0107 speaks out following the death of General Ratko Mladi\u0107! | Serbiantimes.info EN","description":"Serbian President Aleksandar Vu\u010di\u0107 said today in Ose\u010dina that The Hague wanted Ratko Mladi\u0107 to die behind bars. He said that he had been in contact with Ratko Mladi\u0107\u2019s son for a long time and that the state had tried to help as much as possible, but also to bring his life to an end","inLanguage":"en-US","isPartOf":{"@id":"https:\/\/serbiantimes.info\/en\/#website"},"breadcrumb":{"@id":"https:\/\/serbiantimes.info\/en\/hteli-su-da-umre-u-hagu-vucic-se-oglasio-povodom-smrti-generala-ratka-mladica\/#breadcrumblist"},"author":{"@id":"https:\/\/serbiantimes.info\/en\/author\/serbiantimes-portal\/#author"},"creator":{"@id":"https:\/\/serbiantimes.info\/en\/author\/serbiantimes-portal\/#author"},"image":{"@type":"ImageObject","url":"https:\/\/serbiantimes.info\/en\/wp-content\/uploads\/sites\/2\/2026\/08\/DIPTIH-TRIPTIH-Serbian-Times-3-17.jpg","@id":"https:\/\/serbiantimes.info\/en\/hteli-su-da-umre-u-hagu-vucic-se-oglasio-povodom-smrti-generala-ratka-mladica\/#mainImage","width":1200,"height":750},"primaryImageOfPage":{"@id":"https:\/\/serbiantimes.info\/en\/hteli-su-da-umre-u-hagu-vucic-se-oglasio-povodom-smrti-generala-ratka-mladica\/#mainImage"},"datePublished":"2026-08-28T17:01:20+02:00","dateModified":"2026-08-28T17:04:07+02:00"},{"@type":"WebSite","@id":"https:\/\/serbiantimes.info\/en\/#website","url":"https:\/\/serbiantimes.info\/en\/","name":"Serbiantimes.info EN","inLanguage":"en-US","publisher":{"@id":"https:\/\/serbiantimes.info\/en\/#organization"}}]},"og:locale":"en_US","og:site_name":"Serbiantimes.info EN |","og:type":"article","og:title":"\u201cTHEY WANTED HIM TO DIE IN THE HAGUE\u201d: Vu\u010di\u0107 speaks out following the death of General Ratko Mladi\u0107! | Serbiantimes.info EN","og:description":"Serbian President Aleksandar Vu\u010di\u0107 said today in Ose\u010dina that The Hague wanted Ratko Mladi\u0107 to die behind bars. He said that he had been in contact with Ratko Mladi\u0107\u2019s son for a long time and that the state had tried to help as much as possible, but also to bring his life to an end","og:url":"https:\/\/serbiantimes.info\/en\/hteli-su-da-umre-u-hagu-vucic-se-oglasio-povodom-smrti-generala-ratka-mladica\/","og:image":"https:\/\/serbiantimes.info\/en\/wp-content\/uploads\/sites\/2\/2026\/08\/DIPTIH-TRIPTIH-Serbian-Times-3-17.jpg","og:image:secure_url":"https:\/\/serbiantimes.info\/en\/wp-content\/uploads\/sites\/2\/2026\/08\/DIPTIH-TRIPTIH-Serbian-Times-3-17.jpg","og:image:width":1200,"og:image:height":750,"article:published_time":"2026-08-28T15:01:20+00:00","article:modified_time":"2026-08-28T15:04:07+00:00","twitter:card":"summary_large_image","twitter:title":"\u201cTHEY WANTED HIM TO DIE IN THE HAGUE\u201d: Vu\u010di\u0107 speaks out following the death of General Ratko Mladi\u0107! | Serbiantimes.info EN","twitter:description":"Serbian President Aleksandar Vu\u010di\u0107 said today in Ose\u010dina that The Hague wanted Ratko Mladi\u0107 to die behind bars. He said that he had been in contact with Ratko Mladi\u0107\u2019s son for a long time and that the state had tried to help as much as possible, but also to bring his life to an end","twitter:image":"https:\/\/serbiantimes.info\/en\/wp-content\/uploads\/sites\/2\/2026\/08\/DIPTIH-TRIPTIH-Serbian-Times-3-17.jpg"},"aioseo_meta_data":{"post_id":"217205","title":null,"description":null,"keywords":null,"keyphrases":{"focus":{"keyphrase":"","score":0,"analysis":{"keyphraseInTitle":{"score":0,"maxScore":9,"error":1}}},"additional":[]},"primary_term":null,"canonical_url":null,"og_title":null,"og_description":null,"og_object_type":"default","og_image_type":"default","og_image_url":null,"og_image_width":null,"og_image_height":null,"og_image_custom_url":null,"og_image_custom_fields":null,"og_video":"","og_custom_url":null,"og_article_section":null,"og_article_tags":null,"twitter_use_og":false,"twitter_card":"default","twitter_image_type":"default","twitter_image_url":null,"twitter_image_custom_url":null,"twitter_image_custom_fields":null,"twitter_title":null,"twitter_description":null,"schema":{"blockGraphs":[],"customGraphs":[],"default":{"data":{"Article":[],"Course":[],"Dataset":[],"FAQPage":[],"Movie":[],"Person":[],"Product":[],"ProductReview":[],"Car":[],"Recipe":[],"Service":[],"SoftwareApplication":[],"WebPage":[]},"graphName":"BlogPosting","isEnabled":true},"graphs":[]},"schema_type":"default","schema_type_options":null,"pillar_content":false,"robots_default":true,"robots_noindex":false,"robots_noarchive":false,"robots_nosnippet":false,"robots_nofollow":false,"robots_noimageindex":false,"robots_noodp":false,"robots_notranslate":false,"robots_max_snippet":"-1","robots_max_videopreview":"-1","robots_max_imagepreview":"large","priority":null,"frequency":"default","local_seo":null,"breadcrumb_settings":null,"limit_modified_date":false,"ai":{"faqs":[],"keyPoints":[],"schemas":[],"titles":[],"descriptions":[],"socialPosts":{"email":{"subject":"","preview":"","content":""},"linkedin":[],"twitter":[],"facebook":[],"instagram":[]}},"created":"2026-08-28 14:50:02","updated":"2026-08-28 15:51:21","focus_keyword":null,"additional_keywords":null,"truseo_locale":null,"seo_analyzer_scan_date":null},"aioseo_breadcrumb":"<div class=\"aioseo-breadcrumbs\"><span class=\"aioseo-breadcrumb\">\n\t\t\t<a href=\"https:\/\/serbiantimes.info\/en\" title=\"Home\">Home<\/a>\n\t\t<\/span><span class=\"aioseo-breadcrumb-separator\">&raquo;<\/span><span class=\"aioseo-breadcrumb\">\n\t\t\t<a href=\"https:\/\/serbiantimes.info\/en\/category\/serbia\/\" title=\"SERBIA\">SERBIA<\/a>\n\t\t<\/span><span class=\"aioseo-breadcrumb-separator\">&raquo;<\/span><span class=\"aioseo-breadcrumb\">\n\t\t\t\u201cTHEY WANTED HIM TO DIE IN THE HAGUE\u201d: Vu\u010di\u0107 speaks out following the death of General Ratko Mladi\u0107!\n\t\t<\/span><\/div>","aioseo_breadcrumb_json":[{"label":"Home","link":"https:\/\/serbiantimes.info\/en"},{"label":"SERBIA","link":"https:\/\/serbiantimes.info\/en\/category\/serbia\/"},{"label":"\u201cTHEY WANTED HIM TO DIE IN THE HAGUE\u201d: Vu\u010di\u0107 speaks out following the death of General Ratko Mladi\u0107!","link":"https:\/\/serbiantimes.info\/en\/hteli-su-da-umre-u-hagu-vucic-se-oglasio-povodom-smrti-generala-ratka-mladica\/"}],"distributor_meta":false,"distributor_terms":false,"distributor_media":false,"distributor_original_site_name":"Serbiantimes.info EN","distributor_original_site_url":"https:\/\/serbiantimes.info\/en","push-errors":false,"_links":{"self":[{"href":"https:\/\/serbiantimes.info\/en\/wp-json\/wp\/v2\/posts\/217205","targetHints":{"allow":["GET"]}}],"collection":[{"href":"https:\/\/serbiantimes.info\/en\/wp-json\/wp\/v2\/posts"}],"about":[{"href":"https:\/\/serbiantimes.info\/en\/wp-json\/wp\/v2\/types\/post"}],"author":[{"embeddable":true,"href":"https:\/\/serbiantimes.info\/en\/wp-json\/wp\/v2\/users\/2169"}],"replies":[{"embeddable":true,"href":"https:\/\/serbiantimes.info\/en\/wp-json\/wp\/v2\/comments?post=217205"}],"version-history":[{"count":2,"href":"https:\/\/serbiantimes.info\/en\/wp-json\/wp\/v2\/posts\/217205\/revisions"}],"predecessor-version":[{"id":217229,"href":"https:\/\/serbiantimes.info\/en\/wp-json\/wp\/v2\/posts\/217205\/revisions\/217229"}],"wp:featuredmedia":[{"embeddable":true,"href":"https:\/\/serbiantimes.info\/en\/wp-json\/wp\/v2\/media\/216717"}],"wp:attachment":[{"href":"https:\/\/serbiantimes.info\/en\/wp-json\/wp\/v2\/media?parent=217205"}],"wp:term":[{"taxonomy":"category","embeddable":true,"href":"https:\/\/serbiantimes.info\/en\/wp-json\/wp\/v2\/categories?post=217205"},{"taxonomy":"post_tag","embeddable":true,"href":"https:\/\/serbiantimes.info\/en\/wp-json\/wp\/v2\/tags?post=217205"}],"curies":[{"name":"wp","href":"https:\/\/api.w.org\/{rel}","templated":true}]}}