{"id":217112,"date":"2026-08-27T19:06:41","date_gmt":"2026-08-27T17:06:41","guid":{"rendered":"https:\/\/serbiantimes.info\/en\/?p=217112"},"modified":"2026-08-27T19:08:55","modified_gmt":"2026-08-27T17:08:55","slug":"because-of-an-intimate-scene-they-didnt-speak-for-30-years-seka-got-angry-with-bora-during-the-filming-of-the-marathon-family","status":"publish","type":"post","link":"https:\/\/serbiantimes.info\/en\/because-of-an-intimate-scene-they-didnt-speak-for-30-years-seka-got-angry-with-bora-during-the-filming-of-the-marathon-family\/","title":{"rendered":"BECAUSE OF AN INTIMATE SCENE, THEY DIDN&#8217;T SPEAK FOR 30 YEARS: Seka Got Angry with Bora During the Filming of \u201cThe Marathon Family\u201d!"},"content":{"rendered":"\n<p class=\"wp-block-paragraph\"><strong><em>One of the stories that captures the attention of the local public, especially those who follow our cultural scene, is the falling-out between legends of our acting world \u2013 Jelisaveta Seka Sabli\u0107 and Bora Todorovi\u0107.<\/em><\/strong><\/p>\n\n\n\n<p class=\"wp-block-paragraph\">Namely, the two of them allegedly did not speak for 30 years, and the reason was a film, specifically a scene from the cult film \u201cThe Marathon Family.\u201d According to the stories, while filming a scene on the shore of a lake that involved kissing and something more with Seka, Bora became more immersed in the role than he should have and did something that was not included in the script.<\/p>\n\n\n\n<p class=\"wp-block-paragraph\">The situation allegedly escalated, and Seka was supposedly so angry that she did not want to continue filming; she even screamed at and insulted Bora, while everyone on the set was surprised by what was happening, especially because they did not know exactly what had happened. Todorovi\u0107 apologized to Seka, but she remained unwilling to relent. At least, that is how the story goes.<\/p>\n\n\n\n<p class=\"wp-block-paragraph\">Seka herself put an end to those stories and said on one occasion that she was not uncomfortable filming that sex scene with Bora and that she did not hold anything against him.<\/p>\n\n\n\n<figure class=\"wp-block-image size-full\"><a href=\"http:\/\/serbiantimes.info\/wp-content\/uploads\/2023\/07\/image-74.png\"><img loading=\"lazy\" decoding=\"async\" width=\"1000\" height=\"691\" src=\"http:\/\/serbiantimes.info\/wp-content\/uploads\/sites\/2\/2026\/08\/image-74.png\" alt=\"\" class=\"wp-image-217113\" srcset=\"https:\/\/serbiantimes.info\/en\/wp-content\/uploads\/sites\/2\/2026\/08\/image-74.png 1000w, https:\/\/serbiantimes.info\/en\/wp-content\/uploads\/sites\/2\/2026\/08\/image-74-300x207.png 300w, https:\/\/serbiantimes.info\/en\/wp-content\/uploads\/sites\/2\/2026\/08\/image-74-768x531.png 768w\" sizes=\"auto, (max-width: 1000px) 100vw, 1000px\" \/><\/a><\/figure>\n\n\n\n<p class=\"wp-block-paragraph\">\u2013 What was hardest for me was when Bora&#8217;s son \u017dika asked me whether it was true that I had been angry with his father because of that. I told him that I had never been angry with Bora. On the contrary, the two of us were very close. For a while, Gaga Nikoli\u0107, Bora and I used to spend time together on a boat on the Sava. It is normal that during their lives people become somewhat distant at some point and that everyone goes their own way, because of family, work, or whatever else. That happened with Bora and me as well, but we were never in a quarrel \u2013 the actress explained.<\/p>\n\n\n\n<p class=\"wp-block-paragraph\">Before the sex scene, Seka swam in the lake while Bora filmed her from the shore and compared her to the famous actress Hedy Lamarr, and the actress later revealed that she ended up in the hospital afterward.<\/p>\n\n\n\n<p class=\"wp-block-paragraph\">\u2013 I was very ill at the time when we were doing that scene by the lake and in the water. After filming, I ended up in the hospital \u2013 Seka said on one occasion.<\/p>\n\n\n\n<h4 class=\"wp-block-heading\"><mark style=\"background-color:#FFFFFF;color:#d21414\" class=\"has-inline-color\">MORE TOPICS:<\/mark><\/h4>\n\n\n\n<p class=\"wp-block-paragraph\"><strong><a href=\"https:\/\/serbiantimes.info\/en\/sumanute-optuzbe-glisica-jedini-odgovorni-za-pozare-su-blokaderi-pucali-su-na-ljude-i-palili-imovinu\/\" target=\"_blank\" rel=\"noopener\" title=\"\">GLI\u0160I\u0106\u2019S OUTRAGEOUS ACCUSATIONS: \u201cThe Only Ones Responsible for the Fires Are the Blockaders, They Shot at People and Set Property on Fire!\u201d<\/a><\/strong><\/p>\n\n\n\n<p class=\"wp-block-paragraph\"><strong><a href=\"https:\/\/serbiantimes.info\/en\/first-place-secured-serbia-defeats-ukraine-convincingly-to-finish-with-a-perfect-record\/\" target=\"_blank\" rel=\"noopener\" title=\"\">FIRST PLACE SECURED: Serbia Defeats Ukraine Convincingly to Finish with a Perfect Record!<\/a><\/strong><\/p>\n\n\n\n<p class=\"wp-block-paragraph\"><strong><a href=\"https:\/\/serbiantimes.info\/en\/buba-and-jalas-manager-arrested-caught-smuggling-drugs-and-weapons-and-planning-an-attack-on-senidah-video\/\" target=\"_blank\" rel=\"noopener\" title=\"\">BUBA AND JALA\u2019S MANAGER ARRESTED: Caught Smuggling Drugs and Weapons and Planning an Attack on Senidah! (VIDEO)<\/a><\/strong><\/p>\n\n\n\n<p class=\"wp-block-paragraph\"><strong><a href=\"https:\/\/serbiantimes.info\/en\/agreement-signed-in-skopje-serbia-and-north-macedonia-to-build-a-new-gas-pipeline-worth-nearly-30-million\/\" target=\"_blank\" rel=\"noopener\" title=\"\">AGREEMENT SIGNED IN SKOPJE: Serbia and North Macedonia to Build a New Gas Pipeline Worth Nearly \u20ac30 Million!<\/a><\/strong><\/p>\n\n\n\n<p class=\"wp-block-paragraph\"><strong><a href=\"https:\/\/serbiantimes.info\/en\/milorad-dodik-on-ratko-mladic-republika-srpska-will-not-forget-him-this-was-an-organized-killing\/\" target=\"_blank\" rel=\"noopener\" title=\"\">MILORAD DODIK ON RATKO MLADI\u0106: Republika Srpska Will Not Forget Him, This Was an Organized Killing!<\/a><\/strong><\/p>\n\n\n\n<p class=\"wp-block-paragraph\"><strong><a href=\"https:\/\/serbiantimes.info\/en\/major-fire-threatens-trebinje-blaze-has-spiraled-out-of-control-armed-forces-of-bosnia-and-herzegovina-deployed\/\" target=\"_blank\" rel=\"noopener\" title=\"\">MAJOR FIRE THREATENS TREBINJE: Blaze Has Spiraled Out of Control, Armed Forces of Bosnia and Herzegovina Deployed!<\/a><\/strong><\/p>\n\n\n\n<p class=\"wp-block-paragraph\"><strong><strong>Source<\/strong><\/strong>: <a href=\"https:\/\/www.kurir.rs\/zabava\/pop-kultura\/3969637\/zbog-scene-seksa-navodno-nisu-pricali-30-godina-seka-otkrila-pravu-istinu?fs=e&amp;s=cl\" target=\"_blank\" rel=\"noopener\" title=\"\">Kurir<\/a> <strong>Photo:<\/strong> Printscreen Youtube<\/p>\n","protected":false},"excerpt":{"rendered":"<p>One of the stories that captures the attention of the local public, especially those who follow our cultural scene, is the falling-out between legends of our acting world \u2013 Jelisaveta Seka Sabli\u0107 and Bora Todorovi\u0107. Namely, the two of them allegedly did not speak for 30 years, and the reason was a film, specifically a [&hellip;]<\/p>\n","protected":false},"author":2169,"featured_media":217114,"comment_status":"closed","ping_status":"closed","sticky":false,"template":"","format":"standard","meta":{"newspack_featured_image_position":"","newspack_post_subtitle":"","newspack_article_summary_title":"Overview:","newspack_article_summary":"","newspack_hide_updated_date":false,"newspack_show_updated_date":false,"footnotes":""},"categories":[11],"tags":[14071,414,14072,14073,14074,14075,14076,14077],"class_list":["post-217112","post","type-post","status-publish","format-standard","has-post-thumbnail","hentry","category-history","tag-bora-todorovicc","tag-film","tag-gaga-nikolic","tag-intimne-scene","tag-jelisaveta-seka-sablic","tag-maratonci-trce-pocasni-krug","tag-scena","tag-svada","entry"],"aioseo_notices":[],"aioseo_head":"\n\t\t<!-- All in One SEO 5.0.1.1 - aioseo.com -->\n\t<meta name=\"description\" content=\"One of the stories that captures the attention of the local public, especially those who follow our cultural scene, is the falling-out between legends of our acting world \u2013 Jelisaveta Seka Sabli\u0107 and Bora Todorovi\u0107. Namely, the two of them allegedly did not speak for 30 years, and the reason was a film, specifically a\" \/>\n\t<meta name=\"robots\" content=\"max-image-preview:large\" \/>\n\t<meta name=\"author\" content=\"Serbian Times\"\/>\n\t<link rel=\"canonical\" href=\"https:\/\/serbiantimes.info\/en\/because-of-an-intimate-scene-they-didnt-speak-for-30-years-seka-got-angry-with-bora-during-the-filming-of-the-marathon-family\/\" \/>\n\t<meta name=\"generator\" content=\"All in One SEO (AIOSEO) 5.0.1.1\" \/>\n\t\t<meta property=\"og:locale\" content=\"en_US\" \/>\n\t\t<meta property=\"og:site_name\" content=\"Serbiantimes.info EN |\" \/>\n\t\t<meta property=\"og:type\" content=\"article\" \/>\n\t\t<meta property=\"og:title\" content=\"BECAUSE OF AN INTIMATE SCENE, THEY DIDN\u2019T SPEAK FOR 30 YEARS: Seka Got Angry with Bora During the Filming of \u201cThe Marathon Family\u201d! | Serbiantimes.info EN\" \/>\n\t\t<meta property=\"og:description\" content=\"One of the stories that captures the attention of the local public, especially those who follow our cultural scene, is the falling-out between legends of our acting world \u2013 Jelisaveta Seka Sabli\u0107 and Bora Todorovi\u0107. Namely, the two of them allegedly did not speak for 30 years, and the reason was a film, specifically a\" \/>\n\t\t<meta property=\"og:url\" content=\"https:\/\/serbiantimes.info\/en\/because-of-an-intimate-scene-they-didnt-speak-for-30-years-seka-got-angry-with-bora-during-the-filming-of-the-marathon-family\/\" \/>\n\t\t<meta property=\"og:image\" content=\"https:\/\/serbiantimes.info\/en\/wp-content\/uploads\/sites\/2\/2026\/08\/Seka-SablicBora-todorovic.jpg\" \/>\n\t\t<meta property=\"og:image:secure_url\" content=\"https:\/\/serbiantimes.info\/en\/wp-content\/uploads\/sites\/2\/2026\/08\/Seka-SablicBora-todorovic.jpg\" \/>\n\t\t<meta property=\"og:image:width\" content=\"1200\" \/>\n\t\t<meta property=\"og:image:height\" content=\"750\" \/>\n\t\t<meta property=\"article:published_time\" content=\"2026-08-27T17:06:41+00:00\" \/>\n\t\t<meta property=\"article:modified_time\" content=\"2026-08-27T17:08:55+00:00\" \/>\n\t\t<meta name=\"twitter:card\" content=\"summary_large_image\" \/>\n\t\t<meta name=\"twitter:title\" content=\"BECAUSE OF AN INTIMATE SCENE, THEY DIDN\u2019T SPEAK FOR 30 YEARS: Seka Got Angry with Bora During the Filming of \u201cThe Marathon Family\u201d! | Serbiantimes.info EN\" \/>\n\t\t<meta name=\"twitter:description\" content=\"One of the stories that captures the attention of the local public, especially those who follow our cultural scene, is the falling-out between legends of our acting world \u2013 Jelisaveta Seka Sabli\u0107 and Bora Todorovi\u0107. Namely, the two of them allegedly did not speak for 30 years, and the reason was a film, specifically a\" \/>\n\t\t<meta name=\"twitter:image\" content=\"https:\/\/serbiantimes.info\/en\/wp-content\/uploads\/sites\/2\/2026\/08\/Seka-SablicBora-todorovic.jpg\" \/>\n\t\t<script type=\"application\/ld+json\" class=\"aioseo-schema\">\n\t\t\t{\"@context\":\"https:\\\/\\\/schema.org\",\"@graph\":[{\"@type\":\"BlogPosting\",\"@id\":\"https:\\\/\\\/serbiantimes.info\\\/en\\\/because-of-an-intimate-scene-they-didnt-speak-for-30-years-seka-got-angry-with-bora-during-the-filming-of-the-marathon-family\\\/#blogposting\",\"name\":\"BECAUSE OF AN INTIMATE SCENE, THEY DIDN\\u2019T SPEAK FOR 30 YEARS: Seka Got Angry with Bora During the Filming of \\u201cThe Marathon Family\\u201d! | Serbiantimes.info EN\",\"headline\":\"BECAUSE OF AN INTIMATE SCENE, THEY DIDN&#8217;T SPEAK FOR 30 YEARS: Seka Got Angry with Bora During the Filming of \\u201cThe Marathon Family\\u201d!\",\"author\":{\"@id\":\"https:\\\/\\\/serbiantimes.info\\\/en\\\/author\\\/serbiantimes-portal\\\/#author\"},\"publisher\":{\"@id\":\"https:\\\/\\\/serbiantimes.info\\\/en\\\/#organization\"},\"image\":{\"@type\":\"ImageObject\",\"url\":\"https:\\\/\\\/serbiantimes.info\\\/en\\\/wp-content\\\/uploads\\\/sites\\\/2\\\/2026\\\/08\\\/Seka-SablicBora-todorovic.jpg\",\"width\":1200,\"height\":750},\"datePublished\":\"2026-08-27T19:06:41+02:00\",\"dateModified\":\"2026-08-27T19:08:55+02:00\",\"inLanguage\":\"en-US\",\"mainEntityOfPage\":{\"@id\":\"https:\\\/\\\/serbiantimes.info\\\/en\\\/because-of-an-intimate-scene-they-didnt-speak-for-30-years-seka-got-angry-with-bora-during-the-filming-of-the-marathon-family\\\/#webpage\"},\"isPartOf\":{\"@id\":\"https:\\\/\\\/serbiantimes.info\\\/en\\\/because-of-an-intimate-scene-they-didnt-speak-for-30-years-seka-got-angry-with-bora-during-the-filming-of-the-marathon-family\\\/#webpage\"},\"articleSection\":\"HISTORY, Bora Todorovi\\u0107\\u0107, film, Gaga Nikoli\\u0107, intimne scene, Jelisaveta Seka Sabli\\u0107, Maratonci tr\\u010de po\\u010dasni krug, scena, sva\\u0111a\"},{\"@type\":\"BreadcrumbList\",\"@id\":\"https:\\\/\\\/serbiantimes.info\\\/en\\\/because-of-an-intimate-scene-they-didnt-speak-for-30-years-seka-got-angry-with-bora-during-the-filming-of-the-marathon-family\\\/#breadcrumblist\",\"itemListElement\":[{\"@type\":\"ListItem\",\"@id\":\"https:\\\/\\\/serbiantimes.info\\\/en#listItem\",\"position\":1,\"name\":\"Home\",\"item\":\"https:\\\/\\\/serbiantimes.info\\\/en\",\"nextItem\":{\"@type\":\"ListItem\",\"@id\":\"https:\\\/\\\/serbiantimes.info\\\/en\\\/category\\\/history\\\/#listItem\",\"name\":\"HISTORY\"}},{\"@type\":\"ListItem\",\"@id\":\"https:\\\/\\\/serbiantimes.info\\\/en\\\/category\\\/history\\\/#listItem\",\"position\":2,\"name\":\"HISTORY\",\"item\":\"https:\\\/\\\/serbiantimes.info\\\/en\\\/category\\\/history\\\/\",\"nextItem\":{\"@type\":\"ListItem\",\"@id\":\"https:\\\/\\\/serbiantimes.info\\\/en\\\/because-of-an-intimate-scene-they-didnt-speak-for-30-years-seka-got-angry-with-bora-during-the-filming-of-the-marathon-family\\\/#listItem\",\"name\":\"BECAUSE OF AN INTIMATE SCENE, THEY DIDN&#8217;T SPEAK FOR 30 YEARS: Seka Got Angry with Bora During the Filming of \\u201cThe Marathon Family\\u201d!\"},\"previousItem\":{\"@type\":\"ListItem\",\"@id\":\"https:\\\/\\\/serbiantimes.info\\\/en#listItem\",\"name\":\"Home\"}},{\"@type\":\"ListItem\",\"@id\":\"https:\\\/\\\/serbiantimes.info\\\/en\\\/because-of-an-intimate-scene-they-didnt-speak-for-30-years-seka-got-angry-with-bora-during-the-filming-of-the-marathon-family\\\/#listItem\",\"position\":3,\"name\":\"BECAUSE OF AN INTIMATE SCENE, THEY DIDN&#8217;T SPEAK FOR 30 YEARS: Seka Got Angry with Bora During the Filming of \\u201cThe Marathon Family\\u201d!\",\"previousItem\":{\"@type\":\"ListItem\",\"@id\":\"https:\\\/\\\/serbiantimes.info\\\/en\\\/category\\\/history\\\/#listItem\",\"name\":\"HISTORY\"}}]},{\"@type\":\"Organization\",\"@id\":\"https:\\\/\\\/serbiantimes.info\\\/en\\\/#organization\",\"name\":\"Serbiantimes.info EN\",\"url\":\"https:\\\/\\\/serbiantimes.info\\\/en\\\/\",\"logo\":{\"@type\":\"ImageObject\",\"url\":\"https:\\\/\\\/serbiantimes.info\\\/en\\\/wp-content\\\/uploads\\\/sites\\\/2\\\/2024\\\/10\\\/cropped-cropped-Serbian-Times-Header-Logo-1.png\",\"@id\":\"https:\\\/\\\/serbiantimes.info\\\/en\\\/because-of-an-intimate-scene-they-didnt-speak-for-30-years-seka-got-angry-with-bora-during-the-filming-of-the-marathon-family\\\/#organizationLogo\",\"width\":480,\"height\":100},\"image\":{\"@id\":\"https:\\\/\\\/serbiantimes.info\\\/en\\\/because-of-an-intimate-scene-they-didnt-speak-for-30-years-seka-got-angry-with-bora-during-the-filming-of-the-marathon-family\\\/#organizationLogo\"}},{\"@type\":\"Person\",\"@id\":\"https:\\\/\\\/serbiantimes.info\\\/en\\\/author\\\/serbiantimes-portal\\\/#author\",\"url\":\"https:\\\/\\\/serbiantimes.info\\\/en\\\/author\\\/serbiantimes-portal\\\/\",\"name\":\"Serbian Times\",\"image\":{\"@type\":\"ImageObject\",\"@id\":\"https:\\\/\\\/serbiantimes.info\\\/en\\\/because-of-an-intimate-scene-they-didnt-speak-for-30-years-seka-got-angry-with-bora-during-the-filming-of-the-marathon-family\\\/#authorImage\",\"url\":\"https:\\\/\\\/secure.gravatar.com\\\/avatar\\\/ea76e009769270b4193e2bc7e032c096b4ae135483ec03b396fd0f520bc3dcfd?s=96&d=mm&r=g\",\"width\":96,\"height\":96,\"caption\":\"Serbian Times\"}},{\"@type\":\"WebPage\",\"@id\":\"https:\\\/\\\/serbiantimes.info\\\/en\\\/because-of-an-intimate-scene-they-didnt-speak-for-30-years-seka-got-angry-with-bora-during-the-filming-of-the-marathon-family\\\/#webpage\",\"url\":\"https:\\\/\\\/serbiantimes.info\\\/en\\\/because-of-an-intimate-scene-they-didnt-speak-for-30-years-seka-got-angry-with-bora-during-the-filming-of-the-marathon-family\\\/\",\"name\":\"BECAUSE OF AN INTIMATE SCENE, THEY DIDN\\u2019T SPEAK FOR 30 YEARS: Seka Got Angry with Bora During the Filming of \\u201cThe Marathon Family\\u201d! | Serbiantimes.info EN\",\"description\":\"One of the stories that captures the attention of the local public, especially those who follow our cultural scene, is the falling-out between legends of our acting world \\u2013 Jelisaveta Seka Sabli\\u0107 and Bora Todorovi\\u0107. Namely, the two of them allegedly did not speak for 30 years, and the reason was a film, specifically a\",\"inLanguage\":\"en-US\",\"isPartOf\":{\"@id\":\"https:\\\/\\\/serbiantimes.info\\\/en\\\/#website\"},\"breadcrumb\":{\"@id\":\"https:\\\/\\\/serbiantimes.info\\\/en\\\/because-of-an-intimate-scene-they-didnt-speak-for-30-years-seka-got-angry-with-bora-during-the-filming-of-the-marathon-family\\\/#breadcrumblist\"},\"author\":{\"@id\":\"https:\\\/\\\/serbiantimes.info\\\/en\\\/author\\\/serbiantimes-portal\\\/#author\"},\"creator\":{\"@id\":\"https:\\\/\\\/serbiantimes.info\\\/en\\\/author\\\/serbiantimes-portal\\\/#author\"},\"image\":{\"@type\":\"ImageObject\",\"url\":\"https:\\\/\\\/serbiantimes.info\\\/en\\\/wp-content\\\/uploads\\\/sites\\\/2\\\/2026\\\/08\\\/Seka-SablicBora-todorovic.jpg\",\"@id\":\"https:\\\/\\\/serbiantimes.info\\\/en\\\/because-of-an-intimate-scene-they-didnt-speak-for-30-years-seka-got-angry-with-bora-during-the-filming-of-the-marathon-family\\\/#mainImage\",\"width\":1200,\"height\":750},\"primaryImageOfPage\":{\"@id\":\"https:\\\/\\\/serbiantimes.info\\\/en\\\/because-of-an-intimate-scene-they-didnt-speak-for-30-years-seka-got-angry-with-bora-during-the-filming-of-the-marathon-family\\\/#mainImage\"},\"datePublished\":\"2026-08-27T19:06:41+02:00\",\"dateModified\":\"2026-08-27T19:08:55+02:00\"},{\"@type\":\"WebSite\",\"@id\":\"https:\\\/\\\/serbiantimes.info\\\/en\\\/#website\",\"url\":\"https:\\\/\\\/serbiantimes.info\\\/en\\\/\",\"name\":\"Serbiantimes.info EN\",\"inLanguage\":\"en-US\",\"publisher\":{\"@id\":\"https:\\\/\\\/serbiantimes.info\\\/en\\\/#organization\"}}]}\n\t\t<\/script>\n\t\t<!-- All in One SEO -->\n\n","aioseo_head_json":{"title":"BECAUSE OF AN INTIMATE SCENE, THEY DIDN\u2019T SPEAK FOR 30 YEARS: Seka Got Angry with Bora During the Filming of \u201cThe Marathon Family\u201d! | Serbiantimes.info EN","description":"One of the stories that captures the attention of the local public, especially those who follow our cultural scene, is the falling-out between legends of our acting world \u2013 Jelisaveta Seka Sabli\u0107 and Bora Todorovi\u0107. Namely, the two of them allegedly did not speak for 30 years, and the reason was a film, specifically a","canonical_url":"https:\/\/serbiantimes.info\/en\/because-of-an-intimate-scene-they-didnt-speak-for-30-years-seka-got-angry-with-bora-during-the-filming-of-the-marathon-family\/","robots":"max-image-preview:large","keywords":"","webmasterTools":{"miscellaneous":""},"schema":{"@context":"https:\/\/schema.org","@graph":[{"@type":"BlogPosting","@id":"https:\/\/serbiantimes.info\/en\/because-of-an-intimate-scene-they-didnt-speak-for-30-years-seka-got-angry-with-bora-during-the-filming-of-the-marathon-family\/#blogposting","name":"BECAUSE OF AN INTIMATE SCENE, THEY DIDN\u2019T SPEAK FOR 30 YEARS: Seka Got Angry with Bora During the Filming of \u201cThe Marathon Family\u201d! | Serbiantimes.info EN","headline":"BECAUSE OF AN INTIMATE SCENE, THEY DIDN&#8217;T SPEAK FOR 30 YEARS: Seka Got Angry with Bora During the Filming of \u201cThe Marathon Family\u201d!","author":{"@id":"https:\/\/serbiantimes.info\/en\/author\/serbiantimes-portal\/#author"},"publisher":{"@id":"https:\/\/serbiantimes.info\/en\/#organization"},"image":{"@type":"ImageObject","url":"https:\/\/serbiantimes.info\/en\/wp-content\/uploads\/sites\/2\/2026\/08\/Seka-SablicBora-todorovic.jpg","width":1200,"height":750},"datePublished":"2026-08-27T19:06:41+02:00","dateModified":"2026-08-27T19:08:55+02:00","inLanguage":"en-US","mainEntityOfPage":{"@id":"https:\/\/serbiantimes.info\/en\/because-of-an-intimate-scene-they-didnt-speak-for-30-years-seka-got-angry-with-bora-during-the-filming-of-the-marathon-family\/#webpage"},"isPartOf":{"@id":"https:\/\/serbiantimes.info\/en\/because-of-an-intimate-scene-they-didnt-speak-for-30-years-seka-got-angry-with-bora-during-the-filming-of-the-marathon-family\/#webpage"},"articleSection":"HISTORY, Bora Todorovi\u0107\u0107, film, Gaga Nikoli\u0107, intimne scene, Jelisaveta Seka Sabli\u0107, Maratonci tr\u010de po\u010dasni krug, scena, sva\u0111a"},{"@type":"BreadcrumbList","@id":"https:\/\/serbiantimes.info\/en\/because-of-an-intimate-scene-they-didnt-speak-for-30-years-seka-got-angry-with-bora-during-the-filming-of-the-marathon-family\/#breadcrumblist","itemListElement":[{"@type":"ListItem","@id":"https:\/\/serbiantimes.info\/en#listItem","position":1,"name":"Home","item":"https:\/\/serbiantimes.info\/en","nextItem":{"@type":"ListItem","@id":"https:\/\/serbiantimes.info\/en\/category\/history\/#listItem","name":"HISTORY"}},{"@type":"ListItem","@id":"https:\/\/serbiantimes.info\/en\/category\/history\/#listItem","position":2,"name":"HISTORY","item":"https:\/\/serbiantimes.info\/en\/category\/history\/","nextItem":{"@type":"ListItem","@id":"https:\/\/serbiantimes.info\/en\/because-of-an-intimate-scene-they-didnt-speak-for-30-years-seka-got-angry-with-bora-during-the-filming-of-the-marathon-family\/#listItem","name":"BECAUSE OF AN INTIMATE SCENE, THEY DIDN&#8217;T SPEAK FOR 30 YEARS: Seka Got Angry with Bora During the Filming of \u201cThe Marathon Family\u201d!"},"previousItem":{"@type":"ListItem","@id":"https:\/\/serbiantimes.info\/en#listItem","name":"Home"}},{"@type":"ListItem","@id":"https:\/\/serbiantimes.info\/en\/because-of-an-intimate-scene-they-didnt-speak-for-30-years-seka-got-angry-with-bora-during-the-filming-of-the-marathon-family\/#listItem","position":3,"name":"BECAUSE OF AN INTIMATE SCENE, THEY DIDN&#8217;T SPEAK FOR 30 YEARS: Seka Got Angry with Bora During the Filming of \u201cThe Marathon Family\u201d!","previousItem":{"@type":"ListItem","@id":"https:\/\/serbiantimes.info\/en\/category\/history\/#listItem","name":"HISTORY"}}]},{"@type":"Organization","@id":"https:\/\/serbiantimes.info\/en\/#organization","name":"Serbiantimes.info EN","url":"https:\/\/serbiantimes.info\/en\/","logo":{"@type":"ImageObject","url":"https:\/\/serbiantimes.info\/en\/wp-content\/uploads\/sites\/2\/2024\/10\/cropped-cropped-Serbian-Times-Header-Logo-1.png","@id":"https:\/\/serbiantimes.info\/en\/because-of-an-intimate-scene-they-didnt-speak-for-30-years-seka-got-angry-with-bora-during-the-filming-of-the-marathon-family\/#organizationLogo","width":480,"height":100},"image":{"@id":"https:\/\/serbiantimes.info\/en\/because-of-an-intimate-scene-they-didnt-speak-for-30-years-seka-got-angry-with-bora-during-the-filming-of-the-marathon-family\/#organizationLogo"}},{"@type":"Person","@id":"https:\/\/serbiantimes.info\/en\/author\/serbiantimes-portal\/#author","url":"https:\/\/serbiantimes.info\/en\/author\/serbiantimes-portal\/","name":"Serbian Times","image":{"@type":"ImageObject","@id":"https:\/\/serbiantimes.info\/en\/because-of-an-intimate-scene-they-didnt-speak-for-30-years-seka-got-angry-with-bora-during-the-filming-of-the-marathon-family\/#authorImage","url":"https:\/\/secure.gravatar.com\/avatar\/ea76e009769270b4193e2bc7e032c096b4ae135483ec03b396fd0f520bc3dcfd?s=96&d=mm&r=g","width":96,"height":96,"caption":"Serbian Times"}},{"@type":"WebPage","@id":"https:\/\/serbiantimes.info\/en\/because-of-an-intimate-scene-they-didnt-speak-for-30-years-seka-got-angry-with-bora-during-the-filming-of-the-marathon-family\/#webpage","url":"https:\/\/serbiantimes.info\/en\/because-of-an-intimate-scene-they-didnt-speak-for-30-years-seka-got-angry-with-bora-during-the-filming-of-the-marathon-family\/","name":"BECAUSE OF AN INTIMATE SCENE, THEY DIDN\u2019T SPEAK FOR 30 YEARS: Seka Got Angry with Bora During the Filming of \u201cThe Marathon Family\u201d! | Serbiantimes.info EN","description":"One of the stories that captures the attention of the local public, especially those who follow our cultural scene, is the falling-out between legends of our acting world \u2013 Jelisaveta Seka Sabli\u0107 and Bora Todorovi\u0107. Namely, the two of them allegedly did not speak for 30 years, and the reason was a film, specifically a","inLanguage":"en-US","isPartOf":{"@id":"https:\/\/serbiantimes.info\/en\/#website"},"breadcrumb":{"@id":"https:\/\/serbiantimes.info\/en\/because-of-an-intimate-scene-they-didnt-speak-for-30-years-seka-got-angry-with-bora-during-the-filming-of-the-marathon-family\/#breadcrumblist"},"author":{"@id":"https:\/\/serbiantimes.info\/en\/author\/serbiantimes-portal\/#author"},"creator":{"@id":"https:\/\/serbiantimes.info\/en\/author\/serbiantimes-portal\/#author"},"image":{"@type":"ImageObject","url":"https:\/\/serbiantimes.info\/en\/wp-content\/uploads\/sites\/2\/2026\/08\/Seka-SablicBora-todorovic.jpg","@id":"https:\/\/serbiantimes.info\/en\/because-of-an-intimate-scene-they-didnt-speak-for-30-years-seka-got-angry-with-bora-during-the-filming-of-the-marathon-family\/#mainImage","width":1200,"height":750},"primaryImageOfPage":{"@id":"https:\/\/serbiantimes.info\/en\/because-of-an-intimate-scene-they-didnt-speak-for-30-years-seka-got-angry-with-bora-during-the-filming-of-the-marathon-family\/#mainImage"},"datePublished":"2026-08-27T19:06:41+02:00","dateModified":"2026-08-27T19:08:55+02:00"},{"@type":"WebSite","@id":"https:\/\/serbiantimes.info\/en\/#website","url":"https:\/\/serbiantimes.info\/en\/","name":"Serbiantimes.info EN","inLanguage":"en-US","publisher":{"@id":"https:\/\/serbiantimes.info\/en\/#organization"}}]},"og:locale":"en_US","og:site_name":"Serbiantimes.info EN |","og:type":"article","og:title":"BECAUSE OF AN INTIMATE SCENE, THEY DIDN\u2019T SPEAK FOR 30 YEARS: Seka Got Angry with Bora During the Filming of \u201cThe Marathon Family\u201d! | Serbiantimes.info EN","og:description":"One of the stories that captures the attention of the local public, especially those who follow our cultural scene, is the falling-out between legends of our acting world \u2013 Jelisaveta Seka Sabli\u0107 and Bora Todorovi\u0107. Namely, the two of them allegedly did not speak for 30 years, and the reason was a film, specifically a","og:url":"https:\/\/serbiantimes.info\/en\/because-of-an-intimate-scene-they-didnt-speak-for-30-years-seka-got-angry-with-bora-during-the-filming-of-the-marathon-family\/","og:image":"https:\/\/serbiantimes.info\/en\/wp-content\/uploads\/sites\/2\/2026\/08\/Seka-SablicBora-todorovic.jpg","og:image:secure_url":"https:\/\/serbiantimes.info\/en\/wp-content\/uploads\/sites\/2\/2026\/08\/Seka-SablicBora-todorovic.jpg","og:image:width":1200,"og:image:height":750,"article:published_time":"2026-08-27T17:06:41+00:00","article:modified_time":"2026-08-27T17:08:55+00:00","twitter:card":"summary_large_image","twitter:title":"BECAUSE OF AN INTIMATE SCENE, THEY DIDN\u2019T SPEAK FOR 30 YEARS: Seka Got Angry with Bora During the Filming of \u201cThe Marathon Family\u201d! | Serbiantimes.info EN","twitter:description":"One of the stories that captures the attention of the local public, especially those who follow our cultural scene, is the falling-out between legends of our acting world \u2013 Jelisaveta Seka Sabli\u0107 and Bora Todorovi\u0107. Namely, the two of them allegedly did not speak for 30 years, and the reason was a film, specifically a","twitter:image":"https:\/\/serbiantimes.info\/en\/wp-content\/uploads\/sites\/2\/2026\/08\/Seka-SablicBora-todorovic.jpg"},"aioseo_meta_data":{"post_id":"217112","title":null,"description":null,"keywords":null,"keyphrases":{"focus":{"keyphrase":"","score":0,"analysis":{"keyphraseInTitle":{"score":0,"maxScore":9,"error":1}}},"additional":[]},"primary_term":null,"canonical_url":null,"og_title":null,"og_description":null,"og_object_type":"default","og_image_type":"default","og_image_url":null,"og_image_width":null,"og_image_height":null,"og_image_custom_url":null,"og_image_custom_fields":null,"og_video":"","og_custom_url":null,"og_article_section":null,"og_article_tags":null,"twitter_use_og":false,"twitter_card":"default","twitter_image_type":"default","twitter_image_url":null,"twitter_image_custom_url":null,"twitter_image_custom_fields":null,"twitter_title":null,"twitter_description":null,"schema":{"blockGraphs":[],"customGraphs":[],"default":{"data":{"Article":[],"Course":[],"Dataset":[],"FAQPage":[],"Movie":[],"Person":[],"Product":[],"ProductReview":[],"Car":[],"Recipe":[],"Service":[],"SoftwareApplication":[],"WebPage":[]},"graphName":"BlogPosting","isEnabled":true},"graphs":[]},"schema_type":"default","schema_type_options":null,"pillar_content":false,"robots_default":true,"robots_noindex":false,"robots_noarchive":false,"robots_nosnippet":false,"robots_nofollow":false,"robots_noimageindex":false,"robots_noodp":false,"robots_notranslate":false,"robots_max_snippet":"-1","robots_max_videopreview":"-1","robots_max_imagepreview":"large","priority":null,"frequency":"default","local_seo":null,"breadcrumb_settings":null,"limit_modified_date":false,"ai":{"faqs":[],"keyPoints":[],"schemas":[],"titles":[],"descriptions":[],"socialPosts":{"email":{"subject":"","preview":"","content":""},"linkedin":[],"twitter":[],"facebook":[],"instagram":[]}},"created":"2026-08-27 16:39:51","updated":"2026-08-27 19:52:20","focus_keyword":null,"additional_keywords":null,"truseo_locale":null,"seo_analyzer_scan_date":null},"aioseo_breadcrumb":"<div class=\"aioseo-breadcrumbs\"><span class=\"aioseo-breadcrumb\">\n\t\t\t<a href=\"https:\/\/serbiantimes.info\/en\" title=\"Home\">Home<\/a>\n\t\t<\/span><span class=\"aioseo-breadcrumb-separator\">&raquo;<\/span><span class=\"aioseo-breadcrumb\">\n\t\t\t<a href=\"https:\/\/serbiantimes.info\/en\/category\/history\/\" title=\"HISTORY\">HISTORY<\/a>\n\t\t<\/span><span class=\"aioseo-breadcrumb-separator\">&raquo;<\/span><span class=\"aioseo-breadcrumb\">\n\t\t\tBECAUSE OF AN INTIMATE SCENE, THEY DIDN\u2019T SPEAK FOR 30 YEARS: Seka Got Angry with Bora During the Filming of \u201cThe Marathon Family\u201d!\n\t\t<\/span><\/div>","aioseo_breadcrumb_json":[{"label":"Home","link":"https:\/\/serbiantimes.info\/en"},{"label":"HISTORY","link":"https:\/\/serbiantimes.info\/en\/category\/history\/"},{"label":"BECAUSE OF AN INTIMATE SCENE, THEY DIDN&#8217;T SPEAK FOR 30 YEARS: Seka Got Angry with Bora During the Filming of \u201cThe Marathon Family\u201d!","link":"https:\/\/serbiantimes.info\/en\/because-of-an-intimate-scene-they-didnt-speak-for-30-years-seka-got-angry-with-bora-during-the-filming-of-the-marathon-family\/"}],"distributor_meta":false,"distributor_terms":false,"distributor_media":false,"distributor_original_site_name":"Serbiantimes.info EN","distributor_original_site_url":"https:\/\/serbiantimes.info\/en","push-errors":false,"_links":{"self":[{"href":"https:\/\/serbiantimes.info\/en\/wp-json\/wp\/v2\/posts\/217112","targetHints":{"allow":["GET"]}}],"collection":[{"href":"https:\/\/serbiantimes.info\/en\/wp-json\/wp\/v2\/posts"}],"about":[{"href":"https:\/\/serbiantimes.info\/en\/wp-json\/wp\/v2\/types\/post"}],"author":[{"embeddable":true,"href":"https:\/\/serbiantimes.info\/en\/wp-json\/wp\/v2\/users\/2169"}],"replies":[{"embeddable":true,"href":"https:\/\/serbiantimes.info\/en\/wp-json\/wp\/v2\/comments?post=217112"}],"version-history":[{"count":4,"href":"https:\/\/serbiantimes.info\/en\/wp-json\/wp\/v2\/posts\/217112\/revisions"}],"predecessor-version":[{"id":217171,"href":"https:\/\/serbiantimes.info\/en\/wp-json\/wp\/v2\/posts\/217112\/revisions\/217171"}],"wp:featuredmedia":[{"embeddable":true,"href":"https:\/\/serbiantimes.info\/en\/wp-json\/wp\/v2\/media\/217114"}],"wp:attachment":[{"href":"https:\/\/serbiantimes.info\/en\/wp-json\/wp\/v2\/media?parent=217112"}],"wp:term":[{"taxonomy":"category","embeddable":true,"href":"https:\/\/serbiantimes.info\/en\/wp-json\/wp\/v2\/categories?post=217112"},{"taxonomy":"post_tag","embeddable":true,"href":"https:\/\/serbiantimes.info\/en\/wp-json\/wp\/v2\/tags?post=217112"}],"curies":[{"name":"wp","href":"https:\/\/api.w.org\/{rel}","templated":true}]}}