{"id":216313,"date":"2026-08-13T14:47:05","date_gmt":"2026-08-13T12:47:05","guid":{"rendered":"https:\/\/serbiantimes.info\/en\/?p=216313"},"modified":"2026-08-13T14:47:06","modified_gmt":"2026-08-13T12:47:06","slug":"they-didnt-receive-permission-from-their-clubs-alimpijevic-explains-the-absence-of-bogdan-and-micic-announces-18-man-roster","status":"publish","type":"post","link":"https:\/\/serbiantimes.info\/en\/they-didnt-receive-permission-from-their-clubs-alimpijevic-explains-the-absence-of-bogdan-and-micic-announces-18-man-roster\/","title":{"rendered":"\u201cTHEY DIDN\u2019T RECEIVE PERMISSION FROM THEIR CLUBS\u201d: Alimpijevi\u0107 explains the absence of Bogdan and Mici\u0107, announces 18-man roster!"},"content":{"rendered":"\n<p class=\"wp-block-paragraph\"><em><strong>Du\u0161an Alimpijevi\u0107, head coach of the Serbian national basketball team, spoke about the absence of several players who had been expected to make the squad.<\/strong><\/em><\/p>\n\n\n\n<p class=\"wp-block-paragraph\">The main question was why Bogdan Bogdanovi\u0107 was not included, and Alimpijevi\u0107 gave a detailed explanation regarding his situation, as well as those of Vasilije Mici\u0107, Filip Petru\u0161ev, Bogoljub Markovi\u0107, and Nikola Topi\u0107.<\/p>\n\n\n\n<p class=\"wp-block-paragraph\">&#8220;Mici\u0107 did not receive permission from his club. Hapoel refused to grant permission without any explanation. The situation is the same with Bogdan. He wanted to join us, but Houston did not approve his participation, believing he needs to prepare for the upcoming season, which is important both for him and for the club. Permission was not granted. Petru\u0161ev&#8217;s situation is similar. Dubai did not grant permission, but that is related to his health, as he is recovering. Bogoljub Markovi\u0107 did not receive permission from Milwaukee. He wanted to be with us, but they wanted him to remain at their training camp. As for Topi\u0107, his medical condition does not allow him to participate,&#8221; Alimpijevi\u0107 said.<\/p>\n\n\n\n<p class=\"wp-block-paragraph\">Head coach Du\u0161an Alimpijevi\u0107 has selected an 18-man roster for the upcoming period. The squad includes: Nemanja Dangubi\u0107, Aleksa Avramovi\u0107, Dejan Davidovac, Ognjen Dobri\u0107, Jovan Novak, Marko Guduri\u0107, Nikola Milutinov, Luka Mitrovi\u0107, Du\u0161an Risti\u0107, Nikola Tanaskovi\u0107, Stefan Momirov, Arijan Laki\u0107, Nikola \u0110uri\u0161i\u0107, Nikola Jovi\u0107, Nikola Joki\u0107, Mihailo Petrovi\u0107, Nikola Kusturica, and Nikola D\u017eepina.<\/p>\n\n\n\n<p class=\"wp-block-paragraph\">A major showdown is scheduled for August 20 at Belgrade Arena, where Serbia will face France in a warm-up game, likely featuring a highly anticipated matchup between Nikola Joki\u0107 and Victor Wembanyama. Serbian fans will have another spectacular event to enjoy ahead of what lies ahead.<\/p>\n\n\n\n<p class=\"wp-block-paragraph\">In fact, before the most important games, Serbia will have one more test against France, this time away from home, three days later. After that comes the reason why August is such a crucial month.<\/p>\n\n\n\n<p class=\"wp-block-paragraph\">Serbia will face Iceland on August 28 at Belgrade Arena and Italy on August 31 in Pesaro. These games are part of the second group stage of the FIBA World Cup qualifiers.<\/p>\n\n\n\n<p class=\"wp-block-paragraph\">Serbia carried over four wins and two losses from the first stage, but only three of the six teams in the newly formed group will qualify for the FIBA World Cup. Turkey is closest to qualification with a 6-0 record, while Serbia is battling with Italy (5-1), Lithuania (3-3), and Iceland (3-3). Bosnia and Herzegovina is also in the group with a 2-4 record.<\/p>\n\n\n\n<h4 class=\"wp-block-heading\"><mark style=\"background-color:#FFFFFF;color:#d21414\" class=\"has-inline-color\">MORE TOPICS:<\/mark><\/h4>\n\n\n\n<p class=\"wp-block-paragraph\"><strong><a href=\"https:\/\/serbiantimes.info\/en\/last-flight-after-a-40-year-career-captain-vesic-landed-from-chicago-into-retirement-accompanied-by-water-cannons-video\/\" target=\"_blank\" rel=\"noopener\" title=\"\">LAST FLIGHT AFTER A 40-YEAR CAREER: Captain Vesi\u0107 landed from Chicago into retirement accompanied by water cannons! (VIDEO)<\/a><\/strong><\/p>\n\n\n\n<p class=\"wp-block-paragraph\"><strong><a href=\"https:\/\/serbiantimes.info\/en\/due-to-severe-injuries-a-serb-beaten-by-the-so-called-kosovo-police-urgently-being-transferred-for-treatment-to-belgrade\/\" target=\"_blank\" rel=\"noopener\" title=\"\">DUE TO SEVERE INJURIES: A Serb beaten by the so-called Kosovo Police urgently being transferred for treatment to Belgrade!<\/a><\/strong><\/p>\n\n\n\n<p class=\"wp-block-paragraph\"><strong><a href=\"https:\/\/serbiantimes.info\/en\/after-12-years-maybe-its-time-for-new-people-terzic-confirmed-stankovics-resignation-after-zvezdas-debacle-and-announced-extraordinary-elections-at-the-marakana-video\/\" target=\"_blank\" rel=\"noopener\" title=\"\">\u201cAFTER 12 YEARS, MAYBE IT\u2019S TIME FOR NEW PEOPLE\u201d: Terzi\u0107 confirmed Stankovi\u0107\u2019s resignation after Zvezda\u2019s debacle and announced extraordinary elections at the Marakana! (VIDEO)<\/a><\/strong><\/p>\n\n\n\n<p class=\"wp-block-paragraph\"><strong><a href=\"https:\/\/serbiantimes.info\/en\/great-champion-even-greater-man-jokic-went-for-a-haircut-in-his-hometown-then-gave-the-barber-a-dream-gift-photo\/\" target=\"_blank\" rel=\"noopener\" title=\"\">\u201cGREAT CHAMPION, EVEN GREATER MAN\u201d: Joki\u0107 went for a haircut in his hometown, then gave the barber a dream gift! (PHOTO)<\/a><\/strong><\/p>\n\n\n\n<p class=\"wp-block-paragraph\"><strong><a href=\"https:\/\/serbiantimes.info\/en\/serbian-hero-on-vacation-in-greece-brave-programmer-from-nis-jumped-into-the-sea-without-hesitation-saved-a-woman-and-two-children\/\" target=\"_blank\" rel=\"noopener\" title=\"\">SERBIAN HERO ON VACATION IN GREECE: Brave programmer from Ni\u0161 jumped into the sea without hesitation, saved a woman and two children!<\/a><\/strong><\/p>\n\n\n\n<p class=\"wp-block-paragraph\"><strong>Source<\/strong>:<strong> <\/strong><a href=\"https:\/\/nova.rs\/sport\/kosarka\/zasto-bogdanovic-ne-igra-za-srbiju-alimpijevic-izjava\/\" target=\"_blank\" rel=\"noopener\" title=\"\">Nova.rs<\/a>,&nbsp;<strong>Foto:<\/strong> Dusan Milenkovic \/ ATAImages<\/p>\n\n\n\n<p class=\"wp-block-paragraph\"><strong><a href=\"https:\/\/serbiantimes.info\/nakon-9-godina-borbe-janos-62-iz-nisa-docekao-novo-srce-uspesno-se-oporavlja-nakon-transplantacije\/\" target=\"_blank\" rel=\"noopener\" title=\"\"><br><\/a><a href=\"https:\/\/serbiantimes.info\/jedna-od-mojih-najpouzdanijih-saradnica-karolin-levit-napusta-funkciju-portparolke-bele-kuce-oglasio-se-tramp\/\" target=\"_blank\" rel=\"noopener\" title=\"\"><br><\/a><\/strong><br><\/p>\n\n\n\n<p class=\"wp-block-paragraph\"><\/p>\n","protected":false},"excerpt":{"rendered":"<p>Du\u0161an Alimpijevi\u0107, head coach of the Serbian national basketball team, spoke about the absence of several players who had been expected to make the squad. The main question was why Bogdan Bogdanovi\u0107 was not included, and Alimpijevi\u0107 gave a detailed explanation regarding his situation, as well as those of Vasilije Mici\u0107, Filip Petru\u0161ev, Bogoljub Markovi\u0107, [&hellip;]<\/p>\n","protected":false},"author":2169,"featured_media":216314,"comment_status":"open","ping_status":"open","sticky":false,"template":"","format":"standard","meta":{"newspack_featured_image_position":"","newspack_post_subtitle":"","newspack_article_summary_title":"Overview:","newspack_article_summary":"","newspack_hide_updated_date":false,"newspack_show_updated_date":false,"footnotes":""},"categories":[10],"tags":[1487,8977,2759,1304,91,113,13929],"class_list":["post-216313","post","type-post","status-publish","format-standard","has-post-thumbnail","hentry","category-sport","tag-bogdan-bogdanovic","tag-dusan-alimpijevic","tag-kvalifikacije","tag-reprezentacija","tag-sport","tag-srbija","tag-svetsko-pevenstvo","entry"],"aioseo_notices":[],"aioseo_head":"\n\t\t<!-- All in One SEO 5.0.1.1 - aioseo.com -->\n\t<meta name=\"description\" content=\"Du\u0161an Alimpijevi\u0107, head coach of the Serbian national basketball team, spoke about the absence of several players who had been expected to make the squad. The main question was why Bogdan Bogdanovi\u0107 was not included, and Alimpijevi\u0107 gave a detailed explanation regarding his situation, as well as those of Vasilije Mici\u0107, Filip Petru\u0161ev, Bogoljub Markovi\u0107,\" \/>\n\t<meta name=\"robots\" content=\"max-image-preview:large\" \/>\n\t<meta name=\"author\" content=\"Serbian Times\"\/>\n\t<link rel=\"canonical\" href=\"https:\/\/serbiantimes.info\/en\/they-didnt-receive-permission-from-their-clubs-alimpijevic-explains-the-absence-of-bogdan-and-micic-announces-18-man-roster\/\" \/>\n\t<meta name=\"generator\" content=\"All in One SEO (AIOSEO) 5.0.1.1\" \/>\n\t\t<meta property=\"og:locale\" content=\"en_US\" \/>\n\t\t<meta property=\"og:site_name\" content=\"Serbiantimes.info EN |\" \/>\n\t\t<meta property=\"og:type\" content=\"article\" \/>\n\t\t<meta property=\"og:title\" content=\"\u201cTHEY DIDN\u2019T RECEIVE PERMISSION FROM THEIR CLUBS\u201d: Alimpijevi\u0107 explains the absence of Bogdan and Mici\u0107, announces 18-man roster! | Serbiantimes.info EN\" \/>\n\t\t<meta property=\"og:description\" content=\"Du\u0161an Alimpijevi\u0107, head coach of the Serbian national basketball team, spoke about the absence of several players who had been expected to make the squad. The main question was why Bogdan Bogdanovi\u0107 was not included, and Alimpijevi\u0107 gave a detailed explanation regarding his situation, as well as those of Vasilije Mici\u0107, Filip Petru\u0161ev, Bogoljub Markovi\u0107,\" \/>\n\t\t<meta property=\"og:url\" content=\"https:\/\/serbiantimes.info\/en\/they-didnt-receive-permission-from-their-clubs-alimpijevic-explains-the-absence-of-bogdan-and-micic-announces-18-man-roster\/\" \/>\n\t\t<meta property=\"og:image\" content=\"https:\/\/serbiantimes.info\/en\/wp-content\/uploads\/sites\/2\/2026\/08\/DIPTIH-TRIPTIH-Serbian-Times-5-11.jpg\" \/>\n\t\t<meta property=\"og:image:secure_url\" content=\"https:\/\/serbiantimes.info\/en\/wp-content\/uploads\/sites\/2\/2026\/08\/DIPTIH-TRIPTIH-Serbian-Times-5-11.jpg\" \/>\n\t\t<meta property=\"og:image:width\" content=\"1200\" \/>\n\t\t<meta property=\"og:image:height\" content=\"750\" \/>\n\t\t<meta property=\"article:published_time\" content=\"2026-08-13T12:47:05+00:00\" \/>\n\t\t<meta property=\"article:modified_time\" content=\"2026-08-13T12:47:06+00:00\" \/>\n\t\t<meta name=\"twitter:card\" content=\"summary_large_image\" \/>\n\t\t<meta name=\"twitter:title\" content=\"\u201cTHEY DIDN\u2019T RECEIVE PERMISSION FROM THEIR CLUBS\u201d: Alimpijevi\u0107 explains the absence of Bogdan and Mici\u0107, announces 18-man roster! | Serbiantimes.info EN\" \/>\n\t\t<meta name=\"twitter:description\" content=\"Du\u0161an Alimpijevi\u0107, head coach of the Serbian national basketball team, spoke about the absence of several players who had been expected to make the squad. The main question was why Bogdan Bogdanovi\u0107 was not included, and Alimpijevi\u0107 gave a detailed explanation regarding his situation, as well as those of Vasilije Mici\u0107, Filip Petru\u0161ev, Bogoljub Markovi\u0107,\" \/>\n\t\t<meta name=\"twitter:image\" content=\"https:\/\/serbiantimes.info\/en\/wp-content\/uploads\/sites\/2\/2026\/08\/DIPTIH-TRIPTIH-Serbian-Times-5-11.jpg\" \/>\n\t\t<script type=\"application\/ld+json\" class=\"aioseo-schema\">\n\t\t\t{\"@context\":\"https:\\\/\\\/schema.org\",\"@graph\":[{\"@type\":\"BlogPosting\",\"@id\":\"https:\\\/\\\/serbiantimes.info\\\/en\\\/they-didnt-receive-permission-from-their-clubs-alimpijevic-explains-the-absence-of-bogdan-and-micic-announces-18-man-roster\\\/#blogposting\",\"name\":\"\\u201cTHEY DIDN\\u2019T RECEIVE PERMISSION FROM THEIR CLUBS\\u201d: Alimpijevi\\u0107 explains the absence of Bogdan and Mici\\u0107, announces 18-man roster! | Serbiantimes.info EN\",\"headline\":\"\\u201cTHEY DIDN\\u2019T RECEIVE PERMISSION FROM THEIR CLUBS\\u201d: Alimpijevi\\u0107 explains the absence of Bogdan and Mici\\u0107, announces 18-man roster!\",\"author\":{\"@id\":\"https:\\\/\\\/serbiantimes.info\\\/en\\\/author\\\/serbiantimes-portal\\\/#author\"},\"publisher\":{\"@id\":\"https:\\\/\\\/serbiantimes.info\\\/en\\\/#organization\"},\"image\":{\"@type\":\"ImageObject\",\"url\":\"https:\\\/\\\/serbiantimes.info\\\/en\\\/wp-content\\\/uploads\\\/sites\\\/2\\\/2026\\\/08\\\/DIPTIH-TRIPTIH-Serbian-Times-5-11.jpg\",\"width\":1200,\"height\":750},\"datePublished\":\"2026-08-13T14:47:05+02:00\",\"dateModified\":\"2026-08-13T14:47:06+02:00\",\"inLanguage\":\"en-US\",\"mainEntityOfPage\":{\"@id\":\"https:\\\/\\\/serbiantimes.info\\\/en\\\/they-didnt-receive-permission-from-their-clubs-alimpijevic-explains-the-absence-of-bogdan-and-micic-announces-18-man-roster\\\/#webpage\"},\"isPartOf\":{\"@id\":\"https:\\\/\\\/serbiantimes.info\\\/en\\\/they-didnt-receive-permission-from-their-clubs-alimpijevic-explains-the-absence-of-bogdan-and-micic-announces-18-man-roster\\\/#webpage\"},\"articleSection\":\"SPORT, Bogdan Bogdanovi\\u0107, du\\u0161an alimpijevi\\u0107, kvalifikacije, reprezentacija, sport, Srbija, svetsko pevenstvo\"},{\"@type\":\"BreadcrumbList\",\"@id\":\"https:\\\/\\\/serbiantimes.info\\\/en\\\/they-didnt-receive-permission-from-their-clubs-alimpijevic-explains-the-absence-of-bogdan-and-micic-announces-18-man-roster\\\/#breadcrumblist\",\"itemListElement\":[{\"@type\":\"ListItem\",\"@id\":\"https:\\\/\\\/serbiantimes.info\\\/en#listItem\",\"position\":1,\"name\":\"Home\",\"item\":\"https:\\\/\\\/serbiantimes.info\\\/en\",\"nextItem\":{\"@type\":\"ListItem\",\"@id\":\"https:\\\/\\\/serbiantimes.info\\\/en\\\/category\\\/sport\\\/#listItem\",\"name\":\"SPORT\"}},{\"@type\":\"ListItem\",\"@id\":\"https:\\\/\\\/serbiantimes.info\\\/en\\\/category\\\/sport\\\/#listItem\",\"position\":2,\"name\":\"SPORT\",\"item\":\"https:\\\/\\\/serbiantimes.info\\\/en\\\/category\\\/sport\\\/\",\"nextItem\":{\"@type\":\"ListItem\",\"@id\":\"https:\\\/\\\/serbiantimes.info\\\/en\\\/they-didnt-receive-permission-from-their-clubs-alimpijevic-explains-the-absence-of-bogdan-and-micic-announces-18-man-roster\\\/#listItem\",\"name\":\"\\u201cTHEY DIDN\\u2019T RECEIVE PERMISSION FROM THEIR CLUBS\\u201d: Alimpijevi\\u0107 explains the absence of Bogdan and Mici\\u0107, announces 18-man roster!\"},\"previousItem\":{\"@type\":\"ListItem\",\"@id\":\"https:\\\/\\\/serbiantimes.info\\\/en#listItem\",\"name\":\"Home\"}},{\"@type\":\"ListItem\",\"@id\":\"https:\\\/\\\/serbiantimes.info\\\/en\\\/they-didnt-receive-permission-from-their-clubs-alimpijevic-explains-the-absence-of-bogdan-and-micic-announces-18-man-roster\\\/#listItem\",\"position\":3,\"name\":\"\\u201cTHEY DIDN\\u2019T RECEIVE PERMISSION FROM THEIR CLUBS\\u201d: Alimpijevi\\u0107 explains the absence of Bogdan and Mici\\u0107, announces 18-man roster!\",\"previousItem\":{\"@type\":\"ListItem\",\"@id\":\"https:\\\/\\\/serbiantimes.info\\\/en\\\/category\\\/sport\\\/#listItem\",\"name\":\"SPORT\"}}]},{\"@type\":\"Organization\",\"@id\":\"https:\\\/\\\/serbiantimes.info\\\/en\\\/#organization\",\"name\":\"Serbiantimes.info EN\",\"url\":\"https:\\\/\\\/serbiantimes.info\\\/en\\\/\",\"logo\":{\"@type\":\"ImageObject\",\"url\":\"https:\\\/\\\/serbiantimes.info\\\/en\\\/wp-content\\\/uploads\\\/sites\\\/2\\\/2024\\\/10\\\/cropped-cropped-Serbian-Times-Header-Logo-1.png\",\"@id\":\"https:\\\/\\\/serbiantimes.info\\\/en\\\/they-didnt-receive-permission-from-their-clubs-alimpijevic-explains-the-absence-of-bogdan-and-micic-announces-18-man-roster\\\/#organizationLogo\",\"width\":480,\"height\":100},\"image\":{\"@id\":\"https:\\\/\\\/serbiantimes.info\\\/en\\\/they-didnt-receive-permission-from-their-clubs-alimpijevic-explains-the-absence-of-bogdan-and-micic-announces-18-man-roster\\\/#organizationLogo\"}},{\"@type\":\"Person\",\"@id\":\"https:\\\/\\\/serbiantimes.info\\\/en\\\/author\\\/serbiantimes-portal\\\/#author\",\"url\":\"https:\\\/\\\/serbiantimes.info\\\/en\\\/author\\\/serbiantimes-portal\\\/\",\"name\":\"Serbian Times\",\"image\":{\"@type\":\"ImageObject\",\"@id\":\"https:\\\/\\\/serbiantimes.info\\\/en\\\/they-didnt-receive-permission-from-their-clubs-alimpijevic-explains-the-absence-of-bogdan-and-micic-announces-18-man-roster\\\/#authorImage\",\"url\":\"https:\\\/\\\/secure.gravatar.com\\\/avatar\\\/ea76e009769270b4193e2bc7e032c096b4ae135483ec03b396fd0f520bc3dcfd?s=96&d=mm&r=g\",\"width\":96,\"height\":96,\"caption\":\"Serbian Times\"}},{\"@type\":\"WebPage\",\"@id\":\"https:\\\/\\\/serbiantimes.info\\\/en\\\/they-didnt-receive-permission-from-their-clubs-alimpijevic-explains-the-absence-of-bogdan-and-micic-announces-18-man-roster\\\/#webpage\",\"url\":\"https:\\\/\\\/serbiantimes.info\\\/en\\\/they-didnt-receive-permission-from-their-clubs-alimpijevic-explains-the-absence-of-bogdan-and-micic-announces-18-man-roster\\\/\",\"name\":\"\\u201cTHEY DIDN\\u2019T RECEIVE PERMISSION FROM THEIR CLUBS\\u201d: Alimpijevi\\u0107 explains the absence of Bogdan and Mici\\u0107, announces 18-man roster! | Serbiantimes.info EN\",\"description\":\"Du\\u0161an Alimpijevi\\u0107, head coach of the Serbian national basketball team, spoke about the absence of several players who had been expected to make the squad. The main question was why Bogdan Bogdanovi\\u0107 was not included, and Alimpijevi\\u0107 gave a detailed explanation regarding his situation, as well as those of Vasilije Mici\\u0107, Filip Petru\\u0161ev, Bogoljub Markovi\\u0107,\",\"inLanguage\":\"en-US\",\"isPartOf\":{\"@id\":\"https:\\\/\\\/serbiantimes.info\\\/en\\\/#website\"},\"breadcrumb\":{\"@id\":\"https:\\\/\\\/serbiantimes.info\\\/en\\\/they-didnt-receive-permission-from-their-clubs-alimpijevic-explains-the-absence-of-bogdan-and-micic-announces-18-man-roster\\\/#breadcrumblist\"},\"author\":{\"@id\":\"https:\\\/\\\/serbiantimes.info\\\/en\\\/author\\\/serbiantimes-portal\\\/#author\"},\"creator\":{\"@id\":\"https:\\\/\\\/serbiantimes.info\\\/en\\\/author\\\/serbiantimes-portal\\\/#author\"},\"image\":{\"@type\":\"ImageObject\",\"url\":\"https:\\\/\\\/serbiantimes.info\\\/en\\\/wp-content\\\/uploads\\\/sites\\\/2\\\/2026\\\/08\\\/DIPTIH-TRIPTIH-Serbian-Times-5-11.jpg\",\"@id\":\"https:\\\/\\\/serbiantimes.info\\\/en\\\/they-didnt-receive-permission-from-their-clubs-alimpijevic-explains-the-absence-of-bogdan-and-micic-announces-18-man-roster\\\/#mainImage\",\"width\":1200,\"height\":750},\"primaryImageOfPage\":{\"@id\":\"https:\\\/\\\/serbiantimes.info\\\/en\\\/they-didnt-receive-permission-from-their-clubs-alimpijevic-explains-the-absence-of-bogdan-and-micic-announces-18-man-roster\\\/#mainImage\"},\"datePublished\":\"2026-08-13T14:47:05+02:00\",\"dateModified\":\"2026-08-13T14:47:06+02:00\"},{\"@type\":\"WebSite\",\"@id\":\"https:\\\/\\\/serbiantimes.info\\\/en\\\/#website\",\"url\":\"https:\\\/\\\/serbiantimes.info\\\/en\\\/\",\"name\":\"Serbiantimes.info EN\",\"inLanguage\":\"en-US\",\"publisher\":{\"@id\":\"https:\\\/\\\/serbiantimes.info\\\/en\\\/#organization\"}}]}\n\t\t<\/script>\n\t\t<!-- All in One SEO -->\n\n","aioseo_head_json":{"title":"\u201cTHEY DIDN\u2019T RECEIVE PERMISSION FROM THEIR CLUBS\u201d: Alimpijevi\u0107 explains the absence of Bogdan and Mici\u0107, announces 18-man roster! | Serbiantimes.info EN","description":"Du\u0161an Alimpijevi\u0107, head coach of the Serbian national basketball team, spoke about the absence of several players who had been expected to make the squad. The main question was why Bogdan Bogdanovi\u0107 was not included, and Alimpijevi\u0107 gave a detailed explanation regarding his situation, as well as those of Vasilije Mici\u0107, Filip Petru\u0161ev, Bogoljub Markovi\u0107,","canonical_url":"https:\/\/serbiantimes.info\/en\/they-didnt-receive-permission-from-their-clubs-alimpijevic-explains-the-absence-of-bogdan-and-micic-announces-18-man-roster\/","robots":"max-image-preview:large","keywords":"","webmasterTools":{"miscellaneous":""},"schema":{"@context":"https:\/\/schema.org","@graph":[{"@type":"BlogPosting","@id":"https:\/\/serbiantimes.info\/en\/they-didnt-receive-permission-from-their-clubs-alimpijevic-explains-the-absence-of-bogdan-and-micic-announces-18-man-roster\/#blogposting","name":"\u201cTHEY DIDN\u2019T RECEIVE PERMISSION FROM THEIR CLUBS\u201d: Alimpijevi\u0107 explains the absence of Bogdan and Mici\u0107, announces 18-man roster! | Serbiantimes.info EN","headline":"\u201cTHEY DIDN\u2019T RECEIVE PERMISSION FROM THEIR CLUBS\u201d: Alimpijevi\u0107 explains the absence of Bogdan and Mici\u0107, announces 18-man roster!","author":{"@id":"https:\/\/serbiantimes.info\/en\/author\/serbiantimes-portal\/#author"},"publisher":{"@id":"https:\/\/serbiantimes.info\/en\/#organization"},"image":{"@type":"ImageObject","url":"https:\/\/serbiantimes.info\/en\/wp-content\/uploads\/sites\/2\/2026\/08\/DIPTIH-TRIPTIH-Serbian-Times-5-11.jpg","width":1200,"height":750},"datePublished":"2026-08-13T14:47:05+02:00","dateModified":"2026-08-13T14:47:06+02:00","inLanguage":"en-US","mainEntityOfPage":{"@id":"https:\/\/serbiantimes.info\/en\/they-didnt-receive-permission-from-their-clubs-alimpijevic-explains-the-absence-of-bogdan-and-micic-announces-18-man-roster\/#webpage"},"isPartOf":{"@id":"https:\/\/serbiantimes.info\/en\/they-didnt-receive-permission-from-their-clubs-alimpijevic-explains-the-absence-of-bogdan-and-micic-announces-18-man-roster\/#webpage"},"articleSection":"SPORT, Bogdan Bogdanovi\u0107, du\u0161an alimpijevi\u0107, kvalifikacije, reprezentacija, sport, Srbija, svetsko pevenstvo"},{"@type":"BreadcrumbList","@id":"https:\/\/serbiantimes.info\/en\/they-didnt-receive-permission-from-their-clubs-alimpijevic-explains-the-absence-of-bogdan-and-micic-announces-18-man-roster\/#breadcrumblist","itemListElement":[{"@type":"ListItem","@id":"https:\/\/serbiantimes.info\/en#listItem","position":1,"name":"Home","item":"https:\/\/serbiantimes.info\/en","nextItem":{"@type":"ListItem","@id":"https:\/\/serbiantimes.info\/en\/category\/sport\/#listItem","name":"SPORT"}},{"@type":"ListItem","@id":"https:\/\/serbiantimes.info\/en\/category\/sport\/#listItem","position":2,"name":"SPORT","item":"https:\/\/serbiantimes.info\/en\/category\/sport\/","nextItem":{"@type":"ListItem","@id":"https:\/\/serbiantimes.info\/en\/they-didnt-receive-permission-from-their-clubs-alimpijevic-explains-the-absence-of-bogdan-and-micic-announces-18-man-roster\/#listItem","name":"\u201cTHEY DIDN\u2019T RECEIVE PERMISSION FROM THEIR CLUBS\u201d: Alimpijevi\u0107 explains the absence of Bogdan and Mici\u0107, announces 18-man roster!"},"previousItem":{"@type":"ListItem","@id":"https:\/\/serbiantimes.info\/en#listItem","name":"Home"}},{"@type":"ListItem","@id":"https:\/\/serbiantimes.info\/en\/they-didnt-receive-permission-from-their-clubs-alimpijevic-explains-the-absence-of-bogdan-and-micic-announces-18-man-roster\/#listItem","position":3,"name":"\u201cTHEY DIDN\u2019T RECEIVE PERMISSION FROM THEIR CLUBS\u201d: Alimpijevi\u0107 explains the absence of Bogdan and Mici\u0107, announces 18-man roster!","previousItem":{"@type":"ListItem","@id":"https:\/\/serbiantimes.info\/en\/category\/sport\/#listItem","name":"SPORT"}}]},{"@type":"Organization","@id":"https:\/\/serbiantimes.info\/en\/#organization","name":"Serbiantimes.info EN","url":"https:\/\/serbiantimes.info\/en\/","logo":{"@type":"ImageObject","url":"https:\/\/serbiantimes.info\/en\/wp-content\/uploads\/sites\/2\/2024\/10\/cropped-cropped-Serbian-Times-Header-Logo-1.png","@id":"https:\/\/serbiantimes.info\/en\/they-didnt-receive-permission-from-their-clubs-alimpijevic-explains-the-absence-of-bogdan-and-micic-announces-18-man-roster\/#organizationLogo","width":480,"height":100},"image":{"@id":"https:\/\/serbiantimes.info\/en\/they-didnt-receive-permission-from-their-clubs-alimpijevic-explains-the-absence-of-bogdan-and-micic-announces-18-man-roster\/#organizationLogo"}},{"@type":"Person","@id":"https:\/\/serbiantimes.info\/en\/author\/serbiantimes-portal\/#author","url":"https:\/\/serbiantimes.info\/en\/author\/serbiantimes-portal\/","name":"Serbian Times","image":{"@type":"ImageObject","@id":"https:\/\/serbiantimes.info\/en\/they-didnt-receive-permission-from-their-clubs-alimpijevic-explains-the-absence-of-bogdan-and-micic-announces-18-man-roster\/#authorImage","url":"https:\/\/secure.gravatar.com\/avatar\/ea76e009769270b4193e2bc7e032c096b4ae135483ec03b396fd0f520bc3dcfd?s=96&d=mm&r=g","width":96,"height":96,"caption":"Serbian Times"}},{"@type":"WebPage","@id":"https:\/\/serbiantimes.info\/en\/they-didnt-receive-permission-from-their-clubs-alimpijevic-explains-the-absence-of-bogdan-and-micic-announces-18-man-roster\/#webpage","url":"https:\/\/serbiantimes.info\/en\/they-didnt-receive-permission-from-their-clubs-alimpijevic-explains-the-absence-of-bogdan-and-micic-announces-18-man-roster\/","name":"\u201cTHEY DIDN\u2019T RECEIVE PERMISSION FROM THEIR CLUBS\u201d: Alimpijevi\u0107 explains the absence of Bogdan and Mici\u0107, announces 18-man roster! | Serbiantimes.info EN","description":"Du\u0161an Alimpijevi\u0107, head coach of the Serbian national basketball team, spoke about the absence of several players who had been expected to make the squad. The main question was why Bogdan Bogdanovi\u0107 was not included, and Alimpijevi\u0107 gave a detailed explanation regarding his situation, as well as those of Vasilije Mici\u0107, Filip Petru\u0161ev, Bogoljub Markovi\u0107,","inLanguage":"en-US","isPartOf":{"@id":"https:\/\/serbiantimes.info\/en\/#website"},"breadcrumb":{"@id":"https:\/\/serbiantimes.info\/en\/they-didnt-receive-permission-from-their-clubs-alimpijevic-explains-the-absence-of-bogdan-and-micic-announces-18-man-roster\/#breadcrumblist"},"author":{"@id":"https:\/\/serbiantimes.info\/en\/author\/serbiantimes-portal\/#author"},"creator":{"@id":"https:\/\/serbiantimes.info\/en\/author\/serbiantimes-portal\/#author"},"image":{"@type":"ImageObject","url":"https:\/\/serbiantimes.info\/en\/wp-content\/uploads\/sites\/2\/2026\/08\/DIPTIH-TRIPTIH-Serbian-Times-5-11.jpg","@id":"https:\/\/serbiantimes.info\/en\/they-didnt-receive-permission-from-their-clubs-alimpijevic-explains-the-absence-of-bogdan-and-micic-announces-18-man-roster\/#mainImage","width":1200,"height":750},"primaryImageOfPage":{"@id":"https:\/\/serbiantimes.info\/en\/they-didnt-receive-permission-from-their-clubs-alimpijevic-explains-the-absence-of-bogdan-and-micic-announces-18-man-roster\/#mainImage"},"datePublished":"2026-08-13T14:47:05+02:00","dateModified":"2026-08-13T14:47:06+02:00"},{"@type":"WebSite","@id":"https:\/\/serbiantimes.info\/en\/#website","url":"https:\/\/serbiantimes.info\/en\/","name":"Serbiantimes.info EN","inLanguage":"en-US","publisher":{"@id":"https:\/\/serbiantimes.info\/en\/#organization"}}]},"og:locale":"en_US","og:site_name":"Serbiantimes.info EN |","og:type":"article","og:title":"\u201cTHEY DIDN\u2019T RECEIVE PERMISSION FROM THEIR CLUBS\u201d: Alimpijevi\u0107 explains the absence of Bogdan and Mici\u0107, announces 18-man roster! | Serbiantimes.info EN","og:description":"Du\u0161an Alimpijevi\u0107, head coach of the Serbian national basketball team, spoke about the absence of several players who had been expected to make the squad. The main question was why Bogdan Bogdanovi\u0107 was not included, and Alimpijevi\u0107 gave a detailed explanation regarding his situation, as well as those of Vasilije Mici\u0107, Filip Petru\u0161ev, Bogoljub Markovi\u0107,","og:url":"https:\/\/serbiantimes.info\/en\/they-didnt-receive-permission-from-their-clubs-alimpijevic-explains-the-absence-of-bogdan-and-micic-announces-18-man-roster\/","og:image":"https:\/\/serbiantimes.info\/en\/wp-content\/uploads\/sites\/2\/2026\/08\/DIPTIH-TRIPTIH-Serbian-Times-5-11.jpg","og:image:secure_url":"https:\/\/serbiantimes.info\/en\/wp-content\/uploads\/sites\/2\/2026\/08\/DIPTIH-TRIPTIH-Serbian-Times-5-11.jpg","og:image:width":1200,"og:image:height":750,"article:published_time":"2026-08-13T12:47:05+00:00","article:modified_time":"2026-08-13T12:47:06+00:00","twitter:card":"summary_large_image","twitter:title":"\u201cTHEY DIDN\u2019T RECEIVE PERMISSION FROM THEIR CLUBS\u201d: Alimpijevi\u0107 explains the absence of Bogdan and Mici\u0107, announces 18-man roster! | Serbiantimes.info EN","twitter:description":"Du\u0161an Alimpijevi\u0107, head coach of the Serbian national basketball team, spoke about the absence of several players who had been expected to make the squad. The main question was why Bogdan Bogdanovi\u0107 was not included, and Alimpijevi\u0107 gave a detailed explanation regarding his situation, as well as those of Vasilije Mici\u0107, Filip Petru\u0161ev, Bogoljub Markovi\u0107,","twitter:image":"https:\/\/serbiantimes.info\/en\/wp-content\/uploads\/sites\/2\/2026\/08\/DIPTIH-TRIPTIH-Serbian-Times-5-11.jpg"},"aioseo_meta_data":{"post_id":"216313","title":null,"description":null,"keywords":null,"keyphrases":{"focus":{"keyphrase":"","score":0,"analysis":{"keyphraseInTitle":{"score":0,"maxScore":9,"error":1}}},"additional":[]},"primary_term":null,"canonical_url":null,"og_title":null,"og_description":null,"og_object_type":"default","og_image_type":"default","og_image_url":null,"og_image_width":null,"og_image_height":null,"og_image_custom_url":null,"og_image_custom_fields":null,"og_video":"","og_custom_url":null,"og_article_section":null,"og_article_tags":null,"twitter_use_og":false,"twitter_card":"default","twitter_image_type":"default","twitter_image_url":null,"twitter_image_custom_url":null,"twitter_image_custom_fields":null,"twitter_title":null,"twitter_description":null,"schema":{"blockGraphs":[],"customGraphs":[],"default":{"data":{"Article":[],"Course":[],"Dataset":[],"FAQPage":[],"Movie":[],"Person":[],"Product":[],"ProductReview":[],"Car":[],"Recipe":[],"Service":[],"SoftwareApplication":[],"WebPage":[]},"graphName":"BlogPosting","isEnabled":true},"graphs":[]},"schema_type":"default","schema_type_options":null,"pillar_content":false,"robots_default":true,"robots_noindex":false,"robots_noarchive":false,"robots_nosnippet":false,"robots_nofollow":false,"robots_noimageindex":false,"robots_noodp":false,"robots_notranslate":false,"robots_max_snippet":"-1","robots_max_videopreview":"-1","robots_max_imagepreview":"large","priority":null,"frequency":"default","local_seo":null,"breadcrumb_settings":null,"limit_modified_date":false,"ai":{"faqs":[],"keyPoints":[],"schemas":[],"titles":[],"descriptions":[],"socialPosts":{"email":{"subject":"","preview":"","content":""},"linkedin":[],"twitter":[],"facebook":[],"instagram":[]}},"created":"2026-08-13 12:37:43","updated":"2026-08-14 16:54:05","focus_keyword":null,"additional_keywords":null,"truseo_locale":null,"seo_analyzer_scan_date":null},"aioseo_breadcrumb":"<div class=\"aioseo-breadcrumbs\"><span class=\"aioseo-breadcrumb\">\n\t\t\t<a href=\"https:\/\/serbiantimes.info\/en\" title=\"Home\">Home<\/a>\n\t\t<\/span><span class=\"aioseo-breadcrumb-separator\">&raquo;<\/span><span class=\"aioseo-breadcrumb\">\n\t\t\t<a href=\"https:\/\/serbiantimes.info\/en\/category\/sport\/\" title=\"SPORT\">SPORT<\/a>\n\t\t<\/span><span class=\"aioseo-breadcrumb-separator\">&raquo;<\/span><span class=\"aioseo-breadcrumb\">\n\t\t\t\u201cTHEY DIDN\u2019T RECEIVE PERMISSION FROM THEIR CLUBS\u201d: Alimpijevi\u0107 explains the absence of Bogdan and Mici\u0107, announces 18-man roster!\n\t\t<\/span><\/div>","aioseo_breadcrumb_json":[{"label":"Home","link":"https:\/\/serbiantimes.info\/en"},{"label":"SPORT","link":"https:\/\/serbiantimes.info\/en\/category\/sport\/"},{"label":"\u201cTHEY DIDN\u2019T RECEIVE PERMISSION FROM THEIR CLUBS\u201d: Alimpijevi\u0107 explains the absence of Bogdan and Mici\u0107, announces 18-man roster!","link":"https:\/\/serbiantimes.info\/en\/they-didnt-receive-permission-from-their-clubs-alimpijevic-explains-the-absence-of-bogdan-and-micic-announces-18-man-roster\/"}],"distributor_meta":false,"distributor_terms":false,"distributor_media":false,"distributor_original_site_name":"Serbiantimes.info EN","distributor_original_site_url":"https:\/\/serbiantimes.info\/en","push-errors":false,"_links":{"self":[{"href":"https:\/\/serbiantimes.info\/en\/wp-json\/wp\/v2\/posts\/216313","targetHints":{"allow":["GET"]}}],"collection":[{"href":"https:\/\/serbiantimes.info\/en\/wp-json\/wp\/v2\/posts"}],"about":[{"href":"https:\/\/serbiantimes.info\/en\/wp-json\/wp\/v2\/types\/post"}],"author":[{"embeddable":true,"href":"https:\/\/serbiantimes.info\/en\/wp-json\/wp\/v2\/users\/2169"}],"replies":[{"embeddable":true,"href":"https:\/\/serbiantimes.info\/en\/wp-json\/wp\/v2\/comments?post=216313"}],"version-history":[{"count":2,"href":"https:\/\/serbiantimes.info\/en\/wp-json\/wp\/v2\/posts\/216313\/revisions"}],"predecessor-version":[{"id":216347,"href":"https:\/\/serbiantimes.info\/en\/wp-json\/wp\/v2\/posts\/216313\/revisions\/216347"}],"wp:featuredmedia":[{"embeddable":true,"href":"https:\/\/serbiantimes.info\/en\/wp-json\/wp\/v2\/media\/216314"}],"wp:attachment":[{"href":"https:\/\/serbiantimes.info\/en\/wp-json\/wp\/v2\/media?parent=216313"}],"wp:term":[{"taxonomy":"category","embeddable":true,"href":"https:\/\/serbiantimes.info\/en\/wp-json\/wp\/v2\/categories?post=216313"},{"taxonomy":"post_tag","embeddable":true,"href":"https:\/\/serbiantimes.info\/en\/wp-json\/wp\/v2\/tags?post=216313"}],"curies":[{"name":"wp","href":"https:\/\/api.w.org\/{rel}","templated":true}]}}