{"id":216006,"date":"2026-08-09T12:44:33","date_gmt":"2026-08-09T10:44:33","guid":{"rendered":"https:\/\/serbiantimes.info\/en\/?p=216006"},"modified":"2026-08-09T12:44:41","modified_gmt":"2026-08-09T10:44:41","slug":"from-a-difficult-childhood-to-the-mrs-southern-bavaria-title-milena-fulfilled-her-dream-in-germany-today-she-fights-against-violence-against-women-and-children-photo","status":"publish","type":"post","link":"https:\/\/serbiantimes.info\/en\/from-a-difficult-childhood-to-the-mrs-southern-bavaria-title-milena-fulfilled-her-dream-in-germany-today-she-fights-against-violence-against-women-and-children-photo\/","title":{"rendered":"FROM A DIFFICULT CHILDHOOD TO THE MRS SOUTHERN BAVARIA TITLE: Milena Fulfilled Her Dream in Germany, Today She Fights Against Violence Against Women and Children! (PHOTO)"},"content":{"rendered":"\n<p class=\"wp-block-paragraph\">Life is often hardest on those who later become the strongest. A Serbian woman from Bor, who now lives in Germany, managed to overcome a difficult childhood, losses and life\u2019s challenges, build her own path and achieve what she once could only dream of.<\/p>\n\n\n\n<p class=\"wp-block-paragraph\">Milena Stani\u0161i\u0107 represented Southern Bavaria at the traditional Miss Deutschland competition, one of the best-known pageants in Germany. As part of the competition, representatives are selected for each region in the Miss and Mrs categories, with the Mrs category intended for more mature contestants. Milena won the title of Mrs S\u00fcdbayern.<\/p>\n\n\n\n<p class=\"wp-block-paragraph\">The road to success was anything but easy and was marked by serious obstacles. Milena grew up without her parents, in foster families, where she also experienced a period of abuse. She lost her mother when she was only 13, while her sister passed away six years ago. Despite all the hardships she faced in life, she managed to overcome her problems and build a life of which she is proud today.<\/p>\n\n\n\n<figure class=\"wp-block-image size-large\"><img loading=\"lazy\" decoding=\"async\" width=\"999\" height=\"1024\" src=\"http:\/\/serbiantimes.info\/wp-content\/uploads\/sites\/2\/2026\/08\/WhatsApp-Image-2026-08-07-at-21.11.34-999x1024.jpg\" alt=\"\" class=\"wp-image-216007\" srcset=\"https:\/\/serbiantimes.info\/en\/wp-content\/uploads\/sites\/2\/2026\/08\/WhatsApp-Image-2026-08-07-at-21.11.34-999x1024.jpg 999w, https:\/\/serbiantimes.info\/en\/wp-content\/uploads\/sites\/2\/2026\/08\/WhatsApp-Image-2026-08-07-at-21.11.34-293x300.jpg 293w, https:\/\/serbiantimes.info\/en\/wp-content\/uploads\/sites\/2\/2026\/08\/WhatsApp-Image-2026-08-07-at-21.11.34-768x787.jpg 768w, https:\/\/serbiantimes.info\/en\/wp-content\/uploads\/sites\/2\/2026\/08\/WhatsApp-Image-2026-08-07-at-21.11.34.jpg 1080w\" sizes=\"auto, (max-width: 999px) 100vw, 999px\" \/><\/figure>\n\n\n\n<p class=\"wp-block-paragraph\">After difficult years, she went to Germany completely on her own and fought to make a life for herself. Today, she lives as a single mother of one child, works full-time and successfully balances all her family and professional responsibilities. In addition, she has a deep love for Serbian tradition and spends her free time singing ethnic music. Alongside music, she is also dedicated to sports. With the support and guidance of personal trainer Mirjana Todorovi\u0107, she is currently undergoing intensive preparations for the national Fitness Bikini competition.<\/p>\n\n\n\n<figure class=\"wp-block-image size-large\"><img loading=\"lazy\" decoding=\"async\" width=\"768\" height=\"1024\" src=\"http:\/\/serbiantimes.info\/wp-content\/uploads\/sites\/2\/2026\/08\/WhatsApp-Image-2026-08-07-at-21.11.35-768x1024.jpg\" alt=\"\" class=\"wp-image-216008\" srcset=\"https:\/\/serbiantimes.info\/en\/wp-content\/uploads\/sites\/2\/2026\/08\/WhatsApp-Image-2026-08-07-at-21.11.35-768x1024.jpg 768w, https:\/\/serbiantimes.info\/en\/wp-content\/uploads\/sites\/2\/2026\/08\/WhatsApp-Image-2026-08-07-at-21.11.35-225x300.jpg 225w, https:\/\/serbiantimes.info\/en\/wp-content\/uploads\/sites\/2\/2026\/08\/WhatsApp-Image-2026-08-07-at-21.11.35.jpg 810w\" sizes=\"auto, (max-width: 768px) 100vw, 768px\" \/><\/figure>\n\n\n\n<h3 class=\"wp-block-heading\">Fighting Violence and Supporting Women and Children<\/h3>\n\n\n\n<p class=\"wp-block-paragraph\">A particularly important part of her work is the fight for the rights of women and children. Through her personal story, she wants to raise awareness of domestic and peer violence and encourage all women who find themselves in difficult life situations. Her wish is to show them that it is possible to find strength, stand up for themselves, escape a harmful environment and build a completely independent life.<\/p>\n\n\n\n<p class=\"wp-block-paragraph\">After winning the Mrs S\u00fcdbayern title, Milena Stani\u0161i\u0107 has set a new goal focused on the upcoming national Fitness Bikini competition, where she hopes to achieve the best possible result. At the same time, she continues working on projects and initiatives aimed at providing direct support and protection to women and children who are victims of violence.<\/p>\n\n\n\n<h4 class=\"wp-block-heading\"><mark style=\"background-color:#FFFFFF;color:#d21414\" class=\"has-inline-color\">MORE TOPICS:<\/mark><\/h4>\n\n\n\n<p class=\"wp-block-paragraph\"><strong><a href=\"https:\/\/serbiantimes.info\/en\/from-ammunition-to-drones-how-serbia-became-one-of-israels-most-important-partners-in-europe\/\" target=\"_blank\" rel=\"noopener\" title=\"\">FROM AMMUNITION TO DRONES: How Serbia became one of Israel\u2019s most important partners in Europe!<\/a><\/strong><\/p>\n\n\n\n<p class=\"wp-block-paragraph\"><strong><a href=\"https:\/\/serbiantimes.info\/en\/famous-croatian-actor-involved-in-scandal-serbian-minister-transferred-part-of-company-in-croatia-to-goran-bogdan\/\" target=\"_blank\" rel=\"noopener\" title=\"\">FAMOUS CROATIAN ACTOR INVOLVED IN SCANDAL: Serbian minister transferred part of company in Croatia to Goran Bogdan!<\/a><\/strong><\/p>\n\n\n\n<p class=\"wp-block-paragraph\"><strong><a href=\"https:\/\/serbiantimes.info\/en\/terrible-tragedy-in-croatia-father-and-two-children-found-dead-in-a-burned-house-family-crime-suspected\/\" target=\"_blank\" rel=\"noopener\" title=\"\">TERRIBLE TRAGEDY IN CROATIA: Father and two children found dead in a burned house, family crime suspected!<\/a><\/strong><\/p>\n\n\n\n<p class=\"wp-block-paragraph\"><a href=\"https:\/\/serbiantimes.info\/en\/serbian-tanker-destroyed-in-ukraine-it-was-hit-by-a-russian-drone-and-now-the-owner-revealed-how-it-got-to-the-battlefield-video\/\" target=\"_blank\" rel=\"noopener\" title=\"\"><strong>SERBIAN TANKER DESTROYED IN UKRAINE: It was hit by a Russian drone, and now the owner revealed how it got to the battlefield! (VIDEO)<\/strong><\/a><\/p>\n\n\n\n<p class=\"wp-block-paragraph\"><strong><a href=\"https:\/\/serbiantimes.info\/en\/heroic-feat-near-preobrazenje-monastery-monks-and-firefighters-saved-a-child-from-an-inaccessible-cliff-15-meters-high\/\" target=\"_blank\" rel=\"noopener\" title=\"\">HEROIC FEAT NEAR PREOBRA\u017dENJE MONASTERY: Monks and firefighters saved a child from an inaccessible cliff 15 meters high!<\/a><\/strong><\/p>\n\n\n\n<p class=\"wp-block-paragraph\"><strong><a href=\"https:\/\/serbiantimes.info\/en\/vucics-i-will-not-give-gazivode-encouraged-us-to-build-poignant-confession-of-the-jaksic-family-they-invested-almost-a-million-euros-in-the-demolished-hotel\/\" target=\"_blank\" rel=\"noopener\" title=\"\">VU\u010cI\u0106\u2019S \u201cI WILL NOT GIVE GAZIVODE\u201d ENCOURAGED US TO BUILD: Poignant confession of the Jak\u0161i\u0107 family, they invested almost a million euros in the demolished hotel!<\/a><\/strong><\/p>\n\n\n\n<p class=\"wp-block-paragraph\"><strong>Source<\/strong>:<strong>\u00a0<\/strong>Serbian Times, <strong>Foto:<\/strong> Privatna arhiva<\/p>\n\n\n\n<p class=\"wp-block-paragraph\"><\/p>\n","protected":false},"excerpt":{"rendered":"<p>Life is often hardest on those who later become the strongest. A Serbian woman from Bor, who now lives in Germany, managed to overcome a difficult childhood, losses and life\u2019s challenges, build her own path and achieve what she once could only dream of. Milena Stani\u0161i\u0107 represented Southern Bavaria at the traditional Miss Deutschland competition, [&hellip;]<\/p>\n","protected":false},"author":2169,"featured_media":216009,"comment_status":"open","ping_status":"open","sticky":false,"template":"","format":"standard","meta":{"newspack_featured_image_position":"","newspack_post_subtitle":"","newspack_article_summary_title":"Overview:","newspack_article_summary":"","newspack_hide_updated_date":false,"newspack_show_updated_date":false,"footnotes":""},"categories":[5],"tags":[3941,13869,13870,1901,2984,295,13871],"class_list":["post-216006","post","type-post","status-publish","format-standard","has-post-thumbnail","hentry","category-diaspora","tag-bor","tag-milena-stanisic","tag-mrs-juzne-bavarske","tag-nasilje-nad-zenama","tag-nemacka-2","tag-srpska-dijaspora","tag-takmicenje-u-lepoti","entry"],"aioseo_notices":[],"aioseo_head":"\n\t\t<!-- All in One SEO 5.0.1.1 - aioseo.com -->\n\t<meta name=\"description\" content=\"Life is often hardest on those who later become the strongest. A Serbian woman from Bor, who now lives in Germany, managed to overcome a difficult childhood, losses and life\u2019s challenges, build her own path and achieve what she once could only dream of. Milena Stani\u0161i\u0107 represented Southern Bavaria at the traditional Miss Deutschland competition,\" \/>\n\t<meta name=\"robots\" content=\"max-image-preview:large\" \/>\n\t<meta name=\"author\" content=\"Serbian Times\"\/>\n\t<link rel=\"canonical\" href=\"https:\/\/serbiantimes.info\/en\/from-a-difficult-childhood-to-the-mrs-southern-bavaria-title-milena-fulfilled-her-dream-in-germany-today-she-fights-against-violence-against-women-and-children-photo\/\" \/>\n\t<meta name=\"generator\" content=\"All in One SEO (AIOSEO) 5.0.1.1\" \/>\n\t\t<meta property=\"og:locale\" content=\"en_US\" \/>\n\t\t<meta property=\"og:site_name\" content=\"Serbiantimes.info EN |\" \/>\n\t\t<meta property=\"og:type\" content=\"article\" \/>\n\t\t<meta property=\"og:title\" content=\"FROM A DIFFICULT CHILDHOOD TO THE MRS SOUTHERN BAVARIA TITLE: Milena Fulfilled Her Dream in Germany, Today She Fights Against Violence Against Women and Children! (PHOTO) | Serbiantimes.info EN\" \/>\n\t\t<meta property=\"og:description\" content=\"Life is often hardest on those who later become the strongest. A Serbian woman from Bor, who now lives in Germany, managed to overcome a difficult childhood, losses and life\u2019s challenges, build her own path and achieve what she once could only dream of. Milena Stani\u0161i\u0107 represented Southern Bavaria at the traditional Miss Deutschland competition,\" \/>\n\t\t<meta property=\"og:url\" content=\"https:\/\/serbiantimes.info\/en\/from-a-difficult-childhood-to-the-mrs-southern-bavaria-title-milena-fulfilled-her-dream-in-germany-today-she-fights-against-violence-against-women-and-children-photo\/\" \/>\n\t\t<meta property=\"og:image\" content=\"https:\/\/serbiantimes.info\/en\/wp-content\/uploads\/sites\/2\/2026\/08\/DIPTIH-TRIPTIH-Serbian-Times-8-4.jpg\" \/>\n\t\t<meta property=\"og:image:secure_url\" content=\"https:\/\/serbiantimes.info\/en\/wp-content\/uploads\/sites\/2\/2026\/08\/DIPTIH-TRIPTIH-Serbian-Times-8-4.jpg\" \/>\n\t\t<meta property=\"og:image:width\" content=\"1200\" \/>\n\t\t<meta property=\"og:image:height\" content=\"750\" \/>\n\t\t<meta property=\"article:published_time\" content=\"2026-08-09T10:44:33+00:00\" \/>\n\t\t<meta property=\"article:modified_time\" content=\"2026-08-09T10:44:41+00:00\" \/>\n\t\t<meta name=\"twitter:card\" content=\"summary_large_image\" \/>\n\t\t<meta name=\"twitter:title\" content=\"FROM A DIFFICULT CHILDHOOD TO THE MRS SOUTHERN BAVARIA TITLE: Milena Fulfilled Her Dream in Germany, Today She Fights Against Violence Against Women and Children! (PHOTO) | Serbiantimes.info EN\" \/>\n\t\t<meta name=\"twitter:description\" content=\"Life is often hardest on those who later become the strongest. A Serbian woman from Bor, who now lives in Germany, managed to overcome a difficult childhood, losses and life\u2019s challenges, build her own path and achieve what she once could only dream of. Milena Stani\u0161i\u0107 represented Southern Bavaria at the traditional Miss Deutschland competition,\" \/>\n\t\t<meta name=\"twitter:image\" content=\"https:\/\/serbiantimes.info\/en\/wp-content\/uploads\/sites\/2\/2026\/08\/DIPTIH-TRIPTIH-Serbian-Times-8-4.jpg\" \/>\n\t\t<script type=\"application\/ld+json\" class=\"aioseo-schema\">\n\t\t\t{\"@context\":\"https:\\\/\\\/schema.org\",\"@graph\":[{\"@type\":\"BlogPosting\",\"@id\":\"https:\\\/\\\/serbiantimes.info\\\/en\\\/from-a-difficult-childhood-to-the-mrs-southern-bavaria-title-milena-fulfilled-her-dream-in-germany-today-she-fights-against-violence-against-women-and-children-photo\\\/#blogposting\",\"name\":\"FROM A DIFFICULT CHILDHOOD TO THE MRS SOUTHERN BAVARIA TITLE: Milena Fulfilled Her Dream in Germany, Today She Fights Against Violence Against Women and Children! (PHOTO) | Serbiantimes.info EN\",\"headline\":\"FROM A DIFFICULT CHILDHOOD TO THE MRS SOUTHERN BAVARIA TITLE: Milena Fulfilled Her Dream in Germany, Today She Fights Against Violence Against Women and Children! (PHOTO)\",\"author\":{\"@id\":\"https:\\\/\\\/serbiantimes.info\\\/en\\\/author\\\/serbiantimes-portal\\\/#author\"},\"publisher\":{\"@id\":\"https:\\\/\\\/serbiantimes.info\\\/en\\\/#organization\"},\"image\":{\"@type\":\"ImageObject\",\"url\":\"https:\\\/\\\/serbiantimes.info\\\/en\\\/wp-content\\\/uploads\\\/sites\\\/2\\\/2026\\\/08\\\/DIPTIH-TRIPTIH-Serbian-Times-8-4.jpg\",\"width\":1200,\"height\":750},\"datePublished\":\"2026-08-09T12:44:33+02:00\",\"dateModified\":\"2026-08-09T12:44:41+02:00\",\"inLanguage\":\"en-US\",\"mainEntityOfPage\":{\"@id\":\"https:\\\/\\\/serbiantimes.info\\\/en\\\/from-a-difficult-childhood-to-the-mrs-southern-bavaria-title-milena-fulfilled-her-dream-in-germany-today-she-fights-against-violence-against-women-and-children-photo\\\/#webpage\"},\"isPartOf\":{\"@id\":\"https:\\\/\\\/serbiantimes.info\\\/en\\\/from-a-difficult-childhood-to-the-mrs-southern-bavaria-title-milena-fulfilled-her-dream-in-germany-today-she-fights-against-violence-against-women-and-children-photo\\\/#webpage\"},\"articleSection\":\"DIASPORA, bor, milena stani\\u0161i\\u0107, mrs ju\\u017ene bavarske, nasilje nad \\u017eenama, nEMA\\u010cKa, srpska dijaspora, takmi\\u010denje u lepoti\"},{\"@type\":\"BreadcrumbList\",\"@id\":\"https:\\\/\\\/serbiantimes.info\\\/en\\\/from-a-difficult-childhood-to-the-mrs-southern-bavaria-title-milena-fulfilled-her-dream-in-germany-today-she-fights-against-violence-against-women-and-children-photo\\\/#breadcrumblist\",\"itemListElement\":[{\"@type\":\"ListItem\",\"@id\":\"https:\\\/\\\/serbiantimes.info\\\/en#listItem\",\"position\":1,\"name\":\"Home\",\"item\":\"https:\\\/\\\/serbiantimes.info\\\/en\",\"nextItem\":{\"@type\":\"ListItem\",\"@id\":\"https:\\\/\\\/serbiantimes.info\\\/en\\\/category\\\/diaspora\\\/#listItem\",\"name\":\"DIASPORA\"}},{\"@type\":\"ListItem\",\"@id\":\"https:\\\/\\\/serbiantimes.info\\\/en\\\/category\\\/diaspora\\\/#listItem\",\"position\":2,\"name\":\"DIASPORA\",\"item\":\"https:\\\/\\\/serbiantimes.info\\\/en\\\/category\\\/diaspora\\\/\",\"nextItem\":{\"@type\":\"ListItem\",\"@id\":\"https:\\\/\\\/serbiantimes.info\\\/en\\\/from-a-difficult-childhood-to-the-mrs-southern-bavaria-title-milena-fulfilled-her-dream-in-germany-today-she-fights-against-violence-against-women-and-children-photo\\\/#listItem\",\"name\":\"FROM A DIFFICULT CHILDHOOD TO THE MRS SOUTHERN BAVARIA TITLE: Milena Fulfilled Her Dream in Germany, Today She Fights Against Violence Against Women and Children! (PHOTO)\"},\"previousItem\":{\"@type\":\"ListItem\",\"@id\":\"https:\\\/\\\/serbiantimes.info\\\/en#listItem\",\"name\":\"Home\"}},{\"@type\":\"ListItem\",\"@id\":\"https:\\\/\\\/serbiantimes.info\\\/en\\\/from-a-difficult-childhood-to-the-mrs-southern-bavaria-title-milena-fulfilled-her-dream-in-germany-today-she-fights-against-violence-against-women-and-children-photo\\\/#listItem\",\"position\":3,\"name\":\"FROM A DIFFICULT CHILDHOOD TO THE MRS SOUTHERN BAVARIA TITLE: Milena Fulfilled Her Dream in Germany, Today She Fights Against Violence Against Women and Children! (PHOTO)\",\"previousItem\":{\"@type\":\"ListItem\",\"@id\":\"https:\\\/\\\/serbiantimes.info\\\/en\\\/category\\\/diaspora\\\/#listItem\",\"name\":\"DIASPORA\"}}]},{\"@type\":\"Organization\",\"@id\":\"https:\\\/\\\/serbiantimes.info\\\/en\\\/#organization\",\"name\":\"Serbiantimes.info EN\",\"url\":\"https:\\\/\\\/serbiantimes.info\\\/en\\\/\",\"logo\":{\"@type\":\"ImageObject\",\"url\":\"https:\\\/\\\/serbiantimes.info\\\/en\\\/wp-content\\\/uploads\\\/sites\\\/2\\\/2024\\\/10\\\/cropped-cropped-Serbian-Times-Header-Logo-1.png\",\"@id\":\"https:\\\/\\\/serbiantimes.info\\\/en\\\/from-a-difficult-childhood-to-the-mrs-southern-bavaria-title-milena-fulfilled-her-dream-in-germany-today-she-fights-against-violence-against-women-and-children-photo\\\/#organizationLogo\",\"width\":480,\"height\":100},\"image\":{\"@id\":\"https:\\\/\\\/serbiantimes.info\\\/en\\\/from-a-difficult-childhood-to-the-mrs-southern-bavaria-title-milena-fulfilled-her-dream-in-germany-today-she-fights-against-violence-against-women-and-children-photo\\\/#organizationLogo\"}},{\"@type\":\"Person\",\"@id\":\"https:\\\/\\\/serbiantimes.info\\\/en\\\/author\\\/serbiantimes-portal\\\/#author\",\"url\":\"https:\\\/\\\/serbiantimes.info\\\/en\\\/author\\\/serbiantimes-portal\\\/\",\"name\":\"Serbian Times\",\"image\":{\"@type\":\"ImageObject\",\"@id\":\"https:\\\/\\\/serbiantimes.info\\\/en\\\/from-a-difficult-childhood-to-the-mrs-southern-bavaria-title-milena-fulfilled-her-dream-in-germany-today-she-fights-against-violence-against-women-and-children-photo\\\/#authorImage\",\"url\":\"https:\\\/\\\/secure.gravatar.com\\\/avatar\\\/ea76e009769270b4193e2bc7e032c096b4ae135483ec03b396fd0f520bc3dcfd?s=96&d=mm&r=g\",\"width\":96,\"height\":96,\"caption\":\"Serbian Times\"}},{\"@type\":\"WebPage\",\"@id\":\"https:\\\/\\\/serbiantimes.info\\\/en\\\/from-a-difficult-childhood-to-the-mrs-southern-bavaria-title-milena-fulfilled-her-dream-in-germany-today-she-fights-against-violence-against-women-and-children-photo\\\/#webpage\",\"url\":\"https:\\\/\\\/serbiantimes.info\\\/en\\\/from-a-difficult-childhood-to-the-mrs-southern-bavaria-title-milena-fulfilled-her-dream-in-germany-today-she-fights-against-violence-against-women-and-children-photo\\\/\",\"name\":\"FROM A DIFFICULT CHILDHOOD TO THE MRS SOUTHERN BAVARIA TITLE: Milena Fulfilled Her Dream in Germany, Today She Fights Against Violence Against Women and Children! (PHOTO) | Serbiantimes.info EN\",\"description\":\"Life is often hardest on those who later become the strongest. A Serbian woman from Bor, who now lives in Germany, managed to overcome a difficult childhood, losses and life\\u2019s challenges, build her own path and achieve what she once could only dream of. Milena Stani\\u0161i\\u0107 represented Southern Bavaria at the traditional Miss Deutschland competition,\",\"inLanguage\":\"en-US\",\"isPartOf\":{\"@id\":\"https:\\\/\\\/serbiantimes.info\\\/en\\\/#website\"},\"breadcrumb\":{\"@id\":\"https:\\\/\\\/serbiantimes.info\\\/en\\\/from-a-difficult-childhood-to-the-mrs-southern-bavaria-title-milena-fulfilled-her-dream-in-germany-today-she-fights-against-violence-against-women-and-children-photo\\\/#breadcrumblist\"},\"author\":{\"@id\":\"https:\\\/\\\/serbiantimes.info\\\/en\\\/author\\\/serbiantimes-portal\\\/#author\"},\"creator\":{\"@id\":\"https:\\\/\\\/serbiantimes.info\\\/en\\\/author\\\/serbiantimes-portal\\\/#author\"},\"image\":{\"@type\":\"ImageObject\",\"url\":\"https:\\\/\\\/serbiantimes.info\\\/en\\\/wp-content\\\/uploads\\\/sites\\\/2\\\/2026\\\/08\\\/DIPTIH-TRIPTIH-Serbian-Times-8-4.jpg\",\"@id\":\"https:\\\/\\\/serbiantimes.info\\\/en\\\/from-a-difficult-childhood-to-the-mrs-southern-bavaria-title-milena-fulfilled-her-dream-in-germany-today-she-fights-against-violence-against-women-and-children-photo\\\/#mainImage\",\"width\":1200,\"height\":750},\"primaryImageOfPage\":{\"@id\":\"https:\\\/\\\/serbiantimes.info\\\/en\\\/from-a-difficult-childhood-to-the-mrs-southern-bavaria-title-milena-fulfilled-her-dream-in-germany-today-she-fights-against-violence-against-women-and-children-photo\\\/#mainImage\"},\"datePublished\":\"2026-08-09T12:44:33+02:00\",\"dateModified\":\"2026-08-09T12:44:41+02:00\"},{\"@type\":\"WebSite\",\"@id\":\"https:\\\/\\\/serbiantimes.info\\\/en\\\/#website\",\"url\":\"https:\\\/\\\/serbiantimes.info\\\/en\\\/\",\"name\":\"Serbiantimes.info EN\",\"inLanguage\":\"en-US\",\"publisher\":{\"@id\":\"https:\\\/\\\/serbiantimes.info\\\/en\\\/#organization\"}}]}\n\t\t<\/script>\n\t\t<!-- All in One SEO -->\n\n","aioseo_head_json":{"title":"FROM A DIFFICULT CHILDHOOD TO THE MRS SOUTHERN BAVARIA TITLE: Milena Fulfilled Her Dream in Germany, Today She Fights Against Violence Against Women and Children! (PHOTO) | Serbiantimes.info EN","description":"Life is often hardest on those who later become the strongest. A Serbian woman from Bor, who now lives in Germany, managed to overcome a difficult childhood, losses and life\u2019s challenges, build her own path and achieve what she once could only dream of. Milena Stani\u0161i\u0107 represented Southern Bavaria at the traditional Miss Deutschland competition,","canonical_url":"https:\/\/serbiantimes.info\/en\/from-a-difficult-childhood-to-the-mrs-southern-bavaria-title-milena-fulfilled-her-dream-in-germany-today-she-fights-against-violence-against-women-and-children-photo\/","robots":"max-image-preview:large","keywords":"","webmasterTools":{"miscellaneous":""},"schema":{"@context":"https:\/\/schema.org","@graph":[{"@type":"BlogPosting","@id":"https:\/\/serbiantimes.info\/en\/from-a-difficult-childhood-to-the-mrs-southern-bavaria-title-milena-fulfilled-her-dream-in-germany-today-she-fights-against-violence-against-women-and-children-photo\/#blogposting","name":"FROM A DIFFICULT CHILDHOOD TO THE MRS SOUTHERN BAVARIA TITLE: Milena Fulfilled Her Dream in Germany, Today She Fights Against Violence Against Women and Children! (PHOTO) | Serbiantimes.info EN","headline":"FROM A DIFFICULT CHILDHOOD TO THE MRS SOUTHERN BAVARIA TITLE: Milena Fulfilled Her Dream in Germany, Today She Fights Against Violence Against Women and Children! (PHOTO)","author":{"@id":"https:\/\/serbiantimes.info\/en\/author\/serbiantimes-portal\/#author"},"publisher":{"@id":"https:\/\/serbiantimes.info\/en\/#organization"},"image":{"@type":"ImageObject","url":"https:\/\/serbiantimes.info\/en\/wp-content\/uploads\/sites\/2\/2026\/08\/DIPTIH-TRIPTIH-Serbian-Times-8-4.jpg","width":1200,"height":750},"datePublished":"2026-08-09T12:44:33+02:00","dateModified":"2026-08-09T12:44:41+02:00","inLanguage":"en-US","mainEntityOfPage":{"@id":"https:\/\/serbiantimes.info\/en\/from-a-difficult-childhood-to-the-mrs-southern-bavaria-title-milena-fulfilled-her-dream-in-germany-today-she-fights-against-violence-against-women-and-children-photo\/#webpage"},"isPartOf":{"@id":"https:\/\/serbiantimes.info\/en\/from-a-difficult-childhood-to-the-mrs-southern-bavaria-title-milena-fulfilled-her-dream-in-germany-today-she-fights-against-violence-against-women-and-children-photo\/#webpage"},"articleSection":"DIASPORA, bor, milena stani\u0161i\u0107, mrs ju\u017ene bavarske, nasilje nad \u017eenama, nEMA\u010cKa, srpska dijaspora, takmi\u010denje u lepoti"},{"@type":"BreadcrumbList","@id":"https:\/\/serbiantimes.info\/en\/from-a-difficult-childhood-to-the-mrs-southern-bavaria-title-milena-fulfilled-her-dream-in-germany-today-she-fights-against-violence-against-women-and-children-photo\/#breadcrumblist","itemListElement":[{"@type":"ListItem","@id":"https:\/\/serbiantimes.info\/en#listItem","position":1,"name":"Home","item":"https:\/\/serbiantimes.info\/en","nextItem":{"@type":"ListItem","@id":"https:\/\/serbiantimes.info\/en\/category\/diaspora\/#listItem","name":"DIASPORA"}},{"@type":"ListItem","@id":"https:\/\/serbiantimes.info\/en\/category\/diaspora\/#listItem","position":2,"name":"DIASPORA","item":"https:\/\/serbiantimes.info\/en\/category\/diaspora\/","nextItem":{"@type":"ListItem","@id":"https:\/\/serbiantimes.info\/en\/from-a-difficult-childhood-to-the-mrs-southern-bavaria-title-milena-fulfilled-her-dream-in-germany-today-she-fights-against-violence-against-women-and-children-photo\/#listItem","name":"FROM A DIFFICULT CHILDHOOD TO THE MRS SOUTHERN BAVARIA TITLE: Milena Fulfilled Her Dream in Germany, Today She Fights Against Violence Against Women and Children! (PHOTO)"},"previousItem":{"@type":"ListItem","@id":"https:\/\/serbiantimes.info\/en#listItem","name":"Home"}},{"@type":"ListItem","@id":"https:\/\/serbiantimes.info\/en\/from-a-difficult-childhood-to-the-mrs-southern-bavaria-title-milena-fulfilled-her-dream-in-germany-today-she-fights-against-violence-against-women-and-children-photo\/#listItem","position":3,"name":"FROM A DIFFICULT CHILDHOOD TO THE MRS SOUTHERN BAVARIA TITLE: Milena Fulfilled Her Dream in Germany, Today She Fights Against Violence Against Women and Children! (PHOTO)","previousItem":{"@type":"ListItem","@id":"https:\/\/serbiantimes.info\/en\/category\/diaspora\/#listItem","name":"DIASPORA"}}]},{"@type":"Organization","@id":"https:\/\/serbiantimes.info\/en\/#organization","name":"Serbiantimes.info EN","url":"https:\/\/serbiantimes.info\/en\/","logo":{"@type":"ImageObject","url":"https:\/\/serbiantimes.info\/en\/wp-content\/uploads\/sites\/2\/2024\/10\/cropped-cropped-Serbian-Times-Header-Logo-1.png","@id":"https:\/\/serbiantimes.info\/en\/from-a-difficult-childhood-to-the-mrs-southern-bavaria-title-milena-fulfilled-her-dream-in-germany-today-she-fights-against-violence-against-women-and-children-photo\/#organizationLogo","width":480,"height":100},"image":{"@id":"https:\/\/serbiantimes.info\/en\/from-a-difficult-childhood-to-the-mrs-southern-bavaria-title-milena-fulfilled-her-dream-in-germany-today-she-fights-against-violence-against-women-and-children-photo\/#organizationLogo"}},{"@type":"Person","@id":"https:\/\/serbiantimes.info\/en\/author\/serbiantimes-portal\/#author","url":"https:\/\/serbiantimes.info\/en\/author\/serbiantimes-portal\/","name":"Serbian Times","image":{"@type":"ImageObject","@id":"https:\/\/serbiantimes.info\/en\/from-a-difficult-childhood-to-the-mrs-southern-bavaria-title-milena-fulfilled-her-dream-in-germany-today-she-fights-against-violence-against-women-and-children-photo\/#authorImage","url":"https:\/\/secure.gravatar.com\/avatar\/ea76e009769270b4193e2bc7e032c096b4ae135483ec03b396fd0f520bc3dcfd?s=96&d=mm&r=g","width":96,"height":96,"caption":"Serbian Times"}},{"@type":"WebPage","@id":"https:\/\/serbiantimes.info\/en\/from-a-difficult-childhood-to-the-mrs-southern-bavaria-title-milena-fulfilled-her-dream-in-germany-today-she-fights-against-violence-against-women-and-children-photo\/#webpage","url":"https:\/\/serbiantimes.info\/en\/from-a-difficult-childhood-to-the-mrs-southern-bavaria-title-milena-fulfilled-her-dream-in-germany-today-she-fights-against-violence-against-women-and-children-photo\/","name":"FROM A DIFFICULT CHILDHOOD TO THE MRS SOUTHERN BAVARIA TITLE: Milena Fulfilled Her Dream in Germany, Today She Fights Against Violence Against Women and Children! (PHOTO) | Serbiantimes.info EN","description":"Life is often hardest on those who later become the strongest. A Serbian woman from Bor, who now lives in Germany, managed to overcome a difficult childhood, losses and life\u2019s challenges, build her own path and achieve what she once could only dream of. Milena Stani\u0161i\u0107 represented Southern Bavaria at the traditional Miss Deutschland competition,","inLanguage":"en-US","isPartOf":{"@id":"https:\/\/serbiantimes.info\/en\/#website"},"breadcrumb":{"@id":"https:\/\/serbiantimes.info\/en\/from-a-difficult-childhood-to-the-mrs-southern-bavaria-title-milena-fulfilled-her-dream-in-germany-today-she-fights-against-violence-against-women-and-children-photo\/#breadcrumblist"},"author":{"@id":"https:\/\/serbiantimes.info\/en\/author\/serbiantimes-portal\/#author"},"creator":{"@id":"https:\/\/serbiantimes.info\/en\/author\/serbiantimes-portal\/#author"},"image":{"@type":"ImageObject","url":"https:\/\/serbiantimes.info\/en\/wp-content\/uploads\/sites\/2\/2026\/08\/DIPTIH-TRIPTIH-Serbian-Times-8-4.jpg","@id":"https:\/\/serbiantimes.info\/en\/from-a-difficult-childhood-to-the-mrs-southern-bavaria-title-milena-fulfilled-her-dream-in-germany-today-she-fights-against-violence-against-women-and-children-photo\/#mainImage","width":1200,"height":750},"primaryImageOfPage":{"@id":"https:\/\/serbiantimes.info\/en\/from-a-difficult-childhood-to-the-mrs-southern-bavaria-title-milena-fulfilled-her-dream-in-germany-today-she-fights-against-violence-against-women-and-children-photo\/#mainImage"},"datePublished":"2026-08-09T12:44:33+02:00","dateModified":"2026-08-09T12:44:41+02:00"},{"@type":"WebSite","@id":"https:\/\/serbiantimes.info\/en\/#website","url":"https:\/\/serbiantimes.info\/en\/","name":"Serbiantimes.info EN","inLanguage":"en-US","publisher":{"@id":"https:\/\/serbiantimes.info\/en\/#organization"}}]},"og:locale":"en_US","og:site_name":"Serbiantimes.info EN |","og:type":"article","og:title":"FROM A DIFFICULT CHILDHOOD TO THE MRS SOUTHERN BAVARIA TITLE: Milena Fulfilled Her Dream in Germany, Today She Fights Against Violence Against Women and Children! (PHOTO) | Serbiantimes.info EN","og:description":"Life is often hardest on those who later become the strongest. A Serbian woman from Bor, who now lives in Germany, managed to overcome a difficult childhood, losses and life\u2019s challenges, build her own path and achieve what she once could only dream of. Milena Stani\u0161i\u0107 represented Southern Bavaria at the traditional Miss Deutschland competition,","og:url":"https:\/\/serbiantimes.info\/en\/from-a-difficult-childhood-to-the-mrs-southern-bavaria-title-milena-fulfilled-her-dream-in-germany-today-she-fights-against-violence-against-women-and-children-photo\/","og:image":"https:\/\/serbiantimes.info\/en\/wp-content\/uploads\/sites\/2\/2026\/08\/DIPTIH-TRIPTIH-Serbian-Times-8-4.jpg","og:image:secure_url":"https:\/\/serbiantimes.info\/en\/wp-content\/uploads\/sites\/2\/2026\/08\/DIPTIH-TRIPTIH-Serbian-Times-8-4.jpg","og:image:width":1200,"og:image:height":750,"article:published_time":"2026-08-09T10:44:33+00:00","article:modified_time":"2026-08-09T10:44:41+00:00","twitter:card":"summary_large_image","twitter:title":"FROM A DIFFICULT CHILDHOOD TO THE MRS SOUTHERN BAVARIA TITLE: Milena Fulfilled Her Dream in Germany, Today She Fights Against Violence Against Women and Children! (PHOTO) | Serbiantimes.info EN","twitter:description":"Life is often hardest on those who later become the strongest. A Serbian woman from Bor, who now lives in Germany, managed to overcome a difficult childhood, losses and life\u2019s challenges, build her own path and achieve what she once could only dream of. Milena Stani\u0161i\u0107 represented Southern Bavaria at the traditional Miss Deutschland competition,","twitter:image":"https:\/\/serbiantimes.info\/en\/wp-content\/uploads\/sites\/2\/2026\/08\/DIPTIH-TRIPTIH-Serbian-Times-8-4.jpg"},"aioseo_meta_data":{"post_id":"216006","title":null,"description":null,"keywords":null,"keyphrases":{"focus":{"keyphrase":"","score":0,"analysis":{"keyphraseInTitle":{"score":0,"maxScore":9,"error":1}}},"additional":[]},"primary_term":null,"canonical_url":null,"og_title":null,"og_description":null,"og_object_type":"default","og_image_type":"default","og_image_url":null,"og_image_width":null,"og_image_height":null,"og_image_custom_url":null,"og_image_custom_fields":null,"og_video":"","og_custom_url":null,"og_article_section":null,"og_article_tags":null,"twitter_use_og":false,"twitter_card":"default","twitter_image_type":"default","twitter_image_url":null,"twitter_image_custom_url":null,"twitter_image_custom_fields":null,"twitter_title":null,"twitter_description":null,"schema":{"blockGraphs":[],"customGraphs":[],"default":{"data":{"Article":[],"Course":[],"Dataset":[],"FAQPage":[],"Movie":[],"Person":[],"Product":[],"ProductReview":[],"Car":[],"Recipe":[],"Service":[],"SoftwareApplication":[],"WebPage":[]},"graphName":"BlogPosting","isEnabled":true},"graphs":[]},"schema_type":"default","schema_type_options":null,"pillar_content":false,"robots_default":true,"robots_noindex":false,"robots_noarchive":false,"robots_nosnippet":false,"robots_nofollow":false,"robots_noimageindex":false,"robots_noodp":false,"robots_notranslate":false,"robots_max_snippet":"-1","robots_max_videopreview":"-1","robots_max_imagepreview":"large","priority":null,"frequency":"default","local_seo":null,"breadcrumb_settings":null,"limit_modified_date":false,"ai":{"faqs":[],"keyPoints":[],"schemas":[],"titles":[],"descriptions":[],"socialPosts":{"email":{"subject":"","preview":"","content":""},"linkedin":[],"twitter":[],"facebook":[],"instagram":[]}},"created":"2026-08-09 10:16:57","updated":"2026-08-10 17:13:46","focus_keyword":null,"additional_keywords":null,"truseo_locale":null,"seo_analyzer_scan_date":null},"aioseo_breadcrumb":"<div class=\"aioseo-breadcrumbs\"><span class=\"aioseo-breadcrumb\">\n\t\t\t<a href=\"https:\/\/serbiantimes.info\/en\" title=\"Home\">Home<\/a>\n\t\t<\/span><span class=\"aioseo-breadcrumb-separator\">&raquo;<\/span><span class=\"aioseo-breadcrumb\">\n\t\t\t<a href=\"https:\/\/serbiantimes.info\/en\/category\/diaspora\/\" title=\"DIASPORA\">DIASPORA<\/a>\n\t\t<\/span><span class=\"aioseo-breadcrumb-separator\">&raquo;<\/span><span class=\"aioseo-breadcrumb\">\n\t\t\tFROM A DIFFICULT CHILDHOOD TO THE MRS SOUTHERN BAVARIA TITLE: Milena Fulfilled Her Dream in Germany, Today She Fights Against Violence Against Women and Children! (PHOTO)\n\t\t<\/span><\/div>","aioseo_breadcrumb_json":[{"label":"Home","link":"https:\/\/serbiantimes.info\/en"},{"label":"DIASPORA","link":"https:\/\/serbiantimes.info\/en\/category\/diaspora\/"},{"label":"FROM A DIFFICULT CHILDHOOD TO THE MRS SOUTHERN BAVARIA TITLE: Milena Fulfilled Her Dream in Germany, Today She Fights Against Violence Against Women and Children! (PHOTO)","link":"https:\/\/serbiantimes.info\/en\/from-a-difficult-childhood-to-the-mrs-southern-bavaria-title-milena-fulfilled-her-dream-in-germany-today-she-fights-against-violence-against-women-and-children-photo\/"}],"distributor_meta":false,"distributor_terms":false,"distributor_media":false,"distributor_original_site_name":"Serbiantimes.info EN","distributor_original_site_url":"https:\/\/serbiantimes.info\/en","push-errors":false,"_links":{"self":[{"href":"https:\/\/serbiantimes.info\/en\/wp-json\/wp\/v2\/posts\/216006","targetHints":{"allow":["GET"]}}],"collection":[{"href":"https:\/\/serbiantimes.info\/en\/wp-json\/wp\/v2\/posts"}],"about":[{"href":"https:\/\/serbiantimes.info\/en\/wp-json\/wp\/v2\/types\/post"}],"author":[{"embeddable":true,"href":"https:\/\/serbiantimes.info\/en\/wp-json\/wp\/v2\/users\/2169"}],"replies":[{"embeddable":true,"href":"https:\/\/serbiantimes.info\/en\/wp-json\/wp\/v2\/comments?post=216006"}],"version-history":[{"count":3,"href":"https:\/\/serbiantimes.info\/en\/wp-json\/wp\/v2\/posts\/216006\/revisions"}],"predecessor-version":[{"id":216050,"href":"https:\/\/serbiantimes.info\/en\/wp-json\/wp\/v2\/posts\/216006\/revisions\/216050"}],"wp:featuredmedia":[{"embeddable":true,"href":"https:\/\/serbiantimes.info\/en\/wp-json\/wp\/v2\/media\/216009"}],"wp:attachment":[{"href":"https:\/\/serbiantimes.info\/en\/wp-json\/wp\/v2\/media?parent=216006"}],"wp:term":[{"taxonomy":"category","embeddable":true,"href":"https:\/\/serbiantimes.info\/en\/wp-json\/wp\/v2\/categories?post=216006"},{"taxonomy":"post_tag","embeddable":true,"href":"https:\/\/serbiantimes.info\/en\/wp-json\/wp\/v2\/tags?post=216006"}],"curies":[{"name":"wp","href":"https:\/\/api.w.org\/{rel}","templated":true}]}}