{"id":215936,"date":"2026-08-07T17:55:08","date_gmt":"2026-08-07T15:55:08","guid":{"rendered":"https:\/\/serbiantimes.info\/en\/?p=215936"},"modified":"2026-08-07T17:55:09","modified_gmt":"2026-08-07T15:55:09","slug":"viktor-orban-at-the-guca-trumpet-festival-former-hungarian-prime-minister-tried-famous-serbian-specialties","status":"publish","type":"post","link":"https:\/\/serbiantimes.info\/en\/viktor-orban-at-the-guca-trumpet-festival-former-hungarian-prime-minister-tried-famous-serbian-specialties\/","title":{"rendered":"VIKTOR ORBAN AT THE GU\u010cA TRUMPET FESTIVAL: Former Hungarian prime minister tried famous Serbian specialties!"},"content":{"rendered":"\n<p class=\"wp-block-paragraph\">Former Hungarian Prime Minister Viktor Orb\u00e1n was spotted today in Gu\u010da, where the traditional <strong>Draga\u010devo Trumpet Festival<\/strong> has begun.<\/p>\n\n\n\n<p class=\"wp-block-paragraph\">Together with several friends, he casually approached the first available table, sat down among the festival guests, ordered a cold beer, and wanted to try famous Serbian specialties \u2014 <strong>hajdu\u010dki \u0107evap<\/strong> and <strong>svadbarski kupus<\/strong>.<\/p>\n\n\n\n<p class=\"wp-block-paragraph\">&#8220;We couldn&#8217;t believe our eyes. He came as an ordinary guest, without any distance, smiling, relaxed, and ready to enjoy Gu\u010da,&#8221; one of the hotel guests told RINA.<\/p>\n\n\n\n<p class=\"wp-block-paragraph\">News of his arrival quickly spread throughout Draga\u010devo. People approached him to greet him, take photos, and welcome him, while he warmly returned their greetings.<\/p>\n\n\n\n<p class=\"wp-block-paragraph\">The festival is being held for the <strong>65th time<\/strong> and will bring together trumpet orchestras from Serbia and the surrounding region.<\/p>\n\n\n\n<p class=\"wp-block-paragraph\">The former Hungarian prime minister decided to visit the trumpet celebration as well, and he was photographed in the garden of the <strong>Nordik Hotel<\/strong>.<\/p>\n\n\n\n<p class=\"wp-block-paragraph\">The Draga\u010devo Trumpet Festival was officially opened today at 11 a.m. with the raising of the festival flag, while the culmination is expected on Sunday, when the best trumpet orchestras will compete in the final competition for the most prestigious awards and the title of the new masters of the trumpet.<\/p>\n\n\n\n<h4 class=\"wp-block-heading\"><mark style=\"background-color:#FFFFFF;color:#d21414\" class=\"has-inline-color\">MORE TOPICS:<\/mark><\/h4>\n\n\n\n<p class=\"wp-block-paragraph\"><strong><a href=\"https:\/\/serbiantimes.info\/en\/from-ammunition-to-drones-how-serbia-became-one-of-israels-most-important-partners-in-europe\/\" target=\"_blank\" rel=\"noopener\" title=\"\">FROM AMMUNITION TO DRONES: How Serbia became one of Israel\u2019s most important partners in Europe!<\/a><\/strong><\/p>\n\n\n\n<p class=\"wp-block-paragraph\"><strong><a href=\"https:\/\/serbiantimes.info\/en\/famous-croatian-actor-involved-in-scandal-serbian-minister-transferred-part-of-company-in-croatia-to-goran-bogdan\/\" target=\"_blank\" rel=\"noopener\" title=\"\">FAMOUS CROATIAN ACTOR INVOLVED IN SCANDAL: Serbian minister transferred part of company in Croatia to Goran Bogdan!<\/a><\/strong><\/p>\n\n\n\n<p class=\"wp-block-paragraph\"><strong><a href=\"https:\/\/serbiantimes.info\/en\/terrible-tragedy-in-croatia-father-and-two-children-found-dead-in-a-burned-house-family-crime-suspected\/\" target=\"_blank\" rel=\"noopener\" title=\"\">TERRIBLE TRAGEDY IN CROATIA: Father and two children found dead in a burned house, family crime suspected!<\/a><\/strong><\/p>\n\n\n\n<p class=\"wp-block-paragraph\"><a href=\"https:\/\/serbiantimes.info\/en\/serbian-tanker-destroyed-in-ukraine-it-was-hit-by-a-russian-drone-and-now-the-owner-revealed-how-it-got-to-the-battlefield-video\/\" target=\"_blank\" rel=\"noopener\" title=\"\"><strong>SERBIAN TANKER DESTROYED IN UKRAINE: It was hit by a Russian drone, and now the owner revealed how it got to the battlefield! (VIDEO)<\/strong><\/a><\/p>\n\n\n\n<p class=\"wp-block-paragraph\"><strong><a href=\"https:\/\/serbiantimes.info\/en\/heroic-feat-near-preobrazenje-monastery-monks-and-firefighters-saved-a-child-from-an-inaccessible-cliff-15-meters-high\/\" target=\"_blank\" rel=\"noopener\" title=\"\">HEROIC FEAT NEAR PREOBRA\u017dENJE MONASTERY: Monks and firefighters saved a child from an inaccessible cliff 15 meters high!<\/a><\/strong><\/p>\n\n\n\n<p class=\"wp-block-paragraph\"><strong><a href=\"https:\/\/serbiantimes.info\/en\/vucics-i-will-not-give-gazivode-encouraged-us-to-build-poignant-confession-of-the-jaksic-family-they-invested-almost-a-million-euros-in-the-demolished-hotel\/\" target=\"_blank\" rel=\"noopener\" title=\"\">VU\u010cI\u0106\u2019S \u201cI WILL NOT GIVE GAZIVODE\u201d ENCOURAGED US TO BUILD: Poignant confession of the Jak\u0161i\u0107 family, they invested almost a million euros in the demolished hotel!<\/a><\/strong><\/p>\n\n\n\n<p class=\"wp-block-paragraph\"><strong>Source<\/strong>:<strong> <\/strong><a href=\"https:\/\/www.euronews.rs\/srbija\/aktuelno\/236774\/viktor-orban-posetio-sabor-trubaca-u-guci\/vest\" target=\"_blank\" rel=\"noopener\" title=\"\">Euronews <\/a>\/ RINA;\u00a0 <strong>Foto:<\/strong> RINA<\/p>\n\n\n\n<p class=\"wp-block-paragraph\"><\/p>\n","protected":false},"excerpt":{"rendered":"<p>Former Hungarian Prime Minister Viktor Orb\u00e1n was spotted today in Gu\u010da, where the traditional Draga\u010devo Trumpet Festival has begun. Together with several friends, he casually approached the first available table, sat down among the festival guests, ordered a cold beer, and wanted to try famous Serbian specialties \u2014 hajdu\u010dki \u0107evap and svadbarski kupus. &#8220;We couldn&#8217;t [&hellip;]<\/p>\n","protected":false},"author":2169,"featured_media":215937,"comment_status":"open","ping_status":"open","sticky":false,"template":"","format":"standard","meta":{"newspack_featured_image_position":"","newspack_post_subtitle":"","newspack_article_summary_title":"Overview:","newspack_article_summary":"","newspack_hide_updated_date":false,"newspack_show_updated_date":false,"footnotes":""},"categories":[7],"tags":[13848,13849,755,113,9323,756],"class_list":["post-215936","post","type-post","status-publish","format-standard","has-post-thumbnail","hentry","category-serbia","tag-bivsi-premijer","tag-dragacevski-sabor-trubaca","tag-madarska","tag-srbija","tag-srpski-specijaliteti","tag-viktor-orban","entry"],"aioseo_notices":[],"aioseo_head":"\n\t\t<!-- All in One SEO 5.0.1.1 - aioseo.com -->\n\t<meta name=\"description\" content=\"Former Hungarian Prime Minister Viktor Orb\u00e1n was spotted today in Gu\u010da, where the traditional Draga\u010devo Trumpet Festival has begun. Together with several friends, he casually approached the first available table, sat down among the festival guests, ordered a cold beer, and wanted to try famous Serbian specialties \u2014 hajdu\u010dki \u0107evap and svadbarski kupus. &quot;We couldn&#039;t\" \/>\n\t<meta name=\"robots\" content=\"max-image-preview:large\" \/>\n\t<meta name=\"author\" content=\"Serbian Times\"\/>\n\t<link rel=\"canonical\" href=\"https:\/\/serbiantimes.info\/en\/viktor-orban-at-the-guca-trumpet-festival-former-hungarian-prime-minister-tried-famous-serbian-specialties\/\" \/>\n\t<meta name=\"generator\" content=\"All in One SEO (AIOSEO) 5.0.1.1\" \/>\n\t\t<meta property=\"og:locale\" content=\"en_US\" \/>\n\t\t<meta property=\"og:site_name\" content=\"Serbiantimes.info EN |\" \/>\n\t\t<meta property=\"og:type\" content=\"article\" \/>\n\t\t<meta property=\"og:title\" content=\"VIKTOR ORBAN AT THE GU\u010cA TRUMPET FESTIVAL: Former Hungarian prime minister tried famous Serbian specialties! | Serbiantimes.info EN\" \/>\n\t\t<meta property=\"og:description\" content=\"Former Hungarian Prime Minister Viktor Orb\u00e1n was spotted today in Gu\u010da, where the traditional Draga\u010devo Trumpet Festival has begun. Together with several friends, he casually approached the first available table, sat down among the festival guests, ordered a cold beer, and wanted to try famous Serbian specialties \u2014 hajdu\u010dki \u0107evap and svadbarski kupus. &quot;We couldn&#039;t\" \/>\n\t\t<meta property=\"og:url\" content=\"https:\/\/serbiantimes.info\/en\/viktor-orban-at-the-guca-trumpet-festival-former-hungarian-prime-minister-tried-famous-serbian-specialties\/\" \/>\n\t\t<meta property=\"og:image\" content=\"https:\/\/serbiantimes.info\/en\/wp-content\/uploads\/sites\/2\/2026\/08\/DIPTIH-TRIPTIH-Serbian-Times-12-1.jpg\" \/>\n\t\t<meta property=\"og:image:secure_url\" content=\"https:\/\/serbiantimes.info\/en\/wp-content\/uploads\/sites\/2\/2026\/08\/DIPTIH-TRIPTIH-Serbian-Times-12-1.jpg\" \/>\n\t\t<meta property=\"og:image:width\" content=\"1200\" \/>\n\t\t<meta property=\"og:image:height\" content=\"750\" \/>\n\t\t<meta property=\"article:published_time\" content=\"2026-08-07T15:55:08+00:00\" \/>\n\t\t<meta property=\"article:modified_time\" content=\"2026-08-07T15:55:09+00:00\" \/>\n\t\t<meta name=\"twitter:card\" content=\"summary_large_image\" \/>\n\t\t<meta name=\"twitter:title\" content=\"VIKTOR ORBAN AT THE GU\u010cA TRUMPET FESTIVAL: Former Hungarian prime minister tried famous Serbian specialties! | Serbiantimes.info EN\" \/>\n\t\t<meta name=\"twitter:description\" content=\"Former Hungarian Prime Minister Viktor Orb\u00e1n was spotted today in Gu\u010da, where the traditional Draga\u010devo Trumpet Festival has begun. Together with several friends, he casually approached the first available table, sat down among the festival guests, ordered a cold beer, and wanted to try famous Serbian specialties \u2014 hajdu\u010dki \u0107evap and svadbarski kupus. &quot;We couldn&#039;t\" \/>\n\t\t<meta name=\"twitter:image\" content=\"https:\/\/serbiantimes.info\/en\/wp-content\/uploads\/sites\/2\/2026\/08\/DIPTIH-TRIPTIH-Serbian-Times-12-1.jpg\" \/>\n\t\t<script type=\"application\/ld+json\" class=\"aioseo-schema\">\n\t\t\t{\"@context\":\"https:\\\/\\\/schema.org\",\"@graph\":[{\"@type\":\"BlogPosting\",\"@id\":\"https:\\\/\\\/serbiantimes.info\\\/en\\\/viktor-orban-at-the-guca-trumpet-festival-former-hungarian-prime-minister-tried-famous-serbian-specialties\\\/#blogposting\",\"name\":\"VIKTOR ORBAN AT THE GU\\u010cA TRUMPET FESTIVAL: Former Hungarian prime minister tried famous Serbian specialties! | Serbiantimes.info EN\",\"headline\":\"VIKTOR ORBAN AT THE GU\\u010cA TRUMPET FESTIVAL: Former Hungarian prime minister tried famous Serbian specialties!\",\"author\":{\"@id\":\"https:\\\/\\\/serbiantimes.info\\\/en\\\/author\\\/serbiantimes-portal\\\/#author\"},\"publisher\":{\"@id\":\"https:\\\/\\\/serbiantimes.info\\\/en\\\/#organization\"},\"image\":{\"@type\":\"ImageObject\",\"url\":\"https:\\\/\\\/serbiantimes.info\\\/en\\\/wp-content\\\/uploads\\\/sites\\\/2\\\/2026\\\/08\\\/DIPTIH-TRIPTIH-Serbian-Times-12-1.jpg\",\"width\":1200,\"height\":750},\"datePublished\":\"2026-08-07T17:55:08+02:00\",\"dateModified\":\"2026-08-07T17:55:09+02:00\",\"inLanguage\":\"en-US\",\"mainEntityOfPage\":{\"@id\":\"https:\\\/\\\/serbiantimes.info\\\/en\\\/viktor-orban-at-the-guca-trumpet-festival-former-hungarian-prime-minister-tried-famous-serbian-specialties\\\/#webpage\"},\"isPartOf\":{\"@id\":\"https:\\\/\\\/serbiantimes.info\\\/en\\\/viktor-orban-at-the-guca-trumpet-festival-former-hungarian-prime-minister-tried-famous-serbian-specialties\\\/#webpage\"},\"articleSection\":\"SERBIA, biv\\u0161i premijer, Draga\\u010devski sabor truba\\u010da, Ma\\u0111arska, Srbija, srpski specijaliteti, Viktor Orban\"},{\"@type\":\"BreadcrumbList\",\"@id\":\"https:\\\/\\\/serbiantimes.info\\\/en\\\/viktor-orban-at-the-guca-trumpet-festival-former-hungarian-prime-minister-tried-famous-serbian-specialties\\\/#breadcrumblist\",\"itemListElement\":[{\"@type\":\"ListItem\",\"@id\":\"https:\\\/\\\/serbiantimes.info\\\/en#listItem\",\"position\":1,\"name\":\"Home\",\"item\":\"https:\\\/\\\/serbiantimes.info\\\/en\",\"nextItem\":{\"@type\":\"ListItem\",\"@id\":\"https:\\\/\\\/serbiantimes.info\\\/en\\\/category\\\/serbia\\\/#listItem\",\"name\":\"SERBIA\"}},{\"@type\":\"ListItem\",\"@id\":\"https:\\\/\\\/serbiantimes.info\\\/en\\\/category\\\/serbia\\\/#listItem\",\"position\":2,\"name\":\"SERBIA\",\"item\":\"https:\\\/\\\/serbiantimes.info\\\/en\\\/category\\\/serbia\\\/\",\"nextItem\":{\"@type\":\"ListItem\",\"@id\":\"https:\\\/\\\/serbiantimes.info\\\/en\\\/viktor-orban-at-the-guca-trumpet-festival-former-hungarian-prime-minister-tried-famous-serbian-specialties\\\/#listItem\",\"name\":\"VIKTOR ORBAN AT THE GU\\u010cA TRUMPET FESTIVAL: Former Hungarian prime minister tried famous Serbian specialties!\"},\"previousItem\":{\"@type\":\"ListItem\",\"@id\":\"https:\\\/\\\/serbiantimes.info\\\/en#listItem\",\"name\":\"Home\"}},{\"@type\":\"ListItem\",\"@id\":\"https:\\\/\\\/serbiantimes.info\\\/en\\\/viktor-orban-at-the-guca-trumpet-festival-former-hungarian-prime-minister-tried-famous-serbian-specialties\\\/#listItem\",\"position\":3,\"name\":\"VIKTOR ORBAN AT THE GU\\u010cA TRUMPET FESTIVAL: Former Hungarian prime minister tried famous Serbian specialties!\",\"previousItem\":{\"@type\":\"ListItem\",\"@id\":\"https:\\\/\\\/serbiantimes.info\\\/en\\\/category\\\/serbia\\\/#listItem\",\"name\":\"SERBIA\"}}]},{\"@type\":\"Organization\",\"@id\":\"https:\\\/\\\/serbiantimes.info\\\/en\\\/#organization\",\"name\":\"Serbiantimes.info EN\",\"url\":\"https:\\\/\\\/serbiantimes.info\\\/en\\\/\",\"logo\":{\"@type\":\"ImageObject\",\"url\":\"https:\\\/\\\/serbiantimes.info\\\/en\\\/wp-content\\\/uploads\\\/sites\\\/2\\\/2024\\\/10\\\/cropped-cropped-Serbian-Times-Header-Logo-1.png\",\"@id\":\"https:\\\/\\\/serbiantimes.info\\\/en\\\/viktor-orban-at-the-guca-trumpet-festival-former-hungarian-prime-minister-tried-famous-serbian-specialties\\\/#organizationLogo\",\"width\":480,\"height\":100},\"image\":{\"@id\":\"https:\\\/\\\/serbiantimes.info\\\/en\\\/viktor-orban-at-the-guca-trumpet-festival-former-hungarian-prime-minister-tried-famous-serbian-specialties\\\/#organizationLogo\"}},{\"@type\":\"Person\",\"@id\":\"https:\\\/\\\/serbiantimes.info\\\/en\\\/author\\\/serbiantimes-portal\\\/#author\",\"url\":\"https:\\\/\\\/serbiantimes.info\\\/en\\\/author\\\/serbiantimes-portal\\\/\",\"name\":\"Serbian Times\",\"image\":{\"@type\":\"ImageObject\",\"@id\":\"https:\\\/\\\/serbiantimes.info\\\/en\\\/viktor-orban-at-the-guca-trumpet-festival-former-hungarian-prime-minister-tried-famous-serbian-specialties\\\/#authorImage\",\"url\":\"https:\\\/\\\/secure.gravatar.com\\\/avatar\\\/ea76e009769270b4193e2bc7e032c096b4ae135483ec03b396fd0f520bc3dcfd?s=96&d=mm&r=g\",\"width\":96,\"height\":96,\"caption\":\"Serbian Times\"}},{\"@type\":\"WebPage\",\"@id\":\"https:\\\/\\\/serbiantimes.info\\\/en\\\/viktor-orban-at-the-guca-trumpet-festival-former-hungarian-prime-minister-tried-famous-serbian-specialties\\\/#webpage\",\"url\":\"https:\\\/\\\/serbiantimes.info\\\/en\\\/viktor-orban-at-the-guca-trumpet-festival-former-hungarian-prime-minister-tried-famous-serbian-specialties\\\/\",\"name\":\"VIKTOR ORBAN AT THE GU\\u010cA TRUMPET FESTIVAL: Former Hungarian prime minister tried famous Serbian specialties! | Serbiantimes.info EN\",\"description\":\"Former Hungarian Prime Minister Viktor Orb\\u00e1n was spotted today in Gu\\u010da, where the traditional Draga\\u010devo Trumpet Festival has begun. Together with several friends, he casually approached the first available table, sat down among the festival guests, ordered a cold beer, and wanted to try famous Serbian specialties \\u2014 hajdu\\u010dki \\u0107evap and svadbarski kupus. \\\"We couldn't\",\"inLanguage\":\"en-US\",\"isPartOf\":{\"@id\":\"https:\\\/\\\/serbiantimes.info\\\/en\\\/#website\"},\"breadcrumb\":{\"@id\":\"https:\\\/\\\/serbiantimes.info\\\/en\\\/viktor-orban-at-the-guca-trumpet-festival-former-hungarian-prime-minister-tried-famous-serbian-specialties\\\/#breadcrumblist\"},\"author\":{\"@id\":\"https:\\\/\\\/serbiantimes.info\\\/en\\\/author\\\/serbiantimes-portal\\\/#author\"},\"creator\":{\"@id\":\"https:\\\/\\\/serbiantimes.info\\\/en\\\/author\\\/serbiantimes-portal\\\/#author\"},\"image\":{\"@type\":\"ImageObject\",\"url\":\"https:\\\/\\\/serbiantimes.info\\\/en\\\/wp-content\\\/uploads\\\/sites\\\/2\\\/2026\\\/08\\\/DIPTIH-TRIPTIH-Serbian-Times-12-1.jpg\",\"@id\":\"https:\\\/\\\/serbiantimes.info\\\/en\\\/viktor-orban-at-the-guca-trumpet-festival-former-hungarian-prime-minister-tried-famous-serbian-specialties\\\/#mainImage\",\"width\":1200,\"height\":750},\"primaryImageOfPage\":{\"@id\":\"https:\\\/\\\/serbiantimes.info\\\/en\\\/viktor-orban-at-the-guca-trumpet-festival-former-hungarian-prime-minister-tried-famous-serbian-specialties\\\/#mainImage\"},\"datePublished\":\"2026-08-07T17:55:08+02:00\",\"dateModified\":\"2026-08-07T17:55:09+02:00\"},{\"@type\":\"WebSite\",\"@id\":\"https:\\\/\\\/serbiantimes.info\\\/en\\\/#website\",\"url\":\"https:\\\/\\\/serbiantimes.info\\\/en\\\/\",\"name\":\"Serbiantimes.info EN\",\"inLanguage\":\"en-US\",\"publisher\":{\"@id\":\"https:\\\/\\\/serbiantimes.info\\\/en\\\/#organization\"}}]}\n\t\t<\/script>\n\t\t<!-- All in One SEO -->\n\n","aioseo_head_json":{"title":"VIKTOR ORBAN AT THE GU\u010cA TRUMPET FESTIVAL: Former Hungarian prime minister tried famous Serbian specialties! | Serbiantimes.info EN","description":"Former Hungarian Prime Minister Viktor Orb\u00e1n was spotted today in Gu\u010da, where the traditional Draga\u010devo Trumpet Festival has begun. Together with several friends, he casually approached the first available table, sat down among the festival guests, ordered a cold beer, and wanted to try famous Serbian specialties \u2014 hajdu\u010dki \u0107evap and svadbarski kupus. \"We couldn't","canonical_url":"https:\/\/serbiantimes.info\/en\/viktor-orban-at-the-guca-trumpet-festival-former-hungarian-prime-minister-tried-famous-serbian-specialties\/","robots":"max-image-preview:large","keywords":"","webmasterTools":{"miscellaneous":""},"schema":{"@context":"https:\/\/schema.org","@graph":[{"@type":"BlogPosting","@id":"https:\/\/serbiantimes.info\/en\/viktor-orban-at-the-guca-trumpet-festival-former-hungarian-prime-minister-tried-famous-serbian-specialties\/#blogposting","name":"VIKTOR ORBAN AT THE GU\u010cA TRUMPET FESTIVAL: Former Hungarian prime minister tried famous Serbian specialties! | Serbiantimes.info EN","headline":"VIKTOR ORBAN AT THE GU\u010cA TRUMPET FESTIVAL: Former Hungarian prime minister tried famous Serbian specialties!","author":{"@id":"https:\/\/serbiantimes.info\/en\/author\/serbiantimes-portal\/#author"},"publisher":{"@id":"https:\/\/serbiantimes.info\/en\/#organization"},"image":{"@type":"ImageObject","url":"https:\/\/serbiantimes.info\/en\/wp-content\/uploads\/sites\/2\/2026\/08\/DIPTIH-TRIPTIH-Serbian-Times-12-1.jpg","width":1200,"height":750},"datePublished":"2026-08-07T17:55:08+02:00","dateModified":"2026-08-07T17:55:09+02:00","inLanguage":"en-US","mainEntityOfPage":{"@id":"https:\/\/serbiantimes.info\/en\/viktor-orban-at-the-guca-trumpet-festival-former-hungarian-prime-minister-tried-famous-serbian-specialties\/#webpage"},"isPartOf":{"@id":"https:\/\/serbiantimes.info\/en\/viktor-orban-at-the-guca-trumpet-festival-former-hungarian-prime-minister-tried-famous-serbian-specialties\/#webpage"},"articleSection":"SERBIA, biv\u0161i premijer, Draga\u010devski sabor truba\u010da, Ma\u0111arska, Srbija, srpski specijaliteti, Viktor Orban"},{"@type":"BreadcrumbList","@id":"https:\/\/serbiantimes.info\/en\/viktor-orban-at-the-guca-trumpet-festival-former-hungarian-prime-minister-tried-famous-serbian-specialties\/#breadcrumblist","itemListElement":[{"@type":"ListItem","@id":"https:\/\/serbiantimes.info\/en#listItem","position":1,"name":"Home","item":"https:\/\/serbiantimes.info\/en","nextItem":{"@type":"ListItem","@id":"https:\/\/serbiantimes.info\/en\/category\/serbia\/#listItem","name":"SERBIA"}},{"@type":"ListItem","@id":"https:\/\/serbiantimes.info\/en\/category\/serbia\/#listItem","position":2,"name":"SERBIA","item":"https:\/\/serbiantimes.info\/en\/category\/serbia\/","nextItem":{"@type":"ListItem","@id":"https:\/\/serbiantimes.info\/en\/viktor-orban-at-the-guca-trumpet-festival-former-hungarian-prime-minister-tried-famous-serbian-specialties\/#listItem","name":"VIKTOR ORBAN AT THE GU\u010cA TRUMPET FESTIVAL: Former Hungarian prime minister tried famous Serbian specialties!"},"previousItem":{"@type":"ListItem","@id":"https:\/\/serbiantimes.info\/en#listItem","name":"Home"}},{"@type":"ListItem","@id":"https:\/\/serbiantimes.info\/en\/viktor-orban-at-the-guca-trumpet-festival-former-hungarian-prime-minister-tried-famous-serbian-specialties\/#listItem","position":3,"name":"VIKTOR ORBAN AT THE GU\u010cA TRUMPET FESTIVAL: Former Hungarian prime minister tried famous Serbian specialties!","previousItem":{"@type":"ListItem","@id":"https:\/\/serbiantimes.info\/en\/category\/serbia\/#listItem","name":"SERBIA"}}]},{"@type":"Organization","@id":"https:\/\/serbiantimes.info\/en\/#organization","name":"Serbiantimes.info EN","url":"https:\/\/serbiantimes.info\/en\/","logo":{"@type":"ImageObject","url":"https:\/\/serbiantimes.info\/en\/wp-content\/uploads\/sites\/2\/2024\/10\/cropped-cropped-Serbian-Times-Header-Logo-1.png","@id":"https:\/\/serbiantimes.info\/en\/viktor-orban-at-the-guca-trumpet-festival-former-hungarian-prime-minister-tried-famous-serbian-specialties\/#organizationLogo","width":480,"height":100},"image":{"@id":"https:\/\/serbiantimes.info\/en\/viktor-orban-at-the-guca-trumpet-festival-former-hungarian-prime-minister-tried-famous-serbian-specialties\/#organizationLogo"}},{"@type":"Person","@id":"https:\/\/serbiantimes.info\/en\/author\/serbiantimes-portal\/#author","url":"https:\/\/serbiantimes.info\/en\/author\/serbiantimes-portal\/","name":"Serbian Times","image":{"@type":"ImageObject","@id":"https:\/\/serbiantimes.info\/en\/viktor-orban-at-the-guca-trumpet-festival-former-hungarian-prime-minister-tried-famous-serbian-specialties\/#authorImage","url":"https:\/\/secure.gravatar.com\/avatar\/ea76e009769270b4193e2bc7e032c096b4ae135483ec03b396fd0f520bc3dcfd?s=96&d=mm&r=g","width":96,"height":96,"caption":"Serbian Times"}},{"@type":"WebPage","@id":"https:\/\/serbiantimes.info\/en\/viktor-orban-at-the-guca-trumpet-festival-former-hungarian-prime-minister-tried-famous-serbian-specialties\/#webpage","url":"https:\/\/serbiantimes.info\/en\/viktor-orban-at-the-guca-trumpet-festival-former-hungarian-prime-minister-tried-famous-serbian-specialties\/","name":"VIKTOR ORBAN AT THE GU\u010cA TRUMPET FESTIVAL: Former Hungarian prime minister tried famous Serbian specialties! | Serbiantimes.info EN","description":"Former Hungarian Prime Minister Viktor Orb\u00e1n was spotted today in Gu\u010da, where the traditional Draga\u010devo Trumpet Festival has begun. Together with several friends, he casually approached the first available table, sat down among the festival guests, ordered a cold beer, and wanted to try famous Serbian specialties \u2014 hajdu\u010dki \u0107evap and svadbarski kupus. \"We couldn't","inLanguage":"en-US","isPartOf":{"@id":"https:\/\/serbiantimes.info\/en\/#website"},"breadcrumb":{"@id":"https:\/\/serbiantimes.info\/en\/viktor-orban-at-the-guca-trumpet-festival-former-hungarian-prime-minister-tried-famous-serbian-specialties\/#breadcrumblist"},"author":{"@id":"https:\/\/serbiantimes.info\/en\/author\/serbiantimes-portal\/#author"},"creator":{"@id":"https:\/\/serbiantimes.info\/en\/author\/serbiantimes-portal\/#author"},"image":{"@type":"ImageObject","url":"https:\/\/serbiantimes.info\/en\/wp-content\/uploads\/sites\/2\/2026\/08\/DIPTIH-TRIPTIH-Serbian-Times-12-1.jpg","@id":"https:\/\/serbiantimes.info\/en\/viktor-orban-at-the-guca-trumpet-festival-former-hungarian-prime-minister-tried-famous-serbian-specialties\/#mainImage","width":1200,"height":750},"primaryImageOfPage":{"@id":"https:\/\/serbiantimes.info\/en\/viktor-orban-at-the-guca-trumpet-festival-former-hungarian-prime-minister-tried-famous-serbian-specialties\/#mainImage"},"datePublished":"2026-08-07T17:55:08+02:00","dateModified":"2026-08-07T17:55:09+02:00"},{"@type":"WebSite","@id":"https:\/\/serbiantimes.info\/en\/#website","url":"https:\/\/serbiantimes.info\/en\/","name":"Serbiantimes.info EN","inLanguage":"en-US","publisher":{"@id":"https:\/\/serbiantimes.info\/en\/#organization"}}]},"og:locale":"en_US","og:site_name":"Serbiantimes.info EN |","og:type":"article","og:title":"VIKTOR ORBAN AT THE GU\u010cA TRUMPET FESTIVAL: Former Hungarian prime minister tried famous Serbian specialties! | Serbiantimes.info EN","og:description":"Former Hungarian Prime Minister Viktor Orb\u00e1n was spotted today in Gu\u010da, where the traditional Draga\u010devo Trumpet Festival has begun. Together with several friends, he casually approached the first available table, sat down among the festival guests, ordered a cold beer, and wanted to try famous Serbian specialties \u2014 hajdu\u010dki \u0107evap and svadbarski kupus. &quot;We couldn't","og:url":"https:\/\/serbiantimes.info\/en\/viktor-orban-at-the-guca-trumpet-festival-former-hungarian-prime-minister-tried-famous-serbian-specialties\/","og:image":"https:\/\/serbiantimes.info\/en\/wp-content\/uploads\/sites\/2\/2026\/08\/DIPTIH-TRIPTIH-Serbian-Times-12-1.jpg","og:image:secure_url":"https:\/\/serbiantimes.info\/en\/wp-content\/uploads\/sites\/2\/2026\/08\/DIPTIH-TRIPTIH-Serbian-Times-12-1.jpg","og:image:width":1200,"og:image:height":750,"article:published_time":"2026-08-07T15:55:08+00:00","article:modified_time":"2026-08-07T15:55:09+00:00","twitter:card":"summary_large_image","twitter:title":"VIKTOR ORBAN AT THE GU\u010cA TRUMPET FESTIVAL: Former Hungarian prime minister tried famous Serbian specialties! | Serbiantimes.info EN","twitter:description":"Former Hungarian Prime Minister Viktor Orb\u00e1n was spotted today in Gu\u010da, where the traditional Draga\u010devo Trumpet Festival has begun. Together with several friends, he casually approached the first available table, sat down among the festival guests, ordered a cold beer, and wanted to try famous Serbian specialties \u2014 hajdu\u010dki \u0107evap and svadbarski kupus. &quot;We couldn't","twitter:image":"https:\/\/serbiantimes.info\/en\/wp-content\/uploads\/sites\/2\/2026\/08\/DIPTIH-TRIPTIH-Serbian-Times-12-1.jpg"},"aioseo_meta_data":{"post_id":"215936","title":null,"description":null,"keywords":null,"keyphrases":{"focus":{"keyphrase":"","score":0,"analysis":{"keyphraseInTitle":{"score":0,"maxScore":9,"error":1}}},"additional":[]},"primary_term":null,"canonical_url":null,"og_title":null,"og_description":null,"og_object_type":"default","og_image_type":"default","og_image_url":null,"og_image_width":null,"og_image_height":null,"og_image_custom_url":null,"og_image_custom_fields":null,"og_video":"","og_custom_url":null,"og_article_section":null,"og_article_tags":null,"twitter_use_og":false,"twitter_card":"default","twitter_image_type":"default","twitter_image_url":null,"twitter_image_custom_url":null,"twitter_image_custom_fields":null,"twitter_title":null,"twitter_description":null,"schema":{"blockGraphs":[],"customGraphs":[],"default":{"data":{"Article":[],"Course":[],"Dataset":[],"FAQPage":[],"Movie":[],"Person":[],"Product":[],"ProductReview":[],"Car":[],"Recipe":[],"Service":[],"SoftwareApplication":[],"WebPage":[]},"graphName":"BlogPosting","isEnabled":true},"graphs":[]},"schema_type":"default","schema_type_options":null,"pillar_content":false,"robots_default":true,"robots_noindex":false,"robots_noarchive":false,"robots_nosnippet":false,"robots_nofollow":false,"robots_noimageindex":false,"robots_noodp":false,"robots_notranslate":false,"robots_max_snippet":"-1","robots_max_videopreview":"-1","robots_max_imagepreview":"large","priority":null,"frequency":"default","local_seo":null,"breadcrumb_settings":null,"limit_modified_date":false,"ai":{"faqs":[],"keyPoints":[],"schemas":[],"titles":[],"descriptions":[],"socialPosts":{"email":{"subject":"","preview":"","content":""},"linkedin":[],"twitter":[],"facebook":[],"instagram":[]}},"created":"2026-08-07 14:56:38","updated":"2026-08-07 15:59:08","focus_keyword":null,"additional_keywords":null,"truseo_locale":null,"seo_analyzer_scan_date":null},"aioseo_breadcrumb":"<div class=\"aioseo-breadcrumbs\"><span class=\"aioseo-breadcrumb\">\n\t\t\t<a href=\"https:\/\/serbiantimes.info\/en\" title=\"Home\">Home<\/a>\n\t\t<\/span><span class=\"aioseo-breadcrumb-separator\">&raquo;<\/span><span class=\"aioseo-breadcrumb\">\n\t\t\t<a href=\"https:\/\/serbiantimes.info\/en\/category\/serbia\/\" title=\"SERBIA\">SERBIA<\/a>\n\t\t<\/span><span class=\"aioseo-breadcrumb-separator\">&raquo;<\/span><span class=\"aioseo-breadcrumb\">\n\t\t\tVIKTOR ORBAN AT THE GU\u010cA TRUMPET FESTIVAL: Former Hungarian prime minister tried famous Serbian specialties!\n\t\t<\/span><\/div>","aioseo_breadcrumb_json":[{"label":"Home","link":"https:\/\/serbiantimes.info\/en"},{"label":"SERBIA","link":"https:\/\/serbiantimes.info\/en\/category\/serbia\/"},{"label":"VIKTOR ORBAN AT THE GU\u010cA TRUMPET FESTIVAL: Former Hungarian prime minister tried famous Serbian specialties!","link":"https:\/\/serbiantimes.info\/en\/viktor-orban-at-the-guca-trumpet-festival-former-hungarian-prime-minister-tried-famous-serbian-specialties\/"}],"distributor_meta":false,"distributor_terms":false,"distributor_media":false,"distributor_original_site_name":"Serbiantimes.info EN","distributor_original_site_url":"https:\/\/serbiantimes.info\/en","push-errors":false,"_links":{"self":[{"href":"https:\/\/serbiantimes.info\/en\/wp-json\/wp\/v2\/posts\/215936","targetHints":{"allow":["GET"]}}],"collection":[{"href":"https:\/\/serbiantimes.info\/en\/wp-json\/wp\/v2\/posts"}],"about":[{"href":"https:\/\/serbiantimes.info\/en\/wp-json\/wp\/v2\/types\/post"}],"author":[{"embeddable":true,"href":"https:\/\/serbiantimes.info\/en\/wp-json\/wp\/v2\/users\/2169"}],"replies":[{"embeddable":true,"href":"https:\/\/serbiantimes.info\/en\/wp-json\/wp\/v2\/comments?post=215936"}],"version-history":[{"count":2,"href":"https:\/\/serbiantimes.info\/en\/wp-json\/wp\/v2\/posts\/215936\/revisions"}],"predecessor-version":[{"id":215957,"href":"https:\/\/serbiantimes.info\/en\/wp-json\/wp\/v2\/posts\/215936\/revisions\/215957"}],"wp:featuredmedia":[{"embeddable":true,"href":"https:\/\/serbiantimes.info\/en\/wp-json\/wp\/v2\/media\/215937"}],"wp:attachment":[{"href":"https:\/\/serbiantimes.info\/en\/wp-json\/wp\/v2\/media?parent=215936"}],"wp:term":[{"taxonomy":"category","embeddable":true,"href":"https:\/\/serbiantimes.info\/en\/wp-json\/wp\/v2\/categories?post=215936"},{"taxonomy":"post_tag","embeddable":true,"href":"https:\/\/serbiantimes.info\/en\/wp-json\/wp\/v2\/tags?post=215936"}],"curies":[{"name":"wp","href":"https:\/\/api.w.org\/{rel}","templated":true}]}}