{"id":215856,"date":"2026-08-06T15:24:28","date_gmt":"2026-08-06T13:24:28","guid":{"rendered":"https:\/\/serbiantimes.info\/en\/?p=215856"},"modified":"2026-08-06T15:24:29","modified_gmt":"2026-08-06T13:24:29","slug":"chicago-remembers-serbian-victims-memorial-service-and-commemorative-academy-held-in-memory-of-the-displacement-of-more-than-200000-serbs","status":"publish","type":"post","link":"https:\/\/serbiantimes.info\/en\/chicago-remembers-serbian-victims-memorial-service-and-commemorative-academy-held-in-memory-of-the-displacement-of-more-than-200000-serbs\/","title":{"rendered":"CHICAGO REMEMBERS SERBIAN VICTIMS: Memorial service and commemorative academy held in memory of the displacement of more than 200,000 Serbs!"},"content":{"rendered":"\n<p class=\"wp-block-paragraph\">A memorial service and commemorative academy were held on Sunday, August 2, 2026, at the Serbian Orthodox Church of St. John the Baptist in Chicago in memory of Serbs who suffered during the civil war in the former Yugoslavia in the 1990s. Organized by the Association of Krajina Serbs &#8220;Prelo,&#8221; the event marked the 35th anniversary of the displacement of more than 200,000 Serbs from Croatian cities.<\/p>\n\n\n\n<p class=\"wp-block-paragraph\">The memorial service was officiated by Auxiliary Bishop of Midwestern America and Bishop of Kostajnica Serafim, while the commemorative academy was held in the church hall. In his sermon, the bishop emphasized that Serbs had also been subjected to persecution because of their Orthodox faith.<\/p>\n\n\n\n<p class=\"wp-block-paragraph\">During the commemorative academy in Chicago, documentary films, photographs, and documents were presented, which, according to the organizers, documented numerous crimes committed against Serbs in 1991 and 1992 in cities and towns under Croatian control. It was emphasized that 670 Serbs were killed outside war zones and areas of active combat. Tragically, many families with underage children were among the victims. More than 200,000 Serbs fled the terror, most of them to Serbia, Krajina, Republika Srpska, as well as to countries across Europe and beyond.<\/p>\n\n\n\n<p class=\"wp-block-paragraph\">Written testimonies about the treatment of Serbs in the &#8220;Lora&#8221; camp in Split, &#8220;Pavilion 22&#8221; in Zagreb, &#8220;Jodno&#8221; in Sisak, the &#8220;Military Section&#8221; in Osijek, Kerestinec, and other camps were read by actors Igor Obradovi\u0107 and Milovan Glogovac. According to the presentation, more than 100 Serbs were killed in Sisak during the second half of 1991, 133 in Vinkovci, 124 in Gospi\u0107, 53 in Osijek, and others in numerous additional locations.<\/p>\n\n\n\n<figure class=\"ivapix-gallery wp-block-ivapix-gallery-ivapix-gallery\" data-gallery-id=\"gallery-3ac93a0b\" data-columns=\"3\">\n\t<div class=\"ivapix-gallery__grid\" style=\"--ivapix-gallery-columns: 3\">\n\t\t\t\t\t<button\n\t\t\t\ttype=\"button\"\n\t\t\t\tclass=\"ivapix-gallery__item\"\n\t\t\t\tdata-image-index=\"0\"\n\t\t\t\taria-label=\"View image 1 of 6\"\n\t\t\t>\n\t\t\t\t<img\n\t\t\t\t\tsrc=\"http:\/\/serbiantimes.info\/wp-content\/uploads\/2026\/08\/Dusko-Cuckovic-300x294.jpg\"\n\t\t\t\t\talt=\"\"\n\t\t\t\t\tloading=\"lazy\"\n\t\t\t\t\/>\n\t\t\t<\/button>\n\t\t\t\t\t<button\n\t\t\t\ttype=\"button\"\n\t\t\t\tclass=\"ivapix-gallery__item\"\n\t\t\t\tdata-image-index=\"1\"\n\t\t\t\taria-label=\"View image 2 of 6\"\n\t\t\t>\n\t\t\t\t<img\n\t\t\t\t\tsrc=\"http:\/\/serbiantimes.info\/wp-content\/uploads\/2026\/08\/Izlozba-o-stradanjima-Srba-u-hrvatskim-gradovima-1991.-godine-1-300x199.jpg\"\n\t\t\t\t\talt=\"\"\n\t\t\t\t\tloading=\"lazy\"\n\t\t\t\t\/>\n\t\t\t<\/button>\n\t\t\t\t\t<button\n\t\t\t\ttype=\"button\"\n\t\t\t\tclass=\"ivapix-gallery__item\"\n\t\t\t\tdata-image-index=\"2\"\n\t\t\t\taria-label=\"View image 3 of 6\"\n\t\t\t>\n\t\t\t\t<img\n\t\t\t\t\tsrc=\"http:\/\/serbiantimes.info\/wp-content\/uploads\/2026\/08\/Parastos-u-Cikagu-3-300x199.jpg\"\n\t\t\t\t\talt=\"\"\n\t\t\t\t\tloading=\"lazy\"\n\t\t\t\t\/>\n\t\t\t<\/button>\n\t\t\t\t\t<button\n\t\t\t\ttype=\"button\"\n\t\t\t\tclass=\"ivapix-gallery__item\"\n\t\t\t\tdata-image-index=\"3\"\n\t\t\t\taria-label=\"View image 4 of 6\"\n\t\t\t>\n\t\t\t\t<img\n\t\t\t\t\tsrc=\"http:\/\/serbiantimes.info\/wp-content\/uploads\/2026\/08\/Vladika-kostajnicki-Serafim-300x199.jpg\"\n\t\t\t\t\talt=\"\"\n\t\t\t\t\tloading=\"lazy\"\n\t\t\t\t\/>\n\t\t\t<\/button>\n\t\t\t\t\t<button\n\t\t\t\ttype=\"button\"\n\t\t\t\tclass=\"ivapix-gallery__item\"\n\t\t\t\tdata-image-index=\"4\"\n\t\t\t\taria-label=\"View image 5 of 6\"\n\t\t\t>\n\t\t\t\t<img\n\t\t\t\t\tsrc=\"http:\/\/serbiantimes.info\/wp-content\/uploads\/2026\/08\/Glumci-Igor-Obradovic-i-Milovan-Glogovac-300x199.jpg\"\n\t\t\t\t\talt=\"\"\n\t\t\t\t\tloading=\"lazy\"\n\t\t\t\t\/>\n\t\t\t<\/button>\n\t\t\t\t\t<button\n\t\t\t\ttype=\"button\"\n\t\t\t\tclass=\"ivapix-gallery__item\"\n\t\t\t\tdata-image-index=\"5\"\n\t\t\t\taria-label=\"View image 6 of 6\"\n\t\t\t>\n\t\t\t\t<img\n\t\t\t\t\tsrc=\"http:\/\/serbiantimes.info\/wp-content\/uploads\/2026\/08\/Akademija-secanja-u-Cikagu-3-300x199.jpg\"\n\t\t\t\t\talt=\"\"\n\t\t\t\t\tloading=\"lazy\"\n\t\t\t\t\/>\n\t\t\t<\/button>\n\t\t\t<\/div>\n\n\t\t\t<button type=\"button\" class=\"ivapix-gallery__view-all\">\n\t\t\tPogledaj sve\t\t<\/button>\n\t\n\t<script type=\"application\/json\" class=\"ivapix-gallery__data\">\n\t\t[{\"url\":\"http:\\\/\\\/serbiantimes.info\\\/wp-content\\\/uploads\\\/2026\\\/08\\\/Dusko-Cuckovic.jpg\",\"thumbnailUrl\":\"http:\\\/\\\/serbiantimes.info\\\/wp-content\\\/uploads\\\/2026\\\/08\\\/Dusko-Cuckovic-300x294.jpg\",\"alt\":\"\",\"caption\":\"Du\\u0161ko \\u010cu\\u010dkovi\\u0107\"},{\"url\":\"http:\\\/\\\/serbiantimes.info\\\/wp-content\\\/uploads\\\/2026\\\/08\\\/Izlozba-o-stradanjima-Srba-u-hrvatskim-gradovima-1991.-godine-1.jpg\",\"thumbnailUrl\":\"http:\\\/\\\/serbiantimes.info\\\/wp-content\\\/uploads\\\/2026\\\/08\\\/Izlozba-o-stradanjima-Srba-u-hrvatskim-gradovima-1991.-godine-1-300x199.jpg\",\"alt\":\"\",\"caption\":\"Izlo\\u017eba o stradanjima Srba u hrvatskim gradovima 1991. godine\"},{\"url\":\"http:\\\/\\\/serbiantimes.info\\\/wp-content\\\/uploads\\\/2026\\\/08\\\/Parastos-u-Cikagu-3.jpg\",\"thumbnailUrl\":\"http:\\\/\\\/serbiantimes.info\\\/wp-content\\\/uploads\\\/2026\\\/08\\\/Parastos-u-Cikagu-3-300x199.jpg\",\"alt\":\"\",\"caption\":\"Parastos u \\u010cikagu\"},{\"url\":\"http:\\\/\\\/serbiantimes.info\\\/wp-content\\\/uploads\\\/2026\\\/08\\\/Vladika-kostajnicki-Serafim.jpg\",\"thumbnailUrl\":\"http:\\\/\\\/serbiantimes.info\\\/wp-content\\\/uploads\\\/2026\\\/08\\\/Vladika-kostajnicki-Serafim-300x199.jpg\",\"alt\":\"\",\"caption\":\"Vladika kostajni\\u010dki Serafim\"},{\"url\":\"http:\\\/\\\/serbiantimes.info\\\/wp-content\\\/uploads\\\/2026\\\/08\\\/Glumci-Igor-Obradovic-i-Milovan-Glogovac.jpg\",\"thumbnailUrl\":\"http:\\\/\\\/serbiantimes.info\\\/wp-content\\\/uploads\\\/2026\\\/08\\\/Glumci-Igor-Obradovic-i-Milovan-Glogovac-300x199.jpg\",\"alt\":\"\",\"caption\":\"Glumci Igor Obradovi\\u0107 i Milovan Glogovac\"},{\"url\":\"http:\\\/\\\/serbiantimes.info\\\/wp-content\\\/uploads\\\/2026\\\/08\\\/Akademija-secanja-u-Cikagu-3.jpg\",\"thumbnailUrl\":\"http:\\\/\\\/serbiantimes.info\\\/wp-content\\\/uploads\\\/2026\\\/08\\\/Akademija-secanja-u-Cikagu-3-300x199.jpg\",\"alt\":\"\",\"caption\":\"Akademija se\\u0107anja u \\u010cikagu\"}]\t<\/script>\n<\/figure>\n\n\n\n<p class=\"wp-block-paragraph\">Du\u0161ko \u010cu\u010dkovi\u0107, president of the Association of Krajina Serbs &#8220;Prelo&#8221; in Chicago, also recalled the events of 1991. As an eight-year-old child in Petrinja, he witnessed how his father was forced to leave his job in Sisak in the summer of 1991, when Serbs there had begun to &#8220;disappear.&#8221;<\/p>\n\n\n\n<p class=\"wp-block-paragraph\">The first Serbs fleeing persecution by the Croatian authorities were admitted to the United States in 1992. It is estimated that at least 30,000 Serbs who had fled Croatia immigrated to the country over the following decade, through 2002. One of the places where this community is most numerous is Chicago and its surrounding cities.<\/p>\n\n\n\n<p class=\"wp-block-paragraph\">&#8220;Serbia provided refuge and accommodated hundreds of thousands of refugees despite being in an extremely difficult situation itself because of sanctions,&#8221; said Mirko Mari\u0107, Vice Consul of the Republic of Serbia in Chicago. He stressed that, alongside state institutions, assistance to refugees was provided by almost all Serbian citizens. They were welcomed by relatives and friends, and often by complete strangers.<\/p>\n\n\n\n<p class=\"wp-block-paragraph\">Tatijana Teli\u0107, Consul General of Bosnia and Herzegovina in Chicago, highlighting her Krajina roots, called on her fellow countrymen not to forget their homeland, to restore their properties, and to return there as often as possible.<\/p>\n\n\n\n<h4 class=\"wp-block-heading\"><mark style=\"background-color:#FFFFFF;color:#d21414\" class=\"has-inline-color\">MORE TOPICS:<\/mark><\/h4>\n\n\n\n<p class=\"wp-block-paragraph\"><strong><a href=\"https:\/\/serbiantimes.info\/en\/from-ammunition-to-drones-how-serbia-became-one-of-israels-most-important-partners-in-europe\/\" target=\"_blank\" rel=\"noopener\" title=\"\">FROM AMMUNITION TO DRONES: How Serbia became one of Israel\u2019s most important partners in Europe!<\/a><\/strong><\/p>\n\n\n\n<p class=\"wp-block-paragraph\"><strong><a href=\"https:\/\/serbiantimes.info\/en\/famous-croatian-actor-involved-in-scandal-serbian-minister-transferred-part-of-company-in-croatia-to-goran-bogdan\/\" target=\"_blank\" rel=\"noopener\" title=\"\">FAMOUS CROATIAN ACTOR INVOLVED IN SCANDAL: Serbian minister transferred part of company in Croatia to Goran Bogdan!<\/a><\/strong><\/p>\n\n\n\n<p class=\"wp-block-paragraph\"><strong><a href=\"https:\/\/serbiantimes.info\/en\/terrible-tragedy-in-croatia-father-and-two-children-found-dead-in-a-burned-house-family-crime-suspected\/\" target=\"_blank\" rel=\"noopener\" title=\"\">TERRIBLE TRAGEDY IN CROATIA: Father and two children found dead in a burned house, family crime suspected!<\/a><\/strong><\/p>\n\n\n\n<p class=\"wp-block-paragraph\"><a href=\"https:\/\/serbiantimes.info\/en\/serbian-tanker-destroyed-in-ukraine-it-was-hit-by-a-russian-drone-and-now-the-owner-revealed-how-it-got-to-the-battlefield-video\/\" target=\"_blank\" rel=\"noopener\" title=\"\"><strong>SERBIAN TANKER DESTROYED IN UKRAINE: It was hit by a Russian drone, and now the owner revealed how it got to the battlefield! (VIDEO)<\/strong><\/a><\/p>\n\n\n\n<p class=\"wp-block-paragraph\"><strong><a href=\"https:\/\/serbiantimes.info\/en\/heroic-feat-near-preobrazenje-monastery-monks-and-firefighters-saved-a-child-from-an-inaccessible-cliff-15-meters-high\/\" target=\"_blank\" rel=\"noopener\" title=\"\">HEROIC FEAT NEAR PREOBRA\u017dENJE MONASTERY: Monks and firefighters saved a child from an inaccessible cliff 15 meters high!<\/a><\/strong><\/p>\n\n\n\n<p class=\"wp-block-paragraph\"><strong><a href=\"https:\/\/serbiantimes.info\/en\/vucics-i-will-not-give-gazivode-encouraged-us-to-build-poignant-confession-of-the-jaksic-family-they-invested-almost-a-million-euros-in-the-demolished-hotel\/\" target=\"_blank\" rel=\"noopener\" title=\"\">VU\u010cI\u0106\u2019S \u201cI WILL NOT GIVE GAZIVODE\u201d ENCOURAGED US TO BUILD: Poignant confession of the Jak\u0161i\u0107 family, they invested almost a million euros in the demolished hotel!<\/a><\/strong><\/p>\n\n\n\n<p class=\"wp-block-paragraph\"><strong>Source<\/strong>: S. Dan\u010duo; <strong>Foto<\/strong>: Ustupljene fotografije<\/p>\n","protected":false},"excerpt":{"rendered":"<p>A memorial service and commemorative academy were held on Sunday, August 2, 2026, at the Serbian Orthodox Church of St. John the Baptist in Chicago in memory of Serbs who suffered during the civil war in the former Yugoslavia in the 1990s. Organized by the Association of Krajina Serbs &#8220;Prelo,&#8221; the event marked the 35th [&hellip;]<\/p>\n","protected":false},"author":2169,"featured_media":215857,"comment_status":"open","ping_status":"open","sticky":false,"template":"","format":"standard","meta":{"newspack_featured_image_position":"","newspack_post_subtitle":"","newspack_article_summary_title":"Overview:","newspack_article_summary":"","newspack_hide_updated_date":false,"newspack_show_updated_date":false,"footnotes":""},"categories":[5],"tags":[7831,71,13537,117,7832,7928,1544,23,4040,113,295],"class_list":["post-215856","post","type-post","status-publish","format-standard","has-post-thumbnail","hentry","category-diaspora","tag-akcija-oluja","tag-amerika","tag-etnicko-ciscenje","tag-hrvatska","tag-operacija-oluja","tag-parastos","tag-ratni-zlocin","tag-sad","tag-srbi-u-cikagu","tag-srbija","tag-srpska-dijaspora","entry"],"aioseo_notices":[],"aioseo_head":"\n\t\t<!-- All in One SEO 5.0.1.1 - aioseo.com -->\n\t<meta name=\"description\" content=\"A memorial service and commemorative academy were held on Sunday, August 2, 2026, at the Serbian Orthodox Church of St. John the Baptist in Chicago in memory of Serbs who suffered during the civil war in the former Yugoslavia in the 1990s. Organized by the Association of Krajina Serbs &quot;Prelo,&quot; the event marked the 35th\" \/>\n\t<meta name=\"robots\" content=\"max-image-preview:large\" \/>\n\t<meta name=\"author\" content=\"Serbian Times\"\/>\n\t<link rel=\"canonical\" href=\"https:\/\/serbiantimes.info\/en\/chicago-remembers-serbian-victims-memorial-service-and-commemorative-academy-held-in-memory-of-the-displacement-of-more-than-200000-serbs\/\" \/>\n\t<meta name=\"generator\" content=\"All in One SEO (AIOSEO) 5.0.1.1\" \/>\n\t\t<meta property=\"og:locale\" content=\"en_US\" \/>\n\t\t<meta property=\"og:site_name\" content=\"Serbiantimes.info EN |\" \/>\n\t\t<meta property=\"og:type\" content=\"article\" \/>\n\t\t<meta property=\"og:title\" content=\"CHICAGO REMEMBERS SERBIAN VICTIMS: Memorial service and commemorative academy held in memory of the displacement of more than 200,000 Serbs! | Serbiantimes.info EN\" \/>\n\t\t<meta property=\"og:description\" content=\"A memorial service and commemorative academy were held on Sunday, August 2, 2026, at the Serbian Orthodox Church of St. John the Baptist in Chicago in memory of Serbs who suffered during the civil war in the former Yugoslavia in the 1990s. Organized by the Association of Krajina Serbs &quot;Prelo,&quot; the event marked the 35th\" \/>\n\t\t<meta property=\"og:url\" content=\"https:\/\/serbiantimes.info\/en\/chicago-remembers-serbian-victims-memorial-service-and-commemorative-academy-held-in-memory-of-the-displacement-of-more-than-200000-serbs\/\" \/>\n\t\t<meta property=\"og:image\" content=\"https:\/\/serbiantimes.info\/en\/wp-content\/uploads\/sites\/2\/2026\/08\/ST-Montaze-2026-08-06T104731.967.jpg\" \/>\n\t\t<meta property=\"og:image:secure_url\" content=\"https:\/\/serbiantimes.info\/en\/wp-content\/uploads\/sites\/2\/2026\/08\/ST-Montaze-2026-08-06T104731.967.jpg\" \/>\n\t\t<meta property=\"og:image:width\" content=\"1200\" \/>\n\t\t<meta property=\"og:image:height\" content=\"750\" \/>\n\t\t<meta property=\"article:published_time\" content=\"2026-08-06T13:24:28+00:00\" \/>\n\t\t<meta property=\"article:modified_time\" content=\"2026-08-06T13:24:29+00:00\" \/>\n\t\t<meta name=\"twitter:card\" content=\"summary_large_image\" \/>\n\t\t<meta name=\"twitter:title\" content=\"CHICAGO REMEMBERS SERBIAN VICTIMS: Memorial service and commemorative academy held in memory of the displacement of more than 200,000 Serbs! | Serbiantimes.info EN\" \/>\n\t\t<meta name=\"twitter:description\" content=\"A memorial service and commemorative academy were held on Sunday, August 2, 2026, at the Serbian Orthodox Church of St. John the Baptist in Chicago in memory of Serbs who suffered during the civil war in the former Yugoslavia in the 1990s. Organized by the Association of Krajina Serbs &quot;Prelo,&quot; the event marked the 35th\" \/>\n\t\t<meta name=\"twitter:image\" content=\"https:\/\/serbiantimes.info\/en\/wp-content\/uploads\/sites\/2\/2026\/08\/ST-Montaze-2026-08-06T104731.967.jpg\" \/>\n\t\t<script type=\"application\/ld+json\" class=\"aioseo-schema\">\n\t\t\t{\"@context\":\"https:\\\/\\\/schema.org\",\"@graph\":[{\"@type\":\"BlogPosting\",\"@id\":\"https:\\\/\\\/serbiantimes.info\\\/en\\\/chicago-remembers-serbian-victims-memorial-service-and-commemorative-academy-held-in-memory-of-the-displacement-of-more-than-200000-serbs\\\/#blogposting\",\"name\":\"CHICAGO REMEMBERS SERBIAN VICTIMS: Memorial service and commemorative academy held in memory of the displacement of more than 200,000 Serbs! | Serbiantimes.info EN\",\"headline\":\"CHICAGO REMEMBERS SERBIAN VICTIMS: Memorial service and commemorative academy held in memory of the displacement of more than 200,000 Serbs!\",\"author\":{\"@id\":\"https:\\\/\\\/serbiantimes.info\\\/en\\\/author\\\/serbiantimes-portal\\\/#author\"},\"publisher\":{\"@id\":\"https:\\\/\\\/serbiantimes.info\\\/en\\\/#organization\"},\"image\":{\"@type\":\"ImageObject\",\"url\":\"https:\\\/\\\/serbiantimes.info\\\/en\\\/wp-content\\\/uploads\\\/sites\\\/2\\\/2026\\\/08\\\/ST-Montaze-2026-08-06T104731.967.jpg\",\"width\":1200,\"height\":750},\"datePublished\":\"2026-08-06T15:24:28+02:00\",\"dateModified\":\"2026-08-06T15:24:29+02:00\",\"inLanguage\":\"en-US\",\"mainEntityOfPage\":{\"@id\":\"https:\\\/\\\/serbiantimes.info\\\/en\\\/chicago-remembers-serbian-victims-memorial-service-and-commemorative-academy-held-in-memory-of-the-displacement-of-more-than-200000-serbs\\\/#webpage\"},\"isPartOf\":{\"@id\":\"https:\\\/\\\/serbiantimes.info\\\/en\\\/chicago-remembers-serbian-victims-memorial-service-and-commemorative-academy-held-in-memory-of-the-displacement-of-more-than-200000-serbs\\\/#webpage\"},\"articleSection\":\"DIASPORA, akcija oluja, Amerika, etni\\u010dko \\u010di\\u0161\\u0107enje, Hrvatska, operacija oluja, parastos, ratni zlo\\u010din, SAD, srbi u \\u010dikagu, Srbija, srpska dijaspora\"},{\"@type\":\"BreadcrumbList\",\"@id\":\"https:\\\/\\\/serbiantimes.info\\\/en\\\/chicago-remembers-serbian-victims-memorial-service-and-commemorative-academy-held-in-memory-of-the-displacement-of-more-than-200000-serbs\\\/#breadcrumblist\",\"itemListElement\":[{\"@type\":\"ListItem\",\"@id\":\"https:\\\/\\\/serbiantimes.info\\\/en#listItem\",\"position\":1,\"name\":\"Home\",\"item\":\"https:\\\/\\\/serbiantimes.info\\\/en\",\"nextItem\":{\"@type\":\"ListItem\",\"@id\":\"https:\\\/\\\/serbiantimes.info\\\/en\\\/category\\\/diaspora\\\/#listItem\",\"name\":\"DIASPORA\"}},{\"@type\":\"ListItem\",\"@id\":\"https:\\\/\\\/serbiantimes.info\\\/en\\\/category\\\/diaspora\\\/#listItem\",\"position\":2,\"name\":\"DIASPORA\",\"item\":\"https:\\\/\\\/serbiantimes.info\\\/en\\\/category\\\/diaspora\\\/\",\"nextItem\":{\"@type\":\"ListItem\",\"@id\":\"https:\\\/\\\/serbiantimes.info\\\/en\\\/chicago-remembers-serbian-victims-memorial-service-and-commemorative-academy-held-in-memory-of-the-displacement-of-more-than-200000-serbs\\\/#listItem\",\"name\":\"CHICAGO REMEMBERS SERBIAN VICTIMS: Memorial service and commemorative academy held in memory of the displacement of more than 200,000 Serbs!\"},\"previousItem\":{\"@type\":\"ListItem\",\"@id\":\"https:\\\/\\\/serbiantimes.info\\\/en#listItem\",\"name\":\"Home\"}},{\"@type\":\"ListItem\",\"@id\":\"https:\\\/\\\/serbiantimes.info\\\/en\\\/chicago-remembers-serbian-victims-memorial-service-and-commemorative-academy-held-in-memory-of-the-displacement-of-more-than-200000-serbs\\\/#listItem\",\"position\":3,\"name\":\"CHICAGO REMEMBERS SERBIAN VICTIMS: Memorial service and commemorative academy held in memory of the displacement of more than 200,000 Serbs!\",\"previousItem\":{\"@type\":\"ListItem\",\"@id\":\"https:\\\/\\\/serbiantimes.info\\\/en\\\/category\\\/diaspora\\\/#listItem\",\"name\":\"DIASPORA\"}}]},{\"@type\":\"Organization\",\"@id\":\"https:\\\/\\\/serbiantimes.info\\\/en\\\/#organization\",\"name\":\"Serbiantimes.info EN\",\"url\":\"https:\\\/\\\/serbiantimes.info\\\/en\\\/\",\"logo\":{\"@type\":\"ImageObject\",\"url\":\"https:\\\/\\\/serbiantimes.info\\\/en\\\/wp-content\\\/uploads\\\/sites\\\/2\\\/2024\\\/10\\\/cropped-cropped-Serbian-Times-Header-Logo-1.png\",\"@id\":\"https:\\\/\\\/serbiantimes.info\\\/en\\\/chicago-remembers-serbian-victims-memorial-service-and-commemorative-academy-held-in-memory-of-the-displacement-of-more-than-200000-serbs\\\/#organizationLogo\",\"width\":480,\"height\":100},\"image\":{\"@id\":\"https:\\\/\\\/serbiantimes.info\\\/en\\\/chicago-remembers-serbian-victims-memorial-service-and-commemorative-academy-held-in-memory-of-the-displacement-of-more-than-200000-serbs\\\/#organizationLogo\"}},{\"@type\":\"Person\",\"@id\":\"https:\\\/\\\/serbiantimes.info\\\/en\\\/author\\\/serbiantimes-portal\\\/#author\",\"url\":\"https:\\\/\\\/serbiantimes.info\\\/en\\\/author\\\/serbiantimes-portal\\\/\",\"name\":\"Serbian Times\",\"image\":{\"@type\":\"ImageObject\",\"@id\":\"https:\\\/\\\/serbiantimes.info\\\/en\\\/chicago-remembers-serbian-victims-memorial-service-and-commemorative-academy-held-in-memory-of-the-displacement-of-more-than-200000-serbs\\\/#authorImage\",\"url\":\"https:\\\/\\\/secure.gravatar.com\\\/avatar\\\/ea76e009769270b4193e2bc7e032c096b4ae135483ec03b396fd0f520bc3dcfd?s=96&d=mm&r=g\",\"width\":96,\"height\":96,\"caption\":\"Serbian Times\"}},{\"@type\":\"WebPage\",\"@id\":\"https:\\\/\\\/serbiantimes.info\\\/en\\\/chicago-remembers-serbian-victims-memorial-service-and-commemorative-academy-held-in-memory-of-the-displacement-of-more-than-200000-serbs\\\/#webpage\",\"url\":\"https:\\\/\\\/serbiantimes.info\\\/en\\\/chicago-remembers-serbian-victims-memorial-service-and-commemorative-academy-held-in-memory-of-the-displacement-of-more-than-200000-serbs\\\/\",\"name\":\"CHICAGO REMEMBERS SERBIAN VICTIMS: Memorial service and commemorative academy held in memory of the displacement of more than 200,000 Serbs! | Serbiantimes.info EN\",\"description\":\"A memorial service and commemorative academy were held on Sunday, August 2, 2026, at the Serbian Orthodox Church of St. John the Baptist in Chicago in memory of Serbs who suffered during the civil war in the former Yugoslavia in the 1990s. Organized by the Association of Krajina Serbs \\\"Prelo,\\\" the event marked the 35th\",\"inLanguage\":\"en-US\",\"isPartOf\":{\"@id\":\"https:\\\/\\\/serbiantimes.info\\\/en\\\/#website\"},\"breadcrumb\":{\"@id\":\"https:\\\/\\\/serbiantimes.info\\\/en\\\/chicago-remembers-serbian-victims-memorial-service-and-commemorative-academy-held-in-memory-of-the-displacement-of-more-than-200000-serbs\\\/#breadcrumblist\"},\"author\":{\"@id\":\"https:\\\/\\\/serbiantimes.info\\\/en\\\/author\\\/serbiantimes-portal\\\/#author\"},\"creator\":{\"@id\":\"https:\\\/\\\/serbiantimes.info\\\/en\\\/author\\\/serbiantimes-portal\\\/#author\"},\"image\":{\"@type\":\"ImageObject\",\"url\":\"https:\\\/\\\/serbiantimes.info\\\/en\\\/wp-content\\\/uploads\\\/sites\\\/2\\\/2026\\\/08\\\/ST-Montaze-2026-08-06T104731.967.jpg\",\"@id\":\"https:\\\/\\\/serbiantimes.info\\\/en\\\/chicago-remembers-serbian-victims-memorial-service-and-commemorative-academy-held-in-memory-of-the-displacement-of-more-than-200000-serbs\\\/#mainImage\",\"width\":1200,\"height\":750},\"primaryImageOfPage\":{\"@id\":\"https:\\\/\\\/serbiantimes.info\\\/en\\\/chicago-remembers-serbian-victims-memorial-service-and-commemorative-academy-held-in-memory-of-the-displacement-of-more-than-200000-serbs\\\/#mainImage\"},\"datePublished\":\"2026-08-06T15:24:28+02:00\",\"dateModified\":\"2026-08-06T15:24:29+02:00\"},{\"@type\":\"WebSite\",\"@id\":\"https:\\\/\\\/serbiantimes.info\\\/en\\\/#website\",\"url\":\"https:\\\/\\\/serbiantimes.info\\\/en\\\/\",\"name\":\"Serbiantimes.info EN\",\"inLanguage\":\"en-US\",\"publisher\":{\"@id\":\"https:\\\/\\\/serbiantimes.info\\\/en\\\/#organization\"}}]}\n\t\t<\/script>\n\t\t<!-- All in One SEO -->\n\n","aioseo_head_json":{"title":"CHICAGO REMEMBERS SERBIAN VICTIMS: Memorial service and commemorative academy held in memory of the displacement of more than 200,000 Serbs! | Serbiantimes.info EN","description":"A memorial service and commemorative academy were held on Sunday, August 2, 2026, at the Serbian Orthodox Church of St. John the Baptist in Chicago in memory of Serbs who suffered during the civil war in the former Yugoslavia in the 1990s. Organized by the Association of Krajina Serbs \"Prelo,\" the event marked the 35th","canonical_url":"https:\/\/serbiantimes.info\/en\/chicago-remembers-serbian-victims-memorial-service-and-commemorative-academy-held-in-memory-of-the-displacement-of-more-than-200000-serbs\/","robots":"max-image-preview:large","keywords":"","webmasterTools":{"miscellaneous":""},"schema":{"@context":"https:\/\/schema.org","@graph":[{"@type":"BlogPosting","@id":"https:\/\/serbiantimes.info\/en\/chicago-remembers-serbian-victims-memorial-service-and-commemorative-academy-held-in-memory-of-the-displacement-of-more-than-200000-serbs\/#blogposting","name":"CHICAGO REMEMBERS SERBIAN VICTIMS: Memorial service and commemorative academy held in memory of the displacement of more than 200,000 Serbs! | Serbiantimes.info EN","headline":"CHICAGO REMEMBERS SERBIAN VICTIMS: Memorial service and commemorative academy held in memory of the displacement of more than 200,000 Serbs!","author":{"@id":"https:\/\/serbiantimes.info\/en\/author\/serbiantimes-portal\/#author"},"publisher":{"@id":"https:\/\/serbiantimes.info\/en\/#organization"},"image":{"@type":"ImageObject","url":"https:\/\/serbiantimes.info\/en\/wp-content\/uploads\/sites\/2\/2026\/08\/ST-Montaze-2026-08-06T104731.967.jpg","width":1200,"height":750},"datePublished":"2026-08-06T15:24:28+02:00","dateModified":"2026-08-06T15:24:29+02:00","inLanguage":"en-US","mainEntityOfPage":{"@id":"https:\/\/serbiantimes.info\/en\/chicago-remembers-serbian-victims-memorial-service-and-commemorative-academy-held-in-memory-of-the-displacement-of-more-than-200000-serbs\/#webpage"},"isPartOf":{"@id":"https:\/\/serbiantimes.info\/en\/chicago-remembers-serbian-victims-memorial-service-and-commemorative-academy-held-in-memory-of-the-displacement-of-more-than-200000-serbs\/#webpage"},"articleSection":"DIASPORA, akcija oluja, Amerika, etni\u010dko \u010di\u0161\u0107enje, Hrvatska, operacija oluja, parastos, ratni zlo\u010din, SAD, srbi u \u010dikagu, Srbija, srpska dijaspora"},{"@type":"BreadcrumbList","@id":"https:\/\/serbiantimes.info\/en\/chicago-remembers-serbian-victims-memorial-service-and-commemorative-academy-held-in-memory-of-the-displacement-of-more-than-200000-serbs\/#breadcrumblist","itemListElement":[{"@type":"ListItem","@id":"https:\/\/serbiantimes.info\/en#listItem","position":1,"name":"Home","item":"https:\/\/serbiantimes.info\/en","nextItem":{"@type":"ListItem","@id":"https:\/\/serbiantimes.info\/en\/category\/diaspora\/#listItem","name":"DIASPORA"}},{"@type":"ListItem","@id":"https:\/\/serbiantimes.info\/en\/category\/diaspora\/#listItem","position":2,"name":"DIASPORA","item":"https:\/\/serbiantimes.info\/en\/category\/diaspora\/","nextItem":{"@type":"ListItem","@id":"https:\/\/serbiantimes.info\/en\/chicago-remembers-serbian-victims-memorial-service-and-commemorative-academy-held-in-memory-of-the-displacement-of-more-than-200000-serbs\/#listItem","name":"CHICAGO REMEMBERS SERBIAN VICTIMS: Memorial service and commemorative academy held in memory of the displacement of more than 200,000 Serbs!"},"previousItem":{"@type":"ListItem","@id":"https:\/\/serbiantimes.info\/en#listItem","name":"Home"}},{"@type":"ListItem","@id":"https:\/\/serbiantimes.info\/en\/chicago-remembers-serbian-victims-memorial-service-and-commemorative-academy-held-in-memory-of-the-displacement-of-more-than-200000-serbs\/#listItem","position":3,"name":"CHICAGO REMEMBERS SERBIAN VICTIMS: Memorial service and commemorative academy held in memory of the displacement of more than 200,000 Serbs!","previousItem":{"@type":"ListItem","@id":"https:\/\/serbiantimes.info\/en\/category\/diaspora\/#listItem","name":"DIASPORA"}}]},{"@type":"Organization","@id":"https:\/\/serbiantimes.info\/en\/#organization","name":"Serbiantimes.info EN","url":"https:\/\/serbiantimes.info\/en\/","logo":{"@type":"ImageObject","url":"https:\/\/serbiantimes.info\/en\/wp-content\/uploads\/sites\/2\/2024\/10\/cropped-cropped-Serbian-Times-Header-Logo-1.png","@id":"https:\/\/serbiantimes.info\/en\/chicago-remembers-serbian-victims-memorial-service-and-commemorative-academy-held-in-memory-of-the-displacement-of-more-than-200000-serbs\/#organizationLogo","width":480,"height":100},"image":{"@id":"https:\/\/serbiantimes.info\/en\/chicago-remembers-serbian-victims-memorial-service-and-commemorative-academy-held-in-memory-of-the-displacement-of-more-than-200000-serbs\/#organizationLogo"}},{"@type":"Person","@id":"https:\/\/serbiantimes.info\/en\/author\/serbiantimes-portal\/#author","url":"https:\/\/serbiantimes.info\/en\/author\/serbiantimes-portal\/","name":"Serbian Times","image":{"@type":"ImageObject","@id":"https:\/\/serbiantimes.info\/en\/chicago-remembers-serbian-victims-memorial-service-and-commemorative-academy-held-in-memory-of-the-displacement-of-more-than-200000-serbs\/#authorImage","url":"https:\/\/secure.gravatar.com\/avatar\/ea76e009769270b4193e2bc7e032c096b4ae135483ec03b396fd0f520bc3dcfd?s=96&d=mm&r=g","width":96,"height":96,"caption":"Serbian Times"}},{"@type":"WebPage","@id":"https:\/\/serbiantimes.info\/en\/chicago-remembers-serbian-victims-memorial-service-and-commemorative-academy-held-in-memory-of-the-displacement-of-more-than-200000-serbs\/#webpage","url":"https:\/\/serbiantimes.info\/en\/chicago-remembers-serbian-victims-memorial-service-and-commemorative-academy-held-in-memory-of-the-displacement-of-more-than-200000-serbs\/","name":"CHICAGO REMEMBERS SERBIAN VICTIMS: Memorial service and commemorative academy held in memory of the displacement of more than 200,000 Serbs! | Serbiantimes.info EN","description":"A memorial service and commemorative academy were held on Sunday, August 2, 2026, at the Serbian Orthodox Church of St. John the Baptist in Chicago in memory of Serbs who suffered during the civil war in the former Yugoslavia in the 1990s. Organized by the Association of Krajina Serbs \"Prelo,\" the event marked the 35th","inLanguage":"en-US","isPartOf":{"@id":"https:\/\/serbiantimes.info\/en\/#website"},"breadcrumb":{"@id":"https:\/\/serbiantimes.info\/en\/chicago-remembers-serbian-victims-memorial-service-and-commemorative-academy-held-in-memory-of-the-displacement-of-more-than-200000-serbs\/#breadcrumblist"},"author":{"@id":"https:\/\/serbiantimes.info\/en\/author\/serbiantimes-portal\/#author"},"creator":{"@id":"https:\/\/serbiantimes.info\/en\/author\/serbiantimes-portal\/#author"},"image":{"@type":"ImageObject","url":"https:\/\/serbiantimes.info\/en\/wp-content\/uploads\/sites\/2\/2026\/08\/ST-Montaze-2026-08-06T104731.967.jpg","@id":"https:\/\/serbiantimes.info\/en\/chicago-remembers-serbian-victims-memorial-service-and-commemorative-academy-held-in-memory-of-the-displacement-of-more-than-200000-serbs\/#mainImage","width":1200,"height":750},"primaryImageOfPage":{"@id":"https:\/\/serbiantimes.info\/en\/chicago-remembers-serbian-victims-memorial-service-and-commemorative-academy-held-in-memory-of-the-displacement-of-more-than-200000-serbs\/#mainImage"},"datePublished":"2026-08-06T15:24:28+02:00","dateModified":"2026-08-06T15:24:29+02:00"},{"@type":"WebSite","@id":"https:\/\/serbiantimes.info\/en\/#website","url":"https:\/\/serbiantimes.info\/en\/","name":"Serbiantimes.info EN","inLanguage":"en-US","publisher":{"@id":"https:\/\/serbiantimes.info\/en\/#organization"}}]},"og:locale":"en_US","og:site_name":"Serbiantimes.info EN |","og:type":"article","og:title":"CHICAGO REMEMBERS SERBIAN VICTIMS: Memorial service and commemorative academy held in memory of the displacement of more than 200,000 Serbs! | Serbiantimes.info EN","og:description":"A memorial service and commemorative academy were held on Sunday, August 2, 2026, at the Serbian Orthodox Church of St. John the Baptist in Chicago in memory of Serbs who suffered during the civil war in the former Yugoslavia in the 1990s. Organized by the Association of Krajina Serbs &quot;Prelo,&quot; the event marked the 35th","og:url":"https:\/\/serbiantimes.info\/en\/chicago-remembers-serbian-victims-memorial-service-and-commemorative-academy-held-in-memory-of-the-displacement-of-more-than-200000-serbs\/","og:image":"https:\/\/serbiantimes.info\/en\/wp-content\/uploads\/sites\/2\/2026\/08\/ST-Montaze-2026-08-06T104731.967.jpg","og:image:secure_url":"https:\/\/serbiantimes.info\/en\/wp-content\/uploads\/sites\/2\/2026\/08\/ST-Montaze-2026-08-06T104731.967.jpg","og:image:width":1200,"og:image:height":750,"article:published_time":"2026-08-06T13:24:28+00:00","article:modified_time":"2026-08-06T13:24:29+00:00","twitter:card":"summary_large_image","twitter:title":"CHICAGO REMEMBERS SERBIAN VICTIMS: Memorial service and commemorative academy held in memory of the displacement of more than 200,000 Serbs! | Serbiantimes.info EN","twitter:description":"A memorial service and commemorative academy were held on Sunday, August 2, 2026, at the Serbian Orthodox Church of St. John the Baptist in Chicago in memory of Serbs who suffered during the civil war in the former Yugoslavia in the 1990s. Organized by the Association of Krajina Serbs &quot;Prelo,&quot; the event marked the 35th","twitter:image":"https:\/\/serbiantimes.info\/en\/wp-content\/uploads\/sites\/2\/2026\/08\/ST-Montaze-2026-08-06T104731.967.jpg"},"aioseo_meta_data":{"post_id":"215856","title":null,"description":null,"keywords":null,"keyphrases":{"focus":[],"additional":[]},"primary_term":null,"canonical_url":null,"og_title":null,"og_description":null,"og_object_type":"default","og_image_type":"default","og_image_url":null,"og_image_width":null,"og_image_height":null,"og_image_custom_url":null,"og_image_custom_fields":null,"og_video":"","og_custom_url":null,"og_article_section":null,"og_article_tags":null,"twitter_use_og":false,"twitter_card":"default","twitter_image_type":"default","twitter_image_url":null,"twitter_image_custom_url":null,"twitter_image_custom_fields":null,"twitter_title":null,"twitter_description":null,"schema":{"blockGraphs":[],"customGraphs":[],"default":{"data":{"Article":[],"Course":[],"Dataset":[],"FAQPage":[],"Movie":[],"Person":[],"Product":[],"ProductReview":[],"Car":[],"Recipe":[],"Service":[],"SoftwareApplication":[],"WebPage":[]},"graphName":"BlogPosting","isEnabled":true},"graphs":[]},"schema_type":"default","schema_type_options":null,"pillar_content":false,"robots_default":true,"robots_noindex":false,"robots_noarchive":false,"robots_nosnippet":false,"robots_nofollow":false,"robots_noimageindex":false,"robots_noodp":false,"robots_notranslate":false,"robots_max_snippet":"-1","robots_max_videopreview":"-1","robots_max_imagepreview":"large","priority":null,"frequency":"default","local_seo":null,"breadcrumb_settings":null,"limit_modified_date":false,"ai":{"faqs":[],"keyPoints":[],"titles":[],"descriptions":[],"socialPosts":{"email":[],"linkedin":[],"twitter":[],"facebook":[],"instagram":[]}},"created":"2026-08-06 13:19:06","updated":"2026-08-07 14:56:43","focus_keyword":null,"additional_keywords":null,"truseo_locale":null,"seo_analyzer_scan_date":null},"aioseo_breadcrumb":"<div class=\"aioseo-breadcrumbs\"><span class=\"aioseo-breadcrumb\">\n\t\t\t<a href=\"https:\/\/serbiantimes.info\/en\" title=\"Home\">Home<\/a>\n\t\t<\/span><span class=\"aioseo-breadcrumb-separator\">&raquo;<\/span><span class=\"aioseo-breadcrumb\">\n\t\t\t<a href=\"https:\/\/serbiantimes.info\/en\/category\/diaspora\/\" title=\"DIASPORA\">DIASPORA<\/a>\n\t\t<\/span><span class=\"aioseo-breadcrumb-separator\">&raquo;<\/span><span class=\"aioseo-breadcrumb\">\n\t\t\tCHICAGO REMEMBERS SERBIAN VICTIMS: Memorial service and commemorative academy held in memory of the displacement of more than 200,000 Serbs!\n\t\t<\/span><\/div>","aioseo_breadcrumb_json":[{"label":"Home","link":"https:\/\/serbiantimes.info\/en"},{"label":"DIASPORA","link":"https:\/\/serbiantimes.info\/en\/category\/diaspora\/"},{"label":"CHICAGO REMEMBERS SERBIAN VICTIMS: Memorial service and commemorative academy held in memory of the displacement of more than 200,000 Serbs!","link":"https:\/\/serbiantimes.info\/en\/chicago-remembers-serbian-victims-memorial-service-and-commemorative-academy-held-in-memory-of-the-displacement-of-more-than-200000-serbs\/"}],"distributor_meta":false,"distributor_terms":false,"distributor_media":false,"distributor_original_site_name":"Serbiantimes.info EN","distributor_original_site_url":"https:\/\/serbiantimes.info\/en","push-errors":false,"_links":{"self":[{"href":"https:\/\/serbiantimes.info\/en\/wp-json\/wp\/v2\/posts\/215856","targetHints":{"allow":["GET"]}}],"collection":[{"href":"https:\/\/serbiantimes.info\/en\/wp-json\/wp\/v2\/posts"}],"about":[{"href":"https:\/\/serbiantimes.info\/en\/wp-json\/wp\/v2\/types\/post"}],"author":[{"embeddable":true,"href":"https:\/\/serbiantimes.info\/en\/wp-json\/wp\/v2\/users\/2169"}],"replies":[{"embeddable":true,"href":"https:\/\/serbiantimes.info\/en\/wp-json\/wp\/v2\/comments?post=215856"}],"version-history":[{"count":2,"href":"https:\/\/serbiantimes.info\/en\/wp-json\/wp\/v2\/posts\/215856\/revisions"}],"predecessor-version":[{"id":215901,"href":"https:\/\/serbiantimes.info\/en\/wp-json\/wp\/v2\/posts\/215856\/revisions\/215901"}],"wp:featuredmedia":[{"embeddable":true,"href":"https:\/\/serbiantimes.info\/en\/wp-json\/wp\/v2\/media\/215857"}],"wp:attachment":[{"href":"https:\/\/serbiantimes.info\/en\/wp-json\/wp\/v2\/media?parent=215856"}],"wp:term":[{"taxonomy":"category","embeddable":true,"href":"https:\/\/serbiantimes.info\/en\/wp-json\/wp\/v2\/categories?post=215856"},{"taxonomy":"post_tag","embeddable":true,"href":"https:\/\/serbiantimes.info\/en\/wp-json\/wp\/v2\/tags?post=215856"}],"curies":[{"name":"wp","href":"https:\/\/api.w.org\/{rel}","templated":true}]}}