{"id":215781,"date":"2026-08-05T16:50:18","date_gmt":"2026-08-05T14:50:18","guid":{"rendered":"https:\/\/serbiantimes.info\/en\/?p=215781"},"modified":"2026-08-05T16:50:19","modified_gmt":"2026-08-05T14:50:19","slug":"all-that-mattered-was-staying-alive-radojka-and-jovo-fled-during-operation-storm-with-their-six-month-old-baby","status":"publish","type":"post","link":"https:\/\/serbiantimes.info\/en\/all-that-mattered-was-staying-alive-radojka-and-jovo-fled-during-operation-storm-with-their-six-month-old-baby\/","title":{"rendered":"&#8220;ALL THAT MATTERED WAS STAYING ALIVE&#8221;: Radojka and Jovo fled during Operation Storm with their six-month-old baby!"},"content":{"rendered":"\n<p class=\"wp-block-paragraph\">Exactly 31 years ago, Radojka and Jovo Milanko from Obrovac, Croatia, packed whatever they could into an old green &#8220;Tami\u0107&#8221; truck and, with their six-month-old baby in their arms, left their home. Deep down, they knew they would never return, and that is exactly what happened. Operation Storm brought them to Serbia, which welcomed them with open arms.<\/p>\n\n\n\n<p class=\"wp-block-paragraph\">&#8220;I will never forget that convoy moving slowly toward the border. We kept moving little by little, hoping someone would say, &#8216;Everything is fine now, you can go back.&#8217; But that never happened. When we crossed into Bosnia, we realized there was no turning back. We traveled for nine days before arriving in Sombor. We only took the bare essentials because the most important thing was to stay alive and protect our son, who was only six months old at the time,&#8221; Jovo told RINA.<\/p>\n\n\n\n<p class=\"wp-block-paragraph\">After spending several months in Sombor, the three-member Milanko family was relocated as displaced persons to Majdanpek. Neither Jovo nor Radojka felt ready for life in that part of Serbia, so they moved on their own first to \u010ca\u010dak and then to the Draga\u010devo region.<\/p>\n\n\n\n<h3 class=\"wp-block-heading\">&#8220;Only those who have lived through it know what it feels like&#8221;<\/h3>\n\n\n\n<p class=\"wp-block-paragraph\">&#8220;That feeling of being a refugee among strangers cannot be described in words. Only people who have experienced it know what I&#8217;m talking about. My greatest fear was for our child, and once we realized we had survived, we also realized we no longer had a roof over our heads. Still, we were young and healthy, and that was the most important thing, so we started building our lives again. We did hard daily labor, worked in factories, and accepted every job with a smile,&#8221; Radojka said.<\/p>\n\n\n\n<p class=\"wp-block-paragraph\">Years of hard work eventually paid off, and about ten years ago they started beekeeping. Today they have more than 100 beehives. Some years they earn more, some less. They cannot make a great deal of money, but it is enough for a peaceful and decent life.<\/p>\n\n\n\n<h3 class=\"wp-block-heading\">A dream fulfilled in Draga\u010devo<\/h3>\n\n\n\n<p class=\"wp-block-paragraph\">&#8220;More than five years ago, we moved into our own house near the center of Gu\u010da. We received concrete blocks, so we first built what was essentially a basement and lived there for a while. Later, we built the upper floor and moved upstairs. My wife, my son, and I did most of the construction work ourselves. Our wonderful neighbors also helped us a great deal. After many years of living as tenants, this house is the fulfillment of our dream,&#8221; Jovo said.<\/p>\n\n\n\n<p class=\"wp-block-paragraph\">They say they do not return to their hometown of Obrovac very often. Although many memories tie them to that place, Serbia is now their home\u2014the country that welcomed them when they needed it most.<\/p>\n\n\n\n<p class=\"wp-block-paragraph\">&#8220;Whenever we go there, we can&#8217;t wait to come back home to Draga\u010devo. Everything we have built with our own hands is here now. Everyone welcomed us warmly, and we formed friendships that will last a lifetime,&#8221; Radojka said.<\/p>\n\n\n\n<p class=\"wp-block-paragraph\">These hardworking people are proof that even when life pushes you to the very edge of survival and you lose everything, determination and perseverance can help you rebuild your life. Giving up is never an option.<\/p>\n\n\n\n<h4 class=\"wp-block-heading\"><mark style=\"background-color:#FFFFFF;color:#d21414\" class=\"has-inline-color\">MORE TOPICS:<\/mark><\/h4>\n\n\n\n<p class=\"wp-block-paragraph\"><strong><a href=\"https:\/\/serbiantimes.info\/en\/from-ammunition-to-drones-how-serbia-became-one-of-israels-most-important-partners-in-europe\/\" target=\"_blank\" rel=\"noopener\" title=\"\">FROM AMMUNITION TO DRONES: How Serbia became one of Israel\u2019s most important partners in Europe!<\/a><\/strong><\/p>\n\n\n\n<p class=\"wp-block-paragraph\"><strong><a href=\"https:\/\/serbiantimes.info\/en\/famous-croatian-actor-involved-in-scandal-serbian-minister-transferred-part-of-company-in-croatia-to-goran-bogdan\/\" target=\"_blank\" rel=\"noopener\" title=\"\">FAMOUS CROATIAN ACTOR INVOLVED IN SCANDAL: Serbian minister transferred part of company in Croatia to Goran Bogdan!<\/a><\/strong><\/p>\n\n\n\n<p class=\"wp-block-paragraph\"><strong><a href=\"https:\/\/serbiantimes.info\/en\/terrible-tragedy-in-croatia-father-and-two-children-found-dead-in-a-burned-house-family-crime-suspected\/\" target=\"_blank\" rel=\"noopener\" title=\"\">TERRIBLE TRAGEDY IN CROATIA: Father and two children found dead in a burned house, family crime suspected!<\/a><\/strong><\/p>\n\n\n\n<p class=\"wp-block-paragraph\"><a href=\"https:\/\/serbiantimes.info\/en\/serbian-tanker-destroyed-in-ukraine-it-was-hit-by-a-russian-drone-and-now-the-owner-revealed-how-it-got-to-the-battlefield-video\/\" target=\"_blank\" rel=\"noopener\" title=\"\"><strong>SERBIAN TANKER DESTROYED IN UKRAINE: It was hit by a Russian drone, and now the owner revealed how it got to the battlefield! (VIDEO)<\/strong><\/a><\/p>\n\n\n\n<p class=\"wp-block-paragraph\"><strong><a href=\"https:\/\/serbiantimes.info\/en\/heroic-feat-near-preobrazenje-monastery-monks-and-firefighters-saved-a-child-from-an-inaccessible-cliff-15-meters-high\/\" target=\"_blank\" rel=\"noopener\" title=\"\">HEROIC FEAT NEAR PREOBRA\u017dENJE MONASTERY: Monks and firefighters saved a child from an inaccessible cliff 15 meters high!<\/a><\/strong><\/p>\n\n\n\n<p class=\"wp-block-paragraph\"><strong><a href=\"https:\/\/serbiantimes.info\/en\/vucics-i-will-not-give-gazivode-encouraged-us-to-build-poignant-confession-of-the-jaksic-family-they-invested-almost-a-million-euros-in-the-demolished-hotel\/\" target=\"_blank\" rel=\"noopener\" title=\"\">VU\u010cI\u0106\u2019S \u201cI WILL NOT GIVE GAZIVODE\u201d ENCOURAGED US TO BUILD: Poignant confession of the Jak\u0161i\u0107 family, they invested almost a million euros in the demolished hotel!<\/a><\/strong><\/p>\n\n\n\n<p class=\"wp-block-paragraph\"><strong>Source<\/strong>:<strong>\u00a0<\/strong>RINA, <strong>Foto: <\/strong>RINA<\/p>\n\n\n\n<p class=\"wp-block-paragraph\"><\/p>\n","protected":false},"excerpt":{"rendered":"<p>Exactly 31 years ago, Radojka and Jovo Milanko from Obrovac, Croatia, packed whatever they could into an old green &#8220;Tami\u0107&#8221; truck and, with their six-month-old baby in their arms, left their home. Deep down, they knew they would never return, and that is exactly what happened. Operation Storm brought them to Serbia, which welcomed them [&hellip;]<\/p>\n","protected":false},"author":2169,"featured_media":215782,"comment_status":"open","ping_status":"open","sticky":false,"template":"","format":"standard","meta":{"newspack_featured_image_position":"","newspack_post_subtitle":"","newspack_article_summary_title":"Overview:","newspack_article_summary":"","newspack_hide_updated_date":false,"newspack_show_updated_date":false,"footnotes":""},"categories":[7],"tags":[4049,117,634,13807,13808,13809,6104,113],"class_list":["post-215781","post","type-post","status-publish","format-standard","has-post-thumbnail","hentry","category-serbia","tag-beba","tag-hrvatska","tag-istorija","tag-jovi-milanko","tag-progo-srba","tag-radojko-milanko","tag-ratovi-devedesetih","tag-srbija","entry"],"aioseo_notices":[],"aioseo_head":"\n\t\t<!-- All in One SEO 5.0.1.1 - aioseo.com -->\n\t<meta name=\"description\" content=\"Exactly 31 years ago, Radojka and Jovo Milanko from Obrovac, Croatia, packed whatever they could into an old green &quot;Tami\u0107&quot; truck and, with their six-month-old baby in their arms, left their home. Deep down, they knew they would never return, and that is exactly what happened. Operation Storm brought them to Serbia, which welcomed them\" \/>\n\t<meta name=\"robots\" content=\"max-image-preview:large\" \/>\n\t<meta name=\"author\" content=\"Serbian Times\"\/>\n\t<link rel=\"canonical\" href=\"https:\/\/serbiantimes.info\/en\/all-that-mattered-was-staying-alive-radojka-and-jovo-fled-during-operation-storm-with-their-six-month-old-baby\/\" \/>\n\t<meta name=\"generator\" content=\"All in One SEO (AIOSEO) 5.0.1.1\" \/>\n\t\t<meta property=\"og:locale\" content=\"en_US\" \/>\n\t\t<meta property=\"og:site_name\" content=\"Serbiantimes.info EN |\" \/>\n\t\t<meta property=\"og:type\" content=\"article\" \/>\n\t\t<meta property=\"og:title\" content=\"\u201cALL THAT MATTERED WAS STAYING ALIVE\u201d: Radojka and Jovo fled during Operation Storm with their six-month-old baby! | Serbiantimes.info EN\" \/>\n\t\t<meta property=\"og:description\" content=\"Exactly 31 years ago, Radojka and Jovo Milanko from Obrovac, Croatia, packed whatever they could into an old green &quot;Tami\u0107&quot; truck and, with their six-month-old baby in their arms, left their home. Deep down, they knew they would never return, and that is exactly what happened. Operation Storm brought them to Serbia, which welcomed them\" \/>\n\t\t<meta property=\"og:url\" content=\"https:\/\/serbiantimes.info\/en\/all-that-mattered-was-staying-alive-radojka-and-jovo-fled-during-operation-storm-with-their-six-month-old-baby\/\" \/>\n\t\t<meta property=\"og:image\" content=\"https:\/\/serbiantimes.info\/en\/wp-content\/uploads\/sites\/2\/2026\/08\/DIPTIH-TRIPTIH-Serbian-Times-8-3.jpg\" \/>\n\t\t<meta property=\"og:image:secure_url\" content=\"https:\/\/serbiantimes.info\/en\/wp-content\/uploads\/sites\/2\/2026\/08\/DIPTIH-TRIPTIH-Serbian-Times-8-3.jpg\" \/>\n\t\t<meta property=\"og:image:width\" content=\"1200\" \/>\n\t\t<meta property=\"og:image:height\" content=\"750\" \/>\n\t\t<meta property=\"article:published_time\" content=\"2026-08-05T14:50:18+00:00\" \/>\n\t\t<meta property=\"article:modified_time\" content=\"2026-08-05T14:50:19+00:00\" \/>\n\t\t<meta name=\"twitter:card\" content=\"summary_large_image\" \/>\n\t\t<meta name=\"twitter:title\" content=\"\u201cALL THAT MATTERED WAS STAYING ALIVE\u201d: Radojka and Jovo fled during Operation Storm with their six-month-old baby! | Serbiantimes.info EN\" \/>\n\t\t<meta name=\"twitter:description\" content=\"Exactly 31 years ago, Radojka and Jovo Milanko from Obrovac, Croatia, packed whatever they could into an old green &quot;Tami\u0107&quot; truck and, with their six-month-old baby in their arms, left their home. Deep down, they knew they would never return, and that is exactly what happened. Operation Storm brought them to Serbia, which welcomed them\" \/>\n\t\t<meta name=\"twitter:image\" content=\"https:\/\/serbiantimes.info\/en\/wp-content\/uploads\/sites\/2\/2026\/08\/DIPTIH-TRIPTIH-Serbian-Times-8-3.jpg\" \/>\n\t\t<script type=\"application\/ld+json\" class=\"aioseo-schema\">\n\t\t\t{\"@context\":\"https:\\\/\\\/schema.org\",\"@graph\":[{\"@type\":\"BlogPosting\",\"@id\":\"https:\\\/\\\/serbiantimes.info\\\/en\\\/all-that-mattered-was-staying-alive-radojka-and-jovo-fled-during-operation-storm-with-their-six-month-old-baby\\\/#blogposting\",\"name\":\"\\u201cALL THAT MATTERED WAS STAYING ALIVE\\u201d: Radojka and Jovo fled during Operation Storm with their six-month-old baby! | Serbiantimes.info EN\",\"headline\":\"&#8220;ALL THAT MATTERED WAS STAYING ALIVE&#8221;: Radojka and Jovo fled during Operation Storm with their six-month-old baby!\",\"author\":{\"@id\":\"https:\\\/\\\/serbiantimes.info\\\/en\\\/author\\\/serbiantimes-portal\\\/#author\"},\"publisher\":{\"@id\":\"https:\\\/\\\/serbiantimes.info\\\/en\\\/#organization\"},\"image\":{\"@type\":\"ImageObject\",\"url\":\"https:\\\/\\\/serbiantimes.info\\\/en\\\/wp-content\\\/uploads\\\/sites\\\/2\\\/2026\\\/08\\\/DIPTIH-TRIPTIH-Serbian-Times-8-3.jpg\",\"width\":1200,\"height\":750},\"datePublished\":\"2026-08-05T16:50:18+02:00\",\"dateModified\":\"2026-08-05T16:50:19+02:00\",\"inLanguage\":\"en-US\",\"mainEntityOfPage\":{\"@id\":\"https:\\\/\\\/serbiantimes.info\\\/en\\\/all-that-mattered-was-staying-alive-radojka-and-jovo-fled-during-operation-storm-with-their-six-month-old-baby\\\/#webpage\"},\"isPartOf\":{\"@id\":\"https:\\\/\\\/serbiantimes.info\\\/en\\\/all-that-mattered-was-staying-alive-radojka-and-jovo-fled-during-operation-storm-with-their-six-month-old-baby\\\/#webpage\"},\"articleSection\":\"SERBIA, beba, Hrvatska, istorija, jovi milanko, progo srba, radojko milanko, ratovi devedesetih, Srbija\"},{\"@type\":\"BreadcrumbList\",\"@id\":\"https:\\\/\\\/serbiantimes.info\\\/en\\\/all-that-mattered-was-staying-alive-radojka-and-jovo-fled-during-operation-storm-with-their-six-month-old-baby\\\/#breadcrumblist\",\"itemListElement\":[{\"@type\":\"ListItem\",\"@id\":\"https:\\\/\\\/serbiantimes.info\\\/en#listItem\",\"position\":1,\"name\":\"Home\",\"item\":\"https:\\\/\\\/serbiantimes.info\\\/en\",\"nextItem\":{\"@type\":\"ListItem\",\"@id\":\"https:\\\/\\\/serbiantimes.info\\\/en\\\/category\\\/serbia\\\/#listItem\",\"name\":\"SERBIA\"}},{\"@type\":\"ListItem\",\"@id\":\"https:\\\/\\\/serbiantimes.info\\\/en\\\/category\\\/serbia\\\/#listItem\",\"position\":2,\"name\":\"SERBIA\",\"item\":\"https:\\\/\\\/serbiantimes.info\\\/en\\\/category\\\/serbia\\\/\",\"nextItem\":{\"@type\":\"ListItem\",\"@id\":\"https:\\\/\\\/serbiantimes.info\\\/en\\\/all-that-mattered-was-staying-alive-radojka-and-jovo-fled-during-operation-storm-with-their-six-month-old-baby\\\/#listItem\",\"name\":\"&#8220;ALL THAT MATTERED WAS STAYING ALIVE&#8221;: Radojka and Jovo fled during Operation Storm with their six-month-old baby!\"},\"previousItem\":{\"@type\":\"ListItem\",\"@id\":\"https:\\\/\\\/serbiantimes.info\\\/en#listItem\",\"name\":\"Home\"}},{\"@type\":\"ListItem\",\"@id\":\"https:\\\/\\\/serbiantimes.info\\\/en\\\/all-that-mattered-was-staying-alive-radojka-and-jovo-fled-during-operation-storm-with-their-six-month-old-baby\\\/#listItem\",\"position\":3,\"name\":\"&#8220;ALL THAT MATTERED WAS STAYING ALIVE&#8221;: Radojka and Jovo fled during Operation Storm with their six-month-old baby!\",\"previousItem\":{\"@type\":\"ListItem\",\"@id\":\"https:\\\/\\\/serbiantimes.info\\\/en\\\/category\\\/serbia\\\/#listItem\",\"name\":\"SERBIA\"}}]},{\"@type\":\"Organization\",\"@id\":\"https:\\\/\\\/serbiantimes.info\\\/en\\\/#organization\",\"name\":\"Serbiantimes.info EN\",\"url\":\"https:\\\/\\\/serbiantimes.info\\\/en\\\/\",\"logo\":{\"@type\":\"ImageObject\",\"url\":\"https:\\\/\\\/serbiantimes.info\\\/en\\\/wp-content\\\/uploads\\\/sites\\\/2\\\/2024\\\/10\\\/cropped-cropped-Serbian-Times-Header-Logo-1.png\",\"@id\":\"https:\\\/\\\/serbiantimes.info\\\/en\\\/all-that-mattered-was-staying-alive-radojka-and-jovo-fled-during-operation-storm-with-their-six-month-old-baby\\\/#organizationLogo\",\"width\":480,\"height\":100},\"image\":{\"@id\":\"https:\\\/\\\/serbiantimes.info\\\/en\\\/all-that-mattered-was-staying-alive-radojka-and-jovo-fled-during-operation-storm-with-their-six-month-old-baby\\\/#organizationLogo\"}},{\"@type\":\"Person\",\"@id\":\"https:\\\/\\\/serbiantimes.info\\\/en\\\/author\\\/serbiantimes-portal\\\/#author\",\"url\":\"https:\\\/\\\/serbiantimes.info\\\/en\\\/author\\\/serbiantimes-portal\\\/\",\"name\":\"Serbian Times\",\"image\":{\"@type\":\"ImageObject\",\"@id\":\"https:\\\/\\\/serbiantimes.info\\\/en\\\/all-that-mattered-was-staying-alive-radojka-and-jovo-fled-during-operation-storm-with-their-six-month-old-baby\\\/#authorImage\",\"url\":\"https:\\\/\\\/secure.gravatar.com\\\/avatar\\\/ea76e009769270b4193e2bc7e032c096b4ae135483ec03b396fd0f520bc3dcfd?s=96&d=mm&r=g\",\"width\":96,\"height\":96,\"caption\":\"Serbian Times\"}},{\"@type\":\"WebPage\",\"@id\":\"https:\\\/\\\/serbiantimes.info\\\/en\\\/all-that-mattered-was-staying-alive-radojka-and-jovo-fled-during-operation-storm-with-their-six-month-old-baby\\\/#webpage\",\"url\":\"https:\\\/\\\/serbiantimes.info\\\/en\\\/all-that-mattered-was-staying-alive-radojka-and-jovo-fled-during-operation-storm-with-their-six-month-old-baby\\\/\",\"name\":\"\\u201cALL THAT MATTERED WAS STAYING ALIVE\\u201d: Radojka and Jovo fled during Operation Storm with their six-month-old baby! | Serbiantimes.info EN\",\"description\":\"Exactly 31 years ago, Radojka and Jovo Milanko from Obrovac, Croatia, packed whatever they could into an old green \\\"Tami\\u0107\\\" truck and, with their six-month-old baby in their arms, left their home. Deep down, they knew they would never return, and that is exactly what happened. Operation Storm brought them to Serbia, which welcomed them\",\"inLanguage\":\"en-US\",\"isPartOf\":{\"@id\":\"https:\\\/\\\/serbiantimes.info\\\/en\\\/#website\"},\"breadcrumb\":{\"@id\":\"https:\\\/\\\/serbiantimes.info\\\/en\\\/all-that-mattered-was-staying-alive-radojka-and-jovo-fled-during-operation-storm-with-their-six-month-old-baby\\\/#breadcrumblist\"},\"author\":{\"@id\":\"https:\\\/\\\/serbiantimes.info\\\/en\\\/author\\\/serbiantimes-portal\\\/#author\"},\"creator\":{\"@id\":\"https:\\\/\\\/serbiantimes.info\\\/en\\\/author\\\/serbiantimes-portal\\\/#author\"},\"image\":{\"@type\":\"ImageObject\",\"url\":\"https:\\\/\\\/serbiantimes.info\\\/en\\\/wp-content\\\/uploads\\\/sites\\\/2\\\/2026\\\/08\\\/DIPTIH-TRIPTIH-Serbian-Times-8-3.jpg\",\"@id\":\"https:\\\/\\\/serbiantimes.info\\\/en\\\/all-that-mattered-was-staying-alive-radojka-and-jovo-fled-during-operation-storm-with-their-six-month-old-baby\\\/#mainImage\",\"width\":1200,\"height\":750},\"primaryImageOfPage\":{\"@id\":\"https:\\\/\\\/serbiantimes.info\\\/en\\\/all-that-mattered-was-staying-alive-radojka-and-jovo-fled-during-operation-storm-with-their-six-month-old-baby\\\/#mainImage\"},\"datePublished\":\"2026-08-05T16:50:18+02:00\",\"dateModified\":\"2026-08-05T16:50:19+02:00\"},{\"@type\":\"WebSite\",\"@id\":\"https:\\\/\\\/serbiantimes.info\\\/en\\\/#website\",\"url\":\"https:\\\/\\\/serbiantimes.info\\\/en\\\/\",\"name\":\"Serbiantimes.info EN\",\"inLanguage\":\"en-US\",\"publisher\":{\"@id\":\"https:\\\/\\\/serbiantimes.info\\\/en\\\/#organization\"}}]}\n\t\t<\/script>\n\t\t<!-- All in One SEO -->\n\n","aioseo_head_json":{"title":"\u201cALL THAT MATTERED WAS STAYING ALIVE\u201d: Radojka and Jovo fled during Operation Storm with their six-month-old baby! | Serbiantimes.info EN","description":"Exactly 31 years ago, Radojka and Jovo Milanko from Obrovac, Croatia, packed whatever they could into an old green \"Tami\u0107\" truck and, with their six-month-old baby in their arms, left their home. Deep down, they knew they would never return, and that is exactly what happened. Operation Storm brought them to Serbia, which welcomed them","canonical_url":"https:\/\/serbiantimes.info\/en\/all-that-mattered-was-staying-alive-radojka-and-jovo-fled-during-operation-storm-with-their-six-month-old-baby\/","robots":"max-image-preview:large","keywords":"","webmasterTools":{"miscellaneous":""},"schema":{"@context":"https:\/\/schema.org","@graph":[{"@type":"BlogPosting","@id":"https:\/\/serbiantimes.info\/en\/all-that-mattered-was-staying-alive-radojka-and-jovo-fled-during-operation-storm-with-their-six-month-old-baby\/#blogposting","name":"\u201cALL THAT MATTERED WAS STAYING ALIVE\u201d: Radojka and Jovo fled during Operation Storm with their six-month-old baby! | Serbiantimes.info EN","headline":"&#8220;ALL THAT MATTERED WAS STAYING ALIVE&#8221;: Radojka and Jovo fled during Operation Storm with their six-month-old baby!","author":{"@id":"https:\/\/serbiantimes.info\/en\/author\/serbiantimes-portal\/#author"},"publisher":{"@id":"https:\/\/serbiantimes.info\/en\/#organization"},"image":{"@type":"ImageObject","url":"https:\/\/serbiantimes.info\/en\/wp-content\/uploads\/sites\/2\/2026\/08\/DIPTIH-TRIPTIH-Serbian-Times-8-3.jpg","width":1200,"height":750},"datePublished":"2026-08-05T16:50:18+02:00","dateModified":"2026-08-05T16:50:19+02:00","inLanguage":"en-US","mainEntityOfPage":{"@id":"https:\/\/serbiantimes.info\/en\/all-that-mattered-was-staying-alive-radojka-and-jovo-fled-during-operation-storm-with-their-six-month-old-baby\/#webpage"},"isPartOf":{"@id":"https:\/\/serbiantimes.info\/en\/all-that-mattered-was-staying-alive-radojka-and-jovo-fled-during-operation-storm-with-their-six-month-old-baby\/#webpage"},"articleSection":"SERBIA, beba, Hrvatska, istorija, jovi milanko, progo srba, radojko milanko, ratovi devedesetih, Srbija"},{"@type":"BreadcrumbList","@id":"https:\/\/serbiantimes.info\/en\/all-that-mattered-was-staying-alive-radojka-and-jovo-fled-during-operation-storm-with-their-six-month-old-baby\/#breadcrumblist","itemListElement":[{"@type":"ListItem","@id":"https:\/\/serbiantimes.info\/en#listItem","position":1,"name":"Home","item":"https:\/\/serbiantimes.info\/en","nextItem":{"@type":"ListItem","@id":"https:\/\/serbiantimes.info\/en\/category\/serbia\/#listItem","name":"SERBIA"}},{"@type":"ListItem","@id":"https:\/\/serbiantimes.info\/en\/category\/serbia\/#listItem","position":2,"name":"SERBIA","item":"https:\/\/serbiantimes.info\/en\/category\/serbia\/","nextItem":{"@type":"ListItem","@id":"https:\/\/serbiantimes.info\/en\/all-that-mattered-was-staying-alive-radojka-and-jovo-fled-during-operation-storm-with-their-six-month-old-baby\/#listItem","name":"&#8220;ALL THAT MATTERED WAS STAYING ALIVE&#8221;: Radojka and Jovo fled during Operation Storm with their six-month-old baby!"},"previousItem":{"@type":"ListItem","@id":"https:\/\/serbiantimes.info\/en#listItem","name":"Home"}},{"@type":"ListItem","@id":"https:\/\/serbiantimes.info\/en\/all-that-mattered-was-staying-alive-radojka-and-jovo-fled-during-operation-storm-with-their-six-month-old-baby\/#listItem","position":3,"name":"&#8220;ALL THAT MATTERED WAS STAYING ALIVE&#8221;: Radojka and Jovo fled during Operation Storm with their six-month-old baby!","previousItem":{"@type":"ListItem","@id":"https:\/\/serbiantimes.info\/en\/category\/serbia\/#listItem","name":"SERBIA"}}]},{"@type":"Organization","@id":"https:\/\/serbiantimes.info\/en\/#organization","name":"Serbiantimes.info EN","url":"https:\/\/serbiantimes.info\/en\/","logo":{"@type":"ImageObject","url":"https:\/\/serbiantimes.info\/en\/wp-content\/uploads\/sites\/2\/2024\/10\/cropped-cropped-Serbian-Times-Header-Logo-1.png","@id":"https:\/\/serbiantimes.info\/en\/all-that-mattered-was-staying-alive-radojka-and-jovo-fled-during-operation-storm-with-their-six-month-old-baby\/#organizationLogo","width":480,"height":100},"image":{"@id":"https:\/\/serbiantimes.info\/en\/all-that-mattered-was-staying-alive-radojka-and-jovo-fled-during-operation-storm-with-their-six-month-old-baby\/#organizationLogo"}},{"@type":"Person","@id":"https:\/\/serbiantimes.info\/en\/author\/serbiantimes-portal\/#author","url":"https:\/\/serbiantimes.info\/en\/author\/serbiantimes-portal\/","name":"Serbian Times","image":{"@type":"ImageObject","@id":"https:\/\/serbiantimes.info\/en\/all-that-mattered-was-staying-alive-radojka-and-jovo-fled-during-operation-storm-with-their-six-month-old-baby\/#authorImage","url":"https:\/\/secure.gravatar.com\/avatar\/ea76e009769270b4193e2bc7e032c096b4ae135483ec03b396fd0f520bc3dcfd?s=96&d=mm&r=g","width":96,"height":96,"caption":"Serbian Times"}},{"@type":"WebPage","@id":"https:\/\/serbiantimes.info\/en\/all-that-mattered-was-staying-alive-radojka-and-jovo-fled-during-operation-storm-with-their-six-month-old-baby\/#webpage","url":"https:\/\/serbiantimes.info\/en\/all-that-mattered-was-staying-alive-radojka-and-jovo-fled-during-operation-storm-with-their-six-month-old-baby\/","name":"\u201cALL THAT MATTERED WAS STAYING ALIVE\u201d: Radojka and Jovo fled during Operation Storm with their six-month-old baby! | Serbiantimes.info EN","description":"Exactly 31 years ago, Radojka and Jovo Milanko from Obrovac, Croatia, packed whatever they could into an old green \"Tami\u0107\" truck and, with their six-month-old baby in their arms, left their home. Deep down, they knew they would never return, and that is exactly what happened. Operation Storm brought them to Serbia, which welcomed them","inLanguage":"en-US","isPartOf":{"@id":"https:\/\/serbiantimes.info\/en\/#website"},"breadcrumb":{"@id":"https:\/\/serbiantimes.info\/en\/all-that-mattered-was-staying-alive-radojka-and-jovo-fled-during-operation-storm-with-their-six-month-old-baby\/#breadcrumblist"},"author":{"@id":"https:\/\/serbiantimes.info\/en\/author\/serbiantimes-portal\/#author"},"creator":{"@id":"https:\/\/serbiantimes.info\/en\/author\/serbiantimes-portal\/#author"},"image":{"@type":"ImageObject","url":"https:\/\/serbiantimes.info\/en\/wp-content\/uploads\/sites\/2\/2026\/08\/DIPTIH-TRIPTIH-Serbian-Times-8-3.jpg","@id":"https:\/\/serbiantimes.info\/en\/all-that-mattered-was-staying-alive-radojka-and-jovo-fled-during-operation-storm-with-their-six-month-old-baby\/#mainImage","width":1200,"height":750},"primaryImageOfPage":{"@id":"https:\/\/serbiantimes.info\/en\/all-that-mattered-was-staying-alive-radojka-and-jovo-fled-during-operation-storm-with-their-six-month-old-baby\/#mainImage"},"datePublished":"2026-08-05T16:50:18+02:00","dateModified":"2026-08-05T16:50:19+02:00"},{"@type":"WebSite","@id":"https:\/\/serbiantimes.info\/en\/#website","url":"https:\/\/serbiantimes.info\/en\/","name":"Serbiantimes.info EN","inLanguage":"en-US","publisher":{"@id":"https:\/\/serbiantimes.info\/en\/#organization"}}]},"og:locale":"en_US","og:site_name":"Serbiantimes.info EN |","og:type":"article","og:title":"\u201cALL THAT MATTERED WAS STAYING ALIVE\u201d: Radojka and Jovo fled during Operation Storm with their six-month-old baby! | Serbiantimes.info EN","og:description":"Exactly 31 years ago, Radojka and Jovo Milanko from Obrovac, Croatia, packed whatever they could into an old green &quot;Tami\u0107&quot; truck and, with their six-month-old baby in their arms, left their home. Deep down, they knew they would never return, and that is exactly what happened. Operation Storm brought them to Serbia, which welcomed them","og:url":"https:\/\/serbiantimes.info\/en\/all-that-mattered-was-staying-alive-radojka-and-jovo-fled-during-operation-storm-with-their-six-month-old-baby\/","og:image":"https:\/\/serbiantimes.info\/en\/wp-content\/uploads\/sites\/2\/2026\/08\/DIPTIH-TRIPTIH-Serbian-Times-8-3.jpg","og:image:secure_url":"https:\/\/serbiantimes.info\/en\/wp-content\/uploads\/sites\/2\/2026\/08\/DIPTIH-TRIPTIH-Serbian-Times-8-3.jpg","og:image:width":1200,"og:image:height":750,"article:published_time":"2026-08-05T14:50:18+00:00","article:modified_time":"2026-08-05T14:50:19+00:00","twitter:card":"summary_large_image","twitter:title":"\u201cALL THAT MATTERED WAS STAYING ALIVE\u201d: Radojka and Jovo fled during Operation Storm with their six-month-old baby! | Serbiantimes.info EN","twitter:description":"Exactly 31 years ago, Radojka and Jovo Milanko from Obrovac, Croatia, packed whatever they could into an old green &quot;Tami\u0107&quot; truck and, with their six-month-old baby in their arms, left their home. Deep down, they knew they would never return, and that is exactly what happened. Operation Storm brought them to Serbia, which welcomed them","twitter:image":"https:\/\/serbiantimes.info\/en\/wp-content\/uploads\/sites\/2\/2026\/08\/DIPTIH-TRIPTIH-Serbian-Times-8-3.jpg"},"aioseo_meta_data":{"post_id":"215781","title":null,"description":null,"keywords":null,"keyphrases":{"focus":{"keyphrase":"","score":0,"analysis":{"keyphraseInTitle":{"score":0,"maxScore":9,"error":1}}},"additional":[]},"primary_term":null,"canonical_url":null,"og_title":null,"og_description":null,"og_object_type":"default","og_image_type":"default","og_image_url":null,"og_image_width":null,"og_image_height":null,"og_image_custom_url":null,"og_image_custom_fields":null,"og_video":"","og_custom_url":null,"og_article_section":null,"og_article_tags":null,"twitter_use_og":false,"twitter_card":"default","twitter_image_type":"default","twitter_image_url":null,"twitter_image_custom_url":null,"twitter_image_custom_fields":null,"twitter_title":null,"twitter_description":null,"schema":{"blockGraphs":[],"customGraphs":[],"default":{"data":{"Article":[],"Course":[],"Dataset":[],"FAQPage":[],"Movie":[],"Person":[],"Product":[],"ProductReview":[],"Car":[],"Recipe":[],"Service":[],"SoftwareApplication":[],"WebPage":[]},"graphName":"BlogPosting","isEnabled":true},"graphs":[]},"schema_type":"default","schema_type_options":null,"pillar_content":false,"robots_default":true,"robots_noindex":false,"robots_noarchive":false,"robots_nosnippet":false,"robots_nofollow":false,"robots_noimageindex":false,"robots_noodp":false,"robots_notranslate":false,"robots_max_snippet":"-1","robots_max_videopreview":"-1","robots_max_imagepreview":"large","priority":null,"frequency":"default","local_seo":null,"breadcrumb_settings":null,"limit_modified_date":false,"ai":{"faqs":[],"keyPoints":[],"titles":[],"descriptions":[],"socialPosts":{"email":[],"linkedin":[],"twitter":[],"facebook":[],"instagram":[]}},"created":"2026-08-05 14:45:39","updated":"2026-08-06 13:15:09","focus_keyword":null,"additional_keywords":null,"truseo_locale":null,"seo_analyzer_scan_date":null},"aioseo_breadcrumb":"<div class=\"aioseo-breadcrumbs\"><span class=\"aioseo-breadcrumb\">\n\t\t\t<a href=\"https:\/\/serbiantimes.info\/en\" title=\"Home\">Home<\/a>\n\t\t<\/span><span class=\"aioseo-breadcrumb-separator\">&raquo;<\/span><span class=\"aioseo-breadcrumb\">\n\t\t\t<a href=\"https:\/\/serbiantimes.info\/en\/category\/serbia\/\" title=\"SERBIA\">SERBIA<\/a>\n\t\t<\/span><span class=\"aioseo-breadcrumb-separator\">&raquo;<\/span><span class=\"aioseo-breadcrumb\">\n\t\t\t\u201cALL THAT MATTERED WAS STAYING ALIVE\u201d: Radojka and Jovo fled during Operation Storm with their six-month-old baby!\n\t\t<\/span><\/div>","aioseo_breadcrumb_json":[{"label":"Home","link":"https:\/\/serbiantimes.info\/en"},{"label":"SERBIA","link":"https:\/\/serbiantimes.info\/en\/category\/serbia\/"},{"label":"&#8220;ALL THAT MATTERED WAS STAYING ALIVE&#8221;: Radojka and Jovo fled during Operation Storm with their six-month-old baby!","link":"https:\/\/serbiantimes.info\/en\/all-that-mattered-was-staying-alive-radojka-and-jovo-fled-during-operation-storm-with-their-six-month-old-baby\/"}],"distributor_meta":false,"distributor_terms":false,"distributor_media":false,"distributor_original_site_name":"Serbiantimes.info EN","distributor_original_site_url":"https:\/\/serbiantimes.info\/en","push-errors":false,"_links":{"self":[{"href":"https:\/\/serbiantimes.info\/en\/wp-json\/wp\/v2\/posts\/215781","targetHints":{"allow":["GET"]}}],"collection":[{"href":"https:\/\/serbiantimes.info\/en\/wp-json\/wp\/v2\/posts"}],"about":[{"href":"https:\/\/serbiantimes.info\/en\/wp-json\/wp\/v2\/types\/post"}],"author":[{"embeddable":true,"href":"https:\/\/serbiantimes.info\/en\/wp-json\/wp\/v2\/users\/2169"}],"replies":[{"embeddable":true,"href":"https:\/\/serbiantimes.info\/en\/wp-json\/wp\/v2\/comments?post=215781"}],"version-history":[{"count":2,"href":"https:\/\/serbiantimes.info\/en\/wp-json\/wp\/v2\/posts\/215781\/revisions"}],"predecessor-version":[{"id":215829,"href":"https:\/\/serbiantimes.info\/en\/wp-json\/wp\/v2\/posts\/215781\/revisions\/215829"}],"wp:featuredmedia":[{"embeddable":true,"href":"https:\/\/serbiantimes.info\/en\/wp-json\/wp\/v2\/media\/215782"}],"wp:attachment":[{"href":"https:\/\/serbiantimes.info\/en\/wp-json\/wp\/v2\/media?parent=215781"}],"wp:term":[{"taxonomy":"category","embeddable":true,"href":"https:\/\/serbiantimes.info\/en\/wp-json\/wp\/v2\/categories?post=215781"},{"taxonomy":"post_tag","embeddable":true,"href":"https:\/\/serbiantimes.info\/en\/wp-json\/wp\/v2\/tags?post=215781"}],"curies":[{"name":"wp","href":"https:\/\/api.w.org\/{rel}","templated":true}]}}