{"id":214556,"date":"2026-07-17T15:14:36","date_gmt":"2026-07-17T13:14:36","guid":{"rendered":"https:\/\/serbiantimes.info\/en\/?p=214556"},"modified":"2026-07-17T15:14:37","modified_gmt":"2026-07-17T13:14:37","slug":"historic-night-in-new-york-sports-legends-attend-the-premiere-of-the-novak-djokovic-film-at-the-museum-of-modern-art-photos-video","status":"publish","type":"post","link":"https:\/\/serbiantimes.info\/en\/historic-night-in-new-york-sports-legends-attend-the-premiere-of-the-novak-djokovic-film-at-the-museum-of-modern-art-photos-video\/","title":{"rendered":"HISTORIC NIGHT IN NEW YORK: Sports Legends Attend the Premiere of the Novak Djokovic Film at the Museum of Modern Art! (PHOTOS, VIDEO)"},"content":{"rendered":"\n<p class=\"wp-block-paragraph\">The renowned MoMA hosted the world premiere of the documentary about Novak Djokovic titled <strong>&#8220;Wolf in Winter&#8221;<\/strong>, with the Serbian tennis star personally welcoming and greeting his friends as they arrived.<\/p>\n\n\n\n<p class=\"wp-block-paragraph\">Djokovic traveled to the United States to take part in Fanatics Fest in New York on July 17 and 18, while the day before was reserved for an exclusive screening attended by invited guests only.<\/p>\n\n\n\n<blockquote class=\"twitter-tweet\"><p lang=\"en\" dir=\"ltr\">Novak Djokovic with Mike Tyson last night in New York. \ud83c\uddfa\ud83c\uddf8<br><br>Tyson: &quot;Novak Djokovic is my and my daughter&#39;s favorite athlete. He&#39;s the man.&quot; \u2764\ufe0f <a href=\"https:\/\/t.co\/2IMgRJurW5\">pic.twitter.com\/2IMgRJurW5<\/a><\/p>&mdash; Danny (@DjokovicFan_) <a href=\"https:\/\/x.com\/DjokovicFan_\/status\/2077994468071141821?ref_src=twsrc%5Etfw\">July 17, 2026<\/a><\/blockquote> <script async src=\"https:\/\/platform.x.com\/widgets.js\" charset=\"utf-8\"><\/script>\n\n\n\n<p class=\"wp-block-paragraph\">However, the biggest testament to Novak&#8217;s stature was the list of names that appeared at the event. At the Museum of Modern Art, numerous legendary footballers attended at Djokovic&#8217;s invitation, including Cafu (the only player to appear in three consecutive FIFA World Cup finals), Zlatan Ibrahimovi\u0107, Roberto Carlos, Fernando Llorente, and Marco Materazzi.<\/p>\n\n\n\n<blockquote class=\"twitter-tweet\"><p lang=\"en\" dir=\"ltr\">Novak Djokovic and Del Potro today in New York.<br><br>It is the premier of Novak&#39;s documentary which Del Potro arrived to support. \u2764\ufe0f <a href=\"https:\/\/t.co\/FRzji0TeCw\">pic.twitter.com\/FRzji0TeCw<\/a><\/p>&mdash; Danny (@DjokovicFan_) <a href=\"https:\/\/x.com\/DjokovicFan_\/status\/2077964196395053219?ref_src=twsrc%5Etfw\">July 17, 2026<\/a><\/blockquote> <script async src=\"https:\/\/platform.x.com\/widgets.js\" charset=\"utf-8\"><\/script>\n\n\n\n<p class=\"wp-block-paragraph\">But they were far from the only stars in attendance. The guest list also included an extraordinary lineup featuring Mike Tyson, Anna Wintour, John McEnroe, Juan Mart\u00edn del Potro, and Bogdan Bogdanovi\u0107.<\/p>\n\n\n\n<blockquote class=\"twitter-tweet\"><p lang=\"en\" dir=\"ltr\">Novak Djokovic attends the premiere of &quot;Novak Djokovic: The Wolf In Winter&quot; at Museum of Modern Art in New York City.<a href=\"https:\/\/x.com\/hashtag\/GettyVideo?src=hash&amp;ref_src=twsrc%5Etfw\">#GettyVideo<\/a> \ud83c\udfa5 Theo Wargo \ud83d\udc49 <a href=\"https:\/\/t.co\/PZ8pVMfBFC\">https:\/\/t.co\/PZ8pVMfBFC<\/a> <a href=\"https:\/\/t.co\/lsVnMRkp22\">pic.twitter.com\/lsVnMRkp22<\/a><\/p>&mdash; Getty Images Entertainment (@GettyVIP) <a href=\"https:\/\/x.com\/GettyVIP\/status\/2077962510595190965?ref_src=twsrc%5Etfw\">July 17, 2026<\/a><\/blockquote> <script async src=\"https:\/\/platform.x.com\/widgets.js\" charset=\"utf-8\"><\/script>\n\n\n\n<p class=\"wp-block-paragraph\">If you do not recognize some of those names\u2014it may be time for a Google search. They are simply people who defined an era.<\/p>\n\n\n\n<blockquote class=\"instagram-media\" data-instgrm-captioned data-instgrm-permalink=\"https:\/\/www.instagram.com\/reel\/DaxjMimipXe\/?utm_source=ig_embed&amp;utm_campaign=loading\" data-instgrm-version=\"14\" style=\" background:#FFF; border:0; border-radius:3px; box-shadow:0 0 1px 0 rgba(0,0,0,0.5),0 1px 10px 0 rgba(0,0,0,0.15); margin: 1px; max-width:540px; min-width:326px; padding:0; width:99.375%; width:-webkit-calc(100% - 2px); width:calc(100% - 2px);\"><div style=\"padding:16px;\"> <a href=\"https:\/\/www.instagram.com\/reel\/DaxjMimipXe\/?utm_source=ig_embed&amp;utm_campaign=loading\" style=\" background:#FFFFFF; line-height:0; padding:0 0; text-align:center; text-decoration:none; width:100%;\" target=\"_blank\"> <div style=\" display: flex; flex-direction: row; align-items: center;\"> <div style=\"background-color: #F4F4F4; border-radius: 50%; flex-grow: 0; height: 40px; margin-right: 14px; width: 40px;\"><\/div> <div style=\"display: flex; flex-direction: column; flex-grow: 1; justify-content: center;\"> <div style=\" background-color: #F4F4F4; border-radius: 4px; flex-grow: 0; height: 14px; margin-bottom: 6px; width: 100px;\"><\/div> <div style=\" background-color: #F4F4F4; border-radius: 4px; flex-grow: 0; height: 14px; width: 60px;\"><\/div><\/div><\/div><div style=\"padding: 19% 0;\"><\/div> <div style=\"display:block; height:50px; margin:0 auto 12px; width:50px;\"><svg width=\"50px\" height=\"50px\" viewBox=\"0 0 60 60\" version=\"1.1\" xmlns=\"https:\/\/www.w3.org\/2000\/svg\" xmlns:xlink=\"https:\/\/www.w3.org\/1999\/xlink\"><g stroke=\"none\" stroke-width=\"1\" fill=\"none\" fill-rule=\"evenodd\"><g transform=\"translate(-511.000000, -20.000000)\" fill=\"#000000\"><g><path d=\"M556.869,30.41 C554.814,30.41 553.148,32.076 553.148,34.131 C553.148,36.186 554.814,37.852 556.869,37.852 C558.924,37.852 560.59,36.186 560.59,34.131 C560.59,32.076 558.924,30.41 556.869,30.41 M541,60.657 C535.114,60.657 530.342,55.887 530.342,50 C530.342,44.114 535.114,39.342 541,39.342 C546.887,39.342 551.658,44.114 551.658,50 C551.658,55.887 546.887,60.657 541,60.657 M541,33.886 C532.1,33.886 524.886,41.1 524.886,50 C524.886,58.899 532.1,66.113 541,66.113 C549.9,66.113 557.115,58.899 557.115,50 C557.115,41.1 549.9,33.886 541,33.886 M565.378,62.101 C565.244,65.022 564.756,66.606 564.346,67.663 C563.803,69.06 563.154,70.057 562.106,71.106 C561.058,72.155 560.06,72.803 558.662,73.347 C557.607,73.757 556.021,74.244 553.102,74.378 C549.944,74.521 548.997,74.552 541,74.552 C533.003,74.552 532.056,74.521 528.898,74.378 C525.979,74.244 524.393,73.757 523.338,73.347 C521.94,72.803 520.942,72.155 519.894,71.106 C518.846,70.057 518.197,69.06 517.654,67.663 C517.244,66.606 516.755,65.022 516.623,62.101 C516.479,58.943 516.448,57.996 516.448,50 C516.448,42.003 516.479,41.056 516.623,37.899 C516.755,34.978 517.244,33.391 517.654,32.338 C518.197,30.938 518.846,29.942 519.894,28.894 C520.942,27.846 521.94,27.196 523.338,26.654 C524.393,26.244 525.979,25.756 528.898,25.623 C532.057,25.479 533.004,25.448 541,25.448 C548.997,25.448 549.943,25.479 553.102,25.623 C556.021,25.756 557.607,26.244 558.662,26.654 C560.06,27.196 561.058,27.846 562.106,28.894 C563.154,29.942 563.803,30.938 564.346,32.338 C564.756,33.391 565.244,34.978 565.378,37.899 C565.522,41.056 565.552,42.003 565.552,50 C565.552,57.996 565.522,58.943 565.378,62.101 M570.82,37.631 C570.674,34.438 570.167,32.258 569.425,30.349 C568.659,28.377 567.633,26.702 565.965,25.035 C564.297,23.368 562.623,22.342 560.652,21.575 C558.743,20.834 556.562,20.326 553.369,20.18 C550.169,20.033 549.148,20 541,20 C532.853,20 531.831,20.033 528.631,20.18 C525.438,20.326 523.257,20.834 521.349,21.575 C519.376,22.342 517.703,23.368 516.035,25.035 C514.368,26.702 513.342,28.377 512.574,30.349 C511.834,32.258 511.326,34.438 511.181,37.631 C511.035,40.831 511,41.851 511,50 C511,58.147 511.035,59.17 511.181,62.369 C511.326,65.562 511.834,67.743 512.574,69.651 C513.342,71.625 514.368,73.296 516.035,74.965 C517.703,76.634 519.376,77.658 521.349,78.425 C523.257,79.167 525.438,79.673 528.631,79.82 C531.831,79.965 532.853,80.001 541,80.001 C549.148,80.001 550.169,79.965 553.369,79.82 C556.562,79.673 558.743,79.167 560.652,78.425 C562.623,77.658 564.297,76.634 565.965,74.965 C567.633,73.296 568.659,71.625 569.425,69.651 C570.167,67.743 570.674,65.562 570.82,62.369 C570.966,59.17 571,58.147 571,50 C571,41.851 570.966,40.831 570.82,37.631\"><\/path><\/g><\/g><\/g><\/svg><\/div><div style=\"padding-top: 8px;\"> <div style=\" color:#3897f0; font-family:Arial,sans-serif; font-size:14px; font-style:normal; font-weight:550; line-height:18px;\">View this post on Instagram<\/div><\/div><div style=\"padding: 12.5% 0;\"><\/div> <div style=\"display: flex; flex-direction: row; margin-bottom: 14px; align-items: center;\"><div> <div style=\"background-color: #F4F4F4; border-radius: 50%; height: 12.5px; width: 12.5px; transform: translateX(0px) translateY(7px);\"><\/div> <div style=\"background-color: #F4F4F4; height: 12.5px; transform: rotate(-45deg) translateX(3px) translateY(1px); width: 12.5px; flex-grow: 0; margin-right: 14px; margin-left: 2px;\"><\/div> <div style=\"background-color: #F4F4F4; border-radius: 50%; height: 12.5px; width: 12.5px; transform: translateX(9px) translateY(-18px);\"><\/div><\/div><div style=\"margin-left: 8px;\"> <div style=\" background-color: #F4F4F4; border-radius: 50%; flex-grow: 0; height: 20px; width: 20px;\"><\/div> <div style=\" width: 0; height: 0; border-top: 2px solid transparent; border-left: 6px solid #f4f4f4; border-bottom: 2px solid transparent; transform: translateX(16px) translateY(-4px) rotate(30deg)\"><\/div><\/div><div style=\"margin-left: auto;\"> <div style=\" width: 0px; border-top: 8px solid #F4F4F4; border-right: 8px solid transparent; transform: translateY(16px);\"><\/div> <div style=\" background-color: #F4F4F4; flex-grow: 0; height: 12px; width: 16px; transform: translateY(-4px);\"><\/div> <div style=\" width: 0; height: 0; border-top: 8px solid #F4F4F4; border-left: 8px solid transparent; transform: translateY(-4px) translateX(8px);\"><\/div><\/div><\/div> <div style=\"display: flex; flex-direction: column; flex-grow: 1; justify-content: center; margin-bottom: 24px;\"> <div style=\" background-color: #F4F4F4; border-radius: 4px; flex-grow: 0; height: 14px; margin-bottom: 6px; width: 224px;\"><\/div> <div style=\" background-color: #F4F4F4; border-radius: 4px; flex-grow: 0; height: 14px; width: 144px;\"><\/div><\/div><\/a><p style=\" color:#c9c8cd; font-family:Arial,sans-serif; font-size:14px; line-height:17px; margin-bottom:0; margin-top:8px; overflow:hidden; padding:8px 0 7px; text-align:center; text-overflow:ellipsis; white-space:nowrap;\"><a href=\"https:\/\/www.instagram.com\/reel\/DaxjMimipXe\/?utm_source=ig_embed&amp;utm_campaign=loading\" style=\" color:#c9c8cd; font-family:Arial,sans-serif; font-size:14px; font-style:normal; font-weight:normal; line-height:17px; text-decoration:none;\" target=\"_blank\">A post shared by Prime Video (@primevideo)<\/a><\/p><\/div><\/blockquote>\n<script async src=\"\/\/www.instagram.com\/embed.js\"><\/script>\n\n\n\n<p class=\"wp-block-paragraph\">Take a look at the trailer for the documentary, which is set to premiere on August 20 and has already attracted enormous attention.<\/p>\n\n\n\n<h4 class=\"wp-block-heading\"><mark style=\"background-color:#FFFFFF;color:#d21414\" class=\"has-inline-color\">MORE TOPICS:<\/mark><\/h4>\n\n\n\n<p class=\"wp-block-paragraph\"><strong><a href=\"https:\/\/serbiantimes.info\/en\/tragedy-in-belgrade-swarm-of-wasps-stung-a-man-39-on-the-head-and-neck-he-passed-away-in-the-health-center\/\" target=\"_blank\" rel=\"noopener\" title=\"\">TRAGEDY IN BELGRADE: Swarm of wasps stung a man (39) on the head and neck, he passed away in the health center!<\/a><\/strong><\/p>\n\n\n\n<p class=\"wp-block-paragraph\"><strong><a href=\"https:\/\/serbiantimes.info\/en\/day-of-mourning-declared-in-nis-death-of-a-young-woman-21-in-a-traffic-accident-in-montenegro-cloaks-the-city-in-black\/\" target=\"_blank\" rel=\"noopener\" title=\"\">DAY OF MOURNING DECLARED IN NI\u0160: Death of a young woman (21) in a traffic accident in Montenegro cloaks the city in black!<\/a><\/strong><\/p>\n\n\n\n<p class=\"wp-block-paragraph\"><strong><a href=\"https:\/\/serbiantimes.info\/en\/ministress-cleared-state-coffers-before-kosovo-paunovic-from-belgrade-charged-thousands-of-euros-in-travel-expenses-as-if-she-lived-in-pec\/\" target=\"_blank\" rel=\"noopener\" title=\"\">MINISTRESS CLEARED STATE COFFERS BEFORE KOSOVO: Paunovi\u0107 from Belgrade charged thousands of euros in travel expenses as if she lived in Pe\u0107!<\/a><\/strong><\/p>\n\n\n\n<p class=\"wp-block-paragraph\"><strong><a href=\"https:\/\/serbiantimes.info\/en\/13-year-old-boy-from-bih-killed-in-germany-he-was-riding-an-electric-scooter-and-died-in-a-collision-the-car-driver-fled-home-and-then-called-for-help\/\" target=\"_blank\" rel=\"noopener\" title=\"\">13-YEAR-OLD BOY FROM BIH KILLED IN GERMANY: He was riding an electric scooter and died in a collision, the car driver fled home and then called for help!<\/a><\/strong><\/p>\n\n\n\n<p class=\"wp-block-paragraph\"><strong><a href=\"https:\/\/serbiantimes.info\/en\/he-restored-their-faith-in-humanity-a-family-with-an-elderly-grandmother-and-a-child-waited-helplessly-on-the-road-for-three-hours-and-then-border-police-officer-stefan-took-matters-into-his-own-hands\/\" target=\"_blank\" rel=\"noopener\" title=\"\">HE RESTORED THEIR FAITH IN HUMANITY: A family with an elderly grandmother and a child waited helplessly on the road for three hours, and then border police officer Stefan took matters into his own hands!<\/a><\/strong><\/p>\n\n\n\n<p class=\"wp-block-paragraph\"><strong><a href=\"https:\/\/serbiantimes.info\/en\/three-silver-and-two-bronze-medals-our-students-shone-at-the-international-physics-olympiad-in-colombia\/\" target=\"_blank\" rel=\"noopener\" title=\"\">THREE SILVER AND TWO BRONZE MEDALS: Our students shone at the International Physics Olympiad in Colombia!<\/a><\/strong><\/p>\n\n\n\n<p class=\"wp-block-paragraph\"><strong>Source<\/strong>: <a href=\"https:\/\/nova.rs\/sport\/tenis\/foto-legende-sporta-dosle-da-se-poklone-velicini-djokovica-usred-njujorka-dosli-da-pokazu-koliko-postuju-srbina-nastale-kultne-scene\/\" target=\"_blank\" rel=\"noopener\" title=\"\">Nova.rs<\/a>; <strong>Foto<\/strong>: Printscreen X<\/p>\n","protected":false},"excerpt":{"rendered":"<p>The renowned MoMA hosted the world premiere of the documentary about Novak Djokovic titled &#8220;Wolf in Winter&#8221;, with the Serbian tennis star personally welcoming and greeting his friends as they arrived. Djokovic traveled to the United States to take part in Fanatics Fest in New York on July 17 and 18, while the day before [&hellip;]<\/p>\n","protected":false},"author":2169,"featured_media":214557,"comment_status":"open","ping_status":"open","sticky":false,"template":"","format":"standard","meta":{"newspack_featured_image_position":"","newspack_post_subtitle":"","newspack_article_summary_title":"Overview:","newspack_article_summary":"","newspack_hide_updated_date":false,"newspack_show_updated_date":false,"footnotes":""},"categories":[10],"tags":[71,1032,23,91,113,15,8440],"class_list":["post-214556","post","type-post","status-publish","format-standard","has-post-thumbnail","hentry","category-sport","tag-amerika","tag-novak-dokovic-2","tag-sad","tag-sport","tag-srbija","tag-video","tag-dokovic-2","entry"],"aioseo_notices":[],"aioseo_head":"\n\t\t<!-- All in One SEO 5.0.1.1 - aioseo.com -->\n\t<meta name=\"description\" content=\"The renowned MoMA hosted the world premiere of the documentary about Novak Djokovic titled &quot;Wolf in Winter&quot;, with the Serbian tennis star personally welcoming and greeting his friends as they arrived. Djokovic traveled to the United States to take part in Fanatics Fest in New York on July 17 and 18, while the day before\" \/>\n\t<meta name=\"robots\" content=\"max-image-preview:large\" \/>\n\t<meta name=\"author\" content=\"Serbian Times\"\/>\n\t<link rel=\"canonical\" href=\"https:\/\/serbiantimes.info\/en\/historic-night-in-new-york-sports-legends-attend-the-premiere-of-the-novak-djokovic-film-at-the-museum-of-modern-art-photos-video\/\" \/>\n\t<meta name=\"generator\" content=\"All in One SEO (AIOSEO) 5.0.1.1\" \/>\n\t\t<meta property=\"og:locale\" content=\"en_US\" \/>\n\t\t<meta property=\"og:site_name\" content=\"Serbiantimes.info EN |\" \/>\n\t\t<meta property=\"og:type\" content=\"article\" \/>\n\t\t<meta property=\"og:title\" content=\"HISTORIC NIGHT IN NEW YORK: Sports Legends Attend the Premiere of the Novak Djokovic Film at the Museum of Modern Art! (PHOTOS, VIDEO) | Serbiantimes.info EN\" \/>\n\t\t<meta property=\"og:description\" content=\"The renowned MoMA hosted the world premiere of the documentary about Novak Djokovic titled &quot;Wolf in Winter&quot;, with the Serbian tennis star personally welcoming and greeting his friends as they arrived. Djokovic traveled to the United States to take part in Fanatics Fest in New York on July 17 and 18, while the day before\" \/>\n\t\t<meta property=\"og:url\" content=\"https:\/\/serbiantimes.info\/en\/historic-night-in-new-york-sports-legends-attend-the-premiere-of-the-novak-djokovic-film-at-the-museum-of-modern-art-photos-video\/\" \/>\n\t\t<meta property=\"og:image\" content=\"https:\/\/serbiantimes.info\/en\/wp-content\/uploads\/sites\/2\/2026\/07\/ST-Montaze-72.jpg\" \/>\n\t\t<meta property=\"og:image:secure_url\" content=\"https:\/\/serbiantimes.info\/en\/wp-content\/uploads\/sites\/2\/2026\/07\/ST-Montaze-72.jpg\" \/>\n\t\t<meta property=\"og:image:width\" content=\"1200\" \/>\n\t\t<meta property=\"og:image:height\" content=\"750\" \/>\n\t\t<meta property=\"article:published_time\" content=\"2026-07-17T13:14:36+00:00\" \/>\n\t\t<meta property=\"article:modified_time\" content=\"2026-07-17T13:14:37+00:00\" \/>\n\t\t<meta name=\"twitter:card\" content=\"summary_large_image\" \/>\n\t\t<meta name=\"twitter:title\" content=\"HISTORIC NIGHT IN NEW YORK: Sports Legends Attend the Premiere of the Novak Djokovic Film at the Museum of Modern Art! (PHOTOS, VIDEO) | Serbiantimes.info EN\" \/>\n\t\t<meta name=\"twitter:description\" content=\"The renowned MoMA hosted the world premiere of the documentary about Novak Djokovic titled &quot;Wolf in Winter&quot;, with the Serbian tennis star personally welcoming and greeting his friends as they arrived. Djokovic traveled to the United States to take part in Fanatics Fest in New York on July 17 and 18, while the day before\" \/>\n\t\t<meta name=\"twitter:image\" content=\"https:\/\/serbiantimes.info\/en\/wp-content\/uploads\/sites\/2\/2026\/07\/ST-Montaze-72.jpg\" \/>\n\t\t<script type=\"application\/ld+json\" class=\"aioseo-schema\">\n\t\t\t{\"@context\":\"https:\\\/\\\/schema.org\",\"@graph\":[{\"@type\":\"BlogPosting\",\"@id\":\"https:\\\/\\\/serbiantimes.info\\\/en\\\/historic-night-in-new-york-sports-legends-attend-the-premiere-of-the-novak-djokovic-film-at-the-museum-of-modern-art-photos-video\\\/#blogposting\",\"name\":\"HISTORIC NIGHT IN NEW YORK: Sports Legends Attend the Premiere of the Novak Djokovic Film at the Museum of Modern Art! (PHOTOS, VIDEO) | Serbiantimes.info EN\",\"headline\":\"HISTORIC NIGHT IN NEW YORK: Sports Legends Attend the Premiere of the Novak Djokovic Film at the Museum of Modern Art! (PHOTOS, VIDEO)\",\"author\":{\"@id\":\"https:\\\/\\\/serbiantimes.info\\\/en\\\/author\\\/serbiantimes-portal\\\/#author\"},\"publisher\":{\"@id\":\"https:\\\/\\\/serbiantimes.info\\\/en\\\/#organization\"},\"image\":{\"@type\":\"ImageObject\",\"url\":\"https:\\\/\\\/serbiantimes.info\\\/en\\\/wp-content\\\/uploads\\\/sites\\\/2\\\/2026\\\/07\\\/ST-Montaze-72.jpg\",\"width\":1200,\"height\":750},\"datePublished\":\"2026-07-17T15:14:36+02:00\",\"dateModified\":\"2026-07-17T15:14:37+02:00\",\"inLanguage\":\"en-US\",\"mainEntityOfPage\":{\"@id\":\"https:\\\/\\\/serbiantimes.info\\\/en\\\/historic-night-in-new-york-sports-legends-attend-the-premiere-of-the-novak-djokovic-film-at-the-museum-of-modern-art-photos-video\\\/#webpage\"},\"isPartOf\":{\"@id\":\"https:\\\/\\\/serbiantimes.info\\\/en\\\/historic-night-in-new-york-sports-legends-attend-the-premiere-of-the-novak-djokovic-film-at-the-museum-of-modern-art-photos-video\\\/#webpage\"},\"articleSection\":\"SPORT, Amerika, nOVAK \\u0111OKOVI\\u0106, SAD, sport, Srbija, Video, \\u0111okovi\\u0107\"},{\"@type\":\"BreadcrumbList\",\"@id\":\"https:\\\/\\\/serbiantimes.info\\\/en\\\/historic-night-in-new-york-sports-legends-attend-the-premiere-of-the-novak-djokovic-film-at-the-museum-of-modern-art-photos-video\\\/#breadcrumblist\",\"itemListElement\":[{\"@type\":\"ListItem\",\"@id\":\"https:\\\/\\\/serbiantimes.info\\\/en#listItem\",\"position\":1,\"name\":\"Home\",\"item\":\"https:\\\/\\\/serbiantimes.info\\\/en\",\"nextItem\":{\"@type\":\"ListItem\",\"@id\":\"https:\\\/\\\/serbiantimes.info\\\/en\\\/category\\\/sport\\\/#listItem\",\"name\":\"SPORT\"}},{\"@type\":\"ListItem\",\"@id\":\"https:\\\/\\\/serbiantimes.info\\\/en\\\/category\\\/sport\\\/#listItem\",\"position\":2,\"name\":\"SPORT\",\"item\":\"https:\\\/\\\/serbiantimes.info\\\/en\\\/category\\\/sport\\\/\",\"nextItem\":{\"@type\":\"ListItem\",\"@id\":\"https:\\\/\\\/serbiantimes.info\\\/en\\\/historic-night-in-new-york-sports-legends-attend-the-premiere-of-the-novak-djokovic-film-at-the-museum-of-modern-art-photos-video\\\/#listItem\",\"name\":\"HISTORIC NIGHT IN NEW YORK: Sports Legends Attend the Premiere of the Novak Djokovic Film at the Museum of Modern Art! (PHOTOS, VIDEO)\"},\"previousItem\":{\"@type\":\"ListItem\",\"@id\":\"https:\\\/\\\/serbiantimes.info\\\/en#listItem\",\"name\":\"Home\"}},{\"@type\":\"ListItem\",\"@id\":\"https:\\\/\\\/serbiantimes.info\\\/en\\\/historic-night-in-new-york-sports-legends-attend-the-premiere-of-the-novak-djokovic-film-at-the-museum-of-modern-art-photos-video\\\/#listItem\",\"position\":3,\"name\":\"HISTORIC NIGHT IN NEW YORK: Sports Legends Attend the Premiere of the Novak Djokovic Film at the Museum of Modern Art! (PHOTOS, VIDEO)\",\"previousItem\":{\"@type\":\"ListItem\",\"@id\":\"https:\\\/\\\/serbiantimes.info\\\/en\\\/category\\\/sport\\\/#listItem\",\"name\":\"SPORT\"}}]},{\"@type\":\"Organization\",\"@id\":\"https:\\\/\\\/serbiantimes.info\\\/en\\\/#organization\",\"name\":\"Serbiantimes.info EN\",\"url\":\"https:\\\/\\\/serbiantimes.info\\\/en\\\/\",\"logo\":{\"@type\":\"ImageObject\",\"url\":\"https:\\\/\\\/serbiantimes.info\\\/en\\\/wp-content\\\/uploads\\\/sites\\\/2\\\/2024\\\/10\\\/cropped-cropped-Serbian-Times-Header-Logo-1.png\",\"@id\":\"https:\\\/\\\/serbiantimes.info\\\/en\\\/historic-night-in-new-york-sports-legends-attend-the-premiere-of-the-novak-djokovic-film-at-the-museum-of-modern-art-photos-video\\\/#organizationLogo\",\"width\":480,\"height\":100},\"image\":{\"@id\":\"https:\\\/\\\/serbiantimes.info\\\/en\\\/historic-night-in-new-york-sports-legends-attend-the-premiere-of-the-novak-djokovic-film-at-the-museum-of-modern-art-photos-video\\\/#organizationLogo\"}},{\"@type\":\"Person\",\"@id\":\"https:\\\/\\\/serbiantimes.info\\\/en\\\/author\\\/serbiantimes-portal\\\/#author\",\"url\":\"https:\\\/\\\/serbiantimes.info\\\/en\\\/author\\\/serbiantimes-portal\\\/\",\"name\":\"Serbian Times\",\"image\":{\"@type\":\"ImageObject\",\"@id\":\"https:\\\/\\\/serbiantimes.info\\\/en\\\/historic-night-in-new-york-sports-legends-attend-the-premiere-of-the-novak-djokovic-film-at-the-museum-of-modern-art-photos-video\\\/#authorImage\",\"url\":\"https:\\\/\\\/secure.gravatar.com\\\/avatar\\\/ea76e009769270b4193e2bc7e032c096b4ae135483ec03b396fd0f520bc3dcfd?s=96&d=mm&r=g\",\"width\":96,\"height\":96,\"caption\":\"Serbian Times\"}},{\"@type\":\"WebPage\",\"@id\":\"https:\\\/\\\/serbiantimes.info\\\/en\\\/historic-night-in-new-york-sports-legends-attend-the-premiere-of-the-novak-djokovic-film-at-the-museum-of-modern-art-photos-video\\\/#webpage\",\"url\":\"https:\\\/\\\/serbiantimes.info\\\/en\\\/historic-night-in-new-york-sports-legends-attend-the-premiere-of-the-novak-djokovic-film-at-the-museum-of-modern-art-photos-video\\\/\",\"name\":\"HISTORIC NIGHT IN NEW YORK: Sports Legends Attend the Premiere of the Novak Djokovic Film at the Museum of Modern Art! (PHOTOS, VIDEO) | Serbiantimes.info EN\",\"description\":\"The renowned MoMA hosted the world premiere of the documentary about Novak Djokovic titled \\\"Wolf in Winter\\\", with the Serbian tennis star personally welcoming and greeting his friends as they arrived. Djokovic traveled to the United States to take part in Fanatics Fest in New York on July 17 and 18, while the day before\",\"inLanguage\":\"en-US\",\"isPartOf\":{\"@id\":\"https:\\\/\\\/serbiantimes.info\\\/en\\\/#website\"},\"breadcrumb\":{\"@id\":\"https:\\\/\\\/serbiantimes.info\\\/en\\\/historic-night-in-new-york-sports-legends-attend-the-premiere-of-the-novak-djokovic-film-at-the-museum-of-modern-art-photos-video\\\/#breadcrumblist\"},\"author\":{\"@id\":\"https:\\\/\\\/serbiantimes.info\\\/en\\\/author\\\/serbiantimes-portal\\\/#author\"},\"creator\":{\"@id\":\"https:\\\/\\\/serbiantimes.info\\\/en\\\/author\\\/serbiantimes-portal\\\/#author\"},\"image\":{\"@type\":\"ImageObject\",\"url\":\"https:\\\/\\\/serbiantimes.info\\\/en\\\/wp-content\\\/uploads\\\/sites\\\/2\\\/2026\\\/07\\\/ST-Montaze-72.jpg\",\"@id\":\"https:\\\/\\\/serbiantimes.info\\\/en\\\/historic-night-in-new-york-sports-legends-attend-the-premiere-of-the-novak-djokovic-film-at-the-museum-of-modern-art-photos-video\\\/#mainImage\",\"width\":1200,\"height\":750},\"primaryImageOfPage\":{\"@id\":\"https:\\\/\\\/serbiantimes.info\\\/en\\\/historic-night-in-new-york-sports-legends-attend-the-premiere-of-the-novak-djokovic-film-at-the-museum-of-modern-art-photos-video\\\/#mainImage\"},\"datePublished\":\"2026-07-17T15:14:36+02:00\",\"dateModified\":\"2026-07-17T15:14:37+02:00\"},{\"@type\":\"WebSite\",\"@id\":\"https:\\\/\\\/serbiantimes.info\\\/en\\\/#website\",\"url\":\"https:\\\/\\\/serbiantimes.info\\\/en\\\/\",\"name\":\"Serbiantimes.info EN\",\"inLanguage\":\"en-US\",\"publisher\":{\"@id\":\"https:\\\/\\\/serbiantimes.info\\\/en\\\/#organization\"}}]}\n\t\t<\/script>\n\t\t<!-- All in One SEO -->\n\n","aioseo_head_json":{"title":"HISTORIC NIGHT IN NEW YORK: Sports Legends Attend the Premiere of the Novak Djokovic Film at the Museum of Modern Art! (PHOTOS, VIDEO) | Serbiantimes.info EN","description":"The renowned MoMA hosted the world premiere of the documentary about Novak Djokovic titled \"Wolf in Winter\", with the Serbian tennis star personally welcoming and greeting his friends as they arrived. Djokovic traveled to the United States to take part in Fanatics Fest in New York on July 17 and 18, while the day before","canonical_url":"https:\/\/serbiantimes.info\/en\/historic-night-in-new-york-sports-legends-attend-the-premiere-of-the-novak-djokovic-film-at-the-museum-of-modern-art-photos-video\/","robots":"max-image-preview:large","keywords":"","webmasterTools":{"miscellaneous":""},"schema":{"@context":"https:\/\/schema.org","@graph":[{"@type":"BlogPosting","@id":"https:\/\/serbiantimes.info\/en\/historic-night-in-new-york-sports-legends-attend-the-premiere-of-the-novak-djokovic-film-at-the-museum-of-modern-art-photos-video\/#blogposting","name":"HISTORIC NIGHT IN NEW YORK: Sports Legends Attend the Premiere of the Novak Djokovic Film at the Museum of Modern Art! (PHOTOS, VIDEO) | Serbiantimes.info EN","headline":"HISTORIC NIGHT IN NEW YORK: Sports Legends Attend the Premiere of the Novak Djokovic Film at the Museum of Modern Art! (PHOTOS, VIDEO)","author":{"@id":"https:\/\/serbiantimes.info\/en\/author\/serbiantimes-portal\/#author"},"publisher":{"@id":"https:\/\/serbiantimes.info\/en\/#organization"},"image":{"@type":"ImageObject","url":"https:\/\/serbiantimes.info\/en\/wp-content\/uploads\/sites\/2\/2026\/07\/ST-Montaze-72.jpg","width":1200,"height":750},"datePublished":"2026-07-17T15:14:36+02:00","dateModified":"2026-07-17T15:14:37+02:00","inLanguage":"en-US","mainEntityOfPage":{"@id":"https:\/\/serbiantimes.info\/en\/historic-night-in-new-york-sports-legends-attend-the-premiere-of-the-novak-djokovic-film-at-the-museum-of-modern-art-photos-video\/#webpage"},"isPartOf":{"@id":"https:\/\/serbiantimes.info\/en\/historic-night-in-new-york-sports-legends-attend-the-premiere-of-the-novak-djokovic-film-at-the-museum-of-modern-art-photos-video\/#webpage"},"articleSection":"SPORT, Amerika, nOVAK \u0111OKOVI\u0106, SAD, sport, Srbija, Video, \u0111okovi\u0107"},{"@type":"BreadcrumbList","@id":"https:\/\/serbiantimes.info\/en\/historic-night-in-new-york-sports-legends-attend-the-premiere-of-the-novak-djokovic-film-at-the-museum-of-modern-art-photos-video\/#breadcrumblist","itemListElement":[{"@type":"ListItem","@id":"https:\/\/serbiantimes.info\/en#listItem","position":1,"name":"Home","item":"https:\/\/serbiantimes.info\/en","nextItem":{"@type":"ListItem","@id":"https:\/\/serbiantimes.info\/en\/category\/sport\/#listItem","name":"SPORT"}},{"@type":"ListItem","@id":"https:\/\/serbiantimes.info\/en\/category\/sport\/#listItem","position":2,"name":"SPORT","item":"https:\/\/serbiantimes.info\/en\/category\/sport\/","nextItem":{"@type":"ListItem","@id":"https:\/\/serbiantimes.info\/en\/historic-night-in-new-york-sports-legends-attend-the-premiere-of-the-novak-djokovic-film-at-the-museum-of-modern-art-photos-video\/#listItem","name":"HISTORIC NIGHT IN NEW YORK: Sports Legends Attend the Premiere of the Novak Djokovic Film at the Museum of Modern Art! (PHOTOS, VIDEO)"},"previousItem":{"@type":"ListItem","@id":"https:\/\/serbiantimes.info\/en#listItem","name":"Home"}},{"@type":"ListItem","@id":"https:\/\/serbiantimes.info\/en\/historic-night-in-new-york-sports-legends-attend-the-premiere-of-the-novak-djokovic-film-at-the-museum-of-modern-art-photos-video\/#listItem","position":3,"name":"HISTORIC NIGHT IN NEW YORK: Sports Legends Attend the Premiere of the Novak Djokovic Film at the Museum of Modern Art! (PHOTOS, VIDEO)","previousItem":{"@type":"ListItem","@id":"https:\/\/serbiantimes.info\/en\/category\/sport\/#listItem","name":"SPORT"}}]},{"@type":"Organization","@id":"https:\/\/serbiantimes.info\/en\/#organization","name":"Serbiantimes.info EN","url":"https:\/\/serbiantimes.info\/en\/","logo":{"@type":"ImageObject","url":"https:\/\/serbiantimes.info\/en\/wp-content\/uploads\/sites\/2\/2024\/10\/cropped-cropped-Serbian-Times-Header-Logo-1.png","@id":"https:\/\/serbiantimes.info\/en\/historic-night-in-new-york-sports-legends-attend-the-premiere-of-the-novak-djokovic-film-at-the-museum-of-modern-art-photos-video\/#organizationLogo","width":480,"height":100},"image":{"@id":"https:\/\/serbiantimes.info\/en\/historic-night-in-new-york-sports-legends-attend-the-premiere-of-the-novak-djokovic-film-at-the-museum-of-modern-art-photos-video\/#organizationLogo"}},{"@type":"Person","@id":"https:\/\/serbiantimes.info\/en\/author\/serbiantimes-portal\/#author","url":"https:\/\/serbiantimes.info\/en\/author\/serbiantimes-portal\/","name":"Serbian Times","image":{"@type":"ImageObject","@id":"https:\/\/serbiantimes.info\/en\/historic-night-in-new-york-sports-legends-attend-the-premiere-of-the-novak-djokovic-film-at-the-museum-of-modern-art-photos-video\/#authorImage","url":"https:\/\/secure.gravatar.com\/avatar\/ea76e009769270b4193e2bc7e032c096b4ae135483ec03b396fd0f520bc3dcfd?s=96&d=mm&r=g","width":96,"height":96,"caption":"Serbian Times"}},{"@type":"WebPage","@id":"https:\/\/serbiantimes.info\/en\/historic-night-in-new-york-sports-legends-attend-the-premiere-of-the-novak-djokovic-film-at-the-museum-of-modern-art-photos-video\/#webpage","url":"https:\/\/serbiantimes.info\/en\/historic-night-in-new-york-sports-legends-attend-the-premiere-of-the-novak-djokovic-film-at-the-museum-of-modern-art-photos-video\/","name":"HISTORIC NIGHT IN NEW YORK: Sports Legends Attend the Premiere of the Novak Djokovic Film at the Museum of Modern Art! (PHOTOS, VIDEO) | Serbiantimes.info EN","description":"The renowned MoMA hosted the world premiere of the documentary about Novak Djokovic titled \"Wolf in Winter\", with the Serbian tennis star personally welcoming and greeting his friends as they arrived. Djokovic traveled to the United States to take part in Fanatics Fest in New York on July 17 and 18, while the day before","inLanguage":"en-US","isPartOf":{"@id":"https:\/\/serbiantimes.info\/en\/#website"},"breadcrumb":{"@id":"https:\/\/serbiantimes.info\/en\/historic-night-in-new-york-sports-legends-attend-the-premiere-of-the-novak-djokovic-film-at-the-museum-of-modern-art-photos-video\/#breadcrumblist"},"author":{"@id":"https:\/\/serbiantimes.info\/en\/author\/serbiantimes-portal\/#author"},"creator":{"@id":"https:\/\/serbiantimes.info\/en\/author\/serbiantimes-portal\/#author"},"image":{"@type":"ImageObject","url":"https:\/\/serbiantimes.info\/en\/wp-content\/uploads\/sites\/2\/2026\/07\/ST-Montaze-72.jpg","@id":"https:\/\/serbiantimes.info\/en\/historic-night-in-new-york-sports-legends-attend-the-premiere-of-the-novak-djokovic-film-at-the-museum-of-modern-art-photos-video\/#mainImage","width":1200,"height":750},"primaryImageOfPage":{"@id":"https:\/\/serbiantimes.info\/en\/historic-night-in-new-york-sports-legends-attend-the-premiere-of-the-novak-djokovic-film-at-the-museum-of-modern-art-photos-video\/#mainImage"},"datePublished":"2026-07-17T15:14:36+02:00","dateModified":"2026-07-17T15:14:37+02:00"},{"@type":"WebSite","@id":"https:\/\/serbiantimes.info\/en\/#website","url":"https:\/\/serbiantimes.info\/en\/","name":"Serbiantimes.info EN","inLanguage":"en-US","publisher":{"@id":"https:\/\/serbiantimes.info\/en\/#organization"}}]},"og:locale":"en_US","og:site_name":"Serbiantimes.info EN |","og:type":"article","og:title":"HISTORIC NIGHT IN NEW YORK: Sports Legends Attend the Premiere of the Novak Djokovic Film at the Museum of Modern Art! (PHOTOS, VIDEO) | Serbiantimes.info EN","og:description":"The renowned MoMA hosted the world premiere of the documentary about Novak Djokovic titled &quot;Wolf in Winter&quot;, with the Serbian tennis star personally welcoming and greeting his friends as they arrived. Djokovic traveled to the United States to take part in Fanatics Fest in New York on July 17 and 18, while the day before","og:url":"https:\/\/serbiantimes.info\/en\/historic-night-in-new-york-sports-legends-attend-the-premiere-of-the-novak-djokovic-film-at-the-museum-of-modern-art-photos-video\/","og:image":"https:\/\/serbiantimes.info\/en\/wp-content\/uploads\/sites\/2\/2026\/07\/ST-Montaze-72.jpg","og:image:secure_url":"https:\/\/serbiantimes.info\/en\/wp-content\/uploads\/sites\/2\/2026\/07\/ST-Montaze-72.jpg","og:image:width":1200,"og:image:height":750,"article:published_time":"2026-07-17T13:14:36+00:00","article:modified_time":"2026-07-17T13:14:37+00:00","twitter:card":"summary_large_image","twitter:title":"HISTORIC NIGHT IN NEW YORK: Sports Legends Attend the Premiere of the Novak Djokovic Film at the Museum of Modern Art! (PHOTOS, VIDEO) | Serbiantimes.info EN","twitter:description":"The renowned MoMA hosted the world premiere of the documentary about Novak Djokovic titled &quot;Wolf in Winter&quot;, with the Serbian tennis star personally welcoming and greeting his friends as they arrived. Djokovic traveled to the United States to take part in Fanatics Fest in New York on July 17 and 18, while the day before","twitter:image":"https:\/\/serbiantimes.info\/en\/wp-content\/uploads\/sites\/2\/2026\/07\/ST-Montaze-72.jpg"},"aioseo_meta_data":{"post_id":"214556","title":null,"description":null,"keywords":null,"keyphrases":{"focus":{"keyphrase":"","score":0,"analysis":{"keyphraseInTitle":{"score":0,"maxScore":9,"error":1}}},"additional":[]},"primary_term":null,"canonical_url":null,"og_title":null,"og_description":null,"og_object_type":"default","og_image_type":"default","og_image_url":null,"og_image_width":null,"og_image_height":null,"og_image_custom_url":null,"og_image_custom_fields":null,"og_video":"","og_custom_url":null,"og_article_section":null,"og_article_tags":null,"twitter_use_og":false,"twitter_card":"default","twitter_image_type":"default","twitter_image_url":null,"twitter_image_custom_url":null,"twitter_image_custom_fields":null,"twitter_title":null,"twitter_description":null,"schema":{"blockGraphs":[],"customGraphs":[],"default":{"data":{"Article":[],"Course":[],"Dataset":[],"FAQPage":[],"Movie":[],"Person":[],"Product":[],"ProductReview":[],"Car":[],"Recipe":[],"Service":[],"SoftwareApplication":[],"WebPage":[]},"graphName":"BlogPosting","isEnabled":true},"graphs":[]},"schema_type":"default","schema_type_options":null,"pillar_content":false,"robots_default":true,"robots_noindex":false,"robots_noarchive":false,"robots_nosnippet":false,"robots_nofollow":false,"robots_noimageindex":false,"robots_noodp":false,"robots_notranslate":false,"robots_max_snippet":"-1","robots_max_videopreview":"-1","robots_max_imagepreview":"large","priority":null,"frequency":"default","local_seo":null,"breadcrumb_settings":null,"limit_modified_date":false,"ai":{"faqs":[],"keyPoints":[],"titles":[],"descriptions":[],"socialPosts":{"email":[],"linkedin":[],"twitter":[],"facebook":[],"instagram":[]}},"created":"2026-07-17 13:04:04","updated":"2026-07-18 11:18:11","focus_keyword":null,"additional_keywords":null,"truseo_locale":null,"seo_analyzer_scan_date":null},"aioseo_breadcrumb":"<div class=\"aioseo-breadcrumbs\"><span class=\"aioseo-breadcrumb\">\n\t\t\t<a href=\"https:\/\/serbiantimes.info\/en\" title=\"Home\">Home<\/a>\n\t\t<\/span><span class=\"aioseo-breadcrumb-separator\">&raquo;<\/span><span class=\"aioseo-breadcrumb\">\n\t\t\t<a href=\"https:\/\/serbiantimes.info\/en\/category\/sport\/\" title=\"SPORT\">SPORT<\/a>\n\t\t<\/span><span class=\"aioseo-breadcrumb-separator\">&raquo;<\/span><span class=\"aioseo-breadcrumb\">\n\t\t\tHISTORIC NIGHT IN NEW YORK: Sports Legends Attend the Premiere of the Novak Djokovic Film at the Museum of Modern Art! (PHOTOS, VIDEO)\n\t\t<\/span><\/div>","aioseo_breadcrumb_json":[{"label":"Home","link":"https:\/\/serbiantimes.info\/en"},{"label":"SPORT","link":"https:\/\/serbiantimes.info\/en\/category\/sport\/"},{"label":"HISTORIC NIGHT IN NEW YORK: Sports Legends Attend the Premiere of the Novak Djokovic Film at the Museum of Modern Art! (PHOTOS, VIDEO)","link":"https:\/\/serbiantimes.info\/en\/historic-night-in-new-york-sports-legends-attend-the-premiere-of-the-novak-djokovic-film-at-the-museum-of-modern-art-photos-video\/"}],"distributor_meta":false,"distributor_terms":false,"distributor_media":false,"distributor_original_site_name":"Serbiantimes.info EN","distributor_original_site_url":"https:\/\/serbiantimes.info\/en","push-errors":false,"_links":{"self":[{"href":"https:\/\/serbiantimes.info\/en\/wp-json\/wp\/v2\/posts\/214556","targetHints":{"allow":["GET"]}}],"collection":[{"href":"https:\/\/serbiantimes.info\/en\/wp-json\/wp\/v2\/posts"}],"about":[{"href":"https:\/\/serbiantimes.info\/en\/wp-json\/wp\/v2\/types\/post"}],"author":[{"embeddable":true,"href":"https:\/\/serbiantimes.info\/en\/wp-json\/wp\/v2\/users\/2169"}],"replies":[{"embeddable":true,"href":"https:\/\/serbiantimes.info\/en\/wp-json\/wp\/v2\/comments?post=214556"}],"version-history":[{"count":2,"href":"https:\/\/serbiantimes.info\/en\/wp-json\/wp\/v2\/posts\/214556\/revisions"}],"predecessor-version":[{"id":214603,"href":"https:\/\/serbiantimes.info\/en\/wp-json\/wp\/v2\/posts\/214556\/revisions\/214603"}],"wp:featuredmedia":[{"embeddable":true,"href":"https:\/\/serbiantimes.info\/en\/wp-json\/wp\/v2\/media\/214557"}],"wp:attachment":[{"href":"https:\/\/serbiantimes.info\/en\/wp-json\/wp\/v2\/media?parent=214556"}],"wp:term":[{"taxonomy":"category","embeddable":true,"href":"https:\/\/serbiantimes.info\/en\/wp-json\/wp\/v2\/categories?post=214556"},{"taxonomy":"post_tag","embeddable":true,"href":"https:\/\/serbiantimes.info\/en\/wp-json\/wp\/v2\/tags?post=214556"}],"curies":[{"name":"wp","href":"https:\/\/api.w.org\/{rel}","templated":true}]}}