{"id":214423,"date":"2026-07-15T13:19:06","date_gmt":"2026-07-15T11:19:06","guid":{"rendered":"https:\/\/serbiantimes.info\/en\/?p=214423"},"modified":"2026-07-15T13:21:29","modified_gmt":"2026-07-15T11:21:29","slug":"13-year-old-boy-from-bih-killed-in-germany-he-was-riding-an-electric-scooter-and-died-in-a-collision-the-car-driver-fled-home-and-then-called-for-help","status":"publish","type":"post","link":"https:\/\/serbiantimes.info\/en\/13-year-old-boy-from-bih-killed-in-germany-he-was-riding-an-electric-scooter-and-died-in-a-collision-the-car-driver-fled-home-and-then-called-for-help\/","title":{"rendered":"13-YEAR-OLD BOY FROM BIH KILLED IN GERMANY: He was riding an electric scooter and died in a collision, the car driver fled home and then called for help!"},"content":{"rendered":"\n<p class=\"wp-block-paragraph\"><strong><em>A thirteen-year-old boy from Bosnia and Herzegovina was killed in a traffic accident that occurred in the German town of Gerabronn, in the federal state of Baden-W\u00fcrttemberg.<\/em><\/strong><\/p>\n\n\n\n<p class=\"wp-block-paragraph\">According to information from the German police, the boy was riding an electric scooter when a collision occurred at an intersection with a passenger car driven by a 52-year-old driver. According to the investigation data available so far, it is suspected that the boy did not yield the right of way when entering traffic.<\/p>\n\n\n\n<p class=\"wp-block-paragraph\">Unfortunately, the injuries sustained were fatal and the boy passed away at the scene of the accident.<\/p>\n\n\n\n<p class=\"wp-block-paragraph\">Particular public attention was drawn to information that the car driver did not immediately call emergency services after the accident, but, according to the police, went home and only then notified the competent authorities. The circumstances of this action are the subject of an official investigation.<\/p>\n\n\n\n<p class=\"wp-block-paragraph\">The identity of the deceased minor has not been officially released, in accordance with child privacy protection rules. Regional media state that the boy was from \u010capljina.<\/p>\n\n\n\n<p class=\"wp-block-paragraph\">The German police are continuing to conduct an investigation to determine all the circumstances of this tragic traffic accident.<\/p>\n\n\n\n<h4 class=\"wp-block-heading\"><mark style=\"background-color:#FFFFFF;color:#d21414\" class=\"has-inline-color\">MORE TOPICS:<\/mark><\/h4>\n\n\n\n<p class=\"wp-block-paragraph\"><strong><a href=\"https:\/\/serbiantimes.info\/en\/tragedy-in-belgrade-swarm-of-wasps-stung-a-man-39-on-the-head-and-neck-he-passed-away-in-the-health-center\/\" target=\"_blank\" rel=\"noopener\" title=\"\">TRAGEDY IN BELGRADE: Swarm of wasps stung a man (39) on the head and neck, he passed away in the health center!<\/a><\/strong><\/p>\n\n\n\n<p class=\"wp-block-paragraph\"><strong><a href=\"https:\/\/serbiantimes.info\/en\/day-of-mourning-declared-in-nis-death-of-a-young-woman-21-in-a-traffic-accident-in-montenegro-cloaks-the-city-in-black\/\" target=\"_blank\" rel=\"noopener\" title=\"\">DAY OF MOURNING DECLARED IN NI\u0160: Death of a young woman (21) in a traffic accident in Montenegro cloaks the city in black!<\/a><\/strong><\/p>\n\n\n\n<p class=\"wp-block-paragraph\"><strong><a href=\"https:\/\/serbiantimes.info\/en\/ministress-cleared-state-coffers-before-kosovo-paunovic-from-belgrade-charged-thousands-of-euros-in-travel-expenses-as-if-she-lived-in-pec\/\" target=\"_blank\" rel=\"noopener\" title=\"\">MINISTRESS CLEARED STATE COFFERS BEFORE KOSOVO: Paunovi\u0107 from Belgrade charged thousands of euros in travel expenses as if she lived in Pe\u0107!<\/a><\/strong><\/p>\n\n\n\n<p class=\"wp-block-paragraph\"><strong><a href=\"https:\/\/serbiantimes.info\/en\/he-restored-their-faith-in-humanity-a-family-with-an-elderly-grandmother-and-a-child-waited-helplessly-on-the-road-for-three-hours-and-then-border-police-officer-stefan-took-matters-into-his-own-hands\/\" target=\"_blank\" rel=\"noopener\" title=\"\">HE RESTORED THEIR FAITH IN HUMANITY: A family with an elderly grandmother and a child waited helplessly on the road for three hours, and then border police officer Stefan took matters into his own hands!<\/a><\/strong><\/p>\n\n\n\n<p class=\"wp-block-paragraph\"><strong><a href=\"https:\/\/serbiantimes.info\/en\/three-silver-and-two-bronze-medals-our-students-shone-at-the-international-physics-olympiad-in-colombia\/\" target=\"_blank\" rel=\"noopener\" title=\"\">THREE SILVER AND TWO BRONZE MEDALS: Our students shone at the International Physics Olympiad in Colombia!<\/a><\/strong><\/p>\n\n\n\n<p class=\"wp-block-paragraph\"><strong><strong>Source<\/strong>:\u00a0<\/strong>Telegraf, <strong>Photo:<\/strong> AP<\/p>\n\n\n\n<p class=\"wp-block-paragraph\"><\/p>\n","protected":false},"excerpt":{"rendered":"<p>A thirteen-year-old boy from Bosnia and Herzegovina was killed in a traffic accident that occurred in the German town of Gerabronn, in the federal state of Baden-W\u00fcrttemberg. According to information from the German police, the boy was riding an electric scooter when a collision occurred at an intersection with a passenger car driven by a [&hellip;]<\/p>\n","protected":false},"author":2169,"featured_media":214424,"comment_status":"open","ping_status":"open","sticky":false,"template":"","format":"standard","meta":{"newspack_featured_image_position":"","newspack_post_subtitle":"","newspack_article_summary_title":"Overview:","newspack_article_summary":"","newspack_hide_updated_date":false,"newspack_show_updated_date":false,"footnotes":""},"categories":[5],"tags":[3785,309,341,1478,13549,90,4695,262],"class_list":["post-214423","post","type-post","status-publish","format-standard","has-post-thumbnail","hentry","category-diaspora","tag-automobil","tag-bih","tag-bosna-i-hercegovina","tag-decak","tag-elektricni-trotinet","tag-nemacka","tag-sudar","tag-tragedija","entry"],"aioseo_notices":[],"aioseo_head":"\n\t\t<!-- All in One SEO 5.0.1.1 - aioseo.com -->\n\t<meta name=\"description\" content=\"A thirteen-year-old boy from Bosnia and Herzegovina was killed in a traffic accident that occurred in the German town of Gerabronn, in the federal state of Baden-W\u00fcrttemberg. According to information from the German police, the boy was riding an electric scooter when a collision occurred at an intersection with a passenger car driven by a\" \/>\n\t<meta name=\"robots\" content=\"max-image-preview:large\" \/>\n\t<meta name=\"author\" content=\"Serbian Times\"\/>\n\t<link rel=\"canonical\" href=\"https:\/\/serbiantimes.info\/en\/13-year-old-boy-from-bih-killed-in-germany-he-was-riding-an-electric-scooter-and-died-in-a-collision-the-car-driver-fled-home-and-then-called-for-help\/\" \/>\n\t<meta name=\"generator\" content=\"All in One SEO (AIOSEO) 5.0.1.1\" \/>\n\t\t<meta property=\"og:locale\" content=\"en_US\" \/>\n\t\t<meta property=\"og:site_name\" content=\"Serbiantimes.info EN |\" \/>\n\t\t<meta property=\"og:type\" content=\"article\" \/>\n\t\t<meta property=\"og:title\" content=\"13-YEAR-OLD BOY FROM BIH KILLED IN GERMANY: He was riding an electric scooter and died in a collision, the car driver fled home and then called for help! | Serbiantimes.info EN\" \/>\n\t\t<meta property=\"og:description\" content=\"A thirteen-year-old boy from Bosnia and Herzegovina was killed in a traffic accident that occurred in the German town of Gerabronn, in the federal state of Baden-W\u00fcrttemberg. According to information from the German police, the boy was riding an electric scooter when a collision occurred at an intersection with a passenger car driven by a\" \/>\n\t\t<meta property=\"og:url\" content=\"https:\/\/serbiantimes.info\/en\/13-year-old-boy-from-bih-killed-in-germany-he-was-riding-an-electric-scooter-and-died-in-a-collision-the-car-driver-fled-home-and-then-called-for-help\/\" \/>\n\t\t<meta property=\"og:image\" content=\"https:\/\/serbiantimes.info\/en\/wp-content\/uploads\/sites\/2\/2026\/07\/DIPTIH-TRIPTIH-Serbian-Times-6-10.jpg\" \/>\n\t\t<meta property=\"og:image:secure_url\" content=\"https:\/\/serbiantimes.info\/en\/wp-content\/uploads\/sites\/2\/2026\/07\/DIPTIH-TRIPTIH-Serbian-Times-6-10.jpg\" \/>\n\t\t<meta property=\"og:image:width\" content=\"1200\" \/>\n\t\t<meta property=\"og:image:height\" content=\"750\" \/>\n\t\t<meta property=\"article:published_time\" content=\"2026-07-15T11:19:06+00:00\" \/>\n\t\t<meta property=\"article:modified_time\" content=\"2026-07-15T11:21:29+00:00\" \/>\n\t\t<meta name=\"twitter:card\" content=\"summary_large_image\" \/>\n\t\t<meta name=\"twitter:title\" content=\"13-YEAR-OLD BOY FROM BIH KILLED IN GERMANY: He was riding an electric scooter and died in a collision, the car driver fled home and then called for help! | Serbiantimes.info EN\" \/>\n\t\t<meta name=\"twitter:description\" content=\"A thirteen-year-old boy from Bosnia and Herzegovina was killed in a traffic accident that occurred in the German town of Gerabronn, in the federal state of Baden-W\u00fcrttemberg. According to information from the German police, the boy was riding an electric scooter when a collision occurred at an intersection with a passenger car driven by a\" \/>\n\t\t<meta name=\"twitter:image\" content=\"https:\/\/serbiantimes.info\/en\/wp-content\/uploads\/sites\/2\/2026\/07\/DIPTIH-TRIPTIH-Serbian-Times-6-10.jpg\" \/>\n\t\t<script type=\"application\/ld+json\" class=\"aioseo-schema\">\n\t\t\t{\"@context\":\"https:\\\/\\\/schema.org\",\"@graph\":[{\"@type\":\"BlogPosting\",\"@id\":\"https:\\\/\\\/serbiantimes.info\\\/en\\\/13-year-old-boy-from-bih-killed-in-germany-he-was-riding-an-electric-scooter-and-died-in-a-collision-the-car-driver-fled-home-and-then-called-for-help\\\/#blogposting\",\"name\":\"13-YEAR-OLD BOY FROM BIH KILLED IN GERMANY: He was riding an electric scooter and died in a collision, the car driver fled home and then called for help! | Serbiantimes.info EN\",\"headline\":\"13-YEAR-OLD BOY FROM BIH KILLED IN GERMANY: He was riding an electric scooter and died in a collision, the car driver fled home and then called for help!\",\"author\":{\"@id\":\"https:\\\/\\\/serbiantimes.info\\\/en\\\/author\\\/serbiantimes-portal\\\/#author\"},\"publisher\":{\"@id\":\"https:\\\/\\\/serbiantimes.info\\\/en\\\/#organization\"},\"image\":{\"@type\":\"ImageObject\",\"url\":\"https:\\\/\\\/serbiantimes.info\\\/en\\\/wp-content\\\/uploads\\\/sites\\\/2\\\/2026\\\/07\\\/DIPTIH-TRIPTIH-Serbian-Times-6-10.jpg\",\"width\":1200,\"height\":750},\"datePublished\":\"2026-07-15T13:19:06+02:00\",\"dateModified\":\"2026-07-15T13:21:29+02:00\",\"inLanguage\":\"en-US\",\"mainEntityOfPage\":{\"@id\":\"https:\\\/\\\/serbiantimes.info\\\/en\\\/13-year-old-boy-from-bih-killed-in-germany-he-was-riding-an-electric-scooter-and-died-in-a-collision-the-car-driver-fled-home-and-then-called-for-help\\\/#webpage\"},\"isPartOf\":{\"@id\":\"https:\\\/\\\/serbiantimes.info\\\/en\\\/13-year-old-boy-from-bih-killed-in-germany-he-was-riding-an-electric-scooter-and-died-in-a-collision-the-car-driver-fled-home-and-then-called-for-help\\\/#webpage\"},\"articleSection\":\"DIASPORA, automobil, BiH, Bosna i Hercegovina, de\\u010dak, elektri\\u010dni trotinet, Nema\\u010dka, sudar, tragedija\"},{\"@type\":\"BreadcrumbList\",\"@id\":\"https:\\\/\\\/serbiantimes.info\\\/en\\\/13-year-old-boy-from-bih-killed-in-germany-he-was-riding-an-electric-scooter-and-died-in-a-collision-the-car-driver-fled-home-and-then-called-for-help\\\/#breadcrumblist\",\"itemListElement\":[{\"@type\":\"ListItem\",\"@id\":\"https:\\\/\\\/serbiantimes.info\\\/en#listItem\",\"position\":1,\"name\":\"Home\",\"item\":\"https:\\\/\\\/serbiantimes.info\\\/en\",\"nextItem\":{\"@type\":\"ListItem\",\"@id\":\"https:\\\/\\\/serbiantimes.info\\\/en\\\/category\\\/diaspora\\\/#listItem\",\"name\":\"DIASPORA\"}},{\"@type\":\"ListItem\",\"@id\":\"https:\\\/\\\/serbiantimes.info\\\/en\\\/category\\\/diaspora\\\/#listItem\",\"position\":2,\"name\":\"DIASPORA\",\"item\":\"https:\\\/\\\/serbiantimes.info\\\/en\\\/category\\\/diaspora\\\/\",\"nextItem\":{\"@type\":\"ListItem\",\"@id\":\"https:\\\/\\\/serbiantimes.info\\\/en\\\/13-year-old-boy-from-bih-killed-in-germany-he-was-riding-an-electric-scooter-and-died-in-a-collision-the-car-driver-fled-home-and-then-called-for-help\\\/#listItem\",\"name\":\"13-YEAR-OLD BOY FROM BIH KILLED IN GERMANY: He was riding an electric scooter and died in a collision, the car driver fled home and then called for help!\"},\"previousItem\":{\"@type\":\"ListItem\",\"@id\":\"https:\\\/\\\/serbiantimes.info\\\/en#listItem\",\"name\":\"Home\"}},{\"@type\":\"ListItem\",\"@id\":\"https:\\\/\\\/serbiantimes.info\\\/en\\\/13-year-old-boy-from-bih-killed-in-germany-he-was-riding-an-electric-scooter-and-died-in-a-collision-the-car-driver-fled-home-and-then-called-for-help\\\/#listItem\",\"position\":3,\"name\":\"13-YEAR-OLD BOY FROM BIH KILLED IN GERMANY: He was riding an electric scooter and died in a collision, the car driver fled home and then called for help!\",\"previousItem\":{\"@type\":\"ListItem\",\"@id\":\"https:\\\/\\\/serbiantimes.info\\\/en\\\/category\\\/diaspora\\\/#listItem\",\"name\":\"DIASPORA\"}}]},{\"@type\":\"Organization\",\"@id\":\"https:\\\/\\\/serbiantimes.info\\\/en\\\/#organization\",\"name\":\"Serbiantimes.info EN\",\"url\":\"https:\\\/\\\/serbiantimes.info\\\/en\\\/\",\"logo\":{\"@type\":\"ImageObject\",\"url\":\"https:\\\/\\\/serbiantimes.info\\\/en\\\/wp-content\\\/uploads\\\/sites\\\/2\\\/2024\\\/10\\\/cropped-cropped-Serbian-Times-Header-Logo-1.png\",\"@id\":\"https:\\\/\\\/serbiantimes.info\\\/en\\\/13-year-old-boy-from-bih-killed-in-germany-he-was-riding-an-electric-scooter-and-died-in-a-collision-the-car-driver-fled-home-and-then-called-for-help\\\/#organizationLogo\",\"width\":480,\"height\":100},\"image\":{\"@id\":\"https:\\\/\\\/serbiantimes.info\\\/en\\\/13-year-old-boy-from-bih-killed-in-germany-he-was-riding-an-electric-scooter-and-died-in-a-collision-the-car-driver-fled-home-and-then-called-for-help\\\/#organizationLogo\"}},{\"@type\":\"Person\",\"@id\":\"https:\\\/\\\/serbiantimes.info\\\/en\\\/author\\\/serbiantimes-portal\\\/#author\",\"url\":\"https:\\\/\\\/serbiantimes.info\\\/en\\\/author\\\/serbiantimes-portal\\\/\",\"name\":\"Serbian Times\",\"image\":{\"@type\":\"ImageObject\",\"@id\":\"https:\\\/\\\/serbiantimes.info\\\/en\\\/13-year-old-boy-from-bih-killed-in-germany-he-was-riding-an-electric-scooter-and-died-in-a-collision-the-car-driver-fled-home-and-then-called-for-help\\\/#authorImage\",\"url\":\"https:\\\/\\\/secure.gravatar.com\\\/avatar\\\/ea76e009769270b4193e2bc7e032c096b4ae135483ec03b396fd0f520bc3dcfd?s=96&d=mm&r=g\",\"width\":96,\"height\":96,\"caption\":\"Serbian Times\"}},{\"@type\":\"WebPage\",\"@id\":\"https:\\\/\\\/serbiantimes.info\\\/en\\\/13-year-old-boy-from-bih-killed-in-germany-he-was-riding-an-electric-scooter-and-died-in-a-collision-the-car-driver-fled-home-and-then-called-for-help\\\/#webpage\",\"url\":\"https:\\\/\\\/serbiantimes.info\\\/en\\\/13-year-old-boy-from-bih-killed-in-germany-he-was-riding-an-electric-scooter-and-died-in-a-collision-the-car-driver-fled-home-and-then-called-for-help\\\/\",\"name\":\"13-YEAR-OLD BOY FROM BIH KILLED IN GERMANY: He was riding an electric scooter and died in a collision, the car driver fled home and then called for help! | Serbiantimes.info EN\",\"description\":\"A thirteen-year-old boy from Bosnia and Herzegovina was killed in a traffic accident that occurred in the German town of Gerabronn, in the federal state of Baden-W\\u00fcrttemberg. According to information from the German police, the boy was riding an electric scooter when a collision occurred at an intersection with a passenger car driven by a\",\"inLanguage\":\"en-US\",\"isPartOf\":{\"@id\":\"https:\\\/\\\/serbiantimes.info\\\/en\\\/#website\"},\"breadcrumb\":{\"@id\":\"https:\\\/\\\/serbiantimes.info\\\/en\\\/13-year-old-boy-from-bih-killed-in-germany-he-was-riding-an-electric-scooter-and-died-in-a-collision-the-car-driver-fled-home-and-then-called-for-help\\\/#breadcrumblist\"},\"author\":{\"@id\":\"https:\\\/\\\/serbiantimes.info\\\/en\\\/author\\\/serbiantimes-portal\\\/#author\"},\"creator\":{\"@id\":\"https:\\\/\\\/serbiantimes.info\\\/en\\\/author\\\/serbiantimes-portal\\\/#author\"},\"image\":{\"@type\":\"ImageObject\",\"url\":\"https:\\\/\\\/serbiantimes.info\\\/en\\\/wp-content\\\/uploads\\\/sites\\\/2\\\/2026\\\/07\\\/DIPTIH-TRIPTIH-Serbian-Times-6-10.jpg\",\"@id\":\"https:\\\/\\\/serbiantimes.info\\\/en\\\/13-year-old-boy-from-bih-killed-in-germany-he-was-riding-an-electric-scooter-and-died-in-a-collision-the-car-driver-fled-home-and-then-called-for-help\\\/#mainImage\",\"width\":1200,\"height\":750},\"primaryImageOfPage\":{\"@id\":\"https:\\\/\\\/serbiantimes.info\\\/en\\\/13-year-old-boy-from-bih-killed-in-germany-he-was-riding-an-electric-scooter-and-died-in-a-collision-the-car-driver-fled-home-and-then-called-for-help\\\/#mainImage\"},\"datePublished\":\"2026-07-15T13:19:06+02:00\",\"dateModified\":\"2026-07-15T13:21:29+02:00\"},{\"@type\":\"WebSite\",\"@id\":\"https:\\\/\\\/serbiantimes.info\\\/en\\\/#website\",\"url\":\"https:\\\/\\\/serbiantimes.info\\\/en\\\/\",\"name\":\"Serbiantimes.info EN\",\"inLanguage\":\"en-US\",\"publisher\":{\"@id\":\"https:\\\/\\\/serbiantimes.info\\\/en\\\/#organization\"}}]}\n\t\t<\/script>\n\t\t<!-- All in One SEO -->\n\n","aioseo_head_json":{"title":"13-YEAR-OLD BOY FROM BIH KILLED IN GERMANY: He was riding an electric scooter and died in a collision, the car driver fled home and then called for help! | Serbiantimes.info EN","description":"A thirteen-year-old boy from Bosnia and Herzegovina was killed in a traffic accident that occurred in the German town of Gerabronn, in the federal state of Baden-W\u00fcrttemberg. According to information from the German police, the boy was riding an electric scooter when a collision occurred at an intersection with a passenger car driven by a","canonical_url":"https:\/\/serbiantimes.info\/en\/13-year-old-boy-from-bih-killed-in-germany-he-was-riding-an-electric-scooter-and-died-in-a-collision-the-car-driver-fled-home-and-then-called-for-help\/","robots":"max-image-preview:large","keywords":"","webmasterTools":{"miscellaneous":""},"schema":{"@context":"https:\/\/schema.org","@graph":[{"@type":"BlogPosting","@id":"https:\/\/serbiantimes.info\/en\/13-year-old-boy-from-bih-killed-in-germany-he-was-riding-an-electric-scooter-and-died-in-a-collision-the-car-driver-fled-home-and-then-called-for-help\/#blogposting","name":"13-YEAR-OLD BOY FROM BIH KILLED IN GERMANY: He was riding an electric scooter and died in a collision, the car driver fled home and then called for help! | Serbiantimes.info EN","headline":"13-YEAR-OLD BOY FROM BIH KILLED IN GERMANY: He was riding an electric scooter and died in a collision, the car driver fled home and then called for help!","author":{"@id":"https:\/\/serbiantimes.info\/en\/author\/serbiantimes-portal\/#author"},"publisher":{"@id":"https:\/\/serbiantimes.info\/en\/#organization"},"image":{"@type":"ImageObject","url":"https:\/\/serbiantimes.info\/en\/wp-content\/uploads\/sites\/2\/2026\/07\/DIPTIH-TRIPTIH-Serbian-Times-6-10.jpg","width":1200,"height":750},"datePublished":"2026-07-15T13:19:06+02:00","dateModified":"2026-07-15T13:21:29+02:00","inLanguage":"en-US","mainEntityOfPage":{"@id":"https:\/\/serbiantimes.info\/en\/13-year-old-boy-from-bih-killed-in-germany-he-was-riding-an-electric-scooter-and-died-in-a-collision-the-car-driver-fled-home-and-then-called-for-help\/#webpage"},"isPartOf":{"@id":"https:\/\/serbiantimes.info\/en\/13-year-old-boy-from-bih-killed-in-germany-he-was-riding-an-electric-scooter-and-died-in-a-collision-the-car-driver-fled-home-and-then-called-for-help\/#webpage"},"articleSection":"DIASPORA, automobil, BiH, Bosna i Hercegovina, de\u010dak, elektri\u010dni trotinet, Nema\u010dka, sudar, tragedija"},{"@type":"BreadcrumbList","@id":"https:\/\/serbiantimes.info\/en\/13-year-old-boy-from-bih-killed-in-germany-he-was-riding-an-electric-scooter-and-died-in-a-collision-the-car-driver-fled-home-and-then-called-for-help\/#breadcrumblist","itemListElement":[{"@type":"ListItem","@id":"https:\/\/serbiantimes.info\/en#listItem","position":1,"name":"Home","item":"https:\/\/serbiantimes.info\/en","nextItem":{"@type":"ListItem","@id":"https:\/\/serbiantimes.info\/en\/category\/diaspora\/#listItem","name":"DIASPORA"}},{"@type":"ListItem","@id":"https:\/\/serbiantimes.info\/en\/category\/diaspora\/#listItem","position":2,"name":"DIASPORA","item":"https:\/\/serbiantimes.info\/en\/category\/diaspora\/","nextItem":{"@type":"ListItem","@id":"https:\/\/serbiantimes.info\/en\/13-year-old-boy-from-bih-killed-in-germany-he-was-riding-an-electric-scooter-and-died-in-a-collision-the-car-driver-fled-home-and-then-called-for-help\/#listItem","name":"13-YEAR-OLD BOY FROM BIH KILLED IN GERMANY: He was riding an electric scooter and died in a collision, the car driver fled home and then called for help!"},"previousItem":{"@type":"ListItem","@id":"https:\/\/serbiantimes.info\/en#listItem","name":"Home"}},{"@type":"ListItem","@id":"https:\/\/serbiantimes.info\/en\/13-year-old-boy-from-bih-killed-in-germany-he-was-riding-an-electric-scooter-and-died-in-a-collision-the-car-driver-fled-home-and-then-called-for-help\/#listItem","position":3,"name":"13-YEAR-OLD BOY FROM BIH KILLED IN GERMANY: He was riding an electric scooter and died in a collision, the car driver fled home and then called for help!","previousItem":{"@type":"ListItem","@id":"https:\/\/serbiantimes.info\/en\/category\/diaspora\/#listItem","name":"DIASPORA"}}]},{"@type":"Organization","@id":"https:\/\/serbiantimes.info\/en\/#organization","name":"Serbiantimes.info EN","url":"https:\/\/serbiantimes.info\/en\/","logo":{"@type":"ImageObject","url":"https:\/\/serbiantimes.info\/en\/wp-content\/uploads\/sites\/2\/2024\/10\/cropped-cropped-Serbian-Times-Header-Logo-1.png","@id":"https:\/\/serbiantimes.info\/en\/13-year-old-boy-from-bih-killed-in-germany-he-was-riding-an-electric-scooter-and-died-in-a-collision-the-car-driver-fled-home-and-then-called-for-help\/#organizationLogo","width":480,"height":100},"image":{"@id":"https:\/\/serbiantimes.info\/en\/13-year-old-boy-from-bih-killed-in-germany-he-was-riding-an-electric-scooter-and-died-in-a-collision-the-car-driver-fled-home-and-then-called-for-help\/#organizationLogo"}},{"@type":"Person","@id":"https:\/\/serbiantimes.info\/en\/author\/serbiantimes-portal\/#author","url":"https:\/\/serbiantimes.info\/en\/author\/serbiantimes-portal\/","name":"Serbian Times","image":{"@type":"ImageObject","@id":"https:\/\/serbiantimes.info\/en\/13-year-old-boy-from-bih-killed-in-germany-he-was-riding-an-electric-scooter-and-died-in-a-collision-the-car-driver-fled-home-and-then-called-for-help\/#authorImage","url":"https:\/\/secure.gravatar.com\/avatar\/ea76e009769270b4193e2bc7e032c096b4ae135483ec03b396fd0f520bc3dcfd?s=96&d=mm&r=g","width":96,"height":96,"caption":"Serbian Times"}},{"@type":"WebPage","@id":"https:\/\/serbiantimes.info\/en\/13-year-old-boy-from-bih-killed-in-germany-he-was-riding-an-electric-scooter-and-died-in-a-collision-the-car-driver-fled-home-and-then-called-for-help\/#webpage","url":"https:\/\/serbiantimes.info\/en\/13-year-old-boy-from-bih-killed-in-germany-he-was-riding-an-electric-scooter-and-died-in-a-collision-the-car-driver-fled-home-and-then-called-for-help\/","name":"13-YEAR-OLD BOY FROM BIH KILLED IN GERMANY: He was riding an electric scooter and died in a collision, the car driver fled home and then called for help! | Serbiantimes.info EN","description":"A thirteen-year-old boy from Bosnia and Herzegovina was killed in a traffic accident that occurred in the German town of Gerabronn, in the federal state of Baden-W\u00fcrttemberg. According to information from the German police, the boy was riding an electric scooter when a collision occurred at an intersection with a passenger car driven by a","inLanguage":"en-US","isPartOf":{"@id":"https:\/\/serbiantimes.info\/en\/#website"},"breadcrumb":{"@id":"https:\/\/serbiantimes.info\/en\/13-year-old-boy-from-bih-killed-in-germany-he-was-riding-an-electric-scooter-and-died-in-a-collision-the-car-driver-fled-home-and-then-called-for-help\/#breadcrumblist"},"author":{"@id":"https:\/\/serbiantimes.info\/en\/author\/serbiantimes-portal\/#author"},"creator":{"@id":"https:\/\/serbiantimes.info\/en\/author\/serbiantimes-portal\/#author"},"image":{"@type":"ImageObject","url":"https:\/\/serbiantimes.info\/en\/wp-content\/uploads\/sites\/2\/2026\/07\/DIPTIH-TRIPTIH-Serbian-Times-6-10.jpg","@id":"https:\/\/serbiantimes.info\/en\/13-year-old-boy-from-bih-killed-in-germany-he-was-riding-an-electric-scooter-and-died-in-a-collision-the-car-driver-fled-home-and-then-called-for-help\/#mainImage","width":1200,"height":750},"primaryImageOfPage":{"@id":"https:\/\/serbiantimes.info\/en\/13-year-old-boy-from-bih-killed-in-germany-he-was-riding-an-electric-scooter-and-died-in-a-collision-the-car-driver-fled-home-and-then-called-for-help\/#mainImage"},"datePublished":"2026-07-15T13:19:06+02:00","dateModified":"2026-07-15T13:21:29+02:00"},{"@type":"WebSite","@id":"https:\/\/serbiantimes.info\/en\/#website","url":"https:\/\/serbiantimes.info\/en\/","name":"Serbiantimes.info EN","inLanguage":"en-US","publisher":{"@id":"https:\/\/serbiantimes.info\/en\/#organization"}}]},"og:locale":"en_US","og:site_name":"Serbiantimes.info EN |","og:type":"article","og:title":"13-YEAR-OLD BOY FROM BIH KILLED IN GERMANY: He was riding an electric scooter and died in a collision, the car driver fled home and then called for help! | Serbiantimes.info EN","og:description":"A thirteen-year-old boy from Bosnia and Herzegovina was killed in a traffic accident that occurred in the German town of Gerabronn, in the federal state of Baden-W\u00fcrttemberg. According to information from the German police, the boy was riding an electric scooter when a collision occurred at an intersection with a passenger car driven by a","og:url":"https:\/\/serbiantimes.info\/en\/13-year-old-boy-from-bih-killed-in-germany-he-was-riding-an-electric-scooter-and-died-in-a-collision-the-car-driver-fled-home-and-then-called-for-help\/","og:image":"https:\/\/serbiantimes.info\/en\/wp-content\/uploads\/sites\/2\/2026\/07\/DIPTIH-TRIPTIH-Serbian-Times-6-10.jpg","og:image:secure_url":"https:\/\/serbiantimes.info\/en\/wp-content\/uploads\/sites\/2\/2026\/07\/DIPTIH-TRIPTIH-Serbian-Times-6-10.jpg","og:image:width":1200,"og:image:height":750,"article:published_time":"2026-07-15T11:19:06+00:00","article:modified_time":"2026-07-15T11:21:29+00:00","twitter:card":"summary_large_image","twitter:title":"13-YEAR-OLD BOY FROM BIH KILLED IN GERMANY: He was riding an electric scooter and died in a collision, the car driver fled home and then called for help! | Serbiantimes.info EN","twitter:description":"A thirteen-year-old boy from Bosnia and Herzegovina was killed in a traffic accident that occurred in the German town of Gerabronn, in the federal state of Baden-W\u00fcrttemberg. According to information from the German police, the boy was riding an electric scooter when a collision occurred at an intersection with a passenger car driven by a","twitter:image":"https:\/\/serbiantimes.info\/en\/wp-content\/uploads\/sites\/2\/2026\/07\/DIPTIH-TRIPTIH-Serbian-Times-6-10.jpg"},"aioseo_meta_data":{"post_id":"214423","title":null,"description":null,"keywords":null,"keyphrases":{"focus":{"keyphrase":"","score":0,"analysis":{"keyphraseInTitle":{"score":0,"maxScore":9,"error":1}}},"additional":[]},"primary_term":null,"canonical_url":null,"og_title":null,"og_description":null,"og_object_type":"default","og_image_type":"default","og_image_url":null,"og_image_width":null,"og_image_height":null,"og_image_custom_url":null,"og_image_custom_fields":null,"og_video":"","og_custom_url":null,"og_article_section":null,"og_article_tags":null,"twitter_use_og":false,"twitter_card":"default","twitter_image_type":"default","twitter_image_url":null,"twitter_image_custom_url":null,"twitter_image_custom_fields":null,"twitter_title":null,"twitter_description":null,"schema":{"blockGraphs":[],"customGraphs":[],"default":{"data":{"Article":[],"Course":[],"Dataset":[],"FAQPage":[],"Movie":[],"Person":[],"Product":[],"ProductReview":[],"Car":[],"Recipe":[],"Service":[],"SoftwareApplication":[],"WebPage":[]},"graphName":"BlogPosting","isEnabled":true},"graphs":[]},"schema_type":"default","schema_type_options":null,"pillar_content":false,"robots_default":true,"robots_noindex":false,"robots_noarchive":false,"robots_nosnippet":false,"robots_nofollow":false,"robots_noimageindex":false,"robots_noodp":false,"robots_notranslate":false,"robots_max_snippet":"-1","robots_max_videopreview":"-1","robots_max_imagepreview":"large","priority":null,"frequency":"default","local_seo":null,"breadcrumb_settings":null,"limit_modified_date":false,"ai":{"faqs":[],"keyPoints":[],"titles":[],"descriptions":[],"socialPosts":{"email":[],"linkedin":[],"twitter":[],"facebook":[],"instagram":[]}},"created":"2026-07-15 11:19:06","updated":"2026-07-15 13:32:34","focus_keyword":null,"additional_keywords":null,"truseo_locale":null,"seo_analyzer_scan_date":null},"aioseo_breadcrumb":"<div class=\"aioseo-breadcrumbs\"><span class=\"aioseo-breadcrumb\">\n\t\t\t<a href=\"https:\/\/serbiantimes.info\/en\" title=\"Home\">Home<\/a>\n\t\t<\/span><span class=\"aioseo-breadcrumb-separator\">&raquo;<\/span><span class=\"aioseo-breadcrumb\">\n\t\t\t<a href=\"https:\/\/serbiantimes.info\/en\/category\/diaspora\/\" title=\"DIASPORA\">DIASPORA<\/a>\n\t\t<\/span><span class=\"aioseo-breadcrumb-separator\">&raquo;<\/span><span class=\"aioseo-breadcrumb\">\n\t\t\t13-YEAR-OLD BOY FROM BIH KILLED IN GERMANY: He was riding an electric scooter and died in a collision, the car driver fled home and then called for help!\n\t\t<\/span><\/div>","aioseo_breadcrumb_json":[{"label":"Home","link":"https:\/\/serbiantimes.info\/en"},{"label":"DIASPORA","link":"https:\/\/serbiantimes.info\/en\/category\/diaspora\/"},{"label":"13-YEAR-OLD BOY FROM BIH KILLED IN GERMANY: He was riding an electric scooter and died in a collision, the car driver fled home and then called for help!","link":"https:\/\/serbiantimes.info\/en\/13-year-old-boy-from-bih-killed-in-germany-he-was-riding-an-electric-scooter-and-died-in-a-collision-the-car-driver-fled-home-and-then-called-for-help\/"}],"distributor_meta":false,"distributor_terms":false,"distributor_media":false,"distributor_original_site_name":"Serbiantimes.info EN","distributor_original_site_url":"https:\/\/serbiantimes.info\/en","push-errors":false,"_links":{"self":[{"href":"https:\/\/serbiantimes.info\/en\/wp-json\/wp\/v2\/posts\/214423","targetHints":{"allow":["GET"]}}],"collection":[{"href":"https:\/\/serbiantimes.info\/en\/wp-json\/wp\/v2\/posts"}],"about":[{"href":"https:\/\/serbiantimes.info\/en\/wp-json\/wp\/v2\/types\/post"}],"author":[{"embeddable":true,"href":"https:\/\/serbiantimes.info\/en\/wp-json\/wp\/v2\/users\/2169"}],"replies":[{"embeddable":true,"href":"https:\/\/serbiantimes.info\/en\/wp-json\/wp\/v2\/comments?post=214423"}],"version-history":[{"count":2,"href":"https:\/\/serbiantimes.info\/en\/wp-json\/wp\/v2\/posts\/214423\/revisions"}],"predecessor-version":[{"id":214449,"href":"https:\/\/serbiantimes.info\/en\/wp-json\/wp\/v2\/posts\/214423\/revisions\/214449"}],"wp:featuredmedia":[{"embeddable":true,"href":"https:\/\/serbiantimes.info\/en\/wp-json\/wp\/v2\/media\/214424"}],"wp:attachment":[{"href":"https:\/\/serbiantimes.info\/en\/wp-json\/wp\/v2\/media?parent=214423"}],"wp:term":[{"taxonomy":"category","embeddable":true,"href":"https:\/\/serbiantimes.info\/en\/wp-json\/wp\/v2\/categories?post=214423"},{"taxonomy":"post_tag","embeddable":true,"href":"https:\/\/serbiantimes.info\/en\/wp-json\/wp\/v2\/tags?post=214423"}],"curies":[{"name":"wp","href":"https:\/\/api.w.org\/{rel}","templated":true}]}}