{"id":214346,"date":"2026-07-14T16:05:12","date_gmt":"2026-07-14T14:05:12","guid":{"rendered":"https:\/\/serbiantimes.info\/en\/?p=214346"},"modified":"2026-07-14T16:06:28","modified_gmt":"2026-07-14T14:06:28","slug":"serbian-kayakers-dominated-in-montreal-zarko-and-marko-won-the-gold-medal-at-the-world-cup","status":"publish","type":"post","link":"https:\/\/serbiantimes.info\/en\/serbian-kayakers-dominated-in-montreal-zarko-and-marko-won-the-gold-medal-at-the-world-cup\/","title":{"rendered":"SERBIAN KAYAKERS DOMINATED IN MONTREAL: Zarko and Marko won the gold medal at the World Cup!"},"content":{"rendered":"\n<p class=\"wp-block-paragraph\"><strong><em>Serbian national team members \u017darko Jakovljevi\u0107 and Marko Dragosavljevi\u0107 won the gold medal in the K2 500 m discipline on the final day of the World Cup in Montreal.<\/em><\/strong><\/p>\n\n\n\n<p class=\"wp-block-paragraph\">They reached the brightest medal after dominant performances throughout the entire competition, as they triumphed in the A final after successfully paddled qualifications and a victory in the semifinal.<\/p>\n\n\n\n<p class=\"wp-block-paragraph\">The Serbian double reached the victory with a time of 1:26.67, ahead of Slovak national team members Samuel Bala\u017e and Adam Botek (1:27.04), while the bronze medal went to Norwegians Lukas Roesten and Gunnar Eide (1:27.48).<\/p>\n\n\n\n<p class=\"wp-block-paragraph\">Jakovljevi\u0107 and Dragosavljevi\u0107 showed exceptional form throughout the entire competition. After excellent performances in the qualifications and a convincing victory in the semifinal, they crowned a great series by winning the gold medal in the competition of the world&#8217;s best crews.<\/p>\n\n\n\n<p class=\"wp-block-paragraph\">Special value is given to this result by the fact that for \u017darko Jakovljevi\u0107, this is his first medal in senior competition at the World Cup, while his partner Marko Dragosavljevi\u0107, one of the most experienced Serbian national team members, once again confirmed top quality and experience on the biggest international stage. The combination of youth and experience proved to be a winning combination for the Serbian double.<\/p>\n\n\n\n<p class=\"wp-block-paragraph\">The success gains in importance also due to the fact that Jakovljevi\u0107 and Dragosavljevi\u0107 paddled only their sixth official international race together. This double, as well as the men&#8217;s four at 500 meters, was formed immediately before the European Championship in Portugal. In less than a month of joint work, the new Serbian crew went from formation to the winning podium at the World Cup, which represents an exceptional indicator of its potential in the continuation of the Olympic cycle.<\/p>\n\n\n\n<p class=\"wp-block-paragraph\">A notable performance was also achieved by Branko Lagund\u017ei\u0107, who took seventh place in the A final of the K1 500 m discipline with a time of 1:39.64. Placing among the nine best represents a confirmation of the excellent form of the Serbian national team member, who was previously the fastest in the qualifications and successfully secured a place in the final.<\/p>\n\n\n\n<p class=\"wp-block-paragraph\">The Serbian national team member once again confirmed the continuity of top results, since this season he is also a regular participant in the A final of the K1 500 m discipline at the World Cups and the European Championship. Placing among the best nine in Montreal represents a continuation of a series of notable performances in the strongest world competition.<\/p>\n\n\n\n<p class=\"wp-block-paragraph\">The young Serbian double Veljko Vje\u0161tica and Strahinja Dragosavljevi\u0107 performed in the C final of the K2 500 m discipline and took eighth place with a time of 1:36.29, thus finishing the World Cup in 26th place in the overall standings. For the two nineteen-year-old national team members, the performance in Montreal represents valuable experience gained in competition with the world&#8217;s best crews.<\/p>\n\n\n\n<p class=\"wp-block-paragraph\">The World Cup in Montreal once again confirmed that Serbia belongs to the very top of world sprint kayak. With two gold medals, a fifth place for the men&#8217;s four, and a seventh place for Branko Lagund\u017ei\u0107 in the K1 500 m discipline, our national team took seventh place on the medal standings, leaving behind numerous traditionally strong kayaking powerhouses. The achieved results represent an excellent incentive and confirmation that the national team of Serbia continues the Olympic cycle towards the Los Angeles 2028 Games with great optimism.<\/p>\n\n\n\n<h4 class=\"wp-block-heading\"><mark style=\"background-color:#FFFFFF;color:#d21414\" class=\"has-inline-color\">MORE TOPICS:<\/mark><\/h4>\n\n\n\n<p class=\"wp-block-paragraph\"><strong><a href=\"https:\/\/serbiantimes.info\/en\/i-would-have-ethnically-cleansed-kosovo-in-1998-scandalous-statement-by-minister-snezana-paunovic-went-around-the-planet-video\/\" target=\"_blank\" rel=\"noopener\" title=\"\">\u201cI WOULD HAVE ETHNICALLY CLEANSED KOSOVO IN 1998\u201d: Scandalous statement by Minister Snezana Paunovic went around the planet! (VIDEO)<\/a><\/strong><\/p>\n\n\n\n<p class=\"wp-block-paragraph\"><strong><a href=\"https:\/\/serbiantimes.info\/en\/there-is-no-place-in-europe-for-such-rhetoric-european-commission-reacted-to-minister-paunovics-statement-on-ethnic-cleansing\/\" target=\"_blank\" rel=\"noopener\" title=\"\">\u201cTHERE IS NO PLACE IN EUROPE FOR SUCH RHETORIC\u201d: European Commission reacted to Minister Paunovic\u2019s statement on ethnic cleansing!<\/a><\/strong><\/p>\n\n\n\n<p class=\"wp-block-paragraph\"><strong><a href=\"https:\/\/serbiantimes.info\/en\/america-and-serbia-in-honor-of-nikola-tesla-a-large-gathering-of-scientists-and-admirers-of-the-brilliant-scientist-was-held-in-philadelphia-serbian-consul-opened-the-event\/\" target=\"_blank\" rel=\"noopener\" title=\"\">AMERICA AND SERBIA IN HONOR OF NIKOLA TESLA: A large gathering of scientists and admirers of the brilliant scientist was held in Philadelphia, Serbian consul opened the event!<\/a><\/strong><\/p>\n\n\n\n<p class=\"wp-block-paragraph\"><strong><a href=\"https:\/\/serbiantimes.info\/en\/prizren-is-also-our-city-prince-filip-announced-the-jubilee-10th-holy-archangels-summer-school-in-the-former-serbian-capital\/\" target=\"_blank\" rel=\"noopener\" title=\"\">\u201cPRIZREN IS ALSO OUR CITY\u201d Prince Filip announced the jubilee 10th Holy Archangels summer school in the former Serbian capital!<\/a><\/strong><\/p>\n\n\n\n<p class=\"wp-block-paragraph\"><strong><a href=\"https:\/\/serbiantimes.info\/en\/nikola-16-is-the-pride-of-republika-srpska-young-man-from-banja-luka-won-3-world-golds-in-just-7-days\/\" target=\"_blank\" rel=\"noopener\" title=\"\">NIKOLA (16) IS THE PRIDE OF REPUBLIKA SRPSKA: Young man from Banja Luka won 3 world golds in just 7 days!<\/a><\/strong><\/p>\n\n\n\n<p class=\"wp-block-paragraph\"><strong><strong>Source<\/strong><\/strong>: <a href=\"https:\/\/nova.rs\/sport\/sport-ostalo\/srpski-kajakasi-osvojili-zlato-na-svetskom-kupu\/\" target=\"_blank\" rel=\"noopener\" title=\"\">Nova.rs<\/a>; <strong>Photo<\/strong>: Printscreen Instagram @inpress.rs<\/p>\n","protected":false},"excerpt":{"rendered":"<p>Serbian national team members \u017darko Jakovljevi\u0107 and Marko Dragosavljevi\u0107 won the gold medal in the K2 500 m discipline on the final day of the World Cup in Montreal. They reached the brightest medal after dominant performances throughout the entire competition, as they triumphed in the A final after successfully paddled qualifications and a victory [&hellip;]<\/p>\n","protected":false},"author":2169,"featured_media":214347,"comment_status":"open","ping_status":"open","sticky":false,"template":"","format":"standard","meta":{"newspack_featured_image_position":"","newspack_post_subtitle":"","newspack_article_summary_title":"Overview:","newspack_article_summary":"","newspack_hide_updated_date":false,"newspack_show_updated_date":false,"footnotes":""},"categories":[10],"tags":[13535,13505,91,113,7155,13536],"class_list":["post-214346","post","type-post","status-publish","format-standard","has-post-thumbnail","hentry","category-sport","tag-kajakasi","tag-marko-dragosavljevic","tag-sport","tag-srbija","tag-svetski-kup","tag-zarko-jakovljevic","entry"],"aioseo_notices":[],"aioseo_head":"\n\t\t<!-- All in One SEO 5.0.1.1 - aioseo.com -->\n\t<meta name=\"description\" content=\"Serbian national team members \u017darko Jakovljevi\u0107 and Marko Dragosavljevi\u0107 won the gold medal in the K2 500 m discipline on the final day of the World Cup in Montreal. They reached the brightest medal after dominant performances throughout the entire competition, as they triumphed in the A final after successfully paddled qualifications and a victory\" \/>\n\t<meta name=\"robots\" content=\"max-image-preview:large\" \/>\n\t<meta name=\"author\" content=\"Serbian Times\"\/>\n\t<link rel=\"canonical\" href=\"https:\/\/serbiantimes.info\/en\/serbian-kayakers-dominated-in-montreal-zarko-and-marko-won-the-gold-medal-at-the-world-cup\/\" \/>\n\t<meta name=\"generator\" content=\"All in One SEO (AIOSEO) 5.0.1.1\" \/>\n\t\t<meta property=\"og:locale\" content=\"en_US\" \/>\n\t\t<meta property=\"og:site_name\" content=\"Serbiantimes.info EN |\" \/>\n\t\t<meta property=\"og:type\" content=\"article\" \/>\n\t\t<meta property=\"og:title\" content=\"SERBIAN KAYAKERS DOMINATED IN MONTREAL: Zarko and Marko won the gold medal at the World Cup! | Serbiantimes.info EN\" \/>\n\t\t<meta property=\"og:description\" content=\"Serbian national team members \u017darko Jakovljevi\u0107 and Marko Dragosavljevi\u0107 won the gold medal in the K2 500 m discipline on the final day of the World Cup in Montreal. They reached the brightest medal after dominant performances throughout the entire competition, as they triumphed in the A final after successfully paddled qualifications and a victory\" \/>\n\t\t<meta property=\"og:url\" content=\"https:\/\/serbiantimes.info\/en\/serbian-kayakers-dominated-in-montreal-zarko-and-marko-won-the-gold-medal-at-the-world-cup\/\" \/>\n\t\t<meta property=\"og:image\" content=\"https:\/\/serbiantimes.info\/en\/wp-content\/uploads\/sites\/2\/2026\/07\/ST-Montaze-48.jpg\" \/>\n\t\t<meta property=\"og:image:secure_url\" content=\"https:\/\/serbiantimes.info\/en\/wp-content\/uploads\/sites\/2\/2026\/07\/ST-Montaze-48.jpg\" \/>\n\t\t<meta property=\"og:image:width\" content=\"1200\" \/>\n\t\t<meta property=\"og:image:height\" content=\"750\" \/>\n\t\t<meta property=\"article:published_time\" content=\"2026-07-14T14:05:12+00:00\" \/>\n\t\t<meta property=\"article:modified_time\" content=\"2026-07-14T14:06:28+00:00\" \/>\n\t\t<meta name=\"twitter:card\" content=\"summary_large_image\" \/>\n\t\t<meta name=\"twitter:title\" content=\"SERBIAN KAYAKERS DOMINATED IN MONTREAL: Zarko and Marko won the gold medal at the World Cup! | Serbiantimes.info EN\" \/>\n\t\t<meta name=\"twitter:description\" content=\"Serbian national team members \u017darko Jakovljevi\u0107 and Marko Dragosavljevi\u0107 won the gold medal in the K2 500 m discipline on the final day of the World Cup in Montreal. They reached the brightest medal after dominant performances throughout the entire competition, as they triumphed in the A final after successfully paddled qualifications and a victory\" \/>\n\t\t<meta name=\"twitter:image\" content=\"https:\/\/serbiantimes.info\/en\/wp-content\/uploads\/sites\/2\/2026\/07\/ST-Montaze-48.jpg\" \/>\n\t\t<script type=\"application\/ld+json\" class=\"aioseo-schema\">\n\t\t\t{\"@context\":\"https:\\\/\\\/schema.org\",\"@graph\":[{\"@type\":\"BlogPosting\",\"@id\":\"https:\\\/\\\/serbiantimes.info\\\/en\\\/serbian-kayakers-dominated-in-montreal-zarko-and-marko-won-the-gold-medal-at-the-world-cup\\\/#blogposting\",\"name\":\"SERBIAN KAYAKERS DOMINATED IN MONTREAL: Zarko and Marko won the gold medal at the World Cup! | Serbiantimes.info EN\",\"headline\":\"SERBIAN KAYAKERS DOMINATED IN MONTREAL: Zarko and Marko won the gold medal at the World Cup!\",\"author\":{\"@id\":\"https:\\\/\\\/serbiantimes.info\\\/en\\\/author\\\/serbiantimes-portal\\\/#author\"},\"publisher\":{\"@id\":\"https:\\\/\\\/serbiantimes.info\\\/en\\\/#organization\"},\"image\":{\"@type\":\"ImageObject\",\"url\":\"https:\\\/\\\/serbiantimes.info\\\/en\\\/wp-content\\\/uploads\\\/sites\\\/2\\\/2026\\\/07\\\/ST-Montaze-48.jpg\",\"width\":1200,\"height\":750},\"datePublished\":\"2026-07-14T16:05:12+02:00\",\"dateModified\":\"2026-07-14T16:06:28+02:00\",\"inLanguage\":\"en-US\",\"mainEntityOfPage\":{\"@id\":\"https:\\\/\\\/serbiantimes.info\\\/en\\\/serbian-kayakers-dominated-in-montreal-zarko-and-marko-won-the-gold-medal-at-the-world-cup\\\/#webpage\"},\"isPartOf\":{\"@id\":\"https:\\\/\\\/serbiantimes.info\\\/en\\\/serbian-kayakers-dominated-in-montreal-zarko-and-marko-won-the-gold-medal-at-the-world-cup\\\/#webpage\"},\"articleSection\":\"SPORT, Kajaka\\u0161i, Marko Dragosavljevi\\u0107, sport, Srbija, Svetski kup, \\u017darko Jakovljevi\\u0107\"},{\"@type\":\"BreadcrumbList\",\"@id\":\"https:\\\/\\\/serbiantimes.info\\\/en\\\/serbian-kayakers-dominated-in-montreal-zarko-and-marko-won-the-gold-medal-at-the-world-cup\\\/#breadcrumblist\",\"itemListElement\":[{\"@type\":\"ListItem\",\"@id\":\"https:\\\/\\\/serbiantimes.info\\\/en#listItem\",\"position\":1,\"name\":\"Home\",\"item\":\"https:\\\/\\\/serbiantimes.info\\\/en\",\"nextItem\":{\"@type\":\"ListItem\",\"@id\":\"https:\\\/\\\/serbiantimes.info\\\/en\\\/category\\\/sport\\\/#listItem\",\"name\":\"SPORT\"}},{\"@type\":\"ListItem\",\"@id\":\"https:\\\/\\\/serbiantimes.info\\\/en\\\/category\\\/sport\\\/#listItem\",\"position\":2,\"name\":\"SPORT\",\"item\":\"https:\\\/\\\/serbiantimes.info\\\/en\\\/category\\\/sport\\\/\",\"nextItem\":{\"@type\":\"ListItem\",\"@id\":\"https:\\\/\\\/serbiantimes.info\\\/en\\\/serbian-kayakers-dominated-in-montreal-zarko-and-marko-won-the-gold-medal-at-the-world-cup\\\/#listItem\",\"name\":\"SERBIAN KAYAKERS DOMINATED IN MONTREAL: Zarko and Marko won the gold medal at the World Cup!\"},\"previousItem\":{\"@type\":\"ListItem\",\"@id\":\"https:\\\/\\\/serbiantimes.info\\\/en#listItem\",\"name\":\"Home\"}},{\"@type\":\"ListItem\",\"@id\":\"https:\\\/\\\/serbiantimes.info\\\/en\\\/serbian-kayakers-dominated-in-montreal-zarko-and-marko-won-the-gold-medal-at-the-world-cup\\\/#listItem\",\"position\":3,\"name\":\"SERBIAN KAYAKERS DOMINATED IN MONTREAL: Zarko and Marko won the gold medal at the World Cup!\",\"previousItem\":{\"@type\":\"ListItem\",\"@id\":\"https:\\\/\\\/serbiantimes.info\\\/en\\\/category\\\/sport\\\/#listItem\",\"name\":\"SPORT\"}}]},{\"@type\":\"Organization\",\"@id\":\"https:\\\/\\\/serbiantimes.info\\\/en\\\/#organization\",\"name\":\"Serbiantimes.info EN\",\"url\":\"https:\\\/\\\/serbiantimes.info\\\/en\\\/\",\"logo\":{\"@type\":\"ImageObject\",\"url\":\"https:\\\/\\\/serbiantimes.info\\\/en\\\/wp-content\\\/uploads\\\/sites\\\/2\\\/2024\\\/10\\\/cropped-cropped-Serbian-Times-Header-Logo-1.png\",\"@id\":\"https:\\\/\\\/serbiantimes.info\\\/en\\\/serbian-kayakers-dominated-in-montreal-zarko-and-marko-won-the-gold-medal-at-the-world-cup\\\/#organizationLogo\",\"width\":480,\"height\":100},\"image\":{\"@id\":\"https:\\\/\\\/serbiantimes.info\\\/en\\\/serbian-kayakers-dominated-in-montreal-zarko-and-marko-won-the-gold-medal-at-the-world-cup\\\/#organizationLogo\"}},{\"@type\":\"Person\",\"@id\":\"https:\\\/\\\/serbiantimes.info\\\/en\\\/author\\\/serbiantimes-portal\\\/#author\",\"url\":\"https:\\\/\\\/serbiantimes.info\\\/en\\\/author\\\/serbiantimes-portal\\\/\",\"name\":\"Serbian Times\",\"image\":{\"@type\":\"ImageObject\",\"@id\":\"https:\\\/\\\/serbiantimes.info\\\/en\\\/serbian-kayakers-dominated-in-montreal-zarko-and-marko-won-the-gold-medal-at-the-world-cup\\\/#authorImage\",\"url\":\"https:\\\/\\\/secure.gravatar.com\\\/avatar\\\/ea76e009769270b4193e2bc7e032c096b4ae135483ec03b396fd0f520bc3dcfd?s=96&d=mm&r=g\",\"width\":96,\"height\":96,\"caption\":\"Serbian Times\"}},{\"@type\":\"WebPage\",\"@id\":\"https:\\\/\\\/serbiantimes.info\\\/en\\\/serbian-kayakers-dominated-in-montreal-zarko-and-marko-won-the-gold-medal-at-the-world-cup\\\/#webpage\",\"url\":\"https:\\\/\\\/serbiantimes.info\\\/en\\\/serbian-kayakers-dominated-in-montreal-zarko-and-marko-won-the-gold-medal-at-the-world-cup\\\/\",\"name\":\"SERBIAN KAYAKERS DOMINATED IN MONTREAL: Zarko and Marko won the gold medal at the World Cup! | Serbiantimes.info EN\",\"description\":\"Serbian national team members \\u017darko Jakovljevi\\u0107 and Marko Dragosavljevi\\u0107 won the gold medal in the K2 500 m discipline on the final day of the World Cup in Montreal. They reached the brightest medal after dominant performances throughout the entire competition, as they triumphed in the A final after successfully paddled qualifications and a victory\",\"inLanguage\":\"en-US\",\"isPartOf\":{\"@id\":\"https:\\\/\\\/serbiantimes.info\\\/en\\\/#website\"},\"breadcrumb\":{\"@id\":\"https:\\\/\\\/serbiantimes.info\\\/en\\\/serbian-kayakers-dominated-in-montreal-zarko-and-marko-won-the-gold-medal-at-the-world-cup\\\/#breadcrumblist\"},\"author\":{\"@id\":\"https:\\\/\\\/serbiantimes.info\\\/en\\\/author\\\/serbiantimes-portal\\\/#author\"},\"creator\":{\"@id\":\"https:\\\/\\\/serbiantimes.info\\\/en\\\/author\\\/serbiantimes-portal\\\/#author\"},\"image\":{\"@type\":\"ImageObject\",\"url\":\"https:\\\/\\\/serbiantimes.info\\\/en\\\/wp-content\\\/uploads\\\/sites\\\/2\\\/2026\\\/07\\\/ST-Montaze-48.jpg\",\"@id\":\"https:\\\/\\\/serbiantimes.info\\\/en\\\/serbian-kayakers-dominated-in-montreal-zarko-and-marko-won-the-gold-medal-at-the-world-cup\\\/#mainImage\",\"width\":1200,\"height\":750},\"primaryImageOfPage\":{\"@id\":\"https:\\\/\\\/serbiantimes.info\\\/en\\\/serbian-kayakers-dominated-in-montreal-zarko-and-marko-won-the-gold-medal-at-the-world-cup\\\/#mainImage\"},\"datePublished\":\"2026-07-14T16:05:12+02:00\",\"dateModified\":\"2026-07-14T16:06:28+02:00\"},{\"@type\":\"WebSite\",\"@id\":\"https:\\\/\\\/serbiantimes.info\\\/en\\\/#website\",\"url\":\"https:\\\/\\\/serbiantimes.info\\\/en\\\/\",\"name\":\"Serbiantimes.info EN\",\"inLanguage\":\"en-US\",\"publisher\":{\"@id\":\"https:\\\/\\\/serbiantimes.info\\\/en\\\/#organization\"}}]}\n\t\t<\/script>\n\t\t<!-- All in One SEO -->\n\n","aioseo_head_json":{"title":"SERBIAN KAYAKERS DOMINATED IN MONTREAL: Zarko and Marko won the gold medal at the World Cup! | Serbiantimes.info EN","description":"Serbian national team members \u017darko Jakovljevi\u0107 and Marko Dragosavljevi\u0107 won the gold medal in the K2 500 m discipline on the final day of the World Cup in Montreal. They reached the brightest medal after dominant performances throughout the entire competition, as they triumphed in the A final after successfully paddled qualifications and a victory","canonical_url":"https:\/\/serbiantimes.info\/en\/serbian-kayakers-dominated-in-montreal-zarko-and-marko-won-the-gold-medal-at-the-world-cup\/","robots":"max-image-preview:large","keywords":"","webmasterTools":{"miscellaneous":""},"schema":{"@context":"https:\/\/schema.org","@graph":[{"@type":"BlogPosting","@id":"https:\/\/serbiantimes.info\/en\/serbian-kayakers-dominated-in-montreal-zarko-and-marko-won-the-gold-medal-at-the-world-cup\/#blogposting","name":"SERBIAN KAYAKERS DOMINATED IN MONTREAL: Zarko and Marko won the gold medal at the World Cup! | Serbiantimes.info EN","headline":"SERBIAN KAYAKERS DOMINATED IN MONTREAL: Zarko and Marko won the gold medal at the World Cup!","author":{"@id":"https:\/\/serbiantimes.info\/en\/author\/serbiantimes-portal\/#author"},"publisher":{"@id":"https:\/\/serbiantimes.info\/en\/#organization"},"image":{"@type":"ImageObject","url":"https:\/\/serbiantimes.info\/en\/wp-content\/uploads\/sites\/2\/2026\/07\/ST-Montaze-48.jpg","width":1200,"height":750},"datePublished":"2026-07-14T16:05:12+02:00","dateModified":"2026-07-14T16:06:28+02:00","inLanguage":"en-US","mainEntityOfPage":{"@id":"https:\/\/serbiantimes.info\/en\/serbian-kayakers-dominated-in-montreal-zarko-and-marko-won-the-gold-medal-at-the-world-cup\/#webpage"},"isPartOf":{"@id":"https:\/\/serbiantimes.info\/en\/serbian-kayakers-dominated-in-montreal-zarko-and-marko-won-the-gold-medal-at-the-world-cup\/#webpage"},"articleSection":"SPORT, Kajaka\u0161i, Marko Dragosavljevi\u0107, sport, Srbija, Svetski kup, \u017darko Jakovljevi\u0107"},{"@type":"BreadcrumbList","@id":"https:\/\/serbiantimes.info\/en\/serbian-kayakers-dominated-in-montreal-zarko-and-marko-won-the-gold-medal-at-the-world-cup\/#breadcrumblist","itemListElement":[{"@type":"ListItem","@id":"https:\/\/serbiantimes.info\/en#listItem","position":1,"name":"Home","item":"https:\/\/serbiantimes.info\/en","nextItem":{"@type":"ListItem","@id":"https:\/\/serbiantimes.info\/en\/category\/sport\/#listItem","name":"SPORT"}},{"@type":"ListItem","@id":"https:\/\/serbiantimes.info\/en\/category\/sport\/#listItem","position":2,"name":"SPORT","item":"https:\/\/serbiantimes.info\/en\/category\/sport\/","nextItem":{"@type":"ListItem","@id":"https:\/\/serbiantimes.info\/en\/serbian-kayakers-dominated-in-montreal-zarko-and-marko-won-the-gold-medal-at-the-world-cup\/#listItem","name":"SERBIAN KAYAKERS DOMINATED IN MONTREAL: Zarko and Marko won the gold medal at the World Cup!"},"previousItem":{"@type":"ListItem","@id":"https:\/\/serbiantimes.info\/en#listItem","name":"Home"}},{"@type":"ListItem","@id":"https:\/\/serbiantimes.info\/en\/serbian-kayakers-dominated-in-montreal-zarko-and-marko-won-the-gold-medal-at-the-world-cup\/#listItem","position":3,"name":"SERBIAN KAYAKERS DOMINATED IN MONTREAL: Zarko and Marko won the gold medal at the World Cup!","previousItem":{"@type":"ListItem","@id":"https:\/\/serbiantimes.info\/en\/category\/sport\/#listItem","name":"SPORT"}}]},{"@type":"Organization","@id":"https:\/\/serbiantimes.info\/en\/#organization","name":"Serbiantimes.info EN","url":"https:\/\/serbiantimes.info\/en\/","logo":{"@type":"ImageObject","url":"https:\/\/serbiantimes.info\/en\/wp-content\/uploads\/sites\/2\/2024\/10\/cropped-cropped-Serbian-Times-Header-Logo-1.png","@id":"https:\/\/serbiantimes.info\/en\/serbian-kayakers-dominated-in-montreal-zarko-and-marko-won-the-gold-medal-at-the-world-cup\/#organizationLogo","width":480,"height":100},"image":{"@id":"https:\/\/serbiantimes.info\/en\/serbian-kayakers-dominated-in-montreal-zarko-and-marko-won-the-gold-medal-at-the-world-cup\/#organizationLogo"}},{"@type":"Person","@id":"https:\/\/serbiantimes.info\/en\/author\/serbiantimes-portal\/#author","url":"https:\/\/serbiantimes.info\/en\/author\/serbiantimes-portal\/","name":"Serbian Times","image":{"@type":"ImageObject","@id":"https:\/\/serbiantimes.info\/en\/serbian-kayakers-dominated-in-montreal-zarko-and-marko-won-the-gold-medal-at-the-world-cup\/#authorImage","url":"https:\/\/secure.gravatar.com\/avatar\/ea76e009769270b4193e2bc7e032c096b4ae135483ec03b396fd0f520bc3dcfd?s=96&d=mm&r=g","width":96,"height":96,"caption":"Serbian Times"}},{"@type":"WebPage","@id":"https:\/\/serbiantimes.info\/en\/serbian-kayakers-dominated-in-montreal-zarko-and-marko-won-the-gold-medal-at-the-world-cup\/#webpage","url":"https:\/\/serbiantimes.info\/en\/serbian-kayakers-dominated-in-montreal-zarko-and-marko-won-the-gold-medal-at-the-world-cup\/","name":"SERBIAN KAYAKERS DOMINATED IN MONTREAL: Zarko and Marko won the gold medal at the World Cup! | Serbiantimes.info EN","description":"Serbian national team members \u017darko Jakovljevi\u0107 and Marko Dragosavljevi\u0107 won the gold medal in the K2 500 m discipline on the final day of the World Cup in Montreal. They reached the brightest medal after dominant performances throughout the entire competition, as they triumphed in the A final after successfully paddled qualifications and a victory","inLanguage":"en-US","isPartOf":{"@id":"https:\/\/serbiantimes.info\/en\/#website"},"breadcrumb":{"@id":"https:\/\/serbiantimes.info\/en\/serbian-kayakers-dominated-in-montreal-zarko-and-marko-won-the-gold-medal-at-the-world-cup\/#breadcrumblist"},"author":{"@id":"https:\/\/serbiantimes.info\/en\/author\/serbiantimes-portal\/#author"},"creator":{"@id":"https:\/\/serbiantimes.info\/en\/author\/serbiantimes-portal\/#author"},"image":{"@type":"ImageObject","url":"https:\/\/serbiantimes.info\/en\/wp-content\/uploads\/sites\/2\/2026\/07\/ST-Montaze-48.jpg","@id":"https:\/\/serbiantimes.info\/en\/serbian-kayakers-dominated-in-montreal-zarko-and-marko-won-the-gold-medal-at-the-world-cup\/#mainImage","width":1200,"height":750},"primaryImageOfPage":{"@id":"https:\/\/serbiantimes.info\/en\/serbian-kayakers-dominated-in-montreal-zarko-and-marko-won-the-gold-medal-at-the-world-cup\/#mainImage"},"datePublished":"2026-07-14T16:05:12+02:00","dateModified":"2026-07-14T16:06:28+02:00"},{"@type":"WebSite","@id":"https:\/\/serbiantimes.info\/en\/#website","url":"https:\/\/serbiantimes.info\/en\/","name":"Serbiantimes.info EN","inLanguage":"en-US","publisher":{"@id":"https:\/\/serbiantimes.info\/en\/#organization"}}]},"og:locale":"en_US","og:site_name":"Serbiantimes.info EN |","og:type":"article","og:title":"SERBIAN KAYAKERS DOMINATED IN MONTREAL: Zarko and Marko won the gold medal at the World Cup! | Serbiantimes.info EN","og:description":"Serbian national team members \u017darko Jakovljevi\u0107 and Marko Dragosavljevi\u0107 won the gold medal in the K2 500 m discipline on the final day of the World Cup in Montreal. They reached the brightest medal after dominant performances throughout the entire competition, as they triumphed in the A final after successfully paddled qualifications and a victory","og:url":"https:\/\/serbiantimes.info\/en\/serbian-kayakers-dominated-in-montreal-zarko-and-marko-won-the-gold-medal-at-the-world-cup\/","og:image":"https:\/\/serbiantimes.info\/en\/wp-content\/uploads\/sites\/2\/2026\/07\/ST-Montaze-48.jpg","og:image:secure_url":"https:\/\/serbiantimes.info\/en\/wp-content\/uploads\/sites\/2\/2026\/07\/ST-Montaze-48.jpg","og:image:width":1200,"og:image:height":750,"article:published_time":"2026-07-14T14:05:12+00:00","article:modified_time":"2026-07-14T14:06:28+00:00","twitter:card":"summary_large_image","twitter:title":"SERBIAN KAYAKERS DOMINATED IN MONTREAL: Zarko and Marko won the gold medal at the World Cup! | Serbiantimes.info EN","twitter:description":"Serbian national team members \u017darko Jakovljevi\u0107 and Marko Dragosavljevi\u0107 won the gold medal in the K2 500 m discipline on the final day of the World Cup in Montreal. They reached the brightest medal after dominant performances throughout the entire competition, as they triumphed in the A final after successfully paddled qualifications and a victory","twitter:image":"https:\/\/serbiantimes.info\/en\/wp-content\/uploads\/sites\/2\/2026\/07\/ST-Montaze-48.jpg"},"aioseo_meta_data":{"post_id":"214346","title":null,"description":null,"keywords":null,"keyphrases":{"focus":{"keyphrase":"","score":0,"analysis":{"keyphraseInTitle":{"score":0,"maxScore":9,"error":1}}},"additional":[]},"primary_term":null,"canonical_url":null,"og_title":null,"og_description":null,"og_object_type":"default","og_image_type":"default","og_image_url":null,"og_image_width":null,"og_image_height":null,"og_image_custom_url":null,"og_image_custom_fields":null,"og_video":"","og_custom_url":null,"og_article_section":null,"og_article_tags":null,"twitter_use_og":false,"twitter_card":"default","twitter_image_type":"default","twitter_image_url":null,"twitter_image_custom_url":null,"twitter_image_custom_fields":null,"twitter_title":null,"twitter_description":null,"schema":{"blockGraphs":[],"customGraphs":[],"default":{"data":{"Article":[],"Course":[],"Dataset":[],"FAQPage":[],"Movie":[],"Person":[],"Product":[],"ProductReview":[],"Car":[],"Recipe":[],"Service":[],"SoftwareApplication":[],"WebPage":[]},"graphName":"BlogPosting","isEnabled":true},"graphs":[]},"schema_type":"default","schema_type_options":null,"pillar_content":false,"robots_default":true,"robots_noindex":false,"robots_noarchive":false,"robots_nosnippet":false,"robots_nofollow":false,"robots_noimageindex":false,"robots_noodp":false,"robots_notranslate":false,"robots_max_snippet":"-1","robots_max_videopreview":"-1","robots_max_imagepreview":"large","priority":null,"frequency":"default","local_seo":null,"breadcrumb_settings":null,"limit_modified_date":false,"ai":{"faqs":[],"keyPoints":[],"titles":[],"descriptions":[],"socialPosts":{"email":[],"linkedin":[],"twitter":[],"facebook":[],"instagram":[]}},"created":"2026-07-14 14:05:14","updated":"2026-07-14 16:26:13","focus_keyword":null,"additional_keywords":null,"truseo_locale":null,"seo_analyzer_scan_date":null},"aioseo_breadcrumb":"<div class=\"aioseo-breadcrumbs\"><span class=\"aioseo-breadcrumb\">\n\t\t\t<a href=\"https:\/\/serbiantimes.info\/en\" title=\"Home\">Home<\/a>\n\t\t<\/span><span class=\"aioseo-breadcrumb-separator\">&raquo;<\/span><span class=\"aioseo-breadcrumb\">\n\t\t\t<a href=\"https:\/\/serbiantimes.info\/en\/category\/sport\/\" title=\"SPORT\">SPORT<\/a>\n\t\t<\/span><span class=\"aioseo-breadcrumb-separator\">&raquo;<\/span><span class=\"aioseo-breadcrumb\">\n\t\t\tSERBIAN KAYAKERS DOMINATED IN MONTREAL: Zarko and Marko won the gold medal at the World Cup!\n\t\t<\/span><\/div>","aioseo_breadcrumb_json":[{"label":"Home","link":"https:\/\/serbiantimes.info\/en"},{"label":"SPORT","link":"https:\/\/serbiantimes.info\/en\/category\/sport\/"},{"label":"SERBIAN KAYAKERS DOMINATED IN MONTREAL: Zarko and Marko won the gold medal at the World Cup!","link":"https:\/\/serbiantimes.info\/en\/serbian-kayakers-dominated-in-montreal-zarko-and-marko-won-the-gold-medal-at-the-world-cup\/"}],"distributor_meta":false,"distributor_terms":false,"distributor_media":false,"distributor_original_site_name":"Serbiantimes.info EN","distributor_original_site_url":"https:\/\/serbiantimes.info\/en","push-errors":false,"_links":{"self":[{"href":"https:\/\/serbiantimes.info\/en\/wp-json\/wp\/v2\/posts\/214346","targetHints":{"allow":["GET"]}}],"collection":[{"href":"https:\/\/serbiantimes.info\/en\/wp-json\/wp\/v2\/posts"}],"about":[{"href":"https:\/\/serbiantimes.info\/en\/wp-json\/wp\/v2\/types\/post"}],"author":[{"embeddable":true,"href":"https:\/\/serbiantimes.info\/en\/wp-json\/wp\/v2\/users\/2169"}],"replies":[{"embeddable":true,"href":"https:\/\/serbiantimes.info\/en\/wp-json\/wp\/v2\/comments?post=214346"}],"version-history":[{"count":2,"href":"https:\/\/serbiantimes.info\/en\/wp-json\/wp\/v2\/posts\/214346\/revisions"}],"predecessor-version":[{"id":214398,"href":"https:\/\/serbiantimes.info\/en\/wp-json\/wp\/v2\/posts\/214346\/revisions\/214398"}],"wp:featuredmedia":[{"embeddable":true,"href":"https:\/\/serbiantimes.info\/en\/wp-json\/wp\/v2\/media\/214347"}],"wp:attachment":[{"href":"https:\/\/serbiantimes.info\/en\/wp-json\/wp\/v2\/media?parent=214346"}],"wp:term":[{"taxonomy":"category","embeddable":true,"href":"https:\/\/serbiantimes.info\/en\/wp-json\/wp\/v2\/categories?post=214346"},{"taxonomy":"post_tag","embeddable":true,"href":"https:\/\/serbiantimes.info\/en\/wp-json\/wp\/v2\/tags?post=214346"}],"curies":[{"name":"wp","href":"https:\/\/api.w.org\/{rel}","templated":true}]}}