{"id":214342,"date":"2026-07-14T16:05:07","date_gmt":"2026-07-14T14:05:07","guid":{"rendered":"https:\/\/serbiantimes.info\/en\/?p=214342"},"modified":"2026-07-14T16:06:15","modified_gmt":"2026-07-14T14:06:15","slug":"the-struggle-for-life-still-goes-on-ten-year-old-boy-injured-in-the-accident-in-montenegro-in-critical-condition","status":"publish","type":"post","link":"https:\/\/serbiantimes.info\/en\/the-struggle-for-life-still-goes-on-ten-year-old-boy-injured-in-the-accident-in-montenegro-in-critical-condition\/","title":{"rendered":"THE STRUGGLE FOR LIFE STILL GOES ON: Ten-year-old boy injured in the accident in Montenegro in critical condition!"},"content":{"rendered":"\n<p class=\"wp-block-paragraph\"><strong><em>In the accident that occurred in Montenegro on Sunday, a ten-year-old boy was the most severely injured, and he is undergoing treatment at the Clinical Center of Montenegro. His condition is still critical, while doctors are trying to stabilize him.<\/em><\/strong><\/p>\n\n\n\n<p class=\"wp-block-paragraph\">Journalist Perica \u0110akovi\u0107 from Herceg Novi said that there are no significant changes in the health condition of those injured in the traffic accident near the town of Lipci in Boka Kotorska.<\/p>\n\n\n\n<p class=\"wp-block-paragraph\">The accident claimed the life of twenty-one-year-old Jovana Stankovi\u0107 from Vrti\u0161te near Ni\u0161, who was on a pilgrimage trip to the Ostrog Monastery with a group of tourists.<\/p>\n\n\n\n<p class=\"wp-block-paragraph\">&#8220;She is, practically, the only victim of that tragic accident near the town of Lipci, at the very descent into Boka Kotorska,&#8221; says \u0110akovi\u0107.<\/p>\n\n\n\n<p class=\"wp-block-paragraph\">The most severely injured is a ten-year-old boy, who is undergoing treatment at the Clinical Center of Montenegro. \u0110akovi\u0107 claims that his condition is still critical, while doctors are trying to stabilize him.<\/p>\n\n\n\n<p class=\"wp-block-paragraph\">&#8220;Another patient, who was transferred from the hospital in Risan to Kotor, is recovering successfully and is out of life-threatening danger,&#8221; \u0110akovi\u0107 points out.<\/p>\n\n\n\n<p class=\"wp-block-paragraph\">Of the 14 patients placed in the &#8220;Vaso \u0106ukovi\u0107&#8221; Special Hospital in Risan, three have been discharged for home treatment, while five people are still in intensive care.<\/p>\n\n\n\n<p class=\"wp-block-paragraph\">&#8220;Today, the release of some more patients for home treatment is expected,&#8221; \u0110akovi\u0107 points out.<\/p>\n\n\n\n<p class=\"wp-block-paragraph\">For the injured who cannot travel by regular transport, it is necessary to organize transport by medical vehicles. \u0110akovi\u0107 emphasizes that the return to Serbia should be organized only when doctors assess that the patients are ready for the trip.<\/p>\n\n\n\n<p class=\"wp-block-paragraph\">During the day, the patients in Risan and Kotor will be visited by representatives of the Consulate of Serbia in Herceg Novi, the Ministry of Foreign Affairs, and the Embassy of Serbia in Podgorica.<\/p>\n\n\n\n<p class=\"wp-block-paragraph\">&#8220;We can say that all persons are out of life-threatening danger and are recovering successfully. Only the condition of the ten-year-old boy is still critical,&#8221; concludes \u0110akovi\u0107.<\/p>\n\n\n\n<h4 class=\"wp-block-heading\"><mark style=\"background-color:#FFFFFF;color:#d21414\" class=\"has-inline-color\">MORE TOPICS:<\/mark><\/h4>\n\n\n\n<p class=\"wp-block-paragraph\"><strong><a href=\"https:\/\/serbiantimes.info\/en\/i-would-have-ethnically-cleansed-kosovo-in-1998-scandalous-statement-by-minister-snezana-paunovic-went-around-the-planet-video\/\" target=\"_blank\" rel=\"noopener\" title=\"\">\u201cI WOULD HAVE ETHNICALLY CLEANSED KOSOVO IN 1998\u201d: Scandalous statement by Minister Snezana Paunovic went around the planet! (VIDEO)<\/a><\/strong><\/p>\n\n\n\n<p class=\"wp-block-paragraph\"><strong><a href=\"https:\/\/serbiantimes.info\/en\/there-is-no-place-in-europe-for-such-rhetoric-european-commission-reacted-to-minister-paunovics-statement-on-ethnic-cleansing\/\" target=\"_blank\" rel=\"noopener\" title=\"\">\u201cTHERE IS NO PLACE IN EUROPE FOR SUCH RHETORIC\u201d: European Commission reacted to Minister Paunovic\u2019s statement on ethnic cleansing!<\/a><\/strong><\/p>\n\n\n\n<p class=\"wp-block-paragraph\"><strong><a href=\"https:\/\/serbiantimes.info\/en\/serbian-kayakers-dominated-in-montreal-zarko-and-marko-won-the-gold-medal-at-the-world-cup\/\" target=\"_blank\" rel=\"noopener\" title=\"\">SERBIAN KAYAKERS DOMINATED IN MONTREAL: Zarko and Marko won the gold medal at the World Cup!<\/a><\/strong><\/p>\n\n\n\n<p class=\"wp-block-paragraph\"><strong><a href=\"https:\/\/serbiantimes.info\/en\/america-and-serbia-in-honor-of-nikola-tesla-a-large-gathering-of-scientists-and-admirers-of-the-brilliant-scientist-was-held-in-philadelphia-serbian-consul-opened-the-event\/\" target=\"_blank\" rel=\"noopener\" title=\"\">AMERICA AND SERBIA IN HONOR OF NIKOLA TESLA: A large gathering of scientists and admirers of the brilliant scientist was held in Philadelphia, Serbian consul opened the event!<\/a><\/strong><\/p>\n\n\n\n<p class=\"wp-block-paragraph\"><strong><a href=\"https:\/\/serbiantimes.info\/en\/prizren-is-also-our-city-prince-filip-announced-the-jubilee-10th-holy-archangels-summer-school-in-the-former-serbian-capital\/\" target=\"_blank\" rel=\"noopener\" title=\"\">\u201cPRIZREN IS ALSO OUR CITY\u201d Prince Filip announced the jubilee 10th Holy Archangels summer school in the former Serbian capital!<\/a><\/strong><\/p>\n\n\n\n<p class=\"wp-block-paragraph\"><strong><a href=\"https:\/\/serbiantimes.info\/en\/nikola-16-is-the-pride-of-republika-srpska-young-man-from-banja-luka-won-3-world-golds-in-just-7-days\/\" target=\"_blank\" rel=\"noopener\" title=\"\">NIKOLA (16) IS THE PRIDE OF REPUBLIKA SRPSKA: Young man from Banja Luka won 3 world golds in just 7 days!<\/a><\/strong><\/p>\n\n\n\n<p class=\"wp-block-paragraph\"><strong><strong>Source<\/strong><\/strong>: <a href=\"https:\/\/www.rts.rs\/lat\/vesti\/region\/5995806\/decak-povredjen-u-nesreci-u-crnoj-gori-u-kriticnom-stanju.html\" target=\"_blank\" rel=\"noopener\" title=\"\">RTS<\/a>; <strong>Photo<\/strong>: Printscreen RTS<\/p>\n","protected":false},"excerpt":{"rendered":"<p>In the accident that occurred in Montenegro on Sunday, a ten-year-old boy was the most severely injured, and he is undergoing treatment at the Clinical Center of Montenegro. His condition is still critical, while doctors are trying to stabilize him. Journalist Perica \u0110akovi\u0107 from Herceg Novi said that there are no significant changes in the [&hellip;]<\/p>\n","protected":false},"author":2169,"featured_media":214343,"comment_status":"open","ping_status":"open","sticky":false,"template":"","format":"standard","meta":{"newspack_featured_image_position":"","newspack_post_subtitle":"","newspack_article_summary_title":"Overview:","newspack_article_summary":"","newspack_hide_updated_date":false,"newspack_show_updated_date":false,"footnotes":""},"categories":[8],"tags":[159,1025,593,113,15],"class_list":["post-214342","post","type-post","status-publish","format-standard","has-post-thumbnail","hentry","category-balkan","tag-crna-gora","tag-deca","tag-saobracajna-nesreca","tag-srbija","tag-video","entry"],"aioseo_notices":[],"aioseo_head":"\n\t\t<!-- All in One SEO 5.0.1.1 - aioseo.com -->\n\t<meta name=\"description\" content=\"In the accident that occurred in Montenegro on Sunday, a ten-year-old boy was the most severely injured, and he is undergoing treatment at the Clinical Center of Montenegro. His condition is still critical, while doctors are trying to stabilize him. Journalist Perica \u0110akovi\u0107 from Herceg Novi said that there are no significant changes in the\" \/>\n\t<meta name=\"robots\" content=\"max-image-preview:large\" \/>\n\t<meta name=\"author\" content=\"Serbian Times\"\/>\n\t<link rel=\"canonical\" href=\"https:\/\/serbiantimes.info\/en\/the-struggle-for-life-still-goes-on-ten-year-old-boy-injured-in-the-accident-in-montenegro-in-critical-condition\/\" \/>\n\t<meta name=\"generator\" content=\"All in One SEO (AIOSEO) 5.0.1.1\" \/>\n\t\t<meta property=\"og:locale\" content=\"en_US\" \/>\n\t\t<meta property=\"og:site_name\" content=\"Serbiantimes.info EN |\" \/>\n\t\t<meta property=\"og:type\" content=\"article\" \/>\n\t\t<meta property=\"og:title\" content=\"THE STRUGGLE FOR LIFE STILL GOES ON: Ten-year-old boy injured in the accident in Montenegro in critical condition! | Serbiantimes.info EN\" \/>\n\t\t<meta property=\"og:description\" content=\"In the accident that occurred in Montenegro on Sunday, a ten-year-old boy was the most severely injured, and he is undergoing treatment at the Clinical Center of Montenegro. His condition is still critical, while doctors are trying to stabilize him. Journalist Perica \u0110akovi\u0107 from Herceg Novi said that there are no significant changes in the\" \/>\n\t\t<meta property=\"og:url\" content=\"https:\/\/serbiantimes.info\/en\/the-struggle-for-life-still-goes-on-ten-year-old-boy-injured-in-the-accident-in-montenegro-in-critical-condition\/\" \/>\n\t\t<meta property=\"og:image\" content=\"https:\/\/serbiantimes.info\/en\/wp-content\/uploads\/sites\/2\/2026\/07\/ST-Montaze-46.jpg\" \/>\n\t\t<meta property=\"og:image:secure_url\" content=\"https:\/\/serbiantimes.info\/en\/wp-content\/uploads\/sites\/2\/2026\/07\/ST-Montaze-46.jpg\" \/>\n\t\t<meta property=\"og:image:width\" content=\"1200\" \/>\n\t\t<meta property=\"og:image:height\" content=\"750\" \/>\n\t\t<meta property=\"article:published_time\" content=\"2026-07-14T14:05:07+00:00\" \/>\n\t\t<meta property=\"article:modified_time\" content=\"2026-07-14T14:06:15+00:00\" \/>\n\t\t<meta name=\"twitter:card\" content=\"summary_large_image\" \/>\n\t\t<meta name=\"twitter:title\" content=\"THE STRUGGLE FOR LIFE STILL GOES ON: Ten-year-old boy injured in the accident in Montenegro in critical condition! | Serbiantimes.info EN\" \/>\n\t\t<meta name=\"twitter:description\" content=\"In the accident that occurred in Montenegro on Sunday, a ten-year-old boy was the most severely injured, and he is undergoing treatment at the Clinical Center of Montenegro. His condition is still critical, while doctors are trying to stabilize him. Journalist Perica \u0110akovi\u0107 from Herceg Novi said that there are no significant changes in the\" \/>\n\t\t<meta name=\"twitter:image\" content=\"https:\/\/serbiantimes.info\/en\/wp-content\/uploads\/sites\/2\/2026\/07\/ST-Montaze-46.jpg\" \/>\n\t\t<script type=\"application\/ld+json\" class=\"aioseo-schema\">\n\t\t\t{\"@context\":\"https:\\\/\\\/schema.org\",\"@graph\":[{\"@type\":\"BlogPosting\",\"@id\":\"https:\\\/\\\/serbiantimes.info\\\/en\\\/the-struggle-for-life-still-goes-on-ten-year-old-boy-injured-in-the-accident-in-montenegro-in-critical-condition\\\/#blogposting\",\"name\":\"THE STRUGGLE FOR LIFE STILL GOES ON: Ten-year-old boy injured in the accident in Montenegro in critical condition! | Serbiantimes.info EN\",\"headline\":\"THE STRUGGLE FOR LIFE STILL GOES ON: Ten-year-old boy injured in the accident in Montenegro in critical condition!\",\"author\":{\"@id\":\"https:\\\/\\\/serbiantimes.info\\\/en\\\/author\\\/serbiantimes-portal\\\/#author\"},\"publisher\":{\"@id\":\"https:\\\/\\\/serbiantimes.info\\\/en\\\/#organization\"},\"image\":{\"@type\":\"ImageObject\",\"url\":\"https:\\\/\\\/serbiantimes.info\\\/en\\\/wp-content\\\/uploads\\\/sites\\\/2\\\/2026\\\/07\\\/ST-Montaze-46.jpg\",\"width\":1200,\"height\":750},\"datePublished\":\"2026-07-14T16:05:07+02:00\",\"dateModified\":\"2026-07-14T16:06:15+02:00\",\"inLanguage\":\"en-US\",\"mainEntityOfPage\":{\"@id\":\"https:\\\/\\\/serbiantimes.info\\\/en\\\/the-struggle-for-life-still-goes-on-ten-year-old-boy-injured-in-the-accident-in-montenegro-in-critical-condition\\\/#webpage\"},\"isPartOf\":{\"@id\":\"https:\\\/\\\/serbiantimes.info\\\/en\\\/the-struggle-for-life-still-goes-on-ten-year-old-boy-injured-in-the-accident-in-montenegro-in-critical-condition\\\/#webpage\"},\"articleSection\":\"BALKAN, Crna Gora, deca, saobra\\u0107ajna nesre\\u0107a, Srbija, Video\"},{\"@type\":\"BreadcrumbList\",\"@id\":\"https:\\\/\\\/serbiantimes.info\\\/en\\\/the-struggle-for-life-still-goes-on-ten-year-old-boy-injured-in-the-accident-in-montenegro-in-critical-condition\\\/#breadcrumblist\",\"itemListElement\":[{\"@type\":\"ListItem\",\"@id\":\"https:\\\/\\\/serbiantimes.info\\\/en#listItem\",\"position\":1,\"name\":\"Home\",\"item\":\"https:\\\/\\\/serbiantimes.info\\\/en\",\"nextItem\":{\"@type\":\"ListItem\",\"@id\":\"https:\\\/\\\/serbiantimes.info\\\/en\\\/category\\\/balkan\\\/#listItem\",\"name\":\"BALKAN\"}},{\"@type\":\"ListItem\",\"@id\":\"https:\\\/\\\/serbiantimes.info\\\/en\\\/category\\\/balkan\\\/#listItem\",\"position\":2,\"name\":\"BALKAN\",\"item\":\"https:\\\/\\\/serbiantimes.info\\\/en\\\/category\\\/balkan\\\/\",\"nextItem\":{\"@type\":\"ListItem\",\"@id\":\"https:\\\/\\\/serbiantimes.info\\\/en\\\/the-struggle-for-life-still-goes-on-ten-year-old-boy-injured-in-the-accident-in-montenegro-in-critical-condition\\\/#listItem\",\"name\":\"THE STRUGGLE FOR LIFE STILL GOES ON: Ten-year-old boy injured in the accident in Montenegro in critical condition!\"},\"previousItem\":{\"@type\":\"ListItem\",\"@id\":\"https:\\\/\\\/serbiantimes.info\\\/en#listItem\",\"name\":\"Home\"}},{\"@type\":\"ListItem\",\"@id\":\"https:\\\/\\\/serbiantimes.info\\\/en\\\/the-struggle-for-life-still-goes-on-ten-year-old-boy-injured-in-the-accident-in-montenegro-in-critical-condition\\\/#listItem\",\"position\":3,\"name\":\"THE STRUGGLE FOR LIFE STILL GOES ON: Ten-year-old boy injured in the accident in Montenegro in critical condition!\",\"previousItem\":{\"@type\":\"ListItem\",\"@id\":\"https:\\\/\\\/serbiantimes.info\\\/en\\\/category\\\/balkan\\\/#listItem\",\"name\":\"BALKAN\"}}]},{\"@type\":\"Organization\",\"@id\":\"https:\\\/\\\/serbiantimes.info\\\/en\\\/#organization\",\"name\":\"Serbiantimes.info EN\",\"url\":\"https:\\\/\\\/serbiantimes.info\\\/en\\\/\",\"logo\":{\"@type\":\"ImageObject\",\"url\":\"https:\\\/\\\/serbiantimes.info\\\/en\\\/wp-content\\\/uploads\\\/sites\\\/2\\\/2024\\\/10\\\/cropped-cropped-Serbian-Times-Header-Logo-1.png\",\"@id\":\"https:\\\/\\\/serbiantimes.info\\\/en\\\/the-struggle-for-life-still-goes-on-ten-year-old-boy-injured-in-the-accident-in-montenegro-in-critical-condition\\\/#organizationLogo\",\"width\":480,\"height\":100},\"image\":{\"@id\":\"https:\\\/\\\/serbiantimes.info\\\/en\\\/the-struggle-for-life-still-goes-on-ten-year-old-boy-injured-in-the-accident-in-montenegro-in-critical-condition\\\/#organizationLogo\"}},{\"@type\":\"Person\",\"@id\":\"https:\\\/\\\/serbiantimes.info\\\/en\\\/author\\\/serbiantimes-portal\\\/#author\",\"url\":\"https:\\\/\\\/serbiantimes.info\\\/en\\\/author\\\/serbiantimes-portal\\\/\",\"name\":\"Serbian Times\",\"image\":{\"@type\":\"ImageObject\",\"@id\":\"https:\\\/\\\/serbiantimes.info\\\/en\\\/the-struggle-for-life-still-goes-on-ten-year-old-boy-injured-in-the-accident-in-montenegro-in-critical-condition\\\/#authorImage\",\"url\":\"https:\\\/\\\/secure.gravatar.com\\\/avatar\\\/ea76e009769270b4193e2bc7e032c096b4ae135483ec03b396fd0f520bc3dcfd?s=96&d=mm&r=g\",\"width\":96,\"height\":96,\"caption\":\"Serbian Times\"}},{\"@type\":\"WebPage\",\"@id\":\"https:\\\/\\\/serbiantimes.info\\\/en\\\/the-struggle-for-life-still-goes-on-ten-year-old-boy-injured-in-the-accident-in-montenegro-in-critical-condition\\\/#webpage\",\"url\":\"https:\\\/\\\/serbiantimes.info\\\/en\\\/the-struggle-for-life-still-goes-on-ten-year-old-boy-injured-in-the-accident-in-montenegro-in-critical-condition\\\/\",\"name\":\"THE STRUGGLE FOR LIFE STILL GOES ON: Ten-year-old boy injured in the accident in Montenegro in critical condition! | Serbiantimes.info EN\",\"description\":\"In the accident that occurred in Montenegro on Sunday, a ten-year-old boy was the most severely injured, and he is undergoing treatment at the Clinical Center of Montenegro. His condition is still critical, while doctors are trying to stabilize him. Journalist Perica \\u0110akovi\\u0107 from Herceg Novi said that there are no significant changes in the\",\"inLanguage\":\"en-US\",\"isPartOf\":{\"@id\":\"https:\\\/\\\/serbiantimes.info\\\/en\\\/#website\"},\"breadcrumb\":{\"@id\":\"https:\\\/\\\/serbiantimes.info\\\/en\\\/the-struggle-for-life-still-goes-on-ten-year-old-boy-injured-in-the-accident-in-montenegro-in-critical-condition\\\/#breadcrumblist\"},\"author\":{\"@id\":\"https:\\\/\\\/serbiantimes.info\\\/en\\\/author\\\/serbiantimes-portal\\\/#author\"},\"creator\":{\"@id\":\"https:\\\/\\\/serbiantimes.info\\\/en\\\/author\\\/serbiantimes-portal\\\/#author\"},\"image\":{\"@type\":\"ImageObject\",\"url\":\"https:\\\/\\\/serbiantimes.info\\\/en\\\/wp-content\\\/uploads\\\/sites\\\/2\\\/2026\\\/07\\\/ST-Montaze-46.jpg\",\"@id\":\"https:\\\/\\\/serbiantimes.info\\\/en\\\/the-struggle-for-life-still-goes-on-ten-year-old-boy-injured-in-the-accident-in-montenegro-in-critical-condition\\\/#mainImage\",\"width\":1200,\"height\":750},\"primaryImageOfPage\":{\"@id\":\"https:\\\/\\\/serbiantimes.info\\\/en\\\/the-struggle-for-life-still-goes-on-ten-year-old-boy-injured-in-the-accident-in-montenegro-in-critical-condition\\\/#mainImage\"},\"datePublished\":\"2026-07-14T16:05:07+02:00\",\"dateModified\":\"2026-07-14T16:06:15+02:00\"},{\"@type\":\"WebSite\",\"@id\":\"https:\\\/\\\/serbiantimes.info\\\/en\\\/#website\",\"url\":\"https:\\\/\\\/serbiantimes.info\\\/en\\\/\",\"name\":\"Serbiantimes.info EN\",\"inLanguage\":\"en-US\",\"publisher\":{\"@id\":\"https:\\\/\\\/serbiantimes.info\\\/en\\\/#organization\"}}]}\n\t\t<\/script>\n\t\t<!-- All in One SEO -->\n\n","aioseo_head_json":{"title":"THE STRUGGLE FOR LIFE STILL GOES ON: Ten-year-old boy injured in the accident in Montenegro in critical condition! | Serbiantimes.info EN","description":"In the accident that occurred in Montenegro on Sunday, a ten-year-old boy was the most severely injured, and he is undergoing treatment at the Clinical Center of Montenegro. His condition is still critical, while doctors are trying to stabilize him. Journalist Perica \u0110akovi\u0107 from Herceg Novi said that there are no significant changes in the","canonical_url":"https:\/\/serbiantimes.info\/en\/the-struggle-for-life-still-goes-on-ten-year-old-boy-injured-in-the-accident-in-montenegro-in-critical-condition\/","robots":"max-image-preview:large","keywords":"","webmasterTools":{"miscellaneous":""},"schema":{"@context":"https:\/\/schema.org","@graph":[{"@type":"BlogPosting","@id":"https:\/\/serbiantimes.info\/en\/the-struggle-for-life-still-goes-on-ten-year-old-boy-injured-in-the-accident-in-montenegro-in-critical-condition\/#blogposting","name":"THE STRUGGLE FOR LIFE STILL GOES ON: Ten-year-old boy injured in the accident in Montenegro in critical condition! | Serbiantimes.info EN","headline":"THE STRUGGLE FOR LIFE STILL GOES ON: Ten-year-old boy injured in the accident in Montenegro in critical condition!","author":{"@id":"https:\/\/serbiantimes.info\/en\/author\/serbiantimes-portal\/#author"},"publisher":{"@id":"https:\/\/serbiantimes.info\/en\/#organization"},"image":{"@type":"ImageObject","url":"https:\/\/serbiantimes.info\/en\/wp-content\/uploads\/sites\/2\/2026\/07\/ST-Montaze-46.jpg","width":1200,"height":750},"datePublished":"2026-07-14T16:05:07+02:00","dateModified":"2026-07-14T16:06:15+02:00","inLanguage":"en-US","mainEntityOfPage":{"@id":"https:\/\/serbiantimes.info\/en\/the-struggle-for-life-still-goes-on-ten-year-old-boy-injured-in-the-accident-in-montenegro-in-critical-condition\/#webpage"},"isPartOf":{"@id":"https:\/\/serbiantimes.info\/en\/the-struggle-for-life-still-goes-on-ten-year-old-boy-injured-in-the-accident-in-montenegro-in-critical-condition\/#webpage"},"articleSection":"BALKAN, Crna Gora, deca, saobra\u0107ajna nesre\u0107a, Srbija, Video"},{"@type":"BreadcrumbList","@id":"https:\/\/serbiantimes.info\/en\/the-struggle-for-life-still-goes-on-ten-year-old-boy-injured-in-the-accident-in-montenegro-in-critical-condition\/#breadcrumblist","itemListElement":[{"@type":"ListItem","@id":"https:\/\/serbiantimes.info\/en#listItem","position":1,"name":"Home","item":"https:\/\/serbiantimes.info\/en","nextItem":{"@type":"ListItem","@id":"https:\/\/serbiantimes.info\/en\/category\/balkan\/#listItem","name":"BALKAN"}},{"@type":"ListItem","@id":"https:\/\/serbiantimes.info\/en\/category\/balkan\/#listItem","position":2,"name":"BALKAN","item":"https:\/\/serbiantimes.info\/en\/category\/balkan\/","nextItem":{"@type":"ListItem","@id":"https:\/\/serbiantimes.info\/en\/the-struggle-for-life-still-goes-on-ten-year-old-boy-injured-in-the-accident-in-montenegro-in-critical-condition\/#listItem","name":"THE STRUGGLE FOR LIFE STILL GOES ON: Ten-year-old boy injured in the accident in Montenegro in critical condition!"},"previousItem":{"@type":"ListItem","@id":"https:\/\/serbiantimes.info\/en#listItem","name":"Home"}},{"@type":"ListItem","@id":"https:\/\/serbiantimes.info\/en\/the-struggle-for-life-still-goes-on-ten-year-old-boy-injured-in-the-accident-in-montenegro-in-critical-condition\/#listItem","position":3,"name":"THE STRUGGLE FOR LIFE STILL GOES ON: Ten-year-old boy injured in the accident in Montenegro in critical condition!","previousItem":{"@type":"ListItem","@id":"https:\/\/serbiantimes.info\/en\/category\/balkan\/#listItem","name":"BALKAN"}}]},{"@type":"Organization","@id":"https:\/\/serbiantimes.info\/en\/#organization","name":"Serbiantimes.info EN","url":"https:\/\/serbiantimes.info\/en\/","logo":{"@type":"ImageObject","url":"https:\/\/serbiantimes.info\/en\/wp-content\/uploads\/sites\/2\/2024\/10\/cropped-cropped-Serbian-Times-Header-Logo-1.png","@id":"https:\/\/serbiantimes.info\/en\/the-struggle-for-life-still-goes-on-ten-year-old-boy-injured-in-the-accident-in-montenegro-in-critical-condition\/#organizationLogo","width":480,"height":100},"image":{"@id":"https:\/\/serbiantimes.info\/en\/the-struggle-for-life-still-goes-on-ten-year-old-boy-injured-in-the-accident-in-montenegro-in-critical-condition\/#organizationLogo"}},{"@type":"Person","@id":"https:\/\/serbiantimes.info\/en\/author\/serbiantimes-portal\/#author","url":"https:\/\/serbiantimes.info\/en\/author\/serbiantimes-portal\/","name":"Serbian Times","image":{"@type":"ImageObject","@id":"https:\/\/serbiantimes.info\/en\/the-struggle-for-life-still-goes-on-ten-year-old-boy-injured-in-the-accident-in-montenegro-in-critical-condition\/#authorImage","url":"https:\/\/secure.gravatar.com\/avatar\/ea76e009769270b4193e2bc7e032c096b4ae135483ec03b396fd0f520bc3dcfd?s=96&d=mm&r=g","width":96,"height":96,"caption":"Serbian Times"}},{"@type":"WebPage","@id":"https:\/\/serbiantimes.info\/en\/the-struggle-for-life-still-goes-on-ten-year-old-boy-injured-in-the-accident-in-montenegro-in-critical-condition\/#webpage","url":"https:\/\/serbiantimes.info\/en\/the-struggle-for-life-still-goes-on-ten-year-old-boy-injured-in-the-accident-in-montenegro-in-critical-condition\/","name":"THE STRUGGLE FOR LIFE STILL GOES ON: Ten-year-old boy injured in the accident in Montenegro in critical condition! | Serbiantimes.info EN","description":"In the accident that occurred in Montenegro on Sunday, a ten-year-old boy was the most severely injured, and he is undergoing treatment at the Clinical Center of Montenegro. His condition is still critical, while doctors are trying to stabilize him. Journalist Perica \u0110akovi\u0107 from Herceg Novi said that there are no significant changes in the","inLanguage":"en-US","isPartOf":{"@id":"https:\/\/serbiantimes.info\/en\/#website"},"breadcrumb":{"@id":"https:\/\/serbiantimes.info\/en\/the-struggle-for-life-still-goes-on-ten-year-old-boy-injured-in-the-accident-in-montenegro-in-critical-condition\/#breadcrumblist"},"author":{"@id":"https:\/\/serbiantimes.info\/en\/author\/serbiantimes-portal\/#author"},"creator":{"@id":"https:\/\/serbiantimes.info\/en\/author\/serbiantimes-portal\/#author"},"image":{"@type":"ImageObject","url":"https:\/\/serbiantimes.info\/en\/wp-content\/uploads\/sites\/2\/2026\/07\/ST-Montaze-46.jpg","@id":"https:\/\/serbiantimes.info\/en\/the-struggle-for-life-still-goes-on-ten-year-old-boy-injured-in-the-accident-in-montenegro-in-critical-condition\/#mainImage","width":1200,"height":750},"primaryImageOfPage":{"@id":"https:\/\/serbiantimes.info\/en\/the-struggle-for-life-still-goes-on-ten-year-old-boy-injured-in-the-accident-in-montenegro-in-critical-condition\/#mainImage"},"datePublished":"2026-07-14T16:05:07+02:00","dateModified":"2026-07-14T16:06:15+02:00"},{"@type":"WebSite","@id":"https:\/\/serbiantimes.info\/en\/#website","url":"https:\/\/serbiantimes.info\/en\/","name":"Serbiantimes.info EN","inLanguage":"en-US","publisher":{"@id":"https:\/\/serbiantimes.info\/en\/#organization"}}]},"og:locale":"en_US","og:site_name":"Serbiantimes.info EN |","og:type":"article","og:title":"THE STRUGGLE FOR LIFE STILL GOES ON: Ten-year-old boy injured in the accident in Montenegro in critical condition! | Serbiantimes.info EN","og:description":"In the accident that occurred in Montenegro on Sunday, a ten-year-old boy was the most severely injured, and he is undergoing treatment at the Clinical Center of Montenegro. His condition is still critical, while doctors are trying to stabilize him. Journalist Perica \u0110akovi\u0107 from Herceg Novi said that there are no significant changes in the","og:url":"https:\/\/serbiantimes.info\/en\/the-struggle-for-life-still-goes-on-ten-year-old-boy-injured-in-the-accident-in-montenegro-in-critical-condition\/","og:image":"https:\/\/serbiantimes.info\/en\/wp-content\/uploads\/sites\/2\/2026\/07\/ST-Montaze-46.jpg","og:image:secure_url":"https:\/\/serbiantimes.info\/en\/wp-content\/uploads\/sites\/2\/2026\/07\/ST-Montaze-46.jpg","og:image:width":1200,"og:image:height":750,"article:published_time":"2026-07-14T14:05:07+00:00","article:modified_time":"2026-07-14T14:06:15+00:00","twitter:card":"summary_large_image","twitter:title":"THE STRUGGLE FOR LIFE STILL GOES ON: Ten-year-old boy injured in the accident in Montenegro in critical condition! | Serbiantimes.info EN","twitter:description":"In the accident that occurred in Montenegro on Sunday, a ten-year-old boy was the most severely injured, and he is undergoing treatment at the Clinical Center of Montenegro. His condition is still critical, while doctors are trying to stabilize him. Journalist Perica \u0110akovi\u0107 from Herceg Novi said that there are no significant changes in the","twitter:image":"https:\/\/serbiantimes.info\/en\/wp-content\/uploads\/sites\/2\/2026\/07\/ST-Montaze-46.jpg"},"aioseo_meta_data":{"post_id":"214342","title":null,"description":null,"keywords":null,"keyphrases":{"focus":{"keyphrase":"","score":0,"analysis":{"keyphraseInTitle":{"score":0,"maxScore":9,"error":1}}},"additional":[]},"primary_term":null,"canonical_url":null,"og_title":null,"og_description":null,"og_object_type":"default","og_image_type":"default","og_image_url":null,"og_image_width":null,"og_image_height":null,"og_image_custom_url":null,"og_image_custom_fields":null,"og_video":"","og_custom_url":null,"og_article_section":null,"og_article_tags":null,"twitter_use_og":false,"twitter_card":"default","twitter_image_type":"default","twitter_image_url":null,"twitter_image_custom_url":null,"twitter_image_custom_fields":null,"twitter_title":null,"twitter_description":null,"schema":{"blockGraphs":[],"customGraphs":[],"default":{"data":{"Article":[],"Course":[],"Dataset":[],"FAQPage":[],"Movie":[],"Person":[],"Product":[],"ProductReview":[],"Car":[],"Recipe":[],"Service":[],"SoftwareApplication":[],"WebPage":[]},"graphName":"BlogPosting","isEnabled":true},"graphs":[]},"schema_type":"default","schema_type_options":null,"pillar_content":false,"robots_default":true,"robots_noindex":false,"robots_noarchive":false,"robots_nosnippet":false,"robots_nofollow":false,"robots_noimageindex":false,"robots_noodp":false,"robots_notranslate":false,"robots_max_snippet":"-1","robots_max_videopreview":"-1","robots_max_imagepreview":"large","priority":null,"frequency":"default","local_seo":null,"breadcrumb_settings":null,"limit_modified_date":false,"ai":{"faqs":[],"keyPoints":[],"titles":[],"descriptions":[],"socialPosts":{"email":[],"linkedin":[],"twitter":[],"facebook":[],"instagram":[]}},"created":"2026-07-14 14:05:08","updated":"2026-07-14 16:26:13","focus_keyword":null,"additional_keywords":null,"truseo_locale":null,"seo_analyzer_scan_date":null},"aioseo_breadcrumb":"<div class=\"aioseo-breadcrumbs\"><span class=\"aioseo-breadcrumb\">\n\t\t\t<a href=\"https:\/\/serbiantimes.info\/en\" title=\"Home\">Home<\/a>\n\t\t<\/span><span class=\"aioseo-breadcrumb-separator\">&raquo;<\/span><span class=\"aioseo-breadcrumb\">\n\t\t\t<a href=\"https:\/\/serbiantimes.info\/en\/category\/balkan\/\" title=\"BALKAN\">BALKAN<\/a>\n\t\t<\/span><span class=\"aioseo-breadcrumb-separator\">&raquo;<\/span><span class=\"aioseo-breadcrumb\">\n\t\t\tTHE STRUGGLE FOR LIFE STILL GOES ON: Ten-year-old boy injured in the accident in Montenegro in critical condition!\n\t\t<\/span><\/div>","aioseo_breadcrumb_json":[{"label":"Home","link":"https:\/\/serbiantimes.info\/en"},{"label":"BALKAN","link":"https:\/\/serbiantimes.info\/en\/category\/balkan\/"},{"label":"THE STRUGGLE FOR LIFE STILL GOES ON: Ten-year-old boy injured in the accident in Montenegro in critical condition!","link":"https:\/\/serbiantimes.info\/en\/the-struggle-for-life-still-goes-on-ten-year-old-boy-injured-in-the-accident-in-montenegro-in-critical-condition\/"}],"distributor_meta":false,"distributor_terms":false,"distributor_media":false,"distributor_original_site_name":"Serbiantimes.info EN","distributor_original_site_url":"https:\/\/serbiantimes.info\/en","push-errors":false,"_links":{"self":[{"href":"https:\/\/serbiantimes.info\/en\/wp-json\/wp\/v2\/posts\/214342","targetHints":{"allow":["GET"]}}],"collection":[{"href":"https:\/\/serbiantimes.info\/en\/wp-json\/wp\/v2\/posts"}],"about":[{"href":"https:\/\/serbiantimes.info\/en\/wp-json\/wp\/v2\/types\/post"}],"author":[{"embeddable":true,"href":"https:\/\/serbiantimes.info\/en\/wp-json\/wp\/v2\/users\/2169"}],"replies":[{"embeddable":true,"href":"https:\/\/serbiantimes.info\/en\/wp-json\/wp\/v2\/comments?post=214342"}],"version-history":[{"count":2,"href":"https:\/\/serbiantimes.info\/en\/wp-json\/wp\/v2\/posts\/214342\/revisions"}],"predecessor-version":[{"id":214396,"href":"https:\/\/serbiantimes.info\/en\/wp-json\/wp\/v2\/posts\/214342\/revisions\/214396"}],"wp:featuredmedia":[{"embeddable":true,"href":"https:\/\/serbiantimes.info\/en\/wp-json\/wp\/v2\/media\/214343"}],"wp:attachment":[{"href":"https:\/\/serbiantimes.info\/en\/wp-json\/wp\/v2\/media?parent=214342"}],"wp:term":[{"taxonomy":"category","embeddable":true,"href":"https:\/\/serbiantimes.info\/en\/wp-json\/wp\/v2\/categories?post=214342"},{"taxonomy":"post_tag","embeddable":true,"href":"https:\/\/serbiantimes.info\/en\/wp-json\/wp\/v2\/tags?post=214342"}],"curies":[{"name":"wp","href":"https:\/\/api.w.org\/{rel}","templated":true}]}}