{"id":214324,"date":"2026-07-14T15:51:16","date_gmt":"2026-07-14T13:51:16","guid":{"rendered":"https:\/\/serbiantimes.info\/en\/?p=214324"},"modified":"2026-07-14T15:53:21","modified_gmt":"2026-07-14T13:53:21","slug":"jovana-21-tragically-killed-in-montenegro-what-kind-of-justice-is-that-she-probably-prayed-lit-a-candle-not-suspecting-what-awaited-her-photo","status":"publish","type":"post","link":"https:\/\/serbiantimes.info\/en\/jovana-21-tragically-killed-in-montenegro-what-kind-of-justice-is-that-she-probably-prayed-lit-a-candle-not-suspecting-what-awaited-her-photo\/","title":{"rendered":"JOVANA (21) TRAGICALLY KILLED IN MONTENEGRO: &#8220;What kind of justice is that, she probably prayed, lit a candle, not suspecting what awaited her&#8221; (PHOTO)"},"content":{"rendered":"\n<p class=\"wp-block-paragraph\"><strong><em>The girl who died in a serious traffic accident in Montenegro, during which 16 people sustained injuries, is a resident of the Ni\u0161 village of Vrti\u0161te, Jovana S. (21). The news that Jovana died in Montenegro saddened the residents of this Ni\u0161 village.<\/em><\/strong><\/p>\n\n\n\n<p class=\"wp-block-paragraph\">There was no one in her family home today, and according to the testimony of neighbors, the mother of the deceased girl went to Montenegro while her grandfather and grandmother were also absent.<\/p>\n\n\n\n<p class=\"wp-block-paragraph\">&#8220;Jovana graduated from the secondary school &#8216;February 12&#8217; in Ni\u0161. She got a job in a betting shop in the city, she was in a long relationship, they were announcing an engagement. She went to the seaside with her younger sister, they were supposed to return home now, but there you go, an evil fate befell them,&#8221; says one resident of Vrti\u0161te.<\/p>\n\n\n\n<p class=\"wp-block-paragraph\">As they further say, they were very affected by the circumstances of her death.<\/p>\n\n\n\n<p class=\"wp-block-paragraph\">&#8220;What kind of justice is that, she probably prayed, lit a candle, not suspecting what awaited her. Destiny, or whatever it is, they say the driver was tired. Well, maybe his boss forced him to drive in such a state, we cannot condemn anyone in advance. It is sad that Jovana paid for it with her life,&#8221; concludes a neighbor of the deceased girl.<\/p>\n\n\n\n<p class=\"wp-block-paragraph\">As a reminder, in the accident that happened yesterday near Risan in Montenegro, on the Kotor-Nik\u0161i\u0107 road, when a van ran off the road, Jovana died, and 16 people were injured.<\/p>\n\n\n\n<p class=\"wp-block-paragraph\">As announced by the Montenegrin police, the traffic accident occurred when a minibus, moving from the direction of Nik\u0161i\u0107, &#8220;made contact with a stone slope located right next to the road, on the right side of the roadway, as a result of which the vehicle overturned.&#8221;<\/p>\n\n\n\n<p class=\"wp-block-paragraph\">The driver is a 68-year-old man from Kotor.<\/p>\n\n\n\n<figure class=\"wp-block-image size-full\"><img loading=\"lazy\" decoding=\"async\" width=\"590\" height=\"443\" src=\"http:\/\/serbiantimes.info\/wp-content\/uploads\/sites\/2\/2026\/07\/Crna_Gora_saobracajna_nesreca-Foto-Vatrogasna-jedinica-Kotor.jpg\" alt=\"\" class=\"wp-image-214325\" srcset=\"https:\/\/serbiantimes.info\/en\/wp-content\/uploads\/sites\/2\/2026\/07\/Crna_Gora_saobracajna_nesreca-Foto-Vatrogasna-jedinica-Kotor.jpg 590w, https:\/\/serbiantimes.info\/en\/wp-content\/uploads\/sites\/2\/2026\/07\/Crna_Gora_saobracajna_nesreca-Foto-Vatrogasna-jedinica-Kotor-300x225.jpg 300w\" sizes=\"auto, (max-width: 590px) 100vw, 590px\" \/><\/figure>\n\n\n\n<h3 class=\"wp-block-heading\">Condition of the injured<\/h3>\n\n\n\n<p class=\"wp-block-paragraph\">Doctor Milan Ivanovi\u0107 from the Special Hospital for Orthopedics, Neurosurgery, and Neurology &#8220;Vaso \u0106ukovi\u0107&#8221; in Risan said today for &#8220;Jutro na Blic&#8221; that all injured passengers, who are being cared for in that health institution, are in a stable general condition and that none of them are in life-threatening danger.<\/p>\n\n\n\n<p class=\"wp-block-paragraph\">As he stated, all patients spent a peaceful night, and some will be discharged for home treatment during the day.<\/p>\n\n\n\n<p class=\"wp-block-paragraph\">A number of the injured will remain in hospital treatment until the complete stabilization of their health condition and the creation of conditions for safe transport to Serbia.<\/p>\n\n\n\n<p class=\"wp-block-paragraph\">According to his words, the most common injuries patients sustained are fractures, cuts, and head contusions, i.e., lacero-contusive wounds, as well as contusions and lacerations of the torso. He pointed out that none of those hospitalized are in life-threatening danger.<\/p>\n\n\n\n<figure class=\"wp-block-image size-full\"><img loading=\"lazy\" decoding=\"async\" width=\"900\" height=\"675\" src=\"http:\/\/serbiantimes.info\/wp-content\/uploads\/sites\/2\/2026\/07\/1783949860_Crna_Gora_saobracajna_.format-avif.width-900.jpg\" alt=\"\" class=\"wp-image-214326\" srcset=\"https:\/\/serbiantimes.info\/en\/wp-content\/uploads\/sites\/2\/2026\/07\/1783949860_Crna_Gora_saobracajna_.format-avif.width-900.jpg 900w, https:\/\/serbiantimes.info\/en\/wp-content\/uploads\/sites\/2\/2026\/07\/1783949860_Crna_Gora_saobracajna_.format-avif.width-900-300x225.jpg 300w, https:\/\/serbiantimes.info\/en\/wp-content\/uploads\/sites\/2\/2026\/07\/1783949860_Crna_Gora_saobracajna_.format-avif.width-900-768x576.jpg 768w, https:\/\/serbiantimes.info\/en\/wp-content\/uploads\/sites\/2\/2026\/07\/1783949860_Crna_Gora_saobracajna_.format-avif.width-900-800x600.jpg 800w\" sizes=\"auto, (max-width: 900px) 100vw, 900px\" \/><\/figure>\n\n\n\n<h3 class=\"wp-block-heading\">Boy transferred to the Clinical Center of Montenegro<\/h3>\n\n\n\n<p class=\"wp-block-paragraph\">He also added that the health condition of the eight-year-old boy, who was transferred to the Clinical Center of Montenegro in Podgorica after the accident, has been more stable since this morning than it was during transport.<\/p>\n\n\n\n<h4 class=\"wp-block-heading\"><mark style=\"background-color:#FFFFFF;color:#d21414\" class=\"has-inline-color\">MORE TOPICS:<\/mark><\/h4>\n\n\n\n<p class=\"wp-block-paragraph\"><strong><a href=\"https:\/\/serbiantimes.info\/en\/america-and-serbia-in-honor-of-nikola-tesla-a-large-gathering-of-scientists-and-admirers-of-the-brilliant-scientist-was-held-in-philadelphia-serbian-consul-opened-the-event\/\" target=\"_blank\" rel=\"noopener\" title=\"\">AMERICA AND SERBIA IN HONOR OF NIKOLA TESLA: A large gathering of scientists and admirers of the brilliant scientist was held in Philadelphia, Serbian consul opened the event!<\/a><\/strong><\/p>\n\n\n\n<p class=\"wp-block-paragraph\"><strong><a href=\"https:\/\/serbiantimes.info\/en\/prizren-is-also-our-city-prince-filip-announced-the-jubilee-10th-holy-archangels-summer-school-in-the-former-serbian-capital\/\" target=\"_blank\" rel=\"noopener\" title=\"\">\u201cPRIZREN IS ALSO OUR CITY\u201d Prince Filip announced the jubilee 10th Holy Archangels summer school in the former Serbian capital!<\/a><\/strong><\/p>\n\n\n\n<p class=\"wp-block-paragraph\"><strong><a href=\"https:\/\/serbiantimes.info\/en\/nikola-16-is-the-pride-of-republika-srpska-young-man-from-banja-luka-won-3-world-golds-in-just-7-days\/\" target=\"_blank\" rel=\"noopener\" title=\"\">NIKOLA (16) IS THE PRIDE OF REPUBLIKA SRPSKA: Young man from Banja Luka won 3 world golds in just 7 days!<\/a><\/strong><\/p>\n\n\n\n<p class=\"wp-block-paragraph\"><strong><a href=\"https:\/\/serbiantimes.info\/en\/hunt-for-a-serbian-family-in-croatia-they-published-photos-of-belgrade-license-plates-and-threatened-them-on-social-media\/\" target=\"_blank\" rel=\"noopener\" title=\"\">HUNT FOR A SERBIAN FAMILY IN CROATIA: They published photos of Belgrade license plates and threatened them on social media!<\/a><\/strong><\/p>\n\n\n\n<p class=\"wp-block-paragraph\"><strong><strong>Source<\/strong>: <\/strong>Nova <strong> Photo:<\/strong> Privatnmaarhiva, Vatrogasna jedinica Kotor<\/p>\n","protected":false},"excerpt":{"rendered":"<p>The girl who died in a serious traffic accident in Montenegro, during which 16 people sustained injuries, is a resident of the Ni\u0161 village of Vrti\u0161te, Jovana S. (21). The news that Jovana died in Montenegro saddened the residents of this Ni\u0161 village. There was no one in her family home today, and according to [&hellip;]<\/p>\n","protected":false},"author":8,"featured_media":214327,"comment_status":"open","ping_status":"open","sticky":false,"template":"","format":"standard","meta":{"newspack_featured_image_position":"","newspack_post_subtitle":"","newspack_article_summary_title":"Overview:","newspack_article_summary":"","newspack_hide_updated_date":false,"newspack_show_updated_date":false,"footnotes":""},"categories":[8],"tags":[159,1060,593,13527],"class_list":["post-214324","post","type-post","status-publish","format-standard","has-post-thumbnail","hentry","category-balkan","tag-crna-gora","tag-nis","tag-saobracajna-nesreca","tag-stradala-devojka","entry"],"aioseo_notices":[],"aioseo_head":"\n\t\t<!-- All in One SEO 5.0.1.1 - aioseo.com -->\n\t<meta name=\"description\" content=\"The girl who died in a serious traffic accident in Montenegro, during which 16 people sustained injuries, is a resident of the Ni\u0161 village of Vrti\u0161te, Jovana S. (21). The news that Jovana died in Montenegro saddened the residents of this Ni\u0161 village. There was no one in her family home today, and according to\" \/>\n\t<meta name=\"robots\" content=\"max-image-preview:large\" \/>\n\t<meta name=\"author\" content=\"Antonije Kova\u010devi\u0107\"\/>\n\t<link rel=\"canonical\" href=\"https:\/\/serbiantimes.info\/en\/jovana-21-tragically-killed-in-montenegro-what-kind-of-justice-is-that-she-probably-prayed-lit-a-candle-not-suspecting-what-awaited-her-photo\/\" \/>\n\t<meta name=\"generator\" content=\"All in One SEO (AIOSEO) 5.0.1.1\" \/>\n\t\t<meta property=\"og:locale\" content=\"en_US\" \/>\n\t\t<meta property=\"og:site_name\" content=\"Serbiantimes.info EN |\" \/>\n\t\t<meta property=\"og:type\" content=\"article\" \/>\n\t\t<meta property=\"og:title\" content=\"JOVANA (21) TRAGICALLY KILLED IN MONTENEGRO: \u201cWhat kind of justice is that, she probably prayed, lit a candle, not suspecting what awaited her\u201d (PHOTO) | Serbiantimes.info EN\" \/>\n\t\t<meta property=\"og:description\" content=\"The girl who died in a serious traffic accident in Montenegro, during which 16 people sustained injuries, is a resident of the Ni\u0161 village of Vrti\u0161te, Jovana S. (21). The news that Jovana died in Montenegro saddened the residents of this Ni\u0161 village. There was no one in her family home today, and according to\" \/>\n\t\t<meta property=\"og:url\" content=\"https:\/\/serbiantimes.info\/en\/jovana-21-tragically-killed-in-montenegro-what-kind-of-justice-is-that-she-probably-prayed-lit-a-candle-not-suspecting-what-awaited-her-photo\/\" \/>\n\t\t<meta property=\"og:image\" content=\"https:\/\/serbiantimes.info\/en\/wp-content\/uploads\/sites\/2\/2026\/07\/Jovana-S-nesreca.jpg\" \/>\n\t\t<meta property=\"og:image:secure_url\" content=\"https:\/\/serbiantimes.info\/en\/wp-content\/uploads\/sites\/2\/2026\/07\/Jovana-S-nesreca.jpg\" \/>\n\t\t<meta property=\"og:image:width\" content=\"1200\" \/>\n\t\t<meta property=\"og:image:height\" content=\"759\" \/>\n\t\t<meta property=\"article:published_time\" content=\"2026-07-14T13:51:16+00:00\" \/>\n\t\t<meta property=\"article:modified_time\" content=\"2026-07-14T13:53:21+00:00\" \/>\n\t\t<meta name=\"twitter:card\" content=\"summary_large_image\" \/>\n\t\t<meta name=\"twitter:title\" content=\"JOVANA (21) TRAGICALLY KILLED IN MONTENEGRO: \u201cWhat kind of justice is that, she probably prayed, lit a candle, not suspecting what awaited her\u201d (PHOTO) | Serbiantimes.info EN\" \/>\n\t\t<meta name=\"twitter:description\" content=\"The girl who died in a serious traffic accident in Montenegro, during which 16 people sustained injuries, is a resident of the Ni\u0161 village of Vrti\u0161te, Jovana S. (21). The news that Jovana died in Montenegro saddened the residents of this Ni\u0161 village. There was no one in her family home today, and according to\" \/>\n\t\t<meta name=\"twitter:image\" content=\"https:\/\/serbiantimes.info\/en\/wp-content\/uploads\/sites\/2\/2026\/07\/Jovana-S-nesreca.jpg\" \/>\n\t\t<script type=\"application\/ld+json\" class=\"aioseo-schema\">\n\t\t\t{\"@context\":\"https:\\\/\\\/schema.org\",\"@graph\":[{\"@type\":\"BlogPosting\",\"@id\":\"https:\\\/\\\/serbiantimes.info\\\/en\\\/jovana-21-tragically-killed-in-montenegro-what-kind-of-justice-is-that-she-probably-prayed-lit-a-candle-not-suspecting-what-awaited-her-photo\\\/#blogposting\",\"name\":\"JOVANA (21) TRAGICALLY KILLED IN MONTENEGRO: \\u201cWhat kind of justice is that, she probably prayed, lit a candle, not suspecting what awaited her\\u201d (PHOTO) | Serbiantimes.info EN\",\"headline\":\"JOVANA (21) TRAGICALLY KILLED IN MONTENEGRO: &#8220;What kind of justice is that, she probably prayed, lit a candle, not suspecting what awaited her&#8221; (PHOTO)\",\"author\":{\"@id\":\"https:\\\/\\\/serbiantimes.info\\\/en\\\/author\\\/antonije\\\/#author\"},\"publisher\":{\"@id\":\"https:\\\/\\\/serbiantimes.info\\\/en\\\/#organization\"},\"image\":{\"@type\":\"ImageObject\",\"url\":\"https:\\\/\\\/serbiantimes.info\\\/en\\\/wp-content\\\/uploads\\\/sites\\\/2\\\/2026\\\/07\\\/Jovana-S-nesreca.jpg\",\"width\":1200,\"height\":759},\"datePublished\":\"2026-07-14T15:51:16+02:00\",\"dateModified\":\"2026-07-14T15:53:21+02:00\",\"inLanguage\":\"en-US\",\"mainEntityOfPage\":{\"@id\":\"https:\\\/\\\/serbiantimes.info\\\/en\\\/jovana-21-tragically-killed-in-montenegro-what-kind-of-justice-is-that-she-probably-prayed-lit-a-candle-not-suspecting-what-awaited-her-photo\\\/#webpage\"},\"isPartOf\":{\"@id\":\"https:\\\/\\\/serbiantimes.info\\\/en\\\/jovana-21-tragically-killed-in-montenegro-what-kind-of-justice-is-that-she-probably-prayed-lit-a-candle-not-suspecting-what-awaited-her-photo\\\/#webpage\"},\"articleSection\":\"BALKAN, Crna Gora, Ni\\u0161, saobra\\u0107ajna nesre\\u0107a, stradala devojka\"},{\"@type\":\"BreadcrumbList\",\"@id\":\"https:\\\/\\\/serbiantimes.info\\\/en\\\/jovana-21-tragically-killed-in-montenegro-what-kind-of-justice-is-that-she-probably-prayed-lit-a-candle-not-suspecting-what-awaited-her-photo\\\/#breadcrumblist\",\"itemListElement\":[{\"@type\":\"ListItem\",\"@id\":\"https:\\\/\\\/serbiantimes.info\\\/en#listItem\",\"position\":1,\"name\":\"Home\",\"item\":\"https:\\\/\\\/serbiantimes.info\\\/en\",\"nextItem\":{\"@type\":\"ListItem\",\"@id\":\"https:\\\/\\\/serbiantimes.info\\\/en\\\/category\\\/balkan\\\/#listItem\",\"name\":\"BALKAN\"}},{\"@type\":\"ListItem\",\"@id\":\"https:\\\/\\\/serbiantimes.info\\\/en\\\/category\\\/balkan\\\/#listItem\",\"position\":2,\"name\":\"BALKAN\",\"item\":\"https:\\\/\\\/serbiantimes.info\\\/en\\\/category\\\/balkan\\\/\",\"nextItem\":{\"@type\":\"ListItem\",\"@id\":\"https:\\\/\\\/serbiantimes.info\\\/en\\\/jovana-21-tragically-killed-in-montenegro-what-kind-of-justice-is-that-she-probably-prayed-lit-a-candle-not-suspecting-what-awaited-her-photo\\\/#listItem\",\"name\":\"JOVANA (21) TRAGICALLY KILLED IN MONTENEGRO: &#8220;What kind of justice is that, she probably prayed, lit a candle, not suspecting what awaited her&#8221; (PHOTO)\"},\"previousItem\":{\"@type\":\"ListItem\",\"@id\":\"https:\\\/\\\/serbiantimes.info\\\/en#listItem\",\"name\":\"Home\"}},{\"@type\":\"ListItem\",\"@id\":\"https:\\\/\\\/serbiantimes.info\\\/en\\\/jovana-21-tragically-killed-in-montenegro-what-kind-of-justice-is-that-she-probably-prayed-lit-a-candle-not-suspecting-what-awaited-her-photo\\\/#listItem\",\"position\":3,\"name\":\"JOVANA (21) TRAGICALLY KILLED IN MONTENEGRO: &#8220;What kind of justice is that, she probably prayed, lit a candle, not suspecting what awaited her&#8221; (PHOTO)\",\"previousItem\":{\"@type\":\"ListItem\",\"@id\":\"https:\\\/\\\/serbiantimes.info\\\/en\\\/category\\\/balkan\\\/#listItem\",\"name\":\"BALKAN\"}}]},{\"@type\":\"Organization\",\"@id\":\"https:\\\/\\\/serbiantimes.info\\\/en\\\/#organization\",\"name\":\"Serbiantimes.info EN\",\"url\":\"https:\\\/\\\/serbiantimes.info\\\/en\\\/\",\"logo\":{\"@type\":\"ImageObject\",\"url\":\"https:\\\/\\\/serbiantimes.info\\\/en\\\/wp-content\\\/uploads\\\/sites\\\/2\\\/2024\\\/10\\\/cropped-cropped-Serbian-Times-Header-Logo-1.png\",\"@id\":\"https:\\\/\\\/serbiantimes.info\\\/en\\\/jovana-21-tragically-killed-in-montenegro-what-kind-of-justice-is-that-she-probably-prayed-lit-a-candle-not-suspecting-what-awaited-her-photo\\\/#organizationLogo\",\"width\":480,\"height\":100},\"image\":{\"@id\":\"https:\\\/\\\/serbiantimes.info\\\/en\\\/jovana-21-tragically-killed-in-montenegro-what-kind-of-justice-is-that-she-probably-prayed-lit-a-candle-not-suspecting-what-awaited-her-photo\\\/#organizationLogo\"}},{\"@type\":\"Person\",\"@id\":\"https:\\\/\\\/serbiantimes.info\\\/en\\\/author\\\/antonije\\\/#author\",\"url\":\"https:\\\/\\\/serbiantimes.info\\\/en\\\/author\\\/antonije\\\/\",\"name\":\"Antonije Kova\\u010devi\\u0107\",\"image\":{\"@type\":\"ImageObject\",\"@id\":\"https:\\\/\\\/serbiantimes.info\\\/en\\\/jovana-21-tragically-killed-in-montenegro-what-kind-of-justice-is-that-she-probably-prayed-lit-a-candle-not-suspecting-what-awaited-her-photo\\\/#authorImage\",\"url\":\"https:\\\/\\\/secure.gravatar.com\\\/avatar\\\/302cec0cc52eaeea471c2725ff416adcd426b96b0e7c7fdd8b990e51a22f6805?s=96&d=mm&r=g\",\"width\":96,\"height\":96,\"caption\":\"Antonije Kova\\u010devi\\u0107\"}},{\"@type\":\"WebPage\",\"@id\":\"https:\\\/\\\/serbiantimes.info\\\/en\\\/jovana-21-tragically-killed-in-montenegro-what-kind-of-justice-is-that-she-probably-prayed-lit-a-candle-not-suspecting-what-awaited-her-photo\\\/#webpage\",\"url\":\"https:\\\/\\\/serbiantimes.info\\\/en\\\/jovana-21-tragically-killed-in-montenegro-what-kind-of-justice-is-that-she-probably-prayed-lit-a-candle-not-suspecting-what-awaited-her-photo\\\/\",\"name\":\"JOVANA (21) TRAGICALLY KILLED IN MONTENEGRO: \\u201cWhat kind of justice is that, she probably prayed, lit a candle, not suspecting what awaited her\\u201d (PHOTO) | Serbiantimes.info EN\",\"description\":\"The girl who died in a serious traffic accident in Montenegro, during which 16 people sustained injuries, is a resident of the Ni\\u0161 village of Vrti\\u0161te, Jovana S. (21). The news that Jovana died in Montenegro saddened the residents of this Ni\\u0161 village. There was no one in her family home today, and according to\",\"inLanguage\":\"en-US\",\"isPartOf\":{\"@id\":\"https:\\\/\\\/serbiantimes.info\\\/en\\\/#website\"},\"breadcrumb\":{\"@id\":\"https:\\\/\\\/serbiantimes.info\\\/en\\\/jovana-21-tragically-killed-in-montenegro-what-kind-of-justice-is-that-she-probably-prayed-lit-a-candle-not-suspecting-what-awaited-her-photo\\\/#breadcrumblist\"},\"author\":{\"@id\":\"https:\\\/\\\/serbiantimes.info\\\/en\\\/author\\\/antonije\\\/#author\"},\"creator\":{\"@id\":\"https:\\\/\\\/serbiantimes.info\\\/en\\\/author\\\/antonije\\\/#author\"},\"image\":{\"@type\":\"ImageObject\",\"url\":\"https:\\\/\\\/serbiantimes.info\\\/en\\\/wp-content\\\/uploads\\\/sites\\\/2\\\/2026\\\/07\\\/Jovana-S-nesreca.jpg\",\"@id\":\"https:\\\/\\\/serbiantimes.info\\\/en\\\/jovana-21-tragically-killed-in-montenegro-what-kind-of-justice-is-that-she-probably-prayed-lit-a-candle-not-suspecting-what-awaited-her-photo\\\/#mainImage\",\"width\":1200,\"height\":759},\"primaryImageOfPage\":{\"@id\":\"https:\\\/\\\/serbiantimes.info\\\/en\\\/jovana-21-tragically-killed-in-montenegro-what-kind-of-justice-is-that-she-probably-prayed-lit-a-candle-not-suspecting-what-awaited-her-photo\\\/#mainImage\"},\"datePublished\":\"2026-07-14T15:51:16+02:00\",\"dateModified\":\"2026-07-14T15:53:21+02:00\"},{\"@type\":\"WebSite\",\"@id\":\"https:\\\/\\\/serbiantimes.info\\\/en\\\/#website\",\"url\":\"https:\\\/\\\/serbiantimes.info\\\/en\\\/\",\"name\":\"Serbiantimes.info EN\",\"inLanguage\":\"en-US\",\"publisher\":{\"@id\":\"https:\\\/\\\/serbiantimes.info\\\/en\\\/#organization\"}}]}\n\t\t<\/script>\n\t\t<!-- All in One SEO -->\n\n","aioseo_head_json":{"title":"JOVANA (21) TRAGICALLY KILLED IN MONTENEGRO: \u201cWhat kind of justice is that, she probably prayed, lit a candle, not suspecting what awaited her\u201d (PHOTO) | Serbiantimes.info EN","description":"The girl who died in a serious traffic accident in Montenegro, during which 16 people sustained injuries, is a resident of the Ni\u0161 village of Vrti\u0161te, Jovana S. (21). The news that Jovana died in Montenegro saddened the residents of this Ni\u0161 village. There was no one in her family home today, and according to","canonical_url":"https:\/\/serbiantimes.info\/en\/jovana-21-tragically-killed-in-montenegro-what-kind-of-justice-is-that-she-probably-prayed-lit-a-candle-not-suspecting-what-awaited-her-photo\/","robots":"max-image-preview:large","keywords":"","webmasterTools":{"miscellaneous":""},"schema":{"@context":"https:\/\/schema.org","@graph":[{"@type":"BlogPosting","@id":"https:\/\/serbiantimes.info\/en\/jovana-21-tragically-killed-in-montenegro-what-kind-of-justice-is-that-she-probably-prayed-lit-a-candle-not-suspecting-what-awaited-her-photo\/#blogposting","name":"JOVANA (21) TRAGICALLY KILLED IN MONTENEGRO: \u201cWhat kind of justice is that, she probably prayed, lit a candle, not suspecting what awaited her\u201d (PHOTO) | Serbiantimes.info EN","headline":"JOVANA (21) TRAGICALLY KILLED IN MONTENEGRO: &#8220;What kind of justice is that, she probably prayed, lit a candle, not suspecting what awaited her&#8221; (PHOTO)","author":{"@id":"https:\/\/serbiantimes.info\/en\/author\/antonije\/#author"},"publisher":{"@id":"https:\/\/serbiantimes.info\/en\/#organization"},"image":{"@type":"ImageObject","url":"https:\/\/serbiantimes.info\/en\/wp-content\/uploads\/sites\/2\/2026\/07\/Jovana-S-nesreca.jpg","width":1200,"height":759},"datePublished":"2026-07-14T15:51:16+02:00","dateModified":"2026-07-14T15:53:21+02:00","inLanguage":"en-US","mainEntityOfPage":{"@id":"https:\/\/serbiantimes.info\/en\/jovana-21-tragically-killed-in-montenegro-what-kind-of-justice-is-that-she-probably-prayed-lit-a-candle-not-suspecting-what-awaited-her-photo\/#webpage"},"isPartOf":{"@id":"https:\/\/serbiantimes.info\/en\/jovana-21-tragically-killed-in-montenegro-what-kind-of-justice-is-that-she-probably-prayed-lit-a-candle-not-suspecting-what-awaited-her-photo\/#webpage"},"articleSection":"BALKAN, Crna Gora, Ni\u0161, saobra\u0107ajna nesre\u0107a, stradala devojka"},{"@type":"BreadcrumbList","@id":"https:\/\/serbiantimes.info\/en\/jovana-21-tragically-killed-in-montenegro-what-kind-of-justice-is-that-she-probably-prayed-lit-a-candle-not-suspecting-what-awaited-her-photo\/#breadcrumblist","itemListElement":[{"@type":"ListItem","@id":"https:\/\/serbiantimes.info\/en#listItem","position":1,"name":"Home","item":"https:\/\/serbiantimes.info\/en","nextItem":{"@type":"ListItem","@id":"https:\/\/serbiantimes.info\/en\/category\/balkan\/#listItem","name":"BALKAN"}},{"@type":"ListItem","@id":"https:\/\/serbiantimes.info\/en\/category\/balkan\/#listItem","position":2,"name":"BALKAN","item":"https:\/\/serbiantimes.info\/en\/category\/balkan\/","nextItem":{"@type":"ListItem","@id":"https:\/\/serbiantimes.info\/en\/jovana-21-tragically-killed-in-montenegro-what-kind-of-justice-is-that-she-probably-prayed-lit-a-candle-not-suspecting-what-awaited-her-photo\/#listItem","name":"JOVANA (21) TRAGICALLY KILLED IN MONTENEGRO: &#8220;What kind of justice is that, she probably prayed, lit a candle, not suspecting what awaited her&#8221; (PHOTO)"},"previousItem":{"@type":"ListItem","@id":"https:\/\/serbiantimes.info\/en#listItem","name":"Home"}},{"@type":"ListItem","@id":"https:\/\/serbiantimes.info\/en\/jovana-21-tragically-killed-in-montenegro-what-kind-of-justice-is-that-she-probably-prayed-lit-a-candle-not-suspecting-what-awaited-her-photo\/#listItem","position":3,"name":"JOVANA (21) TRAGICALLY KILLED IN MONTENEGRO: &#8220;What kind of justice is that, she probably prayed, lit a candle, not suspecting what awaited her&#8221; (PHOTO)","previousItem":{"@type":"ListItem","@id":"https:\/\/serbiantimes.info\/en\/category\/balkan\/#listItem","name":"BALKAN"}}]},{"@type":"Organization","@id":"https:\/\/serbiantimes.info\/en\/#organization","name":"Serbiantimes.info EN","url":"https:\/\/serbiantimes.info\/en\/","logo":{"@type":"ImageObject","url":"https:\/\/serbiantimes.info\/en\/wp-content\/uploads\/sites\/2\/2024\/10\/cropped-cropped-Serbian-Times-Header-Logo-1.png","@id":"https:\/\/serbiantimes.info\/en\/jovana-21-tragically-killed-in-montenegro-what-kind-of-justice-is-that-she-probably-prayed-lit-a-candle-not-suspecting-what-awaited-her-photo\/#organizationLogo","width":480,"height":100},"image":{"@id":"https:\/\/serbiantimes.info\/en\/jovana-21-tragically-killed-in-montenegro-what-kind-of-justice-is-that-she-probably-prayed-lit-a-candle-not-suspecting-what-awaited-her-photo\/#organizationLogo"}},{"@type":"Person","@id":"https:\/\/serbiantimes.info\/en\/author\/antonije\/#author","url":"https:\/\/serbiantimes.info\/en\/author\/antonije\/","name":"Antonije Kova\u010devi\u0107","image":{"@type":"ImageObject","@id":"https:\/\/serbiantimes.info\/en\/jovana-21-tragically-killed-in-montenegro-what-kind-of-justice-is-that-she-probably-prayed-lit-a-candle-not-suspecting-what-awaited-her-photo\/#authorImage","url":"https:\/\/secure.gravatar.com\/avatar\/302cec0cc52eaeea471c2725ff416adcd426b96b0e7c7fdd8b990e51a22f6805?s=96&d=mm&r=g","width":96,"height":96,"caption":"Antonije Kova\u010devi\u0107"}},{"@type":"WebPage","@id":"https:\/\/serbiantimes.info\/en\/jovana-21-tragically-killed-in-montenegro-what-kind-of-justice-is-that-she-probably-prayed-lit-a-candle-not-suspecting-what-awaited-her-photo\/#webpage","url":"https:\/\/serbiantimes.info\/en\/jovana-21-tragically-killed-in-montenegro-what-kind-of-justice-is-that-she-probably-prayed-lit-a-candle-not-suspecting-what-awaited-her-photo\/","name":"JOVANA (21) TRAGICALLY KILLED IN MONTENEGRO: \u201cWhat kind of justice is that, she probably prayed, lit a candle, not suspecting what awaited her\u201d (PHOTO) | Serbiantimes.info EN","description":"The girl who died in a serious traffic accident in Montenegro, during which 16 people sustained injuries, is a resident of the Ni\u0161 village of Vrti\u0161te, Jovana S. (21). The news that Jovana died in Montenegro saddened the residents of this Ni\u0161 village. There was no one in her family home today, and according to","inLanguage":"en-US","isPartOf":{"@id":"https:\/\/serbiantimes.info\/en\/#website"},"breadcrumb":{"@id":"https:\/\/serbiantimes.info\/en\/jovana-21-tragically-killed-in-montenegro-what-kind-of-justice-is-that-she-probably-prayed-lit-a-candle-not-suspecting-what-awaited-her-photo\/#breadcrumblist"},"author":{"@id":"https:\/\/serbiantimes.info\/en\/author\/antonije\/#author"},"creator":{"@id":"https:\/\/serbiantimes.info\/en\/author\/antonije\/#author"},"image":{"@type":"ImageObject","url":"https:\/\/serbiantimes.info\/en\/wp-content\/uploads\/sites\/2\/2026\/07\/Jovana-S-nesreca.jpg","@id":"https:\/\/serbiantimes.info\/en\/jovana-21-tragically-killed-in-montenegro-what-kind-of-justice-is-that-she-probably-prayed-lit-a-candle-not-suspecting-what-awaited-her-photo\/#mainImage","width":1200,"height":759},"primaryImageOfPage":{"@id":"https:\/\/serbiantimes.info\/en\/jovana-21-tragically-killed-in-montenegro-what-kind-of-justice-is-that-she-probably-prayed-lit-a-candle-not-suspecting-what-awaited-her-photo\/#mainImage"},"datePublished":"2026-07-14T15:51:16+02:00","dateModified":"2026-07-14T15:53:21+02:00"},{"@type":"WebSite","@id":"https:\/\/serbiantimes.info\/en\/#website","url":"https:\/\/serbiantimes.info\/en\/","name":"Serbiantimes.info EN","inLanguage":"en-US","publisher":{"@id":"https:\/\/serbiantimes.info\/en\/#organization"}}]},"og:locale":"en_US","og:site_name":"Serbiantimes.info EN |","og:type":"article","og:title":"JOVANA (21) TRAGICALLY KILLED IN MONTENEGRO: \u201cWhat kind of justice is that, she probably prayed, lit a candle, not suspecting what awaited her\u201d (PHOTO) | Serbiantimes.info EN","og:description":"The girl who died in a serious traffic accident in Montenegro, during which 16 people sustained injuries, is a resident of the Ni\u0161 village of Vrti\u0161te, Jovana S. (21). The news that Jovana died in Montenegro saddened the residents of this Ni\u0161 village. There was no one in her family home today, and according to","og:url":"https:\/\/serbiantimes.info\/en\/jovana-21-tragically-killed-in-montenegro-what-kind-of-justice-is-that-she-probably-prayed-lit-a-candle-not-suspecting-what-awaited-her-photo\/","og:image":"https:\/\/serbiantimes.info\/en\/wp-content\/uploads\/sites\/2\/2026\/07\/Jovana-S-nesreca.jpg","og:image:secure_url":"https:\/\/serbiantimes.info\/en\/wp-content\/uploads\/sites\/2\/2026\/07\/Jovana-S-nesreca.jpg","og:image:width":1200,"og:image:height":759,"article:published_time":"2026-07-14T13:51:16+00:00","article:modified_time":"2026-07-14T13:53:21+00:00","twitter:card":"summary_large_image","twitter:title":"JOVANA (21) TRAGICALLY KILLED IN MONTENEGRO: \u201cWhat kind of justice is that, she probably prayed, lit a candle, not suspecting what awaited her\u201d (PHOTO) | Serbiantimes.info EN","twitter:description":"The girl who died in a serious traffic accident in Montenegro, during which 16 people sustained injuries, is a resident of the Ni\u0161 village of Vrti\u0161te, Jovana S. (21). The news that Jovana died in Montenegro saddened the residents of this Ni\u0161 village. There was no one in her family home today, and according to","twitter:image":"https:\/\/serbiantimes.info\/en\/wp-content\/uploads\/sites\/2\/2026\/07\/Jovana-S-nesreca.jpg"},"aioseo_meta_data":{"post_id":"214324","title":null,"description":null,"keywords":null,"keyphrases":{"focus":{"keyphrase":"","score":0,"analysis":{"keyphraseInTitle":{"score":0,"maxScore":9,"error":1}}},"additional":[]},"primary_term":null,"canonical_url":null,"og_title":null,"og_description":null,"og_object_type":"default","og_image_type":"default","og_image_url":null,"og_image_width":null,"og_image_height":null,"og_image_custom_url":null,"og_image_custom_fields":null,"og_video":"","og_custom_url":null,"og_article_section":null,"og_article_tags":null,"twitter_use_og":false,"twitter_card":"default","twitter_image_type":"default","twitter_image_url":null,"twitter_image_custom_url":null,"twitter_image_custom_fields":null,"twitter_title":null,"twitter_description":null,"schema":{"blockGraphs":[],"customGraphs":[],"default":{"data":{"Article":[],"Course":[],"Dataset":[],"FAQPage":[],"Movie":[],"Person":[],"Product":[],"ProductReview":[],"Car":[],"Recipe":[],"Service":[],"SoftwareApplication":[],"WebPage":[]},"graphName":"BlogPosting","isEnabled":true},"graphs":[]},"schema_type":"default","schema_type_options":null,"pillar_content":false,"robots_default":true,"robots_noindex":false,"robots_noarchive":false,"robots_nosnippet":false,"robots_nofollow":false,"robots_noimageindex":false,"robots_noodp":false,"robots_notranslate":false,"robots_max_snippet":"-1","robots_max_videopreview":"-1","robots_max_imagepreview":"large","priority":null,"frequency":"default","local_seo":null,"breadcrumb_settings":null,"limit_modified_date":false,"ai":{"faqs":[],"keyPoints":[],"titles":[],"descriptions":[],"socialPosts":{"email":[],"linkedin":[],"twitter":[],"facebook":[],"instagram":[]}},"created":"2026-07-14 13:51:17","updated":"2026-07-14 16:25:11","focus_keyword":null,"additional_keywords":null,"truseo_locale":null,"seo_analyzer_scan_date":null},"aioseo_breadcrumb":"<div class=\"aioseo-breadcrumbs\"><span class=\"aioseo-breadcrumb\">\n\t\t\t<a href=\"https:\/\/serbiantimes.info\/en\" title=\"Home\">Home<\/a>\n\t\t<\/span><span class=\"aioseo-breadcrumb-separator\">&raquo;<\/span><span class=\"aioseo-breadcrumb\">\n\t\t\t<a href=\"https:\/\/serbiantimes.info\/en\/category\/balkan\/\" title=\"BALKAN\">BALKAN<\/a>\n\t\t<\/span><span class=\"aioseo-breadcrumb-separator\">&raquo;<\/span><span class=\"aioseo-breadcrumb\">\n\t\t\tJOVANA (21) TRAGICALLY KILLED IN MONTENEGRO: \u201cWhat kind of justice is that, she probably prayed, lit a candle, not suspecting what awaited her\u201d (PHOTO)\n\t\t<\/span><\/div>","aioseo_breadcrumb_json":[{"label":"Home","link":"https:\/\/serbiantimes.info\/en"},{"label":"BALKAN","link":"https:\/\/serbiantimes.info\/en\/category\/balkan\/"},{"label":"JOVANA (21) TRAGICALLY KILLED IN MONTENEGRO: &#8220;What kind of justice is that, she probably prayed, lit a candle, not suspecting what awaited her&#8221; (PHOTO)","link":"https:\/\/serbiantimes.info\/en\/jovana-21-tragically-killed-in-montenegro-what-kind-of-justice-is-that-she-probably-prayed-lit-a-candle-not-suspecting-what-awaited-her-photo\/"}],"distributor_meta":false,"distributor_terms":false,"distributor_media":false,"distributor_original_site_name":"Serbiantimes.info EN","distributor_original_site_url":"https:\/\/serbiantimes.info\/en","push-errors":false,"_links":{"self":[{"href":"https:\/\/serbiantimes.info\/en\/wp-json\/wp\/v2\/posts\/214324","targetHints":{"allow":["GET"]}}],"collection":[{"href":"https:\/\/serbiantimes.info\/en\/wp-json\/wp\/v2\/posts"}],"about":[{"href":"https:\/\/serbiantimes.info\/en\/wp-json\/wp\/v2\/types\/post"}],"author":[{"embeddable":true,"href":"https:\/\/serbiantimes.info\/en\/wp-json\/wp\/v2\/users\/8"}],"replies":[{"embeddable":true,"href":"https:\/\/serbiantimes.info\/en\/wp-json\/wp\/v2\/comments?post=214324"}],"version-history":[{"count":3,"href":"https:\/\/serbiantimes.info\/en\/wp-json\/wp\/v2\/posts\/214324\/revisions"}],"predecessor-version":[{"id":214378,"href":"https:\/\/serbiantimes.info\/en\/wp-json\/wp\/v2\/posts\/214324\/revisions\/214378"}],"wp:featuredmedia":[{"embeddable":true,"href":"https:\/\/serbiantimes.info\/en\/wp-json\/wp\/v2\/media\/214327"}],"wp:attachment":[{"href":"https:\/\/serbiantimes.info\/en\/wp-json\/wp\/v2\/media?parent=214324"}],"wp:term":[{"taxonomy":"category","embeddable":true,"href":"https:\/\/serbiantimes.info\/en\/wp-json\/wp\/v2\/categories?post=214324"},{"taxonomy":"post_tag","embeddable":true,"href":"https:\/\/serbiantimes.info\/en\/wp-json\/wp\/v2\/tags?post=214324"}],"curies":[{"name":"wp","href":"https:\/\/api.w.org\/{rel}","templated":true}]}}