{"id":214278,"date":"2026-07-13T17:07:54","date_gmt":"2026-07-13T15:07:54","guid":{"rendered":"https:\/\/serbiantimes.info\/en\/?p=214278"},"modified":"2026-07-13T17:07:55","modified_gmt":"2026-07-13T15:07:55","slug":"is-the-ground-being-prepared-to-sell-another-part-of-the-state-students-raise-their-voices-over-albanian-presidents-visit-to-presevo-and-bujanovac","status":"publish","type":"post","link":"https:\/\/serbiantimes.info\/en\/is-the-ground-being-prepared-to-sell-another-part-of-the-state-students-raise-their-voices-over-albanian-presidents-visit-to-presevo-and-bujanovac\/","title":{"rendered":"\u201cIS THE GROUND BEING PREPARED TO SELL ANOTHER PART OF THE STATE?\u201d: Students raise their voices over Albanian president\u2019s visit to Pre\u0161evo and Bujanovac!"},"content":{"rendered":"\n<p class=\"wp-block-paragraph\">Students in the blockade at the Novi Sad Faculty of Law today, regarding the visit of Albanian President Bajram Begaj to southern Serbia, asked why pro-government media did not report on it and whether the ground was being prepared for Serbian President Aleksandar Vu\u010di\u0107 to \u201csell another part of the Serbian state\u201d.<\/p>\n\n\n\n<p class=\"wp-block-paragraph\">Begaj visited Serbia on Wednesday, the students stated, adding that the news of a foreign official coming for a visit should not in itself cause controversy, but that the information was not reported by pro-government media.<\/p>\n\n\n\n<p class=\"wp-block-paragraph\">\u201cBegaj did not come on an official visit to Belgrade, but, accompanied by Serbian police and security forces equipped with long-barreled weapons, he came to Bujanovac and Pre\u0161evo, where he was welcomed by representatives of the local authorities there with Albanian flags,\u201d the students said.<\/p>\n\n\n\n<p class=\"wp-block-paragraph\">They stated that while Serbs in Kosovo are being arrested because of Serbian symbols and songs, Begaj, under the veil of a media blackout, is coming to southern Serbia as if he is passing through his own country.<\/p>\n\n\n\n<p class=\"wp-block-paragraph\">\u201cAfter that, we get a statement from the mayor of Pre\u0161evo that Pre\u0161evo and the Pre\u0161evo Valley are an inseparable part of the Albanian world,\u201d the students added, assessing that the authorities are once again showing that they are treacherous, and that Vu\u010di\u0107\u2019s \u201cnickname given to him by the citizens of Serbia suits him perfectly\u201d.<\/p>\n\n\n\n<p class=\"wp-block-paragraph\">\u201cThe authorities have been surviving for years on the basis of false patriotism and present themselves as protectors of national interests, while through their actions they show that they are anything but patriotic,\u201d the students said.<\/p>\n\n\n\n<h4 class=\"wp-block-heading\"><mark style=\"background-color:#FFFFFF;color:#d21414\" class=\"has-inline-color\">MORE TOPICS:<\/mark><\/h4>\n\n\n\n<p class=\"wp-block-paragraph\"><strong><a href=\"https:\/\/serbiantimes.info\/en\/ministry-of-croatian-veterans-serbia-is-mocking-us-they-do-not-want-to-cooperate-at-all\/\" target=\"_blank\" rel=\"noopener\" title=\"\">MINISTRY OF CROATIAN VETERANS: Serbia is mocking us, they do not want to cooperate at all!<\/a><\/strong><\/p>\n\n\n\n<p class=\"wp-block-paragraph\"><strong><a href=\"https:\/\/serbiantimes.info\/en\/fuel-in-serbia-the-most-expensive-in-the-region-here-is-how-much-petroleum-derivatives-are-cheaper-in-neighboring-countries\/\" target=\"_blank\" rel=\"noopener\" title=\"\">FUEL IN SERBIA THE MOST EXPENSIVE IN THE REGION: Here is how much petroleum derivatives are cheaper in neighboring countries!<\/a><\/strong><\/p>\n\n\n\n<p class=\"wp-block-paragraph\"><strong><a href=\"https:\/\/serbiantimes.info\/en\/our-children-adore-you-you-are-a-wonderful-role-model-jelena-dokovic-sent-powerful-words-of-support-to-auger-aliassime\/\" target=\"_blank\" rel=\"noopener\" title=\"\">\u201cOUR CHILDREN ADORE YOU, YOU ARE A WONDERFUL ROLE MODEL\u201d: Jelena \u0110okovi\u0107 sent powerful words of support to Auger-Aliassime!<\/a><\/strong><\/p>\n\n\n\n<p class=\"wp-block-paragraph\"><strong><a href=\"https:\/\/serbiantimes.info\/en\/sve-se-to-radi-smisljeno-ovo-je-veliki-atak-na-mene-ocu-poginulog-radnika-iz-lucana-istovarili-gomilu-djubriva-ispred-kuce\/\" target=\"_blank\" rel=\"noopener\" title=\"\">\u201cEVERYTHING IS BEING DONE DELIBERATELY, THIS IS A HUGE ATTACK ON ME\u201d: A pile of manure dumped in front of the house of the father of the deceased worker from Lu\u010dani!<\/a><\/strong><\/p>\n\n\n\n<p class=\"wp-block-paragraph\"><strong><a href=\"https:\/\/serbiantimes.info\/en\/there-is-justice-for-students-after-all-veljko-petrovic-acquitted-of-charges-for-attacking-the-dean-of-dif\/\" target=\"_blank\" rel=\"noopener\" title=\"\">THERE IS JUSTICE FOR STUDENTS AFTER ALL: Veljko Petrovi\u0107 acquitted of charges for attacking the dean of DIF!<\/a><\/strong><\/p>\n\n\n\n<p class=\"wp-block-paragraph\"><strong><strong>Source<\/strong><\/strong>:<strong>&nbsp;<\/strong>Nova.rs, <strong>Foto: <\/strong>bujanovacke.co.rs<\/p>\n\n\n\n<p class=\"wp-block-paragraph\"><\/p>\n","protected":false},"excerpt":{"rendered":"<p>Students in the blockade at the Novi Sad Faculty of Law today, regarding the visit of Albanian President Bajram Begaj to southern Serbia, asked why pro-government media did not report on it and whether the ground was being prepared for Serbian President Aleksandar Vu\u010di\u0107 to \u201csell another part of the Serbian state\u201d. Begaj visited Serbia [&hellip;]<\/p>\n","protected":false},"author":2169,"featured_media":214090,"comment_status":"open","ping_status":"open","sticky":false,"template":"","format":"standard","meta":{"newspack_featured_image_position":"","newspack_post_subtitle":"","newspack_article_summary_title":"Overview:","newspack_article_summary":"","newspack_hide_updated_date":false,"newspack_show_updated_date":false,"footnotes":""},"categories":[7],"tags":[13499,13475,11646,876,12267,113,4837],"class_list":["post-214278","post","type-post","status-publish","format-standard","has-post-thumbnail","hentry","category-serbia","tag-albanski-predsednik","tag-bajram-begaj","tag-bujanovac","tag-politika","tag-presevo","tag-srbija","tag-studenti-u-blokadi","entry"],"aioseo_notices":[],"aioseo_head":"\n\t\t<!-- All in One SEO 5.0.1.1 - aioseo.com -->\n\t<meta name=\"description\" content=\"Students in the blockade at the Novi Sad Faculty of Law today, regarding the visit of Albanian President Bajram Begaj to southern Serbia, asked why pro-government media did not report on it and whether the ground was being prepared for Serbian President Aleksandar Vu\u010di\u0107 to \u201csell another part of the Serbian state\u201d. Begaj visited Serbia\" \/>\n\t<meta name=\"robots\" content=\"max-image-preview:large\" \/>\n\t<meta name=\"author\" content=\"Serbian Times\"\/>\n\t<link rel=\"canonical\" href=\"https:\/\/serbiantimes.info\/en\/is-the-ground-being-prepared-to-sell-another-part-of-the-state-students-raise-their-voices-over-albanian-presidents-visit-to-presevo-and-bujanovac\/\" \/>\n\t<meta name=\"generator\" content=\"All in One SEO (AIOSEO) 5.0.1.1\" \/>\n\t\t<meta property=\"og:locale\" content=\"en_US\" \/>\n\t\t<meta property=\"og:site_name\" content=\"Serbiantimes.info EN |\" \/>\n\t\t<meta property=\"og:type\" content=\"article\" \/>\n\t\t<meta property=\"og:title\" content=\"\u201cIS THE GROUND BEING PREPARED TO SELL ANOTHER PART OF THE STATE?\u201d: Students raise their voices over Albanian president\u2019s visit to Pre\u0161evo and Bujanovac! | Serbiantimes.info EN\" \/>\n\t\t<meta property=\"og:description\" content=\"Students in the blockade at the Novi Sad Faculty of Law today, regarding the visit of Albanian President Bajram Begaj to southern Serbia, asked why pro-government media did not report on it and whether the ground was being prepared for Serbian President Aleksandar Vu\u010di\u0107 to \u201csell another part of the Serbian state\u201d. Begaj visited Serbia\" \/>\n\t\t<meta property=\"og:url\" content=\"https:\/\/serbiantimes.info\/en\/is-the-ground-being-prepared-to-sell-another-part-of-the-state-students-raise-their-voices-over-albanian-presidents-visit-to-presevo-and-bujanovac\/\" \/>\n\t\t<meta property=\"og:image\" content=\"https:\/\/serbiantimes.info\/en\/wp-content\/uploads\/sites\/2\/2026\/07\/DIPTIH-TRIPTIH-Serbian-Times-5-5.jpg\" \/>\n\t\t<meta property=\"og:image:secure_url\" content=\"https:\/\/serbiantimes.info\/en\/wp-content\/uploads\/sites\/2\/2026\/07\/DIPTIH-TRIPTIH-Serbian-Times-5-5.jpg\" \/>\n\t\t<meta property=\"og:image:width\" content=\"1200\" \/>\n\t\t<meta property=\"og:image:height\" content=\"750\" \/>\n\t\t<meta property=\"article:published_time\" content=\"2026-07-13T15:07:54+00:00\" \/>\n\t\t<meta property=\"article:modified_time\" content=\"2026-07-13T15:07:55+00:00\" \/>\n\t\t<meta name=\"twitter:card\" content=\"summary_large_image\" \/>\n\t\t<meta name=\"twitter:title\" content=\"\u201cIS THE GROUND BEING PREPARED TO SELL ANOTHER PART OF THE STATE?\u201d: Students raise their voices over Albanian president\u2019s visit to Pre\u0161evo and Bujanovac! | Serbiantimes.info EN\" \/>\n\t\t<meta name=\"twitter:description\" content=\"Students in the blockade at the Novi Sad Faculty of Law today, regarding the visit of Albanian President Bajram Begaj to southern Serbia, asked why pro-government media did not report on it and whether the ground was being prepared for Serbian President Aleksandar Vu\u010di\u0107 to \u201csell another part of the Serbian state\u201d. Begaj visited Serbia\" \/>\n\t\t<meta name=\"twitter:image\" content=\"https:\/\/serbiantimes.info\/en\/wp-content\/uploads\/sites\/2\/2026\/07\/DIPTIH-TRIPTIH-Serbian-Times-5-5.jpg\" \/>\n\t\t<script type=\"application\/ld+json\" class=\"aioseo-schema\">\n\t\t\t{\"@context\":\"https:\\\/\\\/schema.org\",\"@graph\":[{\"@type\":\"BlogPosting\",\"@id\":\"https:\\\/\\\/serbiantimes.info\\\/en\\\/is-the-ground-being-prepared-to-sell-another-part-of-the-state-students-raise-their-voices-over-albanian-presidents-visit-to-presevo-and-bujanovac\\\/#blogposting\",\"name\":\"\\u201cIS THE GROUND BEING PREPARED TO SELL ANOTHER PART OF THE STATE?\\u201d: Students raise their voices over Albanian president\\u2019s visit to Pre\\u0161evo and Bujanovac! | Serbiantimes.info EN\",\"headline\":\"\\u201cIS THE GROUND BEING PREPARED TO SELL ANOTHER PART OF THE STATE?\\u201d: Students raise their voices over Albanian president\\u2019s visit to Pre\\u0161evo and Bujanovac!\",\"author\":{\"@id\":\"https:\\\/\\\/serbiantimes.info\\\/en\\\/author\\\/serbiantimes-portal\\\/#author\"},\"publisher\":{\"@id\":\"https:\\\/\\\/serbiantimes.info\\\/en\\\/#organization\"},\"image\":{\"@type\":\"ImageObject\",\"url\":\"https:\\\/\\\/serbiantimes.info\\\/en\\\/wp-content\\\/uploads\\\/sites\\\/2\\\/2026\\\/07\\\/DIPTIH-TRIPTIH-Serbian-Times-5-5.jpg\",\"width\":1200,\"height\":750},\"datePublished\":\"2026-07-13T17:07:54+02:00\",\"dateModified\":\"2026-07-13T17:07:55+02:00\",\"inLanguage\":\"en-US\",\"mainEntityOfPage\":{\"@id\":\"https:\\\/\\\/serbiantimes.info\\\/en\\\/is-the-ground-being-prepared-to-sell-another-part-of-the-state-students-raise-their-voices-over-albanian-presidents-visit-to-presevo-and-bujanovac\\\/#webpage\"},\"isPartOf\":{\"@id\":\"https:\\\/\\\/serbiantimes.info\\\/en\\\/is-the-ground-being-prepared-to-sell-another-part-of-the-state-students-raise-their-voices-over-albanian-presidents-visit-to-presevo-and-bujanovac\\\/#webpage\"},\"articleSection\":\"SERBIA, albanski predsednik, bajram begaj, bujanovac, politika, Pre\\u0161evo, Srbija, studenti u blokadi\"},{\"@type\":\"BreadcrumbList\",\"@id\":\"https:\\\/\\\/serbiantimes.info\\\/en\\\/is-the-ground-being-prepared-to-sell-another-part-of-the-state-students-raise-their-voices-over-albanian-presidents-visit-to-presevo-and-bujanovac\\\/#breadcrumblist\",\"itemListElement\":[{\"@type\":\"ListItem\",\"@id\":\"https:\\\/\\\/serbiantimes.info\\\/en#listItem\",\"position\":1,\"name\":\"Home\",\"item\":\"https:\\\/\\\/serbiantimes.info\\\/en\",\"nextItem\":{\"@type\":\"ListItem\",\"@id\":\"https:\\\/\\\/serbiantimes.info\\\/en\\\/category\\\/serbia\\\/#listItem\",\"name\":\"SERBIA\"}},{\"@type\":\"ListItem\",\"@id\":\"https:\\\/\\\/serbiantimes.info\\\/en\\\/category\\\/serbia\\\/#listItem\",\"position\":2,\"name\":\"SERBIA\",\"item\":\"https:\\\/\\\/serbiantimes.info\\\/en\\\/category\\\/serbia\\\/\",\"nextItem\":{\"@type\":\"ListItem\",\"@id\":\"https:\\\/\\\/serbiantimes.info\\\/en\\\/is-the-ground-being-prepared-to-sell-another-part-of-the-state-students-raise-their-voices-over-albanian-presidents-visit-to-presevo-and-bujanovac\\\/#listItem\",\"name\":\"\\u201cIS THE GROUND BEING PREPARED TO SELL ANOTHER PART OF THE STATE?\\u201d: Students raise their voices over Albanian president\\u2019s visit to Pre\\u0161evo and Bujanovac!\"},\"previousItem\":{\"@type\":\"ListItem\",\"@id\":\"https:\\\/\\\/serbiantimes.info\\\/en#listItem\",\"name\":\"Home\"}},{\"@type\":\"ListItem\",\"@id\":\"https:\\\/\\\/serbiantimes.info\\\/en\\\/is-the-ground-being-prepared-to-sell-another-part-of-the-state-students-raise-their-voices-over-albanian-presidents-visit-to-presevo-and-bujanovac\\\/#listItem\",\"position\":3,\"name\":\"\\u201cIS THE GROUND BEING PREPARED TO SELL ANOTHER PART OF THE STATE?\\u201d: Students raise their voices over Albanian president\\u2019s visit to Pre\\u0161evo and Bujanovac!\",\"previousItem\":{\"@type\":\"ListItem\",\"@id\":\"https:\\\/\\\/serbiantimes.info\\\/en\\\/category\\\/serbia\\\/#listItem\",\"name\":\"SERBIA\"}}]},{\"@type\":\"Organization\",\"@id\":\"https:\\\/\\\/serbiantimes.info\\\/en\\\/#organization\",\"name\":\"Serbiantimes.info EN\",\"url\":\"https:\\\/\\\/serbiantimes.info\\\/en\\\/\",\"logo\":{\"@type\":\"ImageObject\",\"url\":\"https:\\\/\\\/serbiantimes.info\\\/en\\\/wp-content\\\/uploads\\\/sites\\\/2\\\/2024\\\/10\\\/cropped-cropped-Serbian-Times-Header-Logo-1.png\",\"@id\":\"https:\\\/\\\/serbiantimes.info\\\/en\\\/is-the-ground-being-prepared-to-sell-another-part-of-the-state-students-raise-their-voices-over-albanian-presidents-visit-to-presevo-and-bujanovac\\\/#organizationLogo\",\"width\":480,\"height\":100},\"image\":{\"@id\":\"https:\\\/\\\/serbiantimes.info\\\/en\\\/is-the-ground-being-prepared-to-sell-another-part-of-the-state-students-raise-their-voices-over-albanian-presidents-visit-to-presevo-and-bujanovac\\\/#organizationLogo\"}},{\"@type\":\"Person\",\"@id\":\"https:\\\/\\\/serbiantimes.info\\\/en\\\/author\\\/serbiantimes-portal\\\/#author\",\"url\":\"https:\\\/\\\/serbiantimes.info\\\/en\\\/author\\\/serbiantimes-portal\\\/\",\"name\":\"Serbian Times\",\"image\":{\"@type\":\"ImageObject\",\"@id\":\"https:\\\/\\\/serbiantimes.info\\\/en\\\/is-the-ground-being-prepared-to-sell-another-part-of-the-state-students-raise-their-voices-over-albanian-presidents-visit-to-presevo-and-bujanovac\\\/#authorImage\",\"url\":\"https:\\\/\\\/secure.gravatar.com\\\/avatar\\\/ea76e009769270b4193e2bc7e032c096b4ae135483ec03b396fd0f520bc3dcfd?s=96&d=mm&r=g\",\"width\":96,\"height\":96,\"caption\":\"Serbian Times\"}},{\"@type\":\"WebPage\",\"@id\":\"https:\\\/\\\/serbiantimes.info\\\/en\\\/is-the-ground-being-prepared-to-sell-another-part-of-the-state-students-raise-their-voices-over-albanian-presidents-visit-to-presevo-and-bujanovac\\\/#webpage\",\"url\":\"https:\\\/\\\/serbiantimes.info\\\/en\\\/is-the-ground-being-prepared-to-sell-another-part-of-the-state-students-raise-their-voices-over-albanian-presidents-visit-to-presevo-and-bujanovac\\\/\",\"name\":\"\\u201cIS THE GROUND BEING PREPARED TO SELL ANOTHER PART OF THE STATE?\\u201d: Students raise their voices over Albanian president\\u2019s visit to Pre\\u0161evo and Bujanovac! | Serbiantimes.info EN\",\"description\":\"Students in the blockade at the Novi Sad Faculty of Law today, regarding the visit of Albanian President Bajram Begaj to southern Serbia, asked why pro-government media did not report on it and whether the ground was being prepared for Serbian President Aleksandar Vu\\u010di\\u0107 to \\u201csell another part of the Serbian state\\u201d. Begaj visited Serbia\",\"inLanguage\":\"en-US\",\"isPartOf\":{\"@id\":\"https:\\\/\\\/serbiantimes.info\\\/en\\\/#website\"},\"breadcrumb\":{\"@id\":\"https:\\\/\\\/serbiantimes.info\\\/en\\\/is-the-ground-being-prepared-to-sell-another-part-of-the-state-students-raise-their-voices-over-albanian-presidents-visit-to-presevo-and-bujanovac\\\/#breadcrumblist\"},\"author\":{\"@id\":\"https:\\\/\\\/serbiantimes.info\\\/en\\\/author\\\/serbiantimes-portal\\\/#author\"},\"creator\":{\"@id\":\"https:\\\/\\\/serbiantimes.info\\\/en\\\/author\\\/serbiantimes-portal\\\/#author\"},\"image\":{\"@type\":\"ImageObject\",\"url\":\"https:\\\/\\\/serbiantimes.info\\\/en\\\/wp-content\\\/uploads\\\/sites\\\/2\\\/2026\\\/07\\\/DIPTIH-TRIPTIH-Serbian-Times-5-5.jpg\",\"@id\":\"https:\\\/\\\/serbiantimes.info\\\/en\\\/is-the-ground-being-prepared-to-sell-another-part-of-the-state-students-raise-their-voices-over-albanian-presidents-visit-to-presevo-and-bujanovac\\\/#mainImage\",\"width\":1200,\"height\":750},\"primaryImageOfPage\":{\"@id\":\"https:\\\/\\\/serbiantimes.info\\\/en\\\/is-the-ground-being-prepared-to-sell-another-part-of-the-state-students-raise-their-voices-over-albanian-presidents-visit-to-presevo-and-bujanovac\\\/#mainImage\"},\"datePublished\":\"2026-07-13T17:07:54+02:00\",\"dateModified\":\"2026-07-13T17:07:55+02:00\"},{\"@type\":\"WebSite\",\"@id\":\"https:\\\/\\\/serbiantimes.info\\\/en\\\/#website\",\"url\":\"https:\\\/\\\/serbiantimes.info\\\/en\\\/\",\"name\":\"Serbiantimes.info EN\",\"inLanguage\":\"en-US\",\"publisher\":{\"@id\":\"https:\\\/\\\/serbiantimes.info\\\/en\\\/#organization\"}}]}\n\t\t<\/script>\n\t\t<!-- All in One SEO -->\n\n","aioseo_head_json":{"title":"\u201cIS THE GROUND BEING PREPARED TO SELL ANOTHER PART OF THE STATE?\u201d: Students raise their voices over Albanian president\u2019s visit to Pre\u0161evo and Bujanovac! | Serbiantimes.info EN","description":"Students in the blockade at the Novi Sad Faculty of Law today, regarding the visit of Albanian President Bajram Begaj to southern Serbia, asked why pro-government media did not report on it and whether the ground was being prepared for Serbian President Aleksandar Vu\u010di\u0107 to \u201csell another part of the Serbian state\u201d. Begaj visited Serbia","canonical_url":"https:\/\/serbiantimes.info\/en\/is-the-ground-being-prepared-to-sell-another-part-of-the-state-students-raise-their-voices-over-albanian-presidents-visit-to-presevo-and-bujanovac\/","robots":"max-image-preview:large","keywords":"","webmasterTools":{"miscellaneous":""},"schema":{"@context":"https:\/\/schema.org","@graph":[{"@type":"BlogPosting","@id":"https:\/\/serbiantimes.info\/en\/is-the-ground-being-prepared-to-sell-another-part-of-the-state-students-raise-their-voices-over-albanian-presidents-visit-to-presevo-and-bujanovac\/#blogposting","name":"\u201cIS THE GROUND BEING PREPARED TO SELL ANOTHER PART OF THE STATE?\u201d: Students raise their voices over Albanian president\u2019s visit to Pre\u0161evo and Bujanovac! | Serbiantimes.info EN","headline":"\u201cIS THE GROUND BEING PREPARED TO SELL ANOTHER PART OF THE STATE?\u201d: Students raise their voices over Albanian president\u2019s visit to Pre\u0161evo and Bujanovac!","author":{"@id":"https:\/\/serbiantimes.info\/en\/author\/serbiantimes-portal\/#author"},"publisher":{"@id":"https:\/\/serbiantimes.info\/en\/#organization"},"image":{"@type":"ImageObject","url":"https:\/\/serbiantimes.info\/en\/wp-content\/uploads\/sites\/2\/2026\/07\/DIPTIH-TRIPTIH-Serbian-Times-5-5.jpg","width":1200,"height":750},"datePublished":"2026-07-13T17:07:54+02:00","dateModified":"2026-07-13T17:07:55+02:00","inLanguage":"en-US","mainEntityOfPage":{"@id":"https:\/\/serbiantimes.info\/en\/is-the-ground-being-prepared-to-sell-another-part-of-the-state-students-raise-their-voices-over-albanian-presidents-visit-to-presevo-and-bujanovac\/#webpage"},"isPartOf":{"@id":"https:\/\/serbiantimes.info\/en\/is-the-ground-being-prepared-to-sell-another-part-of-the-state-students-raise-their-voices-over-albanian-presidents-visit-to-presevo-and-bujanovac\/#webpage"},"articleSection":"SERBIA, albanski predsednik, bajram begaj, bujanovac, politika, Pre\u0161evo, Srbija, studenti u blokadi"},{"@type":"BreadcrumbList","@id":"https:\/\/serbiantimes.info\/en\/is-the-ground-being-prepared-to-sell-another-part-of-the-state-students-raise-their-voices-over-albanian-presidents-visit-to-presevo-and-bujanovac\/#breadcrumblist","itemListElement":[{"@type":"ListItem","@id":"https:\/\/serbiantimes.info\/en#listItem","position":1,"name":"Home","item":"https:\/\/serbiantimes.info\/en","nextItem":{"@type":"ListItem","@id":"https:\/\/serbiantimes.info\/en\/category\/serbia\/#listItem","name":"SERBIA"}},{"@type":"ListItem","@id":"https:\/\/serbiantimes.info\/en\/category\/serbia\/#listItem","position":2,"name":"SERBIA","item":"https:\/\/serbiantimes.info\/en\/category\/serbia\/","nextItem":{"@type":"ListItem","@id":"https:\/\/serbiantimes.info\/en\/is-the-ground-being-prepared-to-sell-another-part-of-the-state-students-raise-their-voices-over-albanian-presidents-visit-to-presevo-and-bujanovac\/#listItem","name":"\u201cIS THE GROUND BEING PREPARED TO SELL ANOTHER PART OF THE STATE?\u201d: Students raise their voices over Albanian president\u2019s visit to Pre\u0161evo and Bujanovac!"},"previousItem":{"@type":"ListItem","@id":"https:\/\/serbiantimes.info\/en#listItem","name":"Home"}},{"@type":"ListItem","@id":"https:\/\/serbiantimes.info\/en\/is-the-ground-being-prepared-to-sell-another-part-of-the-state-students-raise-their-voices-over-albanian-presidents-visit-to-presevo-and-bujanovac\/#listItem","position":3,"name":"\u201cIS THE GROUND BEING PREPARED TO SELL ANOTHER PART OF THE STATE?\u201d: Students raise their voices over Albanian president\u2019s visit to Pre\u0161evo and Bujanovac!","previousItem":{"@type":"ListItem","@id":"https:\/\/serbiantimes.info\/en\/category\/serbia\/#listItem","name":"SERBIA"}}]},{"@type":"Organization","@id":"https:\/\/serbiantimes.info\/en\/#organization","name":"Serbiantimes.info EN","url":"https:\/\/serbiantimes.info\/en\/","logo":{"@type":"ImageObject","url":"https:\/\/serbiantimes.info\/en\/wp-content\/uploads\/sites\/2\/2024\/10\/cropped-cropped-Serbian-Times-Header-Logo-1.png","@id":"https:\/\/serbiantimes.info\/en\/is-the-ground-being-prepared-to-sell-another-part-of-the-state-students-raise-their-voices-over-albanian-presidents-visit-to-presevo-and-bujanovac\/#organizationLogo","width":480,"height":100},"image":{"@id":"https:\/\/serbiantimes.info\/en\/is-the-ground-being-prepared-to-sell-another-part-of-the-state-students-raise-their-voices-over-albanian-presidents-visit-to-presevo-and-bujanovac\/#organizationLogo"}},{"@type":"Person","@id":"https:\/\/serbiantimes.info\/en\/author\/serbiantimes-portal\/#author","url":"https:\/\/serbiantimes.info\/en\/author\/serbiantimes-portal\/","name":"Serbian Times","image":{"@type":"ImageObject","@id":"https:\/\/serbiantimes.info\/en\/is-the-ground-being-prepared-to-sell-another-part-of-the-state-students-raise-their-voices-over-albanian-presidents-visit-to-presevo-and-bujanovac\/#authorImage","url":"https:\/\/secure.gravatar.com\/avatar\/ea76e009769270b4193e2bc7e032c096b4ae135483ec03b396fd0f520bc3dcfd?s=96&d=mm&r=g","width":96,"height":96,"caption":"Serbian Times"}},{"@type":"WebPage","@id":"https:\/\/serbiantimes.info\/en\/is-the-ground-being-prepared-to-sell-another-part-of-the-state-students-raise-their-voices-over-albanian-presidents-visit-to-presevo-and-bujanovac\/#webpage","url":"https:\/\/serbiantimes.info\/en\/is-the-ground-being-prepared-to-sell-another-part-of-the-state-students-raise-their-voices-over-albanian-presidents-visit-to-presevo-and-bujanovac\/","name":"\u201cIS THE GROUND BEING PREPARED TO SELL ANOTHER PART OF THE STATE?\u201d: Students raise their voices over Albanian president\u2019s visit to Pre\u0161evo and Bujanovac! | Serbiantimes.info EN","description":"Students in the blockade at the Novi Sad Faculty of Law today, regarding the visit of Albanian President Bajram Begaj to southern Serbia, asked why pro-government media did not report on it and whether the ground was being prepared for Serbian President Aleksandar Vu\u010di\u0107 to \u201csell another part of the Serbian state\u201d. Begaj visited Serbia","inLanguage":"en-US","isPartOf":{"@id":"https:\/\/serbiantimes.info\/en\/#website"},"breadcrumb":{"@id":"https:\/\/serbiantimes.info\/en\/is-the-ground-being-prepared-to-sell-another-part-of-the-state-students-raise-their-voices-over-albanian-presidents-visit-to-presevo-and-bujanovac\/#breadcrumblist"},"author":{"@id":"https:\/\/serbiantimes.info\/en\/author\/serbiantimes-portal\/#author"},"creator":{"@id":"https:\/\/serbiantimes.info\/en\/author\/serbiantimes-portal\/#author"},"image":{"@type":"ImageObject","url":"https:\/\/serbiantimes.info\/en\/wp-content\/uploads\/sites\/2\/2026\/07\/DIPTIH-TRIPTIH-Serbian-Times-5-5.jpg","@id":"https:\/\/serbiantimes.info\/en\/is-the-ground-being-prepared-to-sell-another-part-of-the-state-students-raise-their-voices-over-albanian-presidents-visit-to-presevo-and-bujanovac\/#mainImage","width":1200,"height":750},"primaryImageOfPage":{"@id":"https:\/\/serbiantimes.info\/en\/is-the-ground-being-prepared-to-sell-another-part-of-the-state-students-raise-their-voices-over-albanian-presidents-visit-to-presevo-and-bujanovac\/#mainImage"},"datePublished":"2026-07-13T17:07:54+02:00","dateModified":"2026-07-13T17:07:55+02:00"},{"@type":"WebSite","@id":"https:\/\/serbiantimes.info\/en\/#website","url":"https:\/\/serbiantimes.info\/en\/","name":"Serbiantimes.info EN","inLanguage":"en-US","publisher":{"@id":"https:\/\/serbiantimes.info\/en\/#organization"}}]},"og:locale":"en_US","og:site_name":"Serbiantimes.info EN |","og:type":"article","og:title":"\u201cIS THE GROUND BEING PREPARED TO SELL ANOTHER PART OF THE STATE?\u201d: Students raise their voices over Albanian president\u2019s visit to Pre\u0161evo and Bujanovac! | Serbiantimes.info EN","og:description":"Students in the blockade at the Novi Sad Faculty of Law today, regarding the visit of Albanian President Bajram Begaj to southern Serbia, asked why pro-government media did not report on it and whether the ground was being prepared for Serbian President Aleksandar Vu\u010di\u0107 to \u201csell another part of the Serbian state\u201d. Begaj visited Serbia","og:url":"https:\/\/serbiantimes.info\/en\/is-the-ground-being-prepared-to-sell-another-part-of-the-state-students-raise-their-voices-over-albanian-presidents-visit-to-presevo-and-bujanovac\/","og:image":"https:\/\/serbiantimes.info\/en\/wp-content\/uploads\/sites\/2\/2026\/07\/DIPTIH-TRIPTIH-Serbian-Times-5-5.jpg","og:image:secure_url":"https:\/\/serbiantimes.info\/en\/wp-content\/uploads\/sites\/2\/2026\/07\/DIPTIH-TRIPTIH-Serbian-Times-5-5.jpg","og:image:width":1200,"og:image:height":750,"article:published_time":"2026-07-13T15:07:54+00:00","article:modified_time":"2026-07-13T15:07:55+00:00","twitter:card":"summary_large_image","twitter:title":"\u201cIS THE GROUND BEING PREPARED TO SELL ANOTHER PART OF THE STATE?\u201d: Students raise their voices over Albanian president\u2019s visit to Pre\u0161evo and Bujanovac! | Serbiantimes.info EN","twitter:description":"Students in the blockade at the Novi Sad Faculty of Law today, regarding the visit of Albanian President Bajram Begaj to southern Serbia, asked why pro-government media did not report on it and whether the ground was being prepared for Serbian President Aleksandar Vu\u010di\u0107 to \u201csell another part of the Serbian state\u201d. Begaj visited Serbia","twitter:image":"https:\/\/serbiantimes.info\/en\/wp-content\/uploads\/sites\/2\/2026\/07\/DIPTIH-TRIPTIH-Serbian-Times-5-5.jpg"},"aioseo_meta_data":{"post_id":"214278","title":null,"description":null,"keywords":null,"keyphrases":{"focus":{"keyphrase":"","score":0,"analysis":{"keyphraseInTitle":{"score":0,"maxScore":9,"error":1}}},"additional":[]},"primary_term":null,"canonical_url":null,"og_title":null,"og_description":null,"og_object_type":"default","og_image_type":"default","og_image_url":null,"og_image_width":null,"og_image_height":null,"og_image_custom_url":null,"og_image_custom_fields":null,"og_video":"","og_custom_url":null,"og_article_section":null,"og_article_tags":null,"twitter_use_og":false,"twitter_card":"default","twitter_image_type":"default","twitter_image_url":null,"twitter_image_custom_url":null,"twitter_image_custom_fields":null,"twitter_title":null,"twitter_description":null,"schema":{"blockGraphs":[],"customGraphs":[],"default":{"data":{"Article":[],"Course":[],"Dataset":[],"FAQPage":[],"Movie":[],"Person":[],"Product":[],"ProductReview":[],"Car":[],"Recipe":[],"Service":[],"SoftwareApplication":[],"WebPage":[]},"graphName":"BlogPosting","isEnabled":true},"graphs":[]},"schema_type":"default","schema_type_options":null,"pillar_content":false,"robots_default":true,"robots_noindex":false,"robots_noarchive":false,"robots_nosnippet":false,"robots_nofollow":false,"robots_noimageindex":false,"robots_noodp":false,"robots_notranslate":false,"robots_max_snippet":"-1","robots_max_videopreview":"-1","robots_max_imagepreview":"large","priority":null,"frequency":"default","local_seo":null,"breadcrumb_settings":null,"limit_modified_date":false,"ai":{"faqs":[],"keyPoints":[],"titles":[],"descriptions":[],"socialPosts":{"email":[],"linkedin":[],"twitter":[],"facebook":[],"instagram":[]}},"created":"2026-07-13 14:00:47","updated":"2026-07-14 13:15:06","focus_keyword":null,"additional_keywords":null,"truseo_locale":null,"seo_analyzer_scan_date":null},"aioseo_breadcrumb":"<div class=\"aioseo-breadcrumbs\"><span class=\"aioseo-breadcrumb\">\n\t\t\t<a href=\"https:\/\/serbiantimes.info\/en\" title=\"Home\">Home<\/a>\n\t\t<\/span><span class=\"aioseo-breadcrumb-separator\">&raquo;<\/span><span class=\"aioseo-breadcrumb\">\n\t\t\t<a href=\"https:\/\/serbiantimes.info\/en\/category\/serbia\/\" title=\"SERBIA\">SERBIA<\/a>\n\t\t<\/span><span class=\"aioseo-breadcrumb-separator\">&raquo;<\/span><span class=\"aioseo-breadcrumb\">\n\t\t\t\u201cIS THE GROUND BEING PREPARED TO SELL ANOTHER PART OF THE STATE?\u201d: Students raise their voices over Albanian president\u2019s visit to Pre\u0161evo and Bujanovac!\n\t\t<\/span><\/div>","aioseo_breadcrumb_json":[{"label":"Home","link":"https:\/\/serbiantimes.info\/en"},{"label":"SERBIA","link":"https:\/\/serbiantimes.info\/en\/category\/serbia\/"},{"label":"\u201cIS THE GROUND BEING PREPARED TO SELL ANOTHER PART OF THE STATE?\u201d: Students raise their voices over Albanian president\u2019s visit to Pre\u0161evo and Bujanovac!","link":"https:\/\/serbiantimes.info\/en\/is-the-ground-being-prepared-to-sell-another-part-of-the-state-students-raise-their-voices-over-albanian-presidents-visit-to-presevo-and-bujanovac\/"}],"distributor_meta":false,"distributor_terms":false,"distributor_media":false,"distributor_original_site_name":"Serbiantimes.info EN","distributor_original_site_url":"https:\/\/serbiantimes.info\/en","push-errors":false,"_links":{"self":[{"href":"https:\/\/serbiantimes.info\/en\/wp-json\/wp\/v2\/posts\/214278","targetHints":{"allow":["GET"]}}],"collection":[{"href":"https:\/\/serbiantimes.info\/en\/wp-json\/wp\/v2\/posts"}],"about":[{"href":"https:\/\/serbiantimes.info\/en\/wp-json\/wp\/v2\/types\/post"}],"author":[{"embeddable":true,"href":"https:\/\/serbiantimes.info\/en\/wp-json\/wp\/v2\/users\/2169"}],"replies":[{"embeddable":true,"href":"https:\/\/serbiantimes.info\/en\/wp-json\/wp\/v2\/comments?post=214278"}],"version-history":[{"count":2,"href":"https:\/\/serbiantimes.info\/en\/wp-json\/wp\/v2\/posts\/214278\/revisions"}],"predecessor-version":[{"id":214305,"href":"https:\/\/serbiantimes.info\/en\/wp-json\/wp\/v2\/posts\/214278\/revisions\/214305"}],"wp:featuredmedia":[{"embeddable":true,"href":"https:\/\/serbiantimes.info\/en\/wp-json\/wp\/v2\/media\/214090"}],"wp:attachment":[{"href":"https:\/\/serbiantimes.info\/en\/wp-json\/wp\/v2\/media?parent=214278"}],"wp:term":[{"taxonomy":"category","embeddable":true,"href":"https:\/\/serbiantimes.info\/en\/wp-json\/wp\/v2\/categories?post=214278"},{"taxonomy":"post_tag","embeddable":true,"href":"https:\/\/serbiantimes.info\/en\/wp-json\/wp\/v2\/tags?post=214278"}],"curies":[{"name":"wp","href":"https:\/\/api.w.org\/{rel}","templated":true}]}}