{"id":213217,"date":"2026-06-27T20:44:18","date_gmt":"2026-06-27T18:44:18","guid":{"rendered":"https:\/\/serbiantimes.info\/en\/?p=213217"},"modified":"2026-06-27T20:44:18","modified_gmt":"2026-06-27T18:44:18","slug":"a-weekend-to-remember-serbian-culture-camp-begins-with-a-big-july-4-celebration","status":"publish","type":"post","link":"https:\/\/serbiantimes.info\/en\/a-weekend-to-remember-serbian-culture-camp-begins-with-a-big-july-4-celebration\/","title":{"rendered":"A WEEKEND TO REMEMBER: Serbian Culture Camp begins with a big July 4 celebration"},"content":{"rendered":"\n<p class=\"wp-block-paragraph\">The weekend surrounding July 4 has already become a beautiful tradition for Serbian families. While children begin their adventure at the Serbian Culture Camp, parents can expect two days of socializing, music, and celebration in a great atmosphere.<\/p>\n\n\n\n<p class=\"wp-block-paragraph\">This year, the reason for celebration is even greater. Serbian families have been part of the American story for nearly 200 years, ever since the first settlers who helped build the American West during the California Gold Rush.<\/p>\n\n\n\n<p class=\"wp-block-paragraph\">That is why this year\u2019s Independence Day celebration is not just a holiday\u2014it is also a celebration of Serbian-American heritage, togetherness, and the values that connect us.<\/p>\n\n\n\n<figure class=\"wp-block-image size-large\"><img loading=\"lazy\" decoding=\"async\" width=\"1024\" height=\"456\" src=\"http:\/\/serbiantimes.info\/wp-content\/uploads\/sites\/2\/2026\/06\/unnamed-1-1024x456.png\" alt=\"\" class=\"wp-image-213218\" srcset=\"https:\/\/serbiantimes.info\/en\/wp-content\/uploads\/sites\/2\/2026\/06\/unnamed-1-1024x456.png 1024w, https:\/\/serbiantimes.info\/en\/wp-content\/uploads\/sites\/2\/2026\/06\/unnamed-1-300x134.png 300w, https:\/\/serbiantimes.info\/en\/wp-content\/uploads\/sites\/2\/2026\/06\/unnamed-1-768x342.png 768w, https:\/\/serbiantimes.info\/en\/wp-content\/uploads\/sites\/2\/2026\/06\/unnamed-1.png 1200w\" sizes=\"auto, (max-width: 1024px) 100vw, 1024px\" \/><\/figure>\n\n\n\n<p class=\"wp-block-paragraph\">And now\u2014a simple calculation: for 2 days of live music with Sloga Band and 2 days of top atmosphere with DJ Jovan, we get 48 hours of good energy, play, song, and nonstop entertainment!<\/p>\n\n\n\n<p class=\"wp-block-paragraph\">We invite you to join us this weekend at the Mission of St. Sava to celebrate the holiday together with authentic Serbian cuisine, top music, a rich entertainment program, and most importantly\u2014socializing with family, friends, and the entire community.<\/p>\n\n\n\n<figure class=\"wp-block-image size-large\"><img loading=\"lazy\" decoding=\"async\" width=\"1024\" height=\"691\" src=\"http:\/\/serbiantimes.info\/wp-content\/uploads\/sites\/2\/2026\/06\/unnamed-2-1024x691.png\" alt=\"\" class=\"wp-image-213219\" srcset=\"https:\/\/serbiantimes.info\/en\/wp-content\/uploads\/sites\/2\/2026\/06\/unnamed-2-1024x691.png 1024w, https:\/\/serbiantimes.info\/en\/wp-content\/uploads\/sites\/2\/2026\/06\/unnamed-2-300x203.png 300w, https:\/\/serbiantimes.info\/en\/wp-content\/uploads\/sites\/2\/2026\/06\/unnamed-2-768x518.png 768w, https:\/\/serbiantimes.info\/en\/wp-content\/uploads\/sites\/2\/2026\/06\/unnamed-2.png 1200w\" sizes=\"auto, (max-width: 1024px) 100vw, 1024px\" \/><\/figure>\n\n\n\n<p class=\"wp-block-paragraph\">With a tradition spanning more than 60 years, the July 4 weekend has become one of the most important events in our community.<\/p>\n\n\n\n<p class=\"wp-block-paragraph\">Save the date and be part of a celebration not to be missed!<\/p>\n\n\n\n<h2 class=\"wp-block-heading\"><mark style=\"background-color:#FFFFFF;color:#d21414\" class=\"has-inline-color\">MORE TOPICS:<\/mark><\/h2>\n\n\n\n<p class=\"wp-block-paragraph\"><strong><a href=\"https:\/\/serbiantimes.info\/en\/alimpijevic-announced-an-important-decision-nikola-jokic-is-the-new-captain-of-the-serbian-national-basketball-team\/\" target=\"_blank\" rel=\"noopener\" title=\"\">ALIMPIJEVIC ANNOUNCED AN IMPORTANT DECISION: Nikola Jokic is the new captain of the Serbian national basketball team!<\/a><\/strong><\/p>\n\n\n\n<p class=\"wp-block-paragraph\"><strong><a href=\"https:\/\/serbiantimes.info\/en\/horror-in-zagreb-man-65-shot-at-three-children-with-an-air-rifle-after-an-argument-one-wounded\/\" target=\"_blank\" rel=\"noopener\" title=\"\">HORROR IN ZAGREB: Man (65) shot at three children with an air rifle after an argument, one wounded!<\/a><\/strong><\/p>\n\n\n\n<p class=\"wp-block-paragraph\"><strong><a href=\"https:\/\/serbiantimes.info\/en\/bogdanovic-se-izvinio-zbog-rasistickog-ispada-skandal-na-nacionalnoj-televiziji-obisao-planetu-oglasio-se-i-rts\/\" target=\"_blank\" rel=\"noopener\" title=\"\">BOGDANOVIC APOLOGIZED FOR THE RACIST INCIDENT: Scandal on national television went around the planet, RTS also spoke out!<\/a><\/strong><\/p>\n\n\n\n<p class=\"wp-block-paragraph\"><strong><a href=\"https:\/\/serbiantimes.info\/en\/robbery-on-belgrade-streets-a-group-intercepted-a-teenager-16-on-the-street-stabbed-him-with-a-knife-because-he-refused-to-hand-over-the-money\/\" target=\"_blank\" rel=\"noopener\" title=\"\">ROBBERY ON BELGRADE STREETS: A group intercepted a teenager (16) on the street, stabbed him with a knife because he refused to hand over the money!<\/a><\/strong><\/p>\n\n\n\n<p class=\"wp-block-paragraph\"><strong><a href=\"https:\/\/serbiantimes.info\/en\/red-meteo-alarm-paralyzed-europe-heatwave-ravages-the-old-continent-temperatures-over-40-degrees\/\" target=\"_blank\" rel=\"noopener\" title=\"\">RED METEO ALARM PARALYZED EUROPE: Heatwave ravages the Old Continent, temperatures over 40 degrees!<\/a><\/strong><\/p>\n\n\n\n<p class=\"wp-block-paragraph\">S<strong><strong><strong>ource<\/strong><\/strong><\/strong>: PR <strong>Foto:<\/strong> PR<\/p>\n\n\n\n<p class=\"wp-block-paragraph\"><\/p>\n","protected":false},"excerpt":{"rendered":"<p>The weekend surrounding July 4 has already become a beautiful tradition for Serbian families. While children begin their adventure at the Serbian Culture Camp, parents can expect two days of socializing, music, and celebration in a great atmosphere. This year, the reason for celebration is even greater. Serbian families have been part of the American [&hellip;]<\/p>\n","protected":false},"author":2169,"featured_media":213220,"comment_status":"open","ping_status":"open","sticky":false,"template":"","format":"standard","meta":{"newspack_featured_image_position":"","newspack_post_subtitle":"","newspack_article_summary_title":"Overview:","newspack_article_summary":"","newspack_hide_updated_date":false,"newspack_show_updated_date":false,"footnotes":""},"categories":[6],"tags":[13300,13301,13302,13303,13304,10678,13305],"class_list":["post-213217","post","type-post","status-publish","format-standard","has-post-thumbnail","hentry","category-america","tag-kamp-srpske-kulture","tag-misija-svetog-save","tag-proslava-4-jula","tag-proslava-srpsko-americkog-nasledja","tag-serbianculturecamp","tag-srbi-iz-dzeksona","tag-st-sava-mission","entry"],"aioseo_notices":[],"aioseo_head":"\n\t\t<!-- All in One SEO 5.0.1.1 - aioseo.com -->\n\t<meta name=\"description\" content=\"The weekend surrounding July 4 has already become a beautiful tradition for Serbian families. While children begin their adventure at the Serbian Culture Camp, parents can expect two days of socializing, music, and celebration in a great atmosphere. This year, the reason for celebration is even greater. Serbian families have been part of the American\" \/>\n\t<meta name=\"robots\" content=\"max-image-preview:large\" \/>\n\t<meta name=\"author\" content=\"Serbian Times\"\/>\n\t<link rel=\"canonical\" href=\"https:\/\/serbiantimes.info\/en\/a-weekend-to-remember-serbian-culture-camp-begins-with-a-big-july-4-celebration\/\" \/>\n\t<meta name=\"generator\" content=\"All in One SEO (AIOSEO) 5.0.1.1\" \/>\n\t\t<meta property=\"og:locale\" content=\"en_US\" \/>\n\t\t<meta property=\"og:site_name\" content=\"Serbiantimes.info EN |\" \/>\n\t\t<meta property=\"og:type\" content=\"article\" \/>\n\t\t<meta property=\"og:title\" content=\"A WEEKEND TO REMEMBER: Serbian Culture Camp begins with a big July 4 celebration | Serbiantimes.info EN\" \/>\n\t\t<meta property=\"og:description\" content=\"The weekend surrounding July 4 has already become a beautiful tradition for Serbian families. While children begin their adventure at the Serbian Culture Camp, parents can expect two days of socializing, music, and celebration in a great atmosphere. This year, the reason for celebration is even greater. Serbian families have been part of the American\" \/>\n\t\t<meta property=\"og:url\" content=\"https:\/\/serbiantimes.info\/en\/a-weekend-to-remember-serbian-culture-camp-begins-with-a-big-july-4-celebration\/\" \/>\n\t\t<meta property=\"og:image\" content=\"https:\/\/serbiantimes.info\/en\/wp-content\/uploads\/sites\/2\/2026\/06\/Letnji-kamp-Srbi-iz-Dzeksona.jpg\" \/>\n\t\t<meta property=\"og:image:secure_url\" content=\"https:\/\/serbiantimes.info\/en\/wp-content\/uploads\/sites\/2\/2026\/06\/Letnji-kamp-Srbi-iz-Dzeksona.jpg\" \/>\n\t\t<meta property=\"og:image:width\" content=\"1200\" \/>\n\t\t<meta property=\"og:image:height\" content=\"704\" \/>\n\t\t<meta property=\"article:published_time\" content=\"2026-06-27T18:44:18+00:00\" \/>\n\t\t<meta property=\"article:modified_time\" content=\"2026-06-27T18:44:18+00:00\" \/>\n\t\t<meta name=\"twitter:card\" content=\"summary_large_image\" \/>\n\t\t<meta name=\"twitter:title\" content=\"A WEEKEND TO REMEMBER: Serbian Culture Camp begins with a big July 4 celebration | Serbiantimes.info EN\" \/>\n\t\t<meta name=\"twitter:description\" content=\"The weekend surrounding July 4 has already become a beautiful tradition for Serbian families. While children begin their adventure at the Serbian Culture Camp, parents can expect two days of socializing, music, and celebration in a great atmosphere. This year, the reason for celebration is even greater. Serbian families have been part of the American\" \/>\n\t\t<meta name=\"twitter:image\" content=\"https:\/\/serbiantimes.info\/en\/wp-content\/uploads\/sites\/2\/2026\/06\/Letnji-kamp-Srbi-iz-Dzeksona.jpg\" \/>\n\t\t<script type=\"application\/ld+json\" class=\"aioseo-schema\">\n\t\t\t{\"@context\":\"https:\\\/\\\/schema.org\",\"@graph\":[{\"@type\":\"BlogPosting\",\"@id\":\"https:\\\/\\\/serbiantimes.info\\\/en\\\/a-weekend-to-remember-serbian-culture-camp-begins-with-a-big-july-4-celebration\\\/#blogposting\",\"name\":\"A WEEKEND TO REMEMBER: Serbian Culture Camp begins with a big July 4 celebration | Serbiantimes.info EN\",\"headline\":\"A WEEKEND TO REMEMBER: Serbian Culture Camp begins with a big July 4 celebration\",\"author\":{\"@id\":\"https:\\\/\\\/serbiantimes.info\\\/en\\\/author\\\/serbiantimes-portal\\\/#author\"},\"publisher\":{\"@id\":\"https:\\\/\\\/serbiantimes.info\\\/en\\\/#organization\"},\"image\":{\"@type\":\"ImageObject\",\"url\":\"https:\\\/\\\/serbiantimes.info\\\/en\\\/wp-content\\\/uploads\\\/sites\\\/2\\\/2026\\\/06\\\/Letnji-kamp-Srbi-iz-Dzeksona.jpg\",\"width\":1200,\"height\":704},\"datePublished\":\"2026-06-27T20:44:18+02:00\",\"dateModified\":\"2026-06-27T20:44:18+02:00\",\"inLanguage\":\"en-US\",\"mainEntityOfPage\":{\"@id\":\"https:\\\/\\\/serbiantimes.info\\\/en\\\/a-weekend-to-remember-serbian-culture-camp-begins-with-a-big-july-4-celebration\\\/#webpage\"},\"isPartOf\":{\"@id\":\"https:\\\/\\\/serbiantimes.info\\\/en\\\/a-weekend-to-remember-serbian-culture-camp-begins-with-a-big-july-4-celebration\\\/#webpage\"},\"articleSection\":\"AMERICA, Kamp srpske kulture, Misija Svetog Save, proslava 4. jula, Proslava Srpsko-Ameri\\u010dkog nasle\\u0111a, SerbianCultureCamp, Srbi iz D\\u017eeksona, St Sava Mission\"},{\"@type\":\"BreadcrumbList\",\"@id\":\"https:\\\/\\\/serbiantimes.info\\\/en\\\/a-weekend-to-remember-serbian-culture-camp-begins-with-a-big-july-4-celebration\\\/#breadcrumblist\",\"itemListElement\":[{\"@type\":\"ListItem\",\"@id\":\"https:\\\/\\\/serbiantimes.info\\\/en#listItem\",\"position\":1,\"name\":\"Home\",\"item\":\"https:\\\/\\\/serbiantimes.info\\\/en\",\"nextItem\":{\"@type\":\"ListItem\",\"@id\":\"https:\\\/\\\/serbiantimes.info\\\/en\\\/category\\\/america\\\/#listItem\",\"name\":\"AMERICA\"}},{\"@type\":\"ListItem\",\"@id\":\"https:\\\/\\\/serbiantimes.info\\\/en\\\/category\\\/america\\\/#listItem\",\"position\":2,\"name\":\"AMERICA\",\"item\":\"https:\\\/\\\/serbiantimes.info\\\/en\\\/category\\\/america\\\/\",\"nextItem\":{\"@type\":\"ListItem\",\"@id\":\"https:\\\/\\\/serbiantimes.info\\\/en\\\/a-weekend-to-remember-serbian-culture-camp-begins-with-a-big-july-4-celebration\\\/#listItem\",\"name\":\"A WEEKEND TO REMEMBER: Serbian Culture Camp begins with a big July 4 celebration\"},\"previousItem\":{\"@type\":\"ListItem\",\"@id\":\"https:\\\/\\\/serbiantimes.info\\\/en#listItem\",\"name\":\"Home\"}},{\"@type\":\"ListItem\",\"@id\":\"https:\\\/\\\/serbiantimes.info\\\/en\\\/a-weekend-to-remember-serbian-culture-camp-begins-with-a-big-july-4-celebration\\\/#listItem\",\"position\":3,\"name\":\"A WEEKEND TO REMEMBER: Serbian Culture Camp begins with a big July 4 celebration\",\"previousItem\":{\"@type\":\"ListItem\",\"@id\":\"https:\\\/\\\/serbiantimes.info\\\/en\\\/category\\\/america\\\/#listItem\",\"name\":\"AMERICA\"}}]},{\"@type\":\"Organization\",\"@id\":\"https:\\\/\\\/serbiantimes.info\\\/en\\\/#organization\",\"name\":\"Serbiantimes.info EN\",\"url\":\"https:\\\/\\\/serbiantimes.info\\\/en\\\/\",\"logo\":{\"@type\":\"ImageObject\",\"url\":\"https:\\\/\\\/serbiantimes.info\\\/en\\\/wp-content\\\/uploads\\\/sites\\\/2\\\/2024\\\/10\\\/cropped-cropped-Serbian-Times-Header-Logo-1.png\",\"@id\":\"https:\\\/\\\/serbiantimes.info\\\/en\\\/a-weekend-to-remember-serbian-culture-camp-begins-with-a-big-july-4-celebration\\\/#organizationLogo\",\"width\":480,\"height\":100},\"image\":{\"@id\":\"https:\\\/\\\/serbiantimes.info\\\/en\\\/a-weekend-to-remember-serbian-culture-camp-begins-with-a-big-july-4-celebration\\\/#organizationLogo\"}},{\"@type\":\"Person\",\"@id\":\"https:\\\/\\\/serbiantimes.info\\\/en\\\/author\\\/serbiantimes-portal\\\/#author\",\"url\":\"https:\\\/\\\/serbiantimes.info\\\/en\\\/author\\\/serbiantimes-portal\\\/\",\"name\":\"Serbian Times\",\"image\":{\"@type\":\"ImageObject\",\"@id\":\"https:\\\/\\\/serbiantimes.info\\\/en\\\/a-weekend-to-remember-serbian-culture-camp-begins-with-a-big-july-4-celebration\\\/#authorImage\",\"url\":\"https:\\\/\\\/secure.gravatar.com\\\/avatar\\\/ea76e009769270b4193e2bc7e032c096b4ae135483ec03b396fd0f520bc3dcfd?s=96&d=mm&r=g\",\"width\":96,\"height\":96,\"caption\":\"Serbian Times\"}},{\"@type\":\"WebPage\",\"@id\":\"https:\\\/\\\/serbiantimes.info\\\/en\\\/a-weekend-to-remember-serbian-culture-camp-begins-with-a-big-july-4-celebration\\\/#webpage\",\"url\":\"https:\\\/\\\/serbiantimes.info\\\/en\\\/a-weekend-to-remember-serbian-culture-camp-begins-with-a-big-july-4-celebration\\\/\",\"name\":\"A WEEKEND TO REMEMBER: Serbian Culture Camp begins with a big July 4 celebration | Serbiantimes.info EN\",\"description\":\"The weekend surrounding July 4 has already become a beautiful tradition for Serbian families. While children begin their adventure at the Serbian Culture Camp, parents can expect two days of socializing, music, and celebration in a great atmosphere. This year, the reason for celebration is even greater. Serbian families have been part of the American\",\"inLanguage\":\"en-US\",\"isPartOf\":{\"@id\":\"https:\\\/\\\/serbiantimes.info\\\/en\\\/#website\"},\"breadcrumb\":{\"@id\":\"https:\\\/\\\/serbiantimes.info\\\/en\\\/a-weekend-to-remember-serbian-culture-camp-begins-with-a-big-july-4-celebration\\\/#breadcrumblist\"},\"author\":{\"@id\":\"https:\\\/\\\/serbiantimes.info\\\/en\\\/author\\\/serbiantimes-portal\\\/#author\"},\"creator\":{\"@id\":\"https:\\\/\\\/serbiantimes.info\\\/en\\\/author\\\/serbiantimes-portal\\\/#author\"},\"image\":{\"@type\":\"ImageObject\",\"url\":\"https:\\\/\\\/serbiantimes.info\\\/en\\\/wp-content\\\/uploads\\\/sites\\\/2\\\/2026\\\/06\\\/Letnji-kamp-Srbi-iz-Dzeksona.jpg\",\"@id\":\"https:\\\/\\\/serbiantimes.info\\\/en\\\/a-weekend-to-remember-serbian-culture-camp-begins-with-a-big-july-4-celebration\\\/#mainImage\",\"width\":1200,\"height\":704},\"primaryImageOfPage\":{\"@id\":\"https:\\\/\\\/serbiantimes.info\\\/en\\\/a-weekend-to-remember-serbian-culture-camp-begins-with-a-big-july-4-celebration\\\/#mainImage\"},\"datePublished\":\"2026-06-27T20:44:18+02:00\",\"dateModified\":\"2026-06-27T20:44:18+02:00\"},{\"@type\":\"WebSite\",\"@id\":\"https:\\\/\\\/serbiantimes.info\\\/en\\\/#website\",\"url\":\"https:\\\/\\\/serbiantimes.info\\\/en\\\/\",\"name\":\"Serbiantimes.info EN\",\"inLanguage\":\"en-US\",\"publisher\":{\"@id\":\"https:\\\/\\\/serbiantimes.info\\\/en\\\/#organization\"}}]}\n\t\t<\/script>\n\t\t<!-- All in One SEO -->\n\n","aioseo_head_json":{"title":"A WEEKEND TO REMEMBER: Serbian Culture Camp begins with a big July 4 celebration | Serbiantimes.info EN","description":"The weekend surrounding July 4 has already become a beautiful tradition for Serbian families. While children begin their adventure at the Serbian Culture Camp, parents can expect two days of socializing, music, and celebration in a great atmosphere. This year, the reason for celebration is even greater. Serbian families have been part of the American","canonical_url":"https:\/\/serbiantimes.info\/en\/a-weekend-to-remember-serbian-culture-camp-begins-with-a-big-july-4-celebration\/","robots":"max-image-preview:large","keywords":"","webmasterTools":{"miscellaneous":""},"schema":{"@context":"https:\/\/schema.org","@graph":[{"@type":"BlogPosting","@id":"https:\/\/serbiantimes.info\/en\/a-weekend-to-remember-serbian-culture-camp-begins-with-a-big-july-4-celebration\/#blogposting","name":"A WEEKEND TO REMEMBER: Serbian Culture Camp begins with a big July 4 celebration | Serbiantimes.info EN","headline":"A WEEKEND TO REMEMBER: Serbian Culture Camp begins with a big July 4 celebration","author":{"@id":"https:\/\/serbiantimes.info\/en\/author\/serbiantimes-portal\/#author"},"publisher":{"@id":"https:\/\/serbiantimes.info\/en\/#organization"},"image":{"@type":"ImageObject","url":"https:\/\/serbiantimes.info\/en\/wp-content\/uploads\/sites\/2\/2026\/06\/Letnji-kamp-Srbi-iz-Dzeksona.jpg","width":1200,"height":704},"datePublished":"2026-06-27T20:44:18+02:00","dateModified":"2026-06-27T20:44:18+02:00","inLanguage":"en-US","mainEntityOfPage":{"@id":"https:\/\/serbiantimes.info\/en\/a-weekend-to-remember-serbian-culture-camp-begins-with-a-big-july-4-celebration\/#webpage"},"isPartOf":{"@id":"https:\/\/serbiantimes.info\/en\/a-weekend-to-remember-serbian-culture-camp-begins-with-a-big-july-4-celebration\/#webpage"},"articleSection":"AMERICA, Kamp srpske kulture, Misija Svetog Save, proslava 4. jula, Proslava Srpsko-Ameri\u010dkog nasle\u0111a, SerbianCultureCamp, Srbi iz D\u017eeksona, St Sava Mission"},{"@type":"BreadcrumbList","@id":"https:\/\/serbiantimes.info\/en\/a-weekend-to-remember-serbian-culture-camp-begins-with-a-big-july-4-celebration\/#breadcrumblist","itemListElement":[{"@type":"ListItem","@id":"https:\/\/serbiantimes.info\/en#listItem","position":1,"name":"Home","item":"https:\/\/serbiantimes.info\/en","nextItem":{"@type":"ListItem","@id":"https:\/\/serbiantimes.info\/en\/category\/america\/#listItem","name":"AMERICA"}},{"@type":"ListItem","@id":"https:\/\/serbiantimes.info\/en\/category\/america\/#listItem","position":2,"name":"AMERICA","item":"https:\/\/serbiantimes.info\/en\/category\/america\/","nextItem":{"@type":"ListItem","@id":"https:\/\/serbiantimes.info\/en\/a-weekend-to-remember-serbian-culture-camp-begins-with-a-big-july-4-celebration\/#listItem","name":"A WEEKEND TO REMEMBER: Serbian Culture Camp begins with a big July 4 celebration"},"previousItem":{"@type":"ListItem","@id":"https:\/\/serbiantimes.info\/en#listItem","name":"Home"}},{"@type":"ListItem","@id":"https:\/\/serbiantimes.info\/en\/a-weekend-to-remember-serbian-culture-camp-begins-with-a-big-july-4-celebration\/#listItem","position":3,"name":"A WEEKEND TO REMEMBER: Serbian Culture Camp begins with a big July 4 celebration","previousItem":{"@type":"ListItem","@id":"https:\/\/serbiantimes.info\/en\/category\/america\/#listItem","name":"AMERICA"}}]},{"@type":"Organization","@id":"https:\/\/serbiantimes.info\/en\/#organization","name":"Serbiantimes.info EN","url":"https:\/\/serbiantimes.info\/en\/","logo":{"@type":"ImageObject","url":"https:\/\/serbiantimes.info\/en\/wp-content\/uploads\/sites\/2\/2024\/10\/cropped-cropped-Serbian-Times-Header-Logo-1.png","@id":"https:\/\/serbiantimes.info\/en\/a-weekend-to-remember-serbian-culture-camp-begins-with-a-big-july-4-celebration\/#organizationLogo","width":480,"height":100},"image":{"@id":"https:\/\/serbiantimes.info\/en\/a-weekend-to-remember-serbian-culture-camp-begins-with-a-big-july-4-celebration\/#organizationLogo"}},{"@type":"Person","@id":"https:\/\/serbiantimes.info\/en\/author\/serbiantimes-portal\/#author","url":"https:\/\/serbiantimes.info\/en\/author\/serbiantimes-portal\/","name":"Serbian Times","image":{"@type":"ImageObject","@id":"https:\/\/serbiantimes.info\/en\/a-weekend-to-remember-serbian-culture-camp-begins-with-a-big-july-4-celebration\/#authorImage","url":"https:\/\/secure.gravatar.com\/avatar\/ea76e009769270b4193e2bc7e032c096b4ae135483ec03b396fd0f520bc3dcfd?s=96&d=mm&r=g","width":96,"height":96,"caption":"Serbian Times"}},{"@type":"WebPage","@id":"https:\/\/serbiantimes.info\/en\/a-weekend-to-remember-serbian-culture-camp-begins-with-a-big-july-4-celebration\/#webpage","url":"https:\/\/serbiantimes.info\/en\/a-weekend-to-remember-serbian-culture-camp-begins-with-a-big-july-4-celebration\/","name":"A WEEKEND TO REMEMBER: Serbian Culture Camp begins with a big July 4 celebration | Serbiantimes.info EN","description":"The weekend surrounding July 4 has already become a beautiful tradition for Serbian families. While children begin their adventure at the Serbian Culture Camp, parents can expect two days of socializing, music, and celebration in a great atmosphere. This year, the reason for celebration is even greater. Serbian families have been part of the American","inLanguage":"en-US","isPartOf":{"@id":"https:\/\/serbiantimes.info\/en\/#website"},"breadcrumb":{"@id":"https:\/\/serbiantimes.info\/en\/a-weekend-to-remember-serbian-culture-camp-begins-with-a-big-july-4-celebration\/#breadcrumblist"},"author":{"@id":"https:\/\/serbiantimes.info\/en\/author\/serbiantimes-portal\/#author"},"creator":{"@id":"https:\/\/serbiantimes.info\/en\/author\/serbiantimes-portal\/#author"},"image":{"@type":"ImageObject","url":"https:\/\/serbiantimes.info\/en\/wp-content\/uploads\/sites\/2\/2026\/06\/Letnji-kamp-Srbi-iz-Dzeksona.jpg","@id":"https:\/\/serbiantimes.info\/en\/a-weekend-to-remember-serbian-culture-camp-begins-with-a-big-july-4-celebration\/#mainImage","width":1200,"height":704},"primaryImageOfPage":{"@id":"https:\/\/serbiantimes.info\/en\/a-weekend-to-remember-serbian-culture-camp-begins-with-a-big-july-4-celebration\/#mainImage"},"datePublished":"2026-06-27T20:44:18+02:00","dateModified":"2026-06-27T20:44:18+02:00"},{"@type":"WebSite","@id":"https:\/\/serbiantimes.info\/en\/#website","url":"https:\/\/serbiantimes.info\/en\/","name":"Serbiantimes.info EN","inLanguage":"en-US","publisher":{"@id":"https:\/\/serbiantimes.info\/en\/#organization"}}]},"og:locale":"en_US","og:site_name":"Serbiantimes.info EN |","og:type":"article","og:title":"A WEEKEND TO REMEMBER: Serbian Culture Camp begins with a big July 4 celebration | Serbiantimes.info EN","og:description":"The weekend surrounding July 4 has already become a beautiful tradition for Serbian families. While children begin their adventure at the Serbian Culture Camp, parents can expect two days of socializing, music, and celebration in a great atmosphere. This year, the reason for celebration is even greater. Serbian families have been part of the American","og:url":"https:\/\/serbiantimes.info\/en\/a-weekend-to-remember-serbian-culture-camp-begins-with-a-big-july-4-celebration\/","og:image":"https:\/\/serbiantimes.info\/en\/wp-content\/uploads\/sites\/2\/2026\/06\/Letnji-kamp-Srbi-iz-Dzeksona.jpg","og:image:secure_url":"https:\/\/serbiantimes.info\/en\/wp-content\/uploads\/sites\/2\/2026\/06\/Letnji-kamp-Srbi-iz-Dzeksona.jpg","og:image:width":1200,"og:image:height":704,"article:published_time":"2026-06-27T18:44:18+00:00","article:modified_time":"2026-06-27T18:44:18+00:00","twitter:card":"summary_large_image","twitter:title":"A WEEKEND TO REMEMBER: Serbian Culture Camp begins with a big July 4 celebration | Serbiantimes.info EN","twitter:description":"The weekend surrounding July 4 has already become a beautiful tradition for Serbian families. While children begin their adventure at the Serbian Culture Camp, parents can expect two days of socializing, music, and celebration in a great atmosphere. This year, the reason for celebration is even greater. Serbian families have been part of the American","twitter:image":"https:\/\/serbiantimes.info\/en\/wp-content\/uploads\/sites\/2\/2026\/06\/Letnji-kamp-Srbi-iz-Dzeksona.jpg"},"aioseo_meta_data":{"post_id":"213217","title":null,"description":null,"keywords":null,"keyphrases":{"focus":{"keyphrase":"","score":0,"analysis":{"keyphraseInTitle":{"score":0,"maxScore":9,"error":1}}},"additional":[]},"primary_term":null,"canonical_url":null,"og_title":null,"og_description":null,"og_object_type":"default","og_image_type":"default","og_image_url":null,"og_image_width":null,"og_image_height":null,"og_image_custom_url":null,"og_image_custom_fields":null,"og_video":"","og_custom_url":null,"og_article_section":null,"og_article_tags":null,"twitter_use_og":false,"twitter_card":"default","twitter_image_type":"default","twitter_image_url":null,"twitter_image_custom_url":null,"twitter_image_custom_fields":null,"twitter_title":null,"twitter_description":null,"schema":{"blockGraphs":[],"customGraphs":[],"default":{"data":{"Article":[],"Course":[],"Dataset":[],"FAQPage":[],"Movie":[],"Person":[],"Product":[],"ProductReview":[],"Car":[],"Recipe":[],"Service":[],"SoftwareApplication":[],"WebPage":[]},"graphName":"BlogPosting","isEnabled":true},"graphs":[]},"schema_type":"default","schema_type_options":null,"pillar_content":false,"robots_default":true,"robots_noindex":false,"robots_noarchive":false,"robots_nosnippet":false,"robots_nofollow":false,"robots_noimageindex":false,"robots_noodp":false,"robots_notranslate":false,"robots_max_snippet":"-1","robots_max_videopreview":"-1","robots_max_imagepreview":"large","priority":null,"frequency":"default","local_seo":null,"breadcrumb_settings":null,"limit_modified_date":false,"ai":{"faqs":[],"keyPoints":[],"titles":[],"descriptions":[],"socialPosts":{"email":[],"linkedin":[],"twitter":[],"facebook":[],"instagram":[]}},"created":"2026-06-27 18:27:51","updated":"2026-06-29 12:58:18","focus_keyword":null,"additional_keywords":null,"truseo_locale":null,"seo_analyzer_scan_date":null},"aioseo_breadcrumb":"<div class=\"aioseo-breadcrumbs\"><span class=\"aioseo-breadcrumb\">\n\t\t\t<a href=\"https:\/\/serbiantimes.info\/en\" title=\"Home\">Home<\/a>\n\t\t<\/span><span class=\"aioseo-breadcrumb-separator\">&raquo;<\/span><span class=\"aioseo-breadcrumb\">\n\t\t\t<a href=\"https:\/\/serbiantimes.info\/en\/category\/america\/\" title=\"AMERICA\">AMERICA<\/a>\n\t\t<\/span><span class=\"aioseo-breadcrumb-separator\">&raquo;<\/span><span class=\"aioseo-breadcrumb\">\n\t\t\tA WEEKEND TO REMEMBER: Serbian Culture Camp begins with a big July 4 celebration\n\t\t<\/span><\/div>","aioseo_breadcrumb_json":[{"label":"Home","link":"https:\/\/serbiantimes.info\/en"},{"label":"AMERICA","link":"https:\/\/serbiantimes.info\/en\/category\/america\/"},{"label":"A WEEKEND TO REMEMBER: Serbian Culture Camp begins with a big July 4 celebration","link":"https:\/\/serbiantimes.info\/en\/a-weekend-to-remember-serbian-culture-camp-begins-with-a-big-july-4-celebration\/"}],"distributor_meta":false,"distributor_terms":false,"distributor_media":false,"distributor_original_site_name":"Serbiantimes.info EN","distributor_original_site_url":"https:\/\/serbiantimes.info\/en","push-errors":false,"_links":{"self":[{"href":"https:\/\/serbiantimes.info\/en\/wp-json\/wp\/v2\/posts\/213217","targetHints":{"allow":["GET"]}}],"collection":[{"href":"https:\/\/serbiantimes.info\/en\/wp-json\/wp\/v2\/posts"}],"about":[{"href":"https:\/\/serbiantimes.info\/en\/wp-json\/wp\/v2\/types\/post"}],"author":[{"embeddable":true,"href":"https:\/\/serbiantimes.info\/en\/wp-json\/wp\/v2\/users\/2169"}],"replies":[{"embeddable":true,"href":"https:\/\/serbiantimes.info\/en\/wp-json\/wp\/v2\/comments?post=213217"}],"version-history":[{"count":3,"href":"https:\/\/serbiantimes.info\/en\/wp-json\/wp\/v2\/posts\/213217\/revisions"}],"predecessor-version":[{"id":213264,"href":"https:\/\/serbiantimes.info\/en\/wp-json\/wp\/v2\/posts\/213217\/revisions\/213264"}],"wp:featuredmedia":[{"embeddable":true,"href":"https:\/\/serbiantimes.info\/en\/wp-json\/wp\/v2\/media\/213220"}],"wp:attachment":[{"href":"https:\/\/serbiantimes.info\/en\/wp-json\/wp\/v2\/media?parent=213217"}],"wp:term":[{"taxonomy":"category","embeddable":true,"href":"https:\/\/serbiantimes.info\/en\/wp-json\/wp\/v2\/categories?post=213217"},{"taxonomy":"post_tag","embeddable":true,"href":"https:\/\/serbiantimes.info\/en\/wp-json\/wp\/v2\/tags?post=213217"}],"curies":[{"name":"wp","href":"https:\/\/api.w.org\/{rel}","templated":true}]}}