{"id":213215,"date":"2026-06-27T20:42:25","date_gmt":"2026-06-27T18:42:25","guid":{"rendered":"https:\/\/serbiantimes.info\/en\/?p=213215"},"modified":"2026-06-27T20:42:25","modified_gmt":"2026-06-27T18:42:25","slug":"a-film-about-novak-dokovic-is-coming-the-story-of-a-boy-from-war-torn-serbia-who-conquered-the-world","status":"publish","type":"post","link":"https:\/\/serbiantimes.info\/en\/a-film-about-novak-dokovic-is-coming-the-story-of-a-boy-from-war-torn-serbia-who-conquered-the-world\/","title":{"rendered":"A FILM ABOUT NOVAK \u0110OKOVI\u0106 IS COMING: The story of a boy from war-torn Serbia who conquered the world!"},"content":{"rendered":"\n<p class=\"wp-block-paragraph\">The best tennis player of all time, Novak \u0110okovi\u0107, is soon getting a feature-length documentary film that will bring audiences around the world closer to his incredible life and sporting journey, from his childhood in war-torn Serbia to becoming one of the greatest athletes in history.<\/p>\n\n\n\n<p class=\"wp-block-paragraph\">The film titled \u201cThe Wolf in Winter\u201d will premiere on August 20 on the Prime Video platform, and it brings an untold story of a man who pushed the boundaries of tennis and wrote pages of sports history.<\/p>\n\n\n\n<p class=\"wp-block-paragraph\">Special weight to the documentary is given by testimonies from some of the biggest names in world tennis. Novak is discussed by his greatest rivals and legends of the \u201cwhite sport,\u201d including Rafael Nadal, Andre Agassi, Pete Sampras, Boris Becker, and Jim Courier, offering insight into the career of a man who has broken almost every record.<\/p>\n\n\n\n<p class=\"wp-block-paragraph\"><mark style=\"background-color:#FFFFFF;color:#d21414\" class=\"has-inline-color\"><strong>READ MORE: <\/strong><\/mark><\/p>\n\n\n\n<figure class=\"wp-block-embed is-type-wp-embed is-provider-serbiantimes-info wp-block-embed-serbiantimes-info\"><div class=\"wp-block-embed__wrapper\">\n<blockquote class=\"wp-embedded-content\" data-secret=\"WbMTVDIjHJ\"><a href=\"https:\/\/serbiantimes.info\/zeleli-su-ujedinjenje-dobili-su-smrt-apis-i-srpsko-tajno-drustvo-oficira-crna-ruka-foto\/\">JEDNO OD NAJMO\u0106NIJIH SRPSKIH TAJNIH DRU\u0160TAVA: Ovo je neverovatna pri\u010da o Apisu i &#8222;Crnoj ruci&#8220;!<\/a><\/blockquote><iframe loading=\"lazy\" class=\"wp-embedded-content\" sandbox=\"allow-scripts\" security=\"restricted\" style=\"position: absolute; visibility: hidden;\" title=\"\u201eJEDNO OD NAJMO\u0106NIJIH SRPSKIH TAJNIH DRU\u0160TAVA: Ovo je neverovatna pri\u010da o Apisu i \u201eCrnoj ruci\u201c!\u201c \u2014 Serbiantimes.info\" src=\"https:\/\/serbiantimes.info\/zeleli-su-ujedinjenje-dobili-su-smrt-apis-i-srpsko-tajno-drustvo-oficira-crna-ruka-foto\/embed\/#?secret=iRv6RBXih6#?secret=WbMTVDIjHJ\" data-secret=\"WbMTVDIjHJ\" width=\"500\" height=\"282\" frameborder=\"0\" marginwidth=\"0\" marginheight=\"0\" scrolling=\"no\"><\/iframe>\n<\/div><\/figure>\n\n\n\n<p class=\"wp-block-paragraph\">The director is the author behind the globally successful documentary \u201cThe Last Dance,\u201d dedicated to Michael Jordan, which further raises expectations for this production.<\/p>\n\n\n\n<p class=\"wp-block-paragraph\">From a boy who grew up in difficult circumstances to an athlete who won a record 24 Grand Slam titles and became a symbol of perseverance, discipline, and winning spirit. The story of Novak \u0110okovi\u0107 will soon be presented to audiences worldwide through a film that could become one of the most-watched sports documentaries of the year.<\/p>\n\n\n\n<h2 class=\"wp-block-heading\"><mark style=\"background-color:#FFFFFF;color:#d21414\" class=\"has-inline-color\">MORE TOPICS:<\/mark><\/h2>\n\n\n\n<p class=\"wp-block-paragraph\"><strong><a href=\"https:\/\/serbiantimes.info\/en\/alimpijevic-announced-an-important-decision-nikola-jokic-is-the-new-captain-of-the-serbian-national-basketball-team\/\" target=\"_blank\" rel=\"noopener\" title=\"\">ALIMPIJEVIC ANNOUNCED AN IMPORTANT DECISION: Nikola Jokic is the new captain of the Serbian national basketball team!<\/a><\/strong><\/p>\n\n\n\n<p class=\"wp-block-paragraph\"><strong><a href=\"https:\/\/serbiantimes.info\/en\/horror-in-zagreb-man-65-shot-at-three-children-with-an-air-rifle-after-an-argument-one-wounded\/\" target=\"_blank\" rel=\"noopener\" title=\"\">HORROR IN ZAGREB: Man (65) shot at three children with an air rifle after an argument, one wounded!<\/a><\/strong><\/p>\n\n\n\n<p class=\"wp-block-paragraph\"><strong><a href=\"https:\/\/serbiantimes.info\/en\/bogdanovic-se-izvinio-zbog-rasistickog-ispada-skandal-na-nacionalnoj-televiziji-obisao-planetu-oglasio-se-i-rts\/\" target=\"_blank\" rel=\"noopener\" title=\"\">BOGDANOVIC APOLOGIZED FOR THE RACIST INCIDENT: Scandal on national television went around the planet, RTS also spoke out!<\/a><\/strong><\/p>\n\n\n\n<p class=\"wp-block-paragraph\"><strong><a href=\"https:\/\/serbiantimes.info\/en\/robbery-on-belgrade-streets-a-group-intercepted-a-teenager-16-on-the-street-stabbed-him-with-a-knife-because-he-refused-to-hand-over-the-money\/\" target=\"_blank\" rel=\"noopener\" title=\"\">ROBBERY ON BELGRADE STREETS: A group intercepted a teenager (16) on the street, stabbed him with a knife because he refused to hand over the money!<\/a><\/strong><\/p>\n\n\n\n<p class=\"wp-block-paragraph\"><strong><a href=\"https:\/\/serbiantimes.info\/en\/red-meteo-alarm-paralyzed-europe-heatwave-ravages-the-old-continent-temperatures-over-40-degrees\/\" target=\"_blank\" rel=\"noopener\" title=\"\">RED METEO ALARM PARALYZED EUROPE: Heatwave ravages the Old Continent, temperatures over 40 degrees!<\/a><\/strong><\/p>\n\n\n\n<p class=\"wp-block-paragraph\">S<strong><strong><strong>ource<\/strong><\/strong><\/strong>: Instagram\/ sportskipisac <strong>Foto:<\/strong> Profimedia<\/p>\n\n\n\n<p class=\"wp-block-paragraph\"><\/p>\n","protected":false},"excerpt":{"rendered":"<p>The best tennis player of all time, Novak \u0110okovi\u0107, is soon getting a feature-length documentary film that will bring audiences around the world closer to his incredible life and sporting journey, from his childhood in war-torn Serbia to becoming one of the greatest athletes in history. The film titled \u201cThe Wolf in Winter\u201d will premiere [&hellip;]<\/p>\n","protected":false},"author":2169,"featured_media":213216,"comment_status":"open","ping_status":"open","sticky":false,"template":"","format":"standard","meta":{"newspack_featured_image_position":"","newspack_post_subtitle":"","newspack_article_summary_title":"Overview:","newspack_article_summary":"","newspack_hide_updated_date":false,"newspack_show_updated_date":false,"footnotes":""},"categories":[10],"tags":[4334,4190,4222,91,252],"class_list":["post-213215","post","type-post","status-publish","format-standard","has-post-thumbnail","hentry","category-sport","tag-goat","tag-grend-slem","tag-novak-djokovic-3","tag-sport","tag-tenis","entry"],"aioseo_notices":[],"aioseo_head":"\n\t\t<!-- All in One SEO 5.0.1.1 - aioseo.com -->\n\t<meta name=\"description\" content=\"The best tennis player of all time, Novak \u0110okovi\u0107, is soon getting a feature-length documentary film that will bring audiences around the world closer to his incredible life and sporting journey, from his childhood in war-torn Serbia to becoming one of the greatest athletes in history. The film titled \u201cThe Wolf in Winter\u201d will premiere\" \/>\n\t<meta name=\"robots\" content=\"max-image-preview:large\" \/>\n\t<meta name=\"author\" content=\"Serbian Times\"\/>\n\t<link rel=\"canonical\" href=\"https:\/\/serbiantimes.info\/en\/a-film-about-novak-dokovic-is-coming-the-story-of-a-boy-from-war-torn-serbia-who-conquered-the-world\/\" \/>\n\t<meta name=\"generator\" content=\"All in One SEO (AIOSEO) 5.0.1.1\" \/>\n\t\t<meta property=\"og:locale\" content=\"en_US\" \/>\n\t\t<meta property=\"og:site_name\" content=\"Serbiantimes.info EN |\" \/>\n\t\t<meta property=\"og:type\" content=\"article\" \/>\n\t\t<meta property=\"og:title\" content=\"A FILM ABOUT NOVAK \u0110OKOVI\u0106 IS COMING: The story of a boy from war-torn Serbia who conquered the world! | Serbiantimes.info EN\" \/>\n\t\t<meta property=\"og:description\" content=\"The best tennis player of all time, Novak \u0110okovi\u0107, is soon getting a feature-length documentary film that will bring audiences around the world closer to his incredible life and sporting journey, from his childhood in war-torn Serbia to becoming one of the greatest athletes in history. The film titled \u201cThe Wolf in Winter\u201d will premiere\" \/>\n\t\t<meta property=\"og:url\" content=\"https:\/\/serbiantimes.info\/en\/a-film-about-novak-dokovic-is-coming-the-story-of-a-boy-from-war-torn-serbia-who-conquered-the-world\/\" \/>\n\t\t<meta property=\"og:image\" content=\"https:\/\/serbiantimes.info\/en\/wp-content\/uploads\/sites\/2\/2026\/06\/EMA-ST-Montaze-1-1.jpg\" \/>\n\t\t<meta property=\"og:image:secure_url\" content=\"https:\/\/serbiantimes.info\/en\/wp-content\/uploads\/sites\/2\/2026\/06\/EMA-ST-Montaze-1-1.jpg\" \/>\n\t\t<meta property=\"og:image:width\" content=\"1200\" \/>\n\t\t<meta property=\"og:image:height\" content=\"750\" \/>\n\t\t<meta property=\"article:published_time\" content=\"2026-06-27T18:42:25+00:00\" \/>\n\t\t<meta property=\"article:modified_time\" content=\"2026-06-27T18:42:25+00:00\" \/>\n\t\t<meta name=\"twitter:card\" content=\"summary_large_image\" \/>\n\t\t<meta name=\"twitter:title\" content=\"A FILM ABOUT NOVAK \u0110OKOVI\u0106 IS COMING: The story of a boy from war-torn Serbia who conquered the world! | Serbiantimes.info EN\" \/>\n\t\t<meta name=\"twitter:description\" content=\"The best tennis player of all time, Novak \u0110okovi\u0107, is soon getting a feature-length documentary film that will bring audiences around the world closer to his incredible life and sporting journey, from his childhood in war-torn Serbia to becoming one of the greatest athletes in history. The film titled \u201cThe Wolf in Winter\u201d will premiere\" \/>\n\t\t<meta name=\"twitter:image\" content=\"https:\/\/serbiantimes.info\/en\/wp-content\/uploads\/sites\/2\/2026\/06\/EMA-ST-Montaze-1-1.jpg\" \/>\n\t\t<script type=\"application\/ld+json\" class=\"aioseo-schema\">\n\t\t\t{\"@context\":\"https:\\\/\\\/schema.org\",\"@graph\":[{\"@type\":\"BlogPosting\",\"@id\":\"https:\\\/\\\/serbiantimes.info\\\/en\\\/a-film-about-novak-dokovic-is-coming-the-story-of-a-boy-from-war-torn-serbia-who-conquered-the-world\\\/#blogposting\",\"name\":\"A FILM ABOUT NOVAK \\u0110OKOVI\\u0106 IS COMING: The story of a boy from war-torn Serbia who conquered the world! | Serbiantimes.info EN\",\"headline\":\"A FILM ABOUT NOVAK \\u0110OKOVI\\u0106 IS COMING: The story of a boy from war-torn Serbia who conquered the world!\",\"author\":{\"@id\":\"https:\\\/\\\/serbiantimes.info\\\/en\\\/author\\\/serbiantimes-portal\\\/#author\"},\"publisher\":{\"@id\":\"https:\\\/\\\/serbiantimes.info\\\/en\\\/#organization\"},\"image\":{\"@type\":\"ImageObject\",\"url\":\"https:\\\/\\\/serbiantimes.info\\\/en\\\/wp-content\\\/uploads\\\/sites\\\/2\\\/2026\\\/06\\\/EMA-ST-Montaze-1-1.jpg\",\"width\":1200,\"height\":750},\"datePublished\":\"2026-06-27T20:42:25+02:00\",\"dateModified\":\"2026-06-27T20:42:25+02:00\",\"inLanguage\":\"en-US\",\"mainEntityOfPage\":{\"@id\":\"https:\\\/\\\/serbiantimes.info\\\/en\\\/a-film-about-novak-dokovic-is-coming-the-story-of-a-boy-from-war-torn-serbia-who-conquered-the-world\\\/#webpage\"},\"isPartOf\":{\"@id\":\"https:\\\/\\\/serbiantimes.info\\\/en\\\/a-film-about-novak-dokovic-is-coming-the-story-of-a-boy-from-war-torn-serbia-who-conquered-the-world\\\/#webpage\"},\"articleSection\":\"SPORT, goat, grend slem, NOVAK DJOKOVI\\u0106, sport, tenis\"},{\"@type\":\"BreadcrumbList\",\"@id\":\"https:\\\/\\\/serbiantimes.info\\\/en\\\/a-film-about-novak-dokovic-is-coming-the-story-of-a-boy-from-war-torn-serbia-who-conquered-the-world\\\/#breadcrumblist\",\"itemListElement\":[{\"@type\":\"ListItem\",\"@id\":\"https:\\\/\\\/serbiantimes.info\\\/en#listItem\",\"position\":1,\"name\":\"Home\",\"item\":\"https:\\\/\\\/serbiantimes.info\\\/en\",\"nextItem\":{\"@type\":\"ListItem\",\"@id\":\"https:\\\/\\\/serbiantimes.info\\\/en\\\/category\\\/sport\\\/#listItem\",\"name\":\"SPORT\"}},{\"@type\":\"ListItem\",\"@id\":\"https:\\\/\\\/serbiantimes.info\\\/en\\\/category\\\/sport\\\/#listItem\",\"position\":2,\"name\":\"SPORT\",\"item\":\"https:\\\/\\\/serbiantimes.info\\\/en\\\/category\\\/sport\\\/\",\"nextItem\":{\"@type\":\"ListItem\",\"@id\":\"https:\\\/\\\/serbiantimes.info\\\/en\\\/a-film-about-novak-dokovic-is-coming-the-story-of-a-boy-from-war-torn-serbia-who-conquered-the-world\\\/#listItem\",\"name\":\"A FILM ABOUT NOVAK \\u0110OKOVI\\u0106 IS COMING: The story of a boy from war-torn Serbia who conquered the world!\"},\"previousItem\":{\"@type\":\"ListItem\",\"@id\":\"https:\\\/\\\/serbiantimes.info\\\/en#listItem\",\"name\":\"Home\"}},{\"@type\":\"ListItem\",\"@id\":\"https:\\\/\\\/serbiantimes.info\\\/en\\\/a-film-about-novak-dokovic-is-coming-the-story-of-a-boy-from-war-torn-serbia-who-conquered-the-world\\\/#listItem\",\"position\":3,\"name\":\"A FILM ABOUT NOVAK \\u0110OKOVI\\u0106 IS COMING: The story of a boy from war-torn Serbia who conquered the world!\",\"previousItem\":{\"@type\":\"ListItem\",\"@id\":\"https:\\\/\\\/serbiantimes.info\\\/en\\\/category\\\/sport\\\/#listItem\",\"name\":\"SPORT\"}}]},{\"@type\":\"Organization\",\"@id\":\"https:\\\/\\\/serbiantimes.info\\\/en\\\/#organization\",\"name\":\"Serbiantimes.info EN\",\"url\":\"https:\\\/\\\/serbiantimes.info\\\/en\\\/\",\"logo\":{\"@type\":\"ImageObject\",\"url\":\"https:\\\/\\\/serbiantimes.info\\\/en\\\/wp-content\\\/uploads\\\/sites\\\/2\\\/2024\\\/10\\\/cropped-cropped-Serbian-Times-Header-Logo-1.png\",\"@id\":\"https:\\\/\\\/serbiantimes.info\\\/en\\\/a-film-about-novak-dokovic-is-coming-the-story-of-a-boy-from-war-torn-serbia-who-conquered-the-world\\\/#organizationLogo\",\"width\":480,\"height\":100},\"image\":{\"@id\":\"https:\\\/\\\/serbiantimes.info\\\/en\\\/a-film-about-novak-dokovic-is-coming-the-story-of-a-boy-from-war-torn-serbia-who-conquered-the-world\\\/#organizationLogo\"}},{\"@type\":\"Person\",\"@id\":\"https:\\\/\\\/serbiantimes.info\\\/en\\\/author\\\/serbiantimes-portal\\\/#author\",\"url\":\"https:\\\/\\\/serbiantimes.info\\\/en\\\/author\\\/serbiantimes-portal\\\/\",\"name\":\"Serbian Times\",\"image\":{\"@type\":\"ImageObject\",\"@id\":\"https:\\\/\\\/serbiantimes.info\\\/en\\\/a-film-about-novak-dokovic-is-coming-the-story-of-a-boy-from-war-torn-serbia-who-conquered-the-world\\\/#authorImage\",\"url\":\"https:\\\/\\\/secure.gravatar.com\\\/avatar\\\/ea76e009769270b4193e2bc7e032c096b4ae135483ec03b396fd0f520bc3dcfd?s=96&d=mm&r=g\",\"width\":96,\"height\":96,\"caption\":\"Serbian Times\"}},{\"@type\":\"WebPage\",\"@id\":\"https:\\\/\\\/serbiantimes.info\\\/en\\\/a-film-about-novak-dokovic-is-coming-the-story-of-a-boy-from-war-torn-serbia-who-conquered-the-world\\\/#webpage\",\"url\":\"https:\\\/\\\/serbiantimes.info\\\/en\\\/a-film-about-novak-dokovic-is-coming-the-story-of-a-boy-from-war-torn-serbia-who-conquered-the-world\\\/\",\"name\":\"A FILM ABOUT NOVAK \\u0110OKOVI\\u0106 IS COMING: The story of a boy from war-torn Serbia who conquered the world! | Serbiantimes.info EN\",\"description\":\"The best tennis player of all time, Novak \\u0110okovi\\u0107, is soon getting a feature-length documentary film that will bring audiences around the world closer to his incredible life and sporting journey, from his childhood in war-torn Serbia to becoming one of the greatest athletes in history. The film titled \\u201cThe Wolf in Winter\\u201d will premiere\",\"inLanguage\":\"en-US\",\"isPartOf\":{\"@id\":\"https:\\\/\\\/serbiantimes.info\\\/en\\\/#website\"},\"breadcrumb\":{\"@id\":\"https:\\\/\\\/serbiantimes.info\\\/en\\\/a-film-about-novak-dokovic-is-coming-the-story-of-a-boy-from-war-torn-serbia-who-conquered-the-world\\\/#breadcrumblist\"},\"author\":{\"@id\":\"https:\\\/\\\/serbiantimes.info\\\/en\\\/author\\\/serbiantimes-portal\\\/#author\"},\"creator\":{\"@id\":\"https:\\\/\\\/serbiantimes.info\\\/en\\\/author\\\/serbiantimes-portal\\\/#author\"},\"image\":{\"@type\":\"ImageObject\",\"url\":\"https:\\\/\\\/serbiantimes.info\\\/en\\\/wp-content\\\/uploads\\\/sites\\\/2\\\/2026\\\/06\\\/EMA-ST-Montaze-1-1.jpg\",\"@id\":\"https:\\\/\\\/serbiantimes.info\\\/en\\\/a-film-about-novak-dokovic-is-coming-the-story-of-a-boy-from-war-torn-serbia-who-conquered-the-world\\\/#mainImage\",\"width\":1200,\"height\":750},\"primaryImageOfPage\":{\"@id\":\"https:\\\/\\\/serbiantimes.info\\\/en\\\/a-film-about-novak-dokovic-is-coming-the-story-of-a-boy-from-war-torn-serbia-who-conquered-the-world\\\/#mainImage\"},\"datePublished\":\"2026-06-27T20:42:25+02:00\",\"dateModified\":\"2026-06-27T20:42:25+02:00\"},{\"@type\":\"WebSite\",\"@id\":\"https:\\\/\\\/serbiantimes.info\\\/en\\\/#website\",\"url\":\"https:\\\/\\\/serbiantimes.info\\\/en\\\/\",\"name\":\"Serbiantimes.info EN\",\"inLanguage\":\"en-US\",\"publisher\":{\"@id\":\"https:\\\/\\\/serbiantimes.info\\\/en\\\/#organization\"}}]}\n\t\t<\/script>\n\t\t<!-- All in One SEO -->\n\n","aioseo_head_json":{"title":"A FILM ABOUT NOVAK \u0110OKOVI\u0106 IS COMING: The story of a boy from war-torn Serbia who conquered the world! | Serbiantimes.info EN","description":"The best tennis player of all time, Novak \u0110okovi\u0107, is soon getting a feature-length documentary film that will bring audiences around the world closer to his incredible life and sporting journey, from his childhood in war-torn Serbia to becoming one of the greatest athletes in history. The film titled \u201cThe Wolf in Winter\u201d will premiere","canonical_url":"https:\/\/serbiantimes.info\/en\/a-film-about-novak-dokovic-is-coming-the-story-of-a-boy-from-war-torn-serbia-who-conquered-the-world\/","robots":"max-image-preview:large","keywords":"","webmasterTools":{"miscellaneous":""},"schema":{"@context":"https:\/\/schema.org","@graph":[{"@type":"BlogPosting","@id":"https:\/\/serbiantimes.info\/en\/a-film-about-novak-dokovic-is-coming-the-story-of-a-boy-from-war-torn-serbia-who-conquered-the-world\/#blogposting","name":"A FILM ABOUT NOVAK \u0110OKOVI\u0106 IS COMING: The story of a boy from war-torn Serbia who conquered the world! | Serbiantimes.info EN","headline":"A FILM ABOUT NOVAK \u0110OKOVI\u0106 IS COMING: The story of a boy from war-torn Serbia who conquered the world!","author":{"@id":"https:\/\/serbiantimes.info\/en\/author\/serbiantimes-portal\/#author"},"publisher":{"@id":"https:\/\/serbiantimes.info\/en\/#organization"},"image":{"@type":"ImageObject","url":"https:\/\/serbiantimes.info\/en\/wp-content\/uploads\/sites\/2\/2026\/06\/EMA-ST-Montaze-1-1.jpg","width":1200,"height":750},"datePublished":"2026-06-27T20:42:25+02:00","dateModified":"2026-06-27T20:42:25+02:00","inLanguage":"en-US","mainEntityOfPage":{"@id":"https:\/\/serbiantimes.info\/en\/a-film-about-novak-dokovic-is-coming-the-story-of-a-boy-from-war-torn-serbia-who-conquered-the-world\/#webpage"},"isPartOf":{"@id":"https:\/\/serbiantimes.info\/en\/a-film-about-novak-dokovic-is-coming-the-story-of-a-boy-from-war-torn-serbia-who-conquered-the-world\/#webpage"},"articleSection":"SPORT, goat, grend slem, NOVAK DJOKOVI\u0106, sport, tenis"},{"@type":"BreadcrumbList","@id":"https:\/\/serbiantimes.info\/en\/a-film-about-novak-dokovic-is-coming-the-story-of-a-boy-from-war-torn-serbia-who-conquered-the-world\/#breadcrumblist","itemListElement":[{"@type":"ListItem","@id":"https:\/\/serbiantimes.info\/en#listItem","position":1,"name":"Home","item":"https:\/\/serbiantimes.info\/en","nextItem":{"@type":"ListItem","@id":"https:\/\/serbiantimes.info\/en\/category\/sport\/#listItem","name":"SPORT"}},{"@type":"ListItem","@id":"https:\/\/serbiantimes.info\/en\/category\/sport\/#listItem","position":2,"name":"SPORT","item":"https:\/\/serbiantimes.info\/en\/category\/sport\/","nextItem":{"@type":"ListItem","@id":"https:\/\/serbiantimes.info\/en\/a-film-about-novak-dokovic-is-coming-the-story-of-a-boy-from-war-torn-serbia-who-conquered-the-world\/#listItem","name":"A FILM ABOUT NOVAK \u0110OKOVI\u0106 IS COMING: The story of a boy from war-torn Serbia who conquered the world!"},"previousItem":{"@type":"ListItem","@id":"https:\/\/serbiantimes.info\/en#listItem","name":"Home"}},{"@type":"ListItem","@id":"https:\/\/serbiantimes.info\/en\/a-film-about-novak-dokovic-is-coming-the-story-of-a-boy-from-war-torn-serbia-who-conquered-the-world\/#listItem","position":3,"name":"A FILM ABOUT NOVAK \u0110OKOVI\u0106 IS COMING: The story of a boy from war-torn Serbia who conquered the world!","previousItem":{"@type":"ListItem","@id":"https:\/\/serbiantimes.info\/en\/category\/sport\/#listItem","name":"SPORT"}}]},{"@type":"Organization","@id":"https:\/\/serbiantimes.info\/en\/#organization","name":"Serbiantimes.info EN","url":"https:\/\/serbiantimes.info\/en\/","logo":{"@type":"ImageObject","url":"https:\/\/serbiantimes.info\/en\/wp-content\/uploads\/sites\/2\/2024\/10\/cropped-cropped-Serbian-Times-Header-Logo-1.png","@id":"https:\/\/serbiantimes.info\/en\/a-film-about-novak-dokovic-is-coming-the-story-of-a-boy-from-war-torn-serbia-who-conquered-the-world\/#organizationLogo","width":480,"height":100},"image":{"@id":"https:\/\/serbiantimes.info\/en\/a-film-about-novak-dokovic-is-coming-the-story-of-a-boy-from-war-torn-serbia-who-conquered-the-world\/#organizationLogo"}},{"@type":"Person","@id":"https:\/\/serbiantimes.info\/en\/author\/serbiantimes-portal\/#author","url":"https:\/\/serbiantimes.info\/en\/author\/serbiantimes-portal\/","name":"Serbian Times","image":{"@type":"ImageObject","@id":"https:\/\/serbiantimes.info\/en\/a-film-about-novak-dokovic-is-coming-the-story-of-a-boy-from-war-torn-serbia-who-conquered-the-world\/#authorImage","url":"https:\/\/secure.gravatar.com\/avatar\/ea76e009769270b4193e2bc7e032c096b4ae135483ec03b396fd0f520bc3dcfd?s=96&d=mm&r=g","width":96,"height":96,"caption":"Serbian Times"}},{"@type":"WebPage","@id":"https:\/\/serbiantimes.info\/en\/a-film-about-novak-dokovic-is-coming-the-story-of-a-boy-from-war-torn-serbia-who-conquered-the-world\/#webpage","url":"https:\/\/serbiantimes.info\/en\/a-film-about-novak-dokovic-is-coming-the-story-of-a-boy-from-war-torn-serbia-who-conquered-the-world\/","name":"A FILM ABOUT NOVAK \u0110OKOVI\u0106 IS COMING: The story of a boy from war-torn Serbia who conquered the world! | Serbiantimes.info EN","description":"The best tennis player of all time, Novak \u0110okovi\u0107, is soon getting a feature-length documentary film that will bring audiences around the world closer to his incredible life and sporting journey, from his childhood in war-torn Serbia to becoming one of the greatest athletes in history. The film titled \u201cThe Wolf in Winter\u201d will premiere","inLanguage":"en-US","isPartOf":{"@id":"https:\/\/serbiantimes.info\/en\/#website"},"breadcrumb":{"@id":"https:\/\/serbiantimes.info\/en\/a-film-about-novak-dokovic-is-coming-the-story-of-a-boy-from-war-torn-serbia-who-conquered-the-world\/#breadcrumblist"},"author":{"@id":"https:\/\/serbiantimes.info\/en\/author\/serbiantimes-portal\/#author"},"creator":{"@id":"https:\/\/serbiantimes.info\/en\/author\/serbiantimes-portal\/#author"},"image":{"@type":"ImageObject","url":"https:\/\/serbiantimes.info\/en\/wp-content\/uploads\/sites\/2\/2026\/06\/EMA-ST-Montaze-1-1.jpg","@id":"https:\/\/serbiantimes.info\/en\/a-film-about-novak-dokovic-is-coming-the-story-of-a-boy-from-war-torn-serbia-who-conquered-the-world\/#mainImage","width":1200,"height":750},"primaryImageOfPage":{"@id":"https:\/\/serbiantimes.info\/en\/a-film-about-novak-dokovic-is-coming-the-story-of-a-boy-from-war-torn-serbia-who-conquered-the-world\/#mainImage"},"datePublished":"2026-06-27T20:42:25+02:00","dateModified":"2026-06-27T20:42:25+02:00"},{"@type":"WebSite","@id":"https:\/\/serbiantimes.info\/en\/#website","url":"https:\/\/serbiantimes.info\/en\/","name":"Serbiantimes.info EN","inLanguage":"en-US","publisher":{"@id":"https:\/\/serbiantimes.info\/en\/#organization"}}]},"og:locale":"en_US","og:site_name":"Serbiantimes.info EN |","og:type":"article","og:title":"A FILM ABOUT NOVAK \u0110OKOVI\u0106 IS COMING: The story of a boy from war-torn Serbia who conquered the world! | Serbiantimes.info EN","og:description":"The best tennis player of all time, Novak \u0110okovi\u0107, is soon getting a feature-length documentary film that will bring audiences around the world closer to his incredible life and sporting journey, from his childhood in war-torn Serbia to becoming one of the greatest athletes in history. The film titled \u201cThe Wolf in Winter\u201d will premiere","og:url":"https:\/\/serbiantimes.info\/en\/a-film-about-novak-dokovic-is-coming-the-story-of-a-boy-from-war-torn-serbia-who-conquered-the-world\/","og:image":"https:\/\/serbiantimes.info\/en\/wp-content\/uploads\/sites\/2\/2026\/06\/EMA-ST-Montaze-1-1.jpg","og:image:secure_url":"https:\/\/serbiantimes.info\/en\/wp-content\/uploads\/sites\/2\/2026\/06\/EMA-ST-Montaze-1-1.jpg","og:image:width":1200,"og:image:height":750,"article:published_time":"2026-06-27T18:42:25+00:00","article:modified_time":"2026-06-27T18:42:25+00:00","twitter:card":"summary_large_image","twitter:title":"A FILM ABOUT NOVAK \u0110OKOVI\u0106 IS COMING: The story of a boy from war-torn Serbia who conquered the world! | Serbiantimes.info EN","twitter:description":"The best tennis player of all time, Novak \u0110okovi\u0107, is soon getting a feature-length documentary film that will bring audiences around the world closer to his incredible life and sporting journey, from his childhood in war-torn Serbia to becoming one of the greatest athletes in history. The film titled \u201cThe Wolf in Winter\u201d will premiere","twitter:image":"https:\/\/serbiantimes.info\/en\/wp-content\/uploads\/sites\/2\/2026\/06\/EMA-ST-Montaze-1-1.jpg"},"aioseo_meta_data":{"post_id":"213215","title":null,"description":null,"keywords":null,"keyphrases":{"focus":{"keyphrase":"","score":0,"analysis":{"keyphraseInTitle":{"score":0,"maxScore":9,"error":1}}},"additional":[]},"primary_term":null,"canonical_url":null,"og_title":null,"og_description":null,"og_object_type":"default","og_image_type":"default","og_image_url":null,"og_image_width":null,"og_image_height":null,"og_image_custom_url":null,"og_image_custom_fields":null,"og_video":"","og_custom_url":null,"og_article_section":null,"og_article_tags":null,"twitter_use_og":false,"twitter_card":"default","twitter_image_type":"default","twitter_image_url":null,"twitter_image_custom_url":null,"twitter_image_custom_fields":null,"twitter_title":null,"twitter_description":null,"schema":{"blockGraphs":[],"customGraphs":[],"default":{"data":{"Article":[],"Course":[],"Dataset":[],"FAQPage":[],"Movie":[],"Person":[],"Product":[],"ProductReview":[],"Car":[],"Recipe":[],"Service":[],"SoftwareApplication":[],"WebPage":[]},"graphName":"BlogPosting","isEnabled":true},"graphs":[]},"schema_type":"default","schema_type_options":null,"pillar_content":false,"robots_default":true,"robots_noindex":false,"robots_noarchive":false,"robots_nosnippet":false,"robots_nofollow":false,"robots_noimageindex":false,"robots_noodp":false,"robots_notranslate":false,"robots_max_snippet":"-1","robots_max_videopreview":"-1","robots_max_imagepreview":"large","priority":null,"frequency":"default","local_seo":null,"breadcrumb_settings":null,"limit_modified_date":false,"ai":{"faqs":[],"keyPoints":[],"titles":[],"descriptions":[],"socialPosts":{"email":[],"linkedin":[],"twitter":[],"facebook":[],"instagram":[]}},"created":"2026-06-27 18:27:40","updated":"2026-06-29 12:58:18","focus_keyword":null,"additional_keywords":null,"truseo_locale":null,"seo_analyzer_scan_date":null},"aioseo_breadcrumb":"<div class=\"aioseo-breadcrumbs\"><span class=\"aioseo-breadcrumb\">\n\t\t\t<a href=\"https:\/\/serbiantimes.info\/en\" title=\"Home\">Home<\/a>\n\t\t<\/span><span class=\"aioseo-breadcrumb-separator\">&raquo;<\/span><span class=\"aioseo-breadcrumb\">\n\t\t\t<a href=\"https:\/\/serbiantimes.info\/en\/category\/sport\/\" title=\"SPORT\">SPORT<\/a>\n\t\t<\/span><span class=\"aioseo-breadcrumb-separator\">&raquo;<\/span><span class=\"aioseo-breadcrumb\">\n\t\t\tA FILM ABOUT NOVAK \u0110OKOVI\u0106 IS COMING: The story of a boy from war-torn Serbia who conquered the world!\n\t\t<\/span><\/div>","aioseo_breadcrumb_json":[{"label":"Home","link":"https:\/\/serbiantimes.info\/en"},{"label":"SPORT","link":"https:\/\/serbiantimes.info\/en\/category\/sport\/"},{"label":"A FILM ABOUT NOVAK \u0110OKOVI\u0106 IS COMING: The story of a boy from war-torn Serbia who conquered the world!","link":"https:\/\/serbiantimes.info\/en\/a-film-about-novak-dokovic-is-coming-the-story-of-a-boy-from-war-torn-serbia-who-conquered-the-world\/"}],"distributor_meta":false,"distributor_terms":false,"distributor_media":false,"distributor_original_site_name":"Serbiantimes.info EN","distributor_original_site_url":"https:\/\/serbiantimes.info\/en","push-errors":false,"_links":{"self":[{"href":"https:\/\/serbiantimes.info\/en\/wp-json\/wp\/v2\/posts\/213215","targetHints":{"allow":["GET"]}}],"collection":[{"href":"https:\/\/serbiantimes.info\/en\/wp-json\/wp\/v2\/posts"}],"about":[{"href":"https:\/\/serbiantimes.info\/en\/wp-json\/wp\/v2\/types\/post"}],"author":[{"embeddable":true,"href":"https:\/\/serbiantimes.info\/en\/wp-json\/wp\/v2\/users\/2169"}],"replies":[{"embeddable":true,"href":"https:\/\/serbiantimes.info\/en\/wp-json\/wp\/v2\/comments?post=213215"}],"version-history":[{"count":2,"href":"https:\/\/serbiantimes.info\/en\/wp-json\/wp\/v2\/posts\/213215\/revisions"}],"predecessor-version":[{"id":213263,"href":"https:\/\/serbiantimes.info\/en\/wp-json\/wp\/v2\/posts\/213215\/revisions\/213263"}],"wp:featuredmedia":[{"embeddable":true,"href":"https:\/\/serbiantimes.info\/en\/wp-json\/wp\/v2\/media\/213216"}],"wp:attachment":[{"href":"https:\/\/serbiantimes.info\/en\/wp-json\/wp\/v2\/media?parent=213215"}],"wp:term":[{"taxonomy":"category","embeddable":true,"href":"https:\/\/serbiantimes.info\/en\/wp-json\/wp\/v2\/categories?post=213215"},{"taxonomy":"post_tag","embeddable":true,"href":"https:\/\/serbiantimes.info\/en\/wp-json\/wp\/v2\/tags?post=213215"}],"curies":[{"name":"wp","href":"https:\/\/api.w.org\/{rel}","templated":true}]}}