{"id":213213,"date":"2026-06-27T20:40:59","date_gmt":"2026-06-27T18:40:59","guid":{"rendered":"https:\/\/serbiantimes.info\/en\/?p=213213"},"modified":"2026-06-27T20:41:00","modified_gmt":"2026-06-27T18:41:00","slug":"due-to-hate-speech-editor-in-chief-of-informer-banned-from-entering-montenegro","status":"publish","type":"post","link":"https:\/\/serbiantimes.info\/en\/due-to-hate-speech-editor-in-chief-of-informer-banned-from-entering-montenegro\/","title":{"rendered":"DUE TO HATE SPEECH: Editor-in-chief of Informer banned from entering Montenegro!"},"content":{"rendered":"\n<p class=\"wp-block-paragraph\">Montenegrin police have issued a decision banning the editor of the Belgrade tabloid Informer, Dragan J. Vu\u010di\u0107evi\u0107, from entering Montenegro.<\/p>\n\n\n\n<p class=\"wp-block-paragraph\">This was confirmed to <em>Vijesti<\/em> by a source from the Police Directorate.<\/p>\n\n\n\n<p class=\"wp-block-paragraph\">As reported, Vu\u010di\u0107evi\u0107, in <em>Informer<\/em>\u2014which he also owns and which is close to the regime of Serbian President Aleksandar Vu\u010di\u0107\u2014has been continuously spreading hate speech against the state of Montenegro and its citizens.<\/p>\n\n\n\n<p class=\"wp-block-paragraph\">The Council of the Agency for Audiovisual Media Services (SAMU) adopted a decision at the end of May on the temporary restriction of reception and re-broadcasting of the entire program of \u201cInformer TV,\u201d due to the continuous broadcasting of content that insults the dignity of the Montenegrin people, denies Montenegrin national identity, encourages hate speech and discrimination, and insults the dignity of citizens and institutions of Montenegro.<\/p>\n\n\n\n<p class=\"wp-block-paragraph\">Vu\u010di\u0107evi\u0107 today asked \u201cwhy they would ban me from going where I didn\u2019t even want to go.\u201d<\/p>\n\n\n\n<p class=\"wp-block-paragraph\">\u201cWhy would you ban me from entering Montenegro when I didn\u2019t even want to go there, nor will I go\u2026,\u201d Vu\u010di\u0107evi\u0107 said, among other things, as reported by <em>Vijesti<\/em>.<\/p>\n\n\n\n<p class=\"wp-block-paragraph\">As reported, he also denied having ever made any insults toward Montenegro.<\/p>\n\n\n\n<p class=\"wp-block-paragraph\">\u201cMoreover, our television is banned in Montenegro. The Montenegrin REM has banned the broadcast of our program, so whatever we said during the Summit in Montenegro, they couldn\u2019t even see it there. And I have never in my life said any serious insults about Montenegro, let alone on a show,\u201d Vu\u010di\u0107evi\u0107 said today.<\/p>\n\n\n\n<p class=\"wp-block-paragraph\">On June 3, after entry was banned for 87 men from Serbia into Montenegro, he referred to Montenegrin institutions on his television as \u201canti-Serb,\u201d \u201cUstasha\u2026\u201d<\/p>\n\n\n\n<p class=\"wp-block-paragraph\">\u201cHere the Montenegrin cattle, in cooperation with the blockading Serbian cattle, directly caused the life of President Aleksandar Vu\u010di\u0107 to be endangered. They made criminals out of people who went to Montenegro today. Athletes, patriots, Serbs, without any weapons, they are lying, what weapons, nonsense. They went to Montenegro and then some anti-Serb, Ustasha, \u2018Milo-loyalist\u2019 cattle harassed them at the airport, and then 87 of them were returned to Serbia without any legal basis,\u201d Vu\u010di\u0107evi\u0107 said on June 3 during the tabloid\u2019s news program.<\/p>\n\n\n\n<p class=\"wp-block-paragraph\">He added that \u201con their media there, Milo-loyalist, Ustasha, anti-Serb media in Montenegro, they created the most horrific campaign as if these were some criminals.\u201d<\/p>\n\n\n\n<p class=\"wp-block-paragraph\">\u201cI responsibly claim that not a single criminal was on that plane, no one with a record. There was no weaponry, although they are lying in their false reports that they were armed. When we see what is happening, I would not be exaggerating if I suspected that it could happen that on Friday, June 5, Milo \u0110ukanovi\u0107 together with Zvicer and Milojko Spaji\u0107 might attempt some crime. I am appealing to President Vu\u010di\u0107 through this channel, and I am not the only one who thinks this way, to once again consider whether he should go to Tivat. I am asking him not to go to that Montenegro. Because if they are ready for what they have done, who knows what else they are capable of. We are dealing with dangerous villains,\u201d Vu\u010di\u0107evi\u0107 said at the time during an appearance on the Informer tabloid news program.<\/p>\n\n\n\n<p class=\"wp-block-paragraph\">As a reminder, the plane that landed on June 3 at Tivat airport mainly carried passengers with criminal records and individuals who have been mentioned for years in Serbian media as persons engaged for special tasks of the Serbian Progressive Party (SNS) regime.<\/p>\n\n\n\n<p class=\"wp-block-paragraph\">These were individuals, some of whom have been charged with serious criminal offenses, who opposition media and activists in Serbia have for years labeled as close to Aleksandar Vu\u010di\u0107\u2019s regime.<\/p>\n\n\n\n<p class=\"wp-block-paragraph\">Most of those on the list, who were banned from entering Montenegro, have been linked to the SNS regime, which allegedly engages them when needed for rallies, securing party premises, and organizing counter-protests.<\/p>\n\n\n\n<p class=\"wp-block-paragraph\">As <em>Vijesti<\/em> recalls, according to publicly available data, the authorities have also used them to silence political opponents at stadiums and basketball arenas, at opposition and student protests, as well as for distributing party pamphlets and painting SNS graffiti.<\/p>\n\n\n\n<h4 class=\"wp-block-heading\"><mark style=\"background-color:#FFFFFF;color:#d21414\" class=\"has-inline-color\">MORE TOPICS:<\/mark><\/h4>\n\n\n\n<p class=\"wp-block-paragraph\"><strong><a href=\"https:\/\/serbiantimes.info\/en\/alimpijevic-announced-an-important-decision-nikola-jokic-is-the-new-captain-of-the-serbian-national-basketball-team\/\" target=\"_blank\" rel=\"noopener\" title=\"\">ALIMPIJEVIC ANNOUNCED AN IMPORTANT DECISION: Nikola Jokic is the new captain of the Serbian national basketball team!<\/a><\/strong><\/p>\n\n\n\n<p class=\"wp-block-paragraph\"><strong><a href=\"https:\/\/serbiantimes.info\/en\/horror-in-zagreb-man-65-shot-at-three-children-with-an-air-rifle-after-an-argument-one-wounded\/\" target=\"_blank\" rel=\"noopener\" title=\"\">HORROR IN ZAGREB: Man (65) shot at three children with an air rifle after an argument, one wounded!<\/a><\/strong><\/p>\n\n\n\n<p class=\"wp-block-paragraph\"><strong><a href=\"https:\/\/serbiantimes.info\/en\/bogdanovic-se-izvinio-zbog-rasistickog-ispada-skandal-na-nacionalnoj-televiziji-obisao-planetu-oglasio-se-i-rts\/\" target=\"_blank\" rel=\"noopener\" title=\"\">BOGDANOVIC APOLOGIZED FOR THE RACIST INCIDENT: Scandal on national television went around the planet, RTS also spoke out!<\/a><\/strong><\/p>\n\n\n\n<p class=\"wp-block-paragraph\"><strong><a href=\"https:\/\/serbiantimes.info\/en\/robbery-on-belgrade-streets-a-group-intercepted-a-teenager-16-on-the-street-stabbed-him-with-a-knife-because-he-refused-to-hand-over-the-money\/\" target=\"_blank\" rel=\"noopener\" title=\"\">ROBBERY ON BELGRADE STREETS: A group intercepted a teenager (16) on the street, stabbed him with a knife because he refused to hand over the money!<\/a><\/strong><\/p>\n\n\n\n<p class=\"wp-block-paragraph\"><strong><a href=\"https:\/\/serbiantimes.info\/en\/red-meteo-alarm-paralyzed-europe-heatwave-ravages-the-old-continent-temperatures-over-40-degrees\/\" target=\"_blank\" rel=\"noopener\" title=\"\">RED METEO ALARM PARALYZED EUROPE: Heatwave ravages the Old Continent, temperatures over 40 degrees!<\/a><\/strong><\/p>\n\n\n\n<p class=\"wp-block-paragraph\">S<strong><strong><strong>ource<\/strong><\/strong><\/strong>:\u00a0<a href=\"https:\/\/www.vijesti.me\/vijesti\/drustvo\/815165\/vucicevicu-zabranjen-ulazak-u-crnu-goru\" target=\"_blank\" rel=\"noopener\" title=\"\">Vjesti<\/a>, <strong>Foto: <\/strong>M. M. \/ ATAImages<\/p>\n\n\n\n<p class=\"wp-block-paragraph\"><\/p>\n","protected":false},"excerpt":{"rendered":"<p>Montenegrin police have issued a decision banning the editor of the Belgrade tabloid Informer, Dragan J. Vu\u010di\u0107evi\u0107, from entering Montenegro. This was confirmed to Vijesti by a source from the Police Directorate. As reported, Vu\u010di\u0107evi\u0107, in Informer\u2014which he also owns and which is close to the regime of Serbian President Aleksandar Vu\u010di\u0107\u2014has been continuously spreading [&hellip;]<\/p>\n","protected":false},"author":2169,"featured_media":213214,"comment_status":"open","ping_status":"open","sticky":false,"template":"","format":"standard","meta":{"newspack_featured_image_position":"","newspack_post_subtitle":"","newspack_article_summary_title":"Overview:","newspack_article_summary":"","newspack_hide_updated_date":false,"newspack_show_updated_date":false,"footnotes":""},"categories":[7],"tags":[116,159,13297,13182,9484,478,13298],"class_list":["post-213213","post","type-post","status-publish","format-standard","has-post-thumbnail","hentry","category-serbia","tag-balkan","tag-crna-gora","tag-dragan-j-vucicevic","tag-govor-mrznje","tag-informer","tag-policija","tag-zabranjen-ulazak","entry"],"aioseo_notices":[],"aioseo_head":"\n\t\t<!-- All in One SEO 5.0.1.1 - aioseo.com -->\n\t<meta name=\"description\" content=\"Montenegrin police have issued a decision banning the editor of the Belgrade tabloid Informer, Dragan J. Vu\u010di\u0107evi\u0107, from entering Montenegro. This was confirmed to Vijesti by a source from the Police Directorate. As reported, Vu\u010di\u0107evi\u0107, in Informer\u2014which he also owns and which is close to the regime of Serbian President Aleksandar Vu\u010di\u0107\u2014has been continuously spreading\" \/>\n\t<meta name=\"robots\" content=\"max-image-preview:large\" \/>\n\t<meta name=\"author\" content=\"Serbian Times\"\/>\n\t<link rel=\"canonical\" href=\"https:\/\/serbiantimes.info\/en\/due-to-hate-speech-editor-in-chief-of-informer-banned-from-entering-montenegro\/\" \/>\n\t<meta name=\"generator\" content=\"All in One SEO (AIOSEO) 5.0.1.1\" \/>\n\t\t<meta property=\"og:locale\" content=\"en_US\" \/>\n\t\t<meta property=\"og:site_name\" content=\"Serbiantimes.info EN |\" \/>\n\t\t<meta property=\"og:type\" content=\"article\" \/>\n\t\t<meta property=\"og:title\" content=\"DUE TO HATE SPEECH: Editor-in-chief of Informer banned from entering Montenegro! | Serbiantimes.info EN\" \/>\n\t\t<meta property=\"og:description\" content=\"Montenegrin police have issued a decision banning the editor of the Belgrade tabloid Informer, Dragan J. Vu\u010di\u0107evi\u0107, from entering Montenegro. This was confirmed to Vijesti by a source from the Police Directorate. As reported, Vu\u010di\u0107evi\u0107, in Informer\u2014which he also owns and which is close to the regime of Serbian President Aleksandar Vu\u010di\u0107\u2014has been continuously spreading\" \/>\n\t\t<meta property=\"og:url\" content=\"https:\/\/serbiantimes.info\/en\/due-to-hate-speech-editor-in-chief-of-informer-banned-from-entering-montenegro\/\" \/>\n\t\t<meta property=\"og:image\" content=\"https:\/\/serbiantimes.info\/en\/wp-content\/uploads\/sites\/2\/2026\/06\/DIPTIH-TRIPTIH-Serbian-Times-2-21.jpg\" \/>\n\t\t<meta property=\"og:image:secure_url\" content=\"https:\/\/serbiantimes.info\/en\/wp-content\/uploads\/sites\/2\/2026\/06\/DIPTIH-TRIPTIH-Serbian-Times-2-21.jpg\" \/>\n\t\t<meta property=\"og:image:width\" content=\"1200\" \/>\n\t\t<meta property=\"og:image:height\" content=\"750\" \/>\n\t\t<meta property=\"article:published_time\" content=\"2026-06-27T18:40:59+00:00\" \/>\n\t\t<meta property=\"article:modified_time\" content=\"2026-06-27T18:41:00+00:00\" \/>\n\t\t<meta name=\"twitter:card\" content=\"summary_large_image\" \/>\n\t\t<meta name=\"twitter:title\" content=\"DUE TO HATE SPEECH: Editor-in-chief of Informer banned from entering Montenegro! | Serbiantimes.info EN\" \/>\n\t\t<meta name=\"twitter:description\" content=\"Montenegrin police have issued a decision banning the editor of the Belgrade tabloid Informer, Dragan J. Vu\u010di\u0107evi\u0107, from entering Montenegro. This was confirmed to Vijesti by a source from the Police Directorate. As reported, Vu\u010di\u0107evi\u0107, in Informer\u2014which he also owns and which is close to the regime of Serbian President Aleksandar Vu\u010di\u0107\u2014has been continuously spreading\" \/>\n\t\t<meta name=\"twitter:image\" content=\"https:\/\/serbiantimes.info\/en\/wp-content\/uploads\/sites\/2\/2026\/06\/DIPTIH-TRIPTIH-Serbian-Times-2-21.jpg\" \/>\n\t\t<script type=\"application\/ld+json\" class=\"aioseo-schema\">\n\t\t\t{\"@context\":\"https:\\\/\\\/schema.org\",\"@graph\":[{\"@type\":\"BlogPosting\",\"@id\":\"https:\\\/\\\/serbiantimes.info\\\/en\\\/due-to-hate-speech-editor-in-chief-of-informer-banned-from-entering-montenegro\\\/#blogposting\",\"name\":\"DUE TO HATE SPEECH: Editor-in-chief of Informer banned from entering Montenegro! | Serbiantimes.info EN\",\"headline\":\"DUE TO HATE SPEECH: Editor-in-chief of Informer banned from entering Montenegro!\",\"author\":{\"@id\":\"https:\\\/\\\/serbiantimes.info\\\/en\\\/author\\\/serbiantimes-portal\\\/#author\"},\"publisher\":{\"@id\":\"https:\\\/\\\/serbiantimes.info\\\/en\\\/#organization\"},\"image\":{\"@type\":\"ImageObject\",\"url\":\"https:\\\/\\\/serbiantimes.info\\\/en\\\/wp-content\\\/uploads\\\/sites\\\/2\\\/2026\\\/06\\\/DIPTIH-TRIPTIH-Serbian-Times-2-21.jpg\",\"width\":1200,\"height\":750},\"datePublished\":\"2026-06-27T20:40:59+02:00\",\"dateModified\":\"2026-06-27T20:41:00+02:00\",\"inLanguage\":\"en-US\",\"mainEntityOfPage\":{\"@id\":\"https:\\\/\\\/serbiantimes.info\\\/en\\\/due-to-hate-speech-editor-in-chief-of-informer-banned-from-entering-montenegro\\\/#webpage\"},\"isPartOf\":{\"@id\":\"https:\\\/\\\/serbiantimes.info\\\/en\\\/due-to-hate-speech-editor-in-chief-of-informer-banned-from-entering-montenegro\\\/#webpage\"},\"articleSection\":\"SERBIA, Balkan, Crna Gora, Dragan J Vu\\u010di\\u0107evi\\u0107, govor mr\\u017enje, informer, policija, zabranjen ulazak\"},{\"@type\":\"BreadcrumbList\",\"@id\":\"https:\\\/\\\/serbiantimes.info\\\/en\\\/due-to-hate-speech-editor-in-chief-of-informer-banned-from-entering-montenegro\\\/#breadcrumblist\",\"itemListElement\":[{\"@type\":\"ListItem\",\"@id\":\"https:\\\/\\\/serbiantimes.info\\\/en#listItem\",\"position\":1,\"name\":\"Home\",\"item\":\"https:\\\/\\\/serbiantimes.info\\\/en\",\"nextItem\":{\"@type\":\"ListItem\",\"@id\":\"https:\\\/\\\/serbiantimes.info\\\/en\\\/category\\\/serbia\\\/#listItem\",\"name\":\"SERBIA\"}},{\"@type\":\"ListItem\",\"@id\":\"https:\\\/\\\/serbiantimes.info\\\/en\\\/category\\\/serbia\\\/#listItem\",\"position\":2,\"name\":\"SERBIA\",\"item\":\"https:\\\/\\\/serbiantimes.info\\\/en\\\/category\\\/serbia\\\/\",\"nextItem\":{\"@type\":\"ListItem\",\"@id\":\"https:\\\/\\\/serbiantimes.info\\\/en\\\/due-to-hate-speech-editor-in-chief-of-informer-banned-from-entering-montenegro\\\/#listItem\",\"name\":\"DUE TO HATE SPEECH: Editor-in-chief of Informer banned from entering Montenegro!\"},\"previousItem\":{\"@type\":\"ListItem\",\"@id\":\"https:\\\/\\\/serbiantimes.info\\\/en#listItem\",\"name\":\"Home\"}},{\"@type\":\"ListItem\",\"@id\":\"https:\\\/\\\/serbiantimes.info\\\/en\\\/due-to-hate-speech-editor-in-chief-of-informer-banned-from-entering-montenegro\\\/#listItem\",\"position\":3,\"name\":\"DUE TO HATE SPEECH: Editor-in-chief of Informer banned from entering Montenegro!\",\"previousItem\":{\"@type\":\"ListItem\",\"@id\":\"https:\\\/\\\/serbiantimes.info\\\/en\\\/category\\\/serbia\\\/#listItem\",\"name\":\"SERBIA\"}}]},{\"@type\":\"Organization\",\"@id\":\"https:\\\/\\\/serbiantimes.info\\\/en\\\/#organization\",\"name\":\"Serbiantimes.info EN\",\"url\":\"https:\\\/\\\/serbiantimes.info\\\/en\\\/\",\"logo\":{\"@type\":\"ImageObject\",\"url\":\"https:\\\/\\\/serbiantimes.info\\\/en\\\/wp-content\\\/uploads\\\/sites\\\/2\\\/2024\\\/10\\\/cropped-cropped-Serbian-Times-Header-Logo-1.png\",\"@id\":\"https:\\\/\\\/serbiantimes.info\\\/en\\\/due-to-hate-speech-editor-in-chief-of-informer-banned-from-entering-montenegro\\\/#organizationLogo\",\"width\":480,\"height\":100},\"image\":{\"@id\":\"https:\\\/\\\/serbiantimes.info\\\/en\\\/due-to-hate-speech-editor-in-chief-of-informer-banned-from-entering-montenegro\\\/#organizationLogo\"}},{\"@type\":\"Person\",\"@id\":\"https:\\\/\\\/serbiantimes.info\\\/en\\\/author\\\/serbiantimes-portal\\\/#author\",\"url\":\"https:\\\/\\\/serbiantimes.info\\\/en\\\/author\\\/serbiantimes-portal\\\/\",\"name\":\"Serbian Times\",\"image\":{\"@type\":\"ImageObject\",\"@id\":\"https:\\\/\\\/serbiantimes.info\\\/en\\\/due-to-hate-speech-editor-in-chief-of-informer-banned-from-entering-montenegro\\\/#authorImage\",\"url\":\"https:\\\/\\\/secure.gravatar.com\\\/avatar\\\/ea76e009769270b4193e2bc7e032c096b4ae135483ec03b396fd0f520bc3dcfd?s=96&d=mm&r=g\",\"width\":96,\"height\":96,\"caption\":\"Serbian Times\"}},{\"@type\":\"WebPage\",\"@id\":\"https:\\\/\\\/serbiantimes.info\\\/en\\\/due-to-hate-speech-editor-in-chief-of-informer-banned-from-entering-montenegro\\\/#webpage\",\"url\":\"https:\\\/\\\/serbiantimes.info\\\/en\\\/due-to-hate-speech-editor-in-chief-of-informer-banned-from-entering-montenegro\\\/\",\"name\":\"DUE TO HATE SPEECH: Editor-in-chief of Informer banned from entering Montenegro! | Serbiantimes.info EN\",\"description\":\"Montenegrin police have issued a decision banning the editor of the Belgrade tabloid Informer, Dragan J. Vu\\u010di\\u0107evi\\u0107, from entering Montenegro. This was confirmed to Vijesti by a source from the Police Directorate. As reported, Vu\\u010di\\u0107evi\\u0107, in Informer\\u2014which he also owns and which is close to the regime of Serbian President Aleksandar Vu\\u010di\\u0107\\u2014has been continuously spreading\",\"inLanguage\":\"en-US\",\"isPartOf\":{\"@id\":\"https:\\\/\\\/serbiantimes.info\\\/en\\\/#website\"},\"breadcrumb\":{\"@id\":\"https:\\\/\\\/serbiantimes.info\\\/en\\\/due-to-hate-speech-editor-in-chief-of-informer-banned-from-entering-montenegro\\\/#breadcrumblist\"},\"author\":{\"@id\":\"https:\\\/\\\/serbiantimes.info\\\/en\\\/author\\\/serbiantimes-portal\\\/#author\"},\"creator\":{\"@id\":\"https:\\\/\\\/serbiantimes.info\\\/en\\\/author\\\/serbiantimes-portal\\\/#author\"},\"image\":{\"@type\":\"ImageObject\",\"url\":\"https:\\\/\\\/serbiantimes.info\\\/en\\\/wp-content\\\/uploads\\\/sites\\\/2\\\/2026\\\/06\\\/DIPTIH-TRIPTIH-Serbian-Times-2-21.jpg\",\"@id\":\"https:\\\/\\\/serbiantimes.info\\\/en\\\/due-to-hate-speech-editor-in-chief-of-informer-banned-from-entering-montenegro\\\/#mainImage\",\"width\":1200,\"height\":750},\"primaryImageOfPage\":{\"@id\":\"https:\\\/\\\/serbiantimes.info\\\/en\\\/due-to-hate-speech-editor-in-chief-of-informer-banned-from-entering-montenegro\\\/#mainImage\"},\"datePublished\":\"2026-06-27T20:40:59+02:00\",\"dateModified\":\"2026-06-27T20:41:00+02:00\"},{\"@type\":\"WebSite\",\"@id\":\"https:\\\/\\\/serbiantimes.info\\\/en\\\/#website\",\"url\":\"https:\\\/\\\/serbiantimes.info\\\/en\\\/\",\"name\":\"Serbiantimes.info EN\",\"inLanguage\":\"en-US\",\"publisher\":{\"@id\":\"https:\\\/\\\/serbiantimes.info\\\/en\\\/#organization\"}}]}\n\t\t<\/script>\n\t\t<!-- All in One SEO -->\n\n","aioseo_head_json":{"title":"DUE TO HATE SPEECH: Editor-in-chief of Informer banned from entering Montenegro! | Serbiantimes.info EN","description":"Montenegrin police have issued a decision banning the editor of the Belgrade tabloid Informer, Dragan J. Vu\u010di\u0107evi\u0107, from entering Montenegro. This was confirmed to Vijesti by a source from the Police Directorate. As reported, Vu\u010di\u0107evi\u0107, in Informer\u2014which he also owns and which is close to the regime of Serbian President Aleksandar Vu\u010di\u0107\u2014has been continuously spreading","canonical_url":"https:\/\/serbiantimes.info\/en\/due-to-hate-speech-editor-in-chief-of-informer-banned-from-entering-montenegro\/","robots":"max-image-preview:large","keywords":"","webmasterTools":{"miscellaneous":""},"schema":{"@context":"https:\/\/schema.org","@graph":[{"@type":"BlogPosting","@id":"https:\/\/serbiantimes.info\/en\/due-to-hate-speech-editor-in-chief-of-informer-banned-from-entering-montenegro\/#blogposting","name":"DUE TO HATE SPEECH: Editor-in-chief of Informer banned from entering Montenegro! | Serbiantimes.info EN","headline":"DUE TO HATE SPEECH: Editor-in-chief of Informer banned from entering Montenegro!","author":{"@id":"https:\/\/serbiantimes.info\/en\/author\/serbiantimes-portal\/#author"},"publisher":{"@id":"https:\/\/serbiantimes.info\/en\/#organization"},"image":{"@type":"ImageObject","url":"https:\/\/serbiantimes.info\/en\/wp-content\/uploads\/sites\/2\/2026\/06\/DIPTIH-TRIPTIH-Serbian-Times-2-21.jpg","width":1200,"height":750},"datePublished":"2026-06-27T20:40:59+02:00","dateModified":"2026-06-27T20:41:00+02:00","inLanguage":"en-US","mainEntityOfPage":{"@id":"https:\/\/serbiantimes.info\/en\/due-to-hate-speech-editor-in-chief-of-informer-banned-from-entering-montenegro\/#webpage"},"isPartOf":{"@id":"https:\/\/serbiantimes.info\/en\/due-to-hate-speech-editor-in-chief-of-informer-banned-from-entering-montenegro\/#webpage"},"articleSection":"SERBIA, Balkan, Crna Gora, Dragan J Vu\u010di\u0107evi\u0107, govor mr\u017enje, informer, policija, zabranjen ulazak"},{"@type":"BreadcrumbList","@id":"https:\/\/serbiantimes.info\/en\/due-to-hate-speech-editor-in-chief-of-informer-banned-from-entering-montenegro\/#breadcrumblist","itemListElement":[{"@type":"ListItem","@id":"https:\/\/serbiantimes.info\/en#listItem","position":1,"name":"Home","item":"https:\/\/serbiantimes.info\/en","nextItem":{"@type":"ListItem","@id":"https:\/\/serbiantimes.info\/en\/category\/serbia\/#listItem","name":"SERBIA"}},{"@type":"ListItem","@id":"https:\/\/serbiantimes.info\/en\/category\/serbia\/#listItem","position":2,"name":"SERBIA","item":"https:\/\/serbiantimes.info\/en\/category\/serbia\/","nextItem":{"@type":"ListItem","@id":"https:\/\/serbiantimes.info\/en\/due-to-hate-speech-editor-in-chief-of-informer-banned-from-entering-montenegro\/#listItem","name":"DUE TO HATE SPEECH: Editor-in-chief of Informer banned from entering Montenegro!"},"previousItem":{"@type":"ListItem","@id":"https:\/\/serbiantimes.info\/en#listItem","name":"Home"}},{"@type":"ListItem","@id":"https:\/\/serbiantimes.info\/en\/due-to-hate-speech-editor-in-chief-of-informer-banned-from-entering-montenegro\/#listItem","position":3,"name":"DUE TO HATE SPEECH: Editor-in-chief of Informer banned from entering Montenegro!","previousItem":{"@type":"ListItem","@id":"https:\/\/serbiantimes.info\/en\/category\/serbia\/#listItem","name":"SERBIA"}}]},{"@type":"Organization","@id":"https:\/\/serbiantimes.info\/en\/#organization","name":"Serbiantimes.info EN","url":"https:\/\/serbiantimes.info\/en\/","logo":{"@type":"ImageObject","url":"https:\/\/serbiantimes.info\/en\/wp-content\/uploads\/sites\/2\/2024\/10\/cropped-cropped-Serbian-Times-Header-Logo-1.png","@id":"https:\/\/serbiantimes.info\/en\/due-to-hate-speech-editor-in-chief-of-informer-banned-from-entering-montenegro\/#organizationLogo","width":480,"height":100},"image":{"@id":"https:\/\/serbiantimes.info\/en\/due-to-hate-speech-editor-in-chief-of-informer-banned-from-entering-montenegro\/#organizationLogo"}},{"@type":"Person","@id":"https:\/\/serbiantimes.info\/en\/author\/serbiantimes-portal\/#author","url":"https:\/\/serbiantimes.info\/en\/author\/serbiantimes-portal\/","name":"Serbian Times","image":{"@type":"ImageObject","@id":"https:\/\/serbiantimes.info\/en\/due-to-hate-speech-editor-in-chief-of-informer-banned-from-entering-montenegro\/#authorImage","url":"https:\/\/secure.gravatar.com\/avatar\/ea76e009769270b4193e2bc7e032c096b4ae135483ec03b396fd0f520bc3dcfd?s=96&d=mm&r=g","width":96,"height":96,"caption":"Serbian Times"}},{"@type":"WebPage","@id":"https:\/\/serbiantimes.info\/en\/due-to-hate-speech-editor-in-chief-of-informer-banned-from-entering-montenegro\/#webpage","url":"https:\/\/serbiantimes.info\/en\/due-to-hate-speech-editor-in-chief-of-informer-banned-from-entering-montenegro\/","name":"DUE TO HATE SPEECH: Editor-in-chief of Informer banned from entering Montenegro! | Serbiantimes.info EN","description":"Montenegrin police have issued a decision banning the editor of the Belgrade tabloid Informer, Dragan J. Vu\u010di\u0107evi\u0107, from entering Montenegro. This was confirmed to Vijesti by a source from the Police Directorate. As reported, Vu\u010di\u0107evi\u0107, in Informer\u2014which he also owns and which is close to the regime of Serbian President Aleksandar Vu\u010di\u0107\u2014has been continuously spreading","inLanguage":"en-US","isPartOf":{"@id":"https:\/\/serbiantimes.info\/en\/#website"},"breadcrumb":{"@id":"https:\/\/serbiantimes.info\/en\/due-to-hate-speech-editor-in-chief-of-informer-banned-from-entering-montenegro\/#breadcrumblist"},"author":{"@id":"https:\/\/serbiantimes.info\/en\/author\/serbiantimes-portal\/#author"},"creator":{"@id":"https:\/\/serbiantimes.info\/en\/author\/serbiantimes-portal\/#author"},"image":{"@type":"ImageObject","url":"https:\/\/serbiantimes.info\/en\/wp-content\/uploads\/sites\/2\/2026\/06\/DIPTIH-TRIPTIH-Serbian-Times-2-21.jpg","@id":"https:\/\/serbiantimes.info\/en\/due-to-hate-speech-editor-in-chief-of-informer-banned-from-entering-montenegro\/#mainImage","width":1200,"height":750},"primaryImageOfPage":{"@id":"https:\/\/serbiantimes.info\/en\/due-to-hate-speech-editor-in-chief-of-informer-banned-from-entering-montenegro\/#mainImage"},"datePublished":"2026-06-27T20:40:59+02:00","dateModified":"2026-06-27T20:41:00+02:00"},{"@type":"WebSite","@id":"https:\/\/serbiantimes.info\/en\/#website","url":"https:\/\/serbiantimes.info\/en\/","name":"Serbiantimes.info EN","inLanguage":"en-US","publisher":{"@id":"https:\/\/serbiantimes.info\/en\/#organization"}}]},"og:locale":"en_US","og:site_name":"Serbiantimes.info EN |","og:type":"article","og:title":"DUE TO HATE SPEECH: Editor-in-chief of Informer banned from entering Montenegro! | Serbiantimes.info EN","og:description":"Montenegrin police have issued a decision banning the editor of the Belgrade tabloid Informer, Dragan J. Vu\u010di\u0107evi\u0107, from entering Montenegro. This was confirmed to Vijesti by a source from the Police Directorate. As reported, Vu\u010di\u0107evi\u0107, in Informer\u2014which he also owns and which is close to the regime of Serbian President Aleksandar Vu\u010di\u0107\u2014has been continuously spreading","og:url":"https:\/\/serbiantimes.info\/en\/due-to-hate-speech-editor-in-chief-of-informer-banned-from-entering-montenegro\/","og:image":"https:\/\/serbiantimes.info\/en\/wp-content\/uploads\/sites\/2\/2026\/06\/DIPTIH-TRIPTIH-Serbian-Times-2-21.jpg","og:image:secure_url":"https:\/\/serbiantimes.info\/en\/wp-content\/uploads\/sites\/2\/2026\/06\/DIPTIH-TRIPTIH-Serbian-Times-2-21.jpg","og:image:width":1200,"og:image:height":750,"article:published_time":"2026-06-27T18:40:59+00:00","article:modified_time":"2026-06-27T18:41:00+00:00","twitter:card":"summary_large_image","twitter:title":"DUE TO HATE SPEECH: Editor-in-chief of Informer banned from entering Montenegro! | Serbiantimes.info EN","twitter:description":"Montenegrin police have issued a decision banning the editor of the Belgrade tabloid Informer, Dragan J. Vu\u010di\u0107evi\u0107, from entering Montenegro. This was confirmed to Vijesti by a source from the Police Directorate. As reported, Vu\u010di\u0107evi\u0107, in Informer\u2014which he also owns and which is close to the regime of Serbian President Aleksandar Vu\u010di\u0107\u2014has been continuously spreading","twitter:image":"https:\/\/serbiantimes.info\/en\/wp-content\/uploads\/sites\/2\/2026\/06\/DIPTIH-TRIPTIH-Serbian-Times-2-21.jpg"},"aioseo_meta_data":{"post_id":"213213","title":null,"description":null,"keywords":null,"keyphrases":{"focus":{"keyphrase":"","score":0,"analysis":{"keyphraseInTitle":{"score":0,"maxScore":9,"error":1}}},"additional":[]},"primary_term":null,"canonical_url":null,"og_title":null,"og_description":null,"og_object_type":"default","og_image_type":"default","og_image_url":null,"og_image_width":null,"og_image_height":null,"og_image_custom_url":null,"og_image_custom_fields":null,"og_video":"","og_custom_url":null,"og_article_section":null,"og_article_tags":null,"twitter_use_og":false,"twitter_card":"default","twitter_image_type":"default","twitter_image_url":null,"twitter_image_custom_url":null,"twitter_image_custom_fields":null,"twitter_title":null,"twitter_description":null,"schema":{"blockGraphs":[],"customGraphs":[],"default":{"data":{"Article":[],"Course":[],"Dataset":[],"FAQPage":[],"Movie":[],"Person":[],"Product":[],"ProductReview":[],"Car":[],"Recipe":[],"Service":[],"SoftwareApplication":[],"WebPage":[]},"graphName":"BlogPosting","isEnabled":true},"graphs":[]},"schema_type":"default","schema_type_options":null,"pillar_content":false,"robots_default":true,"robots_noindex":false,"robots_noarchive":false,"robots_nosnippet":false,"robots_nofollow":false,"robots_noimageindex":false,"robots_noodp":false,"robots_notranslate":false,"robots_max_snippet":"-1","robots_max_videopreview":"-1","robots_max_imagepreview":"large","priority":null,"frequency":"default","local_seo":null,"breadcrumb_settings":null,"limit_modified_date":false,"ai":{"faqs":[],"keyPoints":[],"titles":[],"descriptions":[],"socialPosts":{"email":[],"linkedin":[],"twitter":[],"facebook":[],"instagram":[]}},"created":"2026-06-27 18:27:29","updated":"2026-06-29 12:58:18","focus_keyword":null,"additional_keywords":null,"truseo_locale":null,"seo_analyzer_scan_date":null},"aioseo_breadcrumb":"<div class=\"aioseo-breadcrumbs\"><span class=\"aioseo-breadcrumb\">\n\t\t\t<a href=\"https:\/\/serbiantimes.info\/en\" title=\"Home\">Home<\/a>\n\t\t<\/span><span class=\"aioseo-breadcrumb-separator\">&raquo;<\/span><span class=\"aioseo-breadcrumb\">\n\t\t\t<a href=\"https:\/\/serbiantimes.info\/en\/category\/serbia\/\" title=\"SERBIA\">SERBIA<\/a>\n\t\t<\/span><span class=\"aioseo-breadcrumb-separator\">&raquo;<\/span><span class=\"aioseo-breadcrumb\">\n\t\t\tDUE TO HATE SPEECH: Editor-in-chief of Informer banned from entering Montenegro!\n\t\t<\/span><\/div>","aioseo_breadcrumb_json":[{"label":"Home","link":"https:\/\/serbiantimes.info\/en"},{"label":"SERBIA","link":"https:\/\/serbiantimes.info\/en\/category\/serbia\/"},{"label":"DUE TO HATE SPEECH: Editor-in-chief of Informer banned from entering Montenegro!","link":"https:\/\/serbiantimes.info\/en\/due-to-hate-speech-editor-in-chief-of-informer-banned-from-entering-montenegro\/"}],"distributor_meta":false,"distributor_terms":false,"distributor_media":false,"distributor_original_site_name":"Serbiantimes.info EN","distributor_original_site_url":"https:\/\/serbiantimes.info\/en","push-errors":false,"_links":{"self":[{"href":"https:\/\/serbiantimes.info\/en\/wp-json\/wp\/v2\/posts\/213213","targetHints":{"allow":["GET"]}}],"collection":[{"href":"https:\/\/serbiantimes.info\/en\/wp-json\/wp\/v2\/posts"}],"about":[{"href":"https:\/\/serbiantimes.info\/en\/wp-json\/wp\/v2\/types\/post"}],"author":[{"embeddable":true,"href":"https:\/\/serbiantimes.info\/en\/wp-json\/wp\/v2\/users\/2169"}],"replies":[{"embeddable":true,"href":"https:\/\/serbiantimes.info\/en\/wp-json\/wp\/v2\/comments?post=213213"}],"version-history":[{"count":2,"href":"https:\/\/serbiantimes.info\/en\/wp-json\/wp\/v2\/posts\/213213\/revisions"}],"predecessor-version":[{"id":213261,"href":"https:\/\/serbiantimes.info\/en\/wp-json\/wp\/v2\/posts\/213213\/revisions\/213261"}],"wp:featuredmedia":[{"embeddable":true,"href":"https:\/\/serbiantimes.info\/en\/wp-json\/wp\/v2\/media\/213214"}],"wp:attachment":[{"href":"https:\/\/serbiantimes.info\/en\/wp-json\/wp\/v2\/media?parent=213213"}],"wp:term":[{"taxonomy":"category","embeddable":true,"href":"https:\/\/serbiantimes.info\/en\/wp-json\/wp\/v2\/categories?post=213213"},{"taxonomy":"post_tag","embeddable":true,"href":"https:\/\/serbiantimes.info\/en\/wp-json\/wp\/v2\/tags?post=213213"}],"curies":[{"name":"wp","href":"https:\/\/api.w.org\/{rel}","templated":true}]}}