{"id":213051,"date":"2026-06-25T15:34:32","date_gmt":"2026-06-25T13:34:32","guid":{"rendered":"https:\/\/serbiantimes.info\/en\/?p=213051"},"modified":"2026-06-25T15:34:33","modified_gmt":"2026-06-25T13:34:33","slug":"serbian-government-makes-decision-the-remains-of-blagoje-jovovic-will-be-transferred-from-argentina-and-buried-in-serbia","status":"publish","type":"post","link":"https:\/\/serbiantimes.info\/en\/serbian-government-makes-decision-the-remains-of-blagoje-jovovic-will-be-transferred-from-argentina-and-buried-in-serbia\/","title":{"rendered":"SERBIAN GOVERNMENT MAKES DECISION: The Remains of Blagoje Jovovi\u0107 Will Be Transferred from Argentina and Buried in Serbia!"},"content":{"rendered":"\n<p class=\"wp-block-paragraph\">Members of the Serbian Government have agreed that the remains of Blagoje Jovovi\u0107, a fighter of the Yugoslav Army in the Homeland, will be transferred from Argentina and buried in Belgrade.<\/p>\n\n\n\n<h4 class=\"wp-block-heading\"><mark style=\"background-color:#FFFFFF;color:#d21414\" class=\"has-inline-color\">READ MORE: <\/mark><\/h4>\n\n\n\n<figure class=\"wp-block-embed is-type-wp-embed is-provider-serbiantimes-info wp-block-embed-serbiantimes-info\"><div class=\"wp-block-embed__wrapper\">\n<blockquote class=\"wp-embedded-content\" data-secret=\"HJz97dSb7f\"><a href=\"https:\/\/serbiantimes.info\/princeza-otvorila-dusu-dijaspori-u-cikagu-emotivna-ispovest-danice-karadjordjevic-o-deci-porodici-i-zivotu-u-srbiji-odusevila-publiku-foto-video\/\">PRINCEZA OTVORILA DU\u0160U DIJASPORI U \u010cIKAGU: Emotivna ispovest Danice Kara\u0111or\u0111evi\u0107 o deci, porodici i \u017eivotu u Srbiji odu\u0161evila publiku! (FOTO, VIDEO)<\/a><\/blockquote><iframe loading=\"lazy\" class=\"wp-embedded-content\" sandbox=\"allow-scripts\" security=\"restricted\" style=\"position: absolute; visibility: hidden;\" title=\"\u201ePRINCEZA OTVORILA DU\u0160U DIJASPORI U \u010cIKAGU: Emotivna ispovest Danice Kara\u0111or\u0111evi\u0107 o deci, porodici i \u017eivotu u Srbiji odu\u0161evila publiku! (FOTO, VIDEO)\u201c \u2014 Serbiantimes.info\" src=\"https:\/\/serbiantimes.info\/princeza-otvorila-dusu-dijaspori-u-cikagu-emotivna-ispovest-danice-karadjordjevic-o-deci-porodici-i-zivotu-u-srbiji-odusevila-publiku-foto-video\/embed\/#?secret=UdhM1aRy9R#?secret=HJz97dSb7f\" data-secret=\"HJz97dSb7f\" width=\"500\" height=\"282\" frameborder=\"0\" marginwidth=\"0\" marginheight=\"0\" scrolling=\"no\"><\/iframe>\n<\/div><\/figure>\n\n\n\n<p class=\"wp-block-paragraph\">In a statement, the Government of Serbia said that this decision honors Jovovi\u0107, who is remembered in Serbian history for carrying out an assassination attempt on Usta\u0161e leader Ante Paveli\u0107 in 1957 in Lomas del Palomar, Argentina.<\/p>\n\n\n\n<p class=\"wp-block-paragraph\">Blagoje Jovovi\u0107 was a member of the Yugoslav Army in the Homeland, and the date of the assassination attempt was symbolically chosen as April 10, the day on which the infamous Independent State of Croatia (NDH) was established.<\/p>\n\n\n\n<h4 class=\"wp-block-heading\"><mark style=\"background-color:#FFFFFF;color:#d21414\" class=\"has-inline-color\">MORE TOPICS:<\/mark><\/h4>\n\n\n\n<p class=\"wp-block-paragraph\"><strong><a href=\"https:\/\/serbiantimes.info\/en\/alimpijevic-announced-an-important-decision-nikola-jokic-is-the-new-captain-of-the-serbian-national-basketball-team\/\" target=\"_blank\" rel=\"noopener\" title=\"\">ALIMPIJEVIC ANNOUNCED AN IMPORTANT DECISION: Nikola Jokic is the new captain of the Serbian national basketball team!<\/a><\/strong><\/p>\n\n\n\n<p class=\"wp-block-paragraph\"><strong><a href=\"https:\/\/serbiantimes.info\/en\/horror-in-zagreb-man-65-shot-at-three-children-with-an-air-rifle-after-an-argument-one-wounded\/\" target=\"_blank\" rel=\"noopener\" title=\"\">HORROR IN ZAGREB: Man (65) shot at three children with an air rifle after an argument, one wounded!<\/a><\/strong><\/p>\n\n\n\n<p class=\"wp-block-paragraph\"><strong><a href=\"https:\/\/serbiantimes.info\/en\/bogdanovic-se-izvinio-zbog-rasistickog-ispada-skandal-na-nacionalnoj-televiziji-obisao-planetu-oglasio-se-i-rts\/\" target=\"_blank\" rel=\"noopener\" title=\"\">BOGDANOVIC APOLOGIZED FOR THE RACIST INCIDENT: Scandal on national television went around the planet, RTS also spoke out!<\/a><\/strong><\/p>\n\n\n\n<p class=\"wp-block-paragraph\"><strong><a href=\"https:\/\/serbiantimes.info\/en\/robbery-on-belgrade-streets-a-group-intercepted-a-teenager-16-on-the-street-stabbed-him-with-a-knife-because-he-refused-to-hand-over-the-money\/\" target=\"_blank\" rel=\"noopener\" title=\"\">ROBBERY ON BELGRADE STREETS: A group intercepted a teenager (16) on the street, stabbed him with a knife because he refused to hand over the money!<\/a><\/strong><\/p>\n\n\n\n<p class=\"wp-block-paragraph\"><strong><a href=\"https:\/\/serbiantimes.info\/en\/red-meteo-alarm-paralyzed-europe-heatwave-ravages-the-old-continent-temperatures-over-40-degrees\/\" target=\"_blank\" rel=\"noopener\" title=\"\">RED METEO ALARM PARALYZED EUROPE: Heatwave ravages the Old Continent, temperatures over 40 degrees!<\/a><\/strong><\/p>\n\n\n\n<p class=\"wp-block-paragraph\"><strong><strong><strong>Source<\/strong><\/strong><\/strong>: Tanjug; <strong>Foto<\/strong>: Wikimedia Creative Commons<\/p>\n","protected":false},"excerpt":{"rendered":"<p>Members of the Serbian Government have agreed that the remains of Blagoje Jovovi\u0107, a fighter of the Yugoslav Army in the Homeland, will be transferred from Argentina and buried in Belgrade. READ MORE: In a statement, the Government of Serbia said that this decision honors Jovovi\u0107, who is remembered in Serbian history for carrying out [&hellip;]<\/p>\n","protected":false},"author":2169,"featured_media":170805,"comment_status":"open","ping_status":"open","sticky":false,"template":"","format":"standard","meta":{"newspack_featured_image_position":"","newspack_post_subtitle":"","newspack_article_summary_title":"Overview:","newspack_article_summary":"","newspack_hide_updated_date":false,"newspack_show_updated_date":false,"footnotes":""},"categories":[11],"tags":[3217,5588,1437,554,3221,113],"class_list":["post-213051","post","type-post","status-publish","format-standard","has-post-thumbnail","hentry","category-history","tag-ante-pavelic","tag-blagoje-jovovic","tag-drugi-svetski-rat","tag-istorija-srbije","tag-nezavisna-drzava-hrvatska","tag-srbija","entry"],"aioseo_notices":[],"aioseo_head":"\n\t\t<!-- All in One SEO 5.0.1.1 - aioseo.com -->\n\t<meta name=\"description\" content=\"Members of the Serbian Government have agreed that the remains of Blagoje Jovovi\u0107, a fighter of the Yugoslav Army in the Homeland, will be transferred from Argentina and buried in Belgrade. READ MORE: In a statement, the Government of Serbia said that this decision honors Jovovi\u0107, who is remembered in Serbian history for carrying out\" \/>\n\t<meta name=\"robots\" content=\"max-image-preview:large\" \/>\n\t<meta name=\"author\" content=\"Serbian Times\"\/>\n\t<link rel=\"canonical\" href=\"https:\/\/serbiantimes.info\/en\/serbian-government-makes-decision-the-remains-of-blagoje-jovovic-will-be-transferred-from-argentina-and-buried-in-serbia\/\" \/>\n\t<meta name=\"generator\" content=\"All in One SEO (AIOSEO) 5.0.1.1\" \/>\n\t\t<meta property=\"og:locale\" content=\"en_US\" \/>\n\t\t<meta property=\"og:site_name\" content=\"Serbiantimes.info EN |\" \/>\n\t\t<meta property=\"og:type\" content=\"article\" \/>\n\t\t<meta property=\"og:title\" content=\"SERBIAN GOVERNMENT MAKES DECISION: The Remains of Blagoje Jovovi\u0107 Will Be Transferred from Argentina and Buried in Serbia! | Serbiantimes.info EN\" \/>\n\t\t<meta property=\"og:description\" content=\"Members of the Serbian Government have agreed that the remains of Blagoje Jovovi\u0107, a fighter of the Yugoslav Army in the Homeland, will be transferred from Argentina and buried in Belgrade. READ MORE: In a statement, the Government of Serbia said that this decision honors Jovovi\u0107, who is remembered in Serbian history for carrying out\" \/>\n\t\t<meta property=\"og:url\" content=\"https:\/\/serbiantimes.info\/en\/serbian-government-makes-decision-the-remains-of-blagoje-jovovic-will-be-transferred-from-argentina-and-buried-in-serbia\/\" \/>\n\t\t<meta property=\"og:image\" content=\"https:\/\/serbiantimes.info\/en\/wp-content\/uploads\/sites\/2\/2025\/03\/Clipboard016.jpg\" \/>\n\t\t<meta property=\"og:image:secure_url\" content=\"https:\/\/serbiantimes.info\/en\/wp-content\/uploads\/sites\/2\/2025\/03\/Clipboard016.jpg\" \/>\n\t\t<meta property=\"og:image:width\" content=\"1200\" \/>\n\t\t<meta property=\"og:image:height\" content=\"753\" \/>\n\t\t<meta property=\"article:published_time\" content=\"2026-06-25T13:34:32+00:00\" \/>\n\t\t<meta property=\"article:modified_time\" content=\"2026-06-25T13:34:33+00:00\" \/>\n\t\t<meta name=\"twitter:card\" content=\"summary_large_image\" \/>\n\t\t<meta name=\"twitter:title\" content=\"SERBIAN GOVERNMENT MAKES DECISION: The Remains of Blagoje Jovovi\u0107 Will Be Transferred from Argentina and Buried in Serbia! | Serbiantimes.info EN\" \/>\n\t\t<meta name=\"twitter:description\" content=\"Members of the Serbian Government have agreed that the remains of Blagoje Jovovi\u0107, a fighter of the Yugoslav Army in the Homeland, will be transferred from Argentina and buried in Belgrade. READ MORE: In a statement, the Government of Serbia said that this decision honors Jovovi\u0107, who is remembered in Serbian history for carrying out\" \/>\n\t\t<meta name=\"twitter:image\" content=\"https:\/\/serbiantimes.info\/en\/wp-content\/uploads\/sites\/2\/2025\/03\/Clipboard016.jpg\" \/>\n\t\t<script type=\"application\/ld+json\" class=\"aioseo-schema\">\n\t\t\t{\"@context\":\"https:\\\/\\\/schema.org\",\"@graph\":[{\"@type\":\"BlogPosting\",\"@id\":\"https:\\\/\\\/serbiantimes.info\\\/en\\\/serbian-government-makes-decision-the-remains-of-blagoje-jovovic-will-be-transferred-from-argentina-and-buried-in-serbia\\\/#blogposting\",\"name\":\"SERBIAN GOVERNMENT MAKES DECISION: The Remains of Blagoje Jovovi\\u0107 Will Be Transferred from Argentina and Buried in Serbia! | Serbiantimes.info EN\",\"headline\":\"SERBIAN GOVERNMENT MAKES DECISION: The Remains of Blagoje Jovovi\\u0107 Will Be Transferred from Argentina and Buried in Serbia!\",\"author\":{\"@id\":\"https:\\\/\\\/serbiantimes.info\\\/en\\\/author\\\/serbiantimes-portal\\\/#author\"},\"publisher\":{\"@id\":\"https:\\\/\\\/serbiantimes.info\\\/en\\\/#organization\"},\"image\":{\"@type\":\"ImageObject\",\"url\":\"https:\\\/\\\/serbiantimes.info\\\/en\\\/wp-content\\\/uploads\\\/sites\\\/2\\\/2025\\\/03\\\/Clipboard016.jpg\",\"width\":1200,\"height\":753},\"datePublished\":\"2026-06-25T15:34:32+02:00\",\"dateModified\":\"2026-06-25T15:34:33+02:00\",\"inLanguage\":\"en-US\",\"mainEntityOfPage\":{\"@id\":\"https:\\\/\\\/serbiantimes.info\\\/en\\\/serbian-government-makes-decision-the-remains-of-blagoje-jovovic-will-be-transferred-from-argentina-and-buried-in-serbia\\\/#webpage\"},\"isPartOf\":{\"@id\":\"https:\\\/\\\/serbiantimes.info\\\/en\\\/serbian-government-makes-decision-the-remains-of-blagoje-jovovic-will-be-transferred-from-argentina-and-buried-in-serbia\\\/#webpage\"},\"articleSection\":\"HISTORY, Ante Paveli\\u0107, Blagoje Jovovi\\u0107, Drugi svetski rat, istorija srbije, nezavisna dr\\u017eava hrvatska, Srbija\"},{\"@type\":\"BreadcrumbList\",\"@id\":\"https:\\\/\\\/serbiantimes.info\\\/en\\\/serbian-government-makes-decision-the-remains-of-blagoje-jovovic-will-be-transferred-from-argentina-and-buried-in-serbia\\\/#breadcrumblist\",\"itemListElement\":[{\"@type\":\"ListItem\",\"@id\":\"https:\\\/\\\/serbiantimes.info\\\/en#listItem\",\"position\":1,\"name\":\"Home\",\"item\":\"https:\\\/\\\/serbiantimes.info\\\/en\",\"nextItem\":{\"@type\":\"ListItem\",\"@id\":\"https:\\\/\\\/serbiantimes.info\\\/en\\\/category\\\/history\\\/#listItem\",\"name\":\"HISTORY\"}},{\"@type\":\"ListItem\",\"@id\":\"https:\\\/\\\/serbiantimes.info\\\/en\\\/category\\\/history\\\/#listItem\",\"position\":2,\"name\":\"HISTORY\",\"item\":\"https:\\\/\\\/serbiantimes.info\\\/en\\\/category\\\/history\\\/\",\"nextItem\":{\"@type\":\"ListItem\",\"@id\":\"https:\\\/\\\/serbiantimes.info\\\/en\\\/serbian-government-makes-decision-the-remains-of-blagoje-jovovic-will-be-transferred-from-argentina-and-buried-in-serbia\\\/#listItem\",\"name\":\"SERBIAN GOVERNMENT MAKES DECISION: The Remains of Blagoje Jovovi\\u0107 Will Be Transferred from Argentina and Buried in Serbia!\"},\"previousItem\":{\"@type\":\"ListItem\",\"@id\":\"https:\\\/\\\/serbiantimes.info\\\/en#listItem\",\"name\":\"Home\"}},{\"@type\":\"ListItem\",\"@id\":\"https:\\\/\\\/serbiantimes.info\\\/en\\\/serbian-government-makes-decision-the-remains-of-blagoje-jovovic-will-be-transferred-from-argentina-and-buried-in-serbia\\\/#listItem\",\"position\":3,\"name\":\"SERBIAN GOVERNMENT MAKES DECISION: The Remains of Blagoje Jovovi\\u0107 Will Be Transferred from Argentina and Buried in Serbia!\",\"previousItem\":{\"@type\":\"ListItem\",\"@id\":\"https:\\\/\\\/serbiantimes.info\\\/en\\\/category\\\/history\\\/#listItem\",\"name\":\"HISTORY\"}}]},{\"@type\":\"Organization\",\"@id\":\"https:\\\/\\\/serbiantimes.info\\\/en\\\/#organization\",\"name\":\"Serbiantimes.info EN\",\"url\":\"https:\\\/\\\/serbiantimes.info\\\/en\\\/\",\"logo\":{\"@type\":\"ImageObject\",\"url\":\"https:\\\/\\\/serbiantimes.info\\\/en\\\/wp-content\\\/uploads\\\/sites\\\/2\\\/2024\\\/10\\\/cropped-cropped-Serbian-Times-Header-Logo-1.png\",\"@id\":\"https:\\\/\\\/serbiantimes.info\\\/en\\\/serbian-government-makes-decision-the-remains-of-blagoje-jovovic-will-be-transferred-from-argentina-and-buried-in-serbia\\\/#organizationLogo\",\"width\":480,\"height\":100},\"image\":{\"@id\":\"https:\\\/\\\/serbiantimes.info\\\/en\\\/serbian-government-makes-decision-the-remains-of-blagoje-jovovic-will-be-transferred-from-argentina-and-buried-in-serbia\\\/#organizationLogo\"}},{\"@type\":\"Person\",\"@id\":\"https:\\\/\\\/serbiantimes.info\\\/en\\\/author\\\/serbiantimes-portal\\\/#author\",\"url\":\"https:\\\/\\\/serbiantimes.info\\\/en\\\/author\\\/serbiantimes-portal\\\/\",\"name\":\"Serbian Times\",\"image\":{\"@type\":\"ImageObject\",\"@id\":\"https:\\\/\\\/serbiantimes.info\\\/en\\\/serbian-government-makes-decision-the-remains-of-blagoje-jovovic-will-be-transferred-from-argentina-and-buried-in-serbia\\\/#authorImage\",\"url\":\"https:\\\/\\\/secure.gravatar.com\\\/avatar\\\/ea76e009769270b4193e2bc7e032c096b4ae135483ec03b396fd0f520bc3dcfd?s=96&d=mm&r=g\",\"width\":96,\"height\":96,\"caption\":\"Serbian Times\"}},{\"@type\":\"WebPage\",\"@id\":\"https:\\\/\\\/serbiantimes.info\\\/en\\\/serbian-government-makes-decision-the-remains-of-blagoje-jovovic-will-be-transferred-from-argentina-and-buried-in-serbia\\\/#webpage\",\"url\":\"https:\\\/\\\/serbiantimes.info\\\/en\\\/serbian-government-makes-decision-the-remains-of-blagoje-jovovic-will-be-transferred-from-argentina-and-buried-in-serbia\\\/\",\"name\":\"SERBIAN GOVERNMENT MAKES DECISION: The Remains of Blagoje Jovovi\\u0107 Will Be Transferred from Argentina and Buried in Serbia! | Serbiantimes.info EN\",\"description\":\"Members of the Serbian Government have agreed that the remains of Blagoje Jovovi\\u0107, a fighter of the Yugoslav Army in the Homeland, will be transferred from Argentina and buried in Belgrade. READ MORE: In a statement, the Government of Serbia said that this decision honors Jovovi\\u0107, who is remembered in Serbian history for carrying out\",\"inLanguage\":\"en-US\",\"isPartOf\":{\"@id\":\"https:\\\/\\\/serbiantimes.info\\\/en\\\/#website\"},\"breadcrumb\":{\"@id\":\"https:\\\/\\\/serbiantimes.info\\\/en\\\/serbian-government-makes-decision-the-remains-of-blagoje-jovovic-will-be-transferred-from-argentina-and-buried-in-serbia\\\/#breadcrumblist\"},\"author\":{\"@id\":\"https:\\\/\\\/serbiantimes.info\\\/en\\\/author\\\/serbiantimes-portal\\\/#author\"},\"creator\":{\"@id\":\"https:\\\/\\\/serbiantimes.info\\\/en\\\/author\\\/serbiantimes-portal\\\/#author\"},\"image\":{\"@type\":\"ImageObject\",\"url\":\"https:\\\/\\\/serbiantimes.info\\\/en\\\/wp-content\\\/uploads\\\/sites\\\/2\\\/2025\\\/03\\\/Clipboard016.jpg\",\"@id\":\"https:\\\/\\\/serbiantimes.info\\\/en\\\/serbian-government-makes-decision-the-remains-of-blagoje-jovovic-will-be-transferred-from-argentina-and-buried-in-serbia\\\/#mainImage\",\"width\":1200,\"height\":753},\"primaryImageOfPage\":{\"@id\":\"https:\\\/\\\/serbiantimes.info\\\/en\\\/serbian-government-makes-decision-the-remains-of-blagoje-jovovic-will-be-transferred-from-argentina-and-buried-in-serbia\\\/#mainImage\"},\"datePublished\":\"2026-06-25T15:34:32+02:00\",\"dateModified\":\"2026-06-25T15:34:33+02:00\"},{\"@type\":\"WebSite\",\"@id\":\"https:\\\/\\\/serbiantimes.info\\\/en\\\/#website\",\"url\":\"https:\\\/\\\/serbiantimes.info\\\/en\\\/\",\"name\":\"Serbiantimes.info EN\",\"inLanguage\":\"en-US\",\"publisher\":{\"@id\":\"https:\\\/\\\/serbiantimes.info\\\/en\\\/#organization\"}}]}\n\t\t<\/script>\n\t\t<!-- All in One SEO -->\n\n","aioseo_head_json":{"title":"SERBIAN GOVERNMENT MAKES DECISION: The Remains of Blagoje Jovovi\u0107 Will Be Transferred from Argentina and Buried in Serbia! | Serbiantimes.info EN","description":"Members of the Serbian Government have agreed that the remains of Blagoje Jovovi\u0107, a fighter of the Yugoslav Army in the Homeland, will be transferred from Argentina and buried in Belgrade. READ MORE: In a statement, the Government of Serbia said that this decision honors Jovovi\u0107, who is remembered in Serbian history for carrying out","canonical_url":"https:\/\/serbiantimes.info\/en\/serbian-government-makes-decision-the-remains-of-blagoje-jovovic-will-be-transferred-from-argentina-and-buried-in-serbia\/","robots":"max-image-preview:large","keywords":"","webmasterTools":{"miscellaneous":""},"schema":{"@context":"https:\/\/schema.org","@graph":[{"@type":"BlogPosting","@id":"https:\/\/serbiantimes.info\/en\/serbian-government-makes-decision-the-remains-of-blagoje-jovovic-will-be-transferred-from-argentina-and-buried-in-serbia\/#blogposting","name":"SERBIAN GOVERNMENT MAKES DECISION: The Remains of Blagoje Jovovi\u0107 Will Be Transferred from Argentina and Buried in Serbia! | Serbiantimes.info EN","headline":"SERBIAN GOVERNMENT MAKES DECISION: The Remains of Blagoje Jovovi\u0107 Will Be Transferred from Argentina and Buried in Serbia!","author":{"@id":"https:\/\/serbiantimes.info\/en\/author\/serbiantimes-portal\/#author"},"publisher":{"@id":"https:\/\/serbiantimes.info\/en\/#organization"},"image":{"@type":"ImageObject","url":"https:\/\/serbiantimes.info\/en\/wp-content\/uploads\/sites\/2\/2025\/03\/Clipboard016.jpg","width":1200,"height":753},"datePublished":"2026-06-25T15:34:32+02:00","dateModified":"2026-06-25T15:34:33+02:00","inLanguage":"en-US","mainEntityOfPage":{"@id":"https:\/\/serbiantimes.info\/en\/serbian-government-makes-decision-the-remains-of-blagoje-jovovic-will-be-transferred-from-argentina-and-buried-in-serbia\/#webpage"},"isPartOf":{"@id":"https:\/\/serbiantimes.info\/en\/serbian-government-makes-decision-the-remains-of-blagoje-jovovic-will-be-transferred-from-argentina-and-buried-in-serbia\/#webpage"},"articleSection":"HISTORY, Ante Paveli\u0107, Blagoje Jovovi\u0107, Drugi svetski rat, istorija srbije, nezavisna dr\u017eava hrvatska, Srbija"},{"@type":"BreadcrumbList","@id":"https:\/\/serbiantimes.info\/en\/serbian-government-makes-decision-the-remains-of-blagoje-jovovic-will-be-transferred-from-argentina-and-buried-in-serbia\/#breadcrumblist","itemListElement":[{"@type":"ListItem","@id":"https:\/\/serbiantimes.info\/en#listItem","position":1,"name":"Home","item":"https:\/\/serbiantimes.info\/en","nextItem":{"@type":"ListItem","@id":"https:\/\/serbiantimes.info\/en\/category\/history\/#listItem","name":"HISTORY"}},{"@type":"ListItem","@id":"https:\/\/serbiantimes.info\/en\/category\/history\/#listItem","position":2,"name":"HISTORY","item":"https:\/\/serbiantimes.info\/en\/category\/history\/","nextItem":{"@type":"ListItem","@id":"https:\/\/serbiantimes.info\/en\/serbian-government-makes-decision-the-remains-of-blagoje-jovovic-will-be-transferred-from-argentina-and-buried-in-serbia\/#listItem","name":"SERBIAN GOVERNMENT MAKES DECISION: The Remains of Blagoje Jovovi\u0107 Will Be Transferred from Argentina and Buried in Serbia!"},"previousItem":{"@type":"ListItem","@id":"https:\/\/serbiantimes.info\/en#listItem","name":"Home"}},{"@type":"ListItem","@id":"https:\/\/serbiantimes.info\/en\/serbian-government-makes-decision-the-remains-of-blagoje-jovovic-will-be-transferred-from-argentina-and-buried-in-serbia\/#listItem","position":3,"name":"SERBIAN GOVERNMENT MAKES DECISION: The Remains of Blagoje Jovovi\u0107 Will Be Transferred from Argentina and Buried in Serbia!","previousItem":{"@type":"ListItem","@id":"https:\/\/serbiantimes.info\/en\/category\/history\/#listItem","name":"HISTORY"}}]},{"@type":"Organization","@id":"https:\/\/serbiantimes.info\/en\/#organization","name":"Serbiantimes.info EN","url":"https:\/\/serbiantimes.info\/en\/","logo":{"@type":"ImageObject","url":"https:\/\/serbiantimes.info\/en\/wp-content\/uploads\/sites\/2\/2024\/10\/cropped-cropped-Serbian-Times-Header-Logo-1.png","@id":"https:\/\/serbiantimes.info\/en\/serbian-government-makes-decision-the-remains-of-blagoje-jovovic-will-be-transferred-from-argentina-and-buried-in-serbia\/#organizationLogo","width":480,"height":100},"image":{"@id":"https:\/\/serbiantimes.info\/en\/serbian-government-makes-decision-the-remains-of-blagoje-jovovic-will-be-transferred-from-argentina-and-buried-in-serbia\/#organizationLogo"}},{"@type":"Person","@id":"https:\/\/serbiantimes.info\/en\/author\/serbiantimes-portal\/#author","url":"https:\/\/serbiantimes.info\/en\/author\/serbiantimes-portal\/","name":"Serbian Times","image":{"@type":"ImageObject","@id":"https:\/\/serbiantimes.info\/en\/serbian-government-makes-decision-the-remains-of-blagoje-jovovic-will-be-transferred-from-argentina-and-buried-in-serbia\/#authorImage","url":"https:\/\/secure.gravatar.com\/avatar\/ea76e009769270b4193e2bc7e032c096b4ae135483ec03b396fd0f520bc3dcfd?s=96&d=mm&r=g","width":96,"height":96,"caption":"Serbian Times"}},{"@type":"WebPage","@id":"https:\/\/serbiantimes.info\/en\/serbian-government-makes-decision-the-remains-of-blagoje-jovovic-will-be-transferred-from-argentina-and-buried-in-serbia\/#webpage","url":"https:\/\/serbiantimes.info\/en\/serbian-government-makes-decision-the-remains-of-blagoje-jovovic-will-be-transferred-from-argentina-and-buried-in-serbia\/","name":"SERBIAN GOVERNMENT MAKES DECISION: The Remains of Blagoje Jovovi\u0107 Will Be Transferred from Argentina and Buried in Serbia! | Serbiantimes.info EN","description":"Members of the Serbian Government have agreed that the remains of Blagoje Jovovi\u0107, a fighter of the Yugoslav Army in the Homeland, will be transferred from Argentina and buried in Belgrade. READ MORE: In a statement, the Government of Serbia said that this decision honors Jovovi\u0107, who is remembered in Serbian history for carrying out","inLanguage":"en-US","isPartOf":{"@id":"https:\/\/serbiantimes.info\/en\/#website"},"breadcrumb":{"@id":"https:\/\/serbiantimes.info\/en\/serbian-government-makes-decision-the-remains-of-blagoje-jovovic-will-be-transferred-from-argentina-and-buried-in-serbia\/#breadcrumblist"},"author":{"@id":"https:\/\/serbiantimes.info\/en\/author\/serbiantimes-portal\/#author"},"creator":{"@id":"https:\/\/serbiantimes.info\/en\/author\/serbiantimes-portal\/#author"},"image":{"@type":"ImageObject","url":"https:\/\/serbiantimes.info\/en\/wp-content\/uploads\/sites\/2\/2025\/03\/Clipboard016.jpg","@id":"https:\/\/serbiantimes.info\/en\/serbian-government-makes-decision-the-remains-of-blagoje-jovovic-will-be-transferred-from-argentina-and-buried-in-serbia\/#mainImage","width":1200,"height":753},"primaryImageOfPage":{"@id":"https:\/\/serbiantimes.info\/en\/serbian-government-makes-decision-the-remains-of-blagoje-jovovic-will-be-transferred-from-argentina-and-buried-in-serbia\/#mainImage"},"datePublished":"2026-06-25T15:34:32+02:00","dateModified":"2026-06-25T15:34:33+02:00"},{"@type":"WebSite","@id":"https:\/\/serbiantimes.info\/en\/#website","url":"https:\/\/serbiantimes.info\/en\/","name":"Serbiantimes.info EN","inLanguage":"en-US","publisher":{"@id":"https:\/\/serbiantimes.info\/en\/#organization"}}]},"og:locale":"en_US","og:site_name":"Serbiantimes.info EN |","og:type":"article","og:title":"SERBIAN GOVERNMENT MAKES DECISION: The Remains of Blagoje Jovovi\u0107 Will Be Transferred from Argentina and Buried in Serbia! | Serbiantimes.info EN","og:description":"Members of the Serbian Government have agreed that the remains of Blagoje Jovovi\u0107, a fighter of the Yugoslav Army in the Homeland, will be transferred from Argentina and buried in Belgrade. READ MORE: In a statement, the Government of Serbia said that this decision honors Jovovi\u0107, who is remembered in Serbian history for carrying out","og:url":"https:\/\/serbiantimes.info\/en\/serbian-government-makes-decision-the-remains-of-blagoje-jovovic-will-be-transferred-from-argentina-and-buried-in-serbia\/","og:image":"https:\/\/serbiantimes.info\/en\/wp-content\/uploads\/sites\/2\/2025\/03\/Clipboard016.jpg","og:image:secure_url":"https:\/\/serbiantimes.info\/en\/wp-content\/uploads\/sites\/2\/2025\/03\/Clipboard016.jpg","og:image:width":1200,"og:image:height":753,"article:published_time":"2026-06-25T13:34:32+00:00","article:modified_time":"2026-06-25T13:34:33+00:00","twitter:card":"summary_large_image","twitter:title":"SERBIAN GOVERNMENT MAKES DECISION: The Remains of Blagoje Jovovi\u0107 Will Be Transferred from Argentina and Buried in Serbia! | Serbiantimes.info EN","twitter:description":"Members of the Serbian Government have agreed that the remains of Blagoje Jovovi\u0107, a fighter of the Yugoslav Army in the Homeland, will be transferred from Argentina and buried in Belgrade. READ MORE: In a statement, the Government of Serbia said that this decision honors Jovovi\u0107, who is remembered in Serbian history for carrying out","twitter:image":"https:\/\/serbiantimes.info\/en\/wp-content\/uploads\/sites\/2\/2025\/03\/Clipboard016.jpg"},"aioseo_meta_data":{"post_id":"213051","title":null,"description":null,"keywords":null,"keyphrases":{"focus":{"keyphrase":"","score":0,"analysis":{"keyphraseInTitle":{"score":0,"maxScore":9,"error":1}}},"additional":[]},"primary_term":null,"canonical_url":null,"og_title":null,"og_description":null,"og_object_type":"default","og_image_type":"default","og_image_url":null,"og_image_width":null,"og_image_height":null,"og_image_custom_url":null,"og_image_custom_fields":null,"og_video":"","og_custom_url":null,"og_article_section":null,"og_article_tags":null,"twitter_use_og":false,"twitter_card":"default","twitter_image_type":"default","twitter_image_url":null,"twitter_image_custom_url":null,"twitter_image_custom_fields":null,"twitter_title":null,"twitter_description":null,"schema":{"blockGraphs":[],"customGraphs":[],"default":{"data":{"Article":[],"Course":[],"Dataset":[],"FAQPage":[],"Movie":[],"Person":[],"Product":[],"ProductReview":[],"Car":[],"Recipe":[],"Service":[],"SoftwareApplication":[],"WebPage":[]},"graphName":"BlogPosting","isEnabled":true},"graphs":[]},"schema_type":"default","schema_type_options":null,"pillar_content":false,"robots_default":true,"robots_noindex":false,"robots_noarchive":false,"robots_nosnippet":false,"robots_nofollow":false,"robots_noimageindex":false,"robots_noodp":false,"robots_notranslate":false,"robots_max_snippet":"-1","robots_max_videopreview":"-1","robots_max_imagepreview":"large","priority":null,"frequency":"default","local_seo":null,"breadcrumb_settings":null,"limit_modified_date":false,"ai":{"faqs":[],"keyPoints":[],"titles":[],"descriptions":[],"socialPosts":{"email":[],"linkedin":[],"twitter":[],"facebook":[],"instagram":[]}},"created":"2026-06-25 13:21:21","updated":"2026-06-26 15:20:01","focus_keyword":null,"additional_keywords":null,"truseo_locale":null,"seo_analyzer_scan_date":null},"aioseo_breadcrumb":"<div class=\"aioseo-breadcrumbs\"><span class=\"aioseo-breadcrumb\">\n\t\t\t<a href=\"https:\/\/serbiantimes.info\/en\" title=\"Home\">Home<\/a>\n\t\t<\/span><span class=\"aioseo-breadcrumb-separator\">&raquo;<\/span><span class=\"aioseo-breadcrumb\">\n\t\t\t<a href=\"https:\/\/serbiantimes.info\/en\/category\/history\/\" title=\"HISTORY\">HISTORY<\/a>\n\t\t<\/span><span class=\"aioseo-breadcrumb-separator\">&raquo;<\/span><span class=\"aioseo-breadcrumb\">\n\t\t\tSERBIAN GOVERNMENT MAKES DECISION: The Remains of Blagoje Jovovi\u0107 Will Be Transferred from Argentina and Buried in Serbia!\n\t\t<\/span><\/div>","aioseo_breadcrumb_json":[{"label":"Home","link":"https:\/\/serbiantimes.info\/en"},{"label":"HISTORY","link":"https:\/\/serbiantimes.info\/en\/category\/history\/"},{"label":"SERBIAN GOVERNMENT MAKES DECISION: The Remains of Blagoje Jovovi\u0107 Will Be Transferred from Argentina and Buried in Serbia!","link":"https:\/\/serbiantimes.info\/en\/serbian-government-makes-decision-the-remains-of-blagoje-jovovic-will-be-transferred-from-argentina-and-buried-in-serbia\/"}],"distributor_meta":false,"distributor_terms":false,"distributor_media":false,"distributor_original_site_name":"Serbiantimes.info EN","distributor_original_site_url":"https:\/\/serbiantimes.info\/en","push-errors":false,"_links":{"self":[{"href":"https:\/\/serbiantimes.info\/en\/wp-json\/wp\/v2\/posts\/213051","targetHints":{"allow":["GET"]}}],"collection":[{"href":"https:\/\/serbiantimes.info\/en\/wp-json\/wp\/v2\/posts"}],"about":[{"href":"https:\/\/serbiantimes.info\/en\/wp-json\/wp\/v2\/types\/post"}],"author":[{"embeddable":true,"href":"https:\/\/serbiantimes.info\/en\/wp-json\/wp\/v2\/users\/2169"}],"replies":[{"embeddable":true,"href":"https:\/\/serbiantimes.info\/en\/wp-json\/wp\/v2\/comments?post=213051"}],"version-history":[{"count":3,"href":"https:\/\/serbiantimes.info\/en\/wp-json\/wp\/v2\/posts\/213051\/revisions"}],"predecessor-version":[{"id":213096,"href":"https:\/\/serbiantimes.info\/en\/wp-json\/wp\/v2\/posts\/213051\/revisions\/213096"}],"wp:featuredmedia":[{"embeddable":true,"href":"https:\/\/serbiantimes.info\/en\/wp-json\/wp\/v2\/media\/170805"}],"wp:attachment":[{"href":"https:\/\/serbiantimes.info\/en\/wp-json\/wp\/v2\/media?parent=213051"}],"wp:term":[{"taxonomy":"category","embeddable":true,"href":"https:\/\/serbiantimes.info\/en\/wp-json\/wp\/v2\/categories?post=213051"},{"taxonomy":"post_tag","embeddable":true,"href":"https:\/\/serbiantimes.info\/en\/wp-json\/wp\/v2\/tags?post=213051"}],"curies":[{"name":"wp","href":"https:\/\/api.w.org\/{rel}","templated":true}]}}