{"id":212611,"date":"2026-06-18T15:49:28","date_gmt":"2026-06-18T13:49:28","guid":{"rendered":"https:\/\/serbiantimes.info\/en\/?p=212611"},"modified":"2026-06-18T15:54:08","modified_gmt":"2026-06-18T13:54:08","slug":"parents-of-the-boy-killer-from-ribnikar-found-guilty-here-is-how-many-years-in-prison-the-kecmanovics-were-sentenced-to","status":"publish","type":"post","link":"https:\/\/serbiantimes.info\/en\/parents-of-the-boy-killer-from-ribnikar-found-guilty-here-is-how-many-years-in-prison-the-kecmanovics-were-sentenced-to\/","title":{"rendered":"PARENTS OF THE BOY-KILLER FROM RIBNIKAR FOUND GUILTY: Here is how many years in prison the Kecmanovics were sentenced to!"},"content":{"rendered":"\n<p class=\"wp-block-paragraph\"><strong><em>Miljana and Vladimir Kecmanovic, parents of the boy-killer who committed the massacre on May 3, 2023, in the &#8220;Vladislav Ribnikar&#8221; school in Vracar, have been found guilty in the retrial before the Higher Court in Belgrade. Vladimir was sentenced to 14 years and six months, and Miljana Kecmanovic to two years and 11 months.<\/em><\/strong><\/p>\n\n\n\n<p class=\"wp-block-paragraph\">In the closing argument, the prosecution proposed that the Kecmanovics be sentenced to maximum prison terms, that is, Vladimir Kecmanovic to 14 years and 11 months, and Miljana Kecmanovic to three years in prison.<\/p>\n\n\n\n<h4 class=\"wp-block-heading\"><mark style=\"background-color:#FFFFFF;color:#d21414\" class=\"has-inline-color\">FIND OUT MORE<\/mark><\/h4>\n\n\n\n<figure class=\"wp-block-embed is-type-wp-embed is-provider-serbiantimes-info-en wp-block-embed-serbiantimes-info-en\"><div class=\"wp-block-embed__wrapper\">\n<blockquote class=\"wp-embedded-content\" data-secret=\"aAaa0PFrCo\"><a href=\"https:\/\/serbiantimes.info\/en\/touching-welcome-laughter-and-tears-for-the-karadjordjevics-in-chicago-serbian-children-welcomed-prince-filip-and-princess-danica-with-song-bread-and-salt-video-photo\/\">TOUCHING WELCOME, LAUGHTER AND TEARS FOR THE KARADJORDJEVICS IN CHICAGO! Serbian children welcomed Prince Filip and Princess Danica with song, bread and salt! (VIDEO +PHOTO)<\/a><\/blockquote><iframe loading=\"lazy\" class=\"wp-embedded-content\" sandbox=\"allow-scripts\" security=\"restricted\" style=\"position: absolute; visibility: hidden;\" title=\"\u201cTOUCHING WELCOME, LAUGHTER AND TEARS FOR THE KARADJORDJEVICS IN CHICAGO! Serbian children welcomed Prince Filip and Princess Danica with song, bread and salt! (VIDEO +PHOTO)\u201d \u2014 Serbiantimes.info EN\" src=\"https:\/\/serbiantimes.info\/en\/touching-welcome-laughter-and-tears-for-the-karadjordjevics-in-chicago-serbian-children-welcomed-prince-filip-and-princess-danica-with-song-bread-and-salt-video-photo\/embed\/#?secret=elRFhrcg6P#?secret=aAaa0PFrCo\" data-secret=\"aAaa0PFrCo\" width=\"500\" height=\"282\" frameborder=\"0\" marginwidth=\"0\" marginheight=\"0\" scrolling=\"no\"><\/iframe>\n<\/div><\/figure>\n\n\n\n<p class=\"wp-block-paragraph\">Vladimir and Miljana Kecmanovic were tried in a retrial after the Court of Appeal in Belgrade ordered a new trial and overturned the first-instance verdict by which Miljana was sentenced to three years and Vladimir to 14 and a half years in prison.<\/p>\n\n\n\n<p class=\"wp-block-paragraph\">As a reminder, nine students and the school caretaker were killed in the massacre in &#8220;Ribnikar&#8221;<\/p>\n\n\n\n<h4 class=\"wp-block-heading\"><mark style=\"background-color:#FFFFFF;color:#d21414\" class=\"has-inline-color\">MORE TOPICS:<\/mark><\/h4>\n\n\n\n<p class=\"wp-block-paragraph\"><strong><a href=\"https:\/\/serbiantimes.info\/en\/nina-smashes-everyone-in-her-way-young-serbian-taekwondo-athlete-won-a-gold-medal-in-sarajevo\/\" target=\"_blank\" rel=\"noopener\" title=\"\">NINA SMASHES EVERYONE IN HER WAY: Young Serbian taekwondo athlete won a gold medal in Sarajevo!<\/a><\/strong><\/p>\n\n\n\n<p class=\"wp-block-paragraph\"><a href=\"https:\/\/serbiantimes.info\/en\/third-time-in-a-month-a-bomb-was-thrown-at-a-bakery-in-borca-the-shop-window-and-canopy-were-destroyed-a-camera-recorded-the-attacker\/\" target=\"_blank\" rel=\"noopener\" title=\"\"><strong>THIRD TIME IN A MONTH: A bomb was thrown at a bakery in Borca, the shop window and canopy were destroyed, a camera recorded the attacker!<\/strong><\/a><\/p>\n\n\n\n<p class=\"wp-block-paragraph\"><strong><a href=\"https:\/\/serbiantimes.info\/en\/the-best-year-in-the-last-10-as-many-as-29-pairs-and-25-chicks-of-the-eastern-imperial-eagle-were-registered-in-serbia\/\" target=\"_blank\" rel=\"noopener\" title=\"\">THE BEST YEAR IN THE LAST 10: As many as 29 pairs and 25 chicks of the Eastern imperial eagle were registered in Serbia!<\/a><\/strong><\/p>\n\n\n\n<p class=\"wp-block-paragraph\"><strong><a href=\"https:\/\/serbiantimes.info\/en\/the-kecmanovics-announced-an-appeal-the-lawyer-claims-that-the-verdict-does-not-differ-from-the-previous-one-and-that-the-key-accusation-was-not-proven\/\" target=\"_blank\" rel=\"noopener\" title=\"\">THE KECMANOVICS ANNOUNCED AN APPEAL: The lawyer claims that the verdict does not differ from the previous one and that the key accusation was not proven!<\/a><\/strong><\/p>\n\n\n\n<p class=\"wp-block-paragraph\"><strong><a href=\"https:\/\/serbiantimes.info\/en\/basketball-earthquake-in-denver-the-nuggets-want-to-bring-bogdan-bogdanovic-to-jokic-and-create-a-serbian-tandem\/\" target=\"_blank\" rel=\"noopener\" title=\"\">BASKETBALL EARTHQUAKE IN DENVER: The Nuggets want to bring Bogdan Bogdanovic to Jokic and create a \u201cSerbian tandem\u201d!<\/a><\/strong><\/p>\n\n\n\n<p class=\"wp-block-paragraph\"><strong><strong>Source<\/strong><\/strong>: <a href=\"https:\/\/nova.rs\/vesti\/hronika\/osudjeni-roditelji-decaka-ubice-za-masakr-u-ribnikaru\/\" target=\"_blank\" rel=\"noopener\" title=\"\">Nova.rs<\/a>; <strong>Photo<\/strong>: ATA Images<\/p>\n","protected":false},"excerpt":{"rendered":"<p>Miljana and Vladimir Kecmanovic, parents of the boy-killer who committed the massacre on May 3, 2023, in the &#8220;Vladislav Ribnikar&#8221; school in Vracar, have been found guilty in the retrial before the Higher Court in Belgrade. Vladimir was sentenced to 14 years and six months, and Miljana Kecmanovic to two years and 11 months. In [&hellip;]<\/p>\n","protected":false},"author":2169,"featured_media":212612,"comment_status":"open","ping_status":"open","sticky":false,"template":"","format":"standard","meta":{"newspack_featured_image_position":"","newspack_post_subtitle":"","newspack_article_summary_title":"Overview:","newspack_article_summary":"","newspack_hide_updated_date":false,"newspack_show_updated_date":false,"footnotes":""},"categories":[7],"tags":[10472,255,256,10989,4022,113,260],"class_list":["post-212611","post","type-post","status-publish","format-standard","has-post-thumbnail","hentry","category-serbia","tag-kecmanovici","tag-kosta-kecmanovic","tag-masovno-ubistvo","tag-os-vladislav-ribnikar-2","tag-ribnikar","tag-srbija","tag-sudenje","entry"],"aioseo_notices":[],"aioseo_head":"\n\t\t<!-- All in One SEO 5.0.1.1 - aioseo.com -->\n\t<meta name=\"description\" content=\"Miljana and Vladimir Kecmanovic, parents of the boy-killer who committed the massacre on May 3, 2023, in the &quot;Vladislav Ribnikar&quot; school in Vracar, have been found guilty in the retrial before the Higher Court in Belgrade. Vladimir was sentenced to 14 years and six months, and Miljana Kecmanovic to two years and 11 months. In\" \/>\n\t<meta name=\"robots\" content=\"max-image-preview:large\" \/>\n\t<meta name=\"author\" content=\"Serbian Times\"\/>\n\t<link rel=\"canonical\" href=\"https:\/\/serbiantimes.info\/en\/parents-of-the-boy-killer-from-ribnikar-found-guilty-here-is-how-many-years-in-prison-the-kecmanovics-were-sentenced-to\/\" \/>\n\t<meta name=\"generator\" content=\"All in One SEO (AIOSEO) 5.0.1.1\" \/>\n\t\t<meta property=\"og:locale\" content=\"en_US\" \/>\n\t\t<meta property=\"og:site_name\" content=\"Serbiantimes.info EN |\" \/>\n\t\t<meta property=\"og:type\" content=\"article\" \/>\n\t\t<meta property=\"og:title\" content=\"PARENTS OF THE BOY-KILLER FROM RIBNIKAR FOUND GUILTY: Here is how many years in prison the Kecmanovics were sentenced to! | Serbiantimes.info EN\" \/>\n\t\t<meta property=\"og:description\" content=\"Miljana and Vladimir Kecmanovic, parents of the boy-killer who committed the massacre on May 3, 2023, in the &quot;Vladislav Ribnikar&quot; school in Vracar, have been found guilty in the retrial before the Higher Court in Belgrade. Vladimir was sentenced to 14 years and six months, and Miljana Kecmanovic to two years and 11 months. In\" \/>\n\t\t<meta property=\"og:url\" content=\"https:\/\/serbiantimes.info\/en\/parents-of-the-boy-killer-from-ribnikar-found-guilty-here-is-how-many-years-in-prison-the-kecmanovics-were-sentenced-to\/\" \/>\n\t\t<meta property=\"og:image\" content=\"https:\/\/serbiantimes.info\/en\/wp-content\/uploads\/sites\/2\/2026\/06\/ST-Montaze-2026-06-18T113320.311.jpg\" \/>\n\t\t<meta property=\"og:image:secure_url\" content=\"https:\/\/serbiantimes.info\/en\/wp-content\/uploads\/sites\/2\/2026\/06\/ST-Montaze-2026-06-18T113320.311.jpg\" \/>\n\t\t<meta property=\"og:image:width\" content=\"1200\" \/>\n\t\t<meta property=\"og:image:height\" content=\"750\" \/>\n\t\t<meta property=\"article:published_time\" content=\"2026-06-18T13:49:28+00:00\" \/>\n\t\t<meta property=\"article:modified_time\" content=\"2026-06-18T13:54:08+00:00\" \/>\n\t\t<meta name=\"twitter:card\" content=\"summary_large_image\" \/>\n\t\t<meta name=\"twitter:title\" content=\"PARENTS OF THE BOY-KILLER FROM RIBNIKAR FOUND GUILTY: Here is how many years in prison the Kecmanovics were sentenced to! | Serbiantimes.info EN\" \/>\n\t\t<meta name=\"twitter:description\" content=\"Miljana and Vladimir Kecmanovic, parents of the boy-killer who committed the massacre on May 3, 2023, in the &quot;Vladislav Ribnikar&quot; school in Vracar, have been found guilty in the retrial before the Higher Court in Belgrade. Vladimir was sentenced to 14 years and six months, and Miljana Kecmanovic to two years and 11 months. In\" \/>\n\t\t<meta name=\"twitter:image\" content=\"https:\/\/serbiantimes.info\/en\/wp-content\/uploads\/sites\/2\/2026\/06\/ST-Montaze-2026-06-18T113320.311.jpg\" \/>\n\t\t<script type=\"application\/ld+json\" class=\"aioseo-schema\">\n\t\t\t{\"@context\":\"https:\\\/\\\/schema.org\",\"@graph\":[{\"@type\":\"BlogPosting\",\"@id\":\"https:\\\/\\\/serbiantimes.info\\\/en\\\/parents-of-the-boy-killer-from-ribnikar-found-guilty-here-is-how-many-years-in-prison-the-kecmanovics-were-sentenced-to\\\/#blogposting\",\"name\":\"PARENTS OF THE BOY-KILLER FROM RIBNIKAR FOUND GUILTY: Here is how many years in prison the Kecmanovics were sentenced to! | Serbiantimes.info EN\",\"headline\":\"PARENTS OF THE BOY-KILLER FROM RIBNIKAR FOUND GUILTY: Here is how many years in prison the Kecmanovics were sentenced to!\",\"author\":{\"@id\":\"https:\\\/\\\/serbiantimes.info\\\/en\\\/author\\\/serbiantimes-portal\\\/#author\"},\"publisher\":{\"@id\":\"https:\\\/\\\/serbiantimes.info\\\/en\\\/#organization\"},\"image\":{\"@type\":\"ImageObject\",\"url\":\"https:\\\/\\\/serbiantimes.info\\\/en\\\/wp-content\\\/uploads\\\/sites\\\/2\\\/2026\\\/06\\\/ST-Montaze-2026-06-18T113320.311.jpg\",\"width\":1200,\"height\":750},\"datePublished\":\"2026-06-18T15:49:28+02:00\",\"dateModified\":\"2026-06-18T15:54:08+02:00\",\"inLanguage\":\"en-US\",\"mainEntityOfPage\":{\"@id\":\"https:\\\/\\\/serbiantimes.info\\\/en\\\/parents-of-the-boy-killer-from-ribnikar-found-guilty-here-is-how-many-years-in-prison-the-kecmanovics-were-sentenced-to\\\/#webpage\"},\"isPartOf\":{\"@id\":\"https:\\\/\\\/serbiantimes.info\\\/en\\\/parents-of-the-boy-killer-from-ribnikar-found-guilty-here-is-how-many-years-in-prison-the-kecmanovics-were-sentenced-to\\\/#webpage\"},\"articleSection\":\"SERBIA, Kecmanovi\\u0107i, Kosta Kecmanovi\\u0107, masovno ubistvo, o\\u0161 vladislav ribnikar, ribnikar, Srbija, su\\u0111enje\"},{\"@type\":\"BreadcrumbList\",\"@id\":\"https:\\\/\\\/serbiantimes.info\\\/en\\\/parents-of-the-boy-killer-from-ribnikar-found-guilty-here-is-how-many-years-in-prison-the-kecmanovics-were-sentenced-to\\\/#breadcrumblist\",\"itemListElement\":[{\"@type\":\"ListItem\",\"@id\":\"https:\\\/\\\/serbiantimes.info\\\/en#listItem\",\"position\":1,\"name\":\"Home\",\"item\":\"https:\\\/\\\/serbiantimes.info\\\/en\",\"nextItem\":{\"@type\":\"ListItem\",\"@id\":\"https:\\\/\\\/serbiantimes.info\\\/en\\\/category\\\/serbia\\\/#listItem\",\"name\":\"SERBIA\"}},{\"@type\":\"ListItem\",\"@id\":\"https:\\\/\\\/serbiantimes.info\\\/en\\\/category\\\/serbia\\\/#listItem\",\"position\":2,\"name\":\"SERBIA\",\"item\":\"https:\\\/\\\/serbiantimes.info\\\/en\\\/category\\\/serbia\\\/\",\"nextItem\":{\"@type\":\"ListItem\",\"@id\":\"https:\\\/\\\/serbiantimes.info\\\/en\\\/parents-of-the-boy-killer-from-ribnikar-found-guilty-here-is-how-many-years-in-prison-the-kecmanovics-were-sentenced-to\\\/#listItem\",\"name\":\"PARENTS OF THE BOY-KILLER FROM RIBNIKAR FOUND GUILTY: Here is how many years in prison the Kecmanovics were sentenced to!\"},\"previousItem\":{\"@type\":\"ListItem\",\"@id\":\"https:\\\/\\\/serbiantimes.info\\\/en#listItem\",\"name\":\"Home\"}},{\"@type\":\"ListItem\",\"@id\":\"https:\\\/\\\/serbiantimes.info\\\/en\\\/parents-of-the-boy-killer-from-ribnikar-found-guilty-here-is-how-many-years-in-prison-the-kecmanovics-were-sentenced-to\\\/#listItem\",\"position\":3,\"name\":\"PARENTS OF THE BOY-KILLER FROM RIBNIKAR FOUND GUILTY: Here is how many years in prison the Kecmanovics were sentenced to!\",\"previousItem\":{\"@type\":\"ListItem\",\"@id\":\"https:\\\/\\\/serbiantimes.info\\\/en\\\/category\\\/serbia\\\/#listItem\",\"name\":\"SERBIA\"}}]},{\"@type\":\"Organization\",\"@id\":\"https:\\\/\\\/serbiantimes.info\\\/en\\\/#organization\",\"name\":\"Serbiantimes.info EN\",\"url\":\"https:\\\/\\\/serbiantimes.info\\\/en\\\/\",\"logo\":{\"@type\":\"ImageObject\",\"url\":\"https:\\\/\\\/serbiantimes.info\\\/en\\\/wp-content\\\/uploads\\\/sites\\\/2\\\/2024\\\/10\\\/cropped-cropped-Serbian-Times-Header-Logo-1.png\",\"@id\":\"https:\\\/\\\/serbiantimes.info\\\/en\\\/parents-of-the-boy-killer-from-ribnikar-found-guilty-here-is-how-many-years-in-prison-the-kecmanovics-were-sentenced-to\\\/#organizationLogo\",\"width\":480,\"height\":100},\"image\":{\"@id\":\"https:\\\/\\\/serbiantimes.info\\\/en\\\/parents-of-the-boy-killer-from-ribnikar-found-guilty-here-is-how-many-years-in-prison-the-kecmanovics-were-sentenced-to\\\/#organizationLogo\"}},{\"@type\":\"Person\",\"@id\":\"https:\\\/\\\/serbiantimes.info\\\/en\\\/author\\\/serbiantimes-portal\\\/#author\",\"url\":\"https:\\\/\\\/serbiantimes.info\\\/en\\\/author\\\/serbiantimes-portal\\\/\",\"name\":\"Serbian Times\",\"image\":{\"@type\":\"ImageObject\",\"@id\":\"https:\\\/\\\/serbiantimes.info\\\/en\\\/parents-of-the-boy-killer-from-ribnikar-found-guilty-here-is-how-many-years-in-prison-the-kecmanovics-were-sentenced-to\\\/#authorImage\",\"url\":\"https:\\\/\\\/secure.gravatar.com\\\/avatar\\\/ea76e009769270b4193e2bc7e032c096b4ae135483ec03b396fd0f520bc3dcfd?s=96&d=mm&r=g\",\"width\":96,\"height\":96,\"caption\":\"Serbian Times\"}},{\"@type\":\"WebPage\",\"@id\":\"https:\\\/\\\/serbiantimes.info\\\/en\\\/parents-of-the-boy-killer-from-ribnikar-found-guilty-here-is-how-many-years-in-prison-the-kecmanovics-were-sentenced-to\\\/#webpage\",\"url\":\"https:\\\/\\\/serbiantimes.info\\\/en\\\/parents-of-the-boy-killer-from-ribnikar-found-guilty-here-is-how-many-years-in-prison-the-kecmanovics-were-sentenced-to\\\/\",\"name\":\"PARENTS OF THE BOY-KILLER FROM RIBNIKAR FOUND GUILTY: Here is how many years in prison the Kecmanovics were sentenced to! | Serbiantimes.info EN\",\"description\":\"Miljana and Vladimir Kecmanovic, parents of the boy-killer who committed the massacre on May 3, 2023, in the \\\"Vladislav Ribnikar\\\" school in Vracar, have been found guilty in the retrial before the Higher Court in Belgrade. Vladimir was sentenced to 14 years and six months, and Miljana Kecmanovic to two years and 11 months. In\",\"inLanguage\":\"en-US\",\"isPartOf\":{\"@id\":\"https:\\\/\\\/serbiantimes.info\\\/en\\\/#website\"},\"breadcrumb\":{\"@id\":\"https:\\\/\\\/serbiantimes.info\\\/en\\\/parents-of-the-boy-killer-from-ribnikar-found-guilty-here-is-how-many-years-in-prison-the-kecmanovics-were-sentenced-to\\\/#breadcrumblist\"},\"author\":{\"@id\":\"https:\\\/\\\/serbiantimes.info\\\/en\\\/author\\\/serbiantimes-portal\\\/#author\"},\"creator\":{\"@id\":\"https:\\\/\\\/serbiantimes.info\\\/en\\\/author\\\/serbiantimes-portal\\\/#author\"},\"image\":{\"@type\":\"ImageObject\",\"url\":\"https:\\\/\\\/serbiantimes.info\\\/en\\\/wp-content\\\/uploads\\\/sites\\\/2\\\/2026\\\/06\\\/ST-Montaze-2026-06-18T113320.311.jpg\",\"@id\":\"https:\\\/\\\/serbiantimes.info\\\/en\\\/parents-of-the-boy-killer-from-ribnikar-found-guilty-here-is-how-many-years-in-prison-the-kecmanovics-were-sentenced-to\\\/#mainImage\",\"width\":1200,\"height\":750},\"primaryImageOfPage\":{\"@id\":\"https:\\\/\\\/serbiantimes.info\\\/en\\\/parents-of-the-boy-killer-from-ribnikar-found-guilty-here-is-how-many-years-in-prison-the-kecmanovics-were-sentenced-to\\\/#mainImage\"},\"datePublished\":\"2026-06-18T15:49:28+02:00\",\"dateModified\":\"2026-06-18T15:54:08+02:00\"},{\"@type\":\"WebSite\",\"@id\":\"https:\\\/\\\/serbiantimes.info\\\/en\\\/#website\",\"url\":\"https:\\\/\\\/serbiantimes.info\\\/en\\\/\",\"name\":\"Serbiantimes.info EN\",\"inLanguage\":\"en-US\",\"publisher\":{\"@id\":\"https:\\\/\\\/serbiantimes.info\\\/en\\\/#organization\"}}]}\n\t\t<\/script>\n\t\t<!-- All in One SEO -->\n\n","aioseo_head_json":{"title":"PARENTS OF THE BOY-KILLER FROM RIBNIKAR FOUND GUILTY: Here is how many years in prison the Kecmanovics were sentenced to! | Serbiantimes.info EN","description":"Miljana and Vladimir Kecmanovic, parents of the boy-killer who committed the massacre on May 3, 2023, in the \"Vladislav Ribnikar\" school in Vracar, have been found guilty in the retrial before the Higher Court in Belgrade. Vladimir was sentenced to 14 years and six months, and Miljana Kecmanovic to two years and 11 months. In","canonical_url":"https:\/\/serbiantimes.info\/en\/parents-of-the-boy-killer-from-ribnikar-found-guilty-here-is-how-many-years-in-prison-the-kecmanovics-were-sentenced-to\/","robots":"max-image-preview:large","keywords":"","webmasterTools":{"miscellaneous":""},"schema":{"@context":"https:\/\/schema.org","@graph":[{"@type":"BlogPosting","@id":"https:\/\/serbiantimes.info\/en\/parents-of-the-boy-killer-from-ribnikar-found-guilty-here-is-how-many-years-in-prison-the-kecmanovics-were-sentenced-to\/#blogposting","name":"PARENTS OF THE BOY-KILLER FROM RIBNIKAR FOUND GUILTY: Here is how many years in prison the Kecmanovics were sentenced to! | Serbiantimes.info EN","headline":"PARENTS OF THE BOY-KILLER FROM RIBNIKAR FOUND GUILTY: Here is how many years in prison the Kecmanovics were sentenced to!","author":{"@id":"https:\/\/serbiantimes.info\/en\/author\/serbiantimes-portal\/#author"},"publisher":{"@id":"https:\/\/serbiantimes.info\/en\/#organization"},"image":{"@type":"ImageObject","url":"https:\/\/serbiantimes.info\/en\/wp-content\/uploads\/sites\/2\/2026\/06\/ST-Montaze-2026-06-18T113320.311.jpg","width":1200,"height":750},"datePublished":"2026-06-18T15:49:28+02:00","dateModified":"2026-06-18T15:54:08+02:00","inLanguage":"en-US","mainEntityOfPage":{"@id":"https:\/\/serbiantimes.info\/en\/parents-of-the-boy-killer-from-ribnikar-found-guilty-here-is-how-many-years-in-prison-the-kecmanovics-were-sentenced-to\/#webpage"},"isPartOf":{"@id":"https:\/\/serbiantimes.info\/en\/parents-of-the-boy-killer-from-ribnikar-found-guilty-here-is-how-many-years-in-prison-the-kecmanovics-were-sentenced-to\/#webpage"},"articleSection":"SERBIA, Kecmanovi\u0107i, Kosta Kecmanovi\u0107, masovno ubistvo, o\u0161 vladislav ribnikar, ribnikar, Srbija, su\u0111enje"},{"@type":"BreadcrumbList","@id":"https:\/\/serbiantimes.info\/en\/parents-of-the-boy-killer-from-ribnikar-found-guilty-here-is-how-many-years-in-prison-the-kecmanovics-were-sentenced-to\/#breadcrumblist","itemListElement":[{"@type":"ListItem","@id":"https:\/\/serbiantimes.info\/en#listItem","position":1,"name":"Home","item":"https:\/\/serbiantimes.info\/en","nextItem":{"@type":"ListItem","@id":"https:\/\/serbiantimes.info\/en\/category\/serbia\/#listItem","name":"SERBIA"}},{"@type":"ListItem","@id":"https:\/\/serbiantimes.info\/en\/category\/serbia\/#listItem","position":2,"name":"SERBIA","item":"https:\/\/serbiantimes.info\/en\/category\/serbia\/","nextItem":{"@type":"ListItem","@id":"https:\/\/serbiantimes.info\/en\/parents-of-the-boy-killer-from-ribnikar-found-guilty-here-is-how-many-years-in-prison-the-kecmanovics-were-sentenced-to\/#listItem","name":"PARENTS OF THE BOY-KILLER FROM RIBNIKAR FOUND GUILTY: Here is how many years in prison the Kecmanovics were sentenced to!"},"previousItem":{"@type":"ListItem","@id":"https:\/\/serbiantimes.info\/en#listItem","name":"Home"}},{"@type":"ListItem","@id":"https:\/\/serbiantimes.info\/en\/parents-of-the-boy-killer-from-ribnikar-found-guilty-here-is-how-many-years-in-prison-the-kecmanovics-were-sentenced-to\/#listItem","position":3,"name":"PARENTS OF THE BOY-KILLER FROM RIBNIKAR FOUND GUILTY: Here is how many years in prison the Kecmanovics were sentenced to!","previousItem":{"@type":"ListItem","@id":"https:\/\/serbiantimes.info\/en\/category\/serbia\/#listItem","name":"SERBIA"}}]},{"@type":"Organization","@id":"https:\/\/serbiantimes.info\/en\/#organization","name":"Serbiantimes.info EN","url":"https:\/\/serbiantimes.info\/en\/","logo":{"@type":"ImageObject","url":"https:\/\/serbiantimes.info\/en\/wp-content\/uploads\/sites\/2\/2024\/10\/cropped-cropped-Serbian-Times-Header-Logo-1.png","@id":"https:\/\/serbiantimes.info\/en\/parents-of-the-boy-killer-from-ribnikar-found-guilty-here-is-how-many-years-in-prison-the-kecmanovics-were-sentenced-to\/#organizationLogo","width":480,"height":100},"image":{"@id":"https:\/\/serbiantimes.info\/en\/parents-of-the-boy-killer-from-ribnikar-found-guilty-here-is-how-many-years-in-prison-the-kecmanovics-were-sentenced-to\/#organizationLogo"}},{"@type":"Person","@id":"https:\/\/serbiantimes.info\/en\/author\/serbiantimes-portal\/#author","url":"https:\/\/serbiantimes.info\/en\/author\/serbiantimes-portal\/","name":"Serbian Times","image":{"@type":"ImageObject","@id":"https:\/\/serbiantimes.info\/en\/parents-of-the-boy-killer-from-ribnikar-found-guilty-here-is-how-many-years-in-prison-the-kecmanovics-were-sentenced-to\/#authorImage","url":"https:\/\/secure.gravatar.com\/avatar\/ea76e009769270b4193e2bc7e032c096b4ae135483ec03b396fd0f520bc3dcfd?s=96&d=mm&r=g","width":96,"height":96,"caption":"Serbian Times"}},{"@type":"WebPage","@id":"https:\/\/serbiantimes.info\/en\/parents-of-the-boy-killer-from-ribnikar-found-guilty-here-is-how-many-years-in-prison-the-kecmanovics-were-sentenced-to\/#webpage","url":"https:\/\/serbiantimes.info\/en\/parents-of-the-boy-killer-from-ribnikar-found-guilty-here-is-how-many-years-in-prison-the-kecmanovics-were-sentenced-to\/","name":"PARENTS OF THE BOY-KILLER FROM RIBNIKAR FOUND GUILTY: Here is how many years in prison the Kecmanovics were sentenced to! | Serbiantimes.info EN","description":"Miljana and Vladimir Kecmanovic, parents of the boy-killer who committed the massacre on May 3, 2023, in the \"Vladislav Ribnikar\" school in Vracar, have been found guilty in the retrial before the Higher Court in Belgrade. Vladimir was sentenced to 14 years and six months, and Miljana Kecmanovic to two years and 11 months. In","inLanguage":"en-US","isPartOf":{"@id":"https:\/\/serbiantimes.info\/en\/#website"},"breadcrumb":{"@id":"https:\/\/serbiantimes.info\/en\/parents-of-the-boy-killer-from-ribnikar-found-guilty-here-is-how-many-years-in-prison-the-kecmanovics-were-sentenced-to\/#breadcrumblist"},"author":{"@id":"https:\/\/serbiantimes.info\/en\/author\/serbiantimes-portal\/#author"},"creator":{"@id":"https:\/\/serbiantimes.info\/en\/author\/serbiantimes-portal\/#author"},"image":{"@type":"ImageObject","url":"https:\/\/serbiantimes.info\/en\/wp-content\/uploads\/sites\/2\/2026\/06\/ST-Montaze-2026-06-18T113320.311.jpg","@id":"https:\/\/serbiantimes.info\/en\/parents-of-the-boy-killer-from-ribnikar-found-guilty-here-is-how-many-years-in-prison-the-kecmanovics-were-sentenced-to\/#mainImage","width":1200,"height":750},"primaryImageOfPage":{"@id":"https:\/\/serbiantimes.info\/en\/parents-of-the-boy-killer-from-ribnikar-found-guilty-here-is-how-many-years-in-prison-the-kecmanovics-were-sentenced-to\/#mainImage"},"datePublished":"2026-06-18T15:49:28+02:00","dateModified":"2026-06-18T15:54:08+02:00"},{"@type":"WebSite","@id":"https:\/\/serbiantimes.info\/en\/#website","url":"https:\/\/serbiantimes.info\/en\/","name":"Serbiantimes.info EN","inLanguage":"en-US","publisher":{"@id":"https:\/\/serbiantimes.info\/en\/#organization"}}]},"og:locale":"en_US","og:site_name":"Serbiantimes.info EN |","og:type":"article","og:title":"PARENTS OF THE BOY-KILLER FROM RIBNIKAR FOUND GUILTY: Here is how many years in prison the Kecmanovics were sentenced to! | Serbiantimes.info EN","og:description":"Miljana and Vladimir Kecmanovic, parents of the boy-killer who committed the massacre on May 3, 2023, in the &quot;Vladislav Ribnikar&quot; school in Vracar, have been found guilty in the retrial before the Higher Court in Belgrade. Vladimir was sentenced to 14 years and six months, and Miljana Kecmanovic to two years and 11 months. In","og:url":"https:\/\/serbiantimes.info\/en\/parents-of-the-boy-killer-from-ribnikar-found-guilty-here-is-how-many-years-in-prison-the-kecmanovics-were-sentenced-to\/","og:image":"https:\/\/serbiantimes.info\/en\/wp-content\/uploads\/sites\/2\/2026\/06\/ST-Montaze-2026-06-18T113320.311.jpg","og:image:secure_url":"https:\/\/serbiantimes.info\/en\/wp-content\/uploads\/sites\/2\/2026\/06\/ST-Montaze-2026-06-18T113320.311.jpg","og:image:width":1200,"og:image:height":750,"article:published_time":"2026-06-18T13:49:28+00:00","article:modified_time":"2026-06-18T13:54:08+00:00","twitter:card":"summary_large_image","twitter:title":"PARENTS OF THE BOY-KILLER FROM RIBNIKAR FOUND GUILTY: Here is how many years in prison the Kecmanovics were sentenced to! | Serbiantimes.info EN","twitter:description":"Miljana and Vladimir Kecmanovic, parents of the boy-killer who committed the massacre on May 3, 2023, in the &quot;Vladislav Ribnikar&quot; school in Vracar, have been found guilty in the retrial before the Higher Court in Belgrade. Vladimir was sentenced to 14 years and six months, and Miljana Kecmanovic to two years and 11 months. In","twitter:image":"https:\/\/serbiantimes.info\/en\/wp-content\/uploads\/sites\/2\/2026\/06\/ST-Montaze-2026-06-18T113320.311.jpg"},"aioseo_meta_data":{"post_id":"212611","title":null,"description":null,"keywords":null,"keyphrases":{"focus":{"keyphrase":"","score":0,"analysis":{"keyphraseInTitle":{"score":0,"maxScore":9,"error":1}}},"additional":[]},"primary_term":null,"canonical_url":null,"og_title":null,"og_description":null,"og_object_type":"default","og_image_type":"default","og_image_url":null,"og_image_width":null,"og_image_height":null,"og_image_custom_url":null,"og_image_custom_fields":null,"og_video":"","og_custom_url":null,"og_article_section":null,"og_article_tags":null,"twitter_use_og":false,"twitter_card":"default","twitter_image_type":"default","twitter_image_url":null,"twitter_image_custom_url":null,"twitter_image_custom_fields":null,"twitter_title":null,"twitter_description":null,"schema":{"blockGraphs":[],"customGraphs":[],"default":{"data":{"Article":[],"Course":[],"Dataset":[],"FAQPage":[],"Movie":[],"Person":[],"Product":[],"ProductReview":[],"Car":[],"Recipe":[],"Service":[],"SoftwareApplication":[],"WebPage":[]},"graphName":"BlogPosting","isEnabled":true},"graphs":[]},"schema_type":"default","schema_type_options":null,"pillar_content":false,"robots_default":true,"robots_noindex":false,"robots_noarchive":false,"robots_nosnippet":false,"robots_nofollow":false,"robots_noimageindex":false,"robots_noodp":false,"robots_notranslate":false,"robots_max_snippet":"-1","robots_max_videopreview":"-1","robots_max_imagepreview":"large","priority":null,"frequency":"default","local_seo":null,"breadcrumb_settings":null,"limit_modified_date":false,"ai":{"faqs":[],"keyPoints":[],"titles":[],"descriptions":[],"socialPosts":{"email":[],"linkedin":[],"twitter":[],"facebook":[],"instagram":[]}},"created":"2026-06-18 13:29:27","updated":"2026-06-19 12:16:08","focus_keyword":null,"additional_keywords":null,"truseo_locale":null,"seo_analyzer_scan_date":null},"aioseo_breadcrumb":"<div class=\"aioseo-breadcrumbs\"><span class=\"aioseo-breadcrumb\">\n\t\t\t<a href=\"https:\/\/serbiantimes.info\/en\" title=\"Home\">Home<\/a>\n\t\t<\/span><span class=\"aioseo-breadcrumb-separator\">&raquo;<\/span><span class=\"aioseo-breadcrumb\">\n\t\t\t<a href=\"https:\/\/serbiantimes.info\/en\/category\/serbia\/\" title=\"SERBIA\">SERBIA<\/a>\n\t\t<\/span><span class=\"aioseo-breadcrumb-separator\">&raquo;<\/span><span class=\"aioseo-breadcrumb\">\n\t\t\tPARENTS OF THE BOY-KILLER FROM RIBNIKAR FOUND GUILTY: Here is how many years in prison the Kecmanovics were sentenced to!\n\t\t<\/span><\/div>","aioseo_breadcrumb_json":[{"label":"Home","link":"https:\/\/serbiantimes.info\/en"},{"label":"SERBIA","link":"https:\/\/serbiantimes.info\/en\/category\/serbia\/"},{"label":"PARENTS OF THE BOY-KILLER FROM RIBNIKAR FOUND GUILTY: Here is how many years in prison the Kecmanovics were sentenced to!","link":"https:\/\/serbiantimes.info\/en\/parents-of-the-boy-killer-from-ribnikar-found-guilty-here-is-how-many-years-in-prison-the-kecmanovics-were-sentenced-to\/"}],"distributor_meta":false,"distributor_terms":false,"distributor_media":false,"distributor_original_site_name":"Serbiantimes.info EN","distributor_original_site_url":"https:\/\/serbiantimes.info\/en","push-errors":false,"_links":{"self":[{"href":"https:\/\/serbiantimes.info\/en\/wp-json\/wp\/v2\/posts\/212611","targetHints":{"allow":["GET"]}}],"collection":[{"href":"https:\/\/serbiantimes.info\/en\/wp-json\/wp\/v2\/posts"}],"about":[{"href":"https:\/\/serbiantimes.info\/en\/wp-json\/wp\/v2\/types\/post"}],"author":[{"embeddable":true,"href":"https:\/\/serbiantimes.info\/en\/wp-json\/wp\/v2\/users\/2169"}],"replies":[{"embeddable":true,"href":"https:\/\/serbiantimes.info\/en\/wp-json\/wp\/v2\/comments?post=212611"}],"version-history":[{"count":3,"href":"https:\/\/serbiantimes.info\/en\/wp-json\/wp\/v2\/posts\/212611\/revisions"}],"predecessor-version":[{"id":212673,"href":"https:\/\/serbiantimes.info\/en\/wp-json\/wp\/v2\/posts\/212611\/revisions\/212673"}],"wp:featuredmedia":[{"embeddable":true,"href":"https:\/\/serbiantimes.info\/en\/wp-json\/wp\/v2\/media\/212612"}],"wp:attachment":[{"href":"https:\/\/serbiantimes.info\/en\/wp-json\/wp\/v2\/media?parent=212611"}],"wp:term":[{"taxonomy":"category","embeddable":true,"href":"https:\/\/serbiantimes.info\/en\/wp-json\/wp\/v2\/categories?post=212611"},{"taxonomy":"post_tag","embeddable":true,"href":"https:\/\/serbiantimes.info\/en\/wp-json\/wp\/v2\/tags?post=212611"}],"curies":[{"name":"wp","href":"https:\/\/api.w.org\/{rel}","templated":true}]}}