{"id":212378,"date":"2026-06-15T14:50:15","date_gmt":"2026-06-15T12:50:15","guid":{"rendered":"https:\/\/serbiantimes.info\/en\/?p=212378"},"modified":"2026-06-15T14:50:15","modified_gmt":"2026-06-15T12:50:15","slug":"over-alleged-involvement-in-the-racak-case-five-serbs-arrested-in-kosovo-ordered-detained-for-up-to-30-days","status":"publish","type":"post","link":"https:\/\/serbiantimes.info\/en\/over-alleged-involvement-in-the-racak-case-five-serbs-arrested-in-kosovo-ordered-detained-for-up-to-30-days\/","title":{"rendered":"OVER ALLEGED INVOLVEMENT IN THE RA\u010cAK CASE: Five Serbs Arrested in Kosovo Ordered Detained for Up to 30 Days!"},"content":{"rendered":"\n<p class=\"wp-block-paragraph\">Lawyers representing the arrested Serbs have confirmed that the Court in Pristina has ordered one-month detention for five men taken into custody on suspicion that, as members of the Serbian police, they allegedly participated in the operation in Ra\u010dak on January 15, 1999.<\/p>\n\n\n\n<p class=\"wp-block-paragraph\">Iljir Morina, a prosecutor with the Special Prosecutor\u2019s Office in Pristina, confirmed yesterday that the police, in cooperation with the prosecution, had arrested five individuals and requested detention following their questioning.<\/p>\n\n\n\n<p class=\"wp-block-paragraph\">The suspects were previously questioned by a pre-trial judge of the Basic Court in Pristina, who accepted the prosecution\u2019s request and ordered their detention for a period of 30 days.<\/p>\n\n\n\n<p class=\"wp-block-paragraph\">The arrest of the five Serbs was condemned by the Office for Kosovo and Metohija and the Serbian List, which described the move as a politically motivated proceeding and a continuation of pressure on the Serbian population in Kosovo and Metohija.<\/p>\n\n\n\n<h4 class=\"wp-block-heading\"><mark style=\"background-color:#FFFFFF;color:#d21414\" class=\"has-inline-color\">MORE TOPICS:<\/mark><\/h4>\n\n\n\n<p class=\"wp-block-paragraph\"><strong><a href=\"https:\/\/serbiantimes.info\/en\/two-great-tragedies-on-the-velika-morava-first-a-girl-13-drowned-and-then-two-boys-aged-15\/\" target=\"_blank\" rel=\"noopener\" title=\"\">TWO GREAT TRAGEDIES ON THE VELIKA MORAVA: First a girl (13) drowned, and then two boys aged 15!<\/a><\/strong><\/p>\n\n\n\n<p class=\"wp-block-paragraph\"><strong><a href=\"https:\/\/serbiantimes.info\/en\/patrijarh-porfirije-na-udaru-kritika-na-ispracaju-pojasa-presvete-bogorodice-nazvao-deo-vernika-debilima-video\/\" target=\"_blank\" rel=\"noopener\" title=\"\">PATRIARCH PORFIRIJE UNDER FIRE: At the send-off of the belt of the Most Holy Mother of God, he called a part of the believers \u201cmorons\u201d! (VIDEO)<\/a><\/strong><\/p>\n\n\n\n<p class=\"wp-block-paragraph\"><strong><a href=\"https:\/\/serbiantimes.info\/en\/father-and-son-shined-in-the-czech-republic-automobilists-milovan-and-dorde-vesnic-set-track-records-and-climbed-the-winning-podium\/\" target=\"_blank\" rel=\"noopener\" title=\"\">FATHER AND SON SHINED IN THE CZECH REPUBLIC: Automobilists Milovan and \u0110or\u0111e Vesni\u0107 set track records and climbed the winning podium!<\/a><\/strong><\/p>\n\n\n\n<p class=\"wp-block-paragraph\"><strong><a href=\"https:\/\/serbiantimes.info\/en\/serbian-brutally-killed-in-barcelona-attacker-fired-multiple-shots-into-his-back-neighbors-tried-to-save-him-disturbing-video\/\" target=\"_blank\" rel=\"noopener\" title=\"\">SERBIAN BRUTALLY KILLED IN BARCELONA: Attacker fired multiple shots into his back, neighbors tried to save him! (DISTURBING VIDEO)<\/a><\/strong><\/p>\n\n\n\n<p class=\"wp-block-paragraph\"><strong><a href=\"https:\/\/serbiantimes.info\/en\/based-on-99-4-percent-of-processed-votes-srpska-lista-won-an-absolute-majority-in-all-serbian-areas\/\" target=\"_blank\" rel=\"noopener\" title=\"\">BASED ON 99.4 PERCENT OF PROCESSED VOTES: Srpska lista won an absolute majority in all Serbian areas!<\/a><\/strong><\/p>\n\n\n\n<p class=\"wp-block-paragraph\"><strong><a href=\"https:\/\/serbiantimes.info\/en\/the-peters-fast-begins-today-here-is-how-long-it-lasts-and-what-should-be-observed\/\" target=\"_blank\" rel=\"noopener\" title=\"\">THE PETER\u2019S FAST BEGINS TODAY: Here is how long it lasts and what should be observed!<\/a><\/strong><\/p>\n\n\n\n<p class=\"wp-block-paragraph\"><strong><strong>Source<\/strong><\/strong>: <a href=\"https:\/\/www.rts.rs\/lat\/vesti\/politika\/5973655\/hapsenje-kim-srbi-pritvor-pristina.html\" target=\"_blank\" rel=\"noopener\" title=\"\">RTS<\/a>; <strong>Foto<\/strong>: Printscreen Facebook<\/p>\n","protected":false},"excerpt":{"rendered":"<p>Lawyers representing the arrested Serbs have confirmed that the Court in Pristina has ordered one-month detention for five men taken into custody on suspicion that, as members of the Serbian police, they allegedly participated in the operation in Ra\u010dak on January 15, 1999. Iljir Morina, a prosecutor with the Special Prosecutor\u2019s Office in Pristina, confirmed [&hellip;]<\/p>\n","protected":false},"author":2169,"featured_media":168443,"comment_status":"open","ping_status":"open","sticky":false,"template":"","format":"standard","meta":{"newspack_featured_image_position":"","newspack_post_subtitle":"","newspack_article_summary_title":"Overview:","newspack_article_summary":"","newspack_hide_updated_date":false,"newspack_show_updated_date":false,"footnotes":""},"categories":[7],"tags":[1617,108,109,1199,9576,3677,113],"class_list":["post-212378","post","type-post","status-publish","format-standard","has-post-thumbnail","hentry","category-serbia","tag-hapsenje","tag-kosovo","tag-kosovo-i-metohija","tag-nasilje-nad-srbima","tag-racak","tag-srbi-na-kosovu","tag-srbija","entry"],"aioseo_notices":[],"aioseo_head":"\n\t\t<!-- All in One SEO 5.0.1.1 - aioseo.com -->\n\t<meta name=\"description\" content=\"Lawyers representing the arrested Serbs have confirmed that the Court in Pristina has ordered one-month detention for five men taken into custody on suspicion that, as members of the Serbian police, they allegedly participated in the operation in Ra\u010dak on January 15, 1999. Iljir Morina, a prosecutor with the Special Prosecutor\u2019s Office in Pristina, confirmed\" \/>\n\t<meta name=\"robots\" content=\"max-image-preview:large\" \/>\n\t<meta name=\"author\" content=\"Serbian Times\"\/>\n\t<link rel=\"canonical\" href=\"https:\/\/serbiantimes.info\/en\/over-alleged-involvement-in-the-racak-case-five-serbs-arrested-in-kosovo-ordered-detained-for-up-to-30-days\/\" \/>\n\t<meta name=\"generator\" content=\"All in One SEO (AIOSEO) 5.0.1.1\" \/>\n\t\t<meta property=\"og:locale\" content=\"en_US\" \/>\n\t\t<meta property=\"og:site_name\" content=\"Serbiantimes.info EN |\" \/>\n\t\t<meta property=\"og:type\" content=\"article\" \/>\n\t\t<meta property=\"og:title\" content=\"OVER ALLEGED INVOLVEMENT IN THE RA\u010cAK CASE: Five Serbs Arrested in Kosovo Ordered Detained for Up to 30 Days! | Serbiantimes.info EN\" \/>\n\t\t<meta property=\"og:description\" content=\"Lawyers representing the arrested Serbs have confirmed that the Court in Pristina has ordered one-month detention for five men taken into custody on suspicion that, as members of the Serbian police, they allegedly participated in the operation in Ra\u010dak on January 15, 1999. Iljir Morina, a prosecutor with the Special Prosecutor\u2019s Office in Pristina, confirmed\" \/>\n\t\t<meta property=\"og:url\" content=\"https:\/\/serbiantimes.info\/en\/over-alleged-involvement-in-the-racak-case-five-serbs-arrested-in-kosovo-ordered-detained-for-up-to-30-days\/\" \/>\n\t\t<meta property=\"og:image\" content=\"https:\/\/serbiantimes.info\/en\/wp-content\/uploads\/sites\/2\/2025\/03\/18152988_605.jpg\" \/>\n\t\t<meta property=\"og:image:secure_url\" content=\"https:\/\/serbiantimes.info\/en\/wp-content\/uploads\/sites\/2\/2025\/03\/18152988_605.jpg\" \/>\n\t\t<meta property=\"og:image:width\" content=\"1200\" \/>\n\t\t<meta property=\"og:image:height\" content=\"750\" \/>\n\t\t<meta property=\"article:published_time\" content=\"2026-06-15T12:50:15+00:00\" \/>\n\t\t<meta property=\"article:modified_time\" content=\"2026-06-15T12:50:15+00:00\" \/>\n\t\t<meta name=\"twitter:card\" content=\"summary_large_image\" \/>\n\t\t<meta name=\"twitter:title\" content=\"OVER ALLEGED INVOLVEMENT IN THE RA\u010cAK CASE: Five Serbs Arrested in Kosovo Ordered Detained for Up to 30 Days! | Serbiantimes.info EN\" \/>\n\t\t<meta name=\"twitter:description\" content=\"Lawyers representing the arrested Serbs have confirmed that the Court in Pristina has ordered one-month detention for five men taken into custody on suspicion that, as members of the Serbian police, they allegedly participated in the operation in Ra\u010dak on January 15, 1999. Iljir Morina, a prosecutor with the Special Prosecutor\u2019s Office in Pristina, confirmed\" \/>\n\t\t<meta name=\"twitter:image\" content=\"https:\/\/serbiantimes.info\/en\/wp-content\/uploads\/sites\/2\/2025\/03\/18152988_605.jpg\" \/>\n\t\t<script type=\"application\/ld+json\" class=\"aioseo-schema\">\n\t\t\t{\"@context\":\"https:\\\/\\\/schema.org\",\"@graph\":[{\"@type\":\"BlogPosting\",\"@id\":\"https:\\\/\\\/serbiantimes.info\\\/en\\\/over-alleged-involvement-in-the-racak-case-five-serbs-arrested-in-kosovo-ordered-detained-for-up-to-30-days\\\/#blogposting\",\"name\":\"OVER ALLEGED INVOLVEMENT IN THE RA\\u010cAK CASE: Five Serbs Arrested in Kosovo Ordered Detained for Up to 30 Days! | Serbiantimes.info EN\",\"headline\":\"OVER ALLEGED INVOLVEMENT IN THE RA\\u010cAK CASE: Five Serbs Arrested in Kosovo Ordered Detained for Up to 30 Days!\",\"author\":{\"@id\":\"https:\\\/\\\/serbiantimes.info\\\/en\\\/author\\\/serbiantimes-portal\\\/#author\"},\"publisher\":{\"@id\":\"https:\\\/\\\/serbiantimes.info\\\/en\\\/#organization\"},\"image\":{\"@type\":\"ImageObject\",\"url\":\"https:\\\/\\\/serbiantimes.info\\\/en\\\/wp-content\\\/uploads\\\/sites\\\/2\\\/2025\\\/03\\\/18152988_605.jpg\",\"width\":1200,\"height\":750},\"datePublished\":\"2026-06-15T14:50:15+02:00\",\"dateModified\":\"2026-06-15T14:50:15+02:00\",\"inLanguage\":\"en-US\",\"mainEntityOfPage\":{\"@id\":\"https:\\\/\\\/serbiantimes.info\\\/en\\\/over-alleged-involvement-in-the-racak-case-five-serbs-arrested-in-kosovo-ordered-detained-for-up-to-30-days\\\/#webpage\"},\"isPartOf\":{\"@id\":\"https:\\\/\\\/serbiantimes.info\\\/en\\\/over-alleged-involvement-in-the-racak-case-five-serbs-arrested-in-kosovo-ordered-detained-for-up-to-30-days\\\/#webpage\"},\"articleSection\":\"SERBIA, Hap\\u0161enje, Kosovo, Kosovo i Metohija, nasilje nad srbima, ra\\u010dak, Srbi na kosovu, Srbija\"},{\"@type\":\"BreadcrumbList\",\"@id\":\"https:\\\/\\\/serbiantimes.info\\\/en\\\/over-alleged-involvement-in-the-racak-case-five-serbs-arrested-in-kosovo-ordered-detained-for-up-to-30-days\\\/#breadcrumblist\",\"itemListElement\":[{\"@type\":\"ListItem\",\"@id\":\"https:\\\/\\\/serbiantimes.info\\\/en#listItem\",\"position\":1,\"name\":\"Home\",\"item\":\"https:\\\/\\\/serbiantimes.info\\\/en\",\"nextItem\":{\"@type\":\"ListItem\",\"@id\":\"https:\\\/\\\/serbiantimes.info\\\/en\\\/category\\\/serbia\\\/#listItem\",\"name\":\"SERBIA\"}},{\"@type\":\"ListItem\",\"@id\":\"https:\\\/\\\/serbiantimes.info\\\/en\\\/category\\\/serbia\\\/#listItem\",\"position\":2,\"name\":\"SERBIA\",\"item\":\"https:\\\/\\\/serbiantimes.info\\\/en\\\/category\\\/serbia\\\/\",\"nextItem\":{\"@type\":\"ListItem\",\"@id\":\"https:\\\/\\\/serbiantimes.info\\\/en\\\/over-alleged-involvement-in-the-racak-case-five-serbs-arrested-in-kosovo-ordered-detained-for-up-to-30-days\\\/#listItem\",\"name\":\"OVER ALLEGED INVOLVEMENT IN THE RA\\u010cAK CASE: Five Serbs Arrested in Kosovo Ordered Detained for Up to 30 Days!\"},\"previousItem\":{\"@type\":\"ListItem\",\"@id\":\"https:\\\/\\\/serbiantimes.info\\\/en#listItem\",\"name\":\"Home\"}},{\"@type\":\"ListItem\",\"@id\":\"https:\\\/\\\/serbiantimes.info\\\/en\\\/over-alleged-involvement-in-the-racak-case-five-serbs-arrested-in-kosovo-ordered-detained-for-up-to-30-days\\\/#listItem\",\"position\":3,\"name\":\"OVER ALLEGED INVOLVEMENT IN THE RA\\u010cAK CASE: Five Serbs Arrested in Kosovo Ordered Detained for Up to 30 Days!\",\"previousItem\":{\"@type\":\"ListItem\",\"@id\":\"https:\\\/\\\/serbiantimes.info\\\/en\\\/category\\\/serbia\\\/#listItem\",\"name\":\"SERBIA\"}}]},{\"@type\":\"Organization\",\"@id\":\"https:\\\/\\\/serbiantimes.info\\\/en\\\/#organization\",\"name\":\"Serbiantimes.info EN\",\"url\":\"https:\\\/\\\/serbiantimes.info\\\/en\\\/\",\"logo\":{\"@type\":\"ImageObject\",\"url\":\"https:\\\/\\\/serbiantimes.info\\\/en\\\/wp-content\\\/uploads\\\/sites\\\/2\\\/2024\\\/10\\\/cropped-cropped-Serbian-Times-Header-Logo-1.png\",\"@id\":\"https:\\\/\\\/serbiantimes.info\\\/en\\\/over-alleged-involvement-in-the-racak-case-five-serbs-arrested-in-kosovo-ordered-detained-for-up-to-30-days\\\/#organizationLogo\",\"width\":480,\"height\":100},\"image\":{\"@id\":\"https:\\\/\\\/serbiantimes.info\\\/en\\\/over-alleged-involvement-in-the-racak-case-five-serbs-arrested-in-kosovo-ordered-detained-for-up-to-30-days\\\/#organizationLogo\"}},{\"@type\":\"Person\",\"@id\":\"https:\\\/\\\/serbiantimes.info\\\/en\\\/author\\\/serbiantimes-portal\\\/#author\",\"url\":\"https:\\\/\\\/serbiantimes.info\\\/en\\\/author\\\/serbiantimes-portal\\\/\",\"name\":\"Serbian Times\",\"image\":{\"@type\":\"ImageObject\",\"@id\":\"https:\\\/\\\/serbiantimes.info\\\/en\\\/over-alleged-involvement-in-the-racak-case-five-serbs-arrested-in-kosovo-ordered-detained-for-up-to-30-days\\\/#authorImage\",\"url\":\"https:\\\/\\\/secure.gravatar.com\\\/avatar\\\/ea76e009769270b4193e2bc7e032c096b4ae135483ec03b396fd0f520bc3dcfd?s=96&d=mm&r=g\",\"width\":96,\"height\":96,\"caption\":\"Serbian Times\"}},{\"@type\":\"WebPage\",\"@id\":\"https:\\\/\\\/serbiantimes.info\\\/en\\\/over-alleged-involvement-in-the-racak-case-five-serbs-arrested-in-kosovo-ordered-detained-for-up-to-30-days\\\/#webpage\",\"url\":\"https:\\\/\\\/serbiantimes.info\\\/en\\\/over-alleged-involvement-in-the-racak-case-five-serbs-arrested-in-kosovo-ordered-detained-for-up-to-30-days\\\/\",\"name\":\"OVER ALLEGED INVOLVEMENT IN THE RA\\u010cAK CASE: Five Serbs Arrested in Kosovo Ordered Detained for Up to 30 Days! | Serbiantimes.info EN\",\"description\":\"Lawyers representing the arrested Serbs have confirmed that the Court in Pristina has ordered one-month detention for five men taken into custody on suspicion that, as members of the Serbian police, they allegedly participated in the operation in Ra\\u010dak on January 15, 1999. Iljir Morina, a prosecutor with the Special Prosecutor\\u2019s Office in Pristina, confirmed\",\"inLanguage\":\"en-US\",\"isPartOf\":{\"@id\":\"https:\\\/\\\/serbiantimes.info\\\/en\\\/#website\"},\"breadcrumb\":{\"@id\":\"https:\\\/\\\/serbiantimes.info\\\/en\\\/over-alleged-involvement-in-the-racak-case-five-serbs-arrested-in-kosovo-ordered-detained-for-up-to-30-days\\\/#breadcrumblist\"},\"author\":{\"@id\":\"https:\\\/\\\/serbiantimes.info\\\/en\\\/author\\\/serbiantimes-portal\\\/#author\"},\"creator\":{\"@id\":\"https:\\\/\\\/serbiantimes.info\\\/en\\\/author\\\/serbiantimes-portal\\\/#author\"},\"image\":{\"@type\":\"ImageObject\",\"url\":\"https:\\\/\\\/serbiantimes.info\\\/en\\\/wp-content\\\/uploads\\\/sites\\\/2\\\/2025\\\/03\\\/18152988_605.jpg\",\"@id\":\"https:\\\/\\\/serbiantimes.info\\\/en\\\/over-alleged-involvement-in-the-racak-case-five-serbs-arrested-in-kosovo-ordered-detained-for-up-to-30-days\\\/#mainImage\",\"width\":1200,\"height\":750},\"primaryImageOfPage\":{\"@id\":\"https:\\\/\\\/serbiantimes.info\\\/en\\\/over-alleged-involvement-in-the-racak-case-five-serbs-arrested-in-kosovo-ordered-detained-for-up-to-30-days\\\/#mainImage\"},\"datePublished\":\"2026-06-15T14:50:15+02:00\",\"dateModified\":\"2026-06-15T14:50:15+02:00\"},{\"@type\":\"WebSite\",\"@id\":\"https:\\\/\\\/serbiantimes.info\\\/en\\\/#website\",\"url\":\"https:\\\/\\\/serbiantimes.info\\\/en\\\/\",\"name\":\"Serbiantimes.info EN\",\"inLanguage\":\"en-US\",\"publisher\":{\"@id\":\"https:\\\/\\\/serbiantimes.info\\\/en\\\/#organization\"}}]}\n\t\t<\/script>\n\t\t<!-- All in One SEO -->\n\n","aioseo_head_json":{"title":"OVER ALLEGED INVOLVEMENT IN THE RA\u010cAK CASE: Five Serbs Arrested in Kosovo Ordered Detained for Up to 30 Days! | Serbiantimes.info EN","description":"Lawyers representing the arrested Serbs have confirmed that the Court in Pristina has ordered one-month detention for five men taken into custody on suspicion that, as members of the Serbian police, they allegedly participated in the operation in Ra\u010dak on January 15, 1999. Iljir Morina, a prosecutor with the Special Prosecutor\u2019s Office in Pristina, confirmed","canonical_url":"https:\/\/serbiantimes.info\/en\/over-alleged-involvement-in-the-racak-case-five-serbs-arrested-in-kosovo-ordered-detained-for-up-to-30-days\/","robots":"max-image-preview:large","keywords":"","webmasterTools":{"miscellaneous":""},"schema":{"@context":"https:\/\/schema.org","@graph":[{"@type":"BlogPosting","@id":"https:\/\/serbiantimes.info\/en\/over-alleged-involvement-in-the-racak-case-five-serbs-arrested-in-kosovo-ordered-detained-for-up-to-30-days\/#blogposting","name":"OVER ALLEGED INVOLVEMENT IN THE RA\u010cAK CASE: Five Serbs Arrested in Kosovo Ordered Detained for Up to 30 Days! | Serbiantimes.info EN","headline":"OVER ALLEGED INVOLVEMENT IN THE RA\u010cAK CASE: Five Serbs Arrested in Kosovo Ordered Detained for Up to 30 Days!","author":{"@id":"https:\/\/serbiantimes.info\/en\/author\/serbiantimes-portal\/#author"},"publisher":{"@id":"https:\/\/serbiantimes.info\/en\/#organization"},"image":{"@type":"ImageObject","url":"https:\/\/serbiantimes.info\/en\/wp-content\/uploads\/sites\/2\/2025\/03\/18152988_605.jpg","width":1200,"height":750},"datePublished":"2026-06-15T14:50:15+02:00","dateModified":"2026-06-15T14:50:15+02:00","inLanguage":"en-US","mainEntityOfPage":{"@id":"https:\/\/serbiantimes.info\/en\/over-alleged-involvement-in-the-racak-case-five-serbs-arrested-in-kosovo-ordered-detained-for-up-to-30-days\/#webpage"},"isPartOf":{"@id":"https:\/\/serbiantimes.info\/en\/over-alleged-involvement-in-the-racak-case-five-serbs-arrested-in-kosovo-ordered-detained-for-up-to-30-days\/#webpage"},"articleSection":"SERBIA, Hap\u0161enje, Kosovo, Kosovo i Metohija, nasilje nad srbima, ra\u010dak, Srbi na kosovu, Srbija"},{"@type":"BreadcrumbList","@id":"https:\/\/serbiantimes.info\/en\/over-alleged-involvement-in-the-racak-case-five-serbs-arrested-in-kosovo-ordered-detained-for-up-to-30-days\/#breadcrumblist","itemListElement":[{"@type":"ListItem","@id":"https:\/\/serbiantimes.info\/en#listItem","position":1,"name":"Home","item":"https:\/\/serbiantimes.info\/en","nextItem":{"@type":"ListItem","@id":"https:\/\/serbiantimes.info\/en\/category\/serbia\/#listItem","name":"SERBIA"}},{"@type":"ListItem","@id":"https:\/\/serbiantimes.info\/en\/category\/serbia\/#listItem","position":2,"name":"SERBIA","item":"https:\/\/serbiantimes.info\/en\/category\/serbia\/","nextItem":{"@type":"ListItem","@id":"https:\/\/serbiantimes.info\/en\/over-alleged-involvement-in-the-racak-case-five-serbs-arrested-in-kosovo-ordered-detained-for-up-to-30-days\/#listItem","name":"OVER ALLEGED INVOLVEMENT IN THE RA\u010cAK CASE: Five Serbs Arrested in Kosovo Ordered Detained for Up to 30 Days!"},"previousItem":{"@type":"ListItem","@id":"https:\/\/serbiantimes.info\/en#listItem","name":"Home"}},{"@type":"ListItem","@id":"https:\/\/serbiantimes.info\/en\/over-alleged-involvement-in-the-racak-case-five-serbs-arrested-in-kosovo-ordered-detained-for-up-to-30-days\/#listItem","position":3,"name":"OVER ALLEGED INVOLVEMENT IN THE RA\u010cAK CASE: Five Serbs Arrested in Kosovo Ordered Detained for Up to 30 Days!","previousItem":{"@type":"ListItem","@id":"https:\/\/serbiantimes.info\/en\/category\/serbia\/#listItem","name":"SERBIA"}}]},{"@type":"Organization","@id":"https:\/\/serbiantimes.info\/en\/#organization","name":"Serbiantimes.info EN","url":"https:\/\/serbiantimes.info\/en\/","logo":{"@type":"ImageObject","url":"https:\/\/serbiantimes.info\/en\/wp-content\/uploads\/sites\/2\/2024\/10\/cropped-cropped-Serbian-Times-Header-Logo-1.png","@id":"https:\/\/serbiantimes.info\/en\/over-alleged-involvement-in-the-racak-case-five-serbs-arrested-in-kosovo-ordered-detained-for-up-to-30-days\/#organizationLogo","width":480,"height":100},"image":{"@id":"https:\/\/serbiantimes.info\/en\/over-alleged-involvement-in-the-racak-case-five-serbs-arrested-in-kosovo-ordered-detained-for-up-to-30-days\/#organizationLogo"}},{"@type":"Person","@id":"https:\/\/serbiantimes.info\/en\/author\/serbiantimes-portal\/#author","url":"https:\/\/serbiantimes.info\/en\/author\/serbiantimes-portal\/","name":"Serbian Times","image":{"@type":"ImageObject","@id":"https:\/\/serbiantimes.info\/en\/over-alleged-involvement-in-the-racak-case-five-serbs-arrested-in-kosovo-ordered-detained-for-up-to-30-days\/#authorImage","url":"https:\/\/secure.gravatar.com\/avatar\/ea76e009769270b4193e2bc7e032c096b4ae135483ec03b396fd0f520bc3dcfd?s=96&d=mm&r=g","width":96,"height":96,"caption":"Serbian Times"}},{"@type":"WebPage","@id":"https:\/\/serbiantimes.info\/en\/over-alleged-involvement-in-the-racak-case-five-serbs-arrested-in-kosovo-ordered-detained-for-up-to-30-days\/#webpage","url":"https:\/\/serbiantimes.info\/en\/over-alleged-involvement-in-the-racak-case-five-serbs-arrested-in-kosovo-ordered-detained-for-up-to-30-days\/","name":"OVER ALLEGED INVOLVEMENT IN THE RA\u010cAK CASE: Five Serbs Arrested in Kosovo Ordered Detained for Up to 30 Days! | Serbiantimes.info EN","description":"Lawyers representing the arrested Serbs have confirmed that the Court in Pristina has ordered one-month detention for five men taken into custody on suspicion that, as members of the Serbian police, they allegedly participated in the operation in Ra\u010dak on January 15, 1999. Iljir Morina, a prosecutor with the Special Prosecutor\u2019s Office in Pristina, confirmed","inLanguage":"en-US","isPartOf":{"@id":"https:\/\/serbiantimes.info\/en\/#website"},"breadcrumb":{"@id":"https:\/\/serbiantimes.info\/en\/over-alleged-involvement-in-the-racak-case-five-serbs-arrested-in-kosovo-ordered-detained-for-up-to-30-days\/#breadcrumblist"},"author":{"@id":"https:\/\/serbiantimes.info\/en\/author\/serbiantimes-portal\/#author"},"creator":{"@id":"https:\/\/serbiantimes.info\/en\/author\/serbiantimes-portal\/#author"},"image":{"@type":"ImageObject","url":"https:\/\/serbiantimes.info\/en\/wp-content\/uploads\/sites\/2\/2025\/03\/18152988_605.jpg","@id":"https:\/\/serbiantimes.info\/en\/over-alleged-involvement-in-the-racak-case-five-serbs-arrested-in-kosovo-ordered-detained-for-up-to-30-days\/#mainImage","width":1200,"height":750},"primaryImageOfPage":{"@id":"https:\/\/serbiantimes.info\/en\/over-alleged-involvement-in-the-racak-case-five-serbs-arrested-in-kosovo-ordered-detained-for-up-to-30-days\/#mainImage"},"datePublished":"2026-06-15T14:50:15+02:00","dateModified":"2026-06-15T14:50:15+02:00"},{"@type":"WebSite","@id":"https:\/\/serbiantimes.info\/en\/#website","url":"https:\/\/serbiantimes.info\/en\/","name":"Serbiantimes.info EN","inLanguage":"en-US","publisher":{"@id":"https:\/\/serbiantimes.info\/en\/#organization"}}]},"og:locale":"en_US","og:site_name":"Serbiantimes.info EN |","og:type":"article","og:title":"OVER ALLEGED INVOLVEMENT IN THE RA\u010cAK CASE: Five Serbs Arrested in Kosovo Ordered Detained for Up to 30 Days! | Serbiantimes.info EN","og:description":"Lawyers representing the arrested Serbs have confirmed that the Court in Pristina has ordered one-month detention for five men taken into custody on suspicion that, as members of the Serbian police, they allegedly participated in the operation in Ra\u010dak on January 15, 1999. Iljir Morina, a prosecutor with the Special Prosecutor\u2019s Office in Pristina, confirmed","og:url":"https:\/\/serbiantimes.info\/en\/over-alleged-involvement-in-the-racak-case-five-serbs-arrested-in-kosovo-ordered-detained-for-up-to-30-days\/","og:image":"https:\/\/serbiantimes.info\/en\/wp-content\/uploads\/sites\/2\/2025\/03\/18152988_605.jpg","og:image:secure_url":"https:\/\/serbiantimes.info\/en\/wp-content\/uploads\/sites\/2\/2025\/03\/18152988_605.jpg","og:image:width":1200,"og:image:height":750,"article:published_time":"2026-06-15T12:50:15+00:00","article:modified_time":"2026-06-15T12:50:15+00:00","twitter:card":"summary_large_image","twitter:title":"OVER ALLEGED INVOLVEMENT IN THE RA\u010cAK CASE: Five Serbs Arrested in Kosovo Ordered Detained for Up to 30 Days! | Serbiantimes.info EN","twitter:description":"Lawyers representing the arrested Serbs have confirmed that the Court in Pristina has ordered one-month detention for five men taken into custody on suspicion that, as members of the Serbian police, they allegedly participated in the operation in Ra\u010dak on January 15, 1999. Iljir Morina, a prosecutor with the Special Prosecutor\u2019s Office in Pristina, confirmed","twitter:image":"https:\/\/serbiantimes.info\/en\/wp-content\/uploads\/sites\/2\/2025\/03\/18152988_605.jpg"},"aioseo_meta_data":{"post_id":"212378","title":null,"description":null,"keywords":null,"keyphrases":{"focus":{"keyphrase":"","score":0,"analysis":{"keyphraseInTitle":{"score":0,"maxScore":9,"error":1}}},"additional":[]},"primary_term":null,"canonical_url":null,"og_title":null,"og_description":null,"og_object_type":"default","og_image_type":"default","og_image_url":null,"og_image_width":null,"og_image_height":null,"og_image_custom_url":null,"og_image_custom_fields":null,"og_video":"","og_custom_url":null,"og_article_section":null,"og_article_tags":null,"twitter_use_og":false,"twitter_card":"default","twitter_image_type":"default","twitter_image_url":null,"twitter_image_custom_url":null,"twitter_image_custom_fields":null,"twitter_title":null,"twitter_description":null,"schema":{"blockGraphs":[],"customGraphs":[],"default":{"data":{"Article":[],"Course":[],"Dataset":[],"FAQPage":[],"Movie":[],"Person":[],"Product":[],"ProductReview":[],"Car":[],"Recipe":[],"Service":[],"SoftwareApplication":[],"WebPage":[]},"graphName":"BlogPosting","isEnabled":true},"graphs":[]},"schema_type":"default","schema_type_options":null,"pillar_content":false,"robots_default":true,"robots_noindex":false,"robots_noarchive":false,"robots_nosnippet":false,"robots_nofollow":false,"robots_noimageindex":false,"robots_noodp":false,"robots_notranslate":false,"robots_max_snippet":"-1","robots_max_videopreview":"-1","robots_max_imagepreview":"large","priority":null,"frequency":"default","local_seo":null,"breadcrumb_settings":null,"limit_modified_date":false,"ai":{"faqs":[],"keyPoints":[],"titles":[],"descriptions":[],"socialPosts":{"email":[],"linkedin":[],"twitter":[],"facebook":[],"instagram":[]}},"created":"2026-06-15 12:34:07","updated":"2026-06-15 15:43:55","focus_keyword":null,"additional_keywords":null,"truseo_locale":null,"seo_analyzer_scan_date":null},"aioseo_breadcrumb":"<div class=\"aioseo-breadcrumbs\"><span class=\"aioseo-breadcrumb\">\n\t\t\t<a href=\"https:\/\/serbiantimes.info\/en\" title=\"Home\">Home<\/a>\n\t\t<\/span><span class=\"aioseo-breadcrumb-separator\">&raquo;<\/span><span class=\"aioseo-breadcrumb\">\n\t\t\t<a href=\"https:\/\/serbiantimes.info\/en\/category\/serbia\/\" title=\"SERBIA\">SERBIA<\/a>\n\t\t<\/span><span class=\"aioseo-breadcrumb-separator\">&raquo;<\/span><span class=\"aioseo-breadcrumb\">\n\t\t\tOVER ALLEGED INVOLVEMENT IN THE RA\u010cAK CASE: Five Serbs Arrested in Kosovo Ordered Detained for Up to 30 Days!\n\t\t<\/span><\/div>","aioseo_breadcrumb_json":[{"label":"Home","link":"https:\/\/serbiantimes.info\/en"},{"label":"SERBIA","link":"https:\/\/serbiantimes.info\/en\/category\/serbia\/"},{"label":"OVER ALLEGED INVOLVEMENT IN THE RA\u010cAK CASE: Five Serbs Arrested in Kosovo Ordered Detained for Up to 30 Days!","link":"https:\/\/serbiantimes.info\/en\/over-alleged-involvement-in-the-racak-case-five-serbs-arrested-in-kosovo-ordered-detained-for-up-to-30-days\/"}],"distributor_meta":false,"distributor_terms":false,"distributor_media":false,"distributor_original_site_name":"Serbiantimes.info EN","distributor_original_site_url":"https:\/\/serbiantimes.info\/en","push-errors":false,"_links":{"self":[{"href":"https:\/\/serbiantimes.info\/en\/wp-json\/wp\/v2\/posts\/212378","targetHints":{"allow":["GET"]}}],"collection":[{"href":"https:\/\/serbiantimes.info\/en\/wp-json\/wp\/v2\/posts"}],"about":[{"href":"https:\/\/serbiantimes.info\/en\/wp-json\/wp\/v2\/types\/post"}],"author":[{"embeddable":true,"href":"https:\/\/serbiantimes.info\/en\/wp-json\/wp\/v2\/users\/2169"}],"replies":[{"embeddable":true,"href":"https:\/\/serbiantimes.info\/en\/wp-json\/wp\/v2\/comments?post=212378"}],"version-history":[{"count":2,"href":"https:\/\/serbiantimes.info\/en\/wp-json\/wp\/v2\/posts\/212378\/revisions"}],"predecessor-version":[{"id":212410,"href":"https:\/\/serbiantimes.info\/en\/wp-json\/wp\/v2\/posts\/212378\/revisions\/212410"}],"wp:featuredmedia":[{"embeddable":true,"href":"https:\/\/serbiantimes.info\/en\/wp-json\/wp\/v2\/media\/168443"}],"wp:attachment":[{"href":"https:\/\/serbiantimes.info\/en\/wp-json\/wp\/v2\/media?parent=212378"}],"wp:term":[{"taxonomy":"category","embeddable":true,"href":"https:\/\/serbiantimes.info\/en\/wp-json\/wp\/v2\/categories?post=212378"},{"taxonomy":"post_tag","embeddable":true,"href":"https:\/\/serbiantimes.info\/en\/wp-json\/wp\/v2\/tags?post=212378"}],"curies":[{"name":"wp","href":"https:\/\/api.w.org\/{rel}","templated":true}]}}