{"id":212359,"date":"2026-06-15T14:35:25","date_gmt":"2026-06-15T12:35:25","guid":{"rendered":"https:\/\/serbiantimes.info\/en\/?p=212359"},"modified":"2026-06-15T14:35:26","modified_gmt":"2026-06-15T12:35:26","slug":"united-states-and-iran-reach-agreement-permanent-ceasefire-and-peace-deal-announced","status":"publish","type":"post","link":"https:\/\/serbiantimes.info\/en\/united-states-and-iran-reach-agreement-permanent-ceasefire-and-peace-deal-announced\/","title":{"rendered":"UNITED STATES AND IRAN REACH AGREEMENT: Permanent Ceasefire and Peace Deal Announced!"},"content":{"rendered":"\n<p class=\"wp-block-paragraph\">The United States and Iran have agreed to an immediate and permanent ceasefire on all fronts!<\/p>\n\n\n\n<p class=\"wp-block-paragraph\">The news was announced this evening by Pakistani Prime Minister Shehbaz Sharif, who served as a mediator in the negotiations.<\/p>\n\n\n\n<p class=\"wp-block-paragraph\">\u201cWe are pleased to announce that, following intensive talks, a peace agreement between the United States and the Islamic Republic of Iran has been reached. Both sides have declared an immediate and permanent cessation of military operations on all fronts, including Lebanon. The official signing ceremony will take place on Friday, June 19, in Switzerland.<\/p>\n\n\n\n<blockquote class=\"twitter-tweet\"><p lang=\"en\" dir=\"ltr\">Following intensive talks, we are pleased to announce that the Peace Deal between the United States of America and Islamic Republic of Iran has been REACHED. Both sides have declared the immediate and permanent termination of military operations on all fronts, including in\u2026<\/p>&mdash; Shehbaz Sharif (@CMShehbaz) <a href=\"https:\/\/x.com\/CMShehbaz\/status\/2066268332832194810?ref_src=twsrc%5Etfw\">June 14, 2026<\/a><\/blockquote> <script async src=\"https:\/\/platform.x.com\/widgets.js\" charset=\"utf-8\"><\/script>\n\n\n\n<p class=\"wp-block-paragraph\">We would like to thank the United States and the Islamic Republic of Iran for their commitment to finding a diplomatic solution to the conflict. We would also like to express our sincere gratitude to our brothers in these mediation efforts, the great leadership of the State of Qatar, for their support in achieving this agreement.<\/p>\n\n\n\n<p class=\"wp-block-paragraph\">I would especially like to thank the visionary leadership of the Kingdom of Saudi Arabia and the Republic of Turkey for their tremendous contribution in this regard. Now that the agreement has entered into force, the mediators will hold a series of meetings this week. These pre-implementation discussions will lay the groundwork for technical talks and the official signing ceremony,\u201d Sharif specified on his account on the social media platform X.<\/p>\n\n\n\n<p class=\"wp-block-paragraph\">Iranian news agency Mehr News Agency, it should be recalled, published the provisions of the draft peace agreement between Tehran and Washington on Thursday. The document consists of 14 points, one of which is an immediate and comprehensive cessation of hostilities.<\/p>\n\n\n\n<p class=\"wp-block-paragraph\">On Thursday, U.S. President Donald Trump announced that, as part of the agreement, the Islamic Republic would commit not to pursue nuclear weapons.<\/p>\n\n\n\n<p class=\"wp-block-paragraph\">The office of Israeli Prime Minister Benjamin Netanyahu claims that Iran will also abandon uranium enrichment, dismantle the facilities required for it, impose restrictions on missile production, and cease supporting pro-Iranian groups in the Middle East.<\/p>\n\n\n\n<h2 class=\"wp-block-heading\"><mark style=\"background-color:#FFFFFF;color:#d21414\" class=\"has-inline-color\">MORE TOPICS:<\/mark><\/h2>\n\n\n\n<p class=\"wp-block-paragraph\"><strong><a href=\"https:\/\/serbiantimes.info\/en\/two-great-tragedies-on-the-velika-morava-first-a-girl-13-drowned-and-then-two-boys-aged-15\/\" target=\"_blank\" rel=\"noopener\" title=\"\">TWO GREAT TRAGEDIES ON THE VELIKA MORAVA: First a girl (13) drowned, and then two boys aged 15!<\/a><\/strong><\/p>\n\n\n\n<p class=\"wp-block-paragraph\"><strong><a href=\"https:\/\/serbiantimes.info\/en\/patrijarh-porfirije-na-udaru-kritika-na-ispracaju-pojasa-presvete-bogorodice-nazvao-deo-vernika-debilima-video\/\" target=\"_blank\" rel=\"noopener\" title=\"\">PATRIARCH PORFIRIJE UNDER FIRE: At the send-off of the belt of the Most Holy Mother of God, he called a part of the believers \u201cmorons\u201d! (VIDEO)<\/a><\/strong><\/p>\n\n\n\n<p class=\"wp-block-paragraph\"><strong><a href=\"https:\/\/serbiantimes.info\/en\/father-and-son-shined-in-the-czech-republic-automobilists-milovan-and-dorde-vesnic-set-track-records-and-climbed-the-winning-podium\/\" target=\"_blank\" rel=\"noopener\" title=\"\">FATHER AND SON SHINED IN THE CZECH REPUBLIC: Automobilists Milovan and \u0110or\u0111e Vesni\u0107 set track records and climbed the winning podium!<\/a><\/strong><\/p>\n\n\n\n<p class=\"wp-block-paragraph\"><strong><a href=\"https:\/\/serbiantimes.info\/en\/serbian-brutally-killed-in-barcelona-attacker-fired-multiple-shots-into-his-back-neighbors-tried-to-save-him-disturbing-video\/\" target=\"_blank\" rel=\"noopener\" title=\"\">SERBIAN BRUTALLY KILLED IN BARCELONA: Attacker fired multiple shots into his back, neighbors tried to save him! (DISTURBING VIDEO)<\/a><\/strong><\/p>\n\n\n\n<p class=\"wp-block-paragraph\"><strong><a href=\"https:\/\/serbiantimes.info\/en\/based-on-99-4-percent-of-processed-votes-srpska-lista-won-an-absolute-majority-in-all-serbian-areas\/\" target=\"_blank\" rel=\"noopener\" title=\"\">BASED ON 99.4 PERCENT OF PROCESSED VOTES: Srpska lista won an absolute majority in all Serbian areas!<\/a><\/strong><\/p>\n\n\n\n<p class=\"wp-block-paragraph\"><strong><a href=\"https:\/\/serbiantimes.info\/en\/the-peters-fast-begins-today-here-is-how-long-it-lasts-and-what-should-be-observed\/\" target=\"_blank\" rel=\"noopener\" title=\"\">THE PETER\u2019S FAST BEGINS TODAY: Here is how long it lasts and what should be observed!<\/a><\/strong><\/p>\n\n\n\n<p class=\"wp-block-paragraph\"><strong><strong>Source<\/strong><\/strong>: <a href=\"https:\/\/www.telegraf.rs\/vesti\/svet\/4343129-amerika-i-iran-postigli-mirovni-sporazum-poznato-i-gde-ce-dokument-biti-potpisan\" target=\"_blank\" rel=\"noopener\" title=\"\">Telegraf<\/a> Foto: Chatgpt ilustracija<\/p>\n\n\n\n<p class=\"wp-block-paragraph\"><\/p>\n","protected":false},"excerpt":{"rendered":"<p>The United States and Iran have agreed to an immediate and permanent ceasefire on all fronts! The news was announced this evening by Pakistani Prime Minister Shehbaz Sharif, who served as a mediator in the negotiations. \u201cWe are pleased to announce that, following intensive talks, a peace agreement between the United States and the Islamic [&hellip;]<\/p>\n","protected":false},"author":2169,"featured_media":212360,"comment_status":"open","ping_status":"open","sticky":false,"template":"","format":"standard","meta":{"newspack_featured_image_position":"","newspack_post_subtitle":"","newspack_article_summary_title":"Overview:","newspack_article_summary":"","newspack_hide_updated_date":false,"newspack_show_updated_date":false,"footnotes":""},"categories":[4],"tags":[71,75,11439],"class_list":["post-212359","post","type-post","status-publish","format-standard","has-post-thumbnail","hentry","category-breaking","tag-amerika","tag-iran","tag-rat-u-iranu","entry"],"aioseo_notices":[],"aioseo_head":"\n\t\t<!-- All in One SEO 5.0.1.1 - aioseo.com -->\n\t<meta name=\"description\" content=\"The United States and Iran have agreed to an immediate and permanent ceasefire on all fronts! The news was announced this evening by Pakistani Prime Minister Shehbaz Sharif, who served as a mediator in the negotiations. \u201cWe are pleased to announce that, following intensive talks, a peace agreement between the United States and the Islamic\" \/>\n\t<meta name=\"robots\" content=\"max-image-preview:large\" \/>\n\t<meta name=\"author\" content=\"Serbian Times\"\/>\n\t<link rel=\"canonical\" href=\"https:\/\/serbiantimes.info\/en\/united-states-and-iran-reach-agreement-permanent-ceasefire-and-peace-deal-announced\/\" \/>\n\t<meta name=\"generator\" content=\"All in One SEO (AIOSEO) 5.0.1.1\" \/>\n\t\t<meta property=\"og:locale\" content=\"en_US\" \/>\n\t\t<meta property=\"og:site_name\" content=\"Serbiantimes.info EN |\" \/>\n\t\t<meta property=\"og:type\" content=\"article\" \/>\n\t\t<meta property=\"og:title\" content=\"UNITED STATES AND IRAN REACH AGREEMENT: Permanent Ceasefire and Peace Deal Announced! | Serbiantimes.info EN\" \/>\n\t\t<meta property=\"og:description\" content=\"The United States and Iran have agreed to an immediate and permanent ceasefire on all fronts! The news was announced this evening by Pakistani Prime Minister Shehbaz Sharif, who served as a mediator in the negotiations. \u201cWe are pleased to announce that, following intensive talks, a peace agreement between the United States and the Islamic\" \/>\n\t\t<meta property=\"og:url\" content=\"https:\/\/serbiantimes.info\/en\/united-states-and-iran-reach-agreement-permanent-ceasefire-and-peace-deal-announced\/\" \/>\n\t\t<meta property=\"og:image\" content=\"https:\/\/serbiantimes.info\/en\/wp-content\/uploads\/sites\/2\/2026\/06\/EMA-ST-Montaze-7.jpg\" \/>\n\t\t<meta property=\"og:image:secure_url\" content=\"https:\/\/serbiantimes.info\/en\/wp-content\/uploads\/sites\/2\/2026\/06\/EMA-ST-Montaze-7.jpg\" \/>\n\t\t<meta property=\"og:image:width\" content=\"1200\" \/>\n\t\t<meta property=\"og:image:height\" content=\"750\" \/>\n\t\t<meta property=\"article:published_time\" content=\"2026-06-15T12:35:25+00:00\" \/>\n\t\t<meta property=\"article:modified_time\" content=\"2026-06-15T12:35:26+00:00\" \/>\n\t\t<meta name=\"twitter:card\" content=\"summary_large_image\" \/>\n\t\t<meta name=\"twitter:title\" content=\"UNITED STATES AND IRAN REACH AGREEMENT: Permanent Ceasefire and Peace Deal Announced! | Serbiantimes.info EN\" \/>\n\t\t<meta name=\"twitter:description\" content=\"The United States and Iran have agreed to an immediate and permanent ceasefire on all fronts! The news was announced this evening by Pakistani Prime Minister Shehbaz Sharif, who served as a mediator in the negotiations. \u201cWe are pleased to announce that, following intensive talks, a peace agreement between the United States and the Islamic\" \/>\n\t\t<meta name=\"twitter:image\" content=\"https:\/\/serbiantimes.info\/en\/wp-content\/uploads\/sites\/2\/2026\/06\/EMA-ST-Montaze-7.jpg\" \/>\n\t\t<script type=\"application\/ld+json\" class=\"aioseo-schema\">\n\t\t\t{\"@context\":\"https:\\\/\\\/schema.org\",\"@graph\":[{\"@type\":\"BlogPosting\",\"@id\":\"https:\\\/\\\/serbiantimes.info\\\/en\\\/united-states-and-iran-reach-agreement-permanent-ceasefire-and-peace-deal-announced\\\/#blogposting\",\"name\":\"UNITED STATES AND IRAN REACH AGREEMENT: Permanent Ceasefire and Peace Deal Announced! | Serbiantimes.info EN\",\"headline\":\"UNITED STATES AND IRAN REACH AGREEMENT: Permanent Ceasefire and Peace Deal Announced!\",\"author\":{\"@id\":\"https:\\\/\\\/serbiantimes.info\\\/en\\\/author\\\/serbiantimes-portal\\\/#author\"},\"publisher\":{\"@id\":\"https:\\\/\\\/serbiantimes.info\\\/en\\\/#organization\"},\"image\":{\"@type\":\"ImageObject\",\"url\":\"https:\\\/\\\/serbiantimes.info\\\/en\\\/wp-content\\\/uploads\\\/sites\\\/2\\\/2026\\\/06\\\/EMA-ST-Montaze-7.jpg\",\"width\":1200,\"height\":750},\"datePublished\":\"2026-06-15T14:35:25+02:00\",\"dateModified\":\"2026-06-15T14:35:26+02:00\",\"inLanguage\":\"en-US\",\"mainEntityOfPage\":{\"@id\":\"https:\\\/\\\/serbiantimes.info\\\/en\\\/united-states-and-iran-reach-agreement-permanent-ceasefire-and-peace-deal-announced\\\/#webpage\"},\"isPartOf\":{\"@id\":\"https:\\\/\\\/serbiantimes.info\\\/en\\\/united-states-and-iran-reach-agreement-permanent-ceasefire-and-peace-deal-announced\\\/#webpage\"},\"articleSection\":\"BREAKING, Amerika, Iran, rat u iranu\"},{\"@type\":\"BreadcrumbList\",\"@id\":\"https:\\\/\\\/serbiantimes.info\\\/en\\\/united-states-and-iran-reach-agreement-permanent-ceasefire-and-peace-deal-announced\\\/#breadcrumblist\",\"itemListElement\":[{\"@type\":\"ListItem\",\"@id\":\"https:\\\/\\\/serbiantimes.info\\\/en#listItem\",\"position\":1,\"name\":\"Home\",\"item\":\"https:\\\/\\\/serbiantimes.info\\\/en\",\"nextItem\":{\"@type\":\"ListItem\",\"@id\":\"https:\\\/\\\/serbiantimes.info\\\/en\\\/category\\\/breaking\\\/#listItem\",\"name\":\"BREAKING\"}},{\"@type\":\"ListItem\",\"@id\":\"https:\\\/\\\/serbiantimes.info\\\/en\\\/category\\\/breaking\\\/#listItem\",\"position\":2,\"name\":\"BREAKING\",\"item\":\"https:\\\/\\\/serbiantimes.info\\\/en\\\/category\\\/breaking\\\/\",\"nextItem\":{\"@type\":\"ListItem\",\"@id\":\"https:\\\/\\\/serbiantimes.info\\\/en\\\/united-states-and-iran-reach-agreement-permanent-ceasefire-and-peace-deal-announced\\\/#listItem\",\"name\":\"UNITED STATES AND IRAN REACH AGREEMENT: Permanent Ceasefire and Peace Deal Announced!\"},\"previousItem\":{\"@type\":\"ListItem\",\"@id\":\"https:\\\/\\\/serbiantimes.info\\\/en#listItem\",\"name\":\"Home\"}},{\"@type\":\"ListItem\",\"@id\":\"https:\\\/\\\/serbiantimes.info\\\/en\\\/united-states-and-iran-reach-agreement-permanent-ceasefire-and-peace-deal-announced\\\/#listItem\",\"position\":3,\"name\":\"UNITED STATES AND IRAN REACH AGREEMENT: Permanent Ceasefire and Peace Deal Announced!\",\"previousItem\":{\"@type\":\"ListItem\",\"@id\":\"https:\\\/\\\/serbiantimes.info\\\/en\\\/category\\\/breaking\\\/#listItem\",\"name\":\"BREAKING\"}}]},{\"@type\":\"Organization\",\"@id\":\"https:\\\/\\\/serbiantimes.info\\\/en\\\/#organization\",\"name\":\"Serbiantimes.info EN\",\"url\":\"https:\\\/\\\/serbiantimes.info\\\/en\\\/\",\"logo\":{\"@type\":\"ImageObject\",\"url\":\"https:\\\/\\\/serbiantimes.info\\\/en\\\/wp-content\\\/uploads\\\/sites\\\/2\\\/2024\\\/10\\\/cropped-cropped-Serbian-Times-Header-Logo-1.png\",\"@id\":\"https:\\\/\\\/serbiantimes.info\\\/en\\\/united-states-and-iran-reach-agreement-permanent-ceasefire-and-peace-deal-announced\\\/#organizationLogo\",\"width\":480,\"height\":100},\"image\":{\"@id\":\"https:\\\/\\\/serbiantimes.info\\\/en\\\/united-states-and-iran-reach-agreement-permanent-ceasefire-and-peace-deal-announced\\\/#organizationLogo\"}},{\"@type\":\"Person\",\"@id\":\"https:\\\/\\\/serbiantimes.info\\\/en\\\/author\\\/serbiantimes-portal\\\/#author\",\"url\":\"https:\\\/\\\/serbiantimes.info\\\/en\\\/author\\\/serbiantimes-portal\\\/\",\"name\":\"Serbian Times\",\"image\":{\"@type\":\"ImageObject\",\"@id\":\"https:\\\/\\\/serbiantimes.info\\\/en\\\/united-states-and-iran-reach-agreement-permanent-ceasefire-and-peace-deal-announced\\\/#authorImage\",\"url\":\"https:\\\/\\\/secure.gravatar.com\\\/avatar\\\/ea76e009769270b4193e2bc7e032c096b4ae135483ec03b396fd0f520bc3dcfd?s=96&d=mm&r=g\",\"width\":96,\"height\":96,\"caption\":\"Serbian Times\"}},{\"@type\":\"WebPage\",\"@id\":\"https:\\\/\\\/serbiantimes.info\\\/en\\\/united-states-and-iran-reach-agreement-permanent-ceasefire-and-peace-deal-announced\\\/#webpage\",\"url\":\"https:\\\/\\\/serbiantimes.info\\\/en\\\/united-states-and-iran-reach-agreement-permanent-ceasefire-and-peace-deal-announced\\\/\",\"name\":\"UNITED STATES AND IRAN REACH AGREEMENT: Permanent Ceasefire and Peace Deal Announced! | Serbiantimes.info EN\",\"description\":\"The United States and Iran have agreed to an immediate and permanent ceasefire on all fronts! The news was announced this evening by Pakistani Prime Minister Shehbaz Sharif, who served as a mediator in the negotiations. \\u201cWe are pleased to announce that, following intensive talks, a peace agreement between the United States and the Islamic\",\"inLanguage\":\"en-US\",\"isPartOf\":{\"@id\":\"https:\\\/\\\/serbiantimes.info\\\/en\\\/#website\"},\"breadcrumb\":{\"@id\":\"https:\\\/\\\/serbiantimes.info\\\/en\\\/united-states-and-iran-reach-agreement-permanent-ceasefire-and-peace-deal-announced\\\/#breadcrumblist\"},\"author\":{\"@id\":\"https:\\\/\\\/serbiantimes.info\\\/en\\\/author\\\/serbiantimes-portal\\\/#author\"},\"creator\":{\"@id\":\"https:\\\/\\\/serbiantimes.info\\\/en\\\/author\\\/serbiantimes-portal\\\/#author\"},\"image\":{\"@type\":\"ImageObject\",\"url\":\"https:\\\/\\\/serbiantimes.info\\\/en\\\/wp-content\\\/uploads\\\/sites\\\/2\\\/2026\\\/06\\\/EMA-ST-Montaze-7.jpg\",\"@id\":\"https:\\\/\\\/serbiantimes.info\\\/en\\\/united-states-and-iran-reach-agreement-permanent-ceasefire-and-peace-deal-announced\\\/#mainImage\",\"width\":1200,\"height\":750},\"primaryImageOfPage\":{\"@id\":\"https:\\\/\\\/serbiantimes.info\\\/en\\\/united-states-and-iran-reach-agreement-permanent-ceasefire-and-peace-deal-announced\\\/#mainImage\"},\"datePublished\":\"2026-06-15T14:35:25+02:00\",\"dateModified\":\"2026-06-15T14:35:26+02:00\"},{\"@type\":\"WebSite\",\"@id\":\"https:\\\/\\\/serbiantimes.info\\\/en\\\/#website\",\"url\":\"https:\\\/\\\/serbiantimes.info\\\/en\\\/\",\"name\":\"Serbiantimes.info EN\",\"inLanguage\":\"en-US\",\"publisher\":{\"@id\":\"https:\\\/\\\/serbiantimes.info\\\/en\\\/#organization\"}}]}\n\t\t<\/script>\n\t\t<!-- All in One SEO -->\n\n","aioseo_head_json":{"title":"UNITED STATES AND IRAN REACH AGREEMENT: Permanent Ceasefire and Peace Deal Announced! | Serbiantimes.info EN","description":"The United States and Iran have agreed to an immediate and permanent ceasefire on all fronts! The news was announced this evening by Pakistani Prime Minister Shehbaz Sharif, who served as a mediator in the negotiations. \u201cWe are pleased to announce that, following intensive talks, a peace agreement between the United States and the Islamic","canonical_url":"https:\/\/serbiantimes.info\/en\/united-states-and-iran-reach-agreement-permanent-ceasefire-and-peace-deal-announced\/","robots":"max-image-preview:large","keywords":"","webmasterTools":{"miscellaneous":""},"schema":{"@context":"https:\/\/schema.org","@graph":[{"@type":"BlogPosting","@id":"https:\/\/serbiantimes.info\/en\/united-states-and-iran-reach-agreement-permanent-ceasefire-and-peace-deal-announced\/#blogposting","name":"UNITED STATES AND IRAN REACH AGREEMENT: Permanent Ceasefire and Peace Deal Announced! | Serbiantimes.info EN","headline":"UNITED STATES AND IRAN REACH AGREEMENT: Permanent Ceasefire and Peace Deal Announced!","author":{"@id":"https:\/\/serbiantimes.info\/en\/author\/serbiantimes-portal\/#author"},"publisher":{"@id":"https:\/\/serbiantimes.info\/en\/#organization"},"image":{"@type":"ImageObject","url":"https:\/\/serbiantimes.info\/en\/wp-content\/uploads\/sites\/2\/2026\/06\/EMA-ST-Montaze-7.jpg","width":1200,"height":750},"datePublished":"2026-06-15T14:35:25+02:00","dateModified":"2026-06-15T14:35:26+02:00","inLanguage":"en-US","mainEntityOfPage":{"@id":"https:\/\/serbiantimes.info\/en\/united-states-and-iran-reach-agreement-permanent-ceasefire-and-peace-deal-announced\/#webpage"},"isPartOf":{"@id":"https:\/\/serbiantimes.info\/en\/united-states-and-iran-reach-agreement-permanent-ceasefire-and-peace-deal-announced\/#webpage"},"articleSection":"BREAKING, Amerika, Iran, rat u iranu"},{"@type":"BreadcrumbList","@id":"https:\/\/serbiantimes.info\/en\/united-states-and-iran-reach-agreement-permanent-ceasefire-and-peace-deal-announced\/#breadcrumblist","itemListElement":[{"@type":"ListItem","@id":"https:\/\/serbiantimes.info\/en#listItem","position":1,"name":"Home","item":"https:\/\/serbiantimes.info\/en","nextItem":{"@type":"ListItem","@id":"https:\/\/serbiantimes.info\/en\/category\/breaking\/#listItem","name":"BREAKING"}},{"@type":"ListItem","@id":"https:\/\/serbiantimes.info\/en\/category\/breaking\/#listItem","position":2,"name":"BREAKING","item":"https:\/\/serbiantimes.info\/en\/category\/breaking\/","nextItem":{"@type":"ListItem","@id":"https:\/\/serbiantimes.info\/en\/united-states-and-iran-reach-agreement-permanent-ceasefire-and-peace-deal-announced\/#listItem","name":"UNITED STATES AND IRAN REACH AGREEMENT: Permanent Ceasefire and Peace Deal Announced!"},"previousItem":{"@type":"ListItem","@id":"https:\/\/serbiantimes.info\/en#listItem","name":"Home"}},{"@type":"ListItem","@id":"https:\/\/serbiantimes.info\/en\/united-states-and-iran-reach-agreement-permanent-ceasefire-and-peace-deal-announced\/#listItem","position":3,"name":"UNITED STATES AND IRAN REACH AGREEMENT: Permanent Ceasefire and Peace Deal Announced!","previousItem":{"@type":"ListItem","@id":"https:\/\/serbiantimes.info\/en\/category\/breaking\/#listItem","name":"BREAKING"}}]},{"@type":"Organization","@id":"https:\/\/serbiantimes.info\/en\/#organization","name":"Serbiantimes.info EN","url":"https:\/\/serbiantimes.info\/en\/","logo":{"@type":"ImageObject","url":"https:\/\/serbiantimes.info\/en\/wp-content\/uploads\/sites\/2\/2024\/10\/cropped-cropped-Serbian-Times-Header-Logo-1.png","@id":"https:\/\/serbiantimes.info\/en\/united-states-and-iran-reach-agreement-permanent-ceasefire-and-peace-deal-announced\/#organizationLogo","width":480,"height":100},"image":{"@id":"https:\/\/serbiantimes.info\/en\/united-states-and-iran-reach-agreement-permanent-ceasefire-and-peace-deal-announced\/#organizationLogo"}},{"@type":"Person","@id":"https:\/\/serbiantimes.info\/en\/author\/serbiantimes-portal\/#author","url":"https:\/\/serbiantimes.info\/en\/author\/serbiantimes-portal\/","name":"Serbian Times","image":{"@type":"ImageObject","@id":"https:\/\/serbiantimes.info\/en\/united-states-and-iran-reach-agreement-permanent-ceasefire-and-peace-deal-announced\/#authorImage","url":"https:\/\/secure.gravatar.com\/avatar\/ea76e009769270b4193e2bc7e032c096b4ae135483ec03b396fd0f520bc3dcfd?s=96&d=mm&r=g","width":96,"height":96,"caption":"Serbian Times"}},{"@type":"WebPage","@id":"https:\/\/serbiantimes.info\/en\/united-states-and-iran-reach-agreement-permanent-ceasefire-and-peace-deal-announced\/#webpage","url":"https:\/\/serbiantimes.info\/en\/united-states-and-iran-reach-agreement-permanent-ceasefire-and-peace-deal-announced\/","name":"UNITED STATES AND IRAN REACH AGREEMENT: Permanent Ceasefire and Peace Deal Announced! | Serbiantimes.info EN","description":"The United States and Iran have agreed to an immediate and permanent ceasefire on all fronts! The news was announced this evening by Pakistani Prime Minister Shehbaz Sharif, who served as a mediator in the negotiations. \u201cWe are pleased to announce that, following intensive talks, a peace agreement between the United States and the Islamic","inLanguage":"en-US","isPartOf":{"@id":"https:\/\/serbiantimes.info\/en\/#website"},"breadcrumb":{"@id":"https:\/\/serbiantimes.info\/en\/united-states-and-iran-reach-agreement-permanent-ceasefire-and-peace-deal-announced\/#breadcrumblist"},"author":{"@id":"https:\/\/serbiantimes.info\/en\/author\/serbiantimes-portal\/#author"},"creator":{"@id":"https:\/\/serbiantimes.info\/en\/author\/serbiantimes-portal\/#author"},"image":{"@type":"ImageObject","url":"https:\/\/serbiantimes.info\/en\/wp-content\/uploads\/sites\/2\/2026\/06\/EMA-ST-Montaze-7.jpg","@id":"https:\/\/serbiantimes.info\/en\/united-states-and-iran-reach-agreement-permanent-ceasefire-and-peace-deal-announced\/#mainImage","width":1200,"height":750},"primaryImageOfPage":{"@id":"https:\/\/serbiantimes.info\/en\/united-states-and-iran-reach-agreement-permanent-ceasefire-and-peace-deal-announced\/#mainImage"},"datePublished":"2026-06-15T14:35:25+02:00","dateModified":"2026-06-15T14:35:26+02:00"},{"@type":"WebSite","@id":"https:\/\/serbiantimes.info\/en\/#website","url":"https:\/\/serbiantimes.info\/en\/","name":"Serbiantimes.info EN","inLanguage":"en-US","publisher":{"@id":"https:\/\/serbiantimes.info\/en\/#organization"}}]},"og:locale":"en_US","og:site_name":"Serbiantimes.info EN |","og:type":"article","og:title":"UNITED STATES AND IRAN REACH AGREEMENT: Permanent Ceasefire and Peace Deal Announced! | Serbiantimes.info EN","og:description":"The United States and Iran have agreed to an immediate and permanent ceasefire on all fronts! The news was announced this evening by Pakistani Prime Minister Shehbaz Sharif, who served as a mediator in the negotiations. \u201cWe are pleased to announce that, following intensive talks, a peace agreement between the United States and the Islamic","og:url":"https:\/\/serbiantimes.info\/en\/united-states-and-iran-reach-agreement-permanent-ceasefire-and-peace-deal-announced\/","og:image":"https:\/\/serbiantimes.info\/en\/wp-content\/uploads\/sites\/2\/2026\/06\/EMA-ST-Montaze-7.jpg","og:image:secure_url":"https:\/\/serbiantimes.info\/en\/wp-content\/uploads\/sites\/2\/2026\/06\/EMA-ST-Montaze-7.jpg","og:image:width":1200,"og:image:height":750,"article:published_time":"2026-06-15T12:35:25+00:00","article:modified_time":"2026-06-15T12:35:26+00:00","twitter:card":"summary_large_image","twitter:title":"UNITED STATES AND IRAN REACH AGREEMENT: Permanent Ceasefire and Peace Deal Announced! | Serbiantimes.info EN","twitter:description":"The United States and Iran have agreed to an immediate and permanent ceasefire on all fronts! The news was announced this evening by Pakistani Prime Minister Shehbaz Sharif, who served as a mediator in the negotiations. \u201cWe are pleased to announce that, following intensive talks, a peace agreement between the United States and the Islamic","twitter:image":"https:\/\/serbiantimes.info\/en\/wp-content\/uploads\/sites\/2\/2026\/06\/EMA-ST-Montaze-7.jpg"},"aioseo_meta_data":{"post_id":"212359","title":null,"description":null,"keywords":null,"keyphrases":{"focus":{"keyphrase":"","score":0,"analysis":{"keyphraseInTitle":{"score":0,"maxScore":9,"error":1}}},"additional":[]},"primary_term":null,"canonical_url":null,"og_title":null,"og_description":null,"og_object_type":"default","og_image_type":"default","og_image_url":null,"og_image_width":null,"og_image_height":null,"og_image_custom_url":null,"og_image_custom_fields":null,"og_video":"","og_custom_url":null,"og_article_section":null,"og_article_tags":null,"twitter_use_og":false,"twitter_card":"default","twitter_image_type":"default","twitter_image_url":null,"twitter_image_custom_url":null,"twitter_image_custom_fields":null,"twitter_title":null,"twitter_description":null,"schema":{"blockGraphs":[],"customGraphs":[],"default":{"data":{"Article":[],"Course":[],"Dataset":[],"FAQPage":[],"Movie":[],"Person":[],"Product":[],"ProductReview":[],"Car":[],"Recipe":[],"Service":[],"SoftwareApplication":[],"WebPage":[]},"graphName":"BlogPosting","isEnabled":true},"graphs":[]},"schema_type":"default","schema_type_options":null,"pillar_content":false,"robots_default":true,"robots_noindex":false,"robots_noarchive":false,"robots_nosnippet":false,"robots_nofollow":false,"robots_noimageindex":false,"robots_noodp":false,"robots_notranslate":false,"robots_max_snippet":"-1","robots_max_videopreview":"-1","robots_max_imagepreview":"large","priority":null,"frequency":"default","local_seo":null,"breadcrumb_settings":null,"limit_modified_date":false,"ai":{"faqs":[],"keyPoints":[],"titles":[],"descriptions":[],"socialPosts":{"email":[],"linkedin":[],"twitter":[],"facebook":[],"instagram":[]}},"created":"2026-06-15 12:34:05","updated":"2026-06-15 12:37:31","focus_keyword":null,"additional_keywords":null,"truseo_locale":null,"seo_analyzer_scan_date":null},"aioseo_breadcrumb":"<div class=\"aioseo-breadcrumbs\"><span class=\"aioseo-breadcrumb\">\n\t\t\t<a href=\"https:\/\/serbiantimes.info\/en\" title=\"Home\">Home<\/a>\n\t\t<\/span><span class=\"aioseo-breadcrumb-separator\">&raquo;<\/span><span class=\"aioseo-breadcrumb\">\n\t\t\t<a href=\"https:\/\/serbiantimes.info\/en\/category\/breaking\/\" title=\"BREAKING\">BREAKING<\/a>\n\t\t<\/span><span class=\"aioseo-breadcrumb-separator\">&raquo;<\/span><span class=\"aioseo-breadcrumb\">\n\t\t\tUNITED STATES AND IRAN REACH AGREEMENT: Permanent Ceasefire and Peace Deal Announced!\n\t\t<\/span><\/div>","aioseo_breadcrumb_json":[{"label":"Home","link":"https:\/\/serbiantimes.info\/en"},{"label":"BREAKING","link":"https:\/\/serbiantimes.info\/en\/category\/breaking\/"},{"label":"UNITED STATES AND IRAN REACH AGREEMENT: Permanent Ceasefire and Peace Deal Announced!","link":"https:\/\/serbiantimes.info\/en\/united-states-and-iran-reach-agreement-permanent-ceasefire-and-peace-deal-announced\/"}],"distributor_meta":false,"distributor_terms":false,"distributor_media":false,"distributor_original_site_name":"Serbiantimes.info EN","distributor_original_site_url":"https:\/\/serbiantimes.info\/en","push-errors":false,"_links":{"self":[{"href":"https:\/\/serbiantimes.info\/en\/wp-json\/wp\/v2\/posts\/212359","targetHints":{"allow":["GET"]}}],"collection":[{"href":"https:\/\/serbiantimes.info\/en\/wp-json\/wp\/v2\/posts"}],"about":[{"href":"https:\/\/serbiantimes.info\/en\/wp-json\/wp\/v2\/types\/post"}],"author":[{"embeddable":true,"href":"https:\/\/serbiantimes.info\/en\/wp-json\/wp\/v2\/users\/2169"}],"replies":[{"embeddable":true,"href":"https:\/\/serbiantimes.info\/en\/wp-json\/wp\/v2\/comments?post=212359"}],"version-history":[{"count":2,"href":"https:\/\/serbiantimes.info\/en\/wp-json\/wp\/v2\/posts\/212359\/revisions"}],"predecessor-version":[{"id":212399,"href":"https:\/\/serbiantimes.info\/en\/wp-json\/wp\/v2\/posts\/212359\/revisions\/212399"}],"wp:featuredmedia":[{"embeddable":true,"href":"https:\/\/serbiantimes.info\/en\/wp-json\/wp\/v2\/media\/212360"}],"wp:attachment":[{"href":"https:\/\/serbiantimes.info\/en\/wp-json\/wp\/v2\/media?parent=212359"}],"wp:term":[{"taxonomy":"category","embeddable":true,"href":"https:\/\/serbiantimes.info\/en\/wp-json\/wp\/v2\/categories?post=212359"},{"taxonomy":"post_tag","embeddable":true,"href":"https:\/\/serbiantimes.info\/en\/wp-json\/wp\/v2\/tags?post=212359"}],"curies":[{"name":"wp","href":"https:\/\/api.w.org\/{rel}","templated":true}]}}