{"id":212062,"date":"2026-06-11T18:02:29","date_gmt":"2026-06-11T16:02:29","guid":{"rendered":"https:\/\/serbiantimes.info\/en\/?p=212062"},"modified":"2026-06-11T18:02:30","modified_gmt":"2026-06-11T16:02:30","slug":"knocked-on-the-door-with-a-warrant-police-tried-to-detain-transport-operator-jacimovic-then-had-to-call-an-ambulance","status":"publish","type":"post","link":"https:\/\/serbiantimes.info\/en\/knocked-on-the-door-with-a-warrant-police-tried-to-detain-transport-operator-jacimovic-then-had-to-call-an-ambulance\/","title":{"rendered":"KNOCKED ON THE DOOR WITH A WARRANT: Police tried to detain transport operator Ja\u0107imovi\u0107, then had to call an ambulance!"},"content":{"rendered":"\n<p class=\"wp-block-paragraph\">Police knocked on the door of transport operator Milomir Ja\u0107imovi\u0107 this morning with a detention warrant. However, as Ja\u0107imovi\u0107&#8217;s son Milan told Nova, he fell ill, which is why they had to call an ambulance.<\/p>\n\n\n\n<p class=\"wp-block-paragraph\">Police attempted to detain transport operator Milomir Ja\u0107imovi\u0107 this morning, and his son said in an interview with Nova that officers arrived at their door with a warrant.<\/p>\n\n\n\n<p class=\"wp-block-paragraph\">&#8220;He was allegedly required to report regarding something he had before the Misdemeanor Court, but he had not been informed about it. Since he did not appear when he was supposed to, they issued a warrant to bring him in. However, he became ill, so we had to call an ambulance. They gave him injections and he has since fallen asleep,&#8221; Milan Ja\u0107imovi\u0107 told Nova.<\/p>\n\n\n\n<p class=\"wp-block-paragraph\">He says he does not know whether the police will return with the same warrant.<\/p>\n\n\n\n<h4 class=\"wp-block-heading\"><mark style=\"background-color:#FFFFFF;color:#d21414\" class=\"has-inline-color\">MORE TOPICS:<\/mark><\/h4>\n\n\n\n<p class=\"wp-block-paragraph\"><strong><a href=\"https:\/\/serbiantimes.info\/en\/two-great-tragedies-on-the-velika-morava-first-a-girl-13-drowned-and-then-two-boys-aged-15\/\" target=\"_blank\" rel=\"noopener\" title=\"\">TWO GREAT TRAGEDIES ON THE VELIKA MORAVA: First a girl (13) drowned, and then two boys aged 15!<\/a><\/strong><\/p>\n\n\n\n<p class=\"wp-block-paragraph\"><strong><a href=\"https:\/\/serbiantimes.info\/en\/patrijarh-porfirije-na-udaru-kritika-na-ispracaju-pojasa-presvete-bogorodice-nazvao-deo-vernika-debilima-video\/\" target=\"_blank\" rel=\"noopener\" title=\"\">PATRIARCH PORFIRIJE UNDER FIRE: At the send-off of the belt of the Most Holy Mother of God, he called a part of the believers \u201cmorons\u201d! (VIDEO)<\/a><\/strong><\/p>\n\n\n\n<p class=\"wp-block-paragraph\"><strong><a href=\"https:\/\/serbiantimes.info\/en\/father-and-son-shined-in-the-czech-republic-automobilists-milovan-and-dorde-vesnic-set-track-records-and-climbed-the-winning-podium\/\" target=\"_blank\" rel=\"noopener\" title=\"\">FATHER AND SON SHINED IN THE CZECH REPUBLIC: Automobilists Milovan and \u0110or\u0111e Vesni\u0107 set track records and climbed the winning podium!<\/a><\/strong><\/p>\n\n\n\n<p class=\"wp-block-paragraph\"><strong><a href=\"https:\/\/serbiantimes.info\/en\/serbian-brutally-killed-in-barcelona-attacker-fired-multiple-shots-into-his-back-neighbors-tried-to-save-him-disturbing-video\/\" target=\"_blank\" rel=\"noopener\" title=\"\">SERBIAN BRUTALLY KILLED IN BARCELONA: Attacker fired multiple shots into his back, neighbors tried to save him! (DISTURBING VIDEO)<\/a><\/strong><\/p>\n\n\n\n<p class=\"wp-block-paragraph\"><strong><a href=\"https:\/\/serbiantimes.info\/en\/based-on-99-4-percent-of-processed-votes-srpska-lista-won-an-absolute-majority-in-all-serbian-areas\/\" target=\"_blank\" rel=\"noopener\" title=\"\">BASED ON 99.4 PERCENT OF PROCESSED VOTES: Srpska lista won an absolute majority in all Serbian areas!<\/a><\/strong><\/p>\n\n\n\n<p class=\"wp-block-paragraph\"><strong><a href=\"https:\/\/serbiantimes.info\/en\/the-peters-fast-begins-today-here-is-how-long-it-lasts-and-what-should-be-observed\/\" target=\"_blank\" rel=\"noopener\" title=\"\">THE PETER\u2019S FAST BEGINS TODAY: Here is how long it lasts and what should be observed!<\/a><\/strong><\/p>\n\n\n\n<p class=\"wp-block-paragraph\"><strong><strong>Source<\/strong><\/strong>:  <a href=\"https:\/\/nova.rs\/vesti\/hronika\/policija-dosla-da-privede-auto-prevoznika-milomira-jacimovica-njemu-pozlilo\/\" target=\"_blank\" rel=\"noopener\" title=\"\">Nova.rs<\/a>; <strong>Foto<\/strong>: 021.rs<\/p>\n","protected":false},"excerpt":{"rendered":"<p>Police knocked on the door of transport operator Milomir Ja\u0107imovi\u0107 this morning with a detention warrant. However, as Ja\u0107imovi\u0107&#8217;s son Milan told Nova, he fell ill, which is why they had to call an ambulance. Police attempted to detain transport operator Milomir Ja\u0107imovi\u0107 this morning, and his son said in an interview with Nova that [&hellip;]<\/p>\n","protected":false},"author":2169,"featured_media":212063,"comment_status":"open","ping_status":"open","sticky":false,"template":"","format":"standard","meta":{"newspack_featured_image_position":"","newspack_post_subtitle":"","newspack_article_summary_title":"Overview:","newspack_article_summary":"","newspack_hide_updated_date":false,"newspack_show_updated_date":false,"footnotes":""},"categories":[7],"tags":[5553,7395,478,1960,113,4837],"class_list":["post-212062","post","type-post","status-publish","format-standard","has-post-thumbnail","hentry","category-serbia","tag-drustvo","tag-milomir-jacimovic","tag-policija","tag-privodenje","tag-srbija","tag-studenti-u-blokadi","entry"],"aioseo_notices":[],"aioseo_head":"\n\t\t<!-- All in One SEO 5.0.1.1 - aioseo.com -->\n\t<meta name=\"description\" content=\"Police knocked on the door of transport operator Milomir Ja\u0107imovi\u0107 this morning with a detention warrant. However, as Ja\u0107imovi\u0107&#039;s son Milan told Nova, he fell ill, which is why they had to call an ambulance. Police attempted to detain transport operator Milomir Ja\u0107imovi\u0107 this morning, and his son said in an interview with Nova that\" \/>\n\t<meta name=\"robots\" content=\"max-image-preview:large\" \/>\n\t<meta name=\"author\" content=\"Serbian Times\"\/>\n\t<link rel=\"canonical\" href=\"https:\/\/serbiantimes.info\/en\/knocked-on-the-door-with-a-warrant-police-tried-to-detain-transport-operator-jacimovic-then-had-to-call-an-ambulance\/\" \/>\n\t<meta name=\"generator\" content=\"All in One SEO (AIOSEO) 5.0.1.1\" \/>\n\t\t<meta property=\"og:locale\" content=\"en_US\" \/>\n\t\t<meta property=\"og:site_name\" content=\"Serbiantimes.info EN |\" \/>\n\t\t<meta property=\"og:type\" content=\"article\" \/>\n\t\t<meta property=\"og:title\" content=\"KNOCKED ON THE DOOR WITH A WARRANT: Police tried to detain transport operator Ja\u0107imovi\u0107, then had to call an ambulance! | Serbiantimes.info EN\" \/>\n\t\t<meta property=\"og:description\" content=\"Police knocked on the door of transport operator Milomir Ja\u0107imovi\u0107 this morning with a detention warrant. However, as Ja\u0107imovi\u0107&#039;s son Milan told Nova, he fell ill, which is why they had to call an ambulance. Police attempted to detain transport operator Milomir Ja\u0107imovi\u0107 this morning, and his son said in an interview with Nova that\" \/>\n\t\t<meta property=\"og:url\" content=\"https:\/\/serbiantimes.info\/en\/knocked-on-the-door-with-a-warrant-police-tried-to-detain-transport-operator-jacimovic-then-had-to-call-an-ambulance\/\" \/>\n\t\t<meta property=\"og:image\" content=\"https:\/\/serbiantimes.info\/en\/wp-content\/uploads\/sites\/2\/2026\/06\/ST-Montaze-2026-06-11T133248.436.jpg\" \/>\n\t\t<meta property=\"og:image:secure_url\" content=\"https:\/\/serbiantimes.info\/en\/wp-content\/uploads\/sites\/2\/2026\/06\/ST-Montaze-2026-06-11T133248.436.jpg\" \/>\n\t\t<meta property=\"og:image:width\" content=\"1200\" \/>\n\t\t<meta property=\"og:image:height\" content=\"750\" \/>\n\t\t<meta property=\"article:published_time\" content=\"2026-06-11T16:02:29+00:00\" \/>\n\t\t<meta property=\"article:modified_time\" content=\"2026-06-11T16:02:30+00:00\" \/>\n\t\t<meta name=\"twitter:card\" content=\"summary_large_image\" \/>\n\t\t<meta name=\"twitter:title\" content=\"KNOCKED ON THE DOOR WITH A WARRANT: Police tried to detain transport operator Ja\u0107imovi\u0107, then had to call an ambulance! | Serbiantimes.info EN\" \/>\n\t\t<meta name=\"twitter:description\" content=\"Police knocked on the door of transport operator Milomir Ja\u0107imovi\u0107 this morning with a detention warrant. However, as Ja\u0107imovi\u0107&#039;s son Milan told Nova, he fell ill, which is why they had to call an ambulance. Police attempted to detain transport operator Milomir Ja\u0107imovi\u0107 this morning, and his son said in an interview with Nova that\" \/>\n\t\t<meta name=\"twitter:image\" content=\"https:\/\/serbiantimes.info\/en\/wp-content\/uploads\/sites\/2\/2026\/06\/ST-Montaze-2026-06-11T133248.436.jpg\" \/>\n\t\t<script type=\"application\/ld+json\" class=\"aioseo-schema\">\n\t\t\t{\"@context\":\"https:\\\/\\\/schema.org\",\"@graph\":[{\"@type\":\"BlogPosting\",\"@id\":\"https:\\\/\\\/serbiantimes.info\\\/en\\\/knocked-on-the-door-with-a-warrant-police-tried-to-detain-transport-operator-jacimovic-then-had-to-call-an-ambulance\\\/#blogposting\",\"name\":\"KNOCKED ON THE DOOR WITH A WARRANT: Police tried to detain transport operator Ja\\u0107imovi\\u0107, then had to call an ambulance! | Serbiantimes.info EN\",\"headline\":\"KNOCKED ON THE DOOR WITH A WARRANT: Police tried to detain transport operator Ja\\u0107imovi\\u0107, then had to call an ambulance!\",\"author\":{\"@id\":\"https:\\\/\\\/serbiantimes.info\\\/en\\\/author\\\/serbiantimes-portal\\\/#author\"},\"publisher\":{\"@id\":\"https:\\\/\\\/serbiantimes.info\\\/en\\\/#organization\"},\"image\":{\"@type\":\"ImageObject\",\"url\":\"https:\\\/\\\/serbiantimes.info\\\/en\\\/wp-content\\\/uploads\\\/sites\\\/2\\\/2026\\\/06\\\/ST-Montaze-2026-06-11T133248.436.jpg\",\"width\":1200,\"height\":750},\"datePublished\":\"2026-06-11T18:02:29+02:00\",\"dateModified\":\"2026-06-11T18:02:30+02:00\",\"inLanguage\":\"en-US\",\"mainEntityOfPage\":{\"@id\":\"https:\\\/\\\/serbiantimes.info\\\/en\\\/knocked-on-the-door-with-a-warrant-police-tried-to-detain-transport-operator-jacimovic-then-had-to-call-an-ambulance\\\/#webpage\"},\"isPartOf\":{\"@id\":\"https:\\\/\\\/serbiantimes.info\\\/en\\\/knocked-on-the-door-with-a-warrant-police-tried-to-detain-transport-operator-jacimovic-then-had-to-call-an-ambulance\\\/#webpage\"},\"articleSection\":\"SERBIA, Dru\\u0161tvo, Milomir Ja\\u0107imovi\\u0107, policija, privo\\u0111enje, Srbija, studenti u blokadi\"},{\"@type\":\"BreadcrumbList\",\"@id\":\"https:\\\/\\\/serbiantimes.info\\\/en\\\/knocked-on-the-door-with-a-warrant-police-tried-to-detain-transport-operator-jacimovic-then-had-to-call-an-ambulance\\\/#breadcrumblist\",\"itemListElement\":[{\"@type\":\"ListItem\",\"@id\":\"https:\\\/\\\/serbiantimes.info\\\/en#listItem\",\"position\":1,\"name\":\"Home\",\"item\":\"https:\\\/\\\/serbiantimes.info\\\/en\",\"nextItem\":{\"@type\":\"ListItem\",\"@id\":\"https:\\\/\\\/serbiantimes.info\\\/en\\\/category\\\/serbia\\\/#listItem\",\"name\":\"SERBIA\"}},{\"@type\":\"ListItem\",\"@id\":\"https:\\\/\\\/serbiantimes.info\\\/en\\\/category\\\/serbia\\\/#listItem\",\"position\":2,\"name\":\"SERBIA\",\"item\":\"https:\\\/\\\/serbiantimes.info\\\/en\\\/category\\\/serbia\\\/\",\"nextItem\":{\"@type\":\"ListItem\",\"@id\":\"https:\\\/\\\/serbiantimes.info\\\/en\\\/knocked-on-the-door-with-a-warrant-police-tried-to-detain-transport-operator-jacimovic-then-had-to-call-an-ambulance\\\/#listItem\",\"name\":\"KNOCKED ON THE DOOR WITH A WARRANT: Police tried to detain transport operator Ja\\u0107imovi\\u0107, then had to call an ambulance!\"},\"previousItem\":{\"@type\":\"ListItem\",\"@id\":\"https:\\\/\\\/serbiantimes.info\\\/en#listItem\",\"name\":\"Home\"}},{\"@type\":\"ListItem\",\"@id\":\"https:\\\/\\\/serbiantimes.info\\\/en\\\/knocked-on-the-door-with-a-warrant-police-tried-to-detain-transport-operator-jacimovic-then-had-to-call-an-ambulance\\\/#listItem\",\"position\":3,\"name\":\"KNOCKED ON THE DOOR WITH A WARRANT: Police tried to detain transport operator Ja\\u0107imovi\\u0107, then had to call an ambulance!\",\"previousItem\":{\"@type\":\"ListItem\",\"@id\":\"https:\\\/\\\/serbiantimes.info\\\/en\\\/category\\\/serbia\\\/#listItem\",\"name\":\"SERBIA\"}}]},{\"@type\":\"Organization\",\"@id\":\"https:\\\/\\\/serbiantimes.info\\\/en\\\/#organization\",\"name\":\"Serbiantimes.info EN\",\"url\":\"https:\\\/\\\/serbiantimes.info\\\/en\\\/\",\"logo\":{\"@type\":\"ImageObject\",\"url\":\"https:\\\/\\\/serbiantimes.info\\\/en\\\/wp-content\\\/uploads\\\/sites\\\/2\\\/2024\\\/10\\\/cropped-cropped-Serbian-Times-Header-Logo-1.png\",\"@id\":\"https:\\\/\\\/serbiantimes.info\\\/en\\\/knocked-on-the-door-with-a-warrant-police-tried-to-detain-transport-operator-jacimovic-then-had-to-call-an-ambulance\\\/#organizationLogo\",\"width\":480,\"height\":100},\"image\":{\"@id\":\"https:\\\/\\\/serbiantimes.info\\\/en\\\/knocked-on-the-door-with-a-warrant-police-tried-to-detain-transport-operator-jacimovic-then-had-to-call-an-ambulance\\\/#organizationLogo\"}},{\"@type\":\"Person\",\"@id\":\"https:\\\/\\\/serbiantimes.info\\\/en\\\/author\\\/serbiantimes-portal\\\/#author\",\"url\":\"https:\\\/\\\/serbiantimes.info\\\/en\\\/author\\\/serbiantimes-portal\\\/\",\"name\":\"Serbian Times\",\"image\":{\"@type\":\"ImageObject\",\"@id\":\"https:\\\/\\\/serbiantimes.info\\\/en\\\/knocked-on-the-door-with-a-warrant-police-tried-to-detain-transport-operator-jacimovic-then-had-to-call-an-ambulance\\\/#authorImage\",\"url\":\"https:\\\/\\\/secure.gravatar.com\\\/avatar\\\/ea76e009769270b4193e2bc7e032c096b4ae135483ec03b396fd0f520bc3dcfd?s=96&d=mm&r=g\",\"width\":96,\"height\":96,\"caption\":\"Serbian Times\"}},{\"@type\":\"WebPage\",\"@id\":\"https:\\\/\\\/serbiantimes.info\\\/en\\\/knocked-on-the-door-with-a-warrant-police-tried-to-detain-transport-operator-jacimovic-then-had-to-call-an-ambulance\\\/#webpage\",\"url\":\"https:\\\/\\\/serbiantimes.info\\\/en\\\/knocked-on-the-door-with-a-warrant-police-tried-to-detain-transport-operator-jacimovic-then-had-to-call-an-ambulance\\\/\",\"name\":\"KNOCKED ON THE DOOR WITH A WARRANT: Police tried to detain transport operator Ja\\u0107imovi\\u0107, then had to call an ambulance! | Serbiantimes.info EN\",\"description\":\"Police knocked on the door of transport operator Milomir Ja\\u0107imovi\\u0107 this morning with a detention warrant. However, as Ja\\u0107imovi\\u0107's son Milan told Nova, he fell ill, which is why they had to call an ambulance. Police attempted to detain transport operator Milomir Ja\\u0107imovi\\u0107 this morning, and his son said in an interview with Nova that\",\"inLanguage\":\"en-US\",\"isPartOf\":{\"@id\":\"https:\\\/\\\/serbiantimes.info\\\/en\\\/#website\"},\"breadcrumb\":{\"@id\":\"https:\\\/\\\/serbiantimes.info\\\/en\\\/knocked-on-the-door-with-a-warrant-police-tried-to-detain-transport-operator-jacimovic-then-had-to-call-an-ambulance\\\/#breadcrumblist\"},\"author\":{\"@id\":\"https:\\\/\\\/serbiantimes.info\\\/en\\\/author\\\/serbiantimes-portal\\\/#author\"},\"creator\":{\"@id\":\"https:\\\/\\\/serbiantimes.info\\\/en\\\/author\\\/serbiantimes-portal\\\/#author\"},\"image\":{\"@type\":\"ImageObject\",\"url\":\"https:\\\/\\\/serbiantimes.info\\\/en\\\/wp-content\\\/uploads\\\/sites\\\/2\\\/2026\\\/06\\\/ST-Montaze-2026-06-11T133248.436.jpg\",\"@id\":\"https:\\\/\\\/serbiantimes.info\\\/en\\\/knocked-on-the-door-with-a-warrant-police-tried-to-detain-transport-operator-jacimovic-then-had-to-call-an-ambulance\\\/#mainImage\",\"width\":1200,\"height\":750},\"primaryImageOfPage\":{\"@id\":\"https:\\\/\\\/serbiantimes.info\\\/en\\\/knocked-on-the-door-with-a-warrant-police-tried-to-detain-transport-operator-jacimovic-then-had-to-call-an-ambulance\\\/#mainImage\"},\"datePublished\":\"2026-06-11T18:02:29+02:00\",\"dateModified\":\"2026-06-11T18:02:30+02:00\"},{\"@type\":\"WebSite\",\"@id\":\"https:\\\/\\\/serbiantimes.info\\\/en\\\/#website\",\"url\":\"https:\\\/\\\/serbiantimes.info\\\/en\\\/\",\"name\":\"Serbiantimes.info EN\",\"inLanguage\":\"en-US\",\"publisher\":{\"@id\":\"https:\\\/\\\/serbiantimes.info\\\/en\\\/#organization\"}}]}\n\t\t<\/script>\n\t\t<!-- All in One SEO -->\n\n","aioseo_head_json":{"title":"KNOCKED ON THE DOOR WITH A WARRANT: Police tried to detain transport operator Ja\u0107imovi\u0107, then had to call an ambulance! | Serbiantimes.info EN","description":"Police knocked on the door of transport operator Milomir Ja\u0107imovi\u0107 this morning with a detention warrant. However, as Ja\u0107imovi\u0107's son Milan told Nova, he fell ill, which is why they had to call an ambulance. Police attempted to detain transport operator Milomir Ja\u0107imovi\u0107 this morning, and his son said in an interview with Nova that","canonical_url":"https:\/\/serbiantimes.info\/en\/knocked-on-the-door-with-a-warrant-police-tried-to-detain-transport-operator-jacimovic-then-had-to-call-an-ambulance\/","robots":"max-image-preview:large","keywords":"","webmasterTools":{"miscellaneous":""},"schema":{"@context":"https:\/\/schema.org","@graph":[{"@type":"BlogPosting","@id":"https:\/\/serbiantimes.info\/en\/knocked-on-the-door-with-a-warrant-police-tried-to-detain-transport-operator-jacimovic-then-had-to-call-an-ambulance\/#blogposting","name":"KNOCKED ON THE DOOR WITH A WARRANT: Police tried to detain transport operator Ja\u0107imovi\u0107, then had to call an ambulance! | Serbiantimes.info EN","headline":"KNOCKED ON THE DOOR WITH A WARRANT: Police tried to detain transport operator Ja\u0107imovi\u0107, then had to call an ambulance!","author":{"@id":"https:\/\/serbiantimes.info\/en\/author\/serbiantimes-portal\/#author"},"publisher":{"@id":"https:\/\/serbiantimes.info\/en\/#organization"},"image":{"@type":"ImageObject","url":"https:\/\/serbiantimes.info\/en\/wp-content\/uploads\/sites\/2\/2026\/06\/ST-Montaze-2026-06-11T133248.436.jpg","width":1200,"height":750},"datePublished":"2026-06-11T18:02:29+02:00","dateModified":"2026-06-11T18:02:30+02:00","inLanguage":"en-US","mainEntityOfPage":{"@id":"https:\/\/serbiantimes.info\/en\/knocked-on-the-door-with-a-warrant-police-tried-to-detain-transport-operator-jacimovic-then-had-to-call-an-ambulance\/#webpage"},"isPartOf":{"@id":"https:\/\/serbiantimes.info\/en\/knocked-on-the-door-with-a-warrant-police-tried-to-detain-transport-operator-jacimovic-then-had-to-call-an-ambulance\/#webpage"},"articleSection":"SERBIA, Dru\u0161tvo, Milomir Ja\u0107imovi\u0107, policija, privo\u0111enje, Srbija, studenti u blokadi"},{"@type":"BreadcrumbList","@id":"https:\/\/serbiantimes.info\/en\/knocked-on-the-door-with-a-warrant-police-tried-to-detain-transport-operator-jacimovic-then-had-to-call-an-ambulance\/#breadcrumblist","itemListElement":[{"@type":"ListItem","@id":"https:\/\/serbiantimes.info\/en#listItem","position":1,"name":"Home","item":"https:\/\/serbiantimes.info\/en","nextItem":{"@type":"ListItem","@id":"https:\/\/serbiantimes.info\/en\/category\/serbia\/#listItem","name":"SERBIA"}},{"@type":"ListItem","@id":"https:\/\/serbiantimes.info\/en\/category\/serbia\/#listItem","position":2,"name":"SERBIA","item":"https:\/\/serbiantimes.info\/en\/category\/serbia\/","nextItem":{"@type":"ListItem","@id":"https:\/\/serbiantimes.info\/en\/knocked-on-the-door-with-a-warrant-police-tried-to-detain-transport-operator-jacimovic-then-had-to-call-an-ambulance\/#listItem","name":"KNOCKED ON THE DOOR WITH A WARRANT: Police tried to detain transport operator Ja\u0107imovi\u0107, then had to call an ambulance!"},"previousItem":{"@type":"ListItem","@id":"https:\/\/serbiantimes.info\/en#listItem","name":"Home"}},{"@type":"ListItem","@id":"https:\/\/serbiantimes.info\/en\/knocked-on-the-door-with-a-warrant-police-tried-to-detain-transport-operator-jacimovic-then-had-to-call-an-ambulance\/#listItem","position":3,"name":"KNOCKED ON THE DOOR WITH A WARRANT: Police tried to detain transport operator Ja\u0107imovi\u0107, then had to call an ambulance!","previousItem":{"@type":"ListItem","@id":"https:\/\/serbiantimes.info\/en\/category\/serbia\/#listItem","name":"SERBIA"}}]},{"@type":"Organization","@id":"https:\/\/serbiantimes.info\/en\/#organization","name":"Serbiantimes.info EN","url":"https:\/\/serbiantimes.info\/en\/","logo":{"@type":"ImageObject","url":"https:\/\/serbiantimes.info\/en\/wp-content\/uploads\/sites\/2\/2024\/10\/cropped-cropped-Serbian-Times-Header-Logo-1.png","@id":"https:\/\/serbiantimes.info\/en\/knocked-on-the-door-with-a-warrant-police-tried-to-detain-transport-operator-jacimovic-then-had-to-call-an-ambulance\/#organizationLogo","width":480,"height":100},"image":{"@id":"https:\/\/serbiantimes.info\/en\/knocked-on-the-door-with-a-warrant-police-tried-to-detain-transport-operator-jacimovic-then-had-to-call-an-ambulance\/#organizationLogo"}},{"@type":"Person","@id":"https:\/\/serbiantimes.info\/en\/author\/serbiantimes-portal\/#author","url":"https:\/\/serbiantimes.info\/en\/author\/serbiantimes-portal\/","name":"Serbian Times","image":{"@type":"ImageObject","@id":"https:\/\/serbiantimes.info\/en\/knocked-on-the-door-with-a-warrant-police-tried-to-detain-transport-operator-jacimovic-then-had-to-call-an-ambulance\/#authorImage","url":"https:\/\/secure.gravatar.com\/avatar\/ea76e009769270b4193e2bc7e032c096b4ae135483ec03b396fd0f520bc3dcfd?s=96&d=mm&r=g","width":96,"height":96,"caption":"Serbian Times"}},{"@type":"WebPage","@id":"https:\/\/serbiantimes.info\/en\/knocked-on-the-door-with-a-warrant-police-tried-to-detain-transport-operator-jacimovic-then-had-to-call-an-ambulance\/#webpage","url":"https:\/\/serbiantimes.info\/en\/knocked-on-the-door-with-a-warrant-police-tried-to-detain-transport-operator-jacimovic-then-had-to-call-an-ambulance\/","name":"KNOCKED ON THE DOOR WITH A WARRANT: Police tried to detain transport operator Ja\u0107imovi\u0107, then had to call an ambulance! | Serbiantimes.info EN","description":"Police knocked on the door of transport operator Milomir Ja\u0107imovi\u0107 this morning with a detention warrant. However, as Ja\u0107imovi\u0107's son Milan told Nova, he fell ill, which is why they had to call an ambulance. Police attempted to detain transport operator Milomir Ja\u0107imovi\u0107 this morning, and his son said in an interview with Nova that","inLanguage":"en-US","isPartOf":{"@id":"https:\/\/serbiantimes.info\/en\/#website"},"breadcrumb":{"@id":"https:\/\/serbiantimes.info\/en\/knocked-on-the-door-with-a-warrant-police-tried-to-detain-transport-operator-jacimovic-then-had-to-call-an-ambulance\/#breadcrumblist"},"author":{"@id":"https:\/\/serbiantimes.info\/en\/author\/serbiantimes-portal\/#author"},"creator":{"@id":"https:\/\/serbiantimes.info\/en\/author\/serbiantimes-portal\/#author"},"image":{"@type":"ImageObject","url":"https:\/\/serbiantimes.info\/en\/wp-content\/uploads\/sites\/2\/2026\/06\/ST-Montaze-2026-06-11T133248.436.jpg","@id":"https:\/\/serbiantimes.info\/en\/knocked-on-the-door-with-a-warrant-police-tried-to-detain-transport-operator-jacimovic-then-had-to-call-an-ambulance\/#mainImage","width":1200,"height":750},"primaryImageOfPage":{"@id":"https:\/\/serbiantimes.info\/en\/knocked-on-the-door-with-a-warrant-police-tried-to-detain-transport-operator-jacimovic-then-had-to-call-an-ambulance\/#mainImage"},"datePublished":"2026-06-11T18:02:29+02:00","dateModified":"2026-06-11T18:02:30+02:00"},{"@type":"WebSite","@id":"https:\/\/serbiantimes.info\/en\/#website","url":"https:\/\/serbiantimes.info\/en\/","name":"Serbiantimes.info EN","inLanguage":"en-US","publisher":{"@id":"https:\/\/serbiantimes.info\/en\/#organization"}}]},"og:locale":"en_US","og:site_name":"Serbiantimes.info EN |","og:type":"article","og:title":"KNOCKED ON THE DOOR WITH A WARRANT: Police tried to detain transport operator Ja\u0107imovi\u0107, then had to call an ambulance! | Serbiantimes.info EN","og:description":"Police knocked on the door of transport operator Milomir Ja\u0107imovi\u0107 this morning with a detention warrant. However, as Ja\u0107imovi\u0107's son Milan told Nova, he fell ill, which is why they had to call an ambulance. Police attempted to detain transport operator Milomir Ja\u0107imovi\u0107 this morning, and his son said in an interview with Nova that","og:url":"https:\/\/serbiantimes.info\/en\/knocked-on-the-door-with-a-warrant-police-tried-to-detain-transport-operator-jacimovic-then-had-to-call-an-ambulance\/","og:image":"https:\/\/serbiantimes.info\/en\/wp-content\/uploads\/sites\/2\/2026\/06\/ST-Montaze-2026-06-11T133248.436.jpg","og:image:secure_url":"https:\/\/serbiantimes.info\/en\/wp-content\/uploads\/sites\/2\/2026\/06\/ST-Montaze-2026-06-11T133248.436.jpg","og:image:width":1200,"og:image:height":750,"article:published_time":"2026-06-11T16:02:29+00:00","article:modified_time":"2026-06-11T16:02:30+00:00","twitter:card":"summary_large_image","twitter:title":"KNOCKED ON THE DOOR WITH A WARRANT: Police tried to detain transport operator Ja\u0107imovi\u0107, then had to call an ambulance! | Serbiantimes.info EN","twitter:description":"Police knocked on the door of transport operator Milomir Ja\u0107imovi\u0107 this morning with a detention warrant. However, as Ja\u0107imovi\u0107's son Milan told Nova, he fell ill, which is why they had to call an ambulance. Police attempted to detain transport operator Milomir Ja\u0107imovi\u0107 this morning, and his son said in an interview with Nova that","twitter:image":"https:\/\/serbiantimes.info\/en\/wp-content\/uploads\/sites\/2\/2026\/06\/ST-Montaze-2026-06-11T133248.436.jpg"},"aioseo_meta_data":{"post_id":"212062","title":null,"description":null,"keywords":null,"keyphrases":{"focus":{"keyphrase":"","score":0,"analysis":{"keyphraseInTitle":{"score":0,"maxScore":9,"error":1}}},"additional":[]},"primary_term":null,"canonical_url":null,"og_title":null,"og_description":null,"og_object_type":"default","og_image_type":"default","og_image_url":null,"og_image_width":null,"og_image_height":null,"og_image_custom_url":null,"og_image_custom_fields":null,"og_video":"","og_custom_url":null,"og_article_section":null,"og_article_tags":null,"twitter_use_og":false,"twitter_card":"default","twitter_image_type":"default","twitter_image_url":null,"twitter_image_custom_url":null,"twitter_image_custom_fields":null,"twitter_title":null,"twitter_description":null,"schema":{"blockGraphs":[],"customGraphs":[],"default":{"data":{"Article":[],"Course":[],"Dataset":[],"FAQPage":[],"Movie":[],"Person":[],"Product":[],"ProductReview":[],"Car":[],"Recipe":[],"Service":[],"SoftwareApplication":[],"WebPage":[]},"graphName":"BlogPosting","isEnabled":true},"graphs":[]},"schema_type":"default","schema_type_options":null,"pillar_content":false,"robots_default":true,"robots_noindex":false,"robots_noarchive":false,"robots_nosnippet":false,"robots_nofollow":false,"robots_noimageindex":false,"robots_noodp":false,"robots_notranslate":false,"robots_max_snippet":"-1","robots_max_videopreview":"-1","robots_max_imagepreview":"large","priority":null,"frequency":"default","local_seo":null,"breadcrumb_settings":null,"limit_modified_date":false,"ai":{"faqs":[],"keyPoints":[],"titles":[],"descriptions":[],"socialPosts":{"email":[],"linkedin":[],"twitter":[],"facebook":[],"instagram":[]}},"created":"2026-06-11 15:51:28","updated":"2026-06-11 21:29:30","focus_keyword":null,"additional_keywords":null,"truseo_locale":null,"seo_analyzer_scan_date":null},"aioseo_breadcrumb":"<div class=\"aioseo-breadcrumbs\"><span class=\"aioseo-breadcrumb\">\n\t\t\t<a href=\"https:\/\/serbiantimes.info\/en\" title=\"Home\">Home<\/a>\n\t\t<\/span><span class=\"aioseo-breadcrumb-separator\">&raquo;<\/span><span class=\"aioseo-breadcrumb\">\n\t\t\t<a href=\"https:\/\/serbiantimes.info\/en\/category\/serbia\/\" title=\"SERBIA\">SERBIA<\/a>\n\t\t<\/span><span class=\"aioseo-breadcrumb-separator\">&raquo;<\/span><span class=\"aioseo-breadcrumb\">\n\t\t\tKNOCKED ON THE DOOR WITH A WARRANT: Police tried to detain transport operator Ja\u0107imovi\u0107, then had to call an ambulance!\n\t\t<\/span><\/div>","aioseo_breadcrumb_json":[{"label":"Home","link":"https:\/\/serbiantimes.info\/en"},{"label":"SERBIA","link":"https:\/\/serbiantimes.info\/en\/category\/serbia\/"},{"label":"KNOCKED ON THE DOOR WITH A WARRANT: Police tried to detain transport operator Ja\u0107imovi\u0107, then had to call an ambulance!","link":"https:\/\/serbiantimes.info\/en\/knocked-on-the-door-with-a-warrant-police-tried-to-detain-transport-operator-jacimovic-then-had-to-call-an-ambulance\/"}],"distributor_meta":false,"distributor_terms":false,"distributor_media":false,"distributor_original_site_name":"Serbiantimes.info EN","distributor_original_site_url":"https:\/\/serbiantimes.info\/en","push-errors":false,"_links":{"self":[{"href":"https:\/\/serbiantimes.info\/en\/wp-json\/wp\/v2\/posts\/212062","targetHints":{"allow":["GET"]}}],"collection":[{"href":"https:\/\/serbiantimes.info\/en\/wp-json\/wp\/v2\/posts"}],"about":[{"href":"https:\/\/serbiantimes.info\/en\/wp-json\/wp\/v2\/types\/post"}],"author":[{"embeddable":true,"href":"https:\/\/serbiantimes.info\/en\/wp-json\/wp\/v2\/users\/2169"}],"replies":[{"embeddable":true,"href":"https:\/\/serbiantimes.info\/en\/wp-json\/wp\/v2\/comments?post=212062"}],"version-history":[{"count":2,"href":"https:\/\/serbiantimes.info\/en\/wp-json\/wp\/v2\/posts\/212062\/revisions"}],"predecessor-version":[{"id":212109,"href":"https:\/\/serbiantimes.info\/en\/wp-json\/wp\/v2\/posts\/212062\/revisions\/212109"}],"wp:featuredmedia":[{"embeddable":true,"href":"https:\/\/serbiantimes.info\/en\/wp-json\/wp\/v2\/media\/212063"}],"wp:attachment":[{"href":"https:\/\/serbiantimes.info\/en\/wp-json\/wp\/v2\/media?parent=212062"}],"wp:term":[{"taxonomy":"category","embeddable":true,"href":"https:\/\/serbiantimes.info\/en\/wp-json\/wp\/v2\/categories?post=212062"},{"taxonomy":"post_tag","embeddable":true,"href":"https:\/\/serbiantimes.info\/en\/wp-json\/wp\/v2\/tags?post=212062"}],"curies":[{"name":"wp","href":"https:\/\/api.w.org\/{rel}","templated":true}]}}