{"id":212011,"date":"2026-06-11T10:34:14","date_gmt":"2026-06-11T08:34:14","guid":{"rendered":"https:\/\/serbiantimes.info\/en\/?p=212011"},"modified":"2026-06-11T10:34:15","modified_gmt":"2026-06-11T08:34:15","slug":"bravo-adriana-serbian-athlete-claims-third-place-at-the-oslo-meeting","status":"publish","type":"post","link":"https:\/\/serbiantimes.info\/en\/bravo-adriana-serbian-athlete-claims-third-place-at-the-oslo-meeting\/","title":{"rendered":"BRAVO, ADRIANA! Serbian Athlete Claims Third Place at the Oslo Meeting!"},"content":{"rendered":"\n<p class=\"wp-block-paragraph\">Just over two weeks after her historic appearance at the Diamond League meeting in Xiamen, Serbian javelin thrower <strong>Adriana Vilago\u0161<\/strong> once again faced off against the Chinese sensation. The top three positions remained unchanged, as Vilago\u0161 secured an impressive <strong>third-place finish<\/strong> at the meeting in Oslo.<\/p>\n\n\n\n<p class=\"wp-block-paragraph\">Vilago\u0161 reached the podium with a throw of <strong>61.33 meters<\/strong> in the fifth round. It was an excellent result, especially considering that the conditions in Norway proved less favorable for the competitors than those in China. Adriana also recorded a throw of <strong>60.11 meters<\/strong>, while her remaining four attempts fell short of the 60-meter mark.<\/p>\n\n\n\n<p class=\"wp-block-paragraph\">Earlier this year, Vilago\u0161 finished second at the <strong>European Throwing Cup<\/strong> and won the meeting in <strong>Split<\/strong>, where she set the Serbian national record last season.<\/p>\n\n\n\n<p class=\"wp-block-paragraph\">The competition in Oslo was once again won by Chinese athlete <strong>Ziyi Yan<\/strong>, who produced a winning throw of <strong>67.11 meters<\/strong>. Remarkably, she threw the javelin only one more time during the event, recording <strong>64.81 meters<\/strong> in the second round. Yan recently achieved the second-best result of all time on home soil.<\/p>\n\n\n\n<p class=\"wp-block-paragraph\">Second place went to Norwegian athlete <strong>Sigrid Borge<\/strong>, who threw <strong>61.92 meters<\/strong>, despite all of her other attempts falling below 55 meters.<\/p>\n\n\n\n<p class=\"wp-block-paragraph\">Fourth place was claimed by Colombia\u2019s <strong>Flor Denis Ruiz Hurtado<\/strong> with a throw of <strong>61.11 meters<\/strong>, while all of the remaining competitors finished below the 60-meter mark.<\/p>\n\n\n\n<h4 class=\"wp-block-heading\"><mark style=\"background-color:#FFFFFF;color:#d21414\" class=\"has-inline-color\">MORE TOPICS:<\/mark><\/h4>\n\n\n\n<p class=\"wp-block-paragraph\"><strong><a href=\"https:\/\/serbiantimes.info\/en\/two-great-tragedies-on-the-velika-morava-first-a-girl-13-drowned-and-then-two-boys-aged-15\/\" target=\"_blank\" rel=\"noopener\" title=\"\">TWO GREAT TRAGEDIES ON THE VELIKA MORAVA: First a girl (13) drowned, and then two boys aged 15!<\/a><\/strong><\/p>\n\n\n\n<p class=\"wp-block-paragraph\"><strong><a href=\"https:\/\/serbiantimes.info\/en\/patrijarh-porfirije-na-udaru-kritika-na-ispracaju-pojasa-presvete-bogorodice-nazvao-deo-vernika-debilima-video\/\" target=\"_blank\" rel=\"noopener\" title=\"\">PATRIARCH PORFIRIJE UNDER FIRE: At the send-off of the belt of the Most Holy Mother of God, he called a part of the believers \u201cmorons\u201d! (VIDEO)<\/a><\/strong><\/p>\n\n\n\n<p class=\"wp-block-paragraph\"><strong><a href=\"https:\/\/serbiantimes.info\/en\/father-and-son-shined-in-the-czech-republic-automobilists-milovan-and-dorde-vesnic-set-track-records-and-climbed-the-winning-podium\/\" target=\"_blank\" rel=\"noopener\" title=\"\">FATHER AND SON SHINED IN THE CZECH REPUBLIC: Automobilists Milovan and \u0110or\u0111e Vesni\u0107 set track records and climbed the winning podium!<\/a><\/strong><\/p>\n\n\n\n<p class=\"wp-block-paragraph\"><strong><a href=\"https:\/\/serbiantimes.info\/en\/serbian-brutally-killed-in-barcelona-attacker-fired-multiple-shots-into-his-back-neighbors-tried-to-save-him-disturbing-video\/\" target=\"_blank\" rel=\"noopener\" title=\"\">SERBIAN BRUTALLY KILLED IN BARCELONA: Attacker fired multiple shots into his back, neighbors tried to save him! (DISTURBING VIDEO)<\/a><\/strong><\/p>\n\n\n\n<p class=\"wp-block-paragraph\"><strong><a href=\"https:\/\/serbiantimes.info\/en\/based-on-99-4-percent-of-processed-votes-srpska-lista-won-an-absolute-majority-in-all-serbian-areas\/\" target=\"_blank\" rel=\"noopener\" title=\"\">BASED ON 99.4 PERCENT OF PROCESSED VOTES: Srpska lista won an absolute majority in all Serbian areas!<\/a><\/strong><\/p>\n\n\n\n<p class=\"wp-block-paragraph\"><strong><a href=\"https:\/\/serbiantimes.info\/en\/the-peters-fast-begins-today-here-is-how-long-it-lasts-and-what-should-be-observed\/\" target=\"_blank\" rel=\"noopener\" title=\"\">THE PETER\u2019S FAST BEGINS TODAY: Here is how long it lasts and what should be observed!<\/a><\/strong><\/p>\n\n\n\n<p class=\"wp-block-paragraph\"><strong><strong>Source<\/strong><\/strong>:<strong>&nbsp;<\/strong><a href=\"https:\/\/www.telegraf.rs\/sport\/atletika\/4340811-novi-uspeh-adriane-vilagos-srpska-atleticarka-zauzela-sjajno-treceg-mesto-na-dijamantskoj-ligi-u-oslu\" target=\"_blank\" rel=\"noopener\" title=\"\">Telegraf.rs<\/a>, <strong>Foto: <\/strong>Printscreen Instagram @vilagos_adriana<\/p>\n\n\n\n<p class=\"wp-block-paragraph\"><\/p>\n","protected":false},"excerpt":{"rendered":"<p>Just over two weeks after her historic appearance at the Diamond League meeting in Xiamen, Serbian javelin thrower Adriana Vilago\u0161 once again faced off against the Chinese sensation. The top three positions remained unchanged, as Vilago\u0161 secured an impressive third-place finish at the meeting in Oslo. Vilago\u0161 reached the podium with a throw of 61.33 [&hellip;]<\/p>\n","protected":false},"author":2169,"featured_media":212012,"comment_status":"open","ping_status":"open","sticky":false,"template":"","format":"standard","meta":{"newspack_featured_image_position":"","newspack_post_subtitle":"","newspack_article_summary_title":"Overview:","newspack_article_summary":"","newspack_hide_updated_date":false,"newspack_show_updated_date":false,"footnotes":""},"categories":[10],"tags":[7067,13047,165,91,113,7069,12883,1064],"class_list":["post-212011","post","type-post","status-publish","format-standard","has-post-thumbnail","hentry","category-sport","tag-adriana-vilagos","tag-miting-u-oslu","tag-norveska","tag-sport","tag-srbija","tag-srpska-atleticarka","tag-trece-mesto","tag-uspeh","entry"],"aioseo_notices":[],"aioseo_head":"\n\t\t<!-- All in One SEO 5.0.1.1 - aioseo.com -->\n\t<meta name=\"description\" content=\"Just over two weeks after her historic appearance at the Diamond League meeting in Xiamen, Serbian javelin thrower Adriana Vilago\u0161 once again faced off against the Chinese sensation. The top three positions remained unchanged, as Vilago\u0161 secured an impressive third-place finish at the meeting in Oslo. Vilago\u0161 reached the podium with a throw of 61.33\" \/>\n\t<meta name=\"robots\" content=\"max-image-preview:large\" \/>\n\t<meta name=\"author\" content=\"Serbian Times\"\/>\n\t<link rel=\"canonical\" href=\"https:\/\/serbiantimes.info\/en\/bravo-adriana-serbian-athlete-claims-third-place-at-the-oslo-meeting\/\" \/>\n\t<meta name=\"generator\" content=\"All in One SEO (AIOSEO) 5.0.1.1\" \/>\n\t\t<meta property=\"og:locale\" content=\"en_US\" \/>\n\t\t<meta property=\"og:site_name\" content=\"Serbiantimes.info EN |\" \/>\n\t\t<meta property=\"og:type\" content=\"article\" \/>\n\t\t<meta property=\"og:title\" content=\"BRAVO, ADRIANA! Serbian Athlete Claims Third Place at the Oslo Meeting! | Serbiantimes.info EN\" \/>\n\t\t<meta property=\"og:description\" content=\"Just over two weeks after her historic appearance at the Diamond League meeting in Xiamen, Serbian javelin thrower Adriana Vilago\u0161 once again faced off against the Chinese sensation. The top three positions remained unchanged, as Vilago\u0161 secured an impressive third-place finish at the meeting in Oslo. Vilago\u0161 reached the podium with a throw of 61.33\" \/>\n\t\t<meta property=\"og:url\" content=\"https:\/\/serbiantimes.info\/en\/bravo-adriana-serbian-athlete-claims-third-place-at-the-oslo-meeting\/\" \/>\n\t\t<meta property=\"og:image\" content=\"https:\/\/serbiantimes.info\/en\/wp-content\/uploads\/sites\/2\/2026\/06\/DIPTIH-TRIPTIH-Serbian-Times-9-6.jpg\" \/>\n\t\t<meta property=\"og:image:secure_url\" content=\"https:\/\/serbiantimes.info\/en\/wp-content\/uploads\/sites\/2\/2026\/06\/DIPTIH-TRIPTIH-Serbian-Times-9-6.jpg\" \/>\n\t\t<meta property=\"og:image:width\" content=\"1200\" \/>\n\t\t<meta property=\"og:image:height\" content=\"750\" \/>\n\t\t<meta property=\"article:published_time\" content=\"2026-06-11T08:34:14+00:00\" \/>\n\t\t<meta property=\"article:modified_time\" content=\"2026-06-11T08:34:15+00:00\" \/>\n\t\t<meta name=\"twitter:card\" content=\"summary_large_image\" \/>\n\t\t<meta name=\"twitter:title\" content=\"BRAVO, ADRIANA! Serbian Athlete Claims Third Place at the Oslo Meeting! | Serbiantimes.info EN\" \/>\n\t\t<meta name=\"twitter:description\" content=\"Just over two weeks after her historic appearance at the Diamond League meeting in Xiamen, Serbian javelin thrower Adriana Vilago\u0161 once again faced off against the Chinese sensation. The top three positions remained unchanged, as Vilago\u0161 secured an impressive third-place finish at the meeting in Oslo. Vilago\u0161 reached the podium with a throw of 61.33\" \/>\n\t\t<meta name=\"twitter:image\" content=\"https:\/\/serbiantimes.info\/en\/wp-content\/uploads\/sites\/2\/2026\/06\/DIPTIH-TRIPTIH-Serbian-Times-9-6.jpg\" \/>\n\t\t<script type=\"application\/ld+json\" class=\"aioseo-schema\">\n\t\t\t{\"@context\":\"https:\\\/\\\/schema.org\",\"@graph\":[{\"@type\":\"BlogPosting\",\"@id\":\"https:\\\/\\\/serbiantimes.info\\\/en\\\/bravo-adriana-serbian-athlete-claims-third-place-at-the-oslo-meeting\\\/#blogposting\",\"name\":\"BRAVO, ADRIANA! Serbian Athlete Claims Third Place at the Oslo Meeting! | Serbiantimes.info EN\",\"headline\":\"BRAVO, ADRIANA! Serbian Athlete Claims Third Place at the Oslo Meeting!\",\"author\":{\"@id\":\"https:\\\/\\\/serbiantimes.info\\\/en\\\/author\\\/serbiantimes-portal\\\/#author\"},\"publisher\":{\"@id\":\"https:\\\/\\\/serbiantimes.info\\\/en\\\/#organization\"},\"image\":{\"@type\":\"ImageObject\",\"url\":\"https:\\\/\\\/serbiantimes.info\\\/en\\\/wp-content\\\/uploads\\\/sites\\\/2\\\/2026\\\/06\\\/DIPTIH-TRIPTIH-Serbian-Times-9-6.jpg\",\"width\":1200,\"height\":750},\"datePublished\":\"2026-06-11T10:34:14+02:00\",\"dateModified\":\"2026-06-11T10:34:15+02:00\",\"inLanguage\":\"en-US\",\"mainEntityOfPage\":{\"@id\":\"https:\\\/\\\/serbiantimes.info\\\/en\\\/bravo-adriana-serbian-athlete-claims-third-place-at-the-oslo-meeting\\\/#webpage\"},\"isPartOf\":{\"@id\":\"https:\\\/\\\/serbiantimes.info\\\/en\\\/bravo-adriana-serbian-athlete-claims-third-place-at-the-oslo-meeting\\\/#webpage\"},\"articleSection\":\"SPORT, Adriana Vilago\\u0161, miting u oslu, Norve\\u0161ka, sport, Srbija, srpska atleti\\u010darka, tre\\u0107e mesto, uspeh\"},{\"@type\":\"BreadcrumbList\",\"@id\":\"https:\\\/\\\/serbiantimes.info\\\/en\\\/bravo-adriana-serbian-athlete-claims-third-place-at-the-oslo-meeting\\\/#breadcrumblist\",\"itemListElement\":[{\"@type\":\"ListItem\",\"@id\":\"https:\\\/\\\/serbiantimes.info\\\/en#listItem\",\"position\":1,\"name\":\"Home\",\"item\":\"https:\\\/\\\/serbiantimes.info\\\/en\",\"nextItem\":{\"@type\":\"ListItem\",\"@id\":\"https:\\\/\\\/serbiantimes.info\\\/en\\\/category\\\/sport\\\/#listItem\",\"name\":\"SPORT\"}},{\"@type\":\"ListItem\",\"@id\":\"https:\\\/\\\/serbiantimes.info\\\/en\\\/category\\\/sport\\\/#listItem\",\"position\":2,\"name\":\"SPORT\",\"item\":\"https:\\\/\\\/serbiantimes.info\\\/en\\\/category\\\/sport\\\/\",\"nextItem\":{\"@type\":\"ListItem\",\"@id\":\"https:\\\/\\\/serbiantimes.info\\\/en\\\/bravo-adriana-serbian-athlete-claims-third-place-at-the-oslo-meeting\\\/#listItem\",\"name\":\"BRAVO, ADRIANA! Serbian Athlete Claims Third Place at the Oslo Meeting!\"},\"previousItem\":{\"@type\":\"ListItem\",\"@id\":\"https:\\\/\\\/serbiantimes.info\\\/en#listItem\",\"name\":\"Home\"}},{\"@type\":\"ListItem\",\"@id\":\"https:\\\/\\\/serbiantimes.info\\\/en\\\/bravo-adriana-serbian-athlete-claims-third-place-at-the-oslo-meeting\\\/#listItem\",\"position\":3,\"name\":\"BRAVO, ADRIANA! Serbian Athlete Claims Third Place at the Oslo Meeting!\",\"previousItem\":{\"@type\":\"ListItem\",\"@id\":\"https:\\\/\\\/serbiantimes.info\\\/en\\\/category\\\/sport\\\/#listItem\",\"name\":\"SPORT\"}}]},{\"@type\":\"Organization\",\"@id\":\"https:\\\/\\\/serbiantimes.info\\\/en\\\/#organization\",\"name\":\"Serbiantimes.info EN\",\"url\":\"https:\\\/\\\/serbiantimes.info\\\/en\\\/\",\"logo\":{\"@type\":\"ImageObject\",\"url\":\"https:\\\/\\\/serbiantimes.info\\\/en\\\/wp-content\\\/uploads\\\/sites\\\/2\\\/2024\\\/10\\\/cropped-cropped-Serbian-Times-Header-Logo-1.png\",\"@id\":\"https:\\\/\\\/serbiantimes.info\\\/en\\\/bravo-adriana-serbian-athlete-claims-third-place-at-the-oslo-meeting\\\/#organizationLogo\",\"width\":480,\"height\":100},\"image\":{\"@id\":\"https:\\\/\\\/serbiantimes.info\\\/en\\\/bravo-adriana-serbian-athlete-claims-third-place-at-the-oslo-meeting\\\/#organizationLogo\"}},{\"@type\":\"Person\",\"@id\":\"https:\\\/\\\/serbiantimes.info\\\/en\\\/author\\\/serbiantimes-portal\\\/#author\",\"url\":\"https:\\\/\\\/serbiantimes.info\\\/en\\\/author\\\/serbiantimes-portal\\\/\",\"name\":\"Serbian Times\",\"image\":{\"@type\":\"ImageObject\",\"@id\":\"https:\\\/\\\/serbiantimes.info\\\/en\\\/bravo-adriana-serbian-athlete-claims-third-place-at-the-oslo-meeting\\\/#authorImage\",\"url\":\"https:\\\/\\\/secure.gravatar.com\\\/avatar\\\/ea76e009769270b4193e2bc7e032c096b4ae135483ec03b396fd0f520bc3dcfd?s=96&d=mm&r=g\",\"width\":96,\"height\":96,\"caption\":\"Serbian Times\"}},{\"@type\":\"WebPage\",\"@id\":\"https:\\\/\\\/serbiantimes.info\\\/en\\\/bravo-adriana-serbian-athlete-claims-third-place-at-the-oslo-meeting\\\/#webpage\",\"url\":\"https:\\\/\\\/serbiantimes.info\\\/en\\\/bravo-adriana-serbian-athlete-claims-third-place-at-the-oslo-meeting\\\/\",\"name\":\"BRAVO, ADRIANA! Serbian Athlete Claims Third Place at the Oslo Meeting! | Serbiantimes.info EN\",\"description\":\"Just over two weeks after her historic appearance at the Diamond League meeting in Xiamen, Serbian javelin thrower Adriana Vilago\\u0161 once again faced off against the Chinese sensation. The top three positions remained unchanged, as Vilago\\u0161 secured an impressive third-place finish at the meeting in Oslo. Vilago\\u0161 reached the podium with a throw of 61.33\",\"inLanguage\":\"en-US\",\"isPartOf\":{\"@id\":\"https:\\\/\\\/serbiantimes.info\\\/en\\\/#website\"},\"breadcrumb\":{\"@id\":\"https:\\\/\\\/serbiantimes.info\\\/en\\\/bravo-adriana-serbian-athlete-claims-third-place-at-the-oslo-meeting\\\/#breadcrumblist\"},\"author\":{\"@id\":\"https:\\\/\\\/serbiantimes.info\\\/en\\\/author\\\/serbiantimes-portal\\\/#author\"},\"creator\":{\"@id\":\"https:\\\/\\\/serbiantimes.info\\\/en\\\/author\\\/serbiantimes-portal\\\/#author\"},\"image\":{\"@type\":\"ImageObject\",\"url\":\"https:\\\/\\\/serbiantimes.info\\\/en\\\/wp-content\\\/uploads\\\/sites\\\/2\\\/2026\\\/06\\\/DIPTIH-TRIPTIH-Serbian-Times-9-6.jpg\",\"@id\":\"https:\\\/\\\/serbiantimes.info\\\/en\\\/bravo-adriana-serbian-athlete-claims-third-place-at-the-oslo-meeting\\\/#mainImage\",\"width\":1200,\"height\":750},\"primaryImageOfPage\":{\"@id\":\"https:\\\/\\\/serbiantimes.info\\\/en\\\/bravo-adriana-serbian-athlete-claims-third-place-at-the-oslo-meeting\\\/#mainImage\"},\"datePublished\":\"2026-06-11T10:34:14+02:00\",\"dateModified\":\"2026-06-11T10:34:15+02:00\"},{\"@type\":\"WebSite\",\"@id\":\"https:\\\/\\\/serbiantimes.info\\\/en\\\/#website\",\"url\":\"https:\\\/\\\/serbiantimes.info\\\/en\\\/\",\"name\":\"Serbiantimes.info EN\",\"inLanguage\":\"en-US\",\"publisher\":{\"@id\":\"https:\\\/\\\/serbiantimes.info\\\/en\\\/#organization\"}}]}\n\t\t<\/script>\n\t\t<!-- All in One SEO -->\n\n","aioseo_head_json":{"title":"BRAVO, ADRIANA! Serbian Athlete Claims Third Place at the Oslo Meeting! | Serbiantimes.info EN","description":"Just over two weeks after her historic appearance at the Diamond League meeting in Xiamen, Serbian javelin thrower Adriana Vilago\u0161 once again faced off against the Chinese sensation. The top three positions remained unchanged, as Vilago\u0161 secured an impressive third-place finish at the meeting in Oslo. Vilago\u0161 reached the podium with a throw of 61.33","canonical_url":"https:\/\/serbiantimes.info\/en\/bravo-adriana-serbian-athlete-claims-third-place-at-the-oslo-meeting\/","robots":"max-image-preview:large","keywords":"","webmasterTools":{"miscellaneous":""},"schema":{"@context":"https:\/\/schema.org","@graph":[{"@type":"BlogPosting","@id":"https:\/\/serbiantimes.info\/en\/bravo-adriana-serbian-athlete-claims-third-place-at-the-oslo-meeting\/#blogposting","name":"BRAVO, ADRIANA! Serbian Athlete Claims Third Place at the Oslo Meeting! | Serbiantimes.info EN","headline":"BRAVO, ADRIANA! Serbian Athlete Claims Third Place at the Oslo Meeting!","author":{"@id":"https:\/\/serbiantimes.info\/en\/author\/serbiantimes-portal\/#author"},"publisher":{"@id":"https:\/\/serbiantimes.info\/en\/#organization"},"image":{"@type":"ImageObject","url":"https:\/\/serbiantimes.info\/en\/wp-content\/uploads\/sites\/2\/2026\/06\/DIPTIH-TRIPTIH-Serbian-Times-9-6.jpg","width":1200,"height":750},"datePublished":"2026-06-11T10:34:14+02:00","dateModified":"2026-06-11T10:34:15+02:00","inLanguage":"en-US","mainEntityOfPage":{"@id":"https:\/\/serbiantimes.info\/en\/bravo-adriana-serbian-athlete-claims-third-place-at-the-oslo-meeting\/#webpage"},"isPartOf":{"@id":"https:\/\/serbiantimes.info\/en\/bravo-adriana-serbian-athlete-claims-third-place-at-the-oslo-meeting\/#webpage"},"articleSection":"SPORT, Adriana Vilago\u0161, miting u oslu, Norve\u0161ka, sport, Srbija, srpska atleti\u010darka, tre\u0107e mesto, uspeh"},{"@type":"BreadcrumbList","@id":"https:\/\/serbiantimes.info\/en\/bravo-adriana-serbian-athlete-claims-third-place-at-the-oslo-meeting\/#breadcrumblist","itemListElement":[{"@type":"ListItem","@id":"https:\/\/serbiantimes.info\/en#listItem","position":1,"name":"Home","item":"https:\/\/serbiantimes.info\/en","nextItem":{"@type":"ListItem","@id":"https:\/\/serbiantimes.info\/en\/category\/sport\/#listItem","name":"SPORT"}},{"@type":"ListItem","@id":"https:\/\/serbiantimes.info\/en\/category\/sport\/#listItem","position":2,"name":"SPORT","item":"https:\/\/serbiantimes.info\/en\/category\/sport\/","nextItem":{"@type":"ListItem","@id":"https:\/\/serbiantimes.info\/en\/bravo-adriana-serbian-athlete-claims-third-place-at-the-oslo-meeting\/#listItem","name":"BRAVO, ADRIANA! Serbian Athlete Claims Third Place at the Oslo Meeting!"},"previousItem":{"@type":"ListItem","@id":"https:\/\/serbiantimes.info\/en#listItem","name":"Home"}},{"@type":"ListItem","@id":"https:\/\/serbiantimes.info\/en\/bravo-adriana-serbian-athlete-claims-third-place-at-the-oslo-meeting\/#listItem","position":3,"name":"BRAVO, ADRIANA! Serbian Athlete Claims Third Place at the Oslo Meeting!","previousItem":{"@type":"ListItem","@id":"https:\/\/serbiantimes.info\/en\/category\/sport\/#listItem","name":"SPORT"}}]},{"@type":"Organization","@id":"https:\/\/serbiantimes.info\/en\/#organization","name":"Serbiantimes.info EN","url":"https:\/\/serbiantimes.info\/en\/","logo":{"@type":"ImageObject","url":"https:\/\/serbiantimes.info\/en\/wp-content\/uploads\/sites\/2\/2024\/10\/cropped-cropped-Serbian-Times-Header-Logo-1.png","@id":"https:\/\/serbiantimes.info\/en\/bravo-adriana-serbian-athlete-claims-third-place-at-the-oslo-meeting\/#organizationLogo","width":480,"height":100},"image":{"@id":"https:\/\/serbiantimes.info\/en\/bravo-adriana-serbian-athlete-claims-third-place-at-the-oslo-meeting\/#organizationLogo"}},{"@type":"Person","@id":"https:\/\/serbiantimes.info\/en\/author\/serbiantimes-portal\/#author","url":"https:\/\/serbiantimes.info\/en\/author\/serbiantimes-portal\/","name":"Serbian Times","image":{"@type":"ImageObject","@id":"https:\/\/serbiantimes.info\/en\/bravo-adriana-serbian-athlete-claims-third-place-at-the-oslo-meeting\/#authorImage","url":"https:\/\/secure.gravatar.com\/avatar\/ea76e009769270b4193e2bc7e032c096b4ae135483ec03b396fd0f520bc3dcfd?s=96&d=mm&r=g","width":96,"height":96,"caption":"Serbian Times"}},{"@type":"WebPage","@id":"https:\/\/serbiantimes.info\/en\/bravo-adriana-serbian-athlete-claims-third-place-at-the-oslo-meeting\/#webpage","url":"https:\/\/serbiantimes.info\/en\/bravo-adriana-serbian-athlete-claims-third-place-at-the-oslo-meeting\/","name":"BRAVO, ADRIANA! Serbian Athlete Claims Third Place at the Oslo Meeting! | Serbiantimes.info EN","description":"Just over two weeks after her historic appearance at the Diamond League meeting in Xiamen, Serbian javelin thrower Adriana Vilago\u0161 once again faced off against the Chinese sensation. The top three positions remained unchanged, as Vilago\u0161 secured an impressive third-place finish at the meeting in Oslo. Vilago\u0161 reached the podium with a throw of 61.33","inLanguage":"en-US","isPartOf":{"@id":"https:\/\/serbiantimes.info\/en\/#website"},"breadcrumb":{"@id":"https:\/\/serbiantimes.info\/en\/bravo-adriana-serbian-athlete-claims-third-place-at-the-oslo-meeting\/#breadcrumblist"},"author":{"@id":"https:\/\/serbiantimes.info\/en\/author\/serbiantimes-portal\/#author"},"creator":{"@id":"https:\/\/serbiantimes.info\/en\/author\/serbiantimes-portal\/#author"},"image":{"@type":"ImageObject","url":"https:\/\/serbiantimes.info\/en\/wp-content\/uploads\/sites\/2\/2026\/06\/DIPTIH-TRIPTIH-Serbian-Times-9-6.jpg","@id":"https:\/\/serbiantimes.info\/en\/bravo-adriana-serbian-athlete-claims-third-place-at-the-oslo-meeting\/#mainImage","width":1200,"height":750},"primaryImageOfPage":{"@id":"https:\/\/serbiantimes.info\/en\/bravo-adriana-serbian-athlete-claims-third-place-at-the-oslo-meeting\/#mainImage"},"datePublished":"2026-06-11T10:34:14+02:00","dateModified":"2026-06-11T10:34:15+02:00"},{"@type":"WebSite","@id":"https:\/\/serbiantimes.info\/en\/#website","url":"https:\/\/serbiantimes.info\/en\/","name":"Serbiantimes.info EN","inLanguage":"en-US","publisher":{"@id":"https:\/\/serbiantimes.info\/en\/#organization"}}]},"og:locale":"en_US","og:site_name":"Serbiantimes.info EN |","og:type":"article","og:title":"BRAVO, ADRIANA! Serbian Athlete Claims Third Place at the Oslo Meeting! | Serbiantimes.info EN","og:description":"Just over two weeks after her historic appearance at the Diamond League meeting in Xiamen, Serbian javelin thrower Adriana Vilago\u0161 once again faced off against the Chinese sensation. The top three positions remained unchanged, as Vilago\u0161 secured an impressive third-place finish at the meeting in Oslo. Vilago\u0161 reached the podium with a throw of 61.33","og:url":"https:\/\/serbiantimes.info\/en\/bravo-adriana-serbian-athlete-claims-third-place-at-the-oslo-meeting\/","og:image":"https:\/\/serbiantimes.info\/en\/wp-content\/uploads\/sites\/2\/2026\/06\/DIPTIH-TRIPTIH-Serbian-Times-9-6.jpg","og:image:secure_url":"https:\/\/serbiantimes.info\/en\/wp-content\/uploads\/sites\/2\/2026\/06\/DIPTIH-TRIPTIH-Serbian-Times-9-6.jpg","og:image:width":1200,"og:image:height":750,"article:published_time":"2026-06-11T08:34:14+00:00","article:modified_time":"2026-06-11T08:34:15+00:00","twitter:card":"summary_large_image","twitter:title":"BRAVO, ADRIANA! Serbian Athlete Claims Third Place at the Oslo Meeting! | Serbiantimes.info EN","twitter:description":"Just over two weeks after her historic appearance at the Diamond League meeting in Xiamen, Serbian javelin thrower Adriana Vilago\u0161 once again faced off against the Chinese sensation. The top three positions remained unchanged, as Vilago\u0161 secured an impressive third-place finish at the meeting in Oslo. Vilago\u0161 reached the podium with a throw of 61.33","twitter:image":"https:\/\/serbiantimes.info\/en\/wp-content\/uploads\/sites\/2\/2026\/06\/DIPTIH-TRIPTIH-Serbian-Times-9-6.jpg"},"aioseo_meta_data":{"post_id":"212011","title":null,"description":null,"keywords":null,"keyphrases":{"focus":{"keyphrase":"","score":0,"analysis":{"keyphraseInTitle":{"score":0,"maxScore":9,"error":1}}},"additional":[]},"primary_term":null,"canonical_url":null,"og_title":null,"og_description":null,"og_object_type":"default","og_image_type":"default","og_image_url":null,"og_image_width":null,"og_image_height":null,"og_image_custom_url":null,"og_image_custom_fields":null,"og_video":"","og_custom_url":null,"og_article_section":null,"og_article_tags":null,"twitter_use_og":false,"twitter_card":"default","twitter_image_type":"default","twitter_image_url":null,"twitter_image_custom_url":null,"twitter_image_custom_fields":null,"twitter_title":null,"twitter_description":null,"schema":{"blockGraphs":[],"customGraphs":[],"default":{"data":{"Article":[],"Course":[],"Dataset":[],"FAQPage":[],"Movie":[],"Person":[],"Product":[],"ProductReview":[],"Car":[],"Recipe":[],"Service":[],"SoftwareApplication":[],"WebPage":[]},"graphName":"BlogPosting","isEnabled":true},"graphs":[]},"schema_type":"default","schema_type_options":null,"pillar_content":false,"robots_default":true,"robots_noindex":false,"robots_noarchive":false,"robots_nosnippet":false,"robots_nofollow":false,"robots_noimageindex":false,"robots_noodp":false,"robots_notranslate":false,"robots_max_snippet":"-1","robots_max_videopreview":"-1","robots_max_imagepreview":"large","priority":null,"frequency":"default","local_seo":null,"breadcrumb_settings":null,"limit_modified_date":false,"ai":{"faqs":[],"keyPoints":[],"titles":[],"descriptions":[],"socialPosts":{"email":[],"linkedin":[],"twitter":[],"facebook":[],"instagram":[]}},"created":"2026-06-11 08:25:46","updated":"2026-06-11 12:35:39","focus_keyword":null,"additional_keywords":null,"truseo_locale":null,"seo_analyzer_scan_date":null},"aioseo_breadcrumb":"<div class=\"aioseo-breadcrumbs\"><span class=\"aioseo-breadcrumb\">\n\t\t\t<a href=\"https:\/\/serbiantimes.info\/en\" title=\"Home\">Home<\/a>\n\t\t<\/span><span class=\"aioseo-breadcrumb-separator\">&raquo;<\/span><span class=\"aioseo-breadcrumb\">\n\t\t\t<a href=\"https:\/\/serbiantimes.info\/en\/category\/sport\/\" title=\"SPORT\">SPORT<\/a>\n\t\t<\/span><span class=\"aioseo-breadcrumb-separator\">&raquo;<\/span><span class=\"aioseo-breadcrumb\">\n\t\t\tBRAVO, ADRIANA! Serbian Athlete Claims Third Place at the Oslo Meeting!\n\t\t<\/span><\/div>","aioseo_breadcrumb_json":[{"label":"Home","link":"https:\/\/serbiantimes.info\/en"},{"label":"SPORT","link":"https:\/\/serbiantimes.info\/en\/category\/sport\/"},{"label":"BRAVO, ADRIANA! Serbian Athlete Claims Third Place at the Oslo Meeting!","link":"https:\/\/serbiantimes.info\/en\/bravo-adriana-serbian-athlete-claims-third-place-at-the-oslo-meeting\/"}],"distributor_meta":false,"distributor_terms":false,"distributor_media":false,"distributor_original_site_name":"Serbiantimes.info EN","distributor_original_site_url":"https:\/\/serbiantimes.info\/en","push-errors":false,"_links":{"self":[{"href":"https:\/\/serbiantimes.info\/en\/wp-json\/wp\/v2\/posts\/212011","targetHints":{"allow":["GET"]}}],"collection":[{"href":"https:\/\/serbiantimes.info\/en\/wp-json\/wp\/v2\/posts"}],"about":[{"href":"https:\/\/serbiantimes.info\/en\/wp-json\/wp\/v2\/types\/post"}],"author":[{"embeddable":true,"href":"https:\/\/serbiantimes.info\/en\/wp-json\/wp\/v2\/users\/2169"}],"replies":[{"embeddable":true,"href":"https:\/\/serbiantimes.info\/en\/wp-json\/wp\/v2\/comments?post=212011"}],"version-history":[{"count":2,"href":"https:\/\/serbiantimes.info\/en\/wp-json\/wp\/v2\/posts\/212011\/revisions"}],"predecessor-version":[{"id":212043,"href":"https:\/\/serbiantimes.info\/en\/wp-json\/wp\/v2\/posts\/212011\/revisions\/212043"}],"wp:featuredmedia":[{"embeddable":true,"href":"https:\/\/serbiantimes.info\/en\/wp-json\/wp\/v2\/media\/212012"}],"wp:attachment":[{"href":"https:\/\/serbiantimes.info\/en\/wp-json\/wp\/v2\/media?parent=212011"}],"wp:term":[{"taxonomy":"category","embeddable":true,"href":"https:\/\/serbiantimes.info\/en\/wp-json\/wp\/v2\/categories?post=212011"},{"taxonomy":"post_tag","embeddable":true,"href":"https:\/\/serbiantimes.info\/en\/wp-json\/wp\/v2\/tags?post=212011"}],"curies":[{"name":"wp","href":"https:\/\/api.w.org\/{rel}","templated":true}]}}