{"id":211778,"date":"2026-06-08T15:02:01","date_gmt":"2026-06-08T13:02:01","guid":{"rendered":"https:\/\/serbiantimes.info\/en\/?p=211778"},"modified":"2026-06-08T15:03:50","modified_gmt":"2026-06-08T13:03:50","slug":"patrijarh-porfirije-na-udaru-kritika-na-ispracaju-pojasa-presvete-bogorodice-nazvao-deo-vernika-debilima-video","status":"publish","type":"post","link":"https:\/\/serbiantimes.info\/en\/patrijarh-porfirije-na-udaru-kritika-na-ispracaju-pojasa-presvete-bogorodice-nazvao-deo-vernika-debilima-video\/","title":{"rendered":"PATRIARCH PORFIRIJE UNDER FIRE: At the send-off of the belt of the Most Holy Mother of God, he called a part of the believers &#8220;morons&#8221;! (VIDEO)"},"content":{"rendered":"\n<p class=\"wp-block-paragraph\"><strong><em>The head of the Serbian Orthodox Church (SPC), Patriarch Porfirije, insulted a part of the believers during the send-off of the honorable belt of the Most Holy Mother of God at the &#8220;Nikola Tesla&#8221; airport on a flight to the Vatopedi monastery on Mount Athos.<\/em><\/strong><\/p>\n\n\n\n<p class=\"wp-block-paragraph\">Porfirije did not know that the cameras were turned on and recording, so at one point he said that from time to time some moron would appear, Ozonpress reports.<\/p>\n\n\n\n<blockquote class=\"twitter-tweet\"><p lang=\"sr\" dir=\"ltr\">\u041f\u0430\u0442\u0440\u0438\u0458\u0430\u0440\u0445 \u041f\u043e\u0440\u0444\u0438\u0440\u0438\u0458\u0435: &quot;&#8230;\u043f\u043e\u0458\u0430\u0432\u0438 \u043f\u043e\u043d\u0435\u043a\u0438 \u0434\u0435\u0431\u0438\u043b.&quot;<br><br>\u041a\u0430\u0434\u0430 \u0441\u0430\u043c \u0432\u0430\u043c \u0433\u043e\u0432\u043e\u0440\u0438\u043e \u0434\u0430 \u043d\u0430\u043c \u0458\u0435 \u043f\u0430\u0442\u0440\u0438\u0458\u0430\u0440\u0445 \u043f\u0440\u043e\u0441\u0442\u0430\u043a, \u043d\u0430\u043f\u0430\u0434\u0430\u043b\u0438 \u0441\u0442\u0435 \u043c\u0435&#8230; <a href=\"https:\/\/t.co\/FMZJKzzmXg\">pic.twitter.com\/FMZJKzzmXg<\/a><\/p>&mdash; Blagoje Pantelic (@blagojepantelic) <a href=\"https:\/\/x.com\/blagojepantelic\/status\/2063594422202196039?ref_src=twsrc%5Etfw\">June 7, 2026<\/a><\/blockquote> <script async src=\"https:\/\/platform.x.com\/widgets.js\" charset=\"utf-8\"><\/script>\n\n\n\n<p class=\"wp-block-paragraph\">At that moment, he noticed the camera and interrupted his address and then gave a blessing.<\/p>\n\n\n\n<p class=\"wp-block-paragraph\">This was met with sharp criticism from the public.<\/p>\n\n\n\n<p class=\"wp-block-paragraph\">Present at the scene were Police Director Dragan Vasiljevi\u0107, Minister of Internal Affairs Ivica Da\u010di\u0107, as well as numerous clergy members and citizens.<\/p>\n\n\n\n<h4 class=\"wp-block-heading\"><mark style=\"background-color:#FFFFFF;color:#d21414\" class=\"has-inline-color\">MORE TOPICS:<\/mark><\/h4>\n\n\n\n<p class=\"wp-block-paragraph\"><strong><a href=\"https:\/\/serbiantimes.info\/en\/two-great-tragedies-on-the-velika-morava-first-a-girl-13-drowned-and-then-two-boys-aged-15\/\" target=\"_blank\" rel=\"noopener\" title=\"\">TWO GREAT TRAGEDIES ON THE VELIKA MORAVA: First a girl (13) drowned, and then two boys aged 15!<\/a><\/strong><\/p>\n\n\n\n<p class=\"wp-block-paragraph\"><strong><a href=\"https:\/\/serbiantimes.info\/en\/father-and-son-shined-in-the-czech-republic-automobilists-milovan-and-dorde-vesnic-set-track-records-and-climbed-the-winning-podium\/\" target=\"_blank\" rel=\"noopener\" title=\"\">FATHER AND SON SHINED IN THE CZECH REPUBLIC: Automobilists Milovan and \u0110or\u0111e Vesni\u0107 set track records and climbed the winning podium!<\/a><\/strong><\/p>\n\n\n\n<p class=\"wp-block-paragraph\"><strong><a href=\"https:\/\/serbiantimes.info\/en\/serbian-brutally-killed-in-barcelona-attacker-fired-multiple-shots-into-his-back-neighbors-tried-to-save-him-disturbing-video\/\" target=\"_blank\" rel=\"noopener\" title=\"\">SERBIAN BRUTALLY KILLED IN BARCELONA: Attacker fired multiple shots into his back, neighbors tried to save him! (DISTURBING VIDEO)<\/a><\/strong><\/p>\n\n\n\n<p class=\"wp-block-paragraph\"><strong><a href=\"https:\/\/serbiantimes.info\/en\/based-on-99-4-percent-of-processed-votes-srpska-lista-won-an-absolute-majority-in-all-serbian-areas\/\" target=\"_blank\" rel=\"noopener\" title=\"\">BASED ON 99.4 PERCENT OF PROCESSED VOTES: Srpska lista won an absolute majority in all Serbian areas!<\/a><\/strong><\/p>\n\n\n\n<p class=\"wp-block-paragraph\"><strong><a href=\"https:\/\/serbiantimes.info\/en\/the-peters-fast-begins-today-here-is-how-long-it-lasts-and-what-should-be-observed\/\" target=\"_blank\" rel=\"noopener\" title=\"\">THE PETER\u2019S FAST BEGINS TODAY: Here is how long it lasts and what should be observed!<\/a><\/strong><\/p>\n\n\n\n<p class=\"wp-block-paragraph\"><strong><strong><strong>Source<\/strong><\/strong><\/strong>: Nova.rs; <strong>Photo<\/strong>:\u00a0ATA Images<\/p>\n","protected":false},"excerpt":{"rendered":"<p>The head of the Serbian Orthodox Church (SPC), Patriarch Porfirije, insulted a part of the believers during the send-off of the honorable belt of the Most Holy Mother of God at the &#8220;Nikola Tesla&#8221; airport on a flight to the Vatopedi monastery on Mount Athos. Porfirije did not know that the cameras were turned on [&hellip;]<\/p>\n","protected":false},"author":2169,"featured_media":211697,"comment_status":"open","ping_status":"open","sticky":false,"template":"","format":"standard","meta":{"newspack_featured_image_position":"","newspack_post_subtitle":"","newspack_article_summary_title":"Overview:","newspack_article_summary":"","newspack_hide_updated_date":false,"newspack_show_updated_date":false,"footnotes":""},"categories":[7],"tags":[399,401,113,2243,15],"class_list":["post-211778","post","type-post","status-publish","format-standard","has-post-thumbnail","hentry","category-serbia","tag-patrijarh-porfirije","tag-spc","tag-srbija","tag-srpska-pravoslavna-crkva","tag-video","entry"],"aioseo_notices":[],"aioseo_head":"\n\t\t<!-- All in One SEO 5.0.1.1 - aioseo.com -->\n\t<meta name=\"description\" content=\"The head of the Serbian Orthodox Church (SPC), Patriarch Porfirije, insulted a part of the believers during the send-off of the honorable belt of the Most Holy Mother of God at the &quot;Nikola Tesla&quot; airport on a flight to the Vatopedi monastery on Mount Athos. Porfirije did not know that the cameras were turned on\" \/>\n\t<meta name=\"robots\" content=\"max-image-preview:large\" \/>\n\t<meta name=\"author\" content=\"Serbian Times\"\/>\n\t<link rel=\"canonical\" href=\"https:\/\/serbiantimes.info\/en\/patrijarh-porfirije-na-udaru-kritika-na-ispracaju-pojasa-presvete-bogorodice-nazvao-deo-vernika-debilima-video\/\" \/>\n\t<meta name=\"generator\" content=\"All in One SEO (AIOSEO) 5.0.1.1\" \/>\n\t\t<meta property=\"og:locale\" content=\"en_US\" \/>\n\t\t<meta property=\"og:site_name\" content=\"Serbiantimes.info EN |\" \/>\n\t\t<meta property=\"og:type\" content=\"article\" \/>\n\t\t<meta property=\"og:title\" content=\"PATRIARCH PORFIRIJE UNDER FIRE: At the send-off of the belt of the Most Holy Mother of God, he called a part of the believers \u201cmorons\u201d! (VIDEO) | Serbiantimes.info EN\" \/>\n\t\t<meta property=\"og:description\" content=\"The head of the Serbian Orthodox Church (SPC), Patriarch Porfirije, insulted a part of the believers during the send-off of the honorable belt of the Most Holy Mother of God at the &quot;Nikola Tesla&quot; airport on a flight to the Vatopedi monastery on Mount Athos. Porfirije did not know that the cameras were turned on\" \/>\n\t\t<meta property=\"og:url\" content=\"https:\/\/serbiantimes.info\/en\/patrijarh-porfirije-na-udaru-kritika-na-ispracaju-pojasa-presvete-bogorodice-nazvao-deo-vernika-debilima-video\/\" \/>\n\t\t<meta property=\"og:image\" content=\"https:\/\/serbiantimes.info\/en\/wp-content\/uploads\/sites\/2\/2026\/06\/DIPTIH-TRIPTIH-Serbian-Times-7-9.jpg\" \/>\n\t\t<meta property=\"og:image:secure_url\" content=\"https:\/\/serbiantimes.info\/en\/wp-content\/uploads\/sites\/2\/2026\/06\/DIPTIH-TRIPTIH-Serbian-Times-7-9.jpg\" \/>\n\t\t<meta property=\"og:image:width\" content=\"1200\" \/>\n\t\t<meta property=\"og:image:height\" content=\"750\" \/>\n\t\t<meta property=\"article:published_time\" content=\"2026-06-08T13:02:01+00:00\" \/>\n\t\t<meta property=\"article:modified_time\" content=\"2026-06-08T13:03:50+00:00\" \/>\n\t\t<meta name=\"twitter:card\" content=\"summary_large_image\" \/>\n\t\t<meta name=\"twitter:title\" content=\"PATRIARCH PORFIRIJE UNDER FIRE: At the send-off of the belt of the Most Holy Mother of God, he called a part of the believers \u201cmorons\u201d! (VIDEO) | Serbiantimes.info EN\" \/>\n\t\t<meta name=\"twitter:description\" content=\"The head of the Serbian Orthodox Church (SPC), Patriarch Porfirije, insulted a part of the believers during the send-off of the honorable belt of the Most Holy Mother of God at the &quot;Nikola Tesla&quot; airport on a flight to the Vatopedi monastery on Mount Athos. Porfirije did not know that the cameras were turned on\" \/>\n\t\t<meta name=\"twitter:image\" content=\"https:\/\/serbiantimes.info\/en\/wp-content\/uploads\/sites\/2\/2026\/06\/DIPTIH-TRIPTIH-Serbian-Times-7-9.jpg\" \/>\n\t\t<script type=\"application\/ld+json\" class=\"aioseo-schema\">\n\t\t\t{\"@context\":\"https:\\\/\\\/schema.org\",\"@graph\":[{\"@type\":\"BlogPosting\",\"@id\":\"https:\\\/\\\/serbiantimes.info\\\/en\\\/patrijarh-porfirije-na-udaru-kritika-na-ispracaju-pojasa-presvete-bogorodice-nazvao-deo-vernika-debilima-video\\\/#blogposting\",\"name\":\"PATRIARCH PORFIRIJE UNDER FIRE: At the send-off of the belt of the Most Holy Mother of God, he called a part of the believers \\u201cmorons\\u201d! (VIDEO) | Serbiantimes.info EN\",\"headline\":\"PATRIARCH PORFIRIJE UNDER FIRE: At the send-off of the belt of the Most Holy Mother of God, he called a part of the believers &#8220;morons&#8221;! (VIDEO)\",\"author\":{\"@id\":\"https:\\\/\\\/serbiantimes.info\\\/en\\\/author\\\/serbiantimes-portal\\\/#author\"},\"publisher\":{\"@id\":\"https:\\\/\\\/serbiantimes.info\\\/en\\\/#organization\"},\"image\":{\"@type\":\"ImageObject\",\"url\":\"https:\\\/\\\/serbiantimes.info\\\/en\\\/wp-content\\\/uploads\\\/sites\\\/2\\\/2026\\\/06\\\/DIPTIH-TRIPTIH-Serbian-Times-7-9.jpg\",\"width\":1200,\"height\":750},\"datePublished\":\"2026-06-08T15:02:01+02:00\",\"dateModified\":\"2026-06-08T15:03:50+02:00\",\"inLanguage\":\"en-US\",\"mainEntityOfPage\":{\"@id\":\"https:\\\/\\\/serbiantimes.info\\\/en\\\/patrijarh-porfirije-na-udaru-kritika-na-ispracaju-pojasa-presvete-bogorodice-nazvao-deo-vernika-debilima-video\\\/#webpage\"},\"isPartOf\":{\"@id\":\"https:\\\/\\\/serbiantimes.info\\\/en\\\/patrijarh-porfirije-na-udaru-kritika-na-ispracaju-pojasa-presvete-bogorodice-nazvao-deo-vernika-debilima-video\\\/#webpage\"},\"articleSection\":\"SERBIA, patrijarh Porfirije, SPC, Srbija, Srpska pravoslavna crkva, Video\"},{\"@type\":\"BreadcrumbList\",\"@id\":\"https:\\\/\\\/serbiantimes.info\\\/en\\\/patrijarh-porfirije-na-udaru-kritika-na-ispracaju-pojasa-presvete-bogorodice-nazvao-deo-vernika-debilima-video\\\/#breadcrumblist\",\"itemListElement\":[{\"@type\":\"ListItem\",\"@id\":\"https:\\\/\\\/serbiantimes.info\\\/en#listItem\",\"position\":1,\"name\":\"Home\",\"item\":\"https:\\\/\\\/serbiantimes.info\\\/en\",\"nextItem\":{\"@type\":\"ListItem\",\"@id\":\"https:\\\/\\\/serbiantimes.info\\\/en\\\/category\\\/serbia\\\/#listItem\",\"name\":\"SERBIA\"}},{\"@type\":\"ListItem\",\"@id\":\"https:\\\/\\\/serbiantimes.info\\\/en\\\/category\\\/serbia\\\/#listItem\",\"position\":2,\"name\":\"SERBIA\",\"item\":\"https:\\\/\\\/serbiantimes.info\\\/en\\\/category\\\/serbia\\\/\",\"nextItem\":{\"@type\":\"ListItem\",\"@id\":\"https:\\\/\\\/serbiantimes.info\\\/en\\\/patrijarh-porfirije-na-udaru-kritika-na-ispracaju-pojasa-presvete-bogorodice-nazvao-deo-vernika-debilima-video\\\/#listItem\",\"name\":\"PATRIARCH PORFIRIJE UNDER FIRE: At the send-off of the belt of the Most Holy Mother of God, he called a part of the believers &#8220;morons&#8221;! (VIDEO)\"},\"previousItem\":{\"@type\":\"ListItem\",\"@id\":\"https:\\\/\\\/serbiantimes.info\\\/en#listItem\",\"name\":\"Home\"}},{\"@type\":\"ListItem\",\"@id\":\"https:\\\/\\\/serbiantimes.info\\\/en\\\/patrijarh-porfirije-na-udaru-kritika-na-ispracaju-pojasa-presvete-bogorodice-nazvao-deo-vernika-debilima-video\\\/#listItem\",\"position\":3,\"name\":\"PATRIARCH PORFIRIJE UNDER FIRE: At the send-off of the belt of the Most Holy Mother of God, he called a part of the believers &#8220;morons&#8221;! (VIDEO)\",\"previousItem\":{\"@type\":\"ListItem\",\"@id\":\"https:\\\/\\\/serbiantimes.info\\\/en\\\/category\\\/serbia\\\/#listItem\",\"name\":\"SERBIA\"}}]},{\"@type\":\"Organization\",\"@id\":\"https:\\\/\\\/serbiantimes.info\\\/en\\\/#organization\",\"name\":\"Serbiantimes.info EN\",\"url\":\"https:\\\/\\\/serbiantimes.info\\\/en\\\/\",\"logo\":{\"@type\":\"ImageObject\",\"url\":\"https:\\\/\\\/serbiantimes.info\\\/en\\\/wp-content\\\/uploads\\\/sites\\\/2\\\/2024\\\/10\\\/cropped-cropped-Serbian-Times-Header-Logo-1.png\",\"@id\":\"https:\\\/\\\/serbiantimes.info\\\/en\\\/patrijarh-porfirije-na-udaru-kritika-na-ispracaju-pojasa-presvete-bogorodice-nazvao-deo-vernika-debilima-video\\\/#organizationLogo\",\"width\":480,\"height\":100},\"image\":{\"@id\":\"https:\\\/\\\/serbiantimes.info\\\/en\\\/patrijarh-porfirije-na-udaru-kritika-na-ispracaju-pojasa-presvete-bogorodice-nazvao-deo-vernika-debilima-video\\\/#organizationLogo\"}},{\"@type\":\"Person\",\"@id\":\"https:\\\/\\\/serbiantimes.info\\\/en\\\/author\\\/serbiantimes-portal\\\/#author\",\"url\":\"https:\\\/\\\/serbiantimes.info\\\/en\\\/author\\\/serbiantimes-portal\\\/\",\"name\":\"Serbian Times\",\"image\":{\"@type\":\"ImageObject\",\"@id\":\"https:\\\/\\\/serbiantimes.info\\\/en\\\/patrijarh-porfirije-na-udaru-kritika-na-ispracaju-pojasa-presvete-bogorodice-nazvao-deo-vernika-debilima-video\\\/#authorImage\",\"url\":\"https:\\\/\\\/secure.gravatar.com\\\/avatar\\\/ea76e009769270b4193e2bc7e032c096b4ae135483ec03b396fd0f520bc3dcfd?s=96&d=mm&r=g\",\"width\":96,\"height\":96,\"caption\":\"Serbian Times\"}},{\"@type\":\"WebPage\",\"@id\":\"https:\\\/\\\/serbiantimes.info\\\/en\\\/patrijarh-porfirije-na-udaru-kritika-na-ispracaju-pojasa-presvete-bogorodice-nazvao-deo-vernika-debilima-video\\\/#webpage\",\"url\":\"https:\\\/\\\/serbiantimes.info\\\/en\\\/patrijarh-porfirije-na-udaru-kritika-na-ispracaju-pojasa-presvete-bogorodice-nazvao-deo-vernika-debilima-video\\\/\",\"name\":\"PATRIARCH PORFIRIJE UNDER FIRE: At the send-off of the belt of the Most Holy Mother of God, he called a part of the believers \\u201cmorons\\u201d! (VIDEO) | Serbiantimes.info EN\",\"description\":\"The head of the Serbian Orthodox Church (SPC), Patriarch Porfirije, insulted a part of the believers during the send-off of the honorable belt of the Most Holy Mother of God at the \\\"Nikola Tesla\\\" airport on a flight to the Vatopedi monastery on Mount Athos. Porfirije did not know that the cameras were turned on\",\"inLanguage\":\"en-US\",\"isPartOf\":{\"@id\":\"https:\\\/\\\/serbiantimes.info\\\/en\\\/#website\"},\"breadcrumb\":{\"@id\":\"https:\\\/\\\/serbiantimes.info\\\/en\\\/patrijarh-porfirije-na-udaru-kritika-na-ispracaju-pojasa-presvete-bogorodice-nazvao-deo-vernika-debilima-video\\\/#breadcrumblist\"},\"author\":{\"@id\":\"https:\\\/\\\/serbiantimes.info\\\/en\\\/author\\\/serbiantimes-portal\\\/#author\"},\"creator\":{\"@id\":\"https:\\\/\\\/serbiantimes.info\\\/en\\\/author\\\/serbiantimes-portal\\\/#author\"},\"image\":{\"@type\":\"ImageObject\",\"url\":\"https:\\\/\\\/serbiantimes.info\\\/en\\\/wp-content\\\/uploads\\\/sites\\\/2\\\/2026\\\/06\\\/DIPTIH-TRIPTIH-Serbian-Times-7-9.jpg\",\"@id\":\"https:\\\/\\\/serbiantimes.info\\\/en\\\/patrijarh-porfirije-na-udaru-kritika-na-ispracaju-pojasa-presvete-bogorodice-nazvao-deo-vernika-debilima-video\\\/#mainImage\",\"width\":1200,\"height\":750},\"primaryImageOfPage\":{\"@id\":\"https:\\\/\\\/serbiantimes.info\\\/en\\\/patrijarh-porfirije-na-udaru-kritika-na-ispracaju-pojasa-presvete-bogorodice-nazvao-deo-vernika-debilima-video\\\/#mainImage\"},\"datePublished\":\"2026-06-08T15:02:01+02:00\",\"dateModified\":\"2026-06-08T15:03:50+02:00\"},{\"@type\":\"WebSite\",\"@id\":\"https:\\\/\\\/serbiantimes.info\\\/en\\\/#website\",\"url\":\"https:\\\/\\\/serbiantimes.info\\\/en\\\/\",\"name\":\"Serbiantimes.info EN\",\"inLanguage\":\"en-US\",\"publisher\":{\"@id\":\"https:\\\/\\\/serbiantimes.info\\\/en\\\/#organization\"}}]}\n\t\t<\/script>\n\t\t<!-- All in One SEO -->\n\n","aioseo_head_json":{"title":"PATRIARCH PORFIRIJE UNDER FIRE: At the send-off of the belt of the Most Holy Mother of God, he called a part of the believers \u201cmorons\u201d! (VIDEO) | Serbiantimes.info EN","description":"The head of the Serbian Orthodox Church (SPC), Patriarch Porfirije, insulted a part of the believers during the send-off of the honorable belt of the Most Holy Mother of God at the \"Nikola Tesla\" airport on a flight to the Vatopedi monastery on Mount Athos. Porfirije did not know that the cameras were turned on","canonical_url":"https:\/\/serbiantimes.info\/en\/patrijarh-porfirije-na-udaru-kritika-na-ispracaju-pojasa-presvete-bogorodice-nazvao-deo-vernika-debilima-video\/","robots":"max-image-preview:large","keywords":"","webmasterTools":{"miscellaneous":""},"schema":{"@context":"https:\/\/schema.org","@graph":[{"@type":"BlogPosting","@id":"https:\/\/serbiantimes.info\/en\/patrijarh-porfirije-na-udaru-kritika-na-ispracaju-pojasa-presvete-bogorodice-nazvao-deo-vernika-debilima-video\/#blogposting","name":"PATRIARCH PORFIRIJE UNDER FIRE: At the send-off of the belt of the Most Holy Mother of God, he called a part of the believers \u201cmorons\u201d! (VIDEO) | Serbiantimes.info EN","headline":"PATRIARCH PORFIRIJE UNDER FIRE: At the send-off of the belt of the Most Holy Mother of God, he called a part of the believers &#8220;morons&#8221;! (VIDEO)","author":{"@id":"https:\/\/serbiantimes.info\/en\/author\/serbiantimes-portal\/#author"},"publisher":{"@id":"https:\/\/serbiantimes.info\/en\/#organization"},"image":{"@type":"ImageObject","url":"https:\/\/serbiantimes.info\/en\/wp-content\/uploads\/sites\/2\/2026\/06\/DIPTIH-TRIPTIH-Serbian-Times-7-9.jpg","width":1200,"height":750},"datePublished":"2026-06-08T15:02:01+02:00","dateModified":"2026-06-08T15:03:50+02:00","inLanguage":"en-US","mainEntityOfPage":{"@id":"https:\/\/serbiantimes.info\/en\/patrijarh-porfirije-na-udaru-kritika-na-ispracaju-pojasa-presvete-bogorodice-nazvao-deo-vernika-debilima-video\/#webpage"},"isPartOf":{"@id":"https:\/\/serbiantimes.info\/en\/patrijarh-porfirije-na-udaru-kritika-na-ispracaju-pojasa-presvete-bogorodice-nazvao-deo-vernika-debilima-video\/#webpage"},"articleSection":"SERBIA, patrijarh Porfirije, SPC, Srbija, Srpska pravoslavna crkva, Video"},{"@type":"BreadcrumbList","@id":"https:\/\/serbiantimes.info\/en\/patrijarh-porfirije-na-udaru-kritika-na-ispracaju-pojasa-presvete-bogorodice-nazvao-deo-vernika-debilima-video\/#breadcrumblist","itemListElement":[{"@type":"ListItem","@id":"https:\/\/serbiantimes.info\/en#listItem","position":1,"name":"Home","item":"https:\/\/serbiantimes.info\/en","nextItem":{"@type":"ListItem","@id":"https:\/\/serbiantimes.info\/en\/category\/serbia\/#listItem","name":"SERBIA"}},{"@type":"ListItem","@id":"https:\/\/serbiantimes.info\/en\/category\/serbia\/#listItem","position":2,"name":"SERBIA","item":"https:\/\/serbiantimes.info\/en\/category\/serbia\/","nextItem":{"@type":"ListItem","@id":"https:\/\/serbiantimes.info\/en\/patrijarh-porfirije-na-udaru-kritika-na-ispracaju-pojasa-presvete-bogorodice-nazvao-deo-vernika-debilima-video\/#listItem","name":"PATRIARCH PORFIRIJE UNDER FIRE: At the send-off of the belt of the Most Holy Mother of God, he called a part of the believers &#8220;morons&#8221;! (VIDEO)"},"previousItem":{"@type":"ListItem","@id":"https:\/\/serbiantimes.info\/en#listItem","name":"Home"}},{"@type":"ListItem","@id":"https:\/\/serbiantimes.info\/en\/patrijarh-porfirije-na-udaru-kritika-na-ispracaju-pojasa-presvete-bogorodice-nazvao-deo-vernika-debilima-video\/#listItem","position":3,"name":"PATRIARCH PORFIRIJE UNDER FIRE: At the send-off of the belt of the Most Holy Mother of God, he called a part of the believers &#8220;morons&#8221;! (VIDEO)","previousItem":{"@type":"ListItem","@id":"https:\/\/serbiantimes.info\/en\/category\/serbia\/#listItem","name":"SERBIA"}}]},{"@type":"Organization","@id":"https:\/\/serbiantimes.info\/en\/#organization","name":"Serbiantimes.info EN","url":"https:\/\/serbiantimes.info\/en\/","logo":{"@type":"ImageObject","url":"https:\/\/serbiantimes.info\/en\/wp-content\/uploads\/sites\/2\/2024\/10\/cropped-cropped-Serbian-Times-Header-Logo-1.png","@id":"https:\/\/serbiantimes.info\/en\/patrijarh-porfirije-na-udaru-kritika-na-ispracaju-pojasa-presvete-bogorodice-nazvao-deo-vernika-debilima-video\/#organizationLogo","width":480,"height":100},"image":{"@id":"https:\/\/serbiantimes.info\/en\/patrijarh-porfirije-na-udaru-kritika-na-ispracaju-pojasa-presvete-bogorodice-nazvao-deo-vernika-debilima-video\/#organizationLogo"}},{"@type":"Person","@id":"https:\/\/serbiantimes.info\/en\/author\/serbiantimes-portal\/#author","url":"https:\/\/serbiantimes.info\/en\/author\/serbiantimes-portal\/","name":"Serbian Times","image":{"@type":"ImageObject","@id":"https:\/\/serbiantimes.info\/en\/patrijarh-porfirije-na-udaru-kritika-na-ispracaju-pojasa-presvete-bogorodice-nazvao-deo-vernika-debilima-video\/#authorImage","url":"https:\/\/secure.gravatar.com\/avatar\/ea76e009769270b4193e2bc7e032c096b4ae135483ec03b396fd0f520bc3dcfd?s=96&d=mm&r=g","width":96,"height":96,"caption":"Serbian Times"}},{"@type":"WebPage","@id":"https:\/\/serbiantimes.info\/en\/patrijarh-porfirije-na-udaru-kritika-na-ispracaju-pojasa-presvete-bogorodice-nazvao-deo-vernika-debilima-video\/#webpage","url":"https:\/\/serbiantimes.info\/en\/patrijarh-porfirije-na-udaru-kritika-na-ispracaju-pojasa-presvete-bogorodice-nazvao-deo-vernika-debilima-video\/","name":"PATRIARCH PORFIRIJE UNDER FIRE: At the send-off of the belt of the Most Holy Mother of God, he called a part of the believers \u201cmorons\u201d! (VIDEO) | Serbiantimes.info EN","description":"The head of the Serbian Orthodox Church (SPC), Patriarch Porfirije, insulted a part of the believers during the send-off of the honorable belt of the Most Holy Mother of God at the \"Nikola Tesla\" airport on a flight to the Vatopedi monastery on Mount Athos. Porfirije did not know that the cameras were turned on","inLanguage":"en-US","isPartOf":{"@id":"https:\/\/serbiantimes.info\/en\/#website"},"breadcrumb":{"@id":"https:\/\/serbiantimes.info\/en\/patrijarh-porfirije-na-udaru-kritika-na-ispracaju-pojasa-presvete-bogorodice-nazvao-deo-vernika-debilima-video\/#breadcrumblist"},"author":{"@id":"https:\/\/serbiantimes.info\/en\/author\/serbiantimes-portal\/#author"},"creator":{"@id":"https:\/\/serbiantimes.info\/en\/author\/serbiantimes-portal\/#author"},"image":{"@type":"ImageObject","url":"https:\/\/serbiantimes.info\/en\/wp-content\/uploads\/sites\/2\/2026\/06\/DIPTIH-TRIPTIH-Serbian-Times-7-9.jpg","@id":"https:\/\/serbiantimes.info\/en\/patrijarh-porfirije-na-udaru-kritika-na-ispracaju-pojasa-presvete-bogorodice-nazvao-deo-vernika-debilima-video\/#mainImage","width":1200,"height":750},"primaryImageOfPage":{"@id":"https:\/\/serbiantimes.info\/en\/patrijarh-porfirije-na-udaru-kritika-na-ispracaju-pojasa-presvete-bogorodice-nazvao-deo-vernika-debilima-video\/#mainImage"},"datePublished":"2026-06-08T15:02:01+02:00","dateModified":"2026-06-08T15:03:50+02:00"},{"@type":"WebSite","@id":"https:\/\/serbiantimes.info\/en\/#website","url":"https:\/\/serbiantimes.info\/en\/","name":"Serbiantimes.info EN","inLanguage":"en-US","publisher":{"@id":"https:\/\/serbiantimes.info\/en\/#organization"}}]},"og:locale":"en_US","og:site_name":"Serbiantimes.info EN |","og:type":"article","og:title":"PATRIARCH PORFIRIJE UNDER FIRE: At the send-off of the belt of the Most Holy Mother of God, he called a part of the believers \u201cmorons\u201d! (VIDEO) | Serbiantimes.info EN","og:description":"The head of the Serbian Orthodox Church (SPC), Patriarch Porfirije, insulted a part of the believers during the send-off of the honorable belt of the Most Holy Mother of God at the &quot;Nikola Tesla&quot; airport on a flight to the Vatopedi monastery on Mount Athos. Porfirije did not know that the cameras were turned on","og:url":"https:\/\/serbiantimes.info\/en\/patrijarh-porfirije-na-udaru-kritika-na-ispracaju-pojasa-presvete-bogorodice-nazvao-deo-vernika-debilima-video\/","og:image":"https:\/\/serbiantimes.info\/en\/wp-content\/uploads\/sites\/2\/2026\/06\/DIPTIH-TRIPTIH-Serbian-Times-7-9.jpg","og:image:secure_url":"https:\/\/serbiantimes.info\/en\/wp-content\/uploads\/sites\/2\/2026\/06\/DIPTIH-TRIPTIH-Serbian-Times-7-9.jpg","og:image:width":1200,"og:image:height":750,"article:published_time":"2026-06-08T13:02:01+00:00","article:modified_time":"2026-06-08T13:03:50+00:00","twitter:card":"summary_large_image","twitter:title":"PATRIARCH PORFIRIJE UNDER FIRE: At the send-off of the belt of the Most Holy Mother of God, he called a part of the believers \u201cmorons\u201d! (VIDEO) | Serbiantimes.info EN","twitter:description":"The head of the Serbian Orthodox Church (SPC), Patriarch Porfirije, insulted a part of the believers during the send-off of the honorable belt of the Most Holy Mother of God at the &quot;Nikola Tesla&quot; airport on a flight to the Vatopedi monastery on Mount Athos. Porfirije did not know that the cameras were turned on","twitter:image":"https:\/\/serbiantimes.info\/en\/wp-content\/uploads\/sites\/2\/2026\/06\/DIPTIH-TRIPTIH-Serbian-Times-7-9.jpg"},"aioseo_meta_data":{"post_id":"211778","title":null,"description":null,"keywords":null,"keyphrases":{"focus":{"keyphrase":"","score":0,"analysis":{"keyphraseInTitle":{"score":0,"maxScore":9,"error":1}}},"additional":[]},"primary_term":null,"canonical_url":null,"og_title":null,"og_description":null,"og_object_type":"default","og_image_type":"default","og_image_url":null,"og_image_width":null,"og_image_height":null,"og_image_custom_url":null,"og_image_custom_fields":null,"og_video":"","og_custom_url":null,"og_article_section":null,"og_article_tags":null,"twitter_use_og":false,"twitter_card":"default","twitter_image_type":"default","twitter_image_url":null,"twitter_image_custom_url":null,"twitter_image_custom_fields":null,"twitter_title":null,"twitter_description":null,"schema":{"blockGraphs":[],"customGraphs":[],"default":{"data":{"Article":[],"Course":[],"Dataset":[],"FAQPage":[],"Movie":[],"Person":[],"Product":[],"ProductReview":[],"Car":[],"Recipe":[],"Service":[],"SoftwareApplication":[],"WebPage":[]},"graphName":"BlogPosting","isEnabled":true},"graphs":[]},"schema_type":"default","schema_type_options":null,"pillar_content":false,"robots_default":true,"robots_noindex":false,"robots_noarchive":false,"robots_nosnippet":false,"robots_nofollow":false,"robots_noimageindex":false,"robots_noodp":false,"robots_notranslate":false,"robots_max_snippet":"-1","robots_max_videopreview":"-1","robots_max_imagepreview":"large","priority":null,"frequency":"default","local_seo":null,"breadcrumb_settings":null,"limit_modified_date":false,"ai":{"faqs":[],"keyPoints":[],"titles":[],"descriptions":[],"socialPosts":{"email":[],"linkedin":[],"twitter":[],"facebook":[],"instagram":[]}},"created":"2026-06-08 13:02:02","updated":"2026-06-08 19:19:57","focus_keyword":null,"additional_keywords":null,"truseo_locale":null,"seo_analyzer_scan_date":null},"aioseo_breadcrumb":"<div class=\"aioseo-breadcrumbs\"><span class=\"aioseo-breadcrumb\">\n\t\t\t<a href=\"https:\/\/serbiantimes.info\/en\" title=\"Home\">Home<\/a>\n\t\t<\/span><span class=\"aioseo-breadcrumb-separator\">&raquo;<\/span><span class=\"aioseo-breadcrumb\">\n\t\t\t<a href=\"https:\/\/serbiantimes.info\/en\/category\/serbia\/\" title=\"SERBIA\">SERBIA<\/a>\n\t\t<\/span><span class=\"aioseo-breadcrumb-separator\">&raquo;<\/span><span class=\"aioseo-breadcrumb\">\n\t\t\tPATRIARCH PORFIRIJE UNDER FIRE: At the send-off of the belt of the Most Holy Mother of God, he called a part of the believers \u201cmorons\u201d! (VIDEO)\n\t\t<\/span><\/div>","aioseo_breadcrumb_json":[{"label":"Home","link":"https:\/\/serbiantimes.info\/en"},{"label":"SERBIA","link":"https:\/\/serbiantimes.info\/en\/category\/serbia\/"},{"label":"PATRIARCH PORFIRIJE UNDER FIRE: At the send-off of the belt of the Most Holy Mother of God, he called a part of the believers &#8220;morons&#8221;! (VIDEO)","link":"https:\/\/serbiantimes.info\/en\/patrijarh-porfirije-na-udaru-kritika-na-ispracaju-pojasa-presvete-bogorodice-nazvao-deo-vernika-debilima-video\/"}],"distributor_meta":false,"distributor_terms":false,"distributor_media":false,"distributor_original_site_name":"Serbiantimes.info EN","distributor_original_site_url":"https:\/\/serbiantimes.info\/en","push-errors":false,"_links":{"self":[{"href":"https:\/\/serbiantimes.info\/en\/wp-json\/wp\/v2\/posts\/211778","targetHints":{"allow":["GET"]}}],"collection":[{"href":"https:\/\/serbiantimes.info\/en\/wp-json\/wp\/v2\/posts"}],"about":[{"href":"https:\/\/serbiantimes.info\/en\/wp-json\/wp\/v2\/types\/post"}],"author":[{"embeddable":true,"href":"https:\/\/serbiantimes.info\/en\/wp-json\/wp\/v2\/users\/2169"}],"replies":[{"embeddable":true,"href":"https:\/\/serbiantimes.info\/en\/wp-json\/wp\/v2\/comments?post=211778"}],"version-history":[{"count":3,"href":"https:\/\/serbiantimes.info\/en\/wp-json\/wp\/v2\/posts\/211778\/revisions"}],"predecessor-version":[{"id":211813,"href":"https:\/\/serbiantimes.info\/en\/wp-json\/wp\/v2\/posts\/211778\/revisions\/211813"}],"wp:featuredmedia":[{"embeddable":true,"href":"https:\/\/serbiantimes.info\/en\/wp-json\/wp\/v2\/media\/211697"}],"wp:attachment":[{"href":"https:\/\/serbiantimes.info\/en\/wp-json\/wp\/v2\/media?parent=211778"}],"wp:term":[{"taxonomy":"category","embeddable":true,"href":"https:\/\/serbiantimes.info\/en\/wp-json\/wp\/v2\/categories?post=211778"},{"taxonomy":"post_tag","embeddable":true,"href":"https:\/\/serbiantimes.info\/en\/wp-json\/wp\/v2\/tags?post=211778"}],"curies":[{"name":"wp","href":"https:\/\/api.w.org\/{rel}","templated":true}]}}