{"id":211776,"date":"2026-06-08T15:01:59","date_gmt":"2026-06-08T13:01:59","guid":{"rendered":"https:\/\/serbiantimes.info\/en\/?p=211776"},"modified":"2026-06-08T15:03:38","modified_gmt":"2026-06-08T13:03:38","slug":"the-black-and-whites-will-have-to-wait-bogdan-bogdanovic-made-a-decision-here-is-where-the-captain-of-the-eagles-continues-his-career","status":"publish","type":"post","link":"https:\/\/serbiantimes.info\/en\/the-black-and-whites-will-have-to-wait-bogdan-bogdanovic-made-a-decision-here-is-where-the-captain-of-the-eagles-continues-his-career\/","title":{"rendered":"THE BLACK AND WHITES WILL HAVE TO WAIT: Bogdan Bogdanovi\u0107 made a decision, here is where the captain of the Eagles continues his career!"},"content":{"rendered":"\n<p class=\"wp-block-paragraph\"><strong><em>Partizan fans will have to wait a while longer for the return of their favorite. Bogdan Bogdanovi\u0107 has made a decision on where he will play next season, and according to information reported by the reliable Greek website SDNA, the Serbian shooting guard is staying in the NBA league for at least another year.<\/em><\/strong><\/p>\n\n\n\n<p class=\"wp-block-paragraph\">Although speculations appeared in public that the captain of Serbia could return to European basketball this summer, nothing will come of it.<\/p>\n\n\n\n<p class=\"wp-block-paragraph\">The management of the black and whites followed the development of the situation, but the former Partizan and Fenerbah\u00e7e player will continue to build his career across the ocean.<\/p>\n\n\n\n<p class=\"wp-block-paragraph\">Considering that he ensures a secure status in the strongest league in the world, his return to the Old Continent next summer is also under a question mark.<\/p>\n\n\n\n<p class=\"wp-block-paragraph\">Partizan fans can only hope that the captain of the &#8220;eagles&#8221; will play the final years of his rich career precisely in the black and white jersey.<\/p>\n\n\n\n<h4 class=\"wp-block-heading\"><mark style=\"background-color:#FFFFFF;color:#d21414\" class=\"has-inline-color\">MORE TOPICS:<\/mark><\/h4>\n\n\n\n<p class=\"wp-block-paragraph\"><strong><a href=\"https:\/\/serbiantimes.info\/en\/two-great-tragedies-on-the-velika-morava-first-a-girl-13-drowned-and-then-two-boys-aged-15\/\" target=\"_blank\" rel=\"noopener\" title=\"\">TWO GREAT TRAGEDIES ON THE VELIKA MORAVA: First a girl (13) drowned, and then two boys aged 15!<\/a><\/strong><\/p>\n\n\n\n<p class=\"wp-block-paragraph\"><strong><a href=\"https:\/\/serbiantimes.info\/en\/patrijarh-porfirije-na-udaru-kritika-na-ispracaju-pojasa-presvete-bogorodice-nazvao-deo-vernika-debilima-video\/\" target=\"_blank\" rel=\"noopener\" title=\"\">PATRIARCH PORFIRIJE UNDER FIRE: At the send-off of the belt of the Most Holy Mother of God, he called a part of the believers \u201cmorons\u201d! (VIDEO)<\/a><\/strong><\/p>\n\n\n\n<p class=\"wp-block-paragraph\"><strong><a href=\"https:\/\/serbiantimes.info\/en\/father-and-son-shined-in-the-czech-republic-automobilists-milovan-and-dorde-vesnic-set-track-records-and-climbed-the-winning-podium\/\" target=\"_blank\" rel=\"noopener\" title=\"\">FATHER AND SON SHINED IN THE CZECH REPUBLIC: Automobilists Milovan and \u0110or\u0111e Vesni\u0107 set track records and climbed the winning podium!<\/a><\/strong><\/p>\n\n\n\n<p class=\"wp-block-paragraph\"><strong><a href=\"https:\/\/serbiantimes.info\/en\/serbian-brutally-killed-in-barcelona-attacker-fired-multiple-shots-into-his-back-neighbors-tried-to-save-him-disturbing-video\/\" target=\"_blank\" rel=\"noopener\" title=\"\">SERBIAN BRUTALLY KILLED IN BARCELONA: Attacker fired multiple shots into his back, neighbors tried to save him! (DISTURBING VIDEO)<\/a><\/strong><\/p>\n\n\n\n<p class=\"wp-block-paragraph\"><strong><a href=\"https:\/\/serbiantimes.info\/en\/based-on-99-4-percent-of-processed-votes-srpska-lista-won-an-absolute-majority-in-all-serbian-areas\/\" target=\"_blank\" rel=\"noopener\" title=\"\">BASED ON 99.4 PERCENT OF PROCESSED VOTES: Srpska lista won an absolute majority in all Serbian areas!<\/a><\/strong><\/p>\n\n\n\n<p class=\"wp-block-paragraph\"><strong><a href=\"https:\/\/serbiantimes.info\/en\/the-peters-fast-begins-today-here-is-how-long-it-lasts-and-what-should-be-observed\/\" target=\"_blank\" rel=\"noopener\" title=\"\">THE PETER\u2019S FAST BEGINS TODAY: Here is how long it lasts and what should be observed!<\/a><\/strong><\/p>\n\n\n\n<p class=\"wp-block-paragraph\"><strong><strong><strong>Source<\/strong><\/strong><\/strong>: <a href=\"https:\/\/www.novosti.rs\/sport\/kosarka\/1615839\/bogdan-bogdanovic-prelomio-evo-gde-kapiten-srbije-nastavlja-karijeru\" target=\"_blank\" rel=\"noopener\" title=\"\">Novosti<\/a>; <strong>Photo<\/strong>: ATA Images<\/p>\n","protected":false},"excerpt":{"rendered":"<p>Partizan fans will have to wait a while longer for the return of their favorite. Bogdan Bogdanovi\u0107 has made a decision on where he will play next season, and according to information reported by the reliable Greek website SDNA, the Serbian shooting guard is staying in the NBA league for at least another year. Although [&hellip;]<\/p>\n","protected":false},"author":2169,"featured_media":211777,"comment_status":"open","ping_status":"open","sticky":false,"template":"","format":"standard","meta":{"newspack_featured_image_position":"","newspack_post_subtitle":"","newspack_article_summary_title":"Overview:","newspack_article_summary":"","newspack_hide_updated_date":false,"newspack_show_updated_date":false,"footnotes":""},"categories":[10],"tags":[71,1487,249,187,23,91,2527,113],"class_list":["post-211776","post","type-post","status-publish","format-standard","has-post-thumbnail","hentry","category-sport","tag-amerika","tag-bogdan-bogdanovic","tag-kosarka-2","tag-nba-liga","tag-sad","tag-sport","tag-srbi-u-nba","tag-srbija","entry"],"aioseo_notices":[],"aioseo_head":"\n\t\t<!-- All in One SEO 5.0.1.1 - aioseo.com -->\n\t<meta name=\"description\" content=\"Partizan fans will have to wait a while longer for the return of their favorite. Bogdan Bogdanovi\u0107 has made a decision on where he will play next season, and according to information reported by the reliable Greek website SDNA, the Serbian shooting guard is staying in the NBA league for at least another year. Although\" \/>\n\t<meta name=\"robots\" content=\"max-image-preview:large\" \/>\n\t<meta name=\"author\" content=\"Serbian Times\"\/>\n\t<link rel=\"canonical\" href=\"https:\/\/serbiantimes.info\/en\/the-black-and-whites-will-have-to-wait-bogdan-bogdanovic-made-a-decision-here-is-where-the-captain-of-the-eagles-continues-his-career\/\" \/>\n\t<meta name=\"generator\" content=\"All in One SEO (AIOSEO) 5.0.1.1\" \/>\n\t\t<meta property=\"og:locale\" content=\"en_US\" \/>\n\t\t<meta property=\"og:site_name\" content=\"Serbiantimes.info EN |\" \/>\n\t\t<meta property=\"og:type\" content=\"article\" \/>\n\t\t<meta property=\"og:title\" content=\"THE BLACK AND WHITES WILL HAVE TO WAIT: Bogdan Bogdanovi\u0107 made a decision, here is where the captain of the Eagles continues his career! | Serbiantimes.info EN\" \/>\n\t\t<meta property=\"og:description\" content=\"Partizan fans will have to wait a while longer for the return of their favorite. Bogdan Bogdanovi\u0107 has made a decision on where he will play next season, and according to information reported by the reliable Greek website SDNA, the Serbian shooting guard is staying in the NBA league for at least another year. Although\" \/>\n\t\t<meta property=\"og:url\" content=\"https:\/\/serbiantimes.info\/en\/the-black-and-whites-will-have-to-wait-bogdan-bogdanovic-made-a-decision-here-is-where-the-captain-of-the-eagles-continues-his-career\/\" \/>\n\t\t<meta property=\"og:image\" content=\"https:\/\/serbiantimes.info\/en\/wp-content\/uploads\/sites\/2\/2026\/06\/ST-Montaze-2026-06-08T102259.686.jpg\" \/>\n\t\t<meta property=\"og:image:secure_url\" content=\"https:\/\/serbiantimes.info\/en\/wp-content\/uploads\/sites\/2\/2026\/06\/ST-Montaze-2026-06-08T102259.686.jpg\" \/>\n\t\t<meta property=\"og:image:width\" content=\"1200\" \/>\n\t\t<meta property=\"og:image:height\" content=\"750\" \/>\n\t\t<meta property=\"article:published_time\" content=\"2026-06-08T13:01:59+00:00\" \/>\n\t\t<meta property=\"article:modified_time\" content=\"2026-06-08T13:03:38+00:00\" \/>\n\t\t<meta name=\"twitter:card\" content=\"summary_large_image\" \/>\n\t\t<meta name=\"twitter:title\" content=\"THE BLACK AND WHITES WILL HAVE TO WAIT: Bogdan Bogdanovi\u0107 made a decision, here is where the captain of the Eagles continues his career! | Serbiantimes.info EN\" \/>\n\t\t<meta name=\"twitter:description\" content=\"Partizan fans will have to wait a while longer for the return of their favorite. Bogdan Bogdanovi\u0107 has made a decision on where he will play next season, and according to information reported by the reliable Greek website SDNA, the Serbian shooting guard is staying in the NBA league for at least another year. Although\" \/>\n\t\t<meta name=\"twitter:image\" content=\"https:\/\/serbiantimes.info\/en\/wp-content\/uploads\/sites\/2\/2026\/06\/ST-Montaze-2026-06-08T102259.686.jpg\" \/>\n\t\t<script type=\"application\/ld+json\" class=\"aioseo-schema\">\n\t\t\t{\"@context\":\"https:\\\/\\\/schema.org\",\"@graph\":[{\"@type\":\"BlogPosting\",\"@id\":\"https:\\\/\\\/serbiantimes.info\\\/en\\\/the-black-and-whites-will-have-to-wait-bogdan-bogdanovic-made-a-decision-here-is-where-the-captain-of-the-eagles-continues-his-career\\\/#blogposting\",\"name\":\"THE BLACK AND WHITES WILL HAVE TO WAIT: Bogdan Bogdanovi\\u0107 made a decision, here is where the captain of the Eagles continues his career! | Serbiantimes.info EN\",\"headline\":\"THE BLACK AND WHITES WILL HAVE TO WAIT: Bogdan Bogdanovi\\u0107 made a decision, here is where the captain of the Eagles continues his career!\",\"author\":{\"@id\":\"https:\\\/\\\/serbiantimes.info\\\/en\\\/author\\\/serbiantimes-portal\\\/#author\"},\"publisher\":{\"@id\":\"https:\\\/\\\/serbiantimes.info\\\/en\\\/#organization\"},\"image\":{\"@type\":\"ImageObject\",\"url\":\"https:\\\/\\\/serbiantimes.info\\\/en\\\/wp-content\\\/uploads\\\/sites\\\/2\\\/2026\\\/06\\\/ST-Montaze-2026-06-08T102259.686.jpg\",\"width\":1200,\"height\":750},\"datePublished\":\"2026-06-08T15:01:59+02:00\",\"dateModified\":\"2026-06-08T15:03:38+02:00\",\"inLanguage\":\"en-US\",\"mainEntityOfPage\":{\"@id\":\"https:\\\/\\\/serbiantimes.info\\\/en\\\/the-black-and-whites-will-have-to-wait-bogdan-bogdanovic-made-a-decision-here-is-where-the-captain-of-the-eagles-continues-his-career\\\/#webpage\"},\"isPartOf\":{\"@id\":\"https:\\\/\\\/serbiantimes.info\\\/en\\\/the-black-and-whites-will-have-to-wait-bogdan-bogdanovic-made-a-decision-here-is-where-the-captain-of-the-eagles-continues-his-career\\\/#webpage\"},\"articleSection\":\"SPORT, Amerika, Bogdan Bogdanovi\\u0107, Ko\\u0161arka, NBA liga, SAD, sport, srbi u nba, Srbija\"},{\"@type\":\"BreadcrumbList\",\"@id\":\"https:\\\/\\\/serbiantimes.info\\\/en\\\/the-black-and-whites-will-have-to-wait-bogdan-bogdanovic-made-a-decision-here-is-where-the-captain-of-the-eagles-continues-his-career\\\/#breadcrumblist\",\"itemListElement\":[{\"@type\":\"ListItem\",\"@id\":\"https:\\\/\\\/serbiantimes.info\\\/en#listItem\",\"position\":1,\"name\":\"Home\",\"item\":\"https:\\\/\\\/serbiantimes.info\\\/en\",\"nextItem\":{\"@type\":\"ListItem\",\"@id\":\"https:\\\/\\\/serbiantimes.info\\\/en\\\/category\\\/sport\\\/#listItem\",\"name\":\"SPORT\"}},{\"@type\":\"ListItem\",\"@id\":\"https:\\\/\\\/serbiantimes.info\\\/en\\\/category\\\/sport\\\/#listItem\",\"position\":2,\"name\":\"SPORT\",\"item\":\"https:\\\/\\\/serbiantimes.info\\\/en\\\/category\\\/sport\\\/\",\"nextItem\":{\"@type\":\"ListItem\",\"@id\":\"https:\\\/\\\/serbiantimes.info\\\/en\\\/the-black-and-whites-will-have-to-wait-bogdan-bogdanovic-made-a-decision-here-is-where-the-captain-of-the-eagles-continues-his-career\\\/#listItem\",\"name\":\"THE BLACK AND WHITES WILL HAVE TO WAIT: Bogdan Bogdanovi\\u0107 made a decision, here is where the captain of the Eagles continues his career!\"},\"previousItem\":{\"@type\":\"ListItem\",\"@id\":\"https:\\\/\\\/serbiantimes.info\\\/en#listItem\",\"name\":\"Home\"}},{\"@type\":\"ListItem\",\"@id\":\"https:\\\/\\\/serbiantimes.info\\\/en\\\/the-black-and-whites-will-have-to-wait-bogdan-bogdanovic-made-a-decision-here-is-where-the-captain-of-the-eagles-continues-his-career\\\/#listItem\",\"position\":3,\"name\":\"THE BLACK AND WHITES WILL HAVE TO WAIT: Bogdan Bogdanovi\\u0107 made a decision, here is where the captain of the Eagles continues his career!\",\"previousItem\":{\"@type\":\"ListItem\",\"@id\":\"https:\\\/\\\/serbiantimes.info\\\/en\\\/category\\\/sport\\\/#listItem\",\"name\":\"SPORT\"}}]},{\"@type\":\"Organization\",\"@id\":\"https:\\\/\\\/serbiantimes.info\\\/en\\\/#organization\",\"name\":\"Serbiantimes.info EN\",\"url\":\"https:\\\/\\\/serbiantimes.info\\\/en\\\/\",\"logo\":{\"@type\":\"ImageObject\",\"url\":\"https:\\\/\\\/serbiantimes.info\\\/en\\\/wp-content\\\/uploads\\\/sites\\\/2\\\/2024\\\/10\\\/cropped-cropped-Serbian-Times-Header-Logo-1.png\",\"@id\":\"https:\\\/\\\/serbiantimes.info\\\/en\\\/the-black-and-whites-will-have-to-wait-bogdan-bogdanovic-made-a-decision-here-is-where-the-captain-of-the-eagles-continues-his-career\\\/#organizationLogo\",\"width\":480,\"height\":100},\"image\":{\"@id\":\"https:\\\/\\\/serbiantimes.info\\\/en\\\/the-black-and-whites-will-have-to-wait-bogdan-bogdanovic-made-a-decision-here-is-where-the-captain-of-the-eagles-continues-his-career\\\/#organizationLogo\"}},{\"@type\":\"Person\",\"@id\":\"https:\\\/\\\/serbiantimes.info\\\/en\\\/author\\\/serbiantimes-portal\\\/#author\",\"url\":\"https:\\\/\\\/serbiantimes.info\\\/en\\\/author\\\/serbiantimes-portal\\\/\",\"name\":\"Serbian Times\",\"image\":{\"@type\":\"ImageObject\",\"@id\":\"https:\\\/\\\/serbiantimes.info\\\/en\\\/the-black-and-whites-will-have-to-wait-bogdan-bogdanovic-made-a-decision-here-is-where-the-captain-of-the-eagles-continues-his-career\\\/#authorImage\",\"url\":\"https:\\\/\\\/secure.gravatar.com\\\/avatar\\\/ea76e009769270b4193e2bc7e032c096b4ae135483ec03b396fd0f520bc3dcfd?s=96&d=mm&r=g\",\"width\":96,\"height\":96,\"caption\":\"Serbian Times\"}},{\"@type\":\"WebPage\",\"@id\":\"https:\\\/\\\/serbiantimes.info\\\/en\\\/the-black-and-whites-will-have-to-wait-bogdan-bogdanovic-made-a-decision-here-is-where-the-captain-of-the-eagles-continues-his-career\\\/#webpage\",\"url\":\"https:\\\/\\\/serbiantimes.info\\\/en\\\/the-black-and-whites-will-have-to-wait-bogdan-bogdanovic-made-a-decision-here-is-where-the-captain-of-the-eagles-continues-his-career\\\/\",\"name\":\"THE BLACK AND WHITES WILL HAVE TO WAIT: Bogdan Bogdanovi\\u0107 made a decision, here is where the captain of the Eagles continues his career! | Serbiantimes.info EN\",\"description\":\"Partizan fans will have to wait a while longer for the return of their favorite. Bogdan Bogdanovi\\u0107 has made a decision on where he will play next season, and according to information reported by the reliable Greek website SDNA, the Serbian shooting guard is staying in the NBA league for at least another year. Although\",\"inLanguage\":\"en-US\",\"isPartOf\":{\"@id\":\"https:\\\/\\\/serbiantimes.info\\\/en\\\/#website\"},\"breadcrumb\":{\"@id\":\"https:\\\/\\\/serbiantimes.info\\\/en\\\/the-black-and-whites-will-have-to-wait-bogdan-bogdanovic-made-a-decision-here-is-where-the-captain-of-the-eagles-continues-his-career\\\/#breadcrumblist\"},\"author\":{\"@id\":\"https:\\\/\\\/serbiantimes.info\\\/en\\\/author\\\/serbiantimes-portal\\\/#author\"},\"creator\":{\"@id\":\"https:\\\/\\\/serbiantimes.info\\\/en\\\/author\\\/serbiantimes-portal\\\/#author\"},\"image\":{\"@type\":\"ImageObject\",\"url\":\"https:\\\/\\\/serbiantimes.info\\\/en\\\/wp-content\\\/uploads\\\/sites\\\/2\\\/2026\\\/06\\\/ST-Montaze-2026-06-08T102259.686.jpg\",\"@id\":\"https:\\\/\\\/serbiantimes.info\\\/en\\\/the-black-and-whites-will-have-to-wait-bogdan-bogdanovic-made-a-decision-here-is-where-the-captain-of-the-eagles-continues-his-career\\\/#mainImage\",\"width\":1200,\"height\":750},\"primaryImageOfPage\":{\"@id\":\"https:\\\/\\\/serbiantimes.info\\\/en\\\/the-black-and-whites-will-have-to-wait-bogdan-bogdanovic-made-a-decision-here-is-where-the-captain-of-the-eagles-continues-his-career\\\/#mainImage\"},\"datePublished\":\"2026-06-08T15:01:59+02:00\",\"dateModified\":\"2026-06-08T15:03:38+02:00\"},{\"@type\":\"WebSite\",\"@id\":\"https:\\\/\\\/serbiantimes.info\\\/en\\\/#website\",\"url\":\"https:\\\/\\\/serbiantimes.info\\\/en\\\/\",\"name\":\"Serbiantimes.info EN\",\"inLanguage\":\"en-US\",\"publisher\":{\"@id\":\"https:\\\/\\\/serbiantimes.info\\\/en\\\/#organization\"}}]}\n\t\t<\/script>\n\t\t<!-- All in One SEO -->\n\n","aioseo_head_json":{"title":"THE BLACK AND WHITES WILL HAVE TO WAIT: Bogdan Bogdanovi\u0107 made a decision, here is where the captain of the Eagles continues his career! | Serbiantimes.info EN","description":"Partizan fans will have to wait a while longer for the return of their favorite. Bogdan Bogdanovi\u0107 has made a decision on where he will play next season, and according to information reported by the reliable Greek website SDNA, the Serbian shooting guard is staying in the NBA league for at least another year. Although","canonical_url":"https:\/\/serbiantimes.info\/en\/the-black-and-whites-will-have-to-wait-bogdan-bogdanovic-made-a-decision-here-is-where-the-captain-of-the-eagles-continues-his-career\/","robots":"max-image-preview:large","keywords":"","webmasterTools":{"miscellaneous":""},"schema":{"@context":"https:\/\/schema.org","@graph":[{"@type":"BlogPosting","@id":"https:\/\/serbiantimes.info\/en\/the-black-and-whites-will-have-to-wait-bogdan-bogdanovic-made-a-decision-here-is-where-the-captain-of-the-eagles-continues-his-career\/#blogposting","name":"THE BLACK AND WHITES WILL HAVE TO WAIT: Bogdan Bogdanovi\u0107 made a decision, here is where the captain of the Eagles continues his career! | Serbiantimes.info EN","headline":"THE BLACK AND WHITES WILL HAVE TO WAIT: Bogdan Bogdanovi\u0107 made a decision, here is where the captain of the Eagles continues his career!","author":{"@id":"https:\/\/serbiantimes.info\/en\/author\/serbiantimes-portal\/#author"},"publisher":{"@id":"https:\/\/serbiantimes.info\/en\/#organization"},"image":{"@type":"ImageObject","url":"https:\/\/serbiantimes.info\/en\/wp-content\/uploads\/sites\/2\/2026\/06\/ST-Montaze-2026-06-08T102259.686.jpg","width":1200,"height":750},"datePublished":"2026-06-08T15:01:59+02:00","dateModified":"2026-06-08T15:03:38+02:00","inLanguage":"en-US","mainEntityOfPage":{"@id":"https:\/\/serbiantimes.info\/en\/the-black-and-whites-will-have-to-wait-bogdan-bogdanovic-made-a-decision-here-is-where-the-captain-of-the-eagles-continues-his-career\/#webpage"},"isPartOf":{"@id":"https:\/\/serbiantimes.info\/en\/the-black-and-whites-will-have-to-wait-bogdan-bogdanovic-made-a-decision-here-is-where-the-captain-of-the-eagles-continues-his-career\/#webpage"},"articleSection":"SPORT, Amerika, Bogdan Bogdanovi\u0107, Ko\u0161arka, NBA liga, SAD, sport, srbi u nba, Srbija"},{"@type":"BreadcrumbList","@id":"https:\/\/serbiantimes.info\/en\/the-black-and-whites-will-have-to-wait-bogdan-bogdanovic-made-a-decision-here-is-where-the-captain-of-the-eagles-continues-his-career\/#breadcrumblist","itemListElement":[{"@type":"ListItem","@id":"https:\/\/serbiantimes.info\/en#listItem","position":1,"name":"Home","item":"https:\/\/serbiantimes.info\/en","nextItem":{"@type":"ListItem","@id":"https:\/\/serbiantimes.info\/en\/category\/sport\/#listItem","name":"SPORT"}},{"@type":"ListItem","@id":"https:\/\/serbiantimes.info\/en\/category\/sport\/#listItem","position":2,"name":"SPORT","item":"https:\/\/serbiantimes.info\/en\/category\/sport\/","nextItem":{"@type":"ListItem","@id":"https:\/\/serbiantimes.info\/en\/the-black-and-whites-will-have-to-wait-bogdan-bogdanovic-made-a-decision-here-is-where-the-captain-of-the-eagles-continues-his-career\/#listItem","name":"THE BLACK AND WHITES WILL HAVE TO WAIT: Bogdan Bogdanovi\u0107 made a decision, here is where the captain of the Eagles continues his career!"},"previousItem":{"@type":"ListItem","@id":"https:\/\/serbiantimes.info\/en#listItem","name":"Home"}},{"@type":"ListItem","@id":"https:\/\/serbiantimes.info\/en\/the-black-and-whites-will-have-to-wait-bogdan-bogdanovic-made-a-decision-here-is-where-the-captain-of-the-eagles-continues-his-career\/#listItem","position":3,"name":"THE BLACK AND WHITES WILL HAVE TO WAIT: Bogdan Bogdanovi\u0107 made a decision, here is where the captain of the Eagles continues his career!","previousItem":{"@type":"ListItem","@id":"https:\/\/serbiantimes.info\/en\/category\/sport\/#listItem","name":"SPORT"}}]},{"@type":"Organization","@id":"https:\/\/serbiantimes.info\/en\/#organization","name":"Serbiantimes.info EN","url":"https:\/\/serbiantimes.info\/en\/","logo":{"@type":"ImageObject","url":"https:\/\/serbiantimes.info\/en\/wp-content\/uploads\/sites\/2\/2024\/10\/cropped-cropped-Serbian-Times-Header-Logo-1.png","@id":"https:\/\/serbiantimes.info\/en\/the-black-and-whites-will-have-to-wait-bogdan-bogdanovic-made-a-decision-here-is-where-the-captain-of-the-eagles-continues-his-career\/#organizationLogo","width":480,"height":100},"image":{"@id":"https:\/\/serbiantimes.info\/en\/the-black-and-whites-will-have-to-wait-bogdan-bogdanovic-made-a-decision-here-is-where-the-captain-of-the-eagles-continues-his-career\/#organizationLogo"}},{"@type":"Person","@id":"https:\/\/serbiantimes.info\/en\/author\/serbiantimes-portal\/#author","url":"https:\/\/serbiantimes.info\/en\/author\/serbiantimes-portal\/","name":"Serbian Times","image":{"@type":"ImageObject","@id":"https:\/\/serbiantimes.info\/en\/the-black-and-whites-will-have-to-wait-bogdan-bogdanovic-made-a-decision-here-is-where-the-captain-of-the-eagles-continues-his-career\/#authorImage","url":"https:\/\/secure.gravatar.com\/avatar\/ea76e009769270b4193e2bc7e032c096b4ae135483ec03b396fd0f520bc3dcfd?s=96&d=mm&r=g","width":96,"height":96,"caption":"Serbian Times"}},{"@type":"WebPage","@id":"https:\/\/serbiantimes.info\/en\/the-black-and-whites-will-have-to-wait-bogdan-bogdanovic-made-a-decision-here-is-where-the-captain-of-the-eagles-continues-his-career\/#webpage","url":"https:\/\/serbiantimes.info\/en\/the-black-and-whites-will-have-to-wait-bogdan-bogdanovic-made-a-decision-here-is-where-the-captain-of-the-eagles-continues-his-career\/","name":"THE BLACK AND WHITES WILL HAVE TO WAIT: Bogdan Bogdanovi\u0107 made a decision, here is where the captain of the Eagles continues his career! | Serbiantimes.info EN","description":"Partizan fans will have to wait a while longer for the return of their favorite. Bogdan Bogdanovi\u0107 has made a decision on where he will play next season, and according to information reported by the reliable Greek website SDNA, the Serbian shooting guard is staying in the NBA league for at least another year. Although","inLanguage":"en-US","isPartOf":{"@id":"https:\/\/serbiantimes.info\/en\/#website"},"breadcrumb":{"@id":"https:\/\/serbiantimes.info\/en\/the-black-and-whites-will-have-to-wait-bogdan-bogdanovic-made-a-decision-here-is-where-the-captain-of-the-eagles-continues-his-career\/#breadcrumblist"},"author":{"@id":"https:\/\/serbiantimes.info\/en\/author\/serbiantimes-portal\/#author"},"creator":{"@id":"https:\/\/serbiantimes.info\/en\/author\/serbiantimes-portal\/#author"},"image":{"@type":"ImageObject","url":"https:\/\/serbiantimes.info\/en\/wp-content\/uploads\/sites\/2\/2026\/06\/ST-Montaze-2026-06-08T102259.686.jpg","@id":"https:\/\/serbiantimes.info\/en\/the-black-and-whites-will-have-to-wait-bogdan-bogdanovic-made-a-decision-here-is-where-the-captain-of-the-eagles-continues-his-career\/#mainImage","width":1200,"height":750},"primaryImageOfPage":{"@id":"https:\/\/serbiantimes.info\/en\/the-black-and-whites-will-have-to-wait-bogdan-bogdanovic-made-a-decision-here-is-where-the-captain-of-the-eagles-continues-his-career\/#mainImage"},"datePublished":"2026-06-08T15:01:59+02:00","dateModified":"2026-06-08T15:03:38+02:00"},{"@type":"WebSite","@id":"https:\/\/serbiantimes.info\/en\/#website","url":"https:\/\/serbiantimes.info\/en\/","name":"Serbiantimes.info EN","inLanguage":"en-US","publisher":{"@id":"https:\/\/serbiantimes.info\/en\/#organization"}}]},"og:locale":"en_US","og:site_name":"Serbiantimes.info EN |","og:type":"article","og:title":"THE BLACK AND WHITES WILL HAVE TO WAIT: Bogdan Bogdanovi\u0107 made a decision, here is where the captain of the Eagles continues his career! | Serbiantimes.info EN","og:description":"Partizan fans will have to wait a while longer for the return of their favorite. Bogdan Bogdanovi\u0107 has made a decision on where he will play next season, and according to information reported by the reliable Greek website SDNA, the Serbian shooting guard is staying in the NBA league for at least another year. Although","og:url":"https:\/\/serbiantimes.info\/en\/the-black-and-whites-will-have-to-wait-bogdan-bogdanovic-made-a-decision-here-is-where-the-captain-of-the-eagles-continues-his-career\/","og:image":"https:\/\/serbiantimes.info\/en\/wp-content\/uploads\/sites\/2\/2026\/06\/ST-Montaze-2026-06-08T102259.686.jpg","og:image:secure_url":"https:\/\/serbiantimes.info\/en\/wp-content\/uploads\/sites\/2\/2026\/06\/ST-Montaze-2026-06-08T102259.686.jpg","og:image:width":1200,"og:image:height":750,"article:published_time":"2026-06-08T13:01:59+00:00","article:modified_time":"2026-06-08T13:03:38+00:00","twitter:card":"summary_large_image","twitter:title":"THE BLACK AND WHITES WILL HAVE TO WAIT: Bogdan Bogdanovi\u0107 made a decision, here is where the captain of the Eagles continues his career! | Serbiantimes.info EN","twitter:description":"Partizan fans will have to wait a while longer for the return of their favorite. Bogdan Bogdanovi\u0107 has made a decision on where he will play next season, and according to information reported by the reliable Greek website SDNA, the Serbian shooting guard is staying in the NBA league for at least another year. Although","twitter:image":"https:\/\/serbiantimes.info\/en\/wp-content\/uploads\/sites\/2\/2026\/06\/ST-Montaze-2026-06-08T102259.686.jpg"},"aioseo_meta_data":{"post_id":"211776","title":null,"description":null,"keywords":null,"keyphrases":{"focus":{"keyphrase":"","score":0,"analysis":{"keyphraseInTitle":{"score":0,"maxScore":9,"error":1}}},"additional":[]},"primary_term":null,"canonical_url":null,"og_title":null,"og_description":null,"og_object_type":"default","og_image_type":"default","og_image_url":null,"og_image_width":null,"og_image_height":null,"og_image_custom_url":null,"og_image_custom_fields":null,"og_video":"","og_custom_url":null,"og_article_section":null,"og_article_tags":null,"twitter_use_og":false,"twitter_card":"default","twitter_image_type":"default","twitter_image_url":null,"twitter_image_custom_url":null,"twitter_image_custom_fields":null,"twitter_title":null,"twitter_description":null,"schema":{"blockGraphs":[],"customGraphs":[],"default":{"data":{"Article":[],"Course":[],"Dataset":[],"FAQPage":[],"Movie":[],"Person":[],"Product":[],"ProductReview":[],"Car":[],"Recipe":[],"Service":[],"SoftwareApplication":[],"WebPage":[]},"graphName":"BlogPosting","isEnabled":true},"graphs":[]},"schema_type":"default","schema_type_options":null,"pillar_content":false,"robots_default":true,"robots_noindex":false,"robots_noarchive":false,"robots_nosnippet":false,"robots_nofollow":false,"robots_noimageindex":false,"robots_noodp":false,"robots_notranslate":false,"robots_max_snippet":"-1","robots_max_videopreview":"-1","robots_max_imagepreview":"large","priority":null,"frequency":"default","local_seo":null,"breadcrumb_settings":null,"limit_modified_date":false,"ai":{"faqs":[],"keyPoints":[],"titles":[],"descriptions":[],"socialPosts":{"email":[],"linkedin":[],"twitter":[],"facebook":[],"instagram":[]}},"created":"2026-06-08 13:02:01","updated":"2026-06-08 19:19:57","focus_keyword":null,"additional_keywords":null,"truseo_locale":null,"seo_analyzer_scan_date":null},"aioseo_breadcrumb":"<div class=\"aioseo-breadcrumbs\"><span class=\"aioseo-breadcrumb\">\n\t\t\t<a href=\"https:\/\/serbiantimes.info\/en\" title=\"Home\">Home<\/a>\n\t\t<\/span><span class=\"aioseo-breadcrumb-separator\">&raquo;<\/span><span class=\"aioseo-breadcrumb\">\n\t\t\t<a href=\"https:\/\/serbiantimes.info\/en\/category\/sport\/\" title=\"SPORT\">SPORT<\/a>\n\t\t<\/span><span class=\"aioseo-breadcrumb-separator\">&raquo;<\/span><span class=\"aioseo-breadcrumb\">\n\t\t\tTHE BLACK AND WHITES WILL HAVE TO WAIT: Bogdan Bogdanovi\u0107 made a decision, here is where the captain of the Eagles continues his career!\n\t\t<\/span><\/div>","aioseo_breadcrumb_json":[{"label":"Home","link":"https:\/\/serbiantimes.info\/en"},{"label":"SPORT","link":"https:\/\/serbiantimes.info\/en\/category\/sport\/"},{"label":"THE BLACK AND WHITES WILL HAVE TO WAIT: Bogdan Bogdanovi\u0107 made a decision, here is where the captain of the Eagles continues his career!","link":"https:\/\/serbiantimes.info\/en\/the-black-and-whites-will-have-to-wait-bogdan-bogdanovic-made-a-decision-here-is-where-the-captain-of-the-eagles-continues-his-career\/"}],"distributor_meta":false,"distributor_terms":false,"distributor_media":false,"distributor_original_site_name":"Serbiantimes.info EN","distributor_original_site_url":"https:\/\/serbiantimes.info\/en","push-errors":false,"_links":{"self":[{"href":"https:\/\/serbiantimes.info\/en\/wp-json\/wp\/v2\/posts\/211776","targetHints":{"allow":["GET"]}}],"collection":[{"href":"https:\/\/serbiantimes.info\/en\/wp-json\/wp\/v2\/posts"}],"about":[{"href":"https:\/\/serbiantimes.info\/en\/wp-json\/wp\/v2\/types\/post"}],"author":[{"embeddable":true,"href":"https:\/\/serbiantimes.info\/en\/wp-json\/wp\/v2\/users\/2169"}],"replies":[{"embeddable":true,"href":"https:\/\/serbiantimes.info\/en\/wp-json\/wp\/v2\/comments?post=211776"}],"version-history":[{"count":2,"href":"https:\/\/serbiantimes.info\/en\/wp-json\/wp\/v2\/posts\/211776\/revisions"}],"predecessor-version":[{"id":211811,"href":"https:\/\/serbiantimes.info\/en\/wp-json\/wp\/v2\/posts\/211776\/revisions\/211811"}],"wp:featuredmedia":[{"embeddable":true,"href":"https:\/\/serbiantimes.info\/en\/wp-json\/wp\/v2\/media\/211777"}],"wp:attachment":[{"href":"https:\/\/serbiantimes.info\/en\/wp-json\/wp\/v2\/media?parent=211776"}],"wp:term":[{"taxonomy":"category","embeddable":true,"href":"https:\/\/serbiantimes.info\/en\/wp-json\/wp\/v2\/categories?post=211776"},{"taxonomy":"post_tag","embeddable":true,"href":"https:\/\/serbiantimes.info\/en\/wp-json\/wp\/v2\/tags?post=211776"}],"curies":[{"name":"wp","href":"https:\/\/api.w.org\/{rel}","templated":true}]}}