{"id":211204,"date":"2026-06-01T13:58:03","date_gmt":"2026-06-01T11:58:03","guid":{"rendered":"https:\/\/serbiantimes.info\/en\/?p=211204"},"modified":"2026-06-01T13:59:56","modified_gmt":"2026-06-01T11:59:56","slug":"novak-was-named-after-him-dokovics-great-great-grandfather-was-a-serbian-hero-and-a-participant-in-the-breakthrough-of-the-salonika-front","status":"publish","type":"post","link":"https:\/\/serbiantimes.info\/en\/novak-was-named-after-him-dokovics-great-great-grandfather-was-a-serbian-hero-and-a-participant-in-the-breakthrough-of-the-salonika-front\/","title":{"rendered":"NOVAK WAS NAMED AFTER HIM: \u0110okovi\u0107&#8217;s great-great-grandfather was a Serbian hero and a participant in the breakthrough of the Salonika front!"},"content":{"rendered":"\n<p class=\"wp-block-paragraph\"><strong><em>The origin of the \u0110okovi\u0107 family leads from \u010cevo in Cetinje, where \u0110oko Damjanovi\u0107, the progenitor of this lineage, was from.<\/em><\/strong><\/p>\n\n\n\n<p class=\"wp-block-paragraph\">After the murder of a Turkish aga during a clash with the Turks, he moved to Nik\u0161i\u0107, and in that way, from \u0110oko, the \u0110okovi\u0107s originated.<\/p>\n\n\n\n<p class=\"wp-block-paragraph\">The first Novak \u0110okovi\u0107 was actually \u0110oko&#8217;s grandson, who moved from Jasenovo Polje to Chicago in 1905.<\/p>\n\n\n\n<blockquote class=\"twitter-tweet\"><p lang=\"sr\" dir=\"ltr\">\u0427\u0443\u043a\u0443\u043d\u0434\u0435\u0434\u0430 \u041d\u043e\u0432\u0430\u043a\u0430 \u0402\u043e\u043a\u043e\u0432\u0438\u045b\u0430, \u043f\u043e \u043a\u043e\u0458\u0435\u043c \u0458\u0435 \u041d\u043e\u043b\u0435 \u0434\u043e\u0431\u0438\u043e \u0438\u043c\u0435! \u0423\u0447\u0435\u0441\u0442\u0432\u043e\u0432\u0430\u043e \u0443 \u043f\u0440\u043e\u0431\u0438\u0458\u0430\u045a\u0443 \u0421\u043e\u043b\u0443\u043d\u0441\u043a\u043e\u0433 \u0444\u0440\u043e\u043d\u0442\u0430 <a href=\"https:\/\/t.co\/fTjKxZHHGT\">pic.twitter.com\/fTjKxZHHGT<\/a><\/p>&mdash; FikoR (@FikoR87) <a href=\"https:\/\/twitter.com\/FikoR87\/status\/1458352130151043072?ref_src=twsrc%5Etfw\">November 10, 2021<\/a><\/blockquote> <script async src=\"https:\/\/platform.twitter.com\/widgets.js\" charset=\"utf-8\"><\/script>\n\n\n\n<p class=\"wp-block-paragraph\">Novak returned to the homeland twice to defend it. He participated in the Balkan Wars, and was later one of the soldiers who participated in the breakthrough of the Salonika front in the First World War.<\/p>\n\n\n\n<p class=\"wp-block-paragraph\">After the end of the war, he remained in Jasenovo Polje where he got a job as a lay judge.<\/p>\n\n\n\n<p class=\"wp-block-paragraph\">The physical resemblance of the two Novak \u0110okovi\u0107s is truly great, as evidenced by a photograph that has been circulating on social networks for years.<\/p>\n\n\n\n<h4 class=\"wp-block-heading\"><mark style=\"background-color:#FFFFFF;color:#d21414\" class=\"has-inline-color\">MORE TOPICS:<\/mark><\/h4>\n\n\n\n<p class=\"wp-block-paragraph\"><strong><a href=\"https:\/\/serbiantimes.info\/en\/infrastructure-is-not-the-cause-gsp-claims-the-driver-is-the-sole-culprit-for-the-tram-derailing-on-dorcol\/\" target=\"_blank\" rel=\"noopener\" title=\"\">\u201cINFRASTRUCTURE IS NOT THE CAUSE\u201d: GSP claims the driver is the sole culprit for the tram derailing on Dor\u0107ol!<\/a><\/strong><\/p>\n\n\n\n<p class=\"wp-block-paragraph\"><strong><a href=\"https:\/\/serbiantimes.info\/en\/cyber-watch-has-started-operating-police-presented-a-platform-for-reporting-high-tech-crime\/\" target=\"_blank\" rel=\"noopener\" title=\"\">\u201cCYBER WATCH\u201d HAS STARTED OPERATING: Police presented a platform for reporting high-tech crime!<\/a><\/strong><\/p>\n\n\n\n<p class=\"wp-block-paragraph\"><strong><a href=\"https:\/\/serbiantimes.info\/en\/the-end-of-a-wonderful-era-the-upper-town-of-the-kalemegdan-fortress-will-henceforth-be-locked-at-night-here-is-also-why\/\" target=\"_blank\" rel=\"noopener\" title=\"\">THE END OF A WONDERFUL ERA: The Upper Town of the Kalemegdan Fortress will henceforth be locked at night, here is also why!<\/a><\/strong><\/p>\n\n\n\n<p class=\"wp-block-paragraph\"><strong><a href=\"https:\/\/serbiantimes.info\/en\/a-result-to-be-proud-of-university-of-belgrade-among-the-top-1-9-percent-in-the-world-here-is-what-position-it-is-in\/\" target=\"_blank\" rel=\"noopener\" title=\"\">A RESULT TO BE PROUD OF: University of Belgrade among the top 1.9 percent in the world, here is what position it is in!<\/a><\/strong><\/p>\n\n\n\n<p class=\"wp-block-paragraph\"><strong><a href=\"https:\/\/serbiantimes.info\/en\/by-far-the-most-popular-american-president-in-serbia-donald-trump-reacted-to-aleksandar-vucics-interview-for-the-american-media\/\" target=\"_blank\" rel=\"noopener\" title=\"\">\u201cBY FAR THE MOST POPULAR AMERICAN PRESIDENT IN SERBIA\u201d: Donald Trump reacted to Aleksandar Vu\u010di\u0107\u2019s interview for the American media!<\/a><\/strong><\/p>\n\n\n\n<p class=\"wp-block-paragraph\"><strong><strong>Source<\/strong><\/strong>: Nportal.rs; <strong>Photo<\/strong>: Printscreen Twitter\/ Printscreen Instagram<\/p>\n","protected":false},"excerpt":{"rendered":"<p>The origin of the \u0110okovi\u0107 family leads from \u010cevo in Cetinje, where \u0110oko Damjanovi\u0107, the progenitor of this lineage, was from. After the murder of a Turkish aga during a clash with the Turks, he moved to Nik\u0161i\u0107, and in that way, from \u0110oko, the \u0110okovi\u0107s originated. The first Novak \u0110okovi\u0107 was actually \u0110oko&#8217;s grandson, [&hellip;]<\/p>\n","protected":false},"author":2169,"featured_media":211205,"comment_status":"open","ping_status":"open","sticky":false,"template":"","format":"standard","meta":{"newspack_featured_image_position":"","newspack_post_subtitle":"","newspack_article_summary_title":"Overview:","newspack_article_summary":"","newspack_hide_updated_date":false,"newspack_show_updated_date":false,"footnotes":""},"categories":[11],"tags":[5591,634,554,761,251,2032,5303,3161,12889],"class_list":["post-211204","post","type-post","status-publish","format-standard","has-post-thumbnail","hentry","category-history","tag-heroj","tag-istorija","tag-istorija-srbije","tag-left","tag-novak-dokovic-3","tag-prvi-svetski-rat","tag-solunski-front","tag-vojnik","tag-doko-damjanovic","entry"],"aioseo_notices":[],"aioseo_head":"\n\t\t<!-- All in One SEO 5.0.1.1 - aioseo.com -->\n\t<meta name=\"description\" content=\"The origin of the \u0110okovi\u0107 family leads from \u010cevo in Cetinje, where \u0110oko Damjanovi\u0107, the progenitor of this lineage, was from. After the murder of a Turkish aga during a clash with the Turks, he moved to Nik\u0161i\u0107, and in that way, from \u0110oko, the \u0110okovi\u0107s originated. The first Novak \u0110okovi\u0107 was actually \u0110oko&#039;s grandson,\" \/>\n\t<meta name=\"robots\" content=\"max-image-preview:large\" \/>\n\t<meta name=\"author\" content=\"Serbian Times\"\/>\n\t<link rel=\"canonical\" href=\"https:\/\/serbiantimes.info\/en\/novak-was-named-after-him-dokovics-great-great-grandfather-was-a-serbian-hero-and-a-participant-in-the-breakthrough-of-the-salonika-front\/\" \/>\n\t<meta name=\"generator\" content=\"All in One SEO (AIOSEO) 5.0.1.1\" \/>\n\t\t<meta property=\"og:locale\" content=\"en_US\" \/>\n\t\t<meta property=\"og:site_name\" content=\"Serbiantimes.info EN |\" \/>\n\t\t<meta property=\"og:type\" content=\"article\" \/>\n\t\t<meta property=\"og:title\" content=\"NOVAK WAS NAMED AFTER HIM: \u0110okovi\u0107\u2019s great-great-grandfather was a Serbian hero and a participant in the breakthrough of the Salonika front! | Serbiantimes.info EN\" \/>\n\t\t<meta property=\"og:description\" content=\"The origin of the \u0110okovi\u0107 family leads from \u010cevo in Cetinje, where \u0110oko Damjanovi\u0107, the progenitor of this lineage, was from. After the murder of a Turkish aga during a clash with the Turks, he moved to Nik\u0161i\u0107, and in that way, from \u0110oko, the \u0110okovi\u0107s originated. The first Novak \u0110okovi\u0107 was actually \u0110oko&#039;s grandson,\" \/>\n\t\t<meta property=\"og:url\" content=\"https:\/\/serbiantimes.info\/en\/novak-was-named-after-him-dokovics-great-great-grandfather-was-a-serbian-hero-and-a-participant-in-the-breakthrough-of-the-salonika-front\/\" \/>\n\t\t<meta property=\"og:image\" content=\"https:\/\/serbiantimes.info\/en\/wp-content\/uploads\/sites\/2\/2026\/06\/Novak-Dokoviccukundeda.jpg\" \/>\n\t\t<meta property=\"og:image:secure_url\" content=\"https:\/\/serbiantimes.info\/en\/wp-content\/uploads\/sites\/2\/2026\/06\/Novak-Dokoviccukundeda.jpg\" \/>\n\t\t<meta property=\"og:image:width\" content=\"1200\" \/>\n\t\t<meta property=\"og:image:height\" content=\"750\" \/>\n\t\t<meta property=\"article:published_time\" content=\"2026-06-01T11:58:03+00:00\" \/>\n\t\t<meta property=\"article:modified_time\" content=\"2026-06-01T11:59:56+00:00\" \/>\n\t\t<meta name=\"twitter:card\" content=\"summary_large_image\" \/>\n\t\t<meta name=\"twitter:title\" content=\"NOVAK WAS NAMED AFTER HIM: \u0110okovi\u0107\u2019s great-great-grandfather was a Serbian hero and a participant in the breakthrough of the Salonika front! | Serbiantimes.info EN\" \/>\n\t\t<meta name=\"twitter:description\" content=\"The origin of the \u0110okovi\u0107 family leads from \u010cevo in Cetinje, where \u0110oko Damjanovi\u0107, the progenitor of this lineage, was from. After the murder of a Turkish aga during a clash with the Turks, he moved to Nik\u0161i\u0107, and in that way, from \u0110oko, the \u0110okovi\u0107s originated. The first Novak \u0110okovi\u0107 was actually \u0110oko&#039;s grandson,\" \/>\n\t\t<meta name=\"twitter:image\" content=\"https:\/\/serbiantimes.info\/en\/wp-content\/uploads\/sites\/2\/2026\/06\/Novak-Dokoviccukundeda.jpg\" \/>\n\t\t<script type=\"application\/ld+json\" class=\"aioseo-schema\">\n\t\t\t{\"@context\":\"https:\\\/\\\/schema.org\",\"@graph\":[{\"@type\":\"BlogPosting\",\"@id\":\"https:\\\/\\\/serbiantimes.info\\\/en\\\/novak-was-named-after-him-dokovics-great-great-grandfather-was-a-serbian-hero-and-a-participant-in-the-breakthrough-of-the-salonika-front\\\/#blogposting\",\"name\":\"NOVAK WAS NAMED AFTER HIM: \\u0110okovi\\u0107\\u2019s great-great-grandfather was a Serbian hero and a participant in the breakthrough of the Salonika front! | Serbiantimes.info EN\",\"headline\":\"NOVAK WAS NAMED AFTER HIM: \\u0110okovi\\u0107&#8217;s great-great-grandfather was a Serbian hero and a participant in the breakthrough of the Salonika front!\",\"author\":{\"@id\":\"https:\\\/\\\/serbiantimes.info\\\/en\\\/author\\\/serbiantimes-portal\\\/#author\"},\"publisher\":{\"@id\":\"https:\\\/\\\/serbiantimes.info\\\/en\\\/#organization\"},\"image\":{\"@type\":\"ImageObject\",\"url\":\"https:\\\/\\\/serbiantimes.info\\\/en\\\/wp-content\\\/uploads\\\/sites\\\/2\\\/2026\\\/06\\\/Novak-Dokoviccukundeda.jpg\",\"width\":1200,\"height\":750},\"datePublished\":\"2026-06-01T13:58:03+02:00\",\"dateModified\":\"2026-06-01T13:59:56+02:00\",\"inLanguage\":\"en-US\",\"mainEntityOfPage\":{\"@id\":\"https:\\\/\\\/serbiantimes.info\\\/en\\\/novak-was-named-after-him-dokovics-great-great-grandfather-was-a-serbian-hero-and-a-participant-in-the-breakthrough-of-the-salonika-front\\\/#webpage\"},\"isPartOf\":{\"@id\":\"https:\\\/\\\/serbiantimes.info\\\/en\\\/novak-was-named-after-him-dokovics-great-great-grandfather-was-a-serbian-hero-and-a-participant-in-the-breakthrough-of-the-salonika-front\\\/#webpage\"},\"articleSection\":\"HISTORY, heroj, istorija, istorija srbije, left, novak \\u0111okovi\\u0107, Prvi svetski rat, Solunski front, vojnik, \\u0110oko Damjanovi\\u0107\"},{\"@type\":\"BreadcrumbList\",\"@id\":\"https:\\\/\\\/serbiantimes.info\\\/en\\\/novak-was-named-after-him-dokovics-great-great-grandfather-was-a-serbian-hero-and-a-participant-in-the-breakthrough-of-the-salonika-front\\\/#breadcrumblist\",\"itemListElement\":[{\"@type\":\"ListItem\",\"@id\":\"https:\\\/\\\/serbiantimes.info\\\/en#listItem\",\"position\":1,\"name\":\"Home\",\"item\":\"https:\\\/\\\/serbiantimes.info\\\/en\",\"nextItem\":{\"@type\":\"ListItem\",\"@id\":\"https:\\\/\\\/serbiantimes.info\\\/en\\\/category\\\/history\\\/#listItem\",\"name\":\"HISTORY\"}},{\"@type\":\"ListItem\",\"@id\":\"https:\\\/\\\/serbiantimes.info\\\/en\\\/category\\\/history\\\/#listItem\",\"position\":2,\"name\":\"HISTORY\",\"item\":\"https:\\\/\\\/serbiantimes.info\\\/en\\\/category\\\/history\\\/\",\"nextItem\":{\"@type\":\"ListItem\",\"@id\":\"https:\\\/\\\/serbiantimes.info\\\/en\\\/novak-was-named-after-him-dokovics-great-great-grandfather-was-a-serbian-hero-and-a-participant-in-the-breakthrough-of-the-salonika-front\\\/#listItem\",\"name\":\"NOVAK WAS NAMED AFTER HIM: \\u0110okovi\\u0107&#8217;s great-great-grandfather was a Serbian hero and a participant in the breakthrough of the Salonika front!\"},\"previousItem\":{\"@type\":\"ListItem\",\"@id\":\"https:\\\/\\\/serbiantimes.info\\\/en#listItem\",\"name\":\"Home\"}},{\"@type\":\"ListItem\",\"@id\":\"https:\\\/\\\/serbiantimes.info\\\/en\\\/novak-was-named-after-him-dokovics-great-great-grandfather-was-a-serbian-hero-and-a-participant-in-the-breakthrough-of-the-salonika-front\\\/#listItem\",\"position\":3,\"name\":\"NOVAK WAS NAMED AFTER HIM: \\u0110okovi\\u0107&#8217;s great-great-grandfather was a Serbian hero and a participant in the breakthrough of the Salonika front!\",\"previousItem\":{\"@type\":\"ListItem\",\"@id\":\"https:\\\/\\\/serbiantimes.info\\\/en\\\/category\\\/history\\\/#listItem\",\"name\":\"HISTORY\"}}]},{\"@type\":\"Organization\",\"@id\":\"https:\\\/\\\/serbiantimes.info\\\/en\\\/#organization\",\"name\":\"Serbiantimes.info EN\",\"url\":\"https:\\\/\\\/serbiantimes.info\\\/en\\\/\",\"logo\":{\"@type\":\"ImageObject\",\"url\":\"https:\\\/\\\/serbiantimes.info\\\/en\\\/wp-content\\\/uploads\\\/sites\\\/2\\\/2024\\\/10\\\/cropped-cropped-Serbian-Times-Header-Logo-1.png\",\"@id\":\"https:\\\/\\\/serbiantimes.info\\\/en\\\/novak-was-named-after-him-dokovics-great-great-grandfather-was-a-serbian-hero-and-a-participant-in-the-breakthrough-of-the-salonika-front\\\/#organizationLogo\",\"width\":480,\"height\":100},\"image\":{\"@id\":\"https:\\\/\\\/serbiantimes.info\\\/en\\\/novak-was-named-after-him-dokovics-great-great-grandfather-was-a-serbian-hero-and-a-participant-in-the-breakthrough-of-the-salonika-front\\\/#organizationLogo\"}},{\"@type\":\"Person\",\"@id\":\"https:\\\/\\\/serbiantimes.info\\\/en\\\/author\\\/serbiantimes-portal\\\/#author\",\"url\":\"https:\\\/\\\/serbiantimes.info\\\/en\\\/author\\\/serbiantimes-portal\\\/\",\"name\":\"Serbian Times\",\"image\":{\"@type\":\"ImageObject\",\"@id\":\"https:\\\/\\\/serbiantimes.info\\\/en\\\/novak-was-named-after-him-dokovics-great-great-grandfather-was-a-serbian-hero-and-a-participant-in-the-breakthrough-of-the-salonika-front\\\/#authorImage\",\"url\":\"https:\\\/\\\/secure.gravatar.com\\\/avatar\\\/ea76e009769270b4193e2bc7e032c096b4ae135483ec03b396fd0f520bc3dcfd?s=96&d=mm&r=g\",\"width\":96,\"height\":96,\"caption\":\"Serbian Times\"}},{\"@type\":\"WebPage\",\"@id\":\"https:\\\/\\\/serbiantimes.info\\\/en\\\/novak-was-named-after-him-dokovics-great-great-grandfather-was-a-serbian-hero-and-a-participant-in-the-breakthrough-of-the-salonika-front\\\/#webpage\",\"url\":\"https:\\\/\\\/serbiantimes.info\\\/en\\\/novak-was-named-after-him-dokovics-great-great-grandfather-was-a-serbian-hero-and-a-participant-in-the-breakthrough-of-the-salonika-front\\\/\",\"name\":\"NOVAK WAS NAMED AFTER HIM: \\u0110okovi\\u0107\\u2019s great-great-grandfather was a Serbian hero and a participant in the breakthrough of the Salonika front! | Serbiantimes.info EN\",\"description\":\"The origin of the \\u0110okovi\\u0107 family leads from \\u010cevo in Cetinje, where \\u0110oko Damjanovi\\u0107, the progenitor of this lineage, was from. After the murder of a Turkish aga during a clash with the Turks, he moved to Nik\\u0161i\\u0107, and in that way, from \\u0110oko, the \\u0110okovi\\u0107s originated. The first Novak \\u0110okovi\\u0107 was actually \\u0110oko's grandson,\",\"inLanguage\":\"en-US\",\"isPartOf\":{\"@id\":\"https:\\\/\\\/serbiantimes.info\\\/en\\\/#website\"},\"breadcrumb\":{\"@id\":\"https:\\\/\\\/serbiantimes.info\\\/en\\\/novak-was-named-after-him-dokovics-great-great-grandfather-was-a-serbian-hero-and-a-participant-in-the-breakthrough-of-the-salonika-front\\\/#breadcrumblist\"},\"author\":{\"@id\":\"https:\\\/\\\/serbiantimes.info\\\/en\\\/author\\\/serbiantimes-portal\\\/#author\"},\"creator\":{\"@id\":\"https:\\\/\\\/serbiantimes.info\\\/en\\\/author\\\/serbiantimes-portal\\\/#author\"},\"image\":{\"@type\":\"ImageObject\",\"url\":\"https:\\\/\\\/serbiantimes.info\\\/en\\\/wp-content\\\/uploads\\\/sites\\\/2\\\/2026\\\/06\\\/Novak-Dokoviccukundeda.jpg\",\"@id\":\"https:\\\/\\\/serbiantimes.info\\\/en\\\/novak-was-named-after-him-dokovics-great-great-grandfather-was-a-serbian-hero-and-a-participant-in-the-breakthrough-of-the-salonika-front\\\/#mainImage\",\"width\":1200,\"height\":750},\"primaryImageOfPage\":{\"@id\":\"https:\\\/\\\/serbiantimes.info\\\/en\\\/novak-was-named-after-him-dokovics-great-great-grandfather-was-a-serbian-hero-and-a-participant-in-the-breakthrough-of-the-salonika-front\\\/#mainImage\"},\"datePublished\":\"2026-06-01T13:58:03+02:00\",\"dateModified\":\"2026-06-01T13:59:56+02:00\"},{\"@type\":\"WebSite\",\"@id\":\"https:\\\/\\\/serbiantimes.info\\\/en\\\/#website\",\"url\":\"https:\\\/\\\/serbiantimes.info\\\/en\\\/\",\"name\":\"Serbiantimes.info EN\",\"inLanguage\":\"en-US\",\"publisher\":{\"@id\":\"https:\\\/\\\/serbiantimes.info\\\/en\\\/#organization\"}}]}\n\t\t<\/script>\n\t\t<!-- All in One SEO -->\n\n","aioseo_head_json":{"title":"NOVAK WAS NAMED AFTER HIM: \u0110okovi\u0107\u2019s great-great-grandfather was a Serbian hero and a participant in the breakthrough of the Salonika front! | Serbiantimes.info EN","description":"The origin of the \u0110okovi\u0107 family leads from \u010cevo in Cetinje, where \u0110oko Damjanovi\u0107, the progenitor of this lineage, was from. After the murder of a Turkish aga during a clash with the Turks, he moved to Nik\u0161i\u0107, and in that way, from \u0110oko, the \u0110okovi\u0107s originated. The first Novak \u0110okovi\u0107 was actually \u0110oko's grandson,","canonical_url":"https:\/\/serbiantimes.info\/en\/novak-was-named-after-him-dokovics-great-great-grandfather-was-a-serbian-hero-and-a-participant-in-the-breakthrough-of-the-salonika-front\/","robots":"max-image-preview:large","keywords":"","webmasterTools":{"miscellaneous":""},"schema":{"@context":"https:\/\/schema.org","@graph":[{"@type":"BlogPosting","@id":"https:\/\/serbiantimes.info\/en\/novak-was-named-after-him-dokovics-great-great-grandfather-was-a-serbian-hero-and-a-participant-in-the-breakthrough-of-the-salonika-front\/#blogposting","name":"NOVAK WAS NAMED AFTER HIM: \u0110okovi\u0107\u2019s great-great-grandfather was a Serbian hero and a participant in the breakthrough of the Salonika front! | Serbiantimes.info EN","headline":"NOVAK WAS NAMED AFTER HIM: \u0110okovi\u0107&#8217;s great-great-grandfather was a Serbian hero and a participant in the breakthrough of the Salonika front!","author":{"@id":"https:\/\/serbiantimes.info\/en\/author\/serbiantimes-portal\/#author"},"publisher":{"@id":"https:\/\/serbiantimes.info\/en\/#organization"},"image":{"@type":"ImageObject","url":"https:\/\/serbiantimes.info\/en\/wp-content\/uploads\/sites\/2\/2026\/06\/Novak-Dokoviccukundeda.jpg","width":1200,"height":750},"datePublished":"2026-06-01T13:58:03+02:00","dateModified":"2026-06-01T13:59:56+02:00","inLanguage":"en-US","mainEntityOfPage":{"@id":"https:\/\/serbiantimes.info\/en\/novak-was-named-after-him-dokovics-great-great-grandfather-was-a-serbian-hero-and-a-participant-in-the-breakthrough-of-the-salonika-front\/#webpage"},"isPartOf":{"@id":"https:\/\/serbiantimes.info\/en\/novak-was-named-after-him-dokovics-great-great-grandfather-was-a-serbian-hero-and-a-participant-in-the-breakthrough-of-the-salonika-front\/#webpage"},"articleSection":"HISTORY, heroj, istorija, istorija srbije, left, novak \u0111okovi\u0107, Prvi svetski rat, Solunski front, vojnik, \u0110oko Damjanovi\u0107"},{"@type":"BreadcrumbList","@id":"https:\/\/serbiantimes.info\/en\/novak-was-named-after-him-dokovics-great-great-grandfather-was-a-serbian-hero-and-a-participant-in-the-breakthrough-of-the-salonika-front\/#breadcrumblist","itemListElement":[{"@type":"ListItem","@id":"https:\/\/serbiantimes.info\/en#listItem","position":1,"name":"Home","item":"https:\/\/serbiantimes.info\/en","nextItem":{"@type":"ListItem","@id":"https:\/\/serbiantimes.info\/en\/category\/history\/#listItem","name":"HISTORY"}},{"@type":"ListItem","@id":"https:\/\/serbiantimes.info\/en\/category\/history\/#listItem","position":2,"name":"HISTORY","item":"https:\/\/serbiantimes.info\/en\/category\/history\/","nextItem":{"@type":"ListItem","@id":"https:\/\/serbiantimes.info\/en\/novak-was-named-after-him-dokovics-great-great-grandfather-was-a-serbian-hero-and-a-participant-in-the-breakthrough-of-the-salonika-front\/#listItem","name":"NOVAK WAS NAMED AFTER HIM: \u0110okovi\u0107&#8217;s great-great-grandfather was a Serbian hero and a participant in the breakthrough of the Salonika front!"},"previousItem":{"@type":"ListItem","@id":"https:\/\/serbiantimes.info\/en#listItem","name":"Home"}},{"@type":"ListItem","@id":"https:\/\/serbiantimes.info\/en\/novak-was-named-after-him-dokovics-great-great-grandfather-was-a-serbian-hero-and-a-participant-in-the-breakthrough-of-the-salonika-front\/#listItem","position":3,"name":"NOVAK WAS NAMED AFTER HIM: \u0110okovi\u0107&#8217;s great-great-grandfather was a Serbian hero and a participant in the breakthrough of the Salonika front!","previousItem":{"@type":"ListItem","@id":"https:\/\/serbiantimes.info\/en\/category\/history\/#listItem","name":"HISTORY"}}]},{"@type":"Organization","@id":"https:\/\/serbiantimes.info\/en\/#organization","name":"Serbiantimes.info EN","url":"https:\/\/serbiantimes.info\/en\/","logo":{"@type":"ImageObject","url":"https:\/\/serbiantimes.info\/en\/wp-content\/uploads\/sites\/2\/2024\/10\/cropped-cropped-Serbian-Times-Header-Logo-1.png","@id":"https:\/\/serbiantimes.info\/en\/novak-was-named-after-him-dokovics-great-great-grandfather-was-a-serbian-hero-and-a-participant-in-the-breakthrough-of-the-salonika-front\/#organizationLogo","width":480,"height":100},"image":{"@id":"https:\/\/serbiantimes.info\/en\/novak-was-named-after-him-dokovics-great-great-grandfather-was-a-serbian-hero-and-a-participant-in-the-breakthrough-of-the-salonika-front\/#organizationLogo"}},{"@type":"Person","@id":"https:\/\/serbiantimes.info\/en\/author\/serbiantimes-portal\/#author","url":"https:\/\/serbiantimes.info\/en\/author\/serbiantimes-portal\/","name":"Serbian Times","image":{"@type":"ImageObject","@id":"https:\/\/serbiantimes.info\/en\/novak-was-named-after-him-dokovics-great-great-grandfather-was-a-serbian-hero-and-a-participant-in-the-breakthrough-of-the-salonika-front\/#authorImage","url":"https:\/\/secure.gravatar.com\/avatar\/ea76e009769270b4193e2bc7e032c096b4ae135483ec03b396fd0f520bc3dcfd?s=96&d=mm&r=g","width":96,"height":96,"caption":"Serbian Times"}},{"@type":"WebPage","@id":"https:\/\/serbiantimes.info\/en\/novak-was-named-after-him-dokovics-great-great-grandfather-was-a-serbian-hero-and-a-participant-in-the-breakthrough-of-the-salonika-front\/#webpage","url":"https:\/\/serbiantimes.info\/en\/novak-was-named-after-him-dokovics-great-great-grandfather-was-a-serbian-hero-and-a-participant-in-the-breakthrough-of-the-salonika-front\/","name":"NOVAK WAS NAMED AFTER HIM: \u0110okovi\u0107\u2019s great-great-grandfather was a Serbian hero and a participant in the breakthrough of the Salonika front! | Serbiantimes.info EN","description":"The origin of the \u0110okovi\u0107 family leads from \u010cevo in Cetinje, where \u0110oko Damjanovi\u0107, the progenitor of this lineage, was from. After the murder of a Turkish aga during a clash with the Turks, he moved to Nik\u0161i\u0107, and in that way, from \u0110oko, the \u0110okovi\u0107s originated. The first Novak \u0110okovi\u0107 was actually \u0110oko's grandson,","inLanguage":"en-US","isPartOf":{"@id":"https:\/\/serbiantimes.info\/en\/#website"},"breadcrumb":{"@id":"https:\/\/serbiantimes.info\/en\/novak-was-named-after-him-dokovics-great-great-grandfather-was-a-serbian-hero-and-a-participant-in-the-breakthrough-of-the-salonika-front\/#breadcrumblist"},"author":{"@id":"https:\/\/serbiantimes.info\/en\/author\/serbiantimes-portal\/#author"},"creator":{"@id":"https:\/\/serbiantimes.info\/en\/author\/serbiantimes-portal\/#author"},"image":{"@type":"ImageObject","url":"https:\/\/serbiantimes.info\/en\/wp-content\/uploads\/sites\/2\/2026\/06\/Novak-Dokoviccukundeda.jpg","@id":"https:\/\/serbiantimes.info\/en\/novak-was-named-after-him-dokovics-great-great-grandfather-was-a-serbian-hero-and-a-participant-in-the-breakthrough-of-the-salonika-front\/#mainImage","width":1200,"height":750},"primaryImageOfPage":{"@id":"https:\/\/serbiantimes.info\/en\/novak-was-named-after-him-dokovics-great-great-grandfather-was-a-serbian-hero-and-a-participant-in-the-breakthrough-of-the-salonika-front\/#mainImage"},"datePublished":"2026-06-01T13:58:03+02:00","dateModified":"2026-06-01T13:59:56+02:00"},{"@type":"WebSite","@id":"https:\/\/serbiantimes.info\/en\/#website","url":"https:\/\/serbiantimes.info\/en\/","name":"Serbiantimes.info EN","inLanguage":"en-US","publisher":{"@id":"https:\/\/serbiantimes.info\/en\/#organization"}}]},"og:locale":"en_US","og:site_name":"Serbiantimes.info EN |","og:type":"article","og:title":"NOVAK WAS NAMED AFTER HIM: \u0110okovi\u0107\u2019s great-great-grandfather was a Serbian hero and a participant in the breakthrough of the Salonika front! | Serbiantimes.info EN","og:description":"The origin of the \u0110okovi\u0107 family leads from \u010cevo in Cetinje, where \u0110oko Damjanovi\u0107, the progenitor of this lineage, was from. After the murder of a Turkish aga during a clash with the Turks, he moved to Nik\u0161i\u0107, and in that way, from \u0110oko, the \u0110okovi\u0107s originated. The first Novak \u0110okovi\u0107 was actually \u0110oko's grandson,","og:url":"https:\/\/serbiantimes.info\/en\/novak-was-named-after-him-dokovics-great-great-grandfather-was-a-serbian-hero-and-a-participant-in-the-breakthrough-of-the-salonika-front\/","og:image":"https:\/\/serbiantimes.info\/en\/wp-content\/uploads\/sites\/2\/2026\/06\/Novak-Dokoviccukundeda.jpg","og:image:secure_url":"https:\/\/serbiantimes.info\/en\/wp-content\/uploads\/sites\/2\/2026\/06\/Novak-Dokoviccukundeda.jpg","og:image:width":1200,"og:image:height":750,"article:published_time":"2026-06-01T11:58:03+00:00","article:modified_time":"2026-06-01T11:59:56+00:00","twitter:card":"summary_large_image","twitter:title":"NOVAK WAS NAMED AFTER HIM: \u0110okovi\u0107\u2019s great-great-grandfather was a Serbian hero and a participant in the breakthrough of the Salonika front! | Serbiantimes.info EN","twitter:description":"The origin of the \u0110okovi\u0107 family leads from \u010cevo in Cetinje, where \u0110oko Damjanovi\u0107, the progenitor of this lineage, was from. After the murder of a Turkish aga during a clash with the Turks, he moved to Nik\u0161i\u0107, and in that way, from \u0110oko, the \u0110okovi\u0107s originated. The first Novak \u0110okovi\u0107 was actually \u0110oko's grandson,","twitter:image":"https:\/\/serbiantimes.info\/en\/wp-content\/uploads\/sites\/2\/2026\/06\/Novak-Dokoviccukundeda.jpg"},"aioseo_meta_data":{"post_id":"211204","title":null,"description":null,"keywords":null,"keyphrases":{"focus":{"keyphrase":"","score":0,"analysis":{"keyphraseInTitle":{"score":0,"maxScore":9,"error":1}}},"additional":[]},"primary_term":null,"canonical_url":null,"og_title":null,"og_description":null,"og_object_type":"default","og_image_type":"default","og_image_url":null,"og_image_width":null,"og_image_height":null,"og_image_custom_url":null,"og_image_custom_fields":null,"og_video":"","og_custom_url":null,"og_article_section":null,"og_article_tags":null,"twitter_use_og":false,"twitter_card":"default","twitter_image_type":"default","twitter_image_url":null,"twitter_image_custom_url":null,"twitter_image_custom_fields":null,"twitter_title":null,"twitter_description":null,"schema":{"blockGraphs":[],"customGraphs":[],"default":{"data":{"Article":[],"Course":[],"Dataset":[],"FAQPage":[],"Movie":[],"Person":[],"Product":[],"ProductReview":[],"Car":[],"Recipe":[],"Service":[],"SoftwareApplication":[],"WebPage":[]},"graphName":"BlogPosting","isEnabled":true},"graphs":[]},"schema_type":"default","schema_type_options":null,"pillar_content":false,"robots_default":true,"robots_noindex":false,"robots_noarchive":false,"robots_nosnippet":false,"robots_nofollow":false,"robots_noimageindex":false,"robots_noodp":false,"robots_notranslate":false,"robots_max_snippet":"-1","robots_max_videopreview":"-1","robots_max_imagepreview":"large","priority":null,"frequency":"default","local_seo":null,"breadcrumb_settings":null,"limit_modified_date":false,"ai":{"faqs":[],"keyPoints":[],"titles":[],"descriptions":[],"socialPosts":{"email":[],"linkedin":[],"twitter":[],"facebook":[],"instagram":[]}},"created":"2026-06-01 11:52:43","updated":"2026-06-01 13:32:16","focus_keyword":null,"additional_keywords":null,"truseo_locale":null,"seo_analyzer_scan_date":null},"aioseo_breadcrumb":"<div class=\"aioseo-breadcrumbs\"><span class=\"aioseo-breadcrumb\">\n\t\t\t<a href=\"https:\/\/serbiantimes.info\/en\" title=\"Home\">Home<\/a>\n\t\t<\/span><span class=\"aioseo-breadcrumb-separator\">&raquo;<\/span><span class=\"aioseo-breadcrumb\">\n\t\t\t<a href=\"https:\/\/serbiantimes.info\/en\/category\/history\/\" title=\"HISTORY\">HISTORY<\/a>\n\t\t<\/span><span class=\"aioseo-breadcrumb-separator\">&raquo;<\/span><span class=\"aioseo-breadcrumb\">\n\t\t\tNOVAK WAS NAMED AFTER HIM: \u0110okovi\u0107\u2019s great-great-grandfather was a Serbian hero and a participant in the breakthrough of the Salonika front!\n\t\t<\/span><\/div>","aioseo_breadcrumb_json":[{"label":"Home","link":"https:\/\/serbiantimes.info\/en"},{"label":"HISTORY","link":"https:\/\/serbiantimes.info\/en\/category\/history\/"},{"label":"NOVAK WAS NAMED AFTER HIM: \u0110okovi\u0107&#8217;s great-great-grandfather was a Serbian hero and a participant in the breakthrough of the Salonika front!","link":"https:\/\/serbiantimes.info\/en\/novak-was-named-after-him-dokovics-great-great-grandfather-was-a-serbian-hero-and-a-participant-in-the-breakthrough-of-the-salonika-front\/"}],"distributor_meta":false,"distributor_terms":false,"distributor_media":false,"distributor_original_site_name":"Serbiantimes.info EN","distributor_original_site_url":"https:\/\/serbiantimes.info\/en","push-errors":false,"_links":{"self":[{"href":"https:\/\/serbiantimes.info\/en\/wp-json\/wp\/v2\/posts\/211204","targetHints":{"allow":["GET"]}}],"collection":[{"href":"https:\/\/serbiantimes.info\/en\/wp-json\/wp\/v2\/posts"}],"about":[{"href":"https:\/\/serbiantimes.info\/en\/wp-json\/wp\/v2\/types\/post"}],"author":[{"embeddable":true,"href":"https:\/\/serbiantimes.info\/en\/wp-json\/wp\/v2\/users\/2169"}],"replies":[{"embeddable":true,"href":"https:\/\/serbiantimes.info\/en\/wp-json\/wp\/v2\/comments?post=211204"}],"version-history":[{"count":3,"href":"https:\/\/serbiantimes.info\/en\/wp-json\/wp\/v2\/posts\/211204\/revisions"}],"predecessor-version":[{"id":211257,"href":"https:\/\/serbiantimes.info\/en\/wp-json\/wp\/v2\/posts\/211204\/revisions\/211257"}],"wp:featuredmedia":[{"embeddable":true,"href":"https:\/\/serbiantimes.info\/en\/wp-json\/wp\/v2\/media\/211205"}],"wp:attachment":[{"href":"https:\/\/serbiantimes.info\/en\/wp-json\/wp\/v2\/media?parent=211204"}],"wp:term":[{"taxonomy":"category","embeddable":true,"href":"https:\/\/serbiantimes.info\/en\/wp-json\/wp\/v2\/categories?post=211204"},{"taxonomy":"post_tag","embeddable":true,"href":"https:\/\/serbiantimes.info\/en\/wp-json\/wp\/v2\/tags?post=211204"}],"curies":[{"name":"wp","href":"https:\/\/api.w.org\/{rel}","templated":true}]}}