{"id":210138,"date":"2026-05-15T21:49:08","date_gmt":"2026-05-15T19:49:08","guid":{"rendered":"https:\/\/serbiantimes.info\/en\/?p=210138"},"modified":"2026-05-15T21:49:49","modified_gmt":"2026-05-15T19:49:49","slug":"the-head-of-the-belgrade-police-witnessed-the-murder-here-is-who-veselin-milic-is-who-was-arrested-for-his-connection-with-the-disappearance-of-a-member-of-a-criminal-clan","status":"publish","type":"post","link":"https:\/\/serbiantimes.info\/en\/the-head-of-the-belgrade-police-witnessed-the-murder-here-is-who-veselin-milic-is-who-was-arrested-for-his-connection-with-the-disappearance-of-a-member-of-a-criminal-clan\/","title":{"rendered":"THE HEAD OF THE BELGRADE POLICE WITNESSED THE MURDER: Here is who Veselin Mili\u0107 is, who was arrested for his connection with the disappearance of a member of a criminal clan!"},"content":{"rendered":"\n<p class=\"wp-block-paragraph\"><strong><em>The chief of the Belgrade police, Veselin Mili\u0107, was arrested in the continuation of shedding light on the disappearance of Aleksandar Ne\u0161ovi\u0107 Baja from Restaurant 27 in Senjak. Mili\u0107 was allegedly in the company of the missing Ne\u0161ovi\u0107 on the fateful evening.<\/em><\/strong><\/p>\n\n\n\n<p class=\"wp-block-paragraph\">&#8220;V. M. has been detained for up to 48 hours due to the existence of grounds for suspicion that he committed the criminal offenses of failing to report a criminal offense and an offender and assisting an offender after the commission of a criminal offense, within which time he will be brought for questioning before the acting public prosecutor,&#8221; we published earlier.<\/p>\n\n\n\n<p class=\"wp-block-paragraph\">The Higher Public Prosecutor&#8217;s Office in Belgrade is currently investigating the disappearance of Aleksandar Ne\u0161ovi\u0107 Baja, with whom his wife last had contact on May 12, when he told her that he was at Restaurant 27.<\/p>\n\n\n\n<p class=\"wp-block-paragraph\">In addition to Mili\u0107, seven other people suspected of various criminal offenses were arrested \u2013 three police officers B.M. (41), S.S. (33), and P.P. (47), Sa\u0161a Vukovi\u0107 Boske for attempted aggravated murder, carrying weapons, and causing danger, his wife D. V. under suspicion of bringing him the pistol from a &#8220;stash&#8221; with which he committed the criminal offense, N. L (50) the owner of the catering establishment in Senjak where Ne\u0161ovi\u0107 was last seen, a waiter in that establishment S.V., and M. S. who, like Boske, is charged with attempted aggravated murder, illegal carrying of weapons, and causing general danger.<\/p>\n\n\n\n<h3 class=\"wp-block-heading\">Mili\u0107 witnessed the shooting in the restaurant in Senjak, then helped the perpetrator<\/h3>\n\n\n\n<p class=\"wp-block-paragraph\">According to sources from the Ministry of Internal Affairs, on May 12, Veselin Mili\u0107 arranged a meeting between two criminals in a restaurant in Senjak, one of whom is a member of Keka&#8217;s group, Aleksandar Ne\u0161ovi\u0107, known as Baja, who was in a dispute with V.S. known as Boske, in order to smooth over their damaged relations.<\/p>\n\n\n\n<p class=\"wp-block-paragraph\">Mili\u0107, along with Boske, allegedly waited for Ne\u0161ovi\u0107 in the restaurant, and when Ne\u0161ovi\u0107 arrived, a verbal altercation soon broke out between the two of them. Then, Boske fired several shots at Ne\u0161ovi\u0107 in full view of Mili\u0107.<\/p>\n\n\n\n<p class=\"wp-block-paragraph\">According to findings by Danas, members of Mili\u0107&#8217;s security, who are police officers, helped Boske carry away the unconscious Ne\u0161ovi\u0107.<\/p>\n\n\n\n<p class=\"wp-block-paragraph\">Ne\u0161ovi\u0107&#8217;s disappearance was reported by his wife, who stated that he had gone to the aforementioned restaurant.<\/p>\n\n\n\n<p class=\"wp-block-paragraph\">The police suspect that Ne\u0161ovi\u0107 was killed, and his body is still being searched for.<\/p>\n\n\n\n<h3 class=\"wp-block-heading\">Who is Veselin Mili\u0107?<\/h3>\n\n\n\n<p class=\"wp-block-paragraph\">The chief of the Belgrade police, Veselin Mili\u0107, has performed this function in multiple mandates, and was appointed for the first time in 2013.<\/p>\n\n\n\n<p class=\"wp-block-paragraph\">He held the position of chief until August 2018, when he moved to a new duty and became the advisor to the President of the Republic of Serbia for the fight against corruption and crime, as well as the assistant director for the improvement, organization, and functioning of the Police Directorate, Istinomer wrote.<\/p>\n\n\n\n<p class=\"wp-block-paragraph\">While some saw this as a promotion, others saw it as Mili\u0107&#8217;s removal from an important function, because the Belgrade Police Administration is the largest and most important administration.<\/p>\n\n\n\n<p class=\"wp-block-paragraph\">He was appointed chief of the Belgrade Police Administration again at the end of 2020, and he still holds that position. He was returned at the time when the Minister of Police was Aleksandar Vulin.<\/p>\n\n\n\n<h3 class=\"wp-block-heading\">Showed the list of targets of the minor killer from &#8220;Ribnikar&#8221;<\/h3>\n\n\n\n<p class=\"wp-block-paragraph\">Mili\u0107 also remained in the memory of the wider public for the list he displayed at a press conference after the mass murder at the &#8220;Vladislav Ribnikar&#8221; Elementary School committed by the minor killer K. K.<\/p>\n\n\n\n<h3 class=\"wp-block-heading\">Owner of an apartment in a luxury building in Dedinje<\/h3>\n\n\n\n<p class=\"wp-block-paragraph\">BIRN previously published that in an illegally constructed, and subsequently legalized luxury building in Dedinje, where the price that year ranged up to 6,700 euros, the head of the Belgrade police, Veselin Mili\u0107, has an apartment (195 square meters). An even larger apartment, right next door, is also owned by his father-in-law and mother-in-law (213 square meters).<\/p>\n\n\n\n<h4 class=\"wp-block-heading\"><mark style=\"background-color:#FFFFFF;color:#d21414\" class=\"has-inline-color\">MORE TOPICS:<\/mark><\/h4>\n\n\n\n<p class=\"wp-block-paragraph\"><strong><a href=\"https:\/\/serbiantimes.info\/en\/karadzic-requests-transfer-to-the-hague-prison-defense-claims-that-in-britain-he-is-being-denied-health-care-and-his-basic-rights-are-being-violated\/\" target=\"_blank\" rel=\"noopener\" title=\"\">KARAD\u017dI\u0106 REQUESTS TRANSFER TO THE HAGUE PRISON: Defense claims that in Britain he is being denied health care and his basic rights are being violated!<\/a><\/strong><\/p>\n\n\n\n<p class=\"wp-block-paragraph\"><strong><a href=\"https:\/\/serbiantimes.info\/en\/vasa-micic-before-the-fiba-court-former-agent-is-suing-the-serbian-playmaker-over-the-transfer-from-the-nba-to-hapoel\/\" target=\"_blank\" rel=\"noopener\" title=\"\">VASA MICI\u0106 BEFORE THE FIBA COURT: Former agent is suing the Serbian playmaker over the transfer from the NBA to Hapoel!<\/a><\/strong><\/p>\n\n\n\n<p class=\"wp-block-paragraph\"><strong><a href=\"https:\/\/serbiantimes.info\/en\/an-unnecessary-blow-to-interstate-relations-ministries-of-foreign-affairs-of-serbia-and-montenegro-went-to-war-over-vucics-statement\/\" target=\"_blank\" rel=\"noopener\" title=\"\">\u201cAN UNNECESSARY BLOW TO INTERSTATE RELATIONS\u201d: Ministries of Foreign Affairs of Serbia and Montenegro went to war over Vu\u010di\u0107\u2019s statement!<\/a><\/strong><\/p>\n\n\n\n<p class=\"wp-block-paragraph\"><a href=\"https:\/\/serbiantimes.info\/en\/serbian-caucus-in-the-us-congress-received-reinforcements-here-are-the-two-new-members-who-will-represent-the-interests-of-serbia-in-the-usa\/\" target=\"_blank\" rel=\"noopener\" title=\"\"><strong>SERBIAN CAUCUS IN THE US CONGRESS RECEIVED REINFORCEMENTS: Here are the two new members who will represent the interests of Serbia in the USA!<\/strong><\/a><\/p>\n\n\n\n<p class=\"wp-block-paragraph\"><strong><a href=\"https:\/\/serbiantimes.info\/en\/a-feat-that-melts-hearts-four-friends-on-bicycles-traveled-500-kilometers-to-hilandar-to-consecrate-an-icon-for-children-with-developmental-disabilities\/\" target=\"_blank\" rel=\"noopener\" title=\"\">A FEAT THAT MELTS HEARTS: Four friends on bicycles traveled 500 kilometers to Hilandar to consecrate an icon for children with developmental disabilities!<\/a><\/strong><\/p>\n\n\n\n<p class=\"wp-block-paragraph\"><strong><a href=\"https:\/\/serbiantimes.info\/en\/serbia-has-a-european-taekwondo-champion-stefan-won-gold-in-munich\/\" target=\"_blank\" rel=\"noopener\" title=\"\">SERBIA HAS A EUROPEAN TAEKWONDO CHAMPION: Stefan won gold in Munich!<\/a><\/strong><\/p>\n\n\n\n<p class=\"wp-block-paragraph\"><strong><strong>Source<\/strong>:\u00a0<\/strong>Nova.rs \/ Danas, <strong>Photo:<\/strong> M.M.\/ATAImages<\/p>\n","protected":false},"excerpt":{"rendered":"<p>The chief of the Belgrade police, Veselin Mili\u0107, was arrested in the continuation of shedding light on the disappearance of Aleksandar Ne\u0161ovi\u0107 Baja from Restaurant 27 in Senjak. Mili\u0107 was allegedly in the company of the missing Ne\u0161ovi\u0107 on the fateful evening. &#8220;V. M. has been detained for up to 48 hours due to the [&hellip;]<\/p>\n","protected":false},"author":2169,"featured_media":210139,"comment_status":"open","ping_status":"open","sticky":false,"template":"","format":"standard","meta":{"newspack_featured_image_position":"","newspack_post_subtitle":"","newspack_article_summary_title":"Overview:","newspack_article_summary":"","newspack_hide_updated_date":false,"newspack_show_updated_date":false,"footnotes":""},"categories":[7],"tags":[12691,1617,12697,12698,12699,113,115,12700],"class_list":["post-210138","post","type-post","status-publish","format-standard","has-post-thumbnail","hentry","category-serbia","tag-aleksandar-nesovic-baja","tag-hapsenje","tag-kriminalni-klan","tag-restoran-27","tag-sef-beogradske-policije","tag-srbija","tag-ubistvo","tag-veselin-milic","entry"],"aioseo_notices":[],"aioseo_head":"\n\t\t<!-- All in One SEO 5.0.1.1 - aioseo.com -->\n\t<meta name=\"description\" content=\"The chief of the Belgrade police, Veselin Mili\u0107, was arrested in the continuation of shedding light on the disappearance of Aleksandar Ne\u0161ovi\u0107 Baja from Restaurant 27 in Senjak. Mili\u0107 was allegedly in the company of the missing Ne\u0161ovi\u0107 on the fateful evening. &quot;V. M. has been detained for up to 48 hours due to the\" \/>\n\t<meta name=\"robots\" content=\"max-image-preview:large\" \/>\n\t<meta name=\"author\" content=\"Serbian Times\"\/>\n\t<link rel=\"canonical\" href=\"https:\/\/serbiantimes.info\/en\/the-head-of-the-belgrade-police-witnessed-the-murder-here-is-who-veselin-milic-is-who-was-arrested-for-his-connection-with-the-disappearance-of-a-member-of-a-criminal-clan\/\" \/>\n\t<meta name=\"generator\" content=\"All in One SEO (AIOSEO) 5.0.1.1\" \/>\n\t\t<meta property=\"og:locale\" content=\"en_US\" \/>\n\t\t<meta property=\"og:site_name\" content=\"Serbiantimes.info EN |\" \/>\n\t\t<meta property=\"og:type\" content=\"article\" \/>\n\t\t<meta property=\"og:title\" content=\"THE HEAD OF THE BELGRADE POLICE WITNESSED THE MURDER: Here is who Veselin Mili\u0107 is, who was arrested for his connection with the disappearance of a member of a criminal clan! | Serbiantimes.info EN\" \/>\n\t\t<meta property=\"og:description\" content=\"The chief of the Belgrade police, Veselin Mili\u0107, was arrested in the continuation of shedding light on the disappearance of Aleksandar Ne\u0161ovi\u0107 Baja from Restaurant 27 in Senjak. Mili\u0107 was allegedly in the company of the missing Ne\u0161ovi\u0107 on the fateful evening. &quot;V. M. has been detained for up to 48 hours due to the\" \/>\n\t\t<meta property=\"og:url\" content=\"https:\/\/serbiantimes.info\/en\/the-head-of-the-belgrade-police-witnessed-the-murder-here-is-who-veselin-milic-is-who-was-arrested-for-his-connection-with-the-disappearance-of-a-member-of-a-criminal-clan\/\" \/>\n\t\t<meta property=\"og:image\" content=\"https:\/\/serbiantimes.info\/en\/wp-content\/uploads\/sites\/2\/2026\/05\/DIPTIH-TRIPTIH-Serbian-Times-2-9.jpg\" \/>\n\t\t<meta property=\"og:image:secure_url\" content=\"https:\/\/serbiantimes.info\/en\/wp-content\/uploads\/sites\/2\/2026\/05\/DIPTIH-TRIPTIH-Serbian-Times-2-9.jpg\" \/>\n\t\t<meta property=\"og:image:width\" content=\"1200\" \/>\n\t\t<meta property=\"og:image:height\" content=\"750\" \/>\n\t\t<meta property=\"article:published_time\" content=\"2026-05-15T19:49:08+00:00\" \/>\n\t\t<meta property=\"article:modified_time\" content=\"2026-05-15T19:49:49+00:00\" \/>\n\t\t<meta name=\"twitter:card\" content=\"summary_large_image\" \/>\n\t\t<meta name=\"twitter:title\" content=\"THE HEAD OF THE BELGRADE POLICE WITNESSED THE MURDER: Here is who Veselin Mili\u0107 is, who was arrested for his connection with the disappearance of a member of a criminal clan! | Serbiantimes.info EN\" \/>\n\t\t<meta name=\"twitter:description\" content=\"The chief of the Belgrade police, Veselin Mili\u0107, was arrested in the continuation of shedding light on the disappearance of Aleksandar Ne\u0161ovi\u0107 Baja from Restaurant 27 in Senjak. Mili\u0107 was allegedly in the company of the missing Ne\u0161ovi\u0107 on the fateful evening. &quot;V. M. has been detained for up to 48 hours due to the\" \/>\n\t\t<meta name=\"twitter:image\" content=\"https:\/\/serbiantimes.info\/en\/wp-content\/uploads\/sites\/2\/2026\/05\/DIPTIH-TRIPTIH-Serbian-Times-2-9.jpg\" \/>\n\t\t<script type=\"application\/ld+json\" class=\"aioseo-schema\">\n\t\t\t{\"@context\":\"https:\\\/\\\/schema.org\",\"@graph\":[{\"@type\":\"BlogPosting\",\"@id\":\"https:\\\/\\\/serbiantimes.info\\\/en\\\/the-head-of-the-belgrade-police-witnessed-the-murder-here-is-who-veselin-milic-is-who-was-arrested-for-his-connection-with-the-disappearance-of-a-member-of-a-criminal-clan\\\/#blogposting\",\"name\":\"THE HEAD OF THE BELGRADE POLICE WITNESSED THE MURDER: Here is who Veselin Mili\\u0107 is, who was arrested for his connection with the disappearance of a member of a criminal clan! | Serbiantimes.info EN\",\"headline\":\"THE HEAD OF THE BELGRADE POLICE WITNESSED THE MURDER: Here is who Veselin Mili\\u0107 is, who was arrested for his connection with the disappearance of a member of a criminal clan!\",\"author\":{\"@id\":\"https:\\\/\\\/serbiantimes.info\\\/en\\\/author\\\/serbiantimes-portal\\\/#author\"},\"publisher\":{\"@id\":\"https:\\\/\\\/serbiantimes.info\\\/en\\\/#organization\"},\"image\":{\"@type\":\"ImageObject\",\"url\":\"https:\\\/\\\/serbiantimes.info\\\/en\\\/wp-content\\\/uploads\\\/sites\\\/2\\\/2026\\\/05\\\/DIPTIH-TRIPTIH-Serbian-Times-2-9.jpg\",\"width\":1200,\"height\":750},\"datePublished\":\"2026-05-15T21:49:08+02:00\",\"dateModified\":\"2026-05-15T21:49:49+02:00\",\"inLanguage\":\"en-US\",\"mainEntityOfPage\":{\"@id\":\"https:\\\/\\\/serbiantimes.info\\\/en\\\/the-head-of-the-belgrade-police-witnessed-the-murder-here-is-who-veselin-milic-is-who-was-arrested-for-his-connection-with-the-disappearance-of-a-member-of-a-criminal-clan\\\/#webpage\"},\"isPartOf\":{\"@id\":\"https:\\\/\\\/serbiantimes.info\\\/en\\\/the-head-of-the-belgrade-police-witnessed-the-murder-here-is-who-veselin-milic-is-who-was-arrested-for-his-connection-with-the-disappearance-of-a-member-of-a-criminal-clan\\\/#webpage\"},\"articleSection\":\"SERBIA, Aleksandar Ne\\u0161ovi\\u0107 Baja, Hap\\u0161enje, kriminalni klan, restoran 27, \\u0161ef beogradske policije, Srbija, Ubistvo, veselin mili\\u0107\"},{\"@type\":\"BreadcrumbList\",\"@id\":\"https:\\\/\\\/serbiantimes.info\\\/en\\\/the-head-of-the-belgrade-police-witnessed-the-murder-here-is-who-veselin-milic-is-who-was-arrested-for-his-connection-with-the-disappearance-of-a-member-of-a-criminal-clan\\\/#breadcrumblist\",\"itemListElement\":[{\"@type\":\"ListItem\",\"@id\":\"https:\\\/\\\/serbiantimes.info\\\/en#listItem\",\"position\":1,\"name\":\"Home\",\"item\":\"https:\\\/\\\/serbiantimes.info\\\/en\",\"nextItem\":{\"@type\":\"ListItem\",\"@id\":\"https:\\\/\\\/serbiantimes.info\\\/en\\\/category\\\/serbia\\\/#listItem\",\"name\":\"SERBIA\"}},{\"@type\":\"ListItem\",\"@id\":\"https:\\\/\\\/serbiantimes.info\\\/en\\\/category\\\/serbia\\\/#listItem\",\"position\":2,\"name\":\"SERBIA\",\"item\":\"https:\\\/\\\/serbiantimes.info\\\/en\\\/category\\\/serbia\\\/\",\"nextItem\":{\"@type\":\"ListItem\",\"@id\":\"https:\\\/\\\/serbiantimes.info\\\/en\\\/the-head-of-the-belgrade-police-witnessed-the-murder-here-is-who-veselin-milic-is-who-was-arrested-for-his-connection-with-the-disappearance-of-a-member-of-a-criminal-clan\\\/#listItem\",\"name\":\"THE HEAD OF THE BELGRADE POLICE WITNESSED THE MURDER: Here is who Veselin Mili\\u0107 is, who was arrested for his connection with the disappearance of a member of a criminal clan!\"},\"previousItem\":{\"@type\":\"ListItem\",\"@id\":\"https:\\\/\\\/serbiantimes.info\\\/en#listItem\",\"name\":\"Home\"}},{\"@type\":\"ListItem\",\"@id\":\"https:\\\/\\\/serbiantimes.info\\\/en\\\/the-head-of-the-belgrade-police-witnessed-the-murder-here-is-who-veselin-milic-is-who-was-arrested-for-his-connection-with-the-disappearance-of-a-member-of-a-criminal-clan\\\/#listItem\",\"position\":3,\"name\":\"THE HEAD OF THE BELGRADE POLICE WITNESSED THE MURDER: Here is who Veselin Mili\\u0107 is, who was arrested for his connection with the disappearance of a member of a criminal clan!\",\"previousItem\":{\"@type\":\"ListItem\",\"@id\":\"https:\\\/\\\/serbiantimes.info\\\/en\\\/category\\\/serbia\\\/#listItem\",\"name\":\"SERBIA\"}}]},{\"@type\":\"Organization\",\"@id\":\"https:\\\/\\\/serbiantimes.info\\\/en\\\/#organization\",\"name\":\"Serbiantimes.info EN\",\"url\":\"https:\\\/\\\/serbiantimes.info\\\/en\\\/\",\"logo\":{\"@type\":\"ImageObject\",\"url\":\"https:\\\/\\\/serbiantimes.info\\\/en\\\/wp-content\\\/uploads\\\/sites\\\/2\\\/2024\\\/10\\\/cropped-cropped-Serbian-Times-Header-Logo-1.png\",\"@id\":\"https:\\\/\\\/serbiantimes.info\\\/en\\\/the-head-of-the-belgrade-police-witnessed-the-murder-here-is-who-veselin-milic-is-who-was-arrested-for-his-connection-with-the-disappearance-of-a-member-of-a-criminal-clan\\\/#organizationLogo\",\"width\":480,\"height\":100},\"image\":{\"@id\":\"https:\\\/\\\/serbiantimes.info\\\/en\\\/the-head-of-the-belgrade-police-witnessed-the-murder-here-is-who-veselin-milic-is-who-was-arrested-for-his-connection-with-the-disappearance-of-a-member-of-a-criminal-clan\\\/#organizationLogo\"}},{\"@type\":\"Person\",\"@id\":\"https:\\\/\\\/serbiantimes.info\\\/en\\\/author\\\/serbiantimes-portal\\\/#author\",\"url\":\"https:\\\/\\\/serbiantimes.info\\\/en\\\/author\\\/serbiantimes-portal\\\/\",\"name\":\"Serbian Times\",\"image\":{\"@type\":\"ImageObject\",\"@id\":\"https:\\\/\\\/serbiantimes.info\\\/en\\\/the-head-of-the-belgrade-police-witnessed-the-murder-here-is-who-veselin-milic-is-who-was-arrested-for-his-connection-with-the-disappearance-of-a-member-of-a-criminal-clan\\\/#authorImage\",\"url\":\"https:\\\/\\\/secure.gravatar.com\\\/avatar\\\/ea76e009769270b4193e2bc7e032c096b4ae135483ec03b396fd0f520bc3dcfd?s=96&d=mm&r=g\",\"width\":96,\"height\":96,\"caption\":\"Serbian Times\"}},{\"@type\":\"WebPage\",\"@id\":\"https:\\\/\\\/serbiantimes.info\\\/en\\\/the-head-of-the-belgrade-police-witnessed-the-murder-here-is-who-veselin-milic-is-who-was-arrested-for-his-connection-with-the-disappearance-of-a-member-of-a-criminal-clan\\\/#webpage\",\"url\":\"https:\\\/\\\/serbiantimes.info\\\/en\\\/the-head-of-the-belgrade-police-witnessed-the-murder-here-is-who-veselin-milic-is-who-was-arrested-for-his-connection-with-the-disappearance-of-a-member-of-a-criminal-clan\\\/\",\"name\":\"THE HEAD OF THE BELGRADE POLICE WITNESSED THE MURDER: Here is who Veselin Mili\\u0107 is, who was arrested for his connection with the disappearance of a member of a criminal clan! | Serbiantimes.info EN\",\"description\":\"The chief of the Belgrade police, Veselin Mili\\u0107, was arrested in the continuation of shedding light on the disappearance of Aleksandar Ne\\u0161ovi\\u0107 Baja from Restaurant 27 in Senjak. Mili\\u0107 was allegedly in the company of the missing Ne\\u0161ovi\\u0107 on the fateful evening. \\\"V. M. has been detained for up to 48 hours due to the\",\"inLanguage\":\"en-US\",\"isPartOf\":{\"@id\":\"https:\\\/\\\/serbiantimes.info\\\/en\\\/#website\"},\"breadcrumb\":{\"@id\":\"https:\\\/\\\/serbiantimes.info\\\/en\\\/the-head-of-the-belgrade-police-witnessed-the-murder-here-is-who-veselin-milic-is-who-was-arrested-for-his-connection-with-the-disappearance-of-a-member-of-a-criminal-clan\\\/#breadcrumblist\"},\"author\":{\"@id\":\"https:\\\/\\\/serbiantimes.info\\\/en\\\/author\\\/serbiantimes-portal\\\/#author\"},\"creator\":{\"@id\":\"https:\\\/\\\/serbiantimes.info\\\/en\\\/author\\\/serbiantimes-portal\\\/#author\"},\"image\":{\"@type\":\"ImageObject\",\"url\":\"https:\\\/\\\/serbiantimes.info\\\/en\\\/wp-content\\\/uploads\\\/sites\\\/2\\\/2026\\\/05\\\/DIPTIH-TRIPTIH-Serbian-Times-2-9.jpg\",\"@id\":\"https:\\\/\\\/serbiantimes.info\\\/en\\\/the-head-of-the-belgrade-police-witnessed-the-murder-here-is-who-veselin-milic-is-who-was-arrested-for-his-connection-with-the-disappearance-of-a-member-of-a-criminal-clan\\\/#mainImage\",\"width\":1200,\"height\":750},\"primaryImageOfPage\":{\"@id\":\"https:\\\/\\\/serbiantimes.info\\\/en\\\/the-head-of-the-belgrade-police-witnessed-the-murder-here-is-who-veselin-milic-is-who-was-arrested-for-his-connection-with-the-disappearance-of-a-member-of-a-criminal-clan\\\/#mainImage\"},\"datePublished\":\"2026-05-15T21:49:08+02:00\",\"dateModified\":\"2026-05-15T21:49:49+02:00\"},{\"@type\":\"WebSite\",\"@id\":\"https:\\\/\\\/serbiantimes.info\\\/en\\\/#website\",\"url\":\"https:\\\/\\\/serbiantimes.info\\\/en\\\/\",\"name\":\"Serbiantimes.info EN\",\"inLanguage\":\"en-US\",\"publisher\":{\"@id\":\"https:\\\/\\\/serbiantimes.info\\\/en\\\/#organization\"}}]}\n\t\t<\/script>\n\t\t<!-- All in One SEO -->\n\n","aioseo_head_json":{"title":"THE HEAD OF THE BELGRADE POLICE WITNESSED THE MURDER: Here is who Veselin Mili\u0107 is, who was arrested for his connection with the disappearance of a member of a criminal clan! | Serbiantimes.info EN","description":"The chief of the Belgrade police, Veselin Mili\u0107, was arrested in the continuation of shedding light on the disappearance of Aleksandar Ne\u0161ovi\u0107 Baja from Restaurant 27 in Senjak. Mili\u0107 was allegedly in the company of the missing Ne\u0161ovi\u0107 on the fateful evening. \"V. M. has been detained for up to 48 hours due to the","canonical_url":"https:\/\/serbiantimes.info\/en\/the-head-of-the-belgrade-police-witnessed-the-murder-here-is-who-veselin-milic-is-who-was-arrested-for-his-connection-with-the-disappearance-of-a-member-of-a-criminal-clan\/","robots":"max-image-preview:large","keywords":"","webmasterTools":{"miscellaneous":""},"schema":{"@context":"https:\/\/schema.org","@graph":[{"@type":"BlogPosting","@id":"https:\/\/serbiantimes.info\/en\/the-head-of-the-belgrade-police-witnessed-the-murder-here-is-who-veselin-milic-is-who-was-arrested-for-his-connection-with-the-disappearance-of-a-member-of-a-criminal-clan\/#blogposting","name":"THE HEAD OF THE BELGRADE POLICE WITNESSED THE MURDER: Here is who Veselin Mili\u0107 is, who was arrested for his connection with the disappearance of a member of a criminal clan! | Serbiantimes.info EN","headline":"THE HEAD OF THE BELGRADE POLICE WITNESSED THE MURDER: Here is who Veselin Mili\u0107 is, who was arrested for his connection with the disappearance of a member of a criminal clan!","author":{"@id":"https:\/\/serbiantimes.info\/en\/author\/serbiantimes-portal\/#author"},"publisher":{"@id":"https:\/\/serbiantimes.info\/en\/#organization"},"image":{"@type":"ImageObject","url":"https:\/\/serbiantimes.info\/en\/wp-content\/uploads\/sites\/2\/2026\/05\/DIPTIH-TRIPTIH-Serbian-Times-2-9.jpg","width":1200,"height":750},"datePublished":"2026-05-15T21:49:08+02:00","dateModified":"2026-05-15T21:49:49+02:00","inLanguage":"en-US","mainEntityOfPage":{"@id":"https:\/\/serbiantimes.info\/en\/the-head-of-the-belgrade-police-witnessed-the-murder-here-is-who-veselin-milic-is-who-was-arrested-for-his-connection-with-the-disappearance-of-a-member-of-a-criminal-clan\/#webpage"},"isPartOf":{"@id":"https:\/\/serbiantimes.info\/en\/the-head-of-the-belgrade-police-witnessed-the-murder-here-is-who-veselin-milic-is-who-was-arrested-for-his-connection-with-the-disappearance-of-a-member-of-a-criminal-clan\/#webpage"},"articleSection":"SERBIA, Aleksandar Ne\u0161ovi\u0107 Baja, Hap\u0161enje, kriminalni klan, restoran 27, \u0161ef beogradske policije, Srbija, Ubistvo, veselin mili\u0107"},{"@type":"BreadcrumbList","@id":"https:\/\/serbiantimes.info\/en\/the-head-of-the-belgrade-police-witnessed-the-murder-here-is-who-veselin-milic-is-who-was-arrested-for-his-connection-with-the-disappearance-of-a-member-of-a-criminal-clan\/#breadcrumblist","itemListElement":[{"@type":"ListItem","@id":"https:\/\/serbiantimes.info\/en#listItem","position":1,"name":"Home","item":"https:\/\/serbiantimes.info\/en","nextItem":{"@type":"ListItem","@id":"https:\/\/serbiantimes.info\/en\/category\/serbia\/#listItem","name":"SERBIA"}},{"@type":"ListItem","@id":"https:\/\/serbiantimes.info\/en\/category\/serbia\/#listItem","position":2,"name":"SERBIA","item":"https:\/\/serbiantimes.info\/en\/category\/serbia\/","nextItem":{"@type":"ListItem","@id":"https:\/\/serbiantimes.info\/en\/the-head-of-the-belgrade-police-witnessed-the-murder-here-is-who-veselin-milic-is-who-was-arrested-for-his-connection-with-the-disappearance-of-a-member-of-a-criminal-clan\/#listItem","name":"THE HEAD OF THE BELGRADE POLICE WITNESSED THE MURDER: Here is who Veselin Mili\u0107 is, who was arrested for his connection with the disappearance of a member of a criminal clan!"},"previousItem":{"@type":"ListItem","@id":"https:\/\/serbiantimes.info\/en#listItem","name":"Home"}},{"@type":"ListItem","@id":"https:\/\/serbiantimes.info\/en\/the-head-of-the-belgrade-police-witnessed-the-murder-here-is-who-veselin-milic-is-who-was-arrested-for-his-connection-with-the-disappearance-of-a-member-of-a-criminal-clan\/#listItem","position":3,"name":"THE HEAD OF THE BELGRADE POLICE WITNESSED THE MURDER: Here is who Veselin Mili\u0107 is, who was arrested for his connection with the disappearance of a member of a criminal clan!","previousItem":{"@type":"ListItem","@id":"https:\/\/serbiantimes.info\/en\/category\/serbia\/#listItem","name":"SERBIA"}}]},{"@type":"Organization","@id":"https:\/\/serbiantimes.info\/en\/#organization","name":"Serbiantimes.info EN","url":"https:\/\/serbiantimes.info\/en\/","logo":{"@type":"ImageObject","url":"https:\/\/serbiantimes.info\/en\/wp-content\/uploads\/sites\/2\/2024\/10\/cropped-cropped-Serbian-Times-Header-Logo-1.png","@id":"https:\/\/serbiantimes.info\/en\/the-head-of-the-belgrade-police-witnessed-the-murder-here-is-who-veselin-milic-is-who-was-arrested-for-his-connection-with-the-disappearance-of-a-member-of-a-criminal-clan\/#organizationLogo","width":480,"height":100},"image":{"@id":"https:\/\/serbiantimes.info\/en\/the-head-of-the-belgrade-police-witnessed-the-murder-here-is-who-veselin-milic-is-who-was-arrested-for-his-connection-with-the-disappearance-of-a-member-of-a-criminal-clan\/#organizationLogo"}},{"@type":"Person","@id":"https:\/\/serbiantimes.info\/en\/author\/serbiantimes-portal\/#author","url":"https:\/\/serbiantimes.info\/en\/author\/serbiantimes-portal\/","name":"Serbian Times","image":{"@type":"ImageObject","@id":"https:\/\/serbiantimes.info\/en\/the-head-of-the-belgrade-police-witnessed-the-murder-here-is-who-veselin-milic-is-who-was-arrested-for-his-connection-with-the-disappearance-of-a-member-of-a-criminal-clan\/#authorImage","url":"https:\/\/secure.gravatar.com\/avatar\/ea76e009769270b4193e2bc7e032c096b4ae135483ec03b396fd0f520bc3dcfd?s=96&d=mm&r=g","width":96,"height":96,"caption":"Serbian Times"}},{"@type":"WebPage","@id":"https:\/\/serbiantimes.info\/en\/the-head-of-the-belgrade-police-witnessed-the-murder-here-is-who-veselin-milic-is-who-was-arrested-for-his-connection-with-the-disappearance-of-a-member-of-a-criminal-clan\/#webpage","url":"https:\/\/serbiantimes.info\/en\/the-head-of-the-belgrade-police-witnessed-the-murder-here-is-who-veselin-milic-is-who-was-arrested-for-his-connection-with-the-disappearance-of-a-member-of-a-criminal-clan\/","name":"THE HEAD OF THE BELGRADE POLICE WITNESSED THE MURDER: Here is who Veselin Mili\u0107 is, who was arrested for his connection with the disappearance of a member of a criminal clan! | Serbiantimes.info EN","description":"The chief of the Belgrade police, Veselin Mili\u0107, was arrested in the continuation of shedding light on the disappearance of Aleksandar Ne\u0161ovi\u0107 Baja from Restaurant 27 in Senjak. Mili\u0107 was allegedly in the company of the missing Ne\u0161ovi\u0107 on the fateful evening. \"V. M. has been detained for up to 48 hours due to the","inLanguage":"en-US","isPartOf":{"@id":"https:\/\/serbiantimes.info\/en\/#website"},"breadcrumb":{"@id":"https:\/\/serbiantimes.info\/en\/the-head-of-the-belgrade-police-witnessed-the-murder-here-is-who-veselin-milic-is-who-was-arrested-for-his-connection-with-the-disappearance-of-a-member-of-a-criminal-clan\/#breadcrumblist"},"author":{"@id":"https:\/\/serbiantimes.info\/en\/author\/serbiantimes-portal\/#author"},"creator":{"@id":"https:\/\/serbiantimes.info\/en\/author\/serbiantimes-portal\/#author"},"image":{"@type":"ImageObject","url":"https:\/\/serbiantimes.info\/en\/wp-content\/uploads\/sites\/2\/2026\/05\/DIPTIH-TRIPTIH-Serbian-Times-2-9.jpg","@id":"https:\/\/serbiantimes.info\/en\/the-head-of-the-belgrade-police-witnessed-the-murder-here-is-who-veselin-milic-is-who-was-arrested-for-his-connection-with-the-disappearance-of-a-member-of-a-criminal-clan\/#mainImage","width":1200,"height":750},"primaryImageOfPage":{"@id":"https:\/\/serbiantimes.info\/en\/the-head-of-the-belgrade-police-witnessed-the-murder-here-is-who-veselin-milic-is-who-was-arrested-for-his-connection-with-the-disappearance-of-a-member-of-a-criminal-clan\/#mainImage"},"datePublished":"2026-05-15T21:49:08+02:00","dateModified":"2026-05-15T21:49:49+02:00"},{"@type":"WebSite","@id":"https:\/\/serbiantimes.info\/en\/#website","url":"https:\/\/serbiantimes.info\/en\/","name":"Serbiantimes.info EN","inLanguage":"en-US","publisher":{"@id":"https:\/\/serbiantimes.info\/en\/#organization"}}]},"og:locale":"en_US","og:site_name":"Serbiantimes.info EN |","og:type":"article","og:title":"THE HEAD OF THE BELGRADE POLICE WITNESSED THE MURDER: Here is who Veselin Mili\u0107 is, who was arrested for his connection with the disappearance of a member of a criminal clan! | Serbiantimes.info EN","og:description":"The chief of the Belgrade police, Veselin Mili\u0107, was arrested in the continuation of shedding light on the disappearance of Aleksandar Ne\u0161ovi\u0107 Baja from Restaurant 27 in Senjak. Mili\u0107 was allegedly in the company of the missing Ne\u0161ovi\u0107 on the fateful evening. &quot;V. M. has been detained for up to 48 hours due to the","og:url":"https:\/\/serbiantimes.info\/en\/the-head-of-the-belgrade-police-witnessed-the-murder-here-is-who-veselin-milic-is-who-was-arrested-for-his-connection-with-the-disappearance-of-a-member-of-a-criminal-clan\/","og:image":"https:\/\/serbiantimes.info\/en\/wp-content\/uploads\/sites\/2\/2026\/05\/DIPTIH-TRIPTIH-Serbian-Times-2-9.jpg","og:image:secure_url":"https:\/\/serbiantimes.info\/en\/wp-content\/uploads\/sites\/2\/2026\/05\/DIPTIH-TRIPTIH-Serbian-Times-2-9.jpg","og:image:width":1200,"og:image:height":750,"article:published_time":"2026-05-15T19:49:08+00:00","article:modified_time":"2026-05-15T19:49:49+00:00","twitter:card":"summary_large_image","twitter:title":"THE HEAD OF THE BELGRADE POLICE WITNESSED THE MURDER: Here is who Veselin Mili\u0107 is, who was arrested for his connection with the disappearance of a member of a criminal clan! | Serbiantimes.info EN","twitter:description":"The chief of the Belgrade police, Veselin Mili\u0107, was arrested in the continuation of shedding light on the disappearance of Aleksandar Ne\u0161ovi\u0107 Baja from Restaurant 27 in Senjak. Mili\u0107 was allegedly in the company of the missing Ne\u0161ovi\u0107 on the fateful evening. &quot;V. M. has been detained for up to 48 hours due to the","twitter:image":"https:\/\/serbiantimes.info\/en\/wp-content\/uploads\/sites\/2\/2026\/05\/DIPTIH-TRIPTIH-Serbian-Times-2-9.jpg"},"aioseo_meta_data":{"post_id":"210138","title":"#post_title #separator_sa #site_title","description":"#post_excerpt","keywords":null,"keyphrases":{"focus":{"keyphrase":"","score":0,"analysis":{"keyphraseInTitle":{"score":0,"maxScore":9,"error":1}}},"additional":[]},"primary_term":null,"canonical_url":null,"og_title":null,"og_description":null,"og_object_type":"default","og_image_type":"default","og_image_url":null,"og_image_width":null,"og_image_height":null,"og_image_custom_url":null,"og_image_custom_fields":null,"og_video":"","og_custom_url":null,"og_article_section":null,"og_article_tags":null,"twitter_use_og":false,"twitter_card":"default","twitter_image_type":"default","twitter_image_url":null,"twitter_image_custom_url":null,"twitter_image_custom_fields":null,"twitter_title":null,"twitter_description":null,"schema":{"blockGraphs":[],"customGraphs":[],"default":{"data":{"Article":[],"Course":[],"Dataset":[],"FAQPage":[],"Movie":[],"Person":[],"Product":[],"ProductReview":[],"Car":[],"Recipe":[],"Service":[],"SoftwareApplication":[],"WebPage":[]},"graphName":"BlogPosting","isEnabled":true},"graphs":[]},"schema_type":"default","schema_type_options":null,"pillar_content":false,"robots_default":true,"robots_noindex":false,"robots_noarchive":false,"robots_nosnippet":false,"robots_nofollow":false,"robots_noimageindex":false,"robots_noodp":false,"robots_notranslate":false,"robots_max_snippet":"-1","robots_max_videopreview":"-1","robots_max_imagepreview":"large","priority":null,"frequency":"default","local_seo":null,"breadcrumb_settings":null,"limit_modified_date":false,"ai":{"faqs":[],"keyPoints":[],"titles":[],"descriptions":[],"socialPosts":{"email":[],"linkedin":[],"twitter":[],"facebook":[],"instagram":[]}},"created":"2026-05-15 19:49:09","updated":"2026-05-17 16:33:41","focus_keyword":null,"additional_keywords":null,"truseo_locale":null,"seo_analyzer_scan_date":null},"aioseo_breadcrumb":"<div class=\"aioseo-breadcrumbs\"><span class=\"aioseo-breadcrumb\">\n\t\t\t<a href=\"https:\/\/serbiantimes.info\/en\" title=\"Home\">Home<\/a>\n\t\t<\/span><span class=\"aioseo-breadcrumb-separator\">&raquo;<\/span><span class=\"aioseo-breadcrumb\">\n\t\t\t<a href=\"https:\/\/serbiantimes.info\/en\/category\/serbia\/\" title=\"SERBIA\">SERBIA<\/a>\n\t\t<\/span><span class=\"aioseo-breadcrumb-separator\">&raquo;<\/span><span class=\"aioseo-breadcrumb\">\n\t\t\tTHE HEAD OF THE BELGRADE POLICE WITNESSED THE MURDER: Here is who Veselin Mili\u0107 is, who was arrested for his connection with the disappearance of a member of a criminal clan!\n\t\t<\/span><\/div>","aioseo_breadcrumb_json":[{"label":"Home","link":"https:\/\/serbiantimes.info\/en"},{"label":"SERBIA","link":"https:\/\/serbiantimes.info\/en\/category\/serbia\/"},{"label":"THE HEAD OF THE BELGRADE POLICE WITNESSED THE MURDER: Here is who Veselin Mili\u0107 is, who was arrested for his connection with the disappearance of a member of a criminal clan!","link":"https:\/\/serbiantimes.info\/en\/the-head-of-the-belgrade-police-witnessed-the-murder-here-is-who-veselin-milic-is-who-was-arrested-for-his-connection-with-the-disappearance-of-a-member-of-a-criminal-clan\/"}],"distributor_meta":false,"distributor_terms":false,"distributor_media":false,"distributor_original_site_name":"Serbiantimes.info EN","distributor_original_site_url":"https:\/\/serbiantimes.info\/en","push-errors":false,"_links":{"self":[{"href":"https:\/\/serbiantimes.info\/en\/wp-json\/wp\/v2\/posts\/210138","targetHints":{"allow":["GET"]}}],"collection":[{"href":"https:\/\/serbiantimes.info\/en\/wp-json\/wp\/v2\/posts"}],"about":[{"href":"https:\/\/serbiantimes.info\/en\/wp-json\/wp\/v2\/types\/post"}],"author":[{"embeddable":true,"href":"https:\/\/serbiantimes.info\/en\/wp-json\/wp\/v2\/users\/2169"}],"replies":[{"embeddable":true,"href":"https:\/\/serbiantimes.info\/en\/wp-json\/wp\/v2\/comments?post=210138"}],"version-history":[{"count":1,"href":"https:\/\/serbiantimes.info\/en\/wp-json\/wp\/v2\/posts\/210138\/revisions"}],"predecessor-version":[{"id":210159,"href":"https:\/\/serbiantimes.info\/en\/wp-json\/wp\/v2\/posts\/210138\/revisions\/210159"}],"wp:featuredmedia":[{"embeddable":true,"href":"https:\/\/serbiantimes.info\/en\/wp-json\/wp\/v2\/media\/210139"}],"wp:attachment":[{"href":"https:\/\/serbiantimes.info\/en\/wp-json\/wp\/v2\/media?parent=210138"}],"wp:term":[{"taxonomy":"category","embeddable":true,"href":"https:\/\/serbiantimes.info\/en\/wp-json\/wp\/v2\/categories?post=210138"},{"taxonomy":"post_tag","embeddable":true,"href":"https:\/\/serbiantimes.info\/en\/wp-json\/wp\/v2\/tags?post=210138"}],"curies":[{"name":"wp","href":"https:\/\/api.w.org\/{rel}","templated":true}]}}