{"id":208882,"date":"2026-04-30T16:07:41","date_gmt":"2026-04-30T14:07:41","guid":{"rendered":"https:\/\/serbiantimes.info\/en\/?p=208882"},"modified":"2026-04-30T16:07:42","modified_gmt":"2026-04-30T14:07:42","slug":"plane-forced-to-land-in-a-meadow-in-bih-two-passengers-injured-pilot-successfully-grounded-the-aircraft-despite-engine-failure","status":"publish","type":"post","link":"https:\/\/serbiantimes.info\/en\/plane-forced-to-land-in-a-meadow-in-bih-two-passengers-injured-pilot-successfully-grounded-the-aircraft-despite-engine-failure\/","title":{"rendered":"PLANE FORCED TO LAND IN A MEADOW IN BIH: Two passengers injured, pilot successfully grounded the aircraft despite engine failure!"},"content":{"rendered":"\n<p><strong><em>A private plane from Slovakia made an emergency landing today in a meadow on the Vla\u0161i\u0107 plateau in BiH due to engine failure.<\/em><\/strong><\/p>\n\n\n\n<p>According to available information, the aircraft took off this morning around 9 am from Slovakia, and the incident occurred around 1:30 pm. During the landing, two passengers sustained minor injuries, writes Istraga.ba.<\/p>\n\n\n\n<blockquote class=\"twitter-tweet\"><p lang=\"und\" dir=\"ltr\">Zbog kvara na motoru: Privatni avion iz Slova\u010dke sletio na oranicu na Vla\u0161i\u0107u, dvojica putnika zadobila lak\u0161e povrede<a href=\"https:\/\/t.co\/EMnR7Q34Ay\">https:\/\/t.co\/EMnR7Q34Ay<\/a><\/p>&mdash; Istraga.ba (@IstragaB) <a href=\"https:\/\/twitter.com\/IstragaB\/status\/2049815430244556918?ref_src=twsrc%5Etfw\">April 30, 2026<\/a><\/blockquote> <script async src=\"https:\/\/platform.twitter.com\/widgets.js\" charset=\"utf-8\"><\/script>\n\n\n\n<p>The plane belongs to the Pre\u0161ov Aeroclub and is used for pilot training. Photographs from the scene show that the aircraft did not suffer major damage despite the emergency landing.<\/p>\n\n\n\n<h4 class=\"wp-block-heading\"><mark style=\"background-color:#FFFFFF;color:#d21414\" class=\"has-inline-color\">MORE TOPICS:<\/mark><\/h4>\n\n\n\n<p><strong><a href=\"https:\/\/serbiantimes.info\/en\/we-are-not-giving-up-may-9-is-our-answer-serbs-in-new-york-supported-students-and-called-for-a-gathering-in-front-of-the-cornell-campus-photo\/\" target=\"_blank\" rel=\"noopener\" title=\"\">\u201cWE ARE NOT GIVING UP, MAY 9 IS OUR ANSWER\u201d: Serbs in New York supported students and called for a gathering in front of the Cornell campus! (PHOTO)<\/a><\/strong><\/p>\n\n\n\n<p><strong><a href=\"https:\/\/serbiantimes.info\/en\/a-feat-that-melts-hearts-a-man-from-pancevo-rode-200-kilometers-by-bicycle-to-collect-money-for-the-treatment-of-a-mother-of-three-children-video\/\" target=\"_blank\" rel=\"noopener\" title=\"\">A FEAT THAT MELTS HEARTS: A man from Pan\u010devo rode 200 kilometers by bicycle to collect money for the treatment of a mother of three children! (VIDEO)<\/a><\/strong><\/p>\n\n\n\n<p><strong><a href=\"https:\/\/serbiantimes.info\/en\/montenegro-searches-for-an-unknown-hero-a-foreigner-jumped-into-the-cold-river-and-saved-the-life-of-a-boy-11\/\" target=\"_blank\" rel=\"noopener\" title=\"\">MONTENEGRO SEARCHES FOR AN UNKNOWN HERO: A foreigner jumped into the cold river and saved the life of a boy (11)!<\/a><\/strong><\/p>\n\n\n\n<p><strong><a href=\"https:\/\/serbiantimes.info\/en\/bomb-jokic-gets-a-great-coaching-reinforcement-a-man-who-won-4-titles-with-golden-state-is-coming-to-denver-video\/\" target=\"_blank\" rel=\"noopener\" title=\"\">BOMB! JOKI\u0106 GETS A GREAT COACHING REINFORCEMENT: A man who won 4 titles with Golden State is coming to Denver! (VIDEO)<\/a><\/strong><\/p>\n\n\n\n<p><strong><a href=\"https:\/\/serbiantimes.info\/en\/they-want-to-take-what-we-have-been-creating-for-decades-the-faculty-of-philosophy-in-nis-sued-the-government-of-serbia\/\" target=\"_blank\" rel=\"noopener\" title=\"\">\u201cTHEY WANT TO TAKE WHAT WE HAVE BEEN CREATING FOR DECADES\u201d: The Faculty of Philosophy in Ni\u0161 sued the Government of Serbia!<\/a><\/strong><\/p>\n\n\n\n<p><strong><a href=\"https:\/\/serbiantimes.info\/en\/toronto-on-the-edge-of-the-abyss-rajakovics-raptors-defeated-by-cleveland-they-are-threatened-by-elimination-from-the-playoffs\/\" target=\"_blank\" rel=\"noopener\" title=\"\">TORONTO ON THE EDGE OF THE ABYSS: Rajakovi\u0107\u2019s Raptors defeated by Cleveland, they are threatened by elimination from the playoffs!<\/a><\/strong><\/p>\n\n\n\n<p><strong><strong>Source<\/strong><\/strong>: <a href=\"https:\/\/nova.rs\/vesti\/svet\/drama-u-bih-avion-iz-slovacke-prinudno-sleteo-ima-povredjenih\/\" target=\"_blank\" rel=\"noopener\" title=\"\">Nova.rs<\/a>; <strong>Photo<\/strong>: Istraga.ba<\/p>\n","protected":false},"excerpt":{"rendered":"<p>A private plane from Slovakia made an emergency landing today in a meadow on the Vla\u0161i\u0107 plateau in BiH due to engine failure. According to available information, the aircraft took off this morning around 9 am from Slovakia, and the incident occurred around 1:30 pm. During the landing, two passengers sustained minor injuries, writes Istraga.ba. [&hellip;]<\/p>\n","protected":false},"author":2169,"featured_media":208883,"comment_status":"open","ping_status":"open","sticky":false,"template":"","format":"standard","meta":{"newspack_featured_image_position":"","newspack_post_subtitle":"","newspack_article_summary_title":"Overview:","newspack_article_summary":"","newspack_hide_updated_date":false,"newspack_show_updated_date":false,"footnotes":""},"categories":[8],"tags":[3916,3917,309,341,5126,3426],"class_list":["post-208882","post","type-post","status-publish","format-standard","has-post-thumbnail","hentry","category-balkan","tag-avion","tag-avionska-nesreca","tag-bih","tag-bosna-i-hercegovina","tag-pad-aviona","tag-slovacka","entry"],"aioseo_notices":[],"distributor_meta":false,"distributor_terms":false,"distributor_media":false,"distributor_original_site_name":"Serbiantimes.info EN","distributor_original_site_url":"https:\/\/serbiantimes.info\/en","push-errors":false,"_links":{"self":[{"href":"https:\/\/serbiantimes.info\/en\/wp-json\/wp\/v2\/posts\/208882","targetHints":{"allow":["GET"]}}],"collection":[{"href":"https:\/\/serbiantimes.info\/en\/wp-json\/wp\/v2\/posts"}],"about":[{"href":"https:\/\/serbiantimes.info\/en\/wp-json\/wp\/v2\/types\/post"}],"author":[{"embeddable":true,"href":"https:\/\/serbiantimes.info\/en\/wp-json\/wp\/v2\/users\/2169"}],"replies":[{"embeddable":true,"href":"https:\/\/serbiantimes.info\/en\/wp-json\/wp\/v2\/comments?post=208882"}],"version-history":[{"count":1,"href":"https:\/\/serbiantimes.info\/en\/wp-json\/wp\/v2\/posts\/208882\/revisions"}],"predecessor-version":[{"id":208897,"href":"https:\/\/serbiantimes.info\/en\/wp-json\/wp\/v2\/posts\/208882\/revisions\/208897"}],"wp:featuredmedia":[{"embeddable":true,"href":"https:\/\/serbiantimes.info\/en\/wp-json\/wp\/v2\/media\/208883"}],"wp:attachment":[{"href":"https:\/\/serbiantimes.info\/en\/wp-json\/wp\/v2\/media?parent=208882"}],"wp:term":[{"taxonomy":"category","embeddable":true,"href":"https:\/\/serbiantimes.info\/en\/wp-json\/wp\/v2\/categories?post=208882"},{"taxonomy":"post_tag","embeddable":true,"href":"https:\/\/serbiantimes.info\/en\/wp-json\/wp\/v2\/tags?post=208882"}],"curies":[{"name":"wp","href":"https:\/\/api.w.org\/{rel}","templated":true}]}}