{"id":208687,"date":"2026-04-28T17:02:47","date_gmt":"2026-04-28T15:02:47","guid":{"rendered":"https:\/\/serbiantimes.info\/en\/?p=208687"},"modified":"2026-04-29T14:41:50","modified_gmt":"2026-04-29T12:41:50","slug":"another-serbian-woman-is-a-champion-of-america-jelena-sarac-won-the-ncaa-water-polo-title-with-her-university","status":"publish","type":"post","link":"https:\/\/serbiantimes.info\/en\/another-serbian-woman-is-a-champion-of-america-jelena-sarac-won-the-ncaa-water-polo-title-with-her-university\/","title":{"rendered":"ANOTHER SERBIAN WOMAN IS A CHAMPION OF AMERICA! Jelena \u0160arac won the NCAA water polo title with her university!"},"content":{"rendered":"\n<p><strong><em>Another Serbian student-athlete has been crowned with a national title in America! Following basketball national team player An\u0111ela Dugali\u0107, Serbian water polo player Jelena \u0160arac has also won the NCAA title with her team, USC (University of Southern California).<\/em><\/strong><\/p>\n\n\n\n<p>At the Final Four tournament held in La Jolla, California, Jelena&#8217;s USC defeated the Hawaii team in the semifinals with a score of 11:5.<\/p>\n\n\n\n<figure class=\"wp-block-image size-large\"><img loading=\"lazy\" decoding=\"async\" width=\"1024\" height=\"576\" src=\"http:\/\/serbiantimes.info\/wp-content\/uploads\/sites\/2\/2026\/04\/Jelena-Sarac-vaterpolo-USC-1024x576.jpg\" alt=\"\" class=\"wp-image-208688\" srcset=\"https:\/\/serbiantimes.info\/en\/wp-content\/uploads\/sites\/2\/2026\/04\/Jelena-Sarac-vaterpolo-USC-1024x576.jpg 1024w, https:\/\/serbiantimes.info\/en\/wp-content\/uploads\/sites\/2\/2026\/04\/Jelena-Sarac-vaterpolo-USC-300x169.jpg 300w, https:\/\/serbiantimes.info\/en\/wp-content\/uploads\/sites\/2\/2026\/04\/Jelena-Sarac-vaterpolo-USC-768x432.jpg 768w, https:\/\/serbiantimes.info\/en\/wp-content\/uploads\/sites\/2\/2026\/04\/Jelena-Sarac-vaterpolo-USC-1536x864.jpg 1536w, https:\/\/serbiantimes.info\/en\/wp-content\/uploads\/sites\/2\/2026\/04\/Jelena-Sarac-vaterpolo-USC-1568x882.jpg 1568w, https:\/\/serbiantimes.info\/en\/wp-content\/uploads\/sites\/2\/2026\/04\/Jelena-Sarac-vaterpolo-USC-1200x675.jpg 1200w, https:\/\/serbiantimes.info\/en\/wp-content\/uploads\/sites\/2\/2026\/04\/Jelena-Sarac-vaterpolo-USC.jpg 1956w\" sizes=\"auto, (max-width: 1024px) 100vw, 1024px\" \/><\/figure>\n\n\n\n<p><em>LOUDEST: Jelena \u0160arac with the team after winning the NCAA title<\/em><\/p>\n\n\n\n<p>In the final, after a great struggle, they defeated the California team (California Golden Bears) with a score of 10:9.<\/p>\n\n\n\n<p>During the championship 2025\/26 season, Jelena, who is also a senior national team player for Serbia, was a major pillar of the team as a &#8220;redshirt&#8221; junior.<\/p>\n\n\n\n<figure class=\"wp-block-image size-large\"><img loading=\"lazy\" decoding=\"async\" width=\"1024\" height=\"576\" src=\"http:\/\/serbiantimes.info\/wp-content\/uploads\/sites\/2\/2026\/04\/Jelena-Sarac-3-1024x576.jpg\" alt=\"\" class=\"wp-image-208689\" srcset=\"https:\/\/serbiantimes.info\/en\/wp-content\/uploads\/sites\/2\/2026\/04\/Jelena-Sarac-3-1024x576.jpg 1024w, https:\/\/serbiantimes.info\/en\/wp-content\/uploads\/sites\/2\/2026\/04\/Jelena-Sarac-3-300x169.jpg 300w, https:\/\/serbiantimes.info\/en\/wp-content\/uploads\/sites\/2\/2026\/04\/Jelena-Sarac-3-768x432.jpg 768w, https:\/\/serbiantimes.info\/en\/wp-content\/uploads\/sites\/2\/2026\/04\/Jelena-Sarac-3-1536x864.jpg 1536w, https:\/\/serbiantimes.info\/en\/wp-content\/uploads\/sites\/2\/2026\/04\/Jelena-Sarac-3-1568x882.jpg 1568w, https:\/\/serbiantimes.info\/en\/wp-content\/uploads\/sites\/2\/2026\/04\/Jelena-Sarac-3-1200x675.jpg 1200w, https:\/\/serbiantimes.info\/en\/wp-content\/uploads\/sites\/2\/2026\/04\/Jelena-Sarac-3.jpg 2000w\" sizes=\"auto, (max-width: 1024px) 100vw, 1024px\" \/><\/figure>\n\n\n\n<p>During the regular season, she scored a total of 3 goals, but she played a major role in defense, where she guarded the best opposing players.<\/p>\n\n\n\n<p>This was the eighth national title for the USC women&#8217;s water polo program.<\/p>\n\n\n\n<figure class=\"wp-block-image size-large\"><img loading=\"lazy\" decoding=\"async\" width=\"1024\" height=\"576\" src=\"http:\/\/serbiantimes.info\/wp-content\/uploads\/sites\/2\/2026\/04\/Jelena-Sarac-4-1024x576.jpg\" alt=\"\" class=\"wp-image-208690\" srcset=\"https:\/\/serbiantimes.info\/en\/wp-content\/uploads\/sites\/2\/2026\/04\/Jelena-Sarac-4-1024x576.jpg 1024w, https:\/\/serbiantimes.info\/en\/wp-content\/uploads\/sites\/2\/2026\/04\/Jelena-Sarac-4-300x169.jpg 300w, https:\/\/serbiantimes.info\/en\/wp-content\/uploads\/sites\/2\/2026\/04\/Jelena-Sarac-4-768x432.jpg 768w, https:\/\/serbiantimes.info\/en\/wp-content\/uploads\/sites\/2\/2026\/04\/Jelena-Sarac-4-1536x864.jpg 1536w, https:\/\/serbiantimes.info\/en\/wp-content\/uploads\/sites\/2\/2026\/04\/Jelena-Sarac-4-1568x882.jpg 1568w, https:\/\/serbiantimes.info\/en\/wp-content\/uploads\/sites\/2\/2026\/04\/Jelena-Sarac-4-1200x675.jpg 1200w, https:\/\/serbiantimes.info\/en\/wp-content\/uploads\/sites\/2\/2026\/04\/Jelena-Sarac-4.jpg 1920w\" sizes=\"auto, (max-width: 1024px) 100vw, 1024px\" \/><\/figure>\n\n\n\n<p>Jelena \u0160arac is originally from Novi Sad, where she graduated from the Jovan Jovanovi\u0107 Zmaj Gymnasium.<\/p>\n\n\n\n<p>Like basketball player An\u0111ela Dugali\u0107, she is a member of the Serbian-American Student-Athletes Association (SASAA), which was founded last year in Chicago and aims to empower and connect student-athletes of Serbian origin who compete at American colleges or plan to go there.<\/p>\n\n\n\n<figure class=\"ivapix-gallery wp-block-ivapix-gallery-ivapix-gallery\" data-gallery-id=\"gallery-42846397\" data-columns=\"3\">\n\t<div class=\"ivapix-gallery__grid\" style=\"--ivapix-gallery-columns: 3\">\n\t\t\t\t\t<button\n\t\t\t\ttype=\"button\"\n\t\t\t\tclass=\"ivapix-gallery__item\"\n\t\t\t\tdata-image-index=\"0\"\n\t\t\t\taria-label=\"View image 1 of 6\"\n\t\t\t>\n\t\t\t\t<img\n\t\t\t\t\tsrc=\"http:\/\/serbiantimes.info\/wp-content\/uploads\/2026\/04\/Jelena-Sarac2-1-300x169.jpg\"\n\t\t\t\t\talt=\"\"\n\t\t\t\t\tloading=\"lazy\"\n\t\t\t\t\/>\n\t\t\t<\/button>\n\t\t\t\t\t<button\n\t\t\t\ttype=\"button\"\n\t\t\t\tclass=\"ivapix-gallery__item\"\n\t\t\t\tdata-image-index=\"1\"\n\t\t\t\taria-label=\"View image 2 of 6\"\n\t\t\t>\n\t\t\t\t<img\n\t\t\t\t\tsrc=\"http:\/\/serbiantimes.info\/wp-content\/uploads\/2026\/04\/Jelena-Sarac-4-300x169.jpg\"\n\t\t\t\t\talt=\"\"\n\t\t\t\t\tloading=\"lazy\"\n\t\t\t\t\/>\n\t\t\t<\/button>\n\t\t\t\t\t<button\n\t\t\t\ttype=\"button\"\n\t\t\t\tclass=\"ivapix-gallery__item\"\n\t\t\t\tdata-image-index=\"2\"\n\t\t\t\taria-label=\"View image 3 of 6\"\n\t\t\t>\n\t\t\t\t<img\n\t\t\t\t\tsrc=\"http:\/\/serbiantimes.info\/wp-content\/uploads\/2026\/04\/Jelena-SARAc-224x300.jpg\"\n\t\t\t\t\talt=\"\"\n\t\t\t\t\tloading=\"lazy\"\n\t\t\t\t\/>\n\t\t\t<\/button>\n\t\t\t\t\t<button\n\t\t\t\ttype=\"button\"\n\t\t\t\tclass=\"ivapix-gallery__item\"\n\t\t\t\tdata-image-index=\"3\"\n\t\t\t\taria-label=\"View image 4 of 6\"\n\t\t\t>\n\t\t\t\t<img\n\t\t\t\t\tsrc=\"http:\/\/serbiantimes.info\/wp-content\/uploads\/2026\/04\/Jelena-Sarac1-265x300.jpg\"\n\t\t\t\t\talt=\"\"\n\t\t\t\t\tloading=\"lazy\"\n\t\t\t\t\/>\n\t\t\t<\/button>\n\t\t\t\t\t<button\n\t\t\t\ttype=\"button\"\n\t\t\t\tclass=\"ivapix-gallery__item\"\n\t\t\t\tdata-image-index=\"4\"\n\t\t\t\taria-label=\"View image 5 of 6\"\n\t\t\t>\n\t\t\t\t<img\n\t\t\t\t\tsrc=\"http:\/\/serbiantimes.info\/wp-content\/uploads\/2026\/04\/Jelena-Sarac-3-300x169.jpg\"\n\t\t\t\t\talt=\"\"\n\t\t\t\t\tloading=\"lazy\"\n\t\t\t\t\/>\n\t\t\t<\/button>\n\t\t\t\t\t<button\n\t\t\t\ttype=\"button\"\n\t\t\t\tclass=\"ivapix-gallery__item\"\n\t\t\t\tdata-image-index=\"5\"\n\t\t\t\taria-label=\"View image 6 of 6\"\n\t\t\t>\n\t\t\t\t<img\n\t\t\t\t\tsrc=\"http:\/\/serbiantimes.info\/wp-content\/uploads\/2026\/04\/Jelena-Sarac-vaterpolo-USC-300x169.jpg\"\n\t\t\t\t\talt=\"\"\n\t\t\t\t\tloading=\"lazy\"\n\t\t\t\t\/>\n\t\t\t<\/button>\n\t\t\t<\/div>\n\n\t\t\t<button type=\"button\" class=\"ivapix-gallery__view-all\">\n\t\t\tPogledaj sve\t\t<\/button>\n\t\n\t<script type=\"application\/json\" class=\"ivapix-gallery__data\">\n\t\t[{\"url\":\"http:\\\/\\\/serbiantimes.info\\\/wp-content\\\/uploads\\\/2026\\\/04\\\/Jelena-Sarac2-1.jpg\",\"thumbnailUrl\":\"http:\\\/\\\/serbiantimes.info\\\/wp-content\\\/uploads\\\/2026\\\/04\\\/Jelena-Sarac2-1-300x169.jpg\",\"alt\":\"\",\"caption\":\"\"},{\"url\":\"http:\\\/\\\/serbiantimes.info\\\/wp-content\\\/uploads\\\/2026\\\/04\\\/Jelena-Sarac-4.jpg\",\"thumbnailUrl\":\"http:\\\/\\\/serbiantimes.info\\\/wp-content\\\/uploads\\\/2026\\\/04\\\/Jelena-Sarac-4-300x169.jpg\",\"alt\":\"\",\"caption\":\"\"},{\"url\":\"http:\\\/\\\/serbiantimes.info\\\/wp-content\\\/uploads\\\/2026\\\/04\\\/Jelena-SARAc.jpg\",\"thumbnailUrl\":\"http:\\\/\\\/serbiantimes.info\\\/wp-content\\\/uploads\\\/2026\\\/04\\\/Jelena-SARAc-224x300.jpg\",\"alt\":\"\",\"caption\":\"\"},{\"url\":\"http:\\\/\\\/serbiantimes.info\\\/wp-content\\\/uploads\\\/2026\\\/04\\\/Jelena-Sarac1.jpg\",\"thumbnailUrl\":\"http:\\\/\\\/serbiantimes.info\\\/wp-content\\\/uploads\\\/2026\\\/04\\\/Jelena-Sarac1-265x300.jpg\",\"alt\":\"\",\"caption\":\"\"},{\"url\":\"http:\\\/\\\/serbiantimes.info\\\/wp-content\\\/uploads\\\/2026\\\/04\\\/Jelena-Sarac-3.jpg\",\"thumbnailUrl\":\"http:\\\/\\\/serbiantimes.info\\\/wp-content\\\/uploads\\\/2026\\\/04\\\/Jelena-Sarac-3-300x169.jpg\",\"alt\":\"\",\"caption\":\"\"},{\"url\":\"http:\\\/\\\/serbiantimes.info\\\/wp-content\\\/uploads\\\/2026\\\/04\\\/Jelena-Sarac-vaterpolo-USC.jpg\",\"thumbnailUrl\":\"http:\\\/\\\/serbiantimes.info\\\/wp-content\\\/uploads\\\/2026\\\/04\\\/Jelena-Sarac-vaterpolo-USC-300x169.jpg\",\"alt\":\"\",\"caption\":\"\"}]\t<\/script>\n<\/figure>\n\n\n\n<p><strong>Author: <\/strong>Antonije Kova\u010devi\u0107 <strong>Photo:<\/strong> Privatna arhiva, John McGillen, Nicole Hourigan<\/p>\n\n\n\n<h4 class=\"wp-block-heading\"><mark style=\"background-color:#FFFFFF;color:#d21414\" class=\"has-inline-color\">MORE TOPICS:<\/mark><\/h4>\n\n\n\n<p><strong><a href=\"https:\/\/serbiantimes.info\/en\/he-was-a-serb-for-only-five-days-the-government-of-serbia-revoked-the-citizenship-of-ramzan-kadyrovs-nephew-he-became-a-security-threat\/\" target=\"_blank\" rel=\"noopener\" title=\"\">HE WAS A \u201cSERB\u201d FOR ONLY FIVE DAYS: The Government of Serbia revoked the citizenship of Ramzan Kadyrov\u2019s nephew, he became a \u201csecurity threat\u201d!<\/a><\/strong><\/p>\n\n\n\n<p><strong><a href=\"https:\/\/serbiantimes.info\/en\/we-returned-to-live-the-serbian-not-the-american-dream-the-milosevic-family-left-hawaii-and-chose-a-serbian-village-for-raising-their-three-sons-video\/\" target=\"_blank\" rel=\"noopener\" title=\"\">\u201cWE RETURNED TO LIVE THE SERBIAN, NOT THE AMERICAN DREAM\u201d: The Milo\u0161evi\u0107 family left Hawaii and chose a Serbian village for raising their three sons! (VIDEO)<\/a><\/strong><\/p>\n\n\n\n<p><strong><a href=\"https:\/\/serbiantimes.info\/en\/these-are-the-three-young-people-who-died-in-a-terrible-accident-lenka-dejan-and-vuk-set-off-for-slovenia-perished-because-of-a-reckless-driver-who-was-speeding-in-the-opposite-direction\/\" target=\"_blank\" rel=\"noopener\" title=\"\">THESE ARE THE THREE YOUNG PEOPLE WHO DIED IN A TERRIBLE ACCIDENT: Lenka, Dejan, and Vuk set off for Slovenia, perished because of a reckless driver who was speeding in the opposite direction!<\/a><\/strong><\/p>\n\n\n\n<p><strong><a href=\"https:\/\/serbiantimes.info\/en\/sensational-discovery-near-mostar-a-rare-species-of-orchid-found-for-the-first-time-in-bosnia-and-herzegovina\/\" target=\"_blank\" rel=\"noopener\" title=\"\">SENSATIONAL DISCOVERY NEAR MOSTAR: A rare species of orchid found for the first time in Bosnia and Herzegovina!<\/a><\/strong><\/p>\n\n\n\n<p><strong><a href=\"https:\/\/serbiantimes.info\/en\/no-one-like-jokic-serbian-ace-reached-his-221st-triple-double-one-step-away-from-breaking-a-new-record-photo\/\" target=\"_blank\" rel=\"noopener\" title=\"\">NO ONE LIKE JOKI\u0106: Serbian ace reached his 221st triple-double, one step away from breaking a new record! (PHOTO)<\/a><\/strong><\/p>\n\n\n\n<p><strong><a href=\"https:\/\/serbiantimes.info\/denver-spasio-prvu-mec-loptu-jokic-vratio-ekipu-iz-mrtvih-i-novim-tripl-dablom-produzio-nadu-za-preokret-23\/\" title=\"\"><br><\/a><\/strong><br><\/p>\n","protected":false},"excerpt":{"rendered":"<p>Another Serbian student-athlete has been crowned with a national title in America! Following basketball national team player An\u0111ela Dugali\u0107, Serbian water polo player Jelena \u0160arac has also won the NCAA title with her team, USC (University of Southern California). At the Final Four tournament held in La Jolla, California, Jelena&#8217;s USC defeated the Hawaii team [&hellip;]<\/p>\n","protected":false},"author":8,"featured_media":208693,"comment_status":"open","ping_status":"open","sticky":false,"template":"","format":"standard","meta":{"newspack_featured_image_position":"","newspack_post_subtitle":"","newspack_article_summary_title":"Overview:","newspack_article_summary":"","newspack_hide_updated_date":false,"newspack_show_updated_date":false,"footnotes":""},"categories":[10],"tags":[12470,6019,2449,12471,2916],"class_list":["post-208687","post","type-post","status-publish","format-standard","has-post-thumbnail","hentry","category-sport","tag-jelena-sarac","tag-ncaa","tag-reprezentacija-srbije","tag-srpkinja-sampionka-amerike","tag-vaterpolo","entry"],"aioseo_notices":[],"distributor_meta":false,"distributor_terms":false,"distributor_media":false,"distributor_original_site_name":"Serbiantimes.info EN","distributor_original_site_url":"https:\/\/serbiantimes.info\/en","push-errors":false,"_links":{"self":[{"href":"https:\/\/serbiantimes.info\/en\/wp-json\/wp\/v2\/posts\/208687","targetHints":{"allow":["GET"]}}],"collection":[{"href":"https:\/\/serbiantimes.info\/en\/wp-json\/wp\/v2\/posts"}],"about":[{"href":"https:\/\/serbiantimes.info\/en\/wp-json\/wp\/v2\/types\/post"}],"author":[{"embeddable":true,"href":"https:\/\/serbiantimes.info\/en\/wp-json\/wp\/v2\/users\/8"}],"replies":[{"embeddable":true,"href":"https:\/\/serbiantimes.info\/en\/wp-json\/wp\/v2\/comments?post=208687"}],"version-history":[{"count":5,"href":"https:\/\/serbiantimes.info\/en\/wp-json\/wp\/v2\/posts\/208687\/revisions"}],"predecessor-version":[{"id":208798,"href":"https:\/\/serbiantimes.info\/en\/wp-json\/wp\/v2\/posts\/208687\/revisions\/208798"}],"wp:featuredmedia":[{"embeddable":true,"href":"https:\/\/serbiantimes.info\/en\/wp-json\/wp\/v2\/media\/208693"}],"wp:attachment":[{"href":"https:\/\/serbiantimes.info\/en\/wp-json\/wp\/v2\/media?parent=208687"}],"wp:term":[{"taxonomy":"category","embeddable":true,"href":"https:\/\/serbiantimes.info\/en\/wp-json\/wp\/v2\/categories?post=208687"},{"taxonomy":"post_tag","embeddable":true,"href":"https:\/\/serbiantimes.info\/en\/wp-json\/wp\/v2\/tags?post=208687"}],"curies":[{"name":"wp","href":"https:\/\/api.w.org\/{rel}","templated":true}]}}