{"id":208175,"date":"2026-04-21T14:44:40","date_gmt":"2026-04-21T12:44:40","guid":{"rendered":"https:\/\/serbiantimes.info\/en\/?p=208175"},"modified":"2026-04-21T14:46:50","modified_gmt":"2026-04-21T12:46:50","slug":"minister-of-justice-visited-ratko-mladic-in-the-hague-he-was-brought-to-the-meeting-in-bed-he-can-barely-speak","status":"publish","type":"post","link":"https:\/\/serbiantimes.info\/en\/minister-of-justice-visited-ratko-mladic-in-the-hague-he-was-brought-to-the-meeting-in-bed-he-can-barely-speak\/","title":{"rendered":"MINISTER OF JUSTICE VISITED RATKO MLADI\u0106 IN THE HAGUE: &#8220;He was brought to the meeting in bed, he can barely speak!&#8221;"},"content":{"rendered":"\n<p><strong><em>The Minister of Justice of the Republic of Serbia, Nenad Vuji\u0107, visited General Ratko Mladi\u0107 and Mi\u0107o Stani\u0161i\u0107 in the prison in The Hague, after which he met with the President of the International Residual Mechanism for Criminal Tribunals, Graciela Gatti Santana, from whom he requested the urgent release of Mladi\u0107 for treatment in Serbia due to his severe health condition.<\/em><\/strong><\/p>\n\n\n\n<p>Nenad Vuji\u0107 told Tanjug that Ratko Mladi\u0107 is in a very difficult health condition and is poorly communicative.<\/p>\n\n\n\n<p>&#8220;He said to greet the Serbs and the Serbian people and to thank them for the concern that the Republic of Serbia is showing towards him, but later he lost his strength and communicated with great difficulty, answering with &#8216;yes&#8217; and &#8216;no&#8217;,&#8221; stated the Minister of Justice, noting that General Mladi\u0107 is in the prison hospital, and that he was not even brought to the meeting with him in a wheelchair but in a bed.<\/p>\n\n\n\n<p>The Minister conveyed that he presented the requests of General Mladi\u0107&#8217;s family and the Republic of Serbia to the President of the Mechanism, along with the guarantees of our state to release him for humanitarian reasons for treatment in Serbia, because, as he emphasized, this is not a question of politics but of life and because it is necessary to enable him adequate treatment in a serious health institution.<\/p>\n\n\n\n<p>He expressed readiness that, in addition to the serious guarantees given, if the Mechanism deems it necessary, Serbia will provide additional guarantees, because, as he pointed out, the priority is the question of General Mladi\u0107&#8217;s life.<\/p>\n\n\n\n<h3 class=\"wp-block-heading\">Vuji\u0107 invoked the &#8220;Mandela Rules&#8221;<\/h3>\n\n\n\n<p>&#8220;I repeated to the President of the Mechanism that the further detention of General Mladi\u0107 represents a violation of international law and international standards established by the &#8216;Mandela Rules&#8217;, where one of the basic rules is that punishment must not be revenge, and that here we can talk about a kind of revenge,&#8221; Vuji\u0107 assessed.<\/p>\n\n\n\n<p>As he stated, according to those rules, every convict has the right to specialist care, and that is the international standard that is required.<\/p>\n\n\n\n<p>He repeated that they requested from the United Nations Mechanism to respect the rules that apply throughout the world and which the UN adopted.<\/p>\n\n\n\n<p>Darko Mladi\u0107, the son of Ratko Mladi\u0107, stated on Thursday that his father&#8217;s condition is worsening day by day, adding that a team of doctors is ready and that a request has been sent to The Hague to determine as soon as possible a date when they could examine him.<\/p>\n\n\n\n<p>Mladi\u0107, according to his son, suffered a minor stroke on April 10, but his condition has worsened.<\/p>\n\n\n\n<h4 class=\"wp-block-heading\"><mark style=\"background-color:#FFFFFF;color:#d21414\" class=\"has-inline-color\">MORE TOPICS:<\/mark><\/h4>\n\n\n\n<p><strong><a href=\"https:\/\/serbiantimes.info\/en\/teenager-arrested-for-crime-in-hrtkovci-killed-a-man-48-with-an-axe-poured-gasoline-on-the-body-and-set-it-on-fire\/\" target=\"_blank\" rel=\"noopener\" title=\"\">TEENAGER ARRESTED FOR CRIME IN HRTKOVCI: Killed a man (48) with an axe, poured gasoline on the body and set it on fire!<\/a><\/strong><\/p>\n\n\n\n<p><strong><a href=\"https:\/\/serbiantimes.info\/en\/strahinja-suffers-from-cerebral-palsy-and-paraplegia-lets-help-him-recover-and-live-like-his-peers\/\" target=\"_blank\" rel=\"noopener\" title=\"\">STRAHINJA SUFFERS FROM CEREBRAL PALSY AND PARAPLEGIA: Let\u2019s help him recover and live like his peers!<\/a><\/strong><\/p>\n\n\n\n<p><strong><a href=\"https:\/\/serbiantimes.info\/en\/found-peace-in-orthodoxy-a-young-american-woman-chose-our-faith-after-spiritual-wandering-here-is-why-video\/\" target=\"_blank\" rel=\"noopener\" title=\"\">FOUND PEACE IN ORTHODOXY: A young American woman chose our faith after spiritual wandering, here is why! (VIDEO)<\/a><\/strong><\/p>\n\n\n\n<p><strong><a href=\"https:\/\/serbiantimes.info\/en\/krah-denvera-posle-vozstva-od-19-jokic-odigrao-najlosije-kada-je-bilo-najvaznije-minesota-to-surovo-kaznila-video\/\" target=\"_blank\" rel=\"noopener\" title=\"\">CRASH OF DENVER AFTER A LEAD OF +19! Joki\u0107 played the worst when it was most important, Minnesota punished it cruelly (VIDEO)<\/a><\/strong><\/p>\n\n\n\n<p><strong><a href=\"https:\/\/serbiantimes.info\/en\/minister-of-justice-serbia-is-ready-to-offer-additional-guarantees-for-the-release-of-ratko-mladic-for-treatment\/\" target=\"_blank\" rel=\"noopener\" title=\"\">MINISTER OF JUSTICE: Serbia is ready to offer additional guarantees for the release of Ratko Mladi\u0107 for treatment!<\/a><\/strong><\/p>\n\n\n\n<p><strong><a href=\"https:\/\/serbiantimes.info\/en\/i-admire-dokovic-he-has-surpassed-roger-and-rafa-nole-presented-an-award-to-toni-kroos-then-received-recognition-that-he-is-the-greatest-ever-video\/\" target=\"_blank\" rel=\"noopener\" title=\"\">\u201cI ADMIRE \u0110OKOVI\u0106, HE HAS SURPASSED ROGER AND RAFA\u201d: Nole presented an award to Toni Kroos, then received recognition that he is the greatest ever! (VIDEO)<\/a><\/strong><\/p>\n\n\n\n<p><strong><strong>Source<\/strong>: <\/strong><a href=\"https:\/\/www.rts.rs\/lat\/vesti\/hronika\/5930801\/vujic-posetio-mladica-u-hagu-ponovo-zatrazio-da-ga-puste-na-lecenje.html\" target=\"_blank\" rel=\"noopener\" title=\"\">RTS\u00a0<\/a>, <strong>Photo:<\/strong> AFP \/ Jerry Lampen<\/p>\n","protected":false},"excerpt":{"rendered":"<p>The Minister of Justice of the Republic of Serbia, Nenad Vuji\u0107, visited General Ratko Mladi\u0107 and Mi\u0107o Stani\u0161i\u0107 in the prison in The Hague, after which he met with the President of the International Residual Mechanism for Criminal Tribunals, Graciela Gatti Santana, from whom he requested the urgent release of Mladi\u0107 for treatment in Serbia [&hellip;]<\/p>\n","protected":false},"author":2169,"featured_media":207757,"comment_status":"open","ping_status":"open","sticky":false,"template":"","format":"standard","meta":{"newspack_featured_image_position":"","newspack_post_subtitle":"","newspack_article_summary_title":"Overview:","newspack_article_summary":"","newspack_hide_updated_date":false,"newspack_show_updated_date":false,"footnotes":""},"categories":[4],"tags":[1276,10639,2526,12372,3674,1544,113,7843,733,2298],"class_list":["post-208175","post","type-post","status-publish","format-standard","has-post-thumbnail","hentry","category-breaking","tag-lecenje","tag-ministar-pravde","tag-mozdani-udar","tag-nenad-vujic","tag-ratko-mladic","tag-ratni-zlocin","tag-srbija","tag-sud-u-hagu","tag-zatvor","tag-zdravlje","entry"],"aioseo_notices":[],"distributor_meta":false,"distributor_terms":false,"distributor_media":false,"distributor_original_site_name":"Serbiantimes.info EN","distributor_original_site_url":"https:\/\/serbiantimes.info\/en","push-errors":false,"_links":{"self":[{"href":"https:\/\/serbiantimes.info\/en\/wp-json\/wp\/v2\/posts\/208175","targetHints":{"allow":["GET"]}}],"collection":[{"href":"https:\/\/serbiantimes.info\/en\/wp-json\/wp\/v2\/posts"}],"about":[{"href":"https:\/\/serbiantimes.info\/en\/wp-json\/wp\/v2\/types\/post"}],"author":[{"embeddable":true,"href":"https:\/\/serbiantimes.info\/en\/wp-json\/wp\/v2\/users\/2169"}],"replies":[{"embeddable":true,"href":"https:\/\/serbiantimes.info\/en\/wp-json\/wp\/v2\/comments?post=208175"}],"version-history":[{"count":2,"href":"https:\/\/serbiantimes.info\/en\/wp-json\/wp\/v2\/posts\/208175\/revisions"}],"predecessor-version":[{"id":208213,"href":"https:\/\/serbiantimes.info\/en\/wp-json\/wp\/v2\/posts\/208175\/revisions\/208213"}],"wp:featuredmedia":[{"embeddable":true,"href":"https:\/\/serbiantimes.info\/en\/wp-json\/wp\/v2\/media\/207757"}],"wp:attachment":[{"href":"https:\/\/serbiantimes.info\/en\/wp-json\/wp\/v2\/media?parent=208175"}],"wp:term":[{"taxonomy":"category","embeddable":true,"href":"https:\/\/serbiantimes.info\/en\/wp-json\/wp\/v2\/categories?post=208175"},{"taxonomy":"post_tag","embeddable":true,"href":"https:\/\/serbiantimes.info\/en\/wp-json\/wp\/v2\/tags?post=208175"}],"curies":[{"name":"wp","href":"https:\/\/api.w.org\/{rel}","templated":true}]}}