{"id":206682,"date":"2026-04-06T15:32:19","date_gmt":"2026-04-06T13:32:19","guid":{"rendered":"https:\/\/serbiantimes.info\/en\/?p=206682"},"modified":"2026-04-06T15:34:52","modified_gmt":"2026-04-06T13:34:52","slug":"doncic-out-of-action-for-at-least-a-month-luka-sought-help-from-doctors-in-europe-wants-to-speed-up-recovery","status":"publish","type":"post","link":"https:\/\/serbiantimes.info\/en\/doncic-out-of-action-for-at-least-a-month-luka-sought-help-from-doctors-in-europe-wants-to-speed-up-recovery\/","title":{"rendered":"DONCIC OUT OF ACTION FOR AT LEAST A MONTH: Luka sought help from doctors in Europe, wants to speed up recovery!"},"content":{"rendered":"\n<p class=\"wp-block-paragraph\"><strong><em>The dream season for Luka Doncic and the Los Angeles Lakers has turned into a real race against time.<\/em><\/strong><\/p>\n\n\n\n<p class=\"wp-block-paragraph\">After an MRI confirmed a grade two strain of the left hamstring, the Slovenian ace, in agreement with the &#8220;Lakers&#8221; medical team, made the decision to seek help on the Old Continent.<\/p>\n\n\n\n<p class=\"wp-block-paragraph\">His agent, Bill Duffy, confirmed to the American media that Doncic traveled to Europe to undergo treatments with top specialists, in hopes of shortening the recovery period which usually lasts at least a month.<\/p>\n\n\n\n<p class=\"wp-block-paragraph\">The injury occurred at the worst possible moment, during a convincing defeat against Oklahoma (139:96). Before this setback, Doncic dominated the league, achieving statistics that placed him in the narrowest circle of candidates for the MVP award, which he ultimately cannot receive due to the injury because he does not meet the requirement of a minimum of 65 games.<\/p>\n\n\n\n<p class=\"wp-block-paragraph\">Although the regular season is over for him, the key question for the LA franchise is whether Luka will be ready for April 18, when the first round of the playoffs begins.<\/p>\n\n\n\n<p class=\"wp-block-paragraph\">That misfortune never comes alone was confirmed by Austin Reaves&#8217; diagnosis. The team&#8217;s second-leading scorer also ended the regular season due to a grade two injury of the left abdominal muscle. The forecasts for Reaves are even bleaker, as sources close to the club mention a break of four to six weeks, which could mean that the Lakers will have to play the first round of the playoffs without one of their most reliable players.<\/p>\n\n\n\n<p class=\"wp-block-paragraph\">Although the Lakers (50-28) have already secured the playoffs, the loss to Dallas (134:128) showed how much they lack the creativity of the injured duo. They are currently in third place in the West, but the remaining four games are not in their favor at all.<\/p>\n\n\n\n<p class=\"wp-block-paragraph\">Doncic&#8217;s departure to Europe is not an unusual move for NBA stars in critical moments. Many athletes in such situations rely on specific recovery methods, such as blood plasma treatments or working with famous physiotherapists, in order to cheat nature and return to the court earlier than classical medicine predicts.<\/p>\n\n\n\n<h4 class=\"wp-block-heading\"><mark style=\"background-color:#FFFFFF;color:#d21414\" class=\"has-inline-color\">MORE TOPICS:<\/mark><\/h4>\n\n\n\n<p class=\"wp-block-paragraph\"><strong><a href=\"https:\/\/serbiantimes.info\/en\/feared-the-escape-of-islamic-state-members-22-citizens-of-bih-transferred-to-iraq-from-a-prison-in-syria\/\" target=\"_blank\" rel=\"noopener\" title=\"\">FEARED THE ESCAPE OF ISLAMIC STATE MEMBERS: 22 citizens of BiH transferred to Iraq from a prison in Syria!<\/a><\/strong><\/p>\n\n\n\n<p class=\"wp-block-paragraph\"><strong><a href=\"https:\/\/serbiantimes.info\/en\/no-traces-of-psychoactive-substances-autopsy-results-of-the-female-student-who-died-at-the-faculty-of-philosophy-delivered-to-the-prosecution\/\" target=\"_blank\" rel=\"noopener\" title=\"\">NO TRACES OF PSYCHOACTIVE SUBSTANCES: Autopsy results of the female student who died at the Faculty of Philosophy delivered to the prosecution!<\/a><\/strong><\/p>\n\n\n\n<p class=\"wp-block-paragraph\"><strong><a href=\"https:\/\/serbiantimes.info\/en\/heroic-action-of-firefighters-on-the-great-morava-a-man-fell-out-of-a-boat-and-began-to-drown-they-saved-him-at-the-last-moment-photo\/\" target=\"_blank\" rel=\"noopener\" title=\"\">HEROIC ACTION OF FIREFIGHTERS ON THE GREAT MORAVA: A man fell out of a boat and began to drown, they saved him at the last moment! (PHOTO)<\/a><\/strong><\/p>\n\n\n\n<p class=\"wp-block-paragraph\"><strong><a href=\"https:\/\/serbiantimes.info\/en\/list-of-the-worlds-most-dangerous-roads-published-one-of-serbias-most-famous-roads-is-also-on-the-list\/\" target=\"_blank\" rel=\"noopener\" title=\"\">LIST OF THE WORLD\u2019S MOST DANGEROUS ROADS PUBLISHED: One of Serbia\u2019s most famous roads is also on the list!<\/a><\/strong><\/p>\n\n\n\n<p class=\"wp-block-paragraph\"><strong><a href=\"https:\/\/serbiantimes.info\/en\/this-is-absolutely-insane-donald-trump-under-fire-for-swearing-in-a-post-threatening-iran\/\" target=\"_blank\" rel=\"noopener\" title=\"\">\u201cTHIS IS ABSOLUTELY INSANE\u201d: Donald Trump under fire for swearing in a post threatening Iran!<\/a><\/strong><\/p>\n\n\n\n<p class=\"wp-block-paragraph\"><strong><a href=\"https:\/\/serbiantimes.info\/en\/words-that-do-not-burn-the-truth-about-the-nazi-bombing-of-the-national-library-of-serbia-photo\/\" target=\"_blank\" rel=\"noopener\" title=\"\">WORDS THAT DO NOT BURN: Today marks 85 years since the Nazi bombing of Belgrade and the National Library of Serbia! (PHOTO)<\/a><\/strong><\/p>\n\n\n\n<p class=\"wp-block-paragraph\"><strong><strong>Source<\/strong><\/strong>: <a href=\"https:\/\/nova.rs\/sport\/kosarka\/luka-doncic-dolazi-u-evropu-pokusava-da-resi-veliki-problem\/\" target=\"_blank\" rel=\"noopener\" title=\"\">Nova.rs<\/a>; <strong>Photo<\/strong>: Printscreen X<\/p>\n\n\n\n<p class=\"wp-block-paragraph\"><\/p>\n","protected":false},"excerpt":{"rendered":"<p>The dream season for Luka Doncic and the Los Angeles Lakers has turned into a real race against time. After an MRI confirmed a grade two strain of the left hamstring, the Slovenian ace, in agreement with the &#8220;Lakers&#8221; medical team, made the decision to seek help on the Old Continent. His agent, Bill Duffy, [&hellip;]<\/p>\n","protected":false},"author":2169,"featured_media":100000171465,"comment_status":"open","ping_status":"open","sticky":false,"template":"","format":"standard","meta":{"newspack_featured_image_position":"","newspack_post_subtitle":"","newspack_article_summary_title":"Overview:","newspack_article_summary":"","newspack_hide_updated_date":false,"newspack_show_updated_date":false,"footnotes":""},"categories":[10],"tags":[71,9223,249,11597,4780,186,190,187,188,23,91],"class_list":["post-206682","post","type-post","status-publish","format-standard","has-post-thumbnail","hentry","category-sport","tag-amerika","tag-doncic","tag-kosarka-2","tag-la-lejkers","tag-lejkersi","tag-luka-doncic","tag-nba","tag-nba-liga","tag-povreda","tag-sad","tag-sport","entry"],"aioseo_notices":[],"aioseo_head":"\n\t\t<!-- All in One SEO 5.0.1.1 - aioseo.com -->\n\t<meta name=\"description\" content=\"The dream season for Luka Doncic and the Los Angeles Lakers has turned into a real race against time. After an MRI confirmed a grade two strain of the left hamstring, the Slovenian ace, in agreement with the &quot;Lakers&quot; medical team, made the decision to seek help on the Old Continent. His agent, Bill Duffy,\" \/>\n\t<meta name=\"robots\" content=\"max-image-preview:large\" \/>\n\t<meta name=\"author\" content=\"Serbian Times\"\/>\n\t<link rel=\"canonical\" href=\"https:\/\/serbiantimes.info\/en\/doncic-out-of-action-for-at-least-a-month-luka-sought-help-from-doctors-in-europe-wants-to-speed-up-recovery\/\" \/>\n\t<meta name=\"generator\" content=\"All in One SEO (AIOSEO) 5.0.1.1\" \/>\n\t\t<meta property=\"og:locale\" content=\"en_US\" \/>\n\t\t<meta property=\"og:site_name\" content=\"Serbiantimes.info EN |\" \/>\n\t\t<meta property=\"og:type\" content=\"article\" \/>\n\t\t<meta property=\"og:title\" content=\"DONCIC OUT OF ACTION FOR AT LEAST A MONTH: Luka sought help from doctors in Europe, wants to speed up recovery! | Serbiantimes.info EN\" \/>\n\t\t<meta property=\"og:description\" content=\"The dream season for Luka Doncic and the Los Angeles Lakers has turned into a real race against time. After an MRI confirmed a grade two strain of the left hamstring, the Slovenian ace, in agreement with the &quot;Lakers&quot; medical team, made the decision to seek help on the Old Continent. His agent, Bill Duffy,\" \/>\n\t\t<meta property=\"og:url\" content=\"https:\/\/serbiantimes.info\/en\/doncic-out-of-action-for-at-least-a-month-luka-sought-help-from-doctors-in-europe-wants-to-speed-up-recovery\/\" \/>\n\t\t<meta property=\"og:image\" content=\"https:\/\/serbiantimes.info\/en\/wp-content\/uploads\/2025\/02\/image-1200x750-5-5.png\" \/>\n\t\t<meta property=\"og:image:secure_url\" content=\"https:\/\/serbiantimes.info\/en\/wp-content\/uploads\/2025\/02\/image-1200x750-5-5.png\" \/>\n\t\t<meta property=\"og:image:width\" content=\"1200\" \/>\n\t\t<meta property=\"og:image:height\" content=\"750\" \/>\n\t\t<meta property=\"article:published_time\" content=\"2026-04-06T13:32:19+00:00\" \/>\n\t\t<meta property=\"article:modified_time\" content=\"2026-04-06T13:34:52+00:00\" \/>\n\t\t<meta name=\"twitter:card\" content=\"summary_large_image\" \/>\n\t\t<meta name=\"twitter:title\" content=\"DONCIC OUT OF ACTION FOR AT LEAST A MONTH: Luka sought help from doctors in Europe, wants to speed up recovery! | Serbiantimes.info EN\" \/>\n\t\t<meta name=\"twitter:description\" content=\"The dream season for Luka Doncic and the Los Angeles Lakers has turned into a real race against time. After an MRI confirmed a grade two strain of the left hamstring, the Slovenian ace, in agreement with the &quot;Lakers&quot; medical team, made the decision to seek help on the Old Continent. His agent, Bill Duffy,\" \/>\n\t\t<meta name=\"twitter:image\" content=\"https:\/\/serbiantimes.info\/en\/wp-content\/uploads\/2025\/02\/image-1200x750-5-5.png\" \/>\n\t\t<script type=\"application\/ld+json\" class=\"aioseo-schema\">\n\t\t\t{\"@context\":\"https:\\\/\\\/schema.org\",\"@graph\":[{\"@type\":\"BlogPosting\",\"@id\":\"https:\\\/\\\/serbiantimes.info\\\/en\\\/doncic-out-of-action-for-at-least-a-month-luka-sought-help-from-doctors-in-europe-wants-to-speed-up-recovery\\\/#blogposting\",\"name\":\"DONCIC OUT OF ACTION FOR AT LEAST A MONTH: Luka sought help from doctors in Europe, wants to speed up recovery! | Serbiantimes.info EN\",\"headline\":\"DONCIC OUT OF ACTION FOR AT LEAST A MONTH: Luka sought help from doctors in Europe, wants to speed up recovery!\",\"author\":{\"@id\":\"https:\\\/\\\/serbiantimes.info\\\/en\\\/author\\\/serbiantimes-portal\\\/#author\"},\"publisher\":{\"@id\":\"https:\\\/\\\/serbiantimes.info\\\/en\\\/#organization\"},\"image\":{\"@type\":\"ImageObject\",\"url\":\"https:\\\/\\\/serbiantimes.info\\\/en\\\/wp-content\\\/uploads\\\/2025\\\/02\\\/image-1200x750-5-5.png\"},\"datePublished\":\"2026-04-06T15:32:19+02:00\",\"dateModified\":\"2026-04-06T15:34:52+02:00\",\"inLanguage\":\"en-US\",\"mainEntityOfPage\":{\"@id\":\"https:\\\/\\\/serbiantimes.info\\\/en\\\/doncic-out-of-action-for-at-least-a-month-luka-sought-help-from-doctors-in-europe-wants-to-speed-up-recovery\\\/#webpage\"},\"isPartOf\":{\"@id\":\"https:\\\/\\\/serbiantimes.info\\\/en\\\/doncic-out-of-action-for-at-least-a-month-luka-sought-help-from-doctors-in-europe-wants-to-speed-up-recovery\\\/#webpage\"},\"articleSection\":\"SPORT, Amerika, Don\\u010di\\u0107, Ko\\u0161arka, LA Lejkers, Lejkersi, Luka Don\\u010di\\u0107, NBA, NBA liga, povreda, SAD, sport\"},{\"@type\":\"BreadcrumbList\",\"@id\":\"https:\\\/\\\/serbiantimes.info\\\/en\\\/doncic-out-of-action-for-at-least-a-month-luka-sought-help-from-doctors-in-europe-wants-to-speed-up-recovery\\\/#breadcrumblist\",\"itemListElement\":[{\"@type\":\"ListItem\",\"@id\":\"https:\\\/\\\/serbiantimes.info\\\/en#listItem\",\"position\":1,\"name\":\"Home\",\"item\":\"https:\\\/\\\/serbiantimes.info\\\/en\",\"nextItem\":{\"@type\":\"ListItem\",\"@id\":\"https:\\\/\\\/serbiantimes.info\\\/en\\\/category\\\/sport\\\/#listItem\",\"name\":\"SPORT\"}},{\"@type\":\"ListItem\",\"@id\":\"https:\\\/\\\/serbiantimes.info\\\/en\\\/category\\\/sport\\\/#listItem\",\"position\":2,\"name\":\"SPORT\",\"item\":\"https:\\\/\\\/serbiantimes.info\\\/en\\\/category\\\/sport\\\/\",\"nextItem\":{\"@type\":\"ListItem\",\"@id\":\"https:\\\/\\\/serbiantimes.info\\\/en\\\/doncic-out-of-action-for-at-least-a-month-luka-sought-help-from-doctors-in-europe-wants-to-speed-up-recovery\\\/#listItem\",\"name\":\"DONCIC OUT OF ACTION FOR AT LEAST A MONTH: Luka sought help from doctors in Europe, wants to speed up recovery!\"},\"previousItem\":{\"@type\":\"ListItem\",\"@id\":\"https:\\\/\\\/serbiantimes.info\\\/en#listItem\",\"name\":\"Home\"}},{\"@type\":\"ListItem\",\"@id\":\"https:\\\/\\\/serbiantimes.info\\\/en\\\/doncic-out-of-action-for-at-least-a-month-luka-sought-help-from-doctors-in-europe-wants-to-speed-up-recovery\\\/#listItem\",\"position\":3,\"name\":\"DONCIC OUT OF ACTION FOR AT LEAST A MONTH: Luka sought help from doctors in Europe, wants to speed up recovery!\",\"previousItem\":{\"@type\":\"ListItem\",\"@id\":\"https:\\\/\\\/serbiantimes.info\\\/en\\\/category\\\/sport\\\/#listItem\",\"name\":\"SPORT\"}}]},{\"@type\":\"Organization\",\"@id\":\"https:\\\/\\\/serbiantimes.info\\\/en\\\/#organization\",\"name\":\"Serbiantimes.info EN\",\"url\":\"https:\\\/\\\/serbiantimes.info\\\/en\\\/\",\"logo\":{\"@type\":\"ImageObject\",\"url\":\"https:\\\/\\\/serbiantimes.info\\\/en\\\/wp-content\\\/uploads\\\/sites\\\/2\\\/2024\\\/10\\\/cropped-cropped-Serbian-Times-Header-Logo-1.png\",\"@id\":\"https:\\\/\\\/serbiantimes.info\\\/en\\\/doncic-out-of-action-for-at-least-a-month-luka-sought-help-from-doctors-in-europe-wants-to-speed-up-recovery\\\/#organizationLogo\",\"width\":480,\"height\":100},\"image\":{\"@id\":\"https:\\\/\\\/serbiantimes.info\\\/en\\\/doncic-out-of-action-for-at-least-a-month-luka-sought-help-from-doctors-in-europe-wants-to-speed-up-recovery\\\/#organizationLogo\"}},{\"@type\":\"Person\",\"@id\":\"https:\\\/\\\/serbiantimes.info\\\/en\\\/author\\\/serbiantimes-portal\\\/#author\",\"url\":\"https:\\\/\\\/serbiantimes.info\\\/en\\\/author\\\/serbiantimes-portal\\\/\",\"name\":\"Serbian Times\",\"image\":{\"@type\":\"ImageObject\",\"@id\":\"https:\\\/\\\/serbiantimes.info\\\/en\\\/doncic-out-of-action-for-at-least-a-month-luka-sought-help-from-doctors-in-europe-wants-to-speed-up-recovery\\\/#authorImage\",\"url\":\"https:\\\/\\\/secure.gravatar.com\\\/avatar\\\/ea76e009769270b4193e2bc7e032c096b4ae135483ec03b396fd0f520bc3dcfd?s=96&d=mm&r=g\",\"width\":96,\"height\":96,\"caption\":\"Serbian Times\"}},{\"@type\":\"WebPage\",\"@id\":\"https:\\\/\\\/serbiantimes.info\\\/en\\\/doncic-out-of-action-for-at-least-a-month-luka-sought-help-from-doctors-in-europe-wants-to-speed-up-recovery\\\/#webpage\",\"url\":\"https:\\\/\\\/serbiantimes.info\\\/en\\\/doncic-out-of-action-for-at-least-a-month-luka-sought-help-from-doctors-in-europe-wants-to-speed-up-recovery\\\/\",\"name\":\"DONCIC OUT OF ACTION FOR AT LEAST A MONTH: Luka sought help from doctors in Europe, wants to speed up recovery! | Serbiantimes.info EN\",\"description\":\"The dream season for Luka Doncic and the Los Angeles Lakers has turned into a real race against time. After an MRI confirmed a grade two strain of the left hamstring, the Slovenian ace, in agreement with the \\\"Lakers\\\" medical team, made the decision to seek help on the Old Continent. His agent, Bill Duffy,\",\"inLanguage\":\"en-US\",\"isPartOf\":{\"@id\":\"https:\\\/\\\/serbiantimes.info\\\/en\\\/#website\"},\"breadcrumb\":{\"@id\":\"https:\\\/\\\/serbiantimes.info\\\/en\\\/doncic-out-of-action-for-at-least-a-month-luka-sought-help-from-doctors-in-europe-wants-to-speed-up-recovery\\\/#breadcrumblist\"},\"author\":{\"@id\":\"https:\\\/\\\/serbiantimes.info\\\/en\\\/author\\\/serbiantimes-portal\\\/#author\"},\"creator\":{\"@id\":\"https:\\\/\\\/serbiantimes.info\\\/en\\\/author\\\/serbiantimes-portal\\\/#author\"},\"image\":{\"@type\":\"ImageObject\",\"url\":\"https:\\\/\\\/serbiantimes.info\\\/en\\\/wp-content\\\/uploads\\\/2025\\\/02\\\/image-1200x750-5-5.png\",\"@id\":\"https:\\\/\\\/serbiantimes.info\\\/en\\\/doncic-out-of-action-for-at-least-a-month-luka-sought-help-from-doctors-in-europe-wants-to-speed-up-recovery\\\/#mainImage\"},\"primaryImageOfPage\":{\"@id\":\"https:\\\/\\\/serbiantimes.info\\\/en\\\/doncic-out-of-action-for-at-least-a-month-luka-sought-help-from-doctors-in-europe-wants-to-speed-up-recovery\\\/#mainImage\"},\"datePublished\":\"2026-04-06T15:32:19+02:00\",\"dateModified\":\"2026-04-06T15:34:52+02:00\"},{\"@type\":\"WebSite\",\"@id\":\"https:\\\/\\\/serbiantimes.info\\\/en\\\/#website\",\"url\":\"https:\\\/\\\/serbiantimes.info\\\/en\\\/\",\"name\":\"Serbiantimes.info EN\",\"inLanguage\":\"en-US\",\"publisher\":{\"@id\":\"https:\\\/\\\/serbiantimes.info\\\/en\\\/#organization\"}}]}\n\t\t<\/script>\n\t\t<!-- All in One SEO -->\n\n","aioseo_head_json":{"title":"DONCIC OUT OF ACTION FOR AT LEAST A MONTH: Luka sought help from doctors in Europe, wants to speed up recovery! | Serbiantimes.info EN","description":"The dream season for Luka Doncic and the Los Angeles Lakers has turned into a real race against time. After an MRI confirmed a grade two strain of the left hamstring, the Slovenian ace, in agreement with the \"Lakers\" medical team, made the decision to seek help on the Old Continent. His agent, Bill Duffy,","canonical_url":"https:\/\/serbiantimes.info\/en\/doncic-out-of-action-for-at-least-a-month-luka-sought-help-from-doctors-in-europe-wants-to-speed-up-recovery\/","robots":"max-image-preview:large","keywords":"","webmasterTools":{"miscellaneous":""},"schema":{"@context":"https:\/\/schema.org","@graph":[{"@type":"BlogPosting","@id":"https:\/\/serbiantimes.info\/en\/doncic-out-of-action-for-at-least-a-month-luka-sought-help-from-doctors-in-europe-wants-to-speed-up-recovery\/#blogposting","name":"DONCIC OUT OF ACTION FOR AT LEAST A MONTH: Luka sought help from doctors in Europe, wants to speed up recovery! | Serbiantimes.info EN","headline":"DONCIC OUT OF ACTION FOR AT LEAST A MONTH: Luka sought help from doctors in Europe, wants to speed up recovery!","author":{"@id":"https:\/\/serbiantimes.info\/en\/author\/serbiantimes-portal\/#author"},"publisher":{"@id":"https:\/\/serbiantimes.info\/en\/#organization"},"image":{"@type":"ImageObject","url":"https:\/\/serbiantimes.info\/en\/wp-content\/uploads\/2025\/02\/image-1200x750-5-5.png"},"datePublished":"2026-04-06T15:32:19+02:00","dateModified":"2026-04-06T15:34:52+02:00","inLanguage":"en-US","mainEntityOfPage":{"@id":"https:\/\/serbiantimes.info\/en\/doncic-out-of-action-for-at-least-a-month-luka-sought-help-from-doctors-in-europe-wants-to-speed-up-recovery\/#webpage"},"isPartOf":{"@id":"https:\/\/serbiantimes.info\/en\/doncic-out-of-action-for-at-least-a-month-luka-sought-help-from-doctors-in-europe-wants-to-speed-up-recovery\/#webpage"},"articleSection":"SPORT, Amerika, Don\u010di\u0107, Ko\u0161arka, LA Lejkers, Lejkersi, Luka Don\u010di\u0107, NBA, NBA liga, povreda, SAD, sport"},{"@type":"BreadcrumbList","@id":"https:\/\/serbiantimes.info\/en\/doncic-out-of-action-for-at-least-a-month-luka-sought-help-from-doctors-in-europe-wants-to-speed-up-recovery\/#breadcrumblist","itemListElement":[{"@type":"ListItem","@id":"https:\/\/serbiantimes.info\/en#listItem","position":1,"name":"Home","item":"https:\/\/serbiantimes.info\/en","nextItem":{"@type":"ListItem","@id":"https:\/\/serbiantimes.info\/en\/category\/sport\/#listItem","name":"SPORT"}},{"@type":"ListItem","@id":"https:\/\/serbiantimes.info\/en\/category\/sport\/#listItem","position":2,"name":"SPORT","item":"https:\/\/serbiantimes.info\/en\/category\/sport\/","nextItem":{"@type":"ListItem","@id":"https:\/\/serbiantimes.info\/en\/doncic-out-of-action-for-at-least-a-month-luka-sought-help-from-doctors-in-europe-wants-to-speed-up-recovery\/#listItem","name":"DONCIC OUT OF ACTION FOR AT LEAST A MONTH: Luka sought help from doctors in Europe, wants to speed up recovery!"},"previousItem":{"@type":"ListItem","@id":"https:\/\/serbiantimes.info\/en#listItem","name":"Home"}},{"@type":"ListItem","@id":"https:\/\/serbiantimes.info\/en\/doncic-out-of-action-for-at-least-a-month-luka-sought-help-from-doctors-in-europe-wants-to-speed-up-recovery\/#listItem","position":3,"name":"DONCIC OUT OF ACTION FOR AT LEAST A MONTH: Luka sought help from doctors in Europe, wants to speed up recovery!","previousItem":{"@type":"ListItem","@id":"https:\/\/serbiantimes.info\/en\/category\/sport\/#listItem","name":"SPORT"}}]},{"@type":"Organization","@id":"https:\/\/serbiantimes.info\/en\/#organization","name":"Serbiantimes.info EN","url":"https:\/\/serbiantimes.info\/en\/","logo":{"@type":"ImageObject","url":"https:\/\/serbiantimes.info\/en\/wp-content\/uploads\/sites\/2\/2024\/10\/cropped-cropped-Serbian-Times-Header-Logo-1.png","@id":"https:\/\/serbiantimes.info\/en\/doncic-out-of-action-for-at-least-a-month-luka-sought-help-from-doctors-in-europe-wants-to-speed-up-recovery\/#organizationLogo","width":480,"height":100},"image":{"@id":"https:\/\/serbiantimes.info\/en\/doncic-out-of-action-for-at-least-a-month-luka-sought-help-from-doctors-in-europe-wants-to-speed-up-recovery\/#organizationLogo"}},{"@type":"Person","@id":"https:\/\/serbiantimes.info\/en\/author\/serbiantimes-portal\/#author","url":"https:\/\/serbiantimes.info\/en\/author\/serbiantimes-portal\/","name":"Serbian Times","image":{"@type":"ImageObject","@id":"https:\/\/serbiantimes.info\/en\/doncic-out-of-action-for-at-least-a-month-luka-sought-help-from-doctors-in-europe-wants-to-speed-up-recovery\/#authorImage","url":"https:\/\/secure.gravatar.com\/avatar\/ea76e009769270b4193e2bc7e032c096b4ae135483ec03b396fd0f520bc3dcfd?s=96&d=mm&r=g","width":96,"height":96,"caption":"Serbian Times"}},{"@type":"WebPage","@id":"https:\/\/serbiantimes.info\/en\/doncic-out-of-action-for-at-least-a-month-luka-sought-help-from-doctors-in-europe-wants-to-speed-up-recovery\/#webpage","url":"https:\/\/serbiantimes.info\/en\/doncic-out-of-action-for-at-least-a-month-luka-sought-help-from-doctors-in-europe-wants-to-speed-up-recovery\/","name":"DONCIC OUT OF ACTION FOR AT LEAST A MONTH: Luka sought help from doctors in Europe, wants to speed up recovery! | Serbiantimes.info EN","description":"The dream season for Luka Doncic and the Los Angeles Lakers has turned into a real race against time. After an MRI confirmed a grade two strain of the left hamstring, the Slovenian ace, in agreement with the \"Lakers\" medical team, made the decision to seek help on the Old Continent. His agent, Bill Duffy,","inLanguage":"en-US","isPartOf":{"@id":"https:\/\/serbiantimes.info\/en\/#website"},"breadcrumb":{"@id":"https:\/\/serbiantimes.info\/en\/doncic-out-of-action-for-at-least-a-month-luka-sought-help-from-doctors-in-europe-wants-to-speed-up-recovery\/#breadcrumblist"},"author":{"@id":"https:\/\/serbiantimes.info\/en\/author\/serbiantimes-portal\/#author"},"creator":{"@id":"https:\/\/serbiantimes.info\/en\/author\/serbiantimes-portal\/#author"},"image":{"@type":"ImageObject","url":"https:\/\/serbiantimes.info\/en\/wp-content\/uploads\/2025\/02\/image-1200x750-5-5.png","@id":"https:\/\/serbiantimes.info\/en\/doncic-out-of-action-for-at-least-a-month-luka-sought-help-from-doctors-in-europe-wants-to-speed-up-recovery\/#mainImage"},"primaryImageOfPage":{"@id":"https:\/\/serbiantimes.info\/en\/doncic-out-of-action-for-at-least-a-month-luka-sought-help-from-doctors-in-europe-wants-to-speed-up-recovery\/#mainImage"},"datePublished":"2026-04-06T15:32:19+02:00","dateModified":"2026-04-06T15:34:52+02:00"},{"@type":"WebSite","@id":"https:\/\/serbiantimes.info\/en\/#website","url":"https:\/\/serbiantimes.info\/en\/","name":"Serbiantimes.info EN","inLanguage":"en-US","publisher":{"@id":"https:\/\/serbiantimes.info\/en\/#organization"}}]},"og:locale":"en_US","og:site_name":"Serbiantimes.info EN |","og:type":"article","og:title":"DONCIC OUT OF ACTION FOR AT LEAST A MONTH: Luka sought help from doctors in Europe, wants to speed up recovery! | Serbiantimes.info EN","og:description":"The dream season for Luka Doncic and the Los Angeles Lakers has turned into a real race against time. After an MRI confirmed a grade two strain of the left hamstring, the Slovenian ace, in agreement with the &quot;Lakers&quot; medical team, made the decision to seek help on the Old Continent. His agent, Bill Duffy,","og:url":"https:\/\/serbiantimes.info\/en\/doncic-out-of-action-for-at-least-a-month-luka-sought-help-from-doctors-in-europe-wants-to-speed-up-recovery\/","og:image":"https:\/\/serbiantimes.info\/en\/wp-content\/uploads\/2025\/02\/image-1200x750-5-5.png","og:image:secure_url":"https:\/\/serbiantimes.info\/en\/wp-content\/uploads\/2025\/02\/image-1200x750-5-5.png","og:image:width":1200,"og:image:height":750,"article:published_time":"2026-04-06T13:32:19+00:00","article:modified_time":"2026-04-06T13:34:52+00:00","twitter:card":"summary_large_image","twitter:title":"DONCIC OUT OF ACTION FOR AT LEAST A MONTH: Luka sought help from doctors in Europe, wants to speed up recovery! | Serbiantimes.info EN","twitter:description":"The dream season for Luka Doncic and the Los Angeles Lakers has turned into a real race against time. After an MRI confirmed a grade two strain of the left hamstring, the Slovenian ace, in agreement with the &quot;Lakers&quot; medical team, made the decision to seek help on the Old Continent. His agent, Bill Duffy,","twitter:image":"https:\/\/serbiantimes.info\/en\/wp-content\/uploads\/2025\/02\/image-1200x750-5-5.png"},"aioseo_meta_data":{"post_id":"206682","title":null,"description":null,"keywords":null,"keyphrases":{"focus":{"keyphrase":"","score":0,"analysis":{"keyphraseInTitle":{"score":0,"maxScore":9,"error":1}}},"additional":[]},"primary_term":null,"canonical_url":null,"og_title":null,"og_description":null,"og_object_type":"default","og_image_type":"default","og_image_url":null,"og_image_width":null,"og_image_height":null,"og_image_custom_url":null,"og_image_custom_fields":null,"og_video":"","og_custom_url":null,"og_article_section":null,"og_article_tags":null,"twitter_use_og":false,"twitter_card":"default","twitter_image_type":"default","twitter_image_url":null,"twitter_image_custom_url":null,"twitter_image_custom_fields":null,"twitter_title":null,"twitter_description":null,"schema":{"blockGraphs":[],"customGraphs":[],"default":{"data":{"Article":[],"Course":[],"Dataset":[],"FAQPage":[],"Movie":[],"Person":[],"Product":[],"ProductReview":[],"Car":[],"Recipe":[],"Service":[],"SoftwareApplication":[],"WebPage":[]},"graphName":"BlogPosting","isEnabled":true},"graphs":[]},"schema_type":"default","schema_type_options":null,"pillar_content":false,"robots_default":true,"robots_noindex":false,"robots_noarchive":false,"robots_nosnippet":false,"robots_nofollow":false,"robots_noimageindex":false,"robots_noodp":false,"robots_notranslate":false,"robots_max_snippet":"-1","robots_max_videopreview":"-1","robots_max_imagepreview":"large","priority":null,"frequency":"default","local_seo":null,"breadcrumb_settings":null,"limit_modified_date":false,"ai":{"faqs":[],"keyPoints":[],"titles":[],"descriptions":[],"socialPosts":{"email":[],"linkedin":[],"twitter":[],"facebook":[],"instagram":[]}},"created":"2026-04-06 12:15:03","updated":"2026-04-06 15:37:02","focus_keyword":null,"additional_keywords":null,"truseo_locale":null,"seo_analyzer_scan_date":null},"aioseo_breadcrumb":"<div class=\"aioseo-breadcrumbs\"><span class=\"aioseo-breadcrumb\">\n\t\t\t<a href=\"https:\/\/serbiantimes.info\/en\" title=\"Home\">Home<\/a>\n\t\t<\/span><span class=\"aioseo-breadcrumb-separator\">&raquo;<\/span><span class=\"aioseo-breadcrumb\">\n\t\t\t<a href=\"https:\/\/serbiantimes.info\/en\/category\/sport\/\" title=\"SPORT\">SPORT<\/a>\n\t\t<\/span><span class=\"aioseo-breadcrumb-separator\">&raquo;<\/span><span class=\"aioseo-breadcrumb\">\n\t\t\tDONCIC OUT OF ACTION FOR AT LEAST A MONTH: Luka sought help from doctors in Europe, wants to speed up recovery!\n\t\t<\/span><\/div>","aioseo_breadcrumb_json":[{"label":"Home","link":"https:\/\/serbiantimes.info\/en"},{"label":"SPORT","link":"https:\/\/serbiantimes.info\/en\/category\/sport\/"},{"label":"DONCIC OUT OF ACTION FOR AT LEAST A MONTH: Luka sought help from doctors in Europe, wants to speed up recovery!","link":"https:\/\/serbiantimes.info\/en\/doncic-out-of-action-for-at-least-a-month-luka-sought-help-from-doctors-in-europe-wants-to-speed-up-recovery\/"}],"distributor_meta":false,"distributor_terms":false,"distributor_media":false,"distributor_original_site_name":"Serbiantimes.info EN","distributor_original_site_url":"https:\/\/serbiantimes.info\/en","push-errors":false,"_links":{"self":[{"href":"https:\/\/serbiantimes.info\/en\/wp-json\/wp\/v2\/posts\/206682","targetHints":{"allow":["GET"]}}],"collection":[{"href":"https:\/\/serbiantimes.info\/en\/wp-json\/wp\/v2\/posts"}],"about":[{"href":"https:\/\/serbiantimes.info\/en\/wp-json\/wp\/v2\/types\/post"}],"author":[{"embeddable":true,"href":"https:\/\/serbiantimes.info\/en\/wp-json\/wp\/v2\/users\/2169"}],"replies":[{"embeddable":true,"href":"https:\/\/serbiantimes.info\/en\/wp-json\/wp\/v2\/comments?post=206682"}],"version-history":[{"count":3,"href":"https:\/\/serbiantimes.info\/en\/wp-json\/wp\/v2\/posts\/206682\/revisions"}],"predecessor-version":[{"id":206747,"href":"https:\/\/serbiantimes.info\/en\/wp-json\/wp\/v2\/posts\/206682\/revisions\/206747"}],"wp:attachment":[{"href":"https:\/\/serbiantimes.info\/en\/wp-json\/wp\/v2\/media?parent=206682"}],"wp:term":[{"taxonomy":"category","embeddable":true,"href":"https:\/\/serbiantimes.info\/en\/wp-json\/wp\/v2\/categories?post=206682"},{"taxonomy":"post_tag","embeddable":true,"href":"https:\/\/serbiantimes.info\/en\/wp-json\/wp\/v2\/tags?post=206682"}],"curies":[{"name":"wp","href":"https:\/\/api.w.org\/{rel}","templated":true}]}}