{"id":206166,"date":"2026-04-01T14:37:25","date_gmt":"2026-04-01T12:37:25","guid":{"rendered":"https:\/\/serbiantimes.info\/en\/?p=206166"},"modified":"2026-04-01T14:41:50","modified_gmt":"2026-04-01T12:41:50","slug":"journalists-protest-in-front-of-the-presidency-demonstrations-in-pionirski-park-due-to-violence-against-the-media-traffic-in-the-center-suspended","status":"publish","type":"post","link":"https:\/\/serbiantimes.info\/en\/journalists-protest-in-front-of-the-presidency-demonstrations-in-pionirski-park-due-to-violence-against-the-media-traffic-in-the-center-suspended\/","title":{"rendered":"JOURNALISTS&#8217; PROTEST IN FRONT OF THE PRESIDENCY: Demonstrations in Pionirski Park due to violence against the media, traffic in the center suspended!"},"content":{"rendered":"\n<p><strong><em>A large number of people gathered in Pionirski Park ahead of the announced protest of journalists&#8217; associations in front of the Presidency. As the Danas reporter reports, it is currently peaceful in front of the Presidency, people are still gathering, and a speech is awaited.<\/em><\/strong><\/p>\n\n\n\n<p>Journalists and media workers blocked Kralja Milana Street today near the building of the General Secretariat of the President of the Republic in protest against the attacks on journalists during the elections held on March 29 in 10 municipalities and cities in Serbia, a FoNet reporter reported.<\/p>\n\n\n\n<p>Traffic has been stopped at the intersection with Kneza Milo\u0161a Street, from Terazije toward Kralja Milana.<\/p>\n\n\n\n<p>Banners reading &#8220;Our pRoTeSt&#8221; and &#8220;Stop the brutal attack on journalists&#8221; were unfurled at the gathering. Journalists were joined by the president of the Democratic Party Sr\u0111an Milivojevi\u0107, Green-Left Front MP Robert Kozma, and engineer Zoran \u0110aji\u0107.<\/p>\n\n\n\n<blockquote class=\"twitter-tweet\"><p lang=\"und\" dir=\"ltr\">Pred najavljen protest novinarskih udruzenja u 10.30 kod Predsedni\u0161tva, u Pionirskom parku je prime\u0107eno vi\u0161e policijskih marica i grupe mu\u0161karaca.<br><br>Sa druge strane Predseni\u0161tva, deluje kao da se sprema jo\u0161 jedan skup. <a href=\"https:\/\/t.co\/f53piMa0Si\">pic.twitter.com\/f53piMa0Si<\/a><\/p>&mdash; Ma\u0161ina (@MasinaRS) <a href=\"https:\/\/twitter.com\/MasinaRS\/status\/2039253124460740882?ref_src=twsrc%5Etfw\">April 1, 2026<\/a><\/blockquote> <script async src=\"https:\/\/platform.twitter.com\/widgets.js\" charset=\"utf-8\"><\/script>\n\n\n\n<p>What is known and already announced is the protest of media associations in front of the Presidency due to frequent attacks on journalists, especially after March 29, i.e., the local elections.<\/p>\n\n\n\n<p>Members of media associations are gathering in front of the Serbian Presidency building in Belgrade for a solidarity meeting with journalists who were beaten while reporting on Sunday&#8217;s local elections.<\/p>\n\n\n\n<p>The start of the gathering titled &#8220;Today solidarity, tomorrow survival&#8221; was announced for 10:30 a.m., at the time when, according to the protest organizers, the first attack on journalists occurred on election day.<\/p>\n\n\n\n<p>&#8220;We are gathering here because (Serbian President) Aleksandar Vu\u010di\u0107 is a symbol of repression toward journalists and a symbol of violence that intensifies every day,&#8221; said the president of the Board of Directors of the Association of Independent Electronic Media (ANEM), Veran Mati\u0107.<\/p>\n\n\n\n<p>According to his words, the violence starts &#8220;from the top of the government.&#8221;<\/p>\n\n\n\n<blockquote class=\"twitter-tweet\"><p lang=\"und\" dir=\"ltr\">Vi\u0161e medijskih udru\u017eenja pozvalo je na protest danas ispred Predsedni\u0161tva Srbije povodom napada na novinare 29. marta, kada su odr\u017eani izbori u deset op\u0161tina i gradova. Pred okupljanje novinara, u Pionirskom parku, takozvanom &quot;\u0106acilendu&quot; tako\u0111e se okupljaju nepoznate osobe.<br><br>Ne\u2026 <a href=\"https:\/\/t.co\/zlbKCKvmng\">pic.twitter.com\/zlbKCKvmng<\/a><\/p>&mdash; Na\u0161 Portal (@nas_portal) <a href=\"https:\/\/twitter.com\/nas_portal\/status\/2039256471196561628?ref_src=twsrc%5Etfw\">April 1, 2026<\/a><\/blockquote> <script async src=\"https:\/\/platform.twitter.com\/widgets.js\" charset=\"utf-8\"><\/script>\n\n\n\n<p>&#8220;No one would do this if they did not have absolute approval or if they did not read the messages that Aleksandar Vu\u010di\u0107 and (Serbian Assembly President) Ana Brnabi\u0107 aggressively send every day,&#8221; Mati\u0107 assessed.<\/p>\n\n\n\n<p>In the call for the protest, the organizers stated that by gathering, they want to point out the &#8220;increasingly difficult and dangerous&#8221; position of journalists in the field.<\/p>\n\n\n\n<p>The gathering is organized by the Media Association, the Association of Independent Electronic Media, the Association of Online Media, the &#8220;Nezavisnost&#8221; Branch Union of Culture, Arts, and Media, the Independent Association of Journalists of Vojvodina, the Independent Journalists&#8217; Association of Serbia, the &#8220;Local Press&#8221; Business Association of Local and Independent Media, the Slavko \u0106uruvija Foundation, and the Journalists&#8217; Association of Serbia.<\/p>\n\n\n\n<p>The lawyer of the Independent Journalists&#8217; Association of Serbia, Rade \u0110uri\u0107, is also at the Presidency and spoke about the reasons for the protest of media associations.<\/p>\n\n\n\n<blockquote class=\"twitter-tweet\"><p lang=\"und\" dir=\"ltr\">Novinari su blokirali ulicu kod Predsedni\u0161tva. <a href=\"https:\/\/t.co\/tfDCBTawC5\">pic.twitter.com\/tfDCBTawC5<\/a><\/p>&mdash; Ma\u0161ina (@MasinaRS) <a href=\"https:\/\/twitter.com\/MasinaRS\/status\/2039264194399224048?ref_src=twsrc%5Etfw\">April 1, 2026<\/a><\/blockquote> <script async src=\"https:\/\/platform.twitter.com\/widgets.js\" charset=\"utf-8\"><\/script>\n\n\n\n<p>&#8220;You as journalists, and I as someone who represents you, want to emphasize and message that we report in the public interest, that citizens must know what is going on. One of the direct reasons is the terrible violence, nearly 20 serious physical attacks on March 29. We want to remind of the impunity and responsibility of the persons who do this,&#8221; he said.<\/p>\n\n\n\n<p>Since the beginning of the year, he added, there have been over 100 attacks and physical threats.<\/p>\n\n\n\n<p>&#8220;We are here to message that we are not surrendering, and to tell the state that it is responsible for ensuring our safety. Most masked individuals are almost never brought to justice,&#8221; he stated.<\/p>\n\n\n\n<p>He says he saw that &#8220;\u0106acilend&#8221; is filling up as a reaction to the citizens&#8217; dissatisfaction and the UKP raid on the University.<\/p>\n\n\n\n<h4 class=\"wp-block-heading\"><mark style=\"background-color:#FFFFFF;color:#d21414\" class=\"has-inline-color\">MORE TOPICS:<\/mark><\/h4>\n\n\n\n<p><strong><a href=\"https:\/\/serbiantimes.info\/en\/flight-canceled-just-before-takeoff-italian-foreign-minister-gave-up-on-his-visit-to-serbia-at-the-last-moment\/\" target=\"_blank\" rel=\"noopener\" title=\"\">FLIGHT CANCELED JUST BEFORE TAKEOFF: Italian foreign minister gave up on his visit to Serbia at the last moment!<\/a><\/strong><\/p>\n\n\n\n<p><strong><a href=\"https:\/\/serbiantimes.info\/en\/search-of-the-rectorate-lasted-nine-hours-rector-dokics-lawyer-claims-there-is-no-evidence-of-any-crime-the-prosecution-says-disputed-items-were-found\/\" target=\"_blank\" rel=\"noopener\" title=\"\">SEARCH OF THE RECTORATE LASTED NINE HOURS: Rector \u0110oki\u0107\u2019s lawyer claims there is no evidence of any crime, the prosecution says \u201cdisputed items\u201d were found!<\/a><\/strong><\/p>\n\n\n\n<p><a href=\"https:\/\/serbiantimes.info\/en\/serbs-from-the-world-against-the-authorities-serbian-diaspora-organizations-from-more-than-70-cities-are-seeking-eu-sanctions-for-serbias-top-officials\/\" target=\"_blank\" rel=\"noopener\" title=\"\"><strong>SERBS FROM THE WORLD AGAINST THE AUTHORITIES: Serbian diaspora organizations from more than 70 cities are seeking EU sanctions for Serbia\u2019s top officials!<\/strong><\/a><\/p>\n\n\n\n<p><strong><a href=\"https:\/\/serbiantimes.info\/en\/whatever-the-people-say-that-is-how-it-will-be-vucic-announced-elections-by-the-end-of-the-year-maybe-even-by-vidovdan\/\" target=\"_blank\" rel=\"noopener\" title=\"\">\u201cWHATEVER THE PEOPLE SAY, THAT IS HOW IT WILL BE\u201d: Vu\u010di\u0107 announced elections by the end of the year, maybe even by Vidovdan!<\/a><\/strong><\/p>\n\n\n\n<p><strong><a href=\"https:\/\/serbiantimes.info\/en\/kidnapping-case-in-belgrade-resolved-a-man-37-was-held-in-an-apartment-for-days-and-brutally-beaten-two-people-arrested\/\" target=\"_blank\" rel=\"noopener\" title=\"\">KIDNAPPING CASE IN BELGRADE RESOLVED: A man (37) was held in an apartment for days and brutally beaten, two people arrested!<\/a><\/strong><\/p>\n\n\n\n<p><strong><a href=\"https:\/\/serbiantimes.info\/en\/maria-pappas-warns-chicago-taxes-are-rising-twice-as-fast-as-inflation-citizens-are-losing-the-roofs-over-their-heads\/\" target=\"_blank\" rel=\"noopener\" title=\"\">MARIA PAPPAS WARNS: Chicago taxes are rising twice as fast as inflation, citizens are losing the roofs over their heads!<\/a><\/strong><\/p>\n\n\n\n<p><strong><strong>Source<\/strong><\/strong>: <a href=\"https:\/\/www.danas.rs\/vesti\/drustvo\/protest-novinara-predsednistvo-pionirski-park\/\" target=\"_blank\" rel=\"noopener\" title=\"\">Danas<\/a>; <strong>Photo<\/strong>: Printscreen X<\/p>\n","protected":false},"excerpt":{"rendered":"<p>A large number of people gathered in Pionirski Park ahead of the announced protest of journalists&#8217; associations in front of the Presidency. As the Danas reporter reports, it is currently peaceful in front of the Presidency, people are still gathering, and a speech is awaited. Journalists and media workers blocked Kralja Milana Street today near [&hellip;]<\/p>\n","protected":false},"author":2169,"featured_media":206167,"comment_status":"open","ping_status":"open","sticky":false,"template":"","format":"standard","meta":{"newspack_featured_image_position":"","newspack_post_subtitle":"","newspack_article_summary_title":"Overview:","newspack_article_summary":"","newspack_hide_updated_date":false,"newspack_show_updated_date":false,"footnotes":""},"categories":[7],"tags":[1888,319,12023,1959,642,5536,1890,113],"class_list":["post-206166","post","type-post","status-publish","format-standard","has-post-thumbnail","hentry","category-serbia","tag-mediji","tag-nasilje","tag-nasilje-nad-novinarima","tag-novinari","tag-protest","tag-protesti-u-srbiji","tag-sloboda-medija","tag-srbija","entry"],"aioseo_notices":[],"distributor_meta":false,"distributor_terms":false,"distributor_media":false,"distributor_original_site_name":"Serbiantimes.info EN","distributor_original_site_url":"https:\/\/serbiantimes.info\/en","push-errors":false,"_links":{"self":[{"href":"https:\/\/serbiantimes.info\/en\/wp-json\/wp\/v2\/posts\/206166","targetHints":{"allow":["GET"]}}],"collection":[{"href":"https:\/\/serbiantimes.info\/en\/wp-json\/wp\/v2\/posts"}],"about":[{"href":"https:\/\/serbiantimes.info\/en\/wp-json\/wp\/v2\/types\/post"}],"author":[{"embeddable":true,"href":"https:\/\/serbiantimes.info\/en\/wp-json\/wp\/v2\/users\/2169"}],"replies":[{"embeddable":true,"href":"https:\/\/serbiantimes.info\/en\/wp-json\/wp\/v2\/comments?post=206166"}],"version-history":[{"count":2,"href":"https:\/\/serbiantimes.info\/en\/wp-json\/wp\/v2\/posts\/206166\/revisions"}],"predecessor-version":[{"id":206225,"href":"https:\/\/serbiantimes.info\/en\/wp-json\/wp\/v2\/posts\/206166\/revisions\/206225"}],"wp:featuredmedia":[{"embeddable":true,"href":"https:\/\/serbiantimes.info\/en\/wp-json\/wp\/v2\/media\/206167"}],"wp:attachment":[{"href":"https:\/\/serbiantimes.info\/en\/wp-json\/wp\/v2\/media?parent=206166"}],"wp:term":[{"taxonomy":"category","embeddable":true,"href":"https:\/\/serbiantimes.info\/en\/wp-json\/wp\/v2\/categories?post=206166"},{"taxonomy":"post_tag","embeddable":true,"href":"https:\/\/serbiantimes.info\/en\/wp-json\/wp\/v2\/tags?post=206166"}],"curies":[{"name":"wp","href":"https:\/\/api.w.org\/{rel}","templated":true}]}}