{"id":205907,"date":"2026-03-30T14:49:27","date_gmt":"2026-03-30T12:49:27","guid":{"rendered":"https:\/\/serbiantimes.info\/en\/?p=205907"},"modified":"2026-03-30T14:49:28","modified_gmt":"2026-03-30T12:49:28","slug":"vucic-declared-victory-in-all-ten-municipalities-we-convincingly-defeated-the-blockers-revolutionary-thoughts-cloud-the-brain-with-hatred","status":"publish","type":"post","link":"https:\/\/serbiantimes.info\/en\/vucic-declared-victory-in-all-ten-municipalities-we-convincingly-defeated-the-blockers-revolutionary-thoughts-cloud-the-brain-with-hatred\/","title":{"rendered":"VU\u010cI\u0106 DECLARED VICTORY IN ALL TEN MUNICIPALITIES: &#8220;We convincingly defeated the blockers. Revolutionary thoughts cloud the brain with hatred&#8221;"},"content":{"rendered":"\n<p><strong><em>The President of Serbia, Aleksandar Vu\u010di\u0107, whose name was on all the lists of the ruling coalition in the local elections today, which were marked by irregularities and incidents, announced that the SNS claimed victory in all places where local elections were held today \u2013 Aran\u0111elovac, Bajina Ba\u0161ta, Bor, Kladovo, Knja\u017eevac, Kula, Lu\u010dani, Majdanpek, Sevojno, and Smederevska Palanka.<\/em><\/strong><\/p>\n\n\n\n<p>\u2013 Today, elections were held in 10 local self-governments; when I leave, Vu\u010devi\u0107 and Ana can tell you about the massive irregularities, I will only say a few words. I hope that after this today and tonight, some people will stop the persecution of everyone who thinks differently; we barely avoided a huge evil. They mistreated people, some journalists broke into call centers, even though that is the basis of political activity in every civilized country in the world, Vu\u010di\u0107 stated, then added:<\/p>\n\n\n\n<p>\u2013 Revolutionary thoughts often cloud the brain with hatred, and then they cannot distinguish what is good from what is bad. Times ahead of us are not easy.<\/p>\n\n\n\n<p>Then Vu\u010di\u0107 announced the results in the 10 municipalities in order:<\/p>\n\n\n\n<p>Aran\u0111elovac, at 90% of processed polling stations, the Aleksandar Vu\u010di\u0107 list &#8220;Our Family&#8221; has almost 53, or rather 52.96. &#8220;Students for Aran\u0111elovac&#8221; have 44.9, the Russian Party 1.09, Serbian Liberals 0.6, &#8220;Coalition 381&#8221; has 0.42; there are only 4 more stations to process, so 37 stations have been processed, and it is impossible for the final result to change.<\/p>\n\n\n\n<p>Bajina Ba\u0161ta, processed 51 out of 52, so everything is clear. 53.49% for the Aleksandar Vu\u010di\u0107 list, 41.35% for &#8220;United for Bajina Ba\u0161ta,&#8221; Milan Stamatovi\u0107 1.87%, Social Democratic Party of Serbia 2.2%, &#8220;Fight for Bajina Ba\u0161ta&#8221; 0.45%, non-party movement for Bajina Ba\u0161ta 0.65%. Here, change is not even theoretically possible.<\/p>\n\n\n\n<p>Bor, processed 43\/48, lead for SNS \u2013 49.22 SNS, 40.3 blockers.<\/p>\n\n\n\n<p>\u2013 The most uncertain elections were held in Kula; you waited for us because of Kula. SNS has 50.52, they have 48.<\/p>\n\n\n\n<p>Knja\u017eevac SNS \u2013 57.11, blockers 8.9 and 32.9 \u2013 two lists.<\/p>\n\n\n\n<p>Kladovo SNS \u2013 71.98, blockers 26.69.<\/p>\n\n\n\n<p>Kula 39\/40 stations SNS 50.52, blockers 48.<\/p>\n\n\n\n<p>Lu\u010dani 41\/43 stations SNS 63.70, blockers 30.<\/p>\n\n\n\n<p>Majdanpek 41\/41 SNS 65.64 percent.<\/p>\n\n\n\n<p>Sevojno 4\/5 SNS 51.48, blockers 44.84.<\/p>\n\n\n\n<p>Smederevska Palanka SNS \u2013 58 percent, blockers 29.22 percent.<\/p>\n\n\n\n<p>Vu\u010di\u0107 then spoke about alleged attempts to cause disorder and chaos in Serbia, both from within and from outside.<\/p>\n\n\n\n<p>\u2013 Thank you Serbia for the trust; we received an omnibus last night, the latest research, and according to that, I want to tell you our party has stood the best in almost 6 years at this moment, which you could see through very difficult elections for us, he said, and then lamented:<\/p>\n\n\n\n<p>\u2013 They hit us from Zagreb, the region. In Kula, you had more Zagreb license plates than from the region. For me, the previous 13, 14 months were the hardest. Together with my friends, I fought for this beautiful country of ours. Then someone abused a terrible tragedy in the most horrific way. Destroying Serbia, families. There is not a thing they did not do.<\/p>\n\n\n\n<h4 class=\"wp-block-heading\"><mark style=\"background-color:#FFFFFF;color:#d21414\" class=\"has-inline-color\">MORE TOPICS:<\/mark><\/h4>\n\n\n\n<p><strong><a href=\"https:\/\/serbiantimes.info\/en\/a-university-professor-beaten-in-knjazevac-he-went-to-protect-the-students-thugs-beat-him-up-at-a-polling-station\/\" target=\"_blank\" rel=\"noopener\" title=\"\">A UNIVERSITY PROFESSOR BEATEN IN KNJA\u017dEVAC: He went to protect the students, thugs beat him up at a polling station!<\/a><\/strong><\/p>\n\n\n\n<p><strong><a href=\"https:\/\/serbiantimes.info\/en\/muslin-spoke-out-we-were-cowards-we-allowed-thugs-to-beat-our-children-our-duty-is-to-support-the-students\/\" target=\"_blank\" rel=\"noopener\" title=\"\">MUSLIN SPOKE OUT: \u201cWe were cowards, we allowed thugs to beat our children! Our duty is to support the students!\u201d<\/a><\/strong><\/p>\n\n\n\n<p><strong><a href=\"https:\/\/serbiantimes.info\/en\/you-broke-my-arm-just-because-i-was-defending-my-son-the-poignant-confession-of-a-father-who-was-strangled-by-three-policemen-in-kula-and-then-detained-video\/\" target=\"_blank\" rel=\"noopener\" title=\"\">\u201cYOU BROKE MY ARM JUST BECAUSE I WAS DEFENDING MY SON!\u201d: The poignant confession of a father who was strangled by three policemen in Kula and then detained! (VIDEO)<\/a><\/strong><\/p>\n\n\n\n<p><strong><a href=\"https:\/\/serbiantimes.info\/en\/european-democrats-on-the-voting-in-serbia-the-elections-are-not-free-vucic-and-his-party-are-responsible-for-violence-and-intimidation\/\" target=\"_blank\" rel=\"noopener\" title=\"\">EUROPEAN DEMOCRATS ON THE VOTING IN SERBIA: The elections are not free, Vu\u010di\u0107 and his party are responsible for violence and intimidation!<\/a><\/strong><\/p>\n\n\n\n<p><strong><a href=\"https:\/\/serbiantimes.info\/en\/thugs-attacked-citizens-in-kula-they-had-to-hide-in-the-stadium-the-police-are-protecting-them-from-the-angry-people-video\/\" target=\"_blank\" rel=\"noopener\" title=\"\">THUGS ATTACKED CITIZENS IN KULA: They had to hide in the stadium, the police are protecting them from the angry people! (VIDEO)<\/a><\/strong><\/p>\n\n\n\n<p><a href=\"https:\/\/serbiantimes.info\/en\/it-is-not-the-end-we-want-the-title-andrej-stojakovic-sent-a-powerful-message-after-the-historic-qualification-for-the-final-four\/\" target=\"_blank\" rel=\"noopener\" title=\"\"><strong>IT IS NOT THE END, WE WANT THE TITLE: Andrej Stojakovi\u0107 sent a powerful message after the historic qualification for the Final Four!<\/strong><\/a><\/p>\n\n\n\n<p><strong><strong>Source<\/strong>:<\/strong> <a href=\"https:\/\/www.kurir.rs\/vesti\/politika\/9954392\/aleksandar-vucic-saopstio-rezultate-lokalnih-izbora-obracanje-predsednika\" title=\"\">Kurir <\/a> <strong>Photo<\/strong>: ATA Images<strong><a href=\"https:\/\/serbiantimes.info\/u-knjazevcu-pretucen-profesor-fakulteta-krenuo-da-zastiti-studente-istukli-ga-batinasi-na-birackom-mestu\/\" title=\"\"><br><\/a><\/strong><br><\/p>\n","protected":false},"excerpt":{"rendered":"<p>The President of Serbia, Aleksandar Vu\u010di\u0107, whose name was on all the lists of the ruling coalition in the local elections today, which were marked by irregularities and incidents, announced that the SNS claimed victory in all places where local elections were held today \u2013 Aran\u0111elovac, Bajina Ba\u0161ta, Bor, Kladovo, Knja\u017eevac, Kula, Lu\u010dani, Majdanpek, Sevojno, [&hellip;]<\/p>\n","protected":false},"author":8,"featured_media":205908,"comment_status":"open","ping_status":"open","sticky":false,"template":"","format":"standard","meta":{"newspack_featured_image_position":"","newspack_post_subtitle":"","newspack_article_summary_title":"Overview:","newspack_article_summary":"","newspack_hide_updated_date":false,"newspack_show_updated_date":false,"footnotes":""},"categories":[7],"tags":[856,7386,2609,11975],"class_list":["post-205907","post","type-post","status-publish","format-standard","has-post-thumbnail","hentry","category-serbia","tag-aleksandar-vucic","tag-lokalni-izbori","tag-sns","tag-vucic-proglasio-pobedu","entry"],"aioseo_notices":[],"distributor_meta":false,"distributor_terms":false,"distributor_media":false,"distributor_original_site_name":"Serbiantimes.info EN","distributor_original_site_url":"https:\/\/serbiantimes.info\/en","push-errors":false,"_links":{"self":[{"href":"https:\/\/serbiantimes.info\/en\/wp-json\/wp\/v2\/posts\/205907","targetHints":{"allow":["GET"]}}],"collection":[{"href":"https:\/\/serbiantimes.info\/en\/wp-json\/wp\/v2\/posts"}],"about":[{"href":"https:\/\/serbiantimes.info\/en\/wp-json\/wp\/v2\/types\/post"}],"author":[{"embeddable":true,"href":"https:\/\/serbiantimes.info\/en\/wp-json\/wp\/v2\/users\/8"}],"replies":[{"embeddable":true,"href":"https:\/\/serbiantimes.info\/en\/wp-json\/wp\/v2\/comments?post=205907"}],"version-history":[{"count":3,"href":"https:\/\/serbiantimes.info\/en\/wp-json\/wp\/v2\/posts\/205907\/revisions"}],"predecessor-version":[{"id":205974,"href":"https:\/\/serbiantimes.info\/en\/wp-json\/wp\/v2\/posts\/205907\/revisions\/205974"}],"wp:featuredmedia":[{"embeddable":true,"href":"https:\/\/serbiantimes.info\/en\/wp-json\/wp\/v2\/media\/205908"}],"wp:attachment":[{"href":"https:\/\/serbiantimes.info\/en\/wp-json\/wp\/v2\/media?parent=205907"}],"wp:term":[{"taxonomy":"category","embeddable":true,"href":"https:\/\/serbiantimes.info\/en\/wp-json\/wp\/v2\/categories?post=205907"},{"taxonomy":"post_tag","embeddable":true,"href":"https:\/\/serbiantimes.info\/en\/wp-json\/wp\/v2\/tags?post=205907"}],"curies":[{"name":"wp","href":"https:\/\/api.w.org\/{rel}","templated":true}]}}