{"id":205630,"date":"2026-03-27T15:53:36","date_gmt":"2026-03-27T13:53:36","guid":{"rendered":"https:\/\/serbiantimes.info\/en\/?p=205630"},"modified":"2026-03-27T15:53:38","modified_gmt":"2026-03-27T13:53:38","slug":"better-the-grave-than-to-be-a-slave-85-years-since-the-day-yugoslavia-said-no-to-hitler-and-changed-the-course-of-history","status":"publish","type":"post","link":"https:\/\/serbiantimes.info\/en\/better-the-grave-than-to-be-a-slave-85-years-since-the-day-yugoslavia-said-no-to-hitler-and-changed-the-course-of-history\/","title":{"rendered":"\u201cBETTER THE GRAVE THAN TO BE A SLAVE\u201d: 85 years since the day Yugoslavia said \u201cno\u201d to Hitler and changed the course of history!"},"content":{"rendered":"\n<p>It has been 85 years since the \u201cMarch coup,\u201d which sealed the fate of the Kingdom of Yugoslavia and gave the Axis powers a pretext to attack our country. In addition to continuing to provoke controversy among historians, it seems that the events of March 27, 1941 also carry a special symbolism in the world we live in today.<\/p>\n\n\n\n<p>\u201cSerbs, Croats and Slovenes! In this difficult moment for our people, I have decided to take royal authority into my own hands. The regents who understood the justification of my motives have immediately resigned. My loyal army and navy have placed themselves at my disposal and are already carrying out my orders. I call on all Serbs, Croats and Slovenes to gather around the throne. This is the surest way, in these difficult circumstances, to maintain internal order and external peace. I have entrusted the mandate to form a government to Army General Du\u0161an T. Simovi\u0107. With faith in God and the future of Yugoslavia, I call on all citizens and all authorities in the country to perform their duties toward the King and the Fatherland.\u201d<\/p>\n\n\n\n<p>This, among other things, was written in the proclamation which, exactly 85 years ago, on March 28, 1941, was published by almost all Belgrade newspapers, announcing that \u201cHis Majesty King Peter II Kara\u0111or\u0111evi\u0107 had assumed power.\u201d And the day before, on March 27, as a reaction to the Kingdom of Yugoslavia joining the Tripartite Pact, a coup was carried out which, according to many, sealed the fate of the state and paved the way for the tragic events that followed about ten days later.<\/p>\n\n\n\n<p>It seems that no month is as filled with significant events from our modern history, which to a greater or lesser extent shaped the destiny of the Serbian people, as March. The first protests that shook Slobodan Milo\u0161evi\u0107\u2019s regime took place on March 9, 1991; March 11 marks the 2006 death of Slobodan Milo\u0161evi\u0107 in the Scheveningen prison; March 12 is remembered for the tragic assassination of Prime Minister Zoran \u0110in\u0111i\u0107 in 2003; the pogrom of Serbs in Kosovo and Metohija on March 17, 2004; the beginning of NATO bombing of Serbia on March 24, 1999; and last year\u2019s major student and citizen protests in Belgrade on March 15, which ended with the use of a \u201csonic weapon\u201d or similar device\u2026 are only some of the dates connected to this month. The last in that series, but first chronologically, is March 27 \u2014 a date that has for decades been marked as the day when Yugoslavia (and thus Serbia) \u201csaid no to Hitler\u201d in 1941. What exactly happened that day, what preceded it, what followed, and what lessons can be drawn from it today?<\/p>\n\n\n\n<figure class=\"wp-block-image size-large\"><img loading=\"lazy\" decoding=\"async\" width=\"1024\" height=\"621\" src=\"http:\/\/serbiantimes.info\/wp-content\/uploads\/sites\/2\/2026\/03\/Demonstracije-27.-marta-1941.-godine-1024x621.jpg\" alt=\"\" class=\"wp-image-205631\" srcset=\"https:\/\/serbiantimes.info\/en\/wp-content\/uploads\/sites\/2\/2026\/03\/Demonstracije-27.-marta-1941.-godine-1024x621.jpg 1024w, https:\/\/serbiantimes.info\/en\/wp-content\/uploads\/sites\/2\/2026\/03\/Demonstracije-27.-marta-1941.-godine-300x182.jpg 300w, https:\/\/serbiantimes.info\/en\/wp-content\/uploads\/sites\/2\/2026\/03\/Demonstracije-27.-marta-1941.-godine-768x466.jpg 768w, https:\/\/serbiantimes.info\/en\/wp-content\/uploads\/sites\/2\/2026\/03\/Demonstracije-27.-marta-1941.-godine.jpg 1200w\" sizes=\"auto, (max-width: 1024px) 100vw, 1024px\" \/><figcaption class=\"wp-element-caption\">Demonstracije 27. marta 1941. godine \/ Wikimedia Creative Commons<\/figcaption><\/figure>\n\n\n\n<p>In those tragic days, when Europe was already engulfed in the greatest and most brutal war the world had seen, it became clear that our people would not be spared. Two days before the coup of March 27, the Yugoslav delegation in the Belvedere Palace in Vienna signed a document by which Yugoslavia joined the Tripartite Pact. On the German side, the document was signed by Joachim von Ribbentrop, the Foreign Minister of Nazi Germany, and on the Yugoslav side by Dragi\u0161a Cvetkovi\u0107, Prime Minister, and Aleksandar Cincar-Markovi\u0107, Foreign Minister of the Kingdom of Yugoslavia. Thus, seemingly under pressure from Nazi Germany, after long hesitation and delay, Yugoslavia chose the side of the warring powers.<\/p>\n\n\n\n<p>Prince Paul was an Anglophile and opponent of Hitler and Nazism. He and the government of the Kingdom of Yugoslavia tried from the beginning of the war to pursue a policy of neutrality in order to avoid entering the conflict, but that policy became unsustainable over time. By early 1941, Germany was at the height of its power, and Hitler, having subjugated almost all of Europe except Great Britain, was in a hurry\u2014before the invasion of the Soviet Union\u2014to secure the Balkans and incorporate this part of Europe into his \u201cnew order.\u201d Britain and the USA (which had not yet entered the war), on the other hand, sought to create a new \u201cSalonika front\u201d by bringing Yugoslavia and Greece into the war to gain time and relieve pressure on Britain, but they were not prepared to offer concrete military assistance. The Soviet Union, Hitler\u2019s main target, was enjoying its last days of peace, and Stalin, otherwise prone to paranoia, stubbornly refused to believe the real threat of a German attack, so Yugoslavia could not expect help from that side either.<\/p>\n\n\n\n<p>Since Hitler was in a hurry and aware of Serbia\u2019s resistance in World War I, he offered Yugoslavia favorable terms that he had not granted to any other country. The Axis powers committed, in the document offered to Yugoslavia, not to request military assistance from it, nor the passage of German troops through its territory, and to respect its territorial integrity, effectively allowing Yugoslavia to remain outside the war. The document also contained a secret clause promising Yugoslavia the port of Thessaloniki after the German conquest of Greece.<\/p>\n\n\n\n<p>Therefore, in the domestic press, which was mostly supportive of the authorities, Yugoslavia\u2019s accession to the Tripartite Pact was presented as a wise move that ensured peace and the preservation of the state. But before the ink in the Belgrade newspapers had even dried, events unfolded on the morning of March 27 that would determine the fate of these lands. A group of officers led by Generals Du\u0161an Simovi\u0107, head of the Air Force, and Borivoje Mirkovi\u0107 carried out a coup. Under their command, the army took control of the airport, Belgrade bridges, and deployed along the main streets. They soon arrested government members without a shot fired, overthrew the three regents, and declared King Peter II of age. He did not participate in these events, and his \u201cproclamation\u201d to the peoples of Yugoslavia, which caused public enthusiasm in the streets, was read on the radio by naval officer Jakov Jovovi\u0107, whose voice resembled the King\u2019s.<\/p>\n\n\n\n<figure class=\"wp-block-image size-large\"><img loading=\"lazy\" decoding=\"async\" width=\"1024\" height=\"715\" src=\"http:\/\/serbiantimes.info\/wp-content\/uploads\/sites\/2\/2026\/03\/\u0420\u0435\u043d\u043e_\u0420-35_\u0443_\u0411\u0435\u043e\u0433\u0440\u0430\u0434\u0443_27._\u043c\u0430\u0440\u0442\u0430_1941-1024x715.jpg\" alt=\"\" class=\"wp-image-205632\" srcset=\"https:\/\/serbiantimes.info\/en\/wp-content\/uploads\/sites\/2\/2026\/03\/\u0420\u0435\u043d\u043e_\u0420-35_\u0443_\u0411\u0435\u043e\u0433\u0440\u0430\u0434\u0443_27._\u043c\u0430\u0440\u0442\u0430_1941-1024x715.jpg 1024w, https:\/\/serbiantimes.info\/en\/wp-content\/uploads\/sites\/2\/2026\/03\/\u0420\u0435\u043d\u043e_\u0420-35_\u0443_\u0411\u0435\u043e\u0433\u0440\u0430\u0434\u0443_27._\u043c\u0430\u0440\u0442\u0430_1941-300x210.jpg 300w, https:\/\/serbiantimes.info\/en\/wp-content\/uploads\/sites\/2\/2026\/03\/\u0420\u0435\u043d\u043e_\u0420-35_\u0443_\u0411\u0435\u043e\u0433\u0440\u0430\u0434\u0443_27._\u043c\u0430\u0440\u0442\u0430_1941-768x536.jpg 768w, https:\/\/serbiantimes.info\/en\/wp-content\/uploads\/sites\/2\/2026\/03\/\u0420\u0435\u043d\u043e_\u0420-35_\u0443_\u0411\u0435\u043e\u0433\u0440\u0430\u0434\u0443_27._\u043c\u0430\u0440\u0442\u0430_1941.jpg 1200w\" sizes=\"auto, (max-width: 1024px) 100vw, 1024px\" \/><\/figure>\n\n\n\n<p>As soon as news of the coup spread in Belgrade, large numbers of people took to the streets, as well as in other cities in Serbia. Mass demonstrations were held, with cheers for King Peter and Yugoslavia, but also open opposition to the warring sides, the Tripartite Pact, and Hitler. Famous slogans were shouted: \u201cBetter war than pact\u201d and \u201cBetter the grave than slave,\u201d and windows were smashed at the German Cultural Center and some German companies in central Belgrade. The new government, headed by General Du\u0161an Simovi\u0107, tried to present the events of March 27 as an internal political change unrelated to foreign policy and the signing of the Tripartite Pact, and therefore sought to distance itself from anything that could portray the events differently. \u201cDuring the public demonstrations in Belgrade on March 27 and 28, elements of foreign propaganda attempted to use this spontaneous gathering for their own purposes. On that occasion, minor incidents occurred, as well as slogans expressing dissatisfaction with certain warring states. Authorities have launched intensive investigations and will deal most strictly with those responsible,\u201d reported almost all Belgrade newspapers at the time.<\/p>\n\n\n\n<p>But Hitler and the Nazi leadership quickly understood what had happened. They perceived these events as an insult and a \u201cfinger in the eye,\u201d and already on the afternoon of March 27, at a military meeting, decided to attack Yugoslavia. They identified the \u201cSerbian element in the state\u201d as the main culprit for the March coup and decided to punish the \u201cplotters\u201d and destroy Yugoslavia. Only ten days later, on April 6, without a declaration of war, they attacked Yugoslavia. The assault began with the bombing of Belgrade, in which several thousand people were killed, and within just 11 days the country was occupied and divided\u2026 Thus, March 27 became the prelude to Yugoslavia\u2019s entry into World War II.<\/p>\n\n\n\n<p>Among historians, debates continue to this day about the nature and background of the \u201cMarch coup.\u201d Some see it as part of British intelligence operations that unnecessarily dragged the country into war and all its horrors. They argue that, given Germany\u2019s overwhelming power and the Allies\u2019 inability to provide help, Prince Paul and the government made the most prudent decision at the time, ensuring the country would remain out of the war for at least some time. Another group of historians believes that, despite undeniable foreign intelligence involvement, the March coup was primarily the result of domestic initiative, organized by officers driven mainly by patriotism. Based on the \u201cdiary of Count Ciano\u201d from 1940 and other documents, they argue that Yugoslavia would likely have been dismembered even if the government that signed the Tripartite Pact had remained, and that the Nazis repeatedly broke promises and international agreements. They also point out strong anti-fascist sentiment in Yugoslavia, especially among Serbs, which made alliance with the Axis an impossible mission from the start.<\/p>\n\n\n\n<p>The events of March 27 also had undeniable international consequences. They resonated across Europe, especially in countries still resisting Germany. Due to the April War, Hitler postponed the invasion of Greece and, by a month, Operation Barbarossa, the invasion of the Soviet Union, which meant the Russian winter arrived earlier than planned. It is also important to note that the events of March 27 were supported domestically by many intellectuals, students, associations, and individuals of anti-fascist orientation, as well as by the Serbian Orthodox Church. Patriarch Gavrilo Do\u017ei\u0107 said after the Holy Synod session on March 27: \u201cMy children in the Holy Spirit. Let us humble ourselves before God and stand upright before men. If God is with us, what can men do to us. If we are to live, let us live in holiness and freedom; if we are to die, let us die for holiness and freedom, as many millions of our Orthodox ancestors did.\u201d<\/p>\n\n\n\n<p>It seems that the events of March 27 carry special symbolism even today\u2014both because of the situation in Serbia, where most citizens wish to live in a free and democratic state free of corruption and authoritarian rule, and because of global circumstances that, unfortunately, strongly resemble a \u201cseen-before film\u201d preceding major conflicts and upheavals, in which great powers, in pursuit of their interests, trample international law and the freedom of other nations. In such a world, it seems that the ideals of justice and freedom\u2014which, regardless of all (undeniable) external influences, background, and personal ambitions of its participants, were the main driving force of the events of March 27, 1941\u2014today carry special importance and weight.<\/p>\n\n\n\n<h4 class=\"wp-block-heading\"><mark style=\"background-color:#FFFFFF;color:#d21414\" class=\"has-inline-color\">MORE TOPICS:<\/mark><\/h4>\n\n\n\n<p><strong><a href=\"https:\/\/serbiantimes.info\/en\/leaked-details-of-peace-plan-pakistanis-reveal-what-donald-trump-offered-to-iran\/\" target=\"_blank\" rel=\"noopener\" title=\"\">LEAKED DETAILS OF PEACE PLAN: Pakistanis reveal what Donald Trump offered to Iran!<\/a><\/strong><\/p>\n\n\n\n<p><strong><a href=\"https:\/\/serbiantimes.info\/en\/provocations-on-the-anniversary-of-the-nato-aggression-albanians-ran-wild-on-the-highway-through-serbia-and-showed-symbols-of-greater-albania-video\/\" target=\"_blank\" rel=\"noopener\" title=\"\">PROVOCATIONS ON THE ANNIVERSARY OF THE NATO AGGRESSION: Albanians ran wild on the highway through Serbia and showed symbols of \u201cGreater Albania\u201d! (VIDEO)<\/a><\/strong><\/p>\n\n\n\n<p><strong><a href=\"https:\/\/serbiantimes.info\/en\/country-is-burning-but-bentleys-are-selling-like-hotcakes-kyiv-is-the-third-city-in-the-world-for-luxury-car-sales\/\" target=\"_blank\" rel=\"noopener\" title=\"\">COUNTRY IS BURNING, BUT BENTLEYS ARE SELLING LIKE HOTCAKES: Kyiv is the third city in the world for luxury car sales!<\/a><\/strong><\/p>\n\n\n\n<p><strong><a href=\"https:\/\/serbiantimes.info\/en\/colonel-zoltan-recalled-the-downing-of-the-famous-f-117-we-didnt-know-it-was-invisible-so-we-took-it-down-in-18-seconds\/\" target=\"_blank\" rel=\"noopener\" title=\"\">COLONEL ZOLTAN RECALLED THE DOWNING OF THE FAMOUS F-117: \u201cWe didn\u2019t know it was invisible, so we took it down in 18 seconds!\u201d<\/a><\/strong><\/p>\n\n\n\n<p><strong><a href=\"https:\/\/serbiantimes.info\/en\/due-to-alleged-subversion-of-the-state-novi-pazar-students-remanded-in-custody-for-30-days\/\" target=\"_blank\" rel=\"noopener\" title=\"\">DUE TO ALLEGED SUBVERSION OF THE STATE: Novi Pazar students remanded in custody for 30 days!<\/a><\/strong><\/p>\n\n\n\n<p><strong><a href=\"https:\/\/serbiantimes.info\/en\/miodrag-tomic-the-ace-who-changed-the-world-the-first-air-battle-in-history-took-place-in-serbia-and-heres-what-the-outcome-was-photo\/\" target=\"_blank\" rel=\"noopener\" title=\"\">MIODRAG TOMI\u0106, THE ACE WHO CHANGED THE WORLD: The first air battle in history took place in Serbia, and here\u2019s what the outcome was! (PHOTO)<\/a><\/strong><\/p>\n\n\n\n<p><strong>Source<\/strong>: Jovan Gaji\u0107; <strong>Foto<\/strong>: Wikimedia Creative Commons<\/p>\n","protected":false},"excerpt":{"rendered":"<p>It has been 85 years since the \u201cMarch coup,\u201d which sealed the fate of the Kingdom of Yugoslavia and gave the Axis powers a pretext to attack our country. In addition to continuing to provoke controversy among historians, it seems that the events of March 27, 1941 also carry a special symbolism in the world [&hellip;]<\/p>\n","protected":false},"author":2169,"featured_media":205633,"comment_status":"open","ping_status":"open","sticky":false,"template":"","format":"standard","meta":{"newspack_featured_image_position":"","newspack_post_subtitle":"","newspack_article_summary_title":"Overview:","newspack_article_summary":"","newspack_hide_updated_date":false,"newspack_show_updated_date":false,"footnotes":""},"categories":[11],"tags":[5812,1437,554,317,6673,5813,11942,113],"class_list":["post-205630","post","type-post","status-publish","format-standard","has-post-thumbnail","hentry","category-history","tag-27-mart","tag-drugi-svetski-rat","tag-istorija-srbije","tag-jugoslavija","tag-kraljevina-jugoslavija","tag-martovske-demonstracije","tag-martovski-prevrat","tag-srbija","entry"],"aioseo_notices":[],"distributor_meta":false,"distributor_terms":false,"distributor_media":false,"distributor_original_site_name":"Serbiantimes.info EN","distributor_original_site_url":"https:\/\/serbiantimes.info\/en","push-errors":false,"_links":{"self":[{"href":"https:\/\/serbiantimes.info\/en\/wp-json\/wp\/v2\/posts\/205630","targetHints":{"allow":["GET"]}}],"collection":[{"href":"https:\/\/serbiantimes.info\/en\/wp-json\/wp\/v2\/posts"}],"about":[{"href":"https:\/\/serbiantimes.info\/en\/wp-json\/wp\/v2\/types\/post"}],"author":[{"embeddable":true,"href":"https:\/\/serbiantimes.info\/en\/wp-json\/wp\/v2\/users\/2169"}],"replies":[{"embeddable":true,"href":"https:\/\/serbiantimes.info\/en\/wp-json\/wp\/v2\/comments?post=205630"}],"version-history":[{"count":3,"href":"https:\/\/serbiantimes.info\/en\/wp-json\/wp\/v2\/posts\/205630\/revisions"}],"predecessor-version":[{"id":205677,"href":"https:\/\/serbiantimes.info\/en\/wp-json\/wp\/v2\/posts\/205630\/revisions\/205677"}],"wp:featuredmedia":[{"embeddable":true,"href":"https:\/\/serbiantimes.info\/en\/wp-json\/wp\/v2\/media\/205633"}],"wp:attachment":[{"href":"https:\/\/serbiantimes.info\/en\/wp-json\/wp\/v2\/media?parent=205630"}],"wp:term":[{"taxonomy":"category","embeddable":true,"href":"https:\/\/serbiantimes.info\/en\/wp-json\/wp\/v2\/categories?post=205630"},{"taxonomy":"post_tag","embeddable":true,"href":"https:\/\/serbiantimes.info\/en\/wp-json\/wp\/v2\/tags?post=205630"}],"curies":[{"name":"wp","href":"https:\/\/api.w.org\/{rel}","templated":true}]}}