{"id":205192,"date":"2026-03-23T23:38:04","date_gmt":"2026-03-23T21:38:04","guid":{"rendered":"https:\/\/serbiantimes.info\/en\/?p=205192"},"modified":"2026-03-23T23:38:05","modified_gmt":"2026-03-23T21:38:05","slug":"crime-on-the-drina-hidden-for-84-years-testimony-of-a-surviving-witness-of-the-massacre-of-6000-serbs-photo","status":"publish","type":"post","link":"https:\/\/serbiantimes.info\/en\/crime-on-the-drina-hidden-for-84-years-testimony-of-a-surviving-witness-of-the-massacre-of-6000-serbs-photo\/","title":{"rendered":"CRIME ON THE DRINA HIDDEN FOR 84 YEARS! Testimony of a surviving witness of the massacre of 6,000 Serbs! (PHOTO)"},"content":{"rendered":"\n<p>The truth about one of the most horrific crimes against Serbian civilians during World War II, the massacre in Stari Brod and Milo\u0161evi\u0107i from April 1942, suppressed for decades, is slowly coming to light. Milorad \u0106ebi\u0107 (83), one of the few who survived the Usta\u0161e rampage, testifies about the horrors he witnessed with his own eyes as a ten-year-old boy.<\/p>\n\n\n\n<p>In an interview for \u201cVe\u010dernje novosti,\u201d \u0106ebi\u0107 reveals a harrowing story that took place in a spring that forever marked the history of the Drina region, and about which silence had to be kept for decades.<\/p>\n\n\n\n<p>Serbs in eastern Bosnia resisted Usta\u0161e attacks until early 1942. The defense was organized and led by pre-war officers.<\/p>\n\n\n\n<p>\u2013The people chose Sergeant Radomir Ne\u0161kovi\u0107 to be the commander of the Serbian defense, because Muslims were already in Usta\u0161e uniforms. The Serbian territorial defense, which preserved us at the beginning of the war, became part of the Yugoslav Army in the Homeland. There were no Partisans. Only us, the Serbs. My father was killed in the autumn of 1941, defending the village from the Usta\u0161e.<\/p>\n\n\n\n<p>In the spring of 1942, the NDH authorities launched an offensive to exterminate the Serbs, from Sarajevo to the Drina. Tens of thousands of refugees from Fo\u010da, Zvornik, Rogatica, Vi\u0161egrad, Han Pijesak, Kladanj, Sokolac, Olovo and Pale poured into a column trying to reach Serbia.<\/p>\n\n\n\n<p>\u2013The roads were clogged with livestock and carts carrying all belongings and the helpless. The Italians, who guarded the Vi\u0161egrad bridge, demanded that people separate from the wagons, allegedly so that the passage would not be blocked. Those who obeyed were taken to the German camp at Staro sajmi\u0161te, which was located in the NDH, and not, as some claim today, in Nedi\u0107\u2019s Serbia.<\/p>\n\n\n\n<h4 class=\"wp-block-heading\"><mark style=\"background-color:#FFFFFF;color:#d21414\" class=\"has-inline-color\">FIND OUT MORE:<\/mark><\/h4>\n\n\n\n<figure class=\"wp-block-embed is-type-wp-embed is-provider-serbiantimes-info wp-block-embed-serbiantimes-info\"><div class=\"wp-block-embed__wrapper\">\n<blockquote class=\"wp-embedded-content\" data-secret=\"FBnZzWFKJv\"><a href=\"https:\/\/serbiantimes.info\/njujork-post-pise-zlocinac-iz-bosne-koji-je-palio-svoje-zrtve-prodavao-jaja-u-alabami\/\">NJUJORK POST PI\u0160E: \u201cZlo\u010dinac iz Bosne koji je palio svoje \u017ertve prodavao jaja u Alabami!\u201d<\/a><\/blockquote><iframe loading=\"lazy\" class=\"wp-embedded-content\" sandbox=\"allow-scripts\" security=\"restricted\" style=\"position: absolute; visibility: hidden;\" title=\"&#132;NJUJORK POST PI\u0160E: \u201cZlo\u010dinac iz Bosne koji je palio svoje \u017ertve prodavao jaja u Alabami!\u201d&#147; &#8212; Serbiantimes.info\" src=\"https:\/\/serbiantimes.info\/njujork-post-pise-zlocinac-iz-bosne-koji-je-palio-svoje-zrtve-prodavao-jaja-u-alabami\/embed\/#?secret=q7TkaD7Aji#?secret=FBnZzWFKJv\" data-secret=\"FBnZzWFKJv\" width=\"500\" height=\"282\" frameborder=\"0\" marginwidth=\"0\" marginheight=\"0\" scrolling=\"no\"><\/iframe>\n<\/div><\/figure>\n\n\n\n<p>The Serbian refugees desperately began searching for another way out. It spread that from Stari Brod, a narrow area between the Drina and the mountains, boats were transporting people to the other side of the river.<\/p>\n\n\n\n<p>\u2013A narrow path along a mountain cliff led to Brod, slippery from the rain, which even sheep did not want to walk on \u2013 \u0106ebi\u0107 recalls. \u2013 Somehow we passed with what we had on us and reached a plateau covered with thousands of miserable and frozen people who were sheltering from the heavy rain under makeshift tents of branches and blankets. The crowd pressed in the mud by the Drina trying to get into boats. Serbs who had gold to pay were also transported by German soldiers in their rubber rafts.<\/p>\n\n\n\n<p>Those who did not have it jumped into the Drina and tried to cross by holding onto a rope tied to the raft. German soldiers struck them on the head with oars until they drowned. When the Usta\u0161e approached, the Germans banned crossing the Drina.<\/p>\n\n\n\n<p>\u2013Part of the refugees headed toward the village of Milo\u0161evi\u0107i, from where no one came out alive. An uncle who somehow crossed to the other side of the Drina managed to save us at the last moment. He gave German soldiers a gold ducat from his wife\u2019s bridal necklace for every head they transferred by boat.<\/p>\n\n\n\n<p>On the right bank of the Drina, \u0106ebi\u0107\u2019s family joined the unfortunate people around bonfires trying to warm up and dry off. The Germans kept the refugees on the bank to watch as the Usta\u0161e and Muslim militia carried out a bloody rampage.<\/p>\n\n\n\n<p>\u201325 \u0106ebi\u0107 family members were slaughtered then. The killing lasted until nightfall, and then everything fell silent. At dawn, the Usta\u0161e commander Jure Franceti\u0107 appeared on a white horse and the massacre began again. Later, German military motorboats arrived from Vi\u0161egrad. They fired into the air and shouted: \u201cUsta\u0161e curik.\u201d Later we learned that Nedi\u0107 had begged the Germans to stop the massacre.<\/p>\n\n\n\n<h4 class=\"wp-block-heading\"><mark style=\"background-color:#FFFFFF;color:#d21414\" class=\"has-inline-color\">FIND OUT MORE:<\/mark><\/h4>\n\n\n\n<figure class=\"wp-block-embed is-type-wp-embed is-provider-serbiantimes-info wp-block-embed-serbiantimes-info\"><div class=\"wp-block-embed__wrapper\">\n<blockquote class=\"wp-embedded-content\" data-secret=\"BvMZDCODR8\"><a href=\"https:\/\/serbiantimes.info\/na-danasnji-dan-rodjen-je-junak-sa-kosara-vladimir-odbio-americki-san-da-bi-branio-srbiju-a-majku-slagao-da-je-na-obuci-da-ne-bi-brinula\/\">NA DANA\u0160NJI DAN RO\u0110EN JE JUNAK SA KO\u0160ARA: Vladimir odbio ameri\u010dki san da bi branio Srbiju, a majku slagao da je na obuci da ne bi brinula!<\/a><\/blockquote><iframe loading=\"lazy\" class=\"wp-embedded-content\" sandbox=\"allow-scripts\" security=\"restricted\" style=\"position: absolute; visibility: hidden;\" title=\"&#132;NA DANA\u0160NJI DAN RO\u0110EN JE JUNAK SA KO\u0160ARA: Vladimir odbio ameri\u010dki san da bi branio Srbiju, a majku slagao da je na obuci da ne bi brinula!&#147; &#8212; Serbiantimes.info\" src=\"https:\/\/serbiantimes.info\/na-danasnji-dan-rodjen-je-junak-sa-kosara-vladimir-odbio-americki-san-da-bi-branio-srbiju-a-majku-slagao-da-je-na-obuci-da-ne-bi-brinula\/embed\/#?secret=u0jW9Q4tyU#?secret=BvMZDCODR8\" data-secret=\"BvMZDCODR8\" width=\"500\" height=\"282\" frameborder=\"0\" marginwidth=\"0\" marginheight=\"0\" scrolling=\"no\"><\/iframe>\n<\/div><\/figure>\n\n\n\n<p>The massacre in Stari Brod was halted, and Franceti\u0107 told the survivors they could freely return to their villages. That was a lie; all were killed on the way. At that time, 72 of my relatives were also slaughtered. The youngest was only seven days old.<\/p>\n\n\n\n<p>Serbian refugees on the right bank, who had escaped the Usta\u0161e knife, were threatened by hunger.<\/p>\n\n\n\n<p>\u2013They took us to abandoned houses in nearby villages. My mother gave a large gold chain for a sack of corn which she ground, and sent us children to pick primrose. For days we ate cornbread made of corn flour mixed with that plant. Soon that ran out too, we thought we would die of hunger. And then food arrived from Serbia. We were saved. Nedi\u0107 managed to obtain permission from the Germans to receive us into Serbia.<\/p>\n\n\n\n<p>Parents, faced with extreme poverty, gave their children to the Commissariat for Refugees, which took them to Mataru\u0161ka Banja, the first reception center for Serbian children from the NDH.<\/p>\n\n\n\n<p>\u2013In the spa we got clean clothes, ate and slept in warmth and were safe. Then more Serbian orphans began to arrive, hundreds every day. The spa was soon overcrowded with children, thousands of mouths had to be fed, and food became increasingly scarce. Serbian hosts took children into their homes, but they too lived in poverty. Then epidemics broke out. My younger brother and his caretaker died on the same day from mumps.<\/p>\n\n\n\n<p>\u0106ebi\u0107\u2019s mother came to bury her son and took the remaining children with her. Milorad, as the oldest, at 12 years old, was assigned to go with his uncles to seasonal work, harvesting corn in Banat.<\/p>\n\n\n\n<p>\u2013A host from Lajkovac whom we met on the train convinced my uncles to leave me with him. The good man wanted to adopt me. I stayed with him until the liberation in 1944, and my mother did not come, although she had promised \u2013 \u0106ebi\u0107 recounts with tears in his eyes. \u2013 My host hid from me that my mother had been killed by communists with rifle butts because her brother was in Dra\u017ea\u2019s army. Serbs in the Drina region, who defended their people, were persecuted and killed without trial. None of the Muslims who were almost all in the Usta\u0161e were held accountable for the crimes.<\/p>\n\n\n\n<p>\u0106ebi\u0107 was later taken from the foster family to a home from which he went on to learn a trade. After military service, he remained in Serbia and found employment in Trstenik. He visited his native village Brankovi\u0107e only for a few days a year, while his grandfather was alive.<\/p>\n\n\n\n<p>\u2013The village was deserted, almost everyone had been killed or displaced. The crime in Stari Brod was kept silent. Only in 2007 did a few of us survivors from Serbia and Australia build a memorial chapel for the victims from Braneti\u0107i.<\/p>\n\n\n\n<p>A vow of silence because of \u201cbrotherhood and unity\u201d<\/p>\n\n\n\n<p>After the end of the war, this crime could not be spoken about in socialist Yugoslavia. The victims remained without memorials for decades, and the survivors were persecuted. \u0106ebi\u0107 testifies that after the liberation, communists killed his mother with rifle butts simply because her brother was part of the Yugoslav Army in the Homeland.<\/p>\n\n\n\n<p>\u201cShame on us Serbs, be ashamed for forgetting the 6,000 slaughtered in Stari Brod who for decades did not even have a cross,\u201d \u0106ebi\u0107 said in 2007 when the construction of the memorial chapel had just begun.<\/p>\n\n\n\n<p>Today, Stari Brod finally has a memorial museum and a chapel, serving as a permanent reminder of the terrible price the Serbian people in eastern Bosnia paid for their survival.<\/p>\n\n\n\n<h4 class=\"wp-block-heading\"><mark style=\"background-color:#FFFFFF;color:#d21414\" class=\"has-inline-color\">MORE TOPICS:<\/mark><\/h4>\n\n\n\n<p><strong><a href=\"https:\/\/serbiantimes.info\/en\/talented-twins-decided-to-play-for-serbia-jug-and-vid-grew-up-in-germany-they-train-at-werder-and-here-is-why-they-chose-the-eagles\/\" target=\"_blank\" rel=\"noopener\" title=\"\">TALENTED TWINS DECIDED TO PLAY FOR SERBIA: Jug and Vid grew up in Germany, they train at Werder, and here is why they chose the Eagles!<\/a><\/strong><\/p>\n\n\n\n<p><strong><a href=\"https:\/\/serbiantimes.info\/en\/bravo-novak-serbian-wunderkind-who-stacked-up-medals-at-olympiads-is-today-a-student-of-the-most-prestigious-college-at-the-famous-cambridge\/\" target=\"_blank\" rel=\"noopener\" title=\"\">BRAVO, NOVAK! Serbian wunderkind who stacked up medals at olympiads is today a student of the most prestigious college at the famous Cambridge!<\/a><\/strong><\/p>\n\n\n\n<p><strong><a href=\"https:\/\/serbiantimes.info\/en\/feat-by-students-from-pozega-that-amazed-serbia-instead-of-excursions-children-go-to-hilandar-to-prune-vineyards-and-help-monks\/\" target=\"_blank\" rel=\"noopener\" title=\"\">FEAT BY STUDENTS FROM PO\u017dEGA THAT AMAZED SERBIA: Instead of excursions, children go to Hilandar to prune vineyards and help monks!<\/a><\/strong><\/p>\n\n\n\n<p><strong><a href=\"https:\/\/serbiantimes.info\/en\/brotherly-love-stronger-than-anything-little-jakov-8-walked-from-kragujevac-to-belgrade-and-collected-24000-euros-for-his-sisters-treatment-photo\/\" target=\"_blank\" rel=\"noopener\" title=\"\">BROTHERLY LOVE STRONGER THAN ANYTHING: Little Jakov (8) walked from Kragujevac to Belgrade and collected 24,000 euros for his sister\u2019s treatment! (PHOTO)<\/a><\/strong><\/p>\n\n\n\n<p><strong><a href=\"https:\/\/serbiantimes.info\/en\/lest-we-forget-the-march-pogrom-in-kosovo-was-deadly-for-many-serbs-while-thousands-got-expelled\/\" target=\"_blank\" rel=\"noopener\" title=\"\">LEST WE FORGET: The March pogrom in Kosovo was deadly for many Serbs, while thousands got expelled!<\/a><\/strong><\/p>\n\n\n\n<p><strong>Source<\/strong>: Novosti.rs, <strong>Foto:<\/strong> Promo<\/p>\n","protected":false},"excerpt":{"rendered":"<p>The truth about one of the most horrific crimes against Serbian civilians during World War II, the massacre in Stari Brod and Milo\u0161evi\u0107i from April 1942, suppressed for decades, is slowly coming to light. Milorad \u0106ebi\u0107 (83), one of the few who survived the Usta\u0161e rampage, testifies about the horrors he witnessed with his own [&hellip;]<\/p>\n","protected":false},"author":2169,"featured_media":205193,"comment_status":"open","ping_status":"open","sticky":false,"template":"","format":"standard","meta":{"newspack_featured_image_position":"","newspack_post_subtitle":"","newspack_article_summary_title":"Overview:","newspack_article_summary":"","newspack_hide_updated_date":false,"newspack_show_updated_date":false,"footnotes":""},"categories":[8],"tags":[116,309,341,4160,1437,634,11868,11869,113,3736],"class_list":["post-205192","post","type-post","status-publish","format-standard","has-post-thumbnail","hentry","category-balkan","tag-balkan","tag-bih","tag-bosna-i-hercegovina","tag-drina","tag-drugi-svetski-rat","tag-istorija","tag-milorad-cebic","tag-srbi-u-istocnoj-bosni","tag-srbija","tag-zlocin-nad-srbima","entry"],"aioseo_notices":[],"distributor_meta":false,"distributor_terms":false,"distributor_media":false,"distributor_original_site_name":"Serbiantimes.info EN","distributor_original_site_url":"https:\/\/serbiantimes.info\/en","push-errors":false,"_links":{"self":[{"href":"https:\/\/serbiantimes.info\/en\/wp-json\/wp\/v2\/posts\/205192","targetHints":{"allow":["GET"]}}],"collection":[{"href":"https:\/\/serbiantimes.info\/en\/wp-json\/wp\/v2\/posts"}],"about":[{"href":"https:\/\/serbiantimes.info\/en\/wp-json\/wp\/v2\/types\/post"}],"author":[{"embeddable":true,"href":"https:\/\/serbiantimes.info\/en\/wp-json\/wp\/v2\/users\/2169"}],"replies":[{"embeddable":true,"href":"https:\/\/serbiantimes.info\/en\/wp-json\/wp\/v2\/comments?post=205192"}],"version-history":[{"count":2,"href":"https:\/\/serbiantimes.info\/en\/wp-json\/wp\/v2\/posts\/205192\/revisions"}],"predecessor-version":[{"id":205215,"href":"https:\/\/serbiantimes.info\/en\/wp-json\/wp\/v2\/posts\/205192\/revisions\/205215"}],"wp:featuredmedia":[{"embeddable":true,"href":"https:\/\/serbiantimes.info\/en\/wp-json\/wp\/v2\/media\/205193"}],"wp:attachment":[{"href":"https:\/\/serbiantimes.info\/en\/wp-json\/wp\/v2\/media?parent=205192"}],"wp:term":[{"taxonomy":"category","embeddable":true,"href":"https:\/\/serbiantimes.info\/en\/wp-json\/wp\/v2\/categories?post=205192"},{"taxonomy":"post_tag","embeddable":true,"href":"https:\/\/serbiantimes.info\/en\/wp-json\/wp\/v2\/tags?post=205192"}],"curies":[{"name":"wp","href":"https:\/\/api.w.org\/{rel}","templated":true}]}}