{"id":205190,"date":"2026-03-23T23:36:33","date_gmt":"2026-03-23T21:36:33","guid":{"rendered":"https:\/\/serbiantimes.info\/en\/?p=205190"},"modified":"2026-03-23T23:36:34","modified_gmt":"2026-03-23T21:36:34","slug":"zdravko-colic-questioned-singer-spoke-at-the-prosecutors-office-about-the-bombing-attack-on-his-house","status":"publish","type":"post","link":"https:\/\/serbiantimes.info\/en\/zdravko-colic-questioned-singer-spoke-at-the-prosecutors-office-about-the-bombing-attack-on-his-house\/","title":{"rendered":"ZDRAVKO \u010cOLI\u0106 QUESTIONED: Singer spoke at the Prosecutor\u2019s Office about the bombing attack on his house!"},"content":{"rendered":"\n<p>Famous singer Zdravko \u010coli\u0107 was questioned this morning at the Higher Public Prosecutor\u2019s Office in Belgrade as part of the investigation against suspects in the bombing attack on his house in Senjak. \u010coli\u0107 spent about an hour at the Palace of Justice, where he gave a statement in the capacity of an injured party.<\/p>\n\n\n\n<p>As Kurir learns, the popular \u010cola stated before the prosecutor that he does not know who could be behind the attack, as he is not in conflict with anyone.<\/p>\n\n\n\n<p>\u201cI am not the type of person who enters into conflicts, especially not those that would lead to such an attack. I owe nothing to anyone,\u201d the singer said during questioning.<\/p>\n\n\n\n<p>Although he confirmed that at the time of the explosion, on February 3, he was in Zagreb, he emphasized that the most important thing for him was learning that his wife and daughters were safe and that no one was injured. \u010coli\u0107 added that the house did not suffer major damage and decided not to join the criminal prosecution of those arrested, explaining that he believes they are only executors of someone else\u2019s order.<\/p>\n\n\n\n<p>Let us recall, shortly after the attack, police arrested three suspects: Senad M., Perica S. and Marko A. It is suspected that they drove to the singer\u2019s house by taxi, and then approached the fence by scooter, from where a hand grenade was thrown. According to the prosecution, one of the suspects threw the bomb, while another kept watch for passersby and recorded everything on a mobile phone.<\/p>\n\n\n\n<h4 class=\"wp-block-heading\"><mark style=\"background-color:#FFFFFF;color:#d21414\" class=\"has-inline-color\">FIND OUT MORE: <\/mark><\/h4>\n\n\n\n<figure class=\"wp-block-embed is-type-wp-embed is-provider-serbiantimes-info wp-block-embed-serbiantimes-info\"><div class=\"wp-block-embed__wrapper\">\n<blockquote class=\"wp-embedded-content\" data-secret=\"h4sIdfWIXm\"><a href=\"https:\/\/serbiantimes.info\/podrzavam-studentsku-listu-a-ne-vucica-sns-falsifikovao-potpise-lekara-u-kuli-oni-se-oglasili-foto\/\">&#8222;PODR\u017dAVAM STUDENTSKU LISTU, A NE VU\u010cI\u0106A&#8220;: SNS falsifikovao potpise lekara u Kuli, oni se oglasili! (FOTO)<\/a><\/blockquote><iframe loading=\"lazy\" class=\"wp-embedded-content\" sandbox=\"allow-scripts\" security=\"restricted\" style=\"position: absolute; visibility: hidden;\" title=\"&#132;&#8222;PODR\u017dAVAM STUDENTSKU LISTU, A NE VU\u010cI\u0106A&#8220;: SNS falsifikovao potpise lekara u Kuli, oni se oglasili! (FOTO)&#147; &#8212; Serbiantimes.info\" src=\"https:\/\/serbiantimes.info\/podrzavam-studentsku-listu-a-ne-vucica-sns-falsifikovao-potpise-lekara-u-kuli-oni-se-oglasili-foto\/embed\/#?secret=gstwj9r16G#?secret=h4sIdfWIXm\" data-secret=\"h4sIdfWIXm\" width=\"500\" height=\"282\" frameborder=\"0\" marginwidth=\"0\" marginheight=\"0\" scrolling=\"no\"><\/iframe>\n<\/div><\/figure>\n\n\n\n<p>As part of this investigation, last week \u010coli\u0107\u2019s neighbor, well-known entertainment manager Adis Gojak, whose house was also damaged during the detonation, was also questioned. The investigation by the Higher Public Prosecutor\u2019s Office continues in order to determine all the details and possible masterminds behind this incident.<\/p>\n\n\n\n<h4 class=\"wp-block-heading\"><mark style=\"background-color:#FFFFFF;color:#d21414\" class=\"has-inline-color\">MORE TOPICS:<\/mark><\/h4>\n\n\n\n<p><strong><a href=\"https:\/\/serbiantimes.info\/en\/talented-twins-decided-to-play-for-serbia-jug-and-vid-grew-up-in-germany-they-train-at-werder-and-here-is-why-they-chose-the-eagles\/\" target=\"_blank\" rel=\"noopener\" title=\"\">TALENTED TWINS DECIDED TO PLAY FOR SERBIA: Jug and Vid grew up in Germany, they train at Werder, and here is why they chose the Eagles!<\/a><\/strong><\/p>\n\n\n\n<p><strong><a href=\"https:\/\/serbiantimes.info\/en\/bravo-novak-serbian-wunderkind-who-stacked-up-medals-at-olympiads-is-today-a-student-of-the-most-prestigious-college-at-the-famous-cambridge\/\" target=\"_blank\" rel=\"noopener\" title=\"\">BRAVO, NOVAK! Serbian wunderkind who stacked up medals at olympiads is today a student of the most prestigious college at the famous Cambridge!<\/a><\/strong><\/p>\n\n\n\n<p><strong><a href=\"https:\/\/serbiantimes.info\/en\/feat-by-students-from-pozega-that-amazed-serbia-instead-of-excursions-children-go-to-hilandar-to-prune-vineyards-and-help-monks\/\" target=\"_blank\" rel=\"noopener\" title=\"\">FEAT BY STUDENTS FROM PO\u017dEGA THAT AMAZED SERBIA: Instead of excursions, children go to Hilandar to prune vineyards and help monks!<\/a><\/strong><\/p>\n\n\n\n<p><strong><a href=\"https:\/\/serbiantimes.info\/en\/brotherly-love-stronger-than-anything-little-jakov-8-walked-from-kragujevac-to-belgrade-and-collected-24000-euros-for-his-sisters-treatment-photo\/\" target=\"_blank\" rel=\"noopener\" title=\"\">BROTHERLY LOVE STRONGER THAN ANYTHING: Little Jakov (8) walked from Kragujevac to Belgrade and collected 24,000 euros for his sister\u2019s treatment! (PHOTO)<\/a><\/strong><\/p>\n\n\n\n<p><strong><a href=\"https:\/\/serbiantimes.info\/en\/lest-we-forget-the-march-pogrom-in-kosovo-was-deadly-for-many-serbs-while-thousands-got-expelled\/\" target=\"_blank\" rel=\"noopener\" title=\"\">LEST WE FORGET: The March pogrom in Kosovo was deadly for many Serbs, while thousands got expelled!<\/a><\/strong><\/p>\n\n\n\n<p><strong>Source<\/strong>:<strong>\u00a0<\/strong>Kurir, <strong>Foto:<\/strong> Antonio Ahel \/ ATAImages<\/p>\n","protected":false},"excerpt":{"rendered":"<p>Famous singer Zdravko \u010coli\u0107 was questioned this morning at the Higher Public Prosecutor\u2019s Office in Belgrade as part of the investigation against suspects in the bombing attack on his house in Senjak. \u010coli\u0107 spent about an hour at the Palace of Justice, where he gave a statement in the capacity of an injured party. As [&hellip;]<\/p>\n","protected":false},"author":2169,"featured_media":205191,"comment_status":"open","ping_status":"open","sticky":false,"template":"","format":"standard","meta":{"newspack_featured_image_position":"","newspack_post_subtitle":"","newspack_article_summary_title":"Overview:","newspack_article_summary":"","newspack_hide_updated_date":false,"newspack_show_updated_date":false,"footnotes":""},"categories":[7],"tags":[4579,6133,1849,11167,2770,113,11072],"class_list":["post-205190","post","type-post","status-publish","format-standard","has-post-thumbnail","hentry","category-serbia","tag-bomba","tag-bombaski-napad","tag-kuca","tag-pevac","tag-saslusanje","tag-srbija","tag-zdravko-colic-2","entry"],"aioseo_notices":[],"distributor_meta":false,"distributor_terms":false,"distributor_media":false,"distributor_original_site_name":"Serbiantimes.info EN","distributor_original_site_url":"https:\/\/serbiantimes.info\/en","push-errors":false,"_links":{"self":[{"href":"https:\/\/serbiantimes.info\/en\/wp-json\/wp\/v2\/posts\/205190","targetHints":{"allow":["GET"]}}],"collection":[{"href":"https:\/\/serbiantimes.info\/en\/wp-json\/wp\/v2\/posts"}],"about":[{"href":"https:\/\/serbiantimes.info\/en\/wp-json\/wp\/v2\/types\/post"}],"author":[{"embeddable":true,"href":"https:\/\/serbiantimes.info\/en\/wp-json\/wp\/v2\/users\/2169"}],"replies":[{"embeddable":true,"href":"https:\/\/serbiantimes.info\/en\/wp-json\/wp\/v2\/comments?post=205190"}],"version-history":[{"count":2,"href":"https:\/\/serbiantimes.info\/en\/wp-json\/wp\/v2\/posts\/205190\/revisions"}],"predecessor-version":[{"id":205213,"href":"https:\/\/serbiantimes.info\/en\/wp-json\/wp\/v2\/posts\/205190\/revisions\/205213"}],"wp:featuredmedia":[{"embeddable":true,"href":"https:\/\/serbiantimes.info\/en\/wp-json\/wp\/v2\/media\/205191"}],"wp:attachment":[{"href":"https:\/\/serbiantimes.info\/en\/wp-json\/wp\/v2\/media?parent=205190"}],"wp:term":[{"taxonomy":"category","embeddable":true,"href":"https:\/\/serbiantimes.info\/en\/wp-json\/wp\/v2\/categories?post=205190"},{"taxonomy":"post_tag","embeddable":true,"href":"https:\/\/serbiantimes.info\/en\/wp-json\/wp\/v2\/tags?post=205190"}],"curies":[{"name":"wp","href":"https:\/\/api.w.org\/{rel}","templated":true}]}}