{"id":205184,"date":"2026-03-23T23:34:04","date_gmt":"2026-03-23T21:34:04","guid":{"rendered":"https:\/\/serbiantimes.info\/en\/?p=205184"},"modified":"2026-03-23T23:34:05","modified_gmt":"2026-03-23T21:34:05","slug":"on-this-day-a-hero-of-kosare-was-born-vladimir-rejected-the-american-dream-to-defend-serbia-and-lied-to-his-mother-that-he-was-in-training-so-she-wouldnt-worry","status":"publish","type":"post","link":"https:\/\/serbiantimes.info\/en\/on-this-day-a-hero-of-kosare-was-born-vladimir-rejected-the-american-dream-to-defend-serbia-and-lied-to-his-mother-that-he-was-in-training-so-she-wouldnt-worry\/","title":{"rendered":"ON THIS DAY A HERO OF KO\u0160ARE WAS BORN: Vladimir rejected the American dream to defend Serbia, and lied to his mother that he was in training so she wouldn\u2019t worry!"},"content":{"rendered":"\n<p>Half a year before the first NATO bombs, the war at Ko\u0161are began with the blood of five Serbian soldiers in an ambush by terrorists. Among them was nineteen-year-old Vladimir Radoi\u010di\u0107, a young man who told his uncle in America that Serbia was the only country where he could live. Killed on his first border patrol, Vladimir became the face of a struggle that continues to this day \u2013 the one for the truth about heroes whom the perpetrators robbed in front of cameras, and for whose deaths no one has yet been held accountable.<\/p>\n\n\n\n<p>Vladimir Radoi\u010di\u0107, a hero of Ko\u0161are, was born on March 23, 1979, in Belgrade. After finishing elementary school, he enrolled in training to become an auto mechanic. He developed a love for engines, which became his preoccupation and passion. Alongside school, he also devoted great attention to his family.<\/p>\n\n\n\n<p>He especially loved his sister Jelena, who was five years younger. She was born as the third child thanks to Vladimir, who, in addition to a younger brother, wanted to have a sister with whom he got along as if they were one.<\/p>\n\n\n\n<p>After finishing high school, Vladimir rejected an invitation from his uncle in America, saying that he would not flee Serbia and that Serbia was the only country where he could live.<\/p>\n\n\n\n<p>He went to serve his mandatory military service in a reconnaissance-sabotage unit in Ni\u0161 on June 23, 1998, at the age of 19. After a little more than two months, he was reassigned to the Ko\u0161are border post.<\/p>\n\n\n\n<iframe loading=\"lazy\" src=\"https:\/\/www.facebook.com\/plugins\/post.php?href=https%3A%2F%2Fwww.facebook.com%2Fotacastvo.rs%2Fposts%2Fpfbid02wjpVndDtgzytznKZ4Z6RTxsHBJKQYf5EFJ6R1Ma1FvMK5BqG2LgRZMfiKxdjVSABl&#038;show_text=true&#038;width=500\" width=\"500\" height=\"582\" style=\"border:none;overflow:hidden\" scrolling=\"no\" frameborder=\"0\" allowfullscreen=\"true\" allow=\"autoplay; clipboard-write; encrypted-media; picture-in-picture; web-share\"><\/iframe>\n\n\n\n<p>Whether any of the soldiers informed their families that they were going to Ko\u0161are is unknown, but Vladimir did not inform his loved ones. The day before he was killed on the Albanian border, he told his mother:<\/p>\n\n\n\n<p>\u201cDon\u2019t worry if I don\u2019t get in touch in the coming days. I\u2019m here, in training on a hill near Ni\u0161.\u201d<\/p>\n\n\n\n<p>On that September 30, 1998, he set out, together with four other soldiers, on his first and last border patrol.<\/p>\n\n\n\n<p>Hidden in an ambush, members of the KLA, led by Agim Ramadani, had been waiting for them since early morning.<\/p>\n\n\n\n<p>\u201cOn the morning of October 1, they came to inform us that Vladimir had been killed, and on October 8 my struggle for the truth began, for legal justice, for Vladimir, for all those killed at Ko\u0161are\u2026<br>That struggle continues to this day\u201d \u2013 are the words of Vladimir\u2019s mother Lozanka.<\/p>\n\n\n\n<p>Along with Vladimir, Miladin Gobelji\u0107, Ilija Pavlovi\u0107, Miroslav Joci\u0107 and Milo\u0161 Pavlovi\u0107 were also killed.<\/p>\n\n\n\n<p>According to the testimony of Colonel Du\u0161ko \u0160ljivanj\u010danin, then commander of the 53rd Border Battalion, that day marked the beginning of the war for the soldiers at the Ko\u0161are border post \u2013 half a year before the NATO aggression.<\/p>\n\n\n\n<p>The terrorists filmed the killing and looting of the dead Serbian soldiers, and that footage was the key evidence for their conviction. They were tried in absentia, as none of them responded to the court summons. The Higher Court in Ni\u0161 issued arrest warrants for them, but the verdict has not been enforced to this day.<\/p>\n\n\n\n<h4 class=\"wp-block-heading\"><mark style=\"background-color:#FFFFFF;color:#d21414\" class=\"has-inline-color\">MORE TOPICS:<\/mark><\/h4>\n\n\n\n<p><strong><a href=\"https:\/\/serbiantimes.info\/en\/talented-twins-decided-to-play-for-serbia-jug-and-vid-grew-up-in-germany-they-train-at-werder-and-here-is-why-they-chose-the-eagles\/\" target=\"_blank\" rel=\"noopener\" title=\"\">TALENTED TWINS DECIDED TO PLAY FOR SERBIA: Jug and Vid grew up in Germany, they train at Werder, and here is why they chose the Eagles!<\/a><\/strong><\/p>\n\n\n\n<p><strong><a href=\"https:\/\/serbiantimes.info\/en\/bravo-novak-serbian-wunderkind-who-stacked-up-medals-at-olympiads-is-today-a-student-of-the-most-prestigious-college-at-the-famous-cambridge\/\" target=\"_blank\" rel=\"noopener\" title=\"\">BRAVO, NOVAK! Serbian wunderkind who stacked up medals at olympiads is today a student of the most prestigious college at the famous Cambridge!<\/a><\/strong><\/p>\n\n\n\n<p><strong><a href=\"https:\/\/serbiantimes.info\/en\/feat-by-students-from-pozega-that-amazed-serbia-instead-of-excursions-children-go-to-hilandar-to-prune-vineyards-and-help-monks\/\" target=\"_blank\" rel=\"noopener\" title=\"\">FEAT BY STUDENTS FROM PO\u017dEGA THAT AMAZED SERBIA: Instead of excursions, children go to Hilandar to prune vineyards and help monks!<\/a><\/strong><\/p>\n\n\n\n<p><strong><a href=\"https:\/\/serbiantimes.info\/en\/brotherly-love-stronger-than-anything-little-jakov-8-walked-from-kragujevac-to-belgrade-and-collected-24000-euros-for-his-sisters-treatment-photo\/\" target=\"_blank\" rel=\"noopener\" title=\"\">BROTHERLY LOVE STRONGER THAN ANYTHING: Little Jakov (8) walked from Kragujevac to Belgrade and collected 24,000 euros for his sister\u2019s treatment! (PHOTO)<\/a><\/strong><\/p>\n\n\n\n<p><strong><a href=\"https:\/\/serbiantimes.info\/en\/lest-we-forget-the-march-pogrom-in-kosovo-was-deadly-for-many-serbs-while-thousands-got-expelled\/\" target=\"_blank\" rel=\"noopener\" title=\"\">LEST WE FORGET: The March pogrom in Kosovo was deadly for many Serbs, while thousands got expelled!<\/a><\/strong><\/p>\n\n\n\n<p><strong>Source<\/strong>:<strong>\u00a0<\/strong>Serbian Times, <strong>Foto:<\/strong> Printscreen Facebook<\/p>\n","protected":false},"excerpt":{"rendered":"<p>Half a year before the first NATO bombs, the war at Ko\u0161are began with the blood of five Serbian soldiers in an ambush by terrorists. Among them was nineteen-year-old Vladimir Radoi\u010di\u0107, a young man who told his uncle in America that Serbia was the only country where he could live. Killed on his first border [&hellip;]<\/p>\n","protected":false},"author":2169,"featured_media":205185,"comment_status":"open","ping_status":"open","sticky":false,"template":"","format":"standard","meta":{"newspack_featured_image_position":"","newspack_post_subtitle":"","newspack_article_summary_title":"Overview:","newspack_article_summary":"","newspack_hide_updated_date":false,"newspack_show_updated_date":false,"footnotes":""},"categories":[11],"tags":[11860,71,253,634,107,109,77,11861,113,11862],"class_list":["post-205184","post","type-post","status-publish","format-standard","has-post-thumbnail","hentry","category-history","tag-americki-san","tag-amerika","tag-beograd","tag-istorija","tag-kim","tag-kosovo-i-metohija","tag-nato","tag-otazbina","tag-srbija","tag-vladimir-radoicic","entry"],"aioseo_notices":[],"distributor_meta":false,"distributor_terms":false,"distributor_media":false,"distributor_original_site_name":"Serbiantimes.info EN","distributor_original_site_url":"https:\/\/serbiantimes.info\/en","push-errors":false,"_links":{"self":[{"href":"https:\/\/serbiantimes.info\/en\/wp-json\/wp\/v2\/posts\/205184","targetHints":{"allow":["GET"]}}],"collection":[{"href":"https:\/\/serbiantimes.info\/en\/wp-json\/wp\/v2\/posts"}],"about":[{"href":"https:\/\/serbiantimes.info\/en\/wp-json\/wp\/v2\/types\/post"}],"author":[{"embeddable":true,"href":"https:\/\/serbiantimes.info\/en\/wp-json\/wp\/v2\/users\/2169"}],"replies":[{"embeddable":true,"href":"https:\/\/serbiantimes.info\/en\/wp-json\/wp\/v2\/comments?post=205184"}],"version-history":[{"count":2,"href":"https:\/\/serbiantimes.info\/en\/wp-json\/wp\/v2\/posts\/205184\/revisions"}],"predecessor-version":[{"id":205208,"href":"https:\/\/serbiantimes.info\/en\/wp-json\/wp\/v2\/posts\/205184\/revisions\/205208"}],"wp:featuredmedia":[{"embeddable":true,"href":"https:\/\/serbiantimes.info\/en\/wp-json\/wp\/v2\/media\/205185"}],"wp:attachment":[{"href":"https:\/\/serbiantimes.info\/en\/wp-json\/wp\/v2\/media?parent=205184"}],"wp:term":[{"taxonomy":"category","embeddable":true,"href":"https:\/\/serbiantimes.info\/en\/wp-json\/wp\/v2\/categories?post=205184"},{"taxonomy":"post_tag","embeddable":true,"href":"https:\/\/serbiantimes.info\/en\/wp-json\/wp\/v2\/tags?post=205184"}],"curies":[{"name":"wp","href":"https:\/\/api.w.org\/{rel}","templated":true}]}}