{"id":204473,"date":"2026-03-16T17:16:17","date_gmt":"2026-03-16T15:16:17","guid":{"rendered":"https:\/\/serbiantimes.info\/en\/?p=204473"},"modified":"2026-03-16T17:17:38","modified_gmt":"2026-03-16T15:17:38","slug":"a-big-surprise-in-republika-srpska-savo-minic-resigned-from-the-position-of-prime-minister","status":"publish","type":"post","link":"https:\/\/serbiantimes.info\/en\/a-big-surprise-in-republika-srpska-savo-minic-resigned-from-the-position-of-prime-minister\/","title":{"rendered":"A BIG SURPRISE IN REPUBLIKA SRPSKA: Savo Mini\u0107 resigned from the position of prime minister!"},"content":{"rendered":"\n<p class=\"wp-block-paragraph\"><strong><em>The Prime Minister of Republika Srpska, Savo Mini\u0107, resigned from this position today.<\/em><\/strong><\/p>\n\n\n\n<p class=\"wp-block-paragraph\">This was confirmed by Mini\u0107 himself at today&#8217;s press conference. The decision came unexpectedly, as there had been no prior announcement that something like this could happen.<\/p>\n\n\n\n<p class=\"wp-block-paragraph\">As a reminder, Mini\u0107 succeeded Radovan Vi\u0161kovi\u0107 from the SNSD as the Prime Minister of RS not so long ago.<\/p>\n\n\n\n<h4 class=\"wp-block-heading\"><mark style=\"background-color:#FFFFFF;color:#d21414\" class=\"has-inline-color\">MORE TOPICS:<\/mark><\/h4>\n\n\n\n<p class=\"wp-block-paragraph\"><strong><a href=\"https:\/\/serbiantimes.info\/en\/university-professor-in-tehran-iranians-are-like-serbians-the-bombing-united-the-entire-nation-around-the-flag-video\/\" target=\"_blank\" rel=\"noopener\" title=\"\">UNIVERSITY PROFESSOR IN TEHRAN: Iranians are like Serbians, the bombing united the entire nation around the flag! (VIDEO)<\/a><\/strong><\/p>\n\n\n\n<p class=\"wp-block-paragraph\"><strong><a href=\"https:\/\/serbiantimes.info\/en\/what-a-triumph-for-the-serbian-team-in-chicago-dinara-won-the-european-league-with-a-goal-in-the-last-second-of-the-match-video\/\" target=\"_blank\" rel=\"noopener\" title=\"\">WHAT A TRIUMPH FOR THE SERBIAN TEAM IN CHICAGO!: \u201eDinara\u201c won the European League with a goal in the last second of the match! (VIDEO)<\/a><\/strong><\/p>\n\n\n\n<p class=\"wp-block-paragraph\"><strong><a href=\"https:\/\/serbiantimes.info\/en\/all-flights-suspended-iran-carried-out-a-powerful-strike-on-the-airport-in-dubai-a-fuel-warehouse-is-on-fire-video\/\" target=\"_blank\" rel=\"noopener\" title=\"\">ALL FLIGHTS SUSPENDED: Iran carried out a powerful strike on the airport in Dubai, a fuel warehouse is on fire! (VIDEO)<\/a><\/strong><\/p>\n\n\n\n<p class=\"wp-block-paragraph\"><strong><a href=\"https:\/\/serbiantimes.info\/en\/the-most-hyped-film-won-the-oscar-hollywood-hypocrisy-and-posturing-only-bardem-raised-his-voice-against-the-war-in-iran-hats-off-to-sean-penn-video\/\" target=\"_blank\" rel=\"noopener\" title=\"\">THE MOST HYPED FILM WON THE OSCAR: Hollywood hypocrisy and posturing, only Bardem raised his voice against the war in Iran! Hats off to Sean Penn! (VIDEO)<\/a><\/strong><\/p>\n\n\n\n<p class=\"wp-block-paragraph\"><strong>Source<\/strong>: <a href=\"https:\/\/nova.rs\/vesti\/svet\/savo-minic-podneo-ostavku-na-mesto-premijera-republike-srpske\/\" target=\"_blank\" rel=\"noopener\" title=\"\">Nova.rs<\/a>; <strong>Photo<\/strong>: ATA Images<\/p>\n","protected":false},"excerpt":{"rendered":"<p>The Prime Minister of Republika Srpska, Savo Mini\u0107, resigned from this position today. This was confirmed by Mini\u0107 himself at today&#8217;s press conference. The decision came unexpectedly, as there had been no prior announcement that something like this could happen. As a reminder, Mini\u0107 succeeded Radovan Vi\u0161kovi\u0107 from the SNSD as the Prime Minister of [&hellip;]<\/p>\n","protected":false},"author":2169,"featured_media":204474,"comment_status":"open","ping_status":"open","sticky":false,"template":"","format":"standard","meta":{"newspack_featured_image_position":"","newspack_post_subtitle":"","newspack_article_summary_title":"Overview:","newspack_article_summary":"","newspack_hide_updated_date":false,"newspack_show_updated_date":false,"footnotes":""},"categories":[8],"tags":[116,341,2168,11752,592,10792],"class_list":["post-204473","post","type-post","status-publish","format-standard","has-post-thumbnail","hentry","category-balkan","tag-balkan","tag-bosna-i-hercegovina","tag-ostavka","tag-premijer-republike-srpske","tag-republika-srpska","tag-savo-minic","entry"],"aioseo_notices":[],"aioseo_head":"\n\t\t<!-- All in One SEO 5.0.1.1 - aioseo.com -->\n\t<meta name=\"description\" content=\"The Prime Minister of Republika Srpska, Savo Mini\u0107, resigned from this position today. This was confirmed by Mini\u0107 himself at today&#039;s press conference. The decision came unexpectedly, as there had been no prior announcement that something like this could happen. As a reminder, Mini\u0107 succeeded Radovan Vi\u0161kovi\u0107 from the SNSD as the Prime Minister of\" \/>\n\t<meta name=\"robots\" content=\"max-image-preview:large\" \/>\n\t<meta name=\"author\" content=\"Serbian Times\"\/>\n\t<link rel=\"canonical\" href=\"https:\/\/serbiantimes.info\/en\/a-big-surprise-in-republika-srpska-savo-minic-resigned-from-the-position-of-prime-minister\/\" \/>\n\t<meta name=\"generator\" content=\"All in One SEO (AIOSEO) 5.0.1.1\" \/>\n\t\t<meta property=\"og:locale\" content=\"en_US\" \/>\n\t\t<meta property=\"og:site_name\" content=\"Serbiantimes.info EN |\" \/>\n\t\t<meta property=\"og:type\" content=\"article\" \/>\n\t\t<meta property=\"og:title\" content=\"A BIG SURPRISE IN REPUBLIKA SRPSKA: Savo Mini\u0107 resigned from the position of prime minister! | Serbiantimes.info EN\" \/>\n\t\t<meta property=\"og:description\" content=\"The Prime Minister of Republika Srpska, Savo Mini\u0107, resigned from this position today. This was confirmed by Mini\u0107 himself at today&#039;s press conference. The decision came unexpectedly, as there had been no prior announcement that something like this could happen. As a reminder, Mini\u0107 succeeded Radovan Vi\u0161kovi\u0107 from the SNSD as the Prime Minister of\" \/>\n\t\t<meta property=\"og:url\" content=\"https:\/\/serbiantimes.info\/en\/a-big-surprise-in-republika-srpska-savo-minic-resigned-from-the-position-of-prime-minister\/\" \/>\n\t\t<meta property=\"og:image\" content=\"https:\/\/serbiantimes.info\/en\/wp-content\/uploads\/sites\/2\/2026\/03\/ST-Montaze-2026-03-16T095503.021.jpg\" \/>\n\t\t<meta property=\"og:image:secure_url\" content=\"https:\/\/serbiantimes.info\/en\/wp-content\/uploads\/sites\/2\/2026\/03\/ST-Montaze-2026-03-16T095503.021.jpg\" \/>\n\t\t<meta property=\"og:image:width\" content=\"1200\" \/>\n\t\t<meta property=\"og:image:height\" content=\"750\" \/>\n\t\t<meta property=\"article:published_time\" content=\"2026-03-16T15:16:17+00:00\" \/>\n\t\t<meta property=\"article:modified_time\" content=\"2026-03-16T15:17:38+00:00\" \/>\n\t\t<meta name=\"twitter:card\" content=\"summary_large_image\" \/>\n\t\t<meta name=\"twitter:title\" content=\"A BIG SURPRISE IN REPUBLIKA SRPSKA: Savo Mini\u0107 resigned from the position of prime minister! | Serbiantimes.info EN\" \/>\n\t\t<meta name=\"twitter:description\" content=\"The Prime Minister of Republika Srpska, Savo Mini\u0107, resigned from this position today. This was confirmed by Mini\u0107 himself at today&#039;s press conference. The decision came unexpectedly, as there had been no prior announcement that something like this could happen. As a reminder, Mini\u0107 succeeded Radovan Vi\u0161kovi\u0107 from the SNSD as the Prime Minister of\" \/>\n\t\t<meta name=\"twitter:image\" content=\"https:\/\/serbiantimes.info\/en\/wp-content\/uploads\/sites\/2\/2026\/03\/ST-Montaze-2026-03-16T095503.021.jpg\" \/>\n\t\t<script type=\"application\/ld+json\" class=\"aioseo-schema\">\n\t\t\t{\"@context\":\"https:\\\/\\\/schema.org\",\"@graph\":[{\"@type\":\"BlogPosting\",\"@id\":\"https:\\\/\\\/serbiantimes.info\\\/en\\\/a-big-surprise-in-republika-srpska-savo-minic-resigned-from-the-position-of-prime-minister\\\/#blogposting\",\"name\":\"A BIG SURPRISE IN REPUBLIKA SRPSKA: Savo Mini\\u0107 resigned from the position of prime minister! | Serbiantimes.info EN\",\"headline\":\"A BIG SURPRISE IN REPUBLIKA SRPSKA: Savo Mini\\u0107 resigned from the position of prime minister!\",\"author\":{\"@id\":\"https:\\\/\\\/serbiantimes.info\\\/en\\\/author\\\/serbiantimes-portal\\\/#author\"},\"publisher\":{\"@id\":\"https:\\\/\\\/serbiantimes.info\\\/en\\\/#organization\"},\"image\":{\"@type\":\"ImageObject\",\"url\":\"https:\\\/\\\/serbiantimes.info\\\/en\\\/wp-content\\\/uploads\\\/sites\\\/2\\\/2026\\\/03\\\/ST-Montaze-2026-03-16T095503.021.jpg\",\"width\":1200,\"height\":750},\"datePublished\":\"2026-03-16T17:16:17+02:00\",\"dateModified\":\"2026-03-16T17:17:38+02:00\",\"inLanguage\":\"en-US\",\"mainEntityOfPage\":{\"@id\":\"https:\\\/\\\/serbiantimes.info\\\/en\\\/a-big-surprise-in-republika-srpska-savo-minic-resigned-from-the-position-of-prime-minister\\\/#webpage\"},\"isPartOf\":{\"@id\":\"https:\\\/\\\/serbiantimes.info\\\/en\\\/a-big-surprise-in-republika-srpska-savo-minic-resigned-from-the-position-of-prime-minister\\\/#webpage\"},\"articleSection\":\"BALKAN, Balkan, Bosna i Hercegovina, ostavka, premijer republike srpske, Republika Srpska, savo mini\\u0107\"},{\"@type\":\"BreadcrumbList\",\"@id\":\"https:\\\/\\\/serbiantimes.info\\\/en\\\/a-big-surprise-in-republika-srpska-savo-minic-resigned-from-the-position-of-prime-minister\\\/#breadcrumblist\",\"itemListElement\":[{\"@type\":\"ListItem\",\"@id\":\"https:\\\/\\\/serbiantimes.info\\\/en#listItem\",\"position\":1,\"name\":\"Home\",\"item\":\"https:\\\/\\\/serbiantimes.info\\\/en\",\"nextItem\":{\"@type\":\"ListItem\",\"@id\":\"https:\\\/\\\/serbiantimes.info\\\/en\\\/category\\\/balkan\\\/#listItem\",\"name\":\"BALKAN\"}},{\"@type\":\"ListItem\",\"@id\":\"https:\\\/\\\/serbiantimes.info\\\/en\\\/category\\\/balkan\\\/#listItem\",\"position\":2,\"name\":\"BALKAN\",\"item\":\"https:\\\/\\\/serbiantimes.info\\\/en\\\/category\\\/balkan\\\/\",\"nextItem\":{\"@type\":\"ListItem\",\"@id\":\"https:\\\/\\\/serbiantimes.info\\\/en\\\/a-big-surprise-in-republika-srpska-savo-minic-resigned-from-the-position-of-prime-minister\\\/#listItem\",\"name\":\"A BIG SURPRISE IN REPUBLIKA SRPSKA: Savo Mini\\u0107 resigned from the position of prime minister!\"},\"previousItem\":{\"@type\":\"ListItem\",\"@id\":\"https:\\\/\\\/serbiantimes.info\\\/en#listItem\",\"name\":\"Home\"}},{\"@type\":\"ListItem\",\"@id\":\"https:\\\/\\\/serbiantimes.info\\\/en\\\/a-big-surprise-in-republika-srpska-savo-minic-resigned-from-the-position-of-prime-minister\\\/#listItem\",\"position\":3,\"name\":\"A BIG SURPRISE IN REPUBLIKA SRPSKA: Savo Mini\\u0107 resigned from the position of prime minister!\",\"previousItem\":{\"@type\":\"ListItem\",\"@id\":\"https:\\\/\\\/serbiantimes.info\\\/en\\\/category\\\/balkan\\\/#listItem\",\"name\":\"BALKAN\"}}]},{\"@type\":\"Organization\",\"@id\":\"https:\\\/\\\/serbiantimes.info\\\/en\\\/#organization\",\"name\":\"Serbiantimes.info EN\",\"url\":\"https:\\\/\\\/serbiantimes.info\\\/en\\\/\",\"logo\":{\"@type\":\"ImageObject\",\"url\":\"https:\\\/\\\/serbiantimes.info\\\/en\\\/wp-content\\\/uploads\\\/sites\\\/2\\\/2024\\\/10\\\/cropped-cropped-Serbian-Times-Header-Logo-1.png\",\"@id\":\"https:\\\/\\\/serbiantimes.info\\\/en\\\/a-big-surprise-in-republika-srpska-savo-minic-resigned-from-the-position-of-prime-minister\\\/#organizationLogo\",\"width\":480,\"height\":100},\"image\":{\"@id\":\"https:\\\/\\\/serbiantimes.info\\\/en\\\/a-big-surprise-in-republika-srpska-savo-minic-resigned-from-the-position-of-prime-minister\\\/#organizationLogo\"}},{\"@type\":\"Person\",\"@id\":\"https:\\\/\\\/serbiantimes.info\\\/en\\\/author\\\/serbiantimes-portal\\\/#author\",\"url\":\"https:\\\/\\\/serbiantimes.info\\\/en\\\/author\\\/serbiantimes-portal\\\/\",\"name\":\"Serbian Times\",\"image\":{\"@type\":\"ImageObject\",\"@id\":\"https:\\\/\\\/serbiantimes.info\\\/en\\\/a-big-surprise-in-republika-srpska-savo-minic-resigned-from-the-position-of-prime-minister\\\/#authorImage\",\"url\":\"https:\\\/\\\/secure.gravatar.com\\\/avatar\\\/ea76e009769270b4193e2bc7e032c096b4ae135483ec03b396fd0f520bc3dcfd?s=96&d=mm&r=g\",\"width\":96,\"height\":96,\"caption\":\"Serbian Times\"}},{\"@type\":\"WebPage\",\"@id\":\"https:\\\/\\\/serbiantimes.info\\\/en\\\/a-big-surprise-in-republika-srpska-savo-minic-resigned-from-the-position-of-prime-minister\\\/#webpage\",\"url\":\"https:\\\/\\\/serbiantimes.info\\\/en\\\/a-big-surprise-in-republika-srpska-savo-minic-resigned-from-the-position-of-prime-minister\\\/\",\"name\":\"A BIG SURPRISE IN REPUBLIKA SRPSKA: Savo Mini\\u0107 resigned from the position of prime minister! | Serbiantimes.info EN\",\"description\":\"The Prime Minister of Republika Srpska, Savo Mini\\u0107, resigned from this position today. This was confirmed by Mini\\u0107 himself at today's press conference. The decision came unexpectedly, as there had been no prior announcement that something like this could happen. As a reminder, Mini\\u0107 succeeded Radovan Vi\\u0161kovi\\u0107 from the SNSD as the Prime Minister of\",\"inLanguage\":\"en-US\",\"isPartOf\":{\"@id\":\"https:\\\/\\\/serbiantimes.info\\\/en\\\/#website\"},\"breadcrumb\":{\"@id\":\"https:\\\/\\\/serbiantimes.info\\\/en\\\/a-big-surprise-in-republika-srpska-savo-minic-resigned-from-the-position-of-prime-minister\\\/#breadcrumblist\"},\"author\":{\"@id\":\"https:\\\/\\\/serbiantimes.info\\\/en\\\/author\\\/serbiantimes-portal\\\/#author\"},\"creator\":{\"@id\":\"https:\\\/\\\/serbiantimes.info\\\/en\\\/author\\\/serbiantimes-portal\\\/#author\"},\"image\":{\"@type\":\"ImageObject\",\"url\":\"https:\\\/\\\/serbiantimes.info\\\/en\\\/wp-content\\\/uploads\\\/sites\\\/2\\\/2026\\\/03\\\/ST-Montaze-2026-03-16T095503.021.jpg\",\"@id\":\"https:\\\/\\\/serbiantimes.info\\\/en\\\/a-big-surprise-in-republika-srpska-savo-minic-resigned-from-the-position-of-prime-minister\\\/#mainImage\",\"width\":1200,\"height\":750},\"primaryImageOfPage\":{\"@id\":\"https:\\\/\\\/serbiantimes.info\\\/en\\\/a-big-surprise-in-republika-srpska-savo-minic-resigned-from-the-position-of-prime-minister\\\/#mainImage\"},\"datePublished\":\"2026-03-16T17:16:17+02:00\",\"dateModified\":\"2026-03-16T17:17:38+02:00\"},{\"@type\":\"WebSite\",\"@id\":\"https:\\\/\\\/serbiantimes.info\\\/en\\\/#website\",\"url\":\"https:\\\/\\\/serbiantimes.info\\\/en\\\/\",\"name\":\"Serbiantimes.info EN\",\"inLanguage\":\"en-US\",\"publisher\":{\"@id\":\"https:\\\/\\\/serbiantimes.info\\\/en\\\/#organization\"}}]}\n\t\t<\/script>\n\t\t<!-- All in One SEO -->\n\n","aioseo_head_json":{"title":"A BIG SURPRISE IN REPUBLIKA SRPSKA: Savo Mini\u0107 resigned from the position of prime minister! | Serbiantimes.info EN","description":"The Prime Minister of Republika Srpska, Savo Mini\u0107, resigned from this position today. This was confirmed by Mini\u0107 himself at today's press conference. The decision came unexpectedly, as there had been no prior announcement that something like this could happen. As a reminder, Mini\u0107 succeeded Radovan Vi\u0161kovi\u0107 from the SNSD as the Prime Minister of","canonical_url":"https:\/\/serbiantimes.info\/en\/a-big-surprise-in-republika-srpska-savo-minic-resigned-from-the-position-of-prime-minister\/","robots":"max-image-preview:large","keywords":"","webmasterTools":{"miscellaneous":""},"schema":{"@context":"https:\/\/schema.org","@graph":[{"@type":"BlogPosting","@id":"https:\/\/serbiantimes.info\/en\/a-big-surprise-in-republika-srpska-savo-minic-resigned-from-the-position-of-prime-minister\/#blogposting","name":"A BIG SURPRISE IN REPUBLIKA SRPSKA: Savo Mini\u0107 resigned from the position of prime minister! | Serbiantimes.info EN","headline":"A BIG SURPRISE IN REPUBLIKA SRPSKA: Savo Mini\u0107 resigned from the position of prime minister!","author":{"@id":"https:\/\/serbiantimes.info\/en\/author\/serbiantimes-portal\/#author"},"publisher":{"@id":"https:\/\/serbiantimes.info\/en\/#organization"},"image":{"@type":"ImageObject","url":"https:\/\/serbiantimes.info\/en\/wp-content\/uploads\/sites\/2\/2026\/03\/ST-Montaze-2026-03-16T095503.021.jpg","width":1200,"height":750},"datePublished":"2026-03-16T17:16:17+02:00","dateModified":"2026-03-16T17:17:38+02:00","inLanguage":"en-US","mainEntityOfPage":{"@id":"https:\/\/serbiantimes.info\/en\/a-big-surprise-in-republika-srpska-savo-minic-resigned-from-the-position-of-prime-minister\/#webpage"},"isPartOf":{"@id":"https:\/\/serbiantimes.info\/en\/a-big-surprise-in-republika-srpska-savo-minic-resigned-from-the-position-of-prime-minister\/#webpage"},"articleSection":"BALKAN, Balkan, Bosna i Hercegovina, ostavka, premijer republike srpske, Republika Srpska, savo mini\u0107"},{"@type":"BreadcrumbList","@id":"https:\/\/serbiantimes.info\/en\/a-big-surprise-in-republika-srpska-savo-minic-resigned-from-the-position-of-prime-minister\/#breadcrumblist","itemListElement":[{"@type":"ListItem","@id":"https:\/\/serbiantimes.info\/en#listItem","position":1,"name":"Home","item":"https:\/\/serbiantimes.info\/en","nextItem":{"@type":"ListItem","@id":"https:\/\/serbiantimes.info\/en\/category\/balkan\/#listItem","name":"BALKAN"}},{"@type":"ListItem","@id":"https:\/\/serbiantimes.info\/en\/category\/balkan\/#listItem","position":2,"name":"BALKAN","item":"https:\/\/serbiantimes.info\/en\/category\/balkan\/","nextItem":{"@type":"ListItem","@id":"https:\/\/serbiantimes.info\/en\/a-big-surprise-in-republika-srpska-savo-minic-resigned-from-the-position-of-prime-minister\/#listItem","name":"A BIG SURPRISE IN REPUBLIKA SRPSKA: Savo Mini\u0107 resigned from the position of prime minister!"},"previousItem":{"@type":"ListItem","@id":"https:\/\/serbiantimes.info\/en#listItem","name":"Home"}},{"@type":"ListItem","@id":"https:\/\/serbiantimes.info\/en\/a-big-surprise-in-republika-srpska-savo-minic-resigned-from-the-position-of-prime-minister\/#listItem","position":3,"name":"A BIG SURPRISE IN REPUBLIKA SRPSKA: Savo Mini\u0107 resigned from the position of prime minister!","previousItem":{"@type":"ListItem","@id":"https:\/\/serbiantimes.info\/en\/category\/balkan\/#listItem","name":"BALKAN"}}]},{"@type":"Organization","@id":"https:\/\/serbiantimes.info\/en\/#organization","name":"Serbiantimes.info EN","url":"https:\/\/serbiantimes.info\/en\/","logo":{"@type":"ImageObject","url":"https:\/\/serbiantimes.info\/en\/wp-content\/uploads\/sites\/2\/2024\/10\/cropped-cropped-Serbian-Times-Header-Logo-1.png","@id":"https:\/\/serbiantimes.info\/en\/a-big-surprise-in-republika-srpska-savo-minic-resigned-from-the-position-of-prime-minister\/#organizationLogo","width":480,"height":100},"image":{"@id":"https:\/\/serbiantimes.info\/en\/a-big-surprise-in-republika-srpska-savo-minic-resigned-from-the-position-of-prime-minister\/#organizationLogo"}},{"@type":"Person","@id":"https:\/\/serbiantimes.info\/en\/author\/serbiantimes-portal\/#author","url":"https:\/\/serbiantimes.info\/en\/author\/serbiantimes-portal\/","name":"Serbian Times","image":{"@type":"ImageObject","@id":"https:\/\/serbiantimes.info\/en\/a-big-surprise-in-republika-srpska-savo-minic-resigned-from-the-position-of-prime-minister\/#authorImage","url":"https:\/\/secure.gravatar.com\/avatar\/ea76e009769270b4193e2bc7e032c096b4ae135483ec03b396fd0f520bc3dcfd?s=96&d=mm&r=g","width":96,"height":96,"caption":"Serbian Times"}},{"@type":"WebPage","@id":"https:\/\/serbiantimes.info\/en\/a-big-surprise-in-republika-srpska-savo-minic-resigned-from-the-position-of-prime-minister\/#webpage","url":"https:\/\/serbiantimes.info\/en\/a-big-surprise-in-republika-srpska-savo-minic-resigned-from-the-position-of-prime-minister\/","name":"A BIG SURPRISE IN REPUBLIKA SRPSKA: Savo Mini\u0107 resigned from the position of prime minister! | Serbiantimes.info EN","description":"The Prime Minister of Republika Srpska, Savo Mini\u0107, resigned from this position today. This was confirmed by Mini\u0107 himself at today's press conference. The decision came unexpectedly, as there had been no prior announcement that something like this could happen. As a reminder, Mini\u0107 succeeded Radovan Vi\u0161kovi\u0107 from the SNSD as the Prime Minister of","inLanguage":"en-US","isPartOf":{"@id":"https:\/\/serbiantimes.info\/en\/#website"},"breadcrumb":{"@id":"https:\/\/serbiantimes.info\/en\/a-big-surprise-in-republika-srpska-savo-minic-resigned-from-the-position-of-prime-minister\/#breadcrumblist"},"author":{"@id":"https:\/\/serbiantimes.info\/en\/author\/serbiantimes-portal\/#author"},"creator":{"@id":"https:\/\/serbiantimes.info\/en\/author\/serbiantimes-portal\/#author"},"image":{"@type":"ImageObject","url":"https:\/\/serbiantimes.info\/en\/wp-content\/uploads\/sites\/2\/2026\/03\/ST-Montaze-2026-03-16T095503.021.jpg","@id":"https:\/\/serbiantimes.info\/en\/a-big-surprise-in-republika-srpska-savo-minic-resigned-from-the-position-of-prime-minister\/#mainImage","width":1200,"height":750},"primaryImageOfPage":{"@id":"https:\/\/serbiantimes.info\/en\/a-big-surprise-in-republika-srpska-savo-minic-resigned-from-the-position-of-prime-minister\/#mainImage"},"datePublished":"2026-03-16T17:16:17+02:00","dateModified":"2026-03-16T17:17:38+02:00"},{"@type":"WebSite","@id":"https:\/\/serbiantimes.info\/en\/#website","url":"https:\/\/serbiantimes.info\/en\/","name":"Serbiantimes.info EN","inLanguage":"en-US","publisher":{"@id":"https:\/\/serbiantimes.info\/en\/#organization"}}]},"og:locale":"en_US","og:site_name":"Serbiantimes.info EN |","og:type":"article","og:title":"A BIG SURPRISE IN REPUBLIKA SRPSKA: Savo Mini\u0107 resigned from the position of prime minister! | Serbiantimes.info EN","og:description":"The Prime Minister of Republika Srpska, Savo Mini\u0107, resigned from this position today. This was confirmed by Mini\u0107 himself at today's press conference. The decision came unexpectedly, as there had been no prior announcement that something like this could happen. As a reminder, Mini\u0107 succeeded Radovan Vi\u0161kovi\u0107 from the SNSD as the Prime Minister of","og:url":"https:\/\/serbiantimes.info\/en\/a-big-surprise-in-republika-srpska-savo-minic-resigned-from-the-position-of-prime-minister\/","og:image":"https:\/\/serbiantimes.info\/en\/wp-content\/uploads\/sites\/2\/2026\/03\/ST-Montaze-2026-03-16T095503.021.jpg","og:image:secure_url":"https:\/\/serbiantimes.info\/en\/wp-content\/uploads\/sites\/2\/2026\/03\/ST-Montaze-2026-03-16T095503.021.jpg","og:image:width":1200,"og:image:height":750,"article:published_time":"2026-03-16T15:16:17+00:00","article:modified_time":"2026-03-16T15:17:38+00:00","twitter:card":"summary_large_image","twitter:title":"A BIG SURPRISE IN REPUBLIKA SRPSKA: Savo Mini\u0107 resigned from the position of prime minister! | Serbiantimes.info EN","twitter:description":"The Prime Minister of Republika Srpska, Savo Mini\u0107, resigned from this position today. This was confirmed by Mini\u0107 himself at today's press conference. The decision came unexpectedly, as there had been no prior announcement that something like this could happen. As a reminder, Mini\u0107 succeeded Radovan Vi\u0161kovi\u0107 from the SNSD as the Prime Minister of","twitter:image":"https:\/\/serbiantimes.info\/en\/wp-content\/uploads\/sites\/2\/2026\/03\/ST-Montaze-2026-03-16T095503.021.jpg"},"aioseo_meta_data":{"post_id":"204473","title":null,"description":null,"keywords":null,"keyphrases":{"focus":{"keyphrase":"","score":0,"analysis":{"keyphraseInTitle":{"score":0,"maxScore":9,"error":1}}},"additional":[]},"primary_term":null,"canonical_url":null,"og_title":null,"og_description":null,"og_object_type":"default","og_image_type":"default","og_image_url":null,"og_image_width":null,"og_image_height":null,"og_image_custom_url":null,"og_image_custom_fields":null,"og_video":"","og_custom_url":null,"og_article_section":null,"og_article_tags":null,"twitter_use_og":false,"twitter_card":"default","twitter_image_type":"default","twitter_image_url":null,"twitter_image_custom_url":null,"twitter_image_custom_fields":null,"twitter_title":null,"twitter_description":null,"schema":{"blockGraphs":[],"customGraphs":[],"default":{"data":{"Article":[],"Course":[],"Dataset":[],"FAQPage":[],"Movie":[],"Person":[],"Product":[],"ProductReview":[],"Car":[],"Recipe":[],"Service":[],"SoftwareApplication":[],"WebPage":[]},"graphName":"BlogPosting","isEnabled":true},"graphs":[]},"schema_type":"default","schema_type_options":null,"pillar_content":false,"robots_default":true,"robots_noindex":false,"robots_noarchive":false,"robots_nosnippet":false,"robots_nofollow":false,"robots_noimageindex":false,"robots_noodp":false,"robots_notranslate":false,"robots_max_snippet":"-1","robots_max_videopreview":"-1","robots_max_imagepreview":"large","priority":null,"frequency":"default","local_seo":null,"breadcrumb_settings":null,"limit_modified_date":false,"ai":{"faqs":[],"keyPoints":[],"titles":[],"descriptions":[],"socialPosts":{"email":[],"linkedin":[],"twitter":[],"facebook":[],"instagram":[]}},"created":"2026-03-16 15:16:18","updated":"2026-03-17 13:00:39","focus_keyword":null,"additional_keywords":null,"truseo_locale":null,"seo_analyzer_scan_date":null},"aioseo_breadcrumb":"<div class=\"aioseo-breadcrumbs\"><span class=\"aioseo-breadcrumb\">\n\t\t\t<a href=\"https:\/\/serbiantimes.info\/en\" title=\"Home\">Home<\/a>\n\t\t<\/span><span class=\"aioseo-breadcrumb-separator\">&raquo;<\/span><span class=\"aioseo-breadcrumb\">\n\t\t\t<a href=\"https:\/\/serbiantimes.info\/en\/category\/balkan\/\" title=\"BALKAN\">BALKAN<\/a>\n\t\t<\/span><span class=\"aioseo-breadcrumb-separator\">&raquo;<\/span><span class=\"aioseo-breadcrumb\">\n\t\t\tA BIG SURPRISE IN REPUBLIKA SRPSKA: Savo Mini\u0107 resigned from the position of prime minister!\n\t\t<\/span><\/div>","aioseo_breadcrumb_json":[{"label":"Home","link":"https:\/\/serbiantimes.info\/en"},{"label":"BALKAN","link":"https:\/\/serbiantimes.info\/en\/category\/balkan\/"},{"label":"A BIG SURPRISE IN REPUBLIKA SRPSKA: Savo Mini\u0107 resigned from the position of prime minister!","link":"https:\/\/serbiantimes.info\/en\/a-big-surprise-in-republika-srpska-savo-minic-resigned-from-the-position-of-prime-minister\/"}],"distributor_meta":false,"distributor_terms":false,"distributor_media":false,"distributor_original_site_name":"Serbiantimes.info EN","distributor_original_site_url":"https:\/\/serbiantimes.info\/en","push-errors":false,"_links":{"self":[{"href":"https:\/\/serbiantimes.info\/en\/wp-json\/wp\/v2\/posts\/204473","targetHints":{"allow":["GET"]}}],"collection":[{"href":"https:\/\/serbiantimes.info\/en\/wp-json\/wp\/v2\/posts"}],"about":[{"href":"https:\/\/serbiantimes.info\/en\/wp-json\/wp\/v2\/types\/post"}],"author":[{"embeddable":true,"href":"https:\/\/serbiantimes.info\/en\/wp-json\/wp\/v2\/users\/2169"}],"replies":[{"embeddable":true,"href":"https:\/\/serbiantimes.info\/en\/wp-json\/wp\/v2\/comments?post=204473"}],"version-history":[{"count":2,"href":"https:\/\/serbiantimes.info\/en\/wp-json\/wp\/v2\/posts\/204473\/revisions"}],"predecessor-version":[{"id":204515,"href":"https:\/\/serbiantimes.info\/en\/wp-json\/wp\/v2\/posts\/204473\/revisions\/204515"}],"wp:featuredmedia":[{"embeddable":true,"href":"https:\/\/serbiantimes.info\/en\/wp-json\/wp\/v2\/media\/204474"}],"wp:attachment":[{"href":"https:\/\/serbiantimes.info\/en\/wp-json\/wp\/v2\/media?parent=204473"}],"wp:term":[{"taxonomy":"category","embeddable":true,"href":"https:\/\/serbiantimes.info\/en\/wp-json\/wp\/v2\/categories?post=204473"},{"taxonomy":"post_tag","embeddable":true,"href":"https:\/\/serbiantimes.info\/en\/wp-json\/wp\/v2\/tags?post=204473"}],"curies":[{"name":"wp","href":"https:\/\/api.w.org\/{rel}","templated":true}]}}