{"id":204348,"date":"2026-03-14T15:04:10","date_gmt":"2026-03-14T13:04:10","guid":{"rendered":"https:\/\/serbiantimes.info\/en\/?p=204348"},"modified":"2026-03-14T15:04:12","modified_gmt":"2026-03-14T13:04:12","slug":"an-exodus-of-serbs-from-kosovo-is-being-prepared-vucic-to-wait-for-them-in-a-container-near-jarinje-milica-durdevic-promises-soup-kitchens-for-them","status":"publish","type":"post","link":"https:\/\/serbiantimes.info\/en\/an-exodus-of-serbs-from-kosovo-is-being-prepared-vucic-to-wait-for-them-in-a-container-near-jarinje-milica-durdevic-promises-soup-kitchens-for-them\/","title":{"rendered":"AN EXODUS OF SERBS FROM KOSOVO IS BEING PREPARED: Vu\u010di\u0107 to Wait for Them in a Container Near Jarinje, Milica \u0110ur\u0111evi\u0107 Promises Soup Kitchens for Them!"},"content":{"rendered":"\n<p>Aleksandar Vu\u010di\u0107, President of Serbia, announced that next week he will sit in a container on the side of central Serbia, near one of the administrative crossings with Kosovo, to wait for Serbs and speak with them.<\/p>\n\n\n\n<p>After a long silence regarding the controversial <strong>Law on Foreigners<\/strong>, which is set to take effect on March 15, Vu\u010di\u0107 spoke out about the situation for Serbs in Kosovo and Metohija (KiM).<\/p>\n\n\n\n<p>Appearing Thursday evening on RTS, he said he hopes to work with European officials to resolve issues caused by the law, noting that success would be a significant achievement.<\/p>\n\n\n\n<p>According to Vu\u010di\u0107, the Kosovo Law on Foreigners is a blow to education and healthcare. He estimated that it could affect tens of thousands of Serbs living in KiM whose survival is at risk, around 500 professors working at the University of Pristina relocated to Kosovska Mitrovica, and a smaller number of doctors and teachers.<\/p>\n\n\n\n<p>\u201cI will next week go and sit in a container on the side of central Serbia, waiting for our people who cross the administrative line, to see what we can do to help. Our people are deeply worried about their lives, and I want to help them,\u201d Vu\u010di\u0107 announced.<\/p>\n\n\n\n<p>He also promised new aid measures for people from Kosovo, including one-time financial assistance for the poor.<\/p>\n\n\n\n<p>The <strong>Law on Foreigners<\/strong>, along with a vehicle law, has caused concern among the Serbian community due to its potential impact on daily life. Its implementation, originally scheduled for January 15, was postponed to March 15, during which an informational campaign is ongoing.<\/p>\n\n\n\n<figure class=\"wp-block-embed is-type-wp-embed is-provider-serbiantimes-info wp-block-embed-serbiantimes-info\"><div class=\"wp-block-embed__wrapper\">\n<blockquote class=\"wp-embedded-content\" data-secret=\"ntwaxW1fml\"><a href=\"https:\/\/serbiantimes.info\/totalno-smo-ih-zbrisali-ogroman-udarac-za-iran-moguc-haos-na-svetskom-trzistu\/\">&#8222;TOTALNO SMO IH ZBRISALI&#8220;: Ogroman udarac za Iran, mogu\u0107 haos na svetskom tr\u017ei\u0161tu!<\/a><\/blockquote><iframe loading=\"lazy\" class=\"wp-embedded-content\" sandbox=\"allow-scripts\" security=\"restricted\" style=\"position: absolute; visibility: hidden;\" title=\"&#132;&#8222;TOTALNO SMO IH ZBRISALI&#8220;: Ogroman udarac za Iran, mogu\u0107 haos na svetskom tr\u017ei\u0161tu!&#147; &#8212; Serbiantimes.info\" src=\"https:\/\/serbiantimes.info\/totalno-smo-ih-zbrisali-ogroman-udarac-za-iran-moguc-haos-na-svetskom-trzistu\/embed\/#?secret=cPqbAJKQgE#?secret=ntwaxW1fml\" data-secret=\"ntwaxW1fml\" width=\"500\" height=\"282\" frameborder=\"0\" marginwidth=\"0\" marginheight=\"0\" scrolling=\"no\"><\/iframe>\n<\/div><\/figure>\n\n\n\n<p>According to the law, reported by RTS, anyone without documents issued by Kosovo\u2019s provisional institutions cannot stay in Kosovo and Metohija for more than three months without obtaining a residence or work permit.<\/p>\n\n\n\n<p>The law treats Serbs without Pristina-issued documents as \u201cforeigners.\u201d Those who violate the conditions face strict measures, ranging from fines to deportation orders.<\/p>\n\n\n\n<p>On March 15, the <strong>Vehicle Law<\/strong> is also set to take effect, stipulating that citizens of Kosovo and Metohija cannot drive vehicles with foreign license plates without the presence of the legal owner, even if they have authorization. This means Serbs in KiM will not be able to drive cars registered in central Serbia based on authorization alone.<\/p>\n\n\n\n<p>Today, a meeting is expected in Pristina between the EU Special Envoy for the Belgrade\u2013Pristina Dialogue, Peter S\u00f8rensen, and Kosovo Prime Minister Albin Kurti.<\/p>\n\n\n\n<p>European diplomatic sources confirmed to the Pristina media outlet Koha that the urgent visit is linked to the approaching deadline for implementing the Law on Foreigners.<\/p>\n\n\n\n<h3 class=\"wp-block-heading\"><mark style=\"background-color:#FFFFFF;color:#d21414\" class=\"has-inline-color\">MORE TOPICS:<\/mark><\/h3>\n\n\n\n<p><strong><a href=\"https:\/\/serbiantimes.info\/en\/scandal-in-the-canadian-eparchy-of-the-soc-eparchy-secretary-marjanac-accused-of-embezzling-over-250000-forbidden-from-serving-until-he-returns-the-money\/\" target=\"_blank\" rel=\"noopener\" title=\"\">SCANDAL IN THE CANADIAN EPARCHY OF THE SOC: Eparchy secretary Marjanac accused of embezzling over $250,000, forbidden from serving until he returns the money!<\/a><\/strong><\/p>\n\n\n\n<p><strong><a href=\"https:\/\/serbiantimes.info\/en\/milanovic-attacked-the-whole-world-ursula-is-an-official-without-authority-and-europe-is-a-pack-of-house-cats-iran-as-well-as-israel-is-prone-to-terrorism\/\" target=\"_blank\" rel=\"noopener\" title=\"\">MILANOVIC ATTACKED THE WHOLE WORLD: Ursula is an official without authority, and Europe is a pack of house cats, Iran as well as Israel is prone to terrorism!<\/a><\/strong><\/p>\n\n\n\n<p><strong><a href=\"https:\/\/serbiantimes.info\/en\/bun-ajvar-cevapi-and-onions-in-the-middle-of-sydney-snezana-showed-australians-the-charms-of-balkan-cuisine-on-a-morning-program-video\/\" target=\"_blank\" rel=\"noopener\" title=\"\">BUN, AJVAR, CEVAPI AND ONIONS IN THE MIDDLE OF SYDNEY: Snezana showed Australians the charms of Balkan cuisine on a morning program! (VIDEO)<\/a><\/strong><\/p>\n\n\n\n<p><strong><a href=\"https:\/\/serbiantimes.info\/en\/serbian-saint-who-is-not-spoken-of-double-doctor-of-sciences-from-the-sorbonne-became-a-monk-communists-killed-him-because-he-shared-the-our-father-prayer\/\" target=\"_blank\" rel=\"noopener\" title=\"\">SERBIAN SAINT WHO IS NOT SPOKEN OF: Double doctor of sciences from the Sorbonne became a monk, communists killed him because he shared the \u201cOur Father\u201d prayer!<\/a><\/strong><\/p>\n\n\n\n<p><strong><a href=\"https:\/\/serbiantimes.info\/en\/memories-of-dragan-nikolic-unforgettable-anecdotes-of-the-legendary-actor-from-the-perspective-of-three-female-friends\/\" target=\"_blank\" rel=\"noopener\" title=\"\">MEMORIES OF DRAGAN NIKOLIC: Unforgettable anecdotes of the legendary actor from the perspective of three female friends!<\/a><\/strong><\/p>\n\n\n\n<p><strong><strong>Source<\/strong><\/strong>: <strong> <\/strong>Danas, <strong>Foto<\/strong>: R.Z.\/ATAImages<\/p>\n","protected":false},"excerpt":{"rendered":"<p>Aleksandar Vu\u010di\u0107, President of Serbia, announced that next week he will sit in a container on the side of central Serbia, near one of the administrative crossings with Kosovo, to wait for Serbs and speak with them. After a long silence regarding the controversial Law on Foreigners, which is set to take effect on March [&hellip;]<\/p>\n","protected":false},"author":2169,"featured_media":204349,"comment_status":"open","ping_status":"open","sticky":false,"template":"","format":"standard","meta":{"newspack_featured_image_position":"","newspack_post_subtitle":"","newspack_article_summary_title":"Overview:","newspack_article_summary":"","newspack_hide_updated_date":false,"newspack_show_updated_date":false,"footnotes":""},"categories":[7],"tags":[1757,108,6067,2258],"class_list":["post-204348","post","type-post","status-publish","format-standard","has-post-thumbnail","hentry","category-serbia","tag-kosmet","tag-kosovo","tag-narodna-kuhinja","tag-srbi-sa-kosova","entry"],"aioseo_notices":[],"distributor_meta":false,"distributor_terms":false,"distributor_media":false,"distributor_original_site_name":"Serbiantimes.info EN","distributor_original_site_url":"https:\/\/serbiantimes.info\/en","push-errors":false,"_links":{"self":[{"href":"https:\/\/serbiantimes.info\/en\/wp-json\/wp\/v2\/posts\/204348","targetHints":{"allow":["GET"]}}],"collection":[{"href":"https:\/\/serbiantimes.info\/en\/wp-json\/wp\/v2\/posts"}],"about":[{"href":"https:\/\/serbiantimes.info\/en\/wp-json\/wp\/v2\/types\/post"}],"author":[{"embeddable":true,"href":"https:\/\/serbiantimes.info\/en\/wp-json\/wp\/v2\/users\/2169"}],"replies":[{"embeddable":true,"href":"https:\/\/serbiantimes.info\/en\/wp-json\/wp\/v2\/comments?post=204348"}],"version-history":[{"count":2,"href":"https:\/\/serbiantimes.info\/en\/wp-json\/wp\/v2\/posts\/204348\/revisions"}],"predecessor-version":[{"id":204379,"href":"https:\/\/serbiantimes.info\/en\/wp-json\/wp\/v2\/posts\/204348\/revisions\/204379"}],"wp:featuredmedia":[{"embeddable":true,"href":"https:\/\/serbiantimes.info\/en\/wp-json\/wp\/v2\/media\/204349"}],"wp:attachment":[{"href":"https:\/\/serbiantimes.info\/en\/wp-json\/wp\/v2\/media?parent=204348"}],"wp:term":[{"taxonomy":"category","embeddable":true,"href":"https:\/\/serbiantimes.info\/en\/wp-json\/wp\/v2\/categories?post=204348"},{"taxonomy":"post_tag","embeddable":true,"href":"https:\/\/serbiantimes.info\/en\/wp-json\/wp\/v2\/tags?post=204348"}],"curies":[{"name":"wp","href":"https:\/\/api.w.org\/{rel}","templated":true}]}}