{"id":203485,"date":"2026-03-06T18:46:39","date_gmt":"2026-03-06T16:46:39","guid":{"rendered":"https:\/\/serbiantimes.info\/en\/?p=203485"},"modified":"2026-03-06T18:47:18","modified_gmt":"2026-03-06T16:47:18","slug":"exclusive-interview-tajci-before-winning-eurovision-i-experienced-sexual-violence-today-i-help-women-who-went-through-similar-traumas-like-me-video-photo","status":"publish","type":"post","link":"https:\/\/serbiantimes.info\/en\/exclusive-interview-tajci-before-winning-eurovision-i-experienced-sexual-violence-today-i-help-women-who-went-through-similar-traumas-like-me-video-photo\/","title":{"rendered":"EXCLUSIVE INTERVIEW, TAJ\u010cI: \u201cBEFORE WINNING EUROVISION I EXPERIENCED SEXUAL VIOLENCE, TODAY I HELP WOMEN WHO WENT THROUGH SIMILAR TRAUMAS LIKE ME (VIDEO, PHOTO)"},"content":{"rendered":"\n<p>You may remember her as the Yugoslav \u201cMarilyn,\u201d a teen star of a dying country and the last Eurovision winner representing SFRY. With the breakup of the former state, Tatjana Mateja\u0161, better known as Taj\u010di, embarked on a path rarely taken by artists from our scene\u2014heading to the Big Apple, New York, to study musical theatre!<\/p>\n\n\n\n<p>This, however, was a surprise only to those unaware of her family background: her father, Stanko Mateja\u0161, was a versatile, renaissance man\u2014musician, singer, announcer, host, and sound engineer\u2014so a love for music ran through her veins from birth.<\/p>\n\n\n\n<p>That talent clearly passed down to Tatiana Mateja\u0161 Cameron (her legal name today) as she spent over 30 years in the U.S., becoming a motivational speaker and life coach, journalist and TV host, while exploring new musical genres such as jazz, gospel, and spiritual music, building a successful career that led her to relocate to the heart of American folk music\u2014Nashville!<\/p>\n\n\n\n<p>Yet she hasn\u2019t forgotten the audience that loved her early on, splitting her time between Zagreb and Nashville for the past two years. While performing her late 1980s and early 1990s hits in Croatia and the region, her U.S. repertoire is \u201csomething completely different.\u201d<\/p>\n\n\n\n<figure class=\"wp-block-image size-large\"><img loading=\"lazy\" decoding=\"async\" width=\"1024\" height=\"681\" src=\"http:\/\/serbiantimes.info\/wp-content\/uploads\/sites\/2\/2026\/03\/Tatiana-Tajci-Matejas15-1024x681.jpg\" alt=\"\" class=\"wp-image-203486\" srcset=\"https:\/\/serbiantimes.info\/en\/wp-content\/uploads\/sites\/2\/2026\/03\/Tatiana-Tajci-Matejas15-1024x681.jpg 1024w, https:\/\/serbiantimes.info\/en\/wp-content\/uploads\/sites\/2\/2026\/03\/Tatiana-Tajci-Matejas15-300x200.jpg 300w, https:\/\/serbiantimes.info\/en\/wp-content\/uploads\/sites\/2\/2026\/03\/Tatiana-Tajci-Matejas15-768x511.jpg 768w, https:\/\/serbiantimes.info\/en\/wp-content\/uploads\/sites\/2\/2026\/03\/Tatiana-Tajci-Matejas15-1536x1022.jpg 1536w, https:\/\/serbiantimes.info\/en\/wp-content\/uploads\/sites\/2\/2026\/03\/Tatiana-Tajci-Matejas15-1568x1043.jpg 1568w, https:\/\/serbiantimes.info\/en\/wp-content\/uploads\/sites\/2\/2026\/03\/Tatiana-Tajci-Matejas15-1200x798.jpg 1200w, https:\/\/serbiantimes.info\/en\/wp-content\/uploads\/sites\/2\/2026\/03\/Tatiana-Tajci-Matejas15.jpg 2048w\" sizes=\"auto, (max-width: 1024px) 100vw, 1024px\" \/><\/figure>\n\n\n\n<p>NEVERENDING TALENT: Taj\u010di today as Tatiana Cameron performing with a symphony orchestra<\/p>\n\n\n\n<figure class=\"wp-block-embed is-type-video is-provider-youtube wp-block-embed-youtube wp-embed-aspect-4-3 wp-has-aspect-ratio\"><div class=\"wp-block-embed__wrapper\">\n<iframe loading=\"lazy\" title=\"HD | Taj\u010di - Hajde da ludujemo | Jugovizija 1990\" width=\"500\" height=\"375\" src=\"https:\/\/www.youtube.com\/embed\/pQ1ZMHceah0?feature=oembed\" frameborder=\"0\" allow=\"accelerometer; autoplay; clipboard-write; encrypted-media; gyroscope; picture-in-picture; web-share\" referrerpolicy=\"strict-origin-when-cross-origin\" allowfullscreen><\/iframe>\n<\/div><\/figure>\n\n\n\n<p>\u201cThe audience at home loves 1990s music, and I enjoy performing my hits as well as B-sides from my albums. I also perform evergreens of our pop music. In Nashville and across the U.S., I focus on jazz. I have an amazing mentor and fantastic musicians from Nashville, New York, and our region.\u201d<\/p>\n\n\n\n<figure class=\"ivapix-gallery wp-block-ivapix-gallery-ivapix-gallery\" data-gallery-id=\"gallery-5496556c\" data-columns=\"3\">\n\t<div class=\"ivapix-gallery__grid\" style=\"--ivapix-gallery-columns: 3\">\n\t\t\t\t\t<button\n\t\t\t\ttype=\"button\"\n\t\t\t\tclass=\"ivapix-gallery__item\"\n\t\t\t\tdata-image-index=\"0\"\n\t\t\t\taria-label=\"View image 1 of 9\"\n\t\t\t>\n\t\t\t\t<img\n\t\t\t\t\tsrc=\"http:\/\/serbiantimes.info\/wp-content\/uploads\/2026\/03\/Tatiana-Tajci-Matejas4-208x300.jpg\"\n\t\t\t\t\talt=\"\"\n\t\t\t\t\tloading=\"lazy\"\n\t\t\t\t\/>\n\t\t\t<\/button>\n\t\t\t\t\t<button\n\t\t\t\ttype=\"button\"\n\t\t\t\tclass=\"ivapix-gallery__item\"\n\t\t\t\tdata-image-index=\"1\"\n\t\t\t\taria-label=\"View image 2 of 9\"\n\t\t\t>\n\t\t\t\t<img\n\t\t\t\t\tsrc=\"http:\/\/serbiantimes.info\/wp-content\/uploads\/2026\/03\/Stanko-Matejas-211x300.jpg\"\n\t\t\t\t\talt=\"\"\n\t\t\t\t\tloading=\"lazy\"\n\t\t\t\t\/>\n\t\t\t<\/button>\n\t\t\t\t\t<button\n\t\t\t\ttype=\"button\"\n\t\t\t\tclass=\"ivapix-gallery__item\"\n\t\t\t\tdata-image-index=\"2\"\n\t\t\t\taria-label=\"View image 3 of 9\"\n\t\t\t>\n\t\t\t\t<img\n\t\t\t\t\tsrc=\"http:\/\/serbiantimes.info\/wp-content\/uploads\/2026\/03\/Tatiana-Tajci-Matejas7-268x300.jpg\"\n\t\t\t\t\talt=\"\"\n\t\t\t\t\tloading=\"lazy\"\n\t\t\t\t\/>\n\t\t\t<\/button>\n\t\t\t\t\t<button\n\t\t\t\ttype=\"button\"\n\t\t\t\tclass=\"ivapix-gallery__item\"\n\t\t\t\tdata-image-index=\"3\"\n\t\t\t\taria-label=\"View image 4 of 9\"\n\t\t\t>\n\t\t\t\t<img\n\t\t\t\t\tsrc=\"http:\/\/serbiantimes.info\/wp-content\/uploads\/2026\/03\/Tatiana-Tajci-Matejas8-209x300.jpg\"\n\t\t\t\t\talt=\"\"\n\t\t\t\t\tloading=\"lazy\"\n\t\t\t\t\/>\n\t\t\t<\/button>\n\t\t\t\t\t<button\n\t\t\t\ttype=\"button\"\n\t\t\t\tclass=\"ivapix-gallery__item\"\n\t\t\t\tdata-image-index=\"4\"\n\t\t\t\taria-label=\"View image 5 of 9\"\n\t\t\t>\n\t\t\t\t<img\n\t\t\t\t\tsrc=\"http:\/\/serbiantimes.info\/wp-content\/uploads\/2026\/03\/Tatiana-Tajci-Matejas11-214x300.jpg\"\n\t\t\t\t\talt=\"\"\n\t\t\t\t\tloading=\"lazy\"\n\t\t\t\t\/>\n\t\t\t<\/button>\n\t\t\t\t\t<button\n\t\t\t\ttype=\"button\"\n\t\t\t\tclass=\"ivapix-gallery__item\"\n\t\t\t\tdata-image-index=\"5\"\n\t\t\t\taria-label=\"View image 6 of 9\"\n\t\t\t>\n\t\t\t\t<img\n\t\t\t\t\tsrc=\"http:\/\/serbiantimes.info\/wp-content\/uploads\/2026\/03\/Tatiana-Tajci-Matejas10-230x300.jpg\"\n\t\t\t\t\talt=\"\"\n\t\t\t\t\tloading=\"lazy\"\n\t\t\t\t\/>\n\t\t\t<\/button>\n\t\t\t\t\t<button\n\t\t\t\ttype=\"button\"\n\t\t\t\tclass=\"ivapix-gallery__item\"\n\t\t\t\tdata-image-index=\"6\"\n\t\t\t\taria-label=\"View image 7 of 9\"\n\t\t\t>\n\t\t\t\t<img\n\t\t\t\t\tsrc=\"http:\/\/serbiantimes.info\/wp-content\/uploads\/2026\/03\/Tatiana-Tajci-Matejas5-253x300.jpg\"\n\t\t\t\t\talt=\"\"\n\t\t\t\t\tloading=\"lazy\"\n\t\t\t\t\/>\n\t\t\t<\/button>\n\t\t\t\t\t<button\n\t\t\t\ttype=\"button\"\n\t\t\t\tclass=\"ivapix-gallery__item\"\n\t\t\t\tdata-image-index=\"7\"\n\t\t\t\taria-label=\"View image 8 of 9\"\n\t\t\t>\n\t\t\t\t<img\n\t\t\t\t\tsrc=\"http:\/\/serbiantimes.info\/wp-content\/uploads\/2026\/03\/Tajci-Matejas8-210x300.jpg\"\n\t\t\t\t\talt=\"\"\n\t\t\t\t\tloading=\"lazy\"\n\t\t\t\t\/>\n\t\t\t<\/button>\n\t\t\t\t\t<button\n\t\t\t\ttype=\"button\"\n\t\t\t\tclass=\"ivapix-gallery__item\"\n\t\t\t\tdata-image-index=\"8\"\n\t\t\t\taria-label=\"View image 9 of 9\"\n\t\t\t>\n\t\t\t\t<img\n\t\t\t\t\tsrc=\"http:\/\/serbiantimes.info\/wp-content\/uploads\/2026\/03\/Tajci-Matejas5-225x300.jpg\"\n\t\t\t\t\talt=\"\"\n\t\t\t\t\tloading=\"lazy\"\n\t\t\t\t\/>\n\t\t\t<\/button>\n\t\t\t<\/div>\n\n\t\t\t<button type=\"button\" class=\"ivapix-gallery__view-all\">\n\t\t\tPogledaj sve\t\t<\/button>\n\t\n\t<script type=\"application\/json\" class=\"ivapix-gallery__data\">\n\t\t[{\"url\":\"http:\\\/\\\/serbiantimes.info\\\/wp-content\\\/uploads\\\/2026\\\/03\\\/Tatiana-Tajci-Matejas4.jpg\",\"thumbnailUrl\":\"http:\\\/\\\/serbiantimes.info\\\/wp-content\\\/uploads\\\/2026\\\/03\\\/Tatiana-Tajci-Matejas4-208x300.jpg\",\"alt\":\"\",\"caption\":\"\"},{\"url\":\"http:\\\/\\\/serbiantimes.info\\\/wp-content\\\/uploads\\\/2026\\\/03\\\/Stanko-Matejas.jpg\",\"thumbnailUrl\":\"http:\\\/\\\/serbiantimes.info\\\/wp-content\\\/uploads\\\/2026\\\/03\\\/Stanko-Matejas-211x300.jpg\",\"alt\":\"\",\"caption\":\"\"},{\"url\":\"http:\\\/\\\/serbiantimes.info\\\/wp-content\\\/uploads\\\/2026\\\/03\\\/Tatiana-Tajci-Matejas7.jpg\",\"thumbnailUrl\":\"http:\\\/\\\/serbiantimes.info\\\/wp-content\\\/uploads\\\/2026\\\/03\\\/Tatiana-Tajci-Matejas7-268x300.jpg\",\"alt\":\"\",\"caption\":\"\"},{\"url\":\"http:\\\/\\\/serbiantimes.info\\\/wp-content\\\/uploads\\\/2026\\\/03\\\/Tatiana-Tajci-Matejas8.jpg\",\"thumbnailUrl\":\"http:\\\/\\\/serbiantimes.info\\\/wp-content\\\/uploads\\\/2026\\\/03\\\/Tatiana-Tajci-Matejas8-209x300.jpg\",\"alt\":\"\",\"caption\":\"\"},{\"url\":\"http:\\\/\\\/serbiantimes.info\\\/wp-content\\\/uploads\\\/2026\\\/03\\\/Tatiana-Tajci-Matejas11.jpg\",\"thumbnailUrl\":\"http:\\\/\\\/serbiantimes.info\\\/wp-content\\\/uploads\\\/2026\\\/03\\\/Tatiana-Tajci-Matejas11-214x300.jpg\",\"alt\":\"\",\"caption\":\"\"},{\"url\":\"http:\\\/\\\/serbiantimes.info\\\/wp-content\\\/uploads\\\/2026\\\/03\\\/Tatiana-Tajci-Matejas10.jpg\",\"thumbnailUrl\":\"http:\\\/\\\/serbiantimes.info\\\/wp-content\\\/uploads\\\/2026\\\/03\\\/Tatiana-Tajci-Matejas10-230x300.jpg\",\"alt\":\"\",\"caption\":\"\"},{\"url\":\"http:\\\/\\\/serbiantimes.info\\\/wp-content\\\/uploads\\\/2026\\\/03\\\/Tatiana-Tajci-Matejas5.jpg\",\"thumbnailUrl\":\"http:\\\/\\\/serbiantimes.info\\\/wp-content\\\/uploads\\\/2026\\\/03\\\/Tatiana-Tajci-Matejas5-253x300.jpg\",\"alt\":\"\",\"caption\":\"\"},{\"url\":\"http:\\\/\\\/serbiantimes.info\\\/wp-content\\\/uploads\\\/2026\\\/03\\\/Tajci-Matejas8.jpg\",\"thumbnailUrl\":\"http:\\\/\\\/serbiantimes.info\\\/wp-content\\\/uploads\\\/2026\\\/03\\\/Tajci-Matejas8-210x300.jpg\",\"alt\":\"\",\"caption\":\"\"},{\"url\":\"http:\\\/\\\/serbiantimes.info\\\/wp-content\\\/uploads\\\/2026\\\/03\\\/Tajci-Matejas5.jpg\",\"thumbnailUrl\":\"http:\\\/\\\/serbiantimes.info\\\/wp-content\\\/uploads\\\/2026\\\/03\\\/Tajci-Matejas5-225x300.jpg\",\"alt\":\"\",\"caption\":\"\"}]\t<\/script>\n<\/figure>\n\n\n\n<p>LOOKING BACK 34 YEARS\u2026 Eurovision winner at the peak of fame decides to leave it all behind for anonymity in the U.S. Why?<\/p>\n\n\n\n<p>\u201cI started singing as a little girl. At four, I performed with a symphony orchestra at a children\u2019s song festival. I went to music school, studied piano and theory, and was drawn to theater, joining the Zagreb Youth Theater where I first performed in a musical. Winning Jugovizija was a surprise, I believe my sincerity, youthful joy, and desire to share my heart contributed to the victory\u2014along with a hit song and an orange dress.\u201d<\/p>\n\n\n\n<figure class=\"wp-block-image size-large\"><img loading=\"lazy\" decoding=\"async\" width=\"862\" height=\"1024\" src=\"http:\/\/serbiantimes.info\/wp-content\/uploads\/sites\/2\/2026\/03\/Tatiana-Tajci-Matejas9-862x1024.jpg\" alt=\"\" class=\"wp-image-203487\" srcset=\"https:\/\/serbiantimes.info\/en\/wp-content\/uploads\/sites\/2\/2026\/03\/Tatiana-Tajci-Matejas9-862x1024.jpg 862w, https:\/\/serbiantimes.info\/en\/wp-content\/uploads\/sites\/2\/2026\/03\/Tatiana-Tajci-Matejas9-252x300.jpg 252w, https:\/\/serbiantimes.info\/en\/wp-content\/uploads\/sites\/2\/2026\/03\/Tatiana-Tajci-Matejas9-768x913.jpg 768w, https:\/\/serbiantimes.info\/en\/wp-content\/uploads\/sites\/2\/2026\/03\/Tatiana-Tajci-Matejas9.jpg 1024w\" sizes=\"auto, (max-width: 862px) 100vw, 862px\" \/><\/figure>\n\n\n\n<p>CHILDHOOD AND FIRST STEPS WITH HER FATHER: Taj\u010di we remember from the 1990s<\/p>\n\n\n\n<p>\u201cFame came intensely, and I quickly became physically and emotionally exhausted. Mentally, I wasn\u2019t strong enough to process it all and wanted to step away to avoid breaking down. I went to study musical theatre in New York, which I had always wanted.\u201d<\/p>\n\n\n\n<figure class=\"wp-block-image size-full\"><img loading=\"lazy\" decoding=\"async\" width=\"922\" height=\"720\" src=\"http:\/\/serbiantimes.info\/wp-content\/uploads\/sites\/2\/2026\/03\/Tatiana-Tajci-Matejas3.jpg\" alt=\"\" class=\"wp-image-203488\" srcset=\"https:\/\/serbiantimes.info\/en\/wp-content\/uploads\/sites\/2\/2026\/03\/Tatiana-Tajci-Matejas3.jpg 922w, https:\/\/serbiantimes.info\/en\/wp-content\/uploads\/sites\/2\/2026\/03\/Tatiana-Tajci-Matejas3-300x234.jpg 300w, https:\/\/serbiantimes.info\/en\/wp-content\/uploads\/sites\/2\/2026\/03\/Tatiana-Tajci-Matejas3-768x600.jpg 768w\" sizes=\"auto, (max-width: 922px) 100vw, 922px\" \/><\/figure>\n\n\n\n<p>ADAPTING TO NEW LIFE IN NEW YORK<\/p>\n\n\n\n<p>\u201cI was 21 and excited to be at the American Musical and Dramatic Academy. The program was intense, so there wasn\u2019t time to feel nostalgic. I missed my family, my sister, and friends. Back then, no social media or internet\u2014just letters that took weeks to arrive.\u201d<\/p>\n\n\n\n<figure class=\"wp-block-image size-large\"><img loading=\"lazy\" decoding=\"async\" width=\"1024\" height=\"1024\" src=\"http:\/\/serbiantimes.info\/wp-content\/uploads\/sites\/2\/2026\/03\/Tatiana-matejas-Tajci-Foto-Blaz-Crnic-scaled-1-1024x1024.jpg\" alt=\"\" class=\"wp-image-203489\" srcset=\"https:\/\/serbiantimes.info\/en\/wp-content\/uploads\/sites\/2\/2026\/03\/Tatiana-matejas-Tajci-Foto-Blaz-Crnic-scaled-1-1024x1024.jpg 1024w, https:\/\/serbiantimes.info\/en\/wp-content\/uploads\/sites\/2\/2026\/03\/Tatiana-matejas-Tajci-Foto-Blaz-Crnic-scaled-1-300x300.jpg 300w, https:\/\/serbiantimes.info\/en\/wp-content\/uploads\/sites\/2\/2026\/03\/Tatiana-matejas-Tajci-Foto-Blaz-Crnic-scaled-1-150x150.jpg 150w, https:\/\/serbiantimes.info\/en\/wp-content\/uploads\/sites\/2\/2026\/03\/Tatiana-matejas-Tajci-Foto-Blaz-Crnic-scaled-1-768x768.jpg 768w, https:\/\/serbiantimes.info\/en\/wp-content\/uploads\/sites\/2\/2026\/03\/Tatiana-matejas-Tajci-Foto-Blaz-Crnic-scaled-1-1536x1536.jpg 1536w, https:\/\/serbiantimes.info\/en\/wp-content\/uploads\/sites\/2\/2026\/03\/Tatiana-matejas-Tajci-Foto-Blaz-Crnic-scaled-1-2048x2048.jpg 2048w, https:\/\/serbiantimes.info\/en\/wp-content\/uploads\/sites\/2\/2026\/03\/Tatiana-matejas-Tajci-Foto-Blaz-Crnic-scaled-1-600x600.jpg 600w, https:\/\/serbiantimes.info\/en\/wp-content\/uploads\/sites\/2\/2026\/03\/Tatiana-matejas-Tajci-Foto-Blaz-Crnic-scaled-1-1568x1568.jpg 1568w, https:\/\/serbiantimes.info\/en\/wp-content\/uploads\/sites\/2\/2026\/03\/Tatiana-matejas-Tajci-Foto-Blaz-Crnic-scaled-1-1200x1200.jpg 1200w\" sizes=\"auto, (max-width: 1024px) 100vw, 1024px\" \/><\/figure>\n\n\n\n<p>DISCOVERING AMERICA AND HERSELF<\/p>\n\n\n\n<p>\u201cI didn\u2019t plan to stay forever. I thought I\u2019d return to Zagreb after graduation. But New York had a magical energy, ambition, and a mindset that nothing was impossible. I loved the optimism, creativity, and the supportive community of people cheering each other on.\u201d<\/p>\n\n\n\n<figure class=\"wp-block-image size-large\"><img loading=\"lazy\" decoding=\"async\" width=\"683\" height=\"1024\" src=\"http:\/\/serbiantimes.info\/wp-content\/uploads\/sites\/2\/2026\/03\/Tajci-Matejas3-683x1024.jpg\" alt=\"\" class=\"wp-image-203492\" srcset=\"https:\/\/serbiantimes.info\/en\/wp-content\/uploads\/sites\/2\/2026\/03\/Tajci-Matejas3-683x1024.jpg 683w, https:\/\/serbiantimes.info\/en\/wp-content\/uploads\/sites\/2\/2026\/03\/Tajci-Matejas3-200x300.jpg 200w, https:\/\/serbiantimes.info\/en\/wp-content\/uploads\/sites\/2\/2026\/03\/Tajci-Matejas3-768x1151.jpg 768w, https:\/\/serbiantimes.info\/en\/wp-content\/uploads\/sites\/2\/2026\/03\/Tajci-Matejas3-1025x1536.jpg 1025w, https:\/\/serbiantimes.info\/en\/wp-content\/uploads\/sites\/2\/2026\/03\/Tajci-Matejas3-1200x1799.jpg 1200w, https:\/\/serbiantimes.info\/en\/wp-content\/uploads\/sites\/2\/2026\/03\/Tajci-Matejas3.jpg 1366w\" sizes=\"auto, (max-width: 683px) 100vw, 683px\" \/><\/figure>\n\n\n\n<p>WORKING HARD FOR DANCE CLASSES: THE NEW YORK EXPERIENCE<\/p>\n\n\n\n<p>\u201cYes, I washed mirrors and floors in a Broadway dance school\u2014but not to survive, rather to earn extra dance classes since I didn\u2019t have a work visa. That experience freed me from ego, showed me that hard work is valuable, and that my future held endless possibilities.\u201d<\/p>\n\n\n\n<figure class=\"wp-block-image size-large\"><img loading=\"lazy\" decoding=\"async\" width=\"1024\" height=\"683\" src=\"http:\/\/serbiantimes.info\/wp-content\/uploads\/sites\/2\/2026\/03\/Tajci-Matejas-1024x683.jpg\" alt=\"\" class=\"wp-image-203494\" srcset=\"https:\/\/serbiantimes.info\/en\/wp-content\/uploads\/sites\/2\/2026\/03\/Tajci-Matejas-1024x683.jpg 1024w, https:\/\/serbiantimes.info\/en\/wp-content\/uploads\/sites\/2\/2026\/03\/Tajci-Matejas-300x200.jpg 300w, https:\/\/serbiantimes.info\/en\/wp-content\/uploads\/sites\/2\/2026\/03\/Tajci-Matejas-768x512.jpg 768w, https:\/\/serbiantimes.info\/en\/wp-content\/uploads\/sites\/2\/2026\/03\/Tajci-Matejas-1536x1024.jpg 1536w, https:\/\/serbiantimes.info\/en\/wp-content\/uploads\/sites\/2\/2026\/03\/Tajci-Matejas-1568x1045.jpg 1568w, https:\/\/serbiantimes.info\/en\/wp-content\/uploads\/sites\/2\/2026\/03\/Tajci-Matejas-1200x800.jpg 1200w, https:\/\/serbiantimes.info\/en\/wp-content\/uploads\/sites\/2\/2026\/03\/Tajci-Matejas.jpg 2048w\" sizes=\"auto, (max-width: 1024px) 100vw, 1024px\" \/><\/figure>\n\n\n\n<p>FROM POP STAR TO MOTIVATIONAL SPEAKER AND SPIRITUAL MUSICIAN<\/p>\n\n\n\n<p>\u201cMy mom says I\u2019ve always been a motivational speaker. Spiritual music, for me, is any music that draws us closer to divine and sacred love.\u201d<\/p>\n\n\n\n<figure class=\"wp-block-image size-full\"><img loading=\"lazy\" decoding=\"async\" width=\"605\" height=\"717\" src=\"http:\/\/serbiantimes.info\/wp-content\/uploads\/sites\/2\/2026\/03\/Tatiana-Tajci-Matejas5.jpg\" alt=\"\" class=\"wp-image-203495\" srcset=\"https:\/\/serbiantimes.info\/en\/wp-content\/uploads\/sites\/2\/2026\/03\/Tatiana-Tajci-Matejas5.jpg 605w, https:\/\/serbiantimes.info\/en\/wp-content\/uploads\/sites\/2\/2026\/03\/Tatiana-Tajci-Matejas5-253x300.jpg 253w\" sizes=\"auto, (max-width: 605px) 100vw, 605px\" \/><\/figure>\n\n\n\n<p>FINDING HER SPIRITUAL PATH<\/p>\n\n\n\n<p>\u201cI lost myself in the image of Taj\u010di, the Barbie everyone loved. I wanted to be authentic, recognized not only as a singer but as a person with qualities and abilities. A friend invited me to an evening of poetry, music, and art in a Dominican church, and there I found a circle of people who accepted me differently. That\u2019s where my spiritual journey began.\u201d<\/p>\n\n\n\n<figure class=\"wp-block-image size-large\"><img loading=\"lazy\" decoding=\"async\" width=\"1024\" height=\"546\" src=\"http:\/\/serbiantimes.info\/wp-content\/uploads\/sites\/2\/2026\/03\/Tajci-Matejas1-1024x546.jpg\" alt=\"\" class=\"wp-image-203496\" srcset=\"https:\/\/serbiantimes.info\/en\/wp-content\/uploads\/sites\/2\/2026\/03\/Tajci-Matejas1-1024x546.jpg 1024w, https:\/\/serbiantimes.info\/en\/wp-content\/uploads\/sites\/2\/2026\/03\/Tajci-Matejas1-300x160.jpg 300w, https:\/\/serbiantimes.info\/en\/wp-content\/uploads\/sites\/2\/2026\/03\/Tajci-Matejas1-768x409.jpg 768w, https:\/\/serbiantimes.info\/en\/wp-content\/uploads\/sites\/2\/2026\/03\/Tajci-Matejas1-1536x818.jpg 1536w, https:\/\/serbiantimes.info\/en\/wp-content\/uploads\/sites\/2\/2026\/03\/Tajci-Matejas1-1568x835.jpg 1568w, https:\/\/serbiantimes.info\/en\/wp-content\/uploads\/sites\/2\/2026\/03\/Tajci-Matejas1-1200x639.jpg 1200w, https:\/\/serbiantimes.info\/en\/wp-content\/uploads\/sites\/2\/2026\/03\/Tajci-Matejas1.jpg 2048w\" sizes=\"auto, (max-width: 1024px) 100vw, 1024px\" \/><\/figure>\n\n\n\n<p>HELPING WOMEN HEAL<\/p>\n\n\n\n<p>\u201cBefore fame, at 18, I experienced sexual assault in Croatia, one reason I left. My story is about the effects of unprocessed trauma, not just one event but many smaller experiences we were taught to accept as part of growing up. Shame and self-blame followed me for years. Therapy helped me forgive myself and later my abuser, not to diminish the act, but to free myself. Today, working with women who survived sexual violence, I see the importance of speaking about it gently, without sensationalism.\u201d<\/p>\n\n\n\n<figure class=\"wp-block-image size-large\"><img loading=\"lazy\" decoding=\"async\" width=\"1024\" height=\"681\" src=\"http:\/\/serbiantimes.info\/wp-content\/uploads\/sites\/2\/2026\/03\/Tajci-Matejas2-1024x681.jpg\" alt=\"\" class=\"wp-image-203497\" srcset=\"https:\/\/serbiantimes.info\/en\/wp-content\/uploads\/sites\/2\/2026\/03\/Tajci-Matejas2-1024x681.jpg 1024w, https:\/\/serbiantimes.info\/en\/wp-content\/uploads\/sites\/2\/2026\/03\/Tajci-Matejas2-300x200.jpg 300w, https:\/\/serbiantimes.info\/en\/wp-content\/uploads\/sites\/2\/2026\/03\/Tajci-Matejas2-768x511.jpg 768w, https:\/\/serbiantimes.info\/en\/wp-content\/uploads\/sites\/2\/2026\/03\/Tajci-Matejas2-1536x1022.jpg 1536w, https:\/\/serbiantimes.info\/en\/wp-content\/uploads\/sites\/2\/2026\/03\/Tajci-Matejas2-1568x1043.jpg 1568w, https:\/\/serbiantimes.info\/en\/wp-content\/uploads\/sites\/2\/2026\/03\/Tajci-Matejas2-1200x798.jpg 1200w, https:\/\/serbiantimes.info\/en\/wp-content\/uploads\/sites\/2\/2026\/03\/Tajci-Matejas2.jpg 2048w\" sizes=\"auto, (max-width: 1024px) 100vw, 1024px\" \/><\/figure>\n\n\n\n<p>MENTORING WOMEN IN THE U.S.<\/p>\n\n\n\n<p>\u201cAfter earning my coaching certification in 2015, I volunteered as a mentor in a women\u2019s prison. Through structured programs, women learn to take responsibility for choices and free themselves from shame, prejudice, and deep fears. It\u2019s deeply fulfilling work.\u201d<\/p>\n\n\n\n<figure class=\"wp-block-image size-full\"><img loading=\"lazy\" decoding=\"async\" width=\"996\" height=\"562\" src=\"http:\/\/serbiantimes.info\/wp-content\/uploads\/sites\/2\/2026\/03\/Tajci-Foto-John-Pavlish-i-Damira-Kalajzic.jpg\" alt=\"\" class=\"wp-image-203498\" srcset=\"https:\/\/serbiantimes.info\/en\/wp-content\/uploads\/sites\/2\/2026\/03\/Tajci-Foto-John-Pavlish-i-Damira-Kalajzic.jpg 996w, https:\/\/serbiantimes.info\/en\/wp-content\/uploads\/sites\/2\/2026\/03\/Tajci-Foto-John-Pavlish-i-Damira-Kalajzic-300x169.jpg 300w, https:\/\/serbiantimes.info\/en\/wp-content\/uploads\/sites\/2\/2026\/03\/Tajci-Foto-John-Pavlish-i-Damira-Kalajzic-768x433.jpg 768w\" sizes=\"auto, (max-width: 996px) 100vw, 996px\" \/><\/figure>\n\n\n\n<p><strong>BALANCING LIFE AS A WIDOW AND SINGLE MOTHER<\/strong><\/p>\n\n\n\n<p>\u201cMy mother, friends, and neighbors helped me through the challenging period after my husband passed. My sons supported me with their maturity and responsibility, allowing our family to stay stable despite my touring schedule.\u201d<\/p>\n\n\n\n<p><strong>LIFE IN NASHVILLE<\/strong><\/p>\n\n\n\n<p>\u201cNashville has changed a lot, with more young people and dynamic energy. I love the supportive culture among musicians, performing with country artists and discovering a strong jazz scene. I feel at home here.\u201d<\/p>\n\n\n\n<p><strong>RETURNING TO THE BALKANS<\/strong><\/p>\n\n\n\n<p>\u201cThe audience can expect 1990s hits with the same emotion. The Taj\u010di they remember\u2014optimistic, cheerful, and full of energy\u2014that\u2019s still me. I come with more life experience and deeper self-understanding, but the heart is the same. I look forward to hugs, singing together, and sharing beautiful, authentic music.\u201d<\/p>\n\n\n\n<h3 class=\"wp-block-heading\"><mark style=\"background-color:#FFFFFF;color:#d21414\" class=\"has-inline-color\">MORE TOPICS:<\/mark><\/h3>\n\n\n\n<p><strong><a href=\"https:\/\/serbiantimes.info\/en\/cocaine-shipments-kept-in-the-serbian-embassy-in-lisbon-a-major-scandal-shook-serbian-diplomacy-sky-messages-revealed-the-alleged-affair\/\" target=\"_blank\" rel=\"noopener\" title=\"\">COCAINE SHIPMENTS KEPT IN THE SERBIAN EMBASSY IN LISBON? A major scandal shook Serbian diplomacy, Sky messages revealed the alleged affair!<\/a><\/strong><\/p>\n\n\n\n<p><strong><a href=\"https:\/\/serbiantimes.info\/en\/israel-launched-a-ground-invasion-of-lebanon-the-army-received-orders-to-seize-additional-territory-beirut-under-heavy-bombardment\/\" target=\"_blank\" rel=\"noopener\" title=\"\">ISRAEL LAUNCHED A GROUND INVASION OF LEBANON: The army received orders to seize additional territory, Beirut under heavy bombardment!<\/a><\/strong><\/p>\n\n\n\n<p><strong><a href=\"https:\/\/serbiantimes.info\/en\/rubio-admitted-that-israel-dragged-america-into-the-war-we-knew-that-iran-would-attack-us-when-israel-attacks-them-that-is-why-we-attacked-them-first-video\/\" target=\"_blank\" rel=\"noopener\" title=\"\">RUBIO ADMITTED THAT ISRAEL DRAGGED AMERICA INTO THE WAR? \u201eWe knew that Iran would attack us when Israel attacks them, that is why we attacked them first!\u201c (VIDEO)<\/a><\/strong><\/p>\n\n\n\n<p><strong><a href=\"https:\/\/serbiantimes.info\/en\/tucker-carlson-saudis-and-qataris-arrested-mossad-agents-for-planning-bomb-attacks-israel-wants-to-destroy-the-gulf-countries-too-video\/\" target=\"_blank\" rel=\"noopener\" title=\"\">TUCKER CARLSON: Saudis and Qataris arrested Mossad agents for planning bomb attacks, Israel wants to destroy the Gulf countries too! (VIDEO)<\/a><\/strong><\/p>\n\n\n\n<p><strong><a href=\"https:\/\/serbiantimes.info\/en\/first-footage-of-serbian-citizens-evacuated-from-dubai-200-of-them-have-just-landed-at-the-belgrade-airport-photo\/\" target=\"_blank\" rel=\"noopener\" title=\"\">FIRST FOOTAGE OF SERBIAN CITIZENS EVACUATED FROM DUBAI: 200 of them have just landed at the Belgrade airport! (PHOTO)<\/a><\/strong><\/p>\n\n\n\n<p><strong><strong>Source<\/strong><\/strong>: Antonije Kova\u010devi\u0107 <strong>Foto: <\/strong>Bla\u017e \u010crni\u010d, Igor Cecelja, John Pavlish i Damira Kalajd\u017ei\u0107<\/p>\n","protected":false},"excerpt":{"rendered":"<p>You may remember her as the Yugoslav \u201cMarilyn,\u201d a teen star of a dying country and the last Eurovision winner representing SFRY. With the breakup of the former state, Tatjana Mateja\u0161, better known as Taj\u010di, embarked on a path rarely taken by artists from our scene\u2014heading to the Big Apple, New York, to study musical [&hellip;]<\/p>\n","protected":false},"author":8,"featured_media":203498,"comment_status":"open","ping_status":"open","sticky":false,"template":"","format":"standard","meta":{"newspack_featured_image_position":"","newspack_post_subtitle":"","newspack_article_summary_title":"Overview:","newspack_article_summary":"","newspack_hide_updated_date":false,"newspack_show_updated_date":false,"footnotes":""},"categories":[9],"tags":[6543,317,11611,11612,2767,10377,11613,11614,11615,3043],"class_list":["post-203485","post","type-post","status-publish","format-standard","has-post-thumbnail","hentry","category-interview","tag-evrovizija","tag-jugoslavija","tag-jugovizija","tag-life-coach","tag-nesvil","tag-seksualno-nasilje","tag-stanko-matejas","tag-tatiana-matejas-cameron","tag-tatiana-matejas-tajci","tag-zagreb","entry"],"aioseo_notices":[],"distributor_meta":false,"distributor_terms":false,"distributor_media":false,"distributor_original_site_name":"Serbiantimes.info EN","distributor_original_site_url":"https:\/\/serbiantimes.info\/en","push-errors":false,"_links":{"self":[{"href":"https:\/\/serbiantimes.info\/en\/wp-json\/wp\/v2\/posts\/203485","targetHints":{"allow":["GET"]}}],"collection":[{"href":"https:\/\/serbiantimes.info\/en\/wp-json\/wp\/v2\/posts"}],"about":[{"href":"https:\/\/serbiantimes.info\/en\/wp-json\/wp\/v2\/types\/post"}],"author":[{"embeddable":true,"href":"https:\/\/serbiantimes.info\/en\/wp-json\/wp\/v2\/users\/8"}],"replies":[{"embeddable":true,"href":"https:\/\/serbiantimes.info\/en\/wp-json\/wp\/v2\/comments?post=203485"}],"version-history":[{"count":3,"href":"https:\/\/serbiantimes.info\/en\/wp-json\/wp\/v2\/posts\/203485\/revisions"}],"predecessor-version":[{"id":203545,"href":"https:\/\/serbiantimes.info\/en\/wp-json\/wp\/v2\/posts\/203485\/revisions\/203545"}],"wp:featuredmedia":[{"embeddable":true,"href":"https:\/\/serbiantimes.info\/en\/wp-json\/wp\/v2\/media\/203498"}],"wp:attachment":[{"href":"https:\/\/serbiantimes.info\/en\/wp-json\/wp\/v2\/media?parent=203485"}],"wp:term":[{"taxonomy":"category","embeddable":true,"href":"https:\/\/serbiantimes.info\/en\/wp-json\/wp\/v2\/categories?post=203485"},{"taxonomy":"post_tag","embeddable":true,"href":"https:\/\/serbiantimes.info\/en\/wp-json\/wp\/v2\/tags?post=203485"}],"curies":[{"name":"wp","href":"https:\/\/api.w.org\/{rel}","templated":true}]}}