{"id":203484,"date":"2026-03-06T18:38:33","date_gmt":"2026-03-06T16:38:33","guid":{"rendered":"https:\/\/serbiantimes.info\/en\/?p=203484"},"modified":"2026-03-06T18:38:34","modified_gmt":"2026-03-06T16:38:34","slug":"nato-responds-the-alliance-claims-the-bondsteel-military-base-in-kosovo-and-metohija-was-not-used-for-attacks-on-iran","status":"publish","type":"post","link":"https:\/\/serbiantimes.info\/en\/nato-responds-the-alliance-claims-the-bondsteel-military-base-in-kosovo-and-metohija-was-not-used-for-attacks-on-iran\/","title":{"rendered":"NATO RESPONDS: The Alliance claims the Bondsteel military base in Kosovo and Metohija was not used for attacks on Iran!"},"content":{"rendered":"\n<p>NATO tonight rejected claims that the \u201cBondsteel\u201d military base (Camp Bondsteel) in Kosovo and Metohija was used for U.S. attacks on Iran and pointed out that it is not participating as an organization in the current military campaign against the Iranian authorities.<\/p>\n\n\n\n<p>\u201cThat claim is false and we completely reject it,\u201d a NATO official told the Beta news agency when asked about claims on social media that missiles toward Iran were launched from the \u201cBondsteel\u201d base, which is also the operational headquarters of the KFOR mission.<\/p>\n\n\n\n<p>In a response to Beta, the NATO official stated that the Secretary General of the Western alliance, Mark Rutte, \u201chas already made it clear that NATO as an entity is not involved in the current air campaign against the Iranian regime.\u201d<\/p>\n\n\n\n<h4 class=\"wp-block-heading\"><mark style=\"background-color:#FFFFFF;color:#d21414\" class=\"has-inline-color\"><mark style=\"background-color:#FFFFFF;color:#d21414\" class=\"has-inline-color\">FIND OUT MORE:<\/mark><\/mark><\/h4>\n\n\n\n<figure class=\"wp-block-embed is-type-wp-embed is-provider-serbiantimes-info wp-block-embed-serbiantimes-info\"><div class=\"wp-block-embed__wrapper\">\n<blockquote class=\"wp-embedded-content\" data-secret=\"1aXaxY2psR\"><a href=\"https:\/\/serbiantimes.info\/ekskluzivni-intervju-tajci-pre-pobede-na-evroviziji-dozivela-sam-seksualno-nasilje-danas-pomazem-zenama-koje-su-prosle-kroz-slicne-traume-kao-i-ja-video-foto\/\">EKSKLUZIVNI INTERVJU, TAJ\u010cI: &#8222;Pre pobede na Evroviziji do\u017eivela sam seksualno nasilje, danas  poma\u017eem \u017eenama koje su pro\u0161le kroz sli\u010dne traume kao i ja (VIDEO, FOTO)<\/a><\/blockquote><iframe loading=\"lazy\" class=\"wp-embedded-content\" sandbox=\"allow-scripts\" security=\"restricted\" style=\"position: absolute; visibility: hidden;\" title=\"&#132;EKSKLUZIVNI INTERVJU, TAJ\u010cI: &#8222;Pre pobede na Evroviziji do\u017eivela sam seksualno nasilje, danas  poma\u017eem \u017eenama koje su pro\u0161le kroz sli\u010dne traume kao i ja (VIDEO, FOTO)&#147; &#8212; Serbiantimes.info\" src=\"https:\/\/serbiantimes.info\/ekskluzivni-intervju-tajci-pre-pobede-na-evroviziji-dozivela-sam-seksualno-nasilje-danas-pomazem-zenama-koje-su-prosle-kroz-slicne-traume-kao-i-ja-video-foto\/embed\/#?secret=rklR4tdSsJ#?secret=1aXaxY2psR\" data-secret=\"1aXaxY2psR\" width=\"500\" height=\"282\" frameborder=\"0\" marginwidth=\"0\" marginheight=\"0\" scrolling=\"no\"><\/iframe>\n<\/div><\/figure>\n\n\n\n<p>The Kosovo Force (KFOR) mission in Kosovo, the NATO official added, continues to carry out its mandate \u2014 to contribute to a safe and secure environment for all people living in Kosovo, based on United Nations Security Council Resolution 1244 from 1999, at all times, impartially and in close coordination with the Kosovo Police and the EULEX mission.<\/p>\n\n\n\n<p>The Western alliance official also stated that the United States has nearly 600 soldiers within the KFOR mission and that they \u201ccontinue to play a key role in supporting lasting security throughout Kosovo and regional stability,\u201d within that NATO-led mission.<\/p>\n\n\n\n<h4 class=\"wp-block-heading\"><mark style=\"background-color:#FFFFFF;color:#d21414\" class=\"has-inline-color\">MORE TOPICS:<\/mark><\/h4>\n\n\n\n<p><strong><a href=\"https:\/\/serbiantimes.info\/en\/cocaine-shipments-kept-in-the-serbian-embassy-in-lisbon-a-major-scandal-shook-serbian-diplomacy-sky-messages-revealed-the-alleged-affair\/\" target=\"_blank\" rel=\"noopener\" title=\"\">COCAINE SHIPMENTS KEPT IN THE SERBIAN EMBASSY IN LISBON? A major scandal shook Serbian diplomacy, Sky messages revealed the alleged affair!<\/a><\/strong><\/p>\n\n\n\n<p><strong><a href=\"https:\/\/serbiantimes.info\/en\/israel-launched-a-ground-invasion-of-lebanon-the-army-received-orders-to-seize-additional-territory-beirut-under-heavy-bombardment\/\" target=\"_blank\" rel=\"noopener\" title=\"\">ISRAEL LAUNCHED A GROUND INVASION OF LEBANON: The army received orders to seize additional territory, Beirut under heavy bombardment!<\/a><\/strong><\/p>\n\n\n\n<p><strong><a href=\"https:\/\/serbiantimes.info\/en\/rubio-admitted-that-israel-dragged-america-into-the-war-we-knew-that-iran-would-attack-us-when-israel-attacks-them-that-is-why-we-attacked-them-first-video\/\" target=\"_blank\" rel=\"noopener\" title=\"\">RUBIO ADMITTED THAT ISRAEL DRAGGED AMERICA INTO THE WAR? \u201eWe knew that Iran would attack us when Israel attacks them, that is why we attacked them first!\u201c (VIDEO)<\/a><\/strong><\/p>\n\n\n\n<p><strong><a href=\"https:\/\/serbiantimes.info\/en\/tucker-carlson-saudis-and-qataris-arrested-mossad-agents-for-planning-bomb-attacks-israel-wants-to-destroy-the-gulf-countries-too-video\/\" target=\"_blank\" rel=\"noopener\" title=\"\">TUCKER CARLSON: Saudis and Qataris arrested Mossad agents for planning bomb attacks, Israel wants to destroy the Gulf countries too! (VIDEO)<\/a><\/strong><\/p>\n\n\n\n<p><strong><a href=\"https:\/\/serbiantimes.info\/en\/first-footage-of-serbian-citizens-evacuated-from-dubai-200-of-them-have-just-landed-at-the-belgrade-airport-photo\/\" target=\"_blank\" rel=\"noopener\" title=\"\">FIRST FOOTAGE OF SERBIAN CITIZENS EVACUATED FROM DUBAI: 200 of them have just landed at the Belgrade airport! (PHOTO)<\/a><\/strong><\/p>\n\n\n\n<p><strong><strong>Source<\/strong><\/strong>: <a href=\"https:\/\/nova.rs\/vesti\/svet\/oglasio-se-nato-o-navodima-da-je-bondstil-koriscen-za-napade-na-iran\/\" target=\"_blank\" rel=\"noopener\" title=\"\">Nova.rs<\/a>; <strong>Foto<\/strong>: Wikimedia Creative Commons<\/p>\n","protected":false},"excerpt":{"rendered":"<p>NATO tonight rejected claims that the \u201cBondsteel\u201d military base (Camp Bondsteel) in Kosovo and Metohija was used for U.S. attacks on Iran and pointed out that it is not participating as an organization in the current military campaign against the Iranian authorities. \u201cThat claim is false and we completely reject it,\u201d a NATO official told [&hellip;]<\/p>\n","protected":false},"author":2169,"featured_media":201907,"comment_status":"open","ping_status":"open","sticky":false,"template":"","format":"standard","meta":{"newspack_featured_image_position":"","newspack_post_subtitle":"","newspack_article_summary_title":"Overview:","newspack_article_summary":"","newspack_hide_updated_date":false,"newspack_show_updated_date":false,"footnotes":""},"categories":[70],"tags":[5757,75,108,109,7080,77,113],"class_list":["post-203484","post","type-post","status-publish","format-standard","has-post-thumbnail","hentry","category-aktuelno","tag-bondstil","tag-iran","tag-kosovo","tag-kosovo-i-metohija","tag-napad-na-iran","tag-nato","tag-srbija","entry"],"aioseo_notices":[],"distributor_meta":false,"distributor_terms":false,"distributor_media":false,"distributor_original_site_name":"Serbiantimes.info EN","distributor_original_site_url":"https:\/\/serbiantimes.info\/en","push-errors":false,"_links":{"self":[{"href":"https:\/\/serbiantimes.info\/en\/wp-json\/wp\/v2\/posts\/203484","targetHints":{"allow":["GET"]}}],"collection":[{"href":"https:\/\/serbiantimes.info\/en\/wp-json\/wp\/v2\/posts"}],"about":[{"href":"https:\/\/serbiantimes.info\/en\/wp-json\/wp\/v2\/types\/post"}],"author":[{"embeddable":true,"href":"https:\/\/serbiantimes.info\/en\/wp-json\/wp\/v2\/users\/2169"}],"replies":[{"embeddable":true,"href":"https:\/\/serbiantimes.info\/en\/wp-json\/wp\/v2\/comments?post=203484"}],"version-history":[{"count":2,"href":"https:\/\/serbiantimes.info\/en\/wp-json\/wp\/v2\/posts\/203484\/revisions"}],"predecessor-version":[{"id":203539,"href":"https:\/\/serbiantimes.info\/en\/wp-json\/wp\/v2\/posts\/203484\/revisions\/203539"}],"wp:featuredmedia":[{"embeddable":true,"href":"https:\/\/serbiantimes.info\/en\/wp-json\/wp\/v2\/media\/201907"}],"wp:attachment":[{"href":"https:\/\/serbiantimes.info\/en\/wp-json\/wp\/v2\/media?parent=203484"}],"wp:term":[{"taxonomy":"category","embeddable":true,"href":"https:\/\/serbiantimes.info\/en\/wp-json\/wp\/v2\/categories?post=203484"},{"taxonomy":"post_tag","embeddable":true,"href":"https:\/\/serbiantimes.info\/en\/wp-json\/wp\/v2\/tags?post=203484"}],"curies":[{"name":"wp","href":"https:\/\/api.w.org\/{rel}","templated":true}]}}